{"id":8597,"date":"2024-12-22T08:20:07","date_gmt":"2024-12-22T08:20:07","guid":{"rendered":"https:\/\/lavocedelpaese.info\/index.php\/2024\/12\/22\/il-dono-di-se-allaltro-al-pertini-anelli-pinto\/"},"modified":"2024-12-22T08:20:07","modified_gmt":"2024-12-22T08:20:07","slug":"il-dono-di-se-allaltro-al-pertini-anelli-pinto","status":"publish","type":"post","link":"https:\/\/lavocedelpaese.info\/index.php\/2024\/12\/22\/il-dono-di-se-allaltro-al-pertini-anelli-pinto\/","title":{"rendered":"Il dono di s\u00e9 all\u2019altro al \u201cPertini Anelli Pinto\u201d\u00a0\u200b"},"content":{"rendered":"<p>\u00a0<\/p>\n<p>\u200b\u00a0<\/p>\n<p>\u200b\u00a0<\/p>\n<div><\/div>\n<p>La \u201csolidariet\u00e0\u201d ha tante sfaccettature: \u00e8 accoglienza, inclusione ed anche dono. Ognuno di questi aspetti viene coltivato sia nelle ore di insegnamento curriculare sia nei tanti progetti extracurriculari perch\u00e9 si radichi nella personalit\u00e0 di ciascuno studente dell\u2019IISS \u201cPertini Anelli Pinto\u201d. <\/p>\n<p>Anche quest\u2019anno gli alunni dell\u2019Istituto, che insiste nei territori di Turi e Castellana, guidati dalla <strong>prof.ssa Maria Virginia Rossi<\/strong> attraverso il progetto <strong>\u201cNatale della solidariet\u00e0; a Natale un dono per l\u2019altro\u201d<\/strong> hanno acquisito consapevolezza rispetto alle necessit\u00e0 delle fasce pi\u00f9 fragili della popolazione che hanno bisogno ascolto, vicinanza e di supporto. <br \/>Un seminario di approfondimento con i responsabili della Caritas locale li ha introdotti alla responsabilit\u00e0 che ciascun cittadino ha nei confronti delle problematiche che interessano la nostra societ\u00e0. Si \u00e8 sottolineato il grandissimo bisogno di ascolto che le fasce pi\u00f9 isolate della popolazione hanno. Esse sono spesso relegate ai margini, ignorate da molti e alle volte la loro condizione \u00e8 talmente opprimente da essere vissuta come ineluttabile. Occorre essere ed esserci per loro con una parola di conforto, una mano tesa, un piccolo gesto di solidariet\u00e0 e vicinanza. Gli alunni, le loro famiglie e il personale della scuola, negli scorsi giorni hanno raccolto generi di prima necessit\u00e0 da donare a chi in questo particolare periodo dell\u2019anno vive la difficolt\u00e0 di poter offrire un pasto decoroso ai propri amati. <br \/>L\u2019impatto di questo percorso di sensibilizzazione \u00e8 stato cos\u00ec importante da indurre alcuni dei ragazzi a manifestare il desiderio di poter servire i pasti alla \u201cCasa della carit\u00e0\u201d che si \u00e8 aperta ad agosto nel comune di Turi e, in alcuni periodi dell\u2019anno, elargisce pasti gratuiti a coloro che ne hanno bisogno.<\/p>\n<p>Essere cittadini attivi e responsabili non \u00e8 semplice, occorre che si investa tempo, dedizione e cura verso ciascuno studente perch\u00e9 i semi dell\u2019altruismo, del rispetto, dell\u2019accettazione possano germogliare e produrre una societ\u00e0 attenta, sensibile e davvero inclusiva.<\/p>\n<p><a class=\"a2a_button_facebook\" href=\"https:\/\/www.addtoany.com\/add_to\/facebook?linkurl=https%3A%2F%2Fturi.lavocedelpaese.info%2Fil-dono-di-se-allaltro-al-pertini-anelli-pinto%2F&amp;linkname=Il%20dono%20di%20s%C3%A9%20all%E2%80%99altro%20al%20%E2%80%9CPertini%20Anelli%20Pinto%E2%80%9D\" title=\"Facebook\" rel=\"nofollow noopener\" target=\"_blank\"><\/a><a class=\"a2a_button_twitter\" href=\"https:\/\/www.addtoany.com\/add_to\/twitter?linkurl=https%3A%2F%2Fturi.lavocedelpaese.info%2Fil-dono-di-se-allaltro-al-pertini-anelli-pinto%2F&amp;linkname=Il%20dono%20di%20s%C3%A9%20all%E2%80%99altro%20al%20%E2%80%9CPertini%20Anelli%20Pinto%E2%80%9D\" title=\"Twitter\" rel=\"nofollow noopener\" target=\"_blank\"><\/a><a class=\"a2a_button_whatsapp\" href=\"https:\/\/www.addtoany.com\/add_to\/whatsapp?linkurl=https%3A%2F%2Fturi.lavocedelpaese.info%2Fil-dono-di-se-allaltro-al-pertini-anelli-pinto%2F&amp;linkname=Il%20dono%20di%20s%C3%A9%20all%E2%80%99altro%20al%20%E2%80%9CPertini%20Anelli%20Pinto%E2%80%9D\" title=\"WhatsApp\" rel=\"nofollow noopener\" target=\"_blank\"><\/a><a class=\"a2a_button_telegram\" href=\"https:\/\/www.addtoany.com\/add_to\/telegram?linkurl=https%3A%2F%2Fturi.lavocedelpaese.info%2Fil-dono-di-se-allaltro-al-pertini-anelli-pinto%2F&amp;linkname=Il%20dono%20di%20s%C3%A9%20all%E2%80%99altro%20al%20%E2%80%9CPertini%20Anelli%20Pinto%E2%80%9D\" title=\"Telegram\" rel=\"nofollow noopener\" target=\"_blank\"><\/a><a class=\"a2a_button_email\" href=\"https:\/\/www.addtoany.com\/add_to\/email?linkurl=https%3A%2F%2Fturi.lavocedelpaese.info%2Fil-dono-di-se-allaltro-al-pertini-anelli-pinto%2F&amp;linkname=Il%20dono%20di%20s%C3%A9%20all%E2%80%99altro%20al%20%E2%80%9CPertini%20Anelli%20Pinto%E2%80%9D\" title=\"Email\" rel=\"nofollow noopener\" target=\"_blank\"><\/a><\/p>\n<p>L&#8217;articolo <a href=\"https:\/\/turi.lavocedelpaese.info\/il-dono-di-se-allaltro-al-pertini-anelli-pinto\/\">Il dono di s\u00e9 all\u2019altro al \u201cPertini Anelli Pinto\u201d<\/a> proviene da <a href=\"https:\/\/turi.lavocedelpaese.info\/\">Turi &#8211; La Voce del Paese<\/a>.<\/p>\n<p>\u00a0<\/p>\n<p>\u00a0<\/p>\n<p>\u200b\u00a0\u00a0\u00a0<\/p>","protected":false},"excerpt":{"rendered":"<p>\u00a0 \u200b\u00a0 \u200b\u00a0 La \u201csolidariet\u00e0\u201d ha tante sfaccettature: \u00e8 accoglienza, inclusione ed anche dono. Ognuno di questi aspetti viene coltivato<\/p>\n","protected":false},"author":0,"featured_media":730,"comment_status":"open","ping_status":"closed","sticky":false,"template":"","format":"standard","meta":{"colormag_page_container_layout":"default_layout","colormag_page_sidebar_layout":"default_layout","footnotes":""},"categories":[33],"tags":[],"class_list":["post-8597","post","type-post","status-publish","format-standard","has-post-thumbnail","hentry","category-network"],"yoast_head":"<!-- This site is optimized with the Yoast SEO plugin v27.5 - https:\/\/yoast.com\/product\/yoast-seo-wordpress\/ -->\n<title>Il dono di s\u00e9 all\u2019altro al \u201cPertini Anelli Pinto\u201d\u00a0\u200b - La Voce del Paese<\/title>\n<meta name=\"robots\" content=\"index, follow, max-snippet:-1, max-image-preview:large, max-video-preview:-1\" \/>\n<link rel=\"canonical\" href=\"https:\/\/lavocedelpaese.info\/index.php\/2024\/12\/22\/il-dono-di-se-allaltro-al-pertini-anelli-pinto\/\" \/>\n<meta property=\"og:locale\" content=\"it_IT\" \/>\n<meta property=\"og:type\" content=\"article\" \/>\n<meta property=\"og:title\" content=\"Il dono di s\u00e9 all\u2019altro al \u201cPertini Anelli Pinto\u201d\u00a0\u200b - La Voce del Paese\" \/>\n<meta property=\"og:description\" content=\"\u00a0 \u200b\u00a0 \u200b\u00a0 La \u201csolidariet\u00e0\u201d ha tante sfaccettature: \u00e8 accoglienza, inclusione ed anche dono. Ognuno di questi aspetti viene coltivato\" \/>\n<meta property=\"og:url\" content=\"https:\/\/lavocedelpaese.info\/index.php\/2024\/12\/22\/il-dono-di-se-allaltro-al-pertini-anelli-pinto\/\" \/>\n<meta property=\"og:site_name\" content=\"La Voce del Paese\" \/>\n<meta property=\"article:publisher\" content=\"https:\/\/www.facebook.com\/lavocedelpaese.info\" \/>\n<meta property=\"article:published_time\" content=\"2024-12-22T08:20:07+00:00\" \/>\n<meta name=\"twitter:card\" content=\"summary_large_image\" \/>\n<meta name=\"twitter:label1\" content=\"Tempo di lettura stimato\" \/>\n\t<meta name=\"twitter:data1\" content=\"2 minuti\" \/>\n<script type=\"application\/ld+json\" class=\"yoast-schema-graph\">{\"@context\":\"https:\\\/\\\/schema.org\",\"@graph\":[{\"@type\":\"Article\",\"@id\":\"https:\\\/\\\/lavocedelpaese.info\\\/index.php\\\/2024\\\/12\\\/22\\\/il-dono-di-se-allaltro-al-pertini-anelli-pinto\\\/#article\",\"isPartOf\":{\"@id\":\"https:\\\/\\\/lavocedelpaese.info\\\/index.php\\\/2024\\\/12\\\/22\\\/il-dono-di-se-allaltro-al-pertini-anelli-pinto\\\/\"},\"author\":{\"name\":\"\",\"@id\":\"\"},\"headline\":\"Il dono di s\u00e9 all\u2019altro al \u201cPertini Anelli Pinto\u201d\u00a0\u200b\",\"datePublished\":\"2024-12-22T08:20:07+00:00\",\"mainEntityOfPage\":{\"@id\":\"https:\\\/\\\/lavocedelpaese.info\\\/index.php\\\/2024\\\/12\\\/22\\\/il-dono-di-se-allaltro-al-pertini-anelli-pinto\\\/\"},\"wordCount\":342,\"commentCount\":0,\"publisher\":{\"@id\":\"https:\\\/\\\/lavocedelpaese.info\\\/#organization\"},\"image\":{\"@id\":\"https:\\\/\\\/lavocedelpaese.info\\\/index.php\\\/2024\\\/12\\\/22\\\/il-dono-di-se-allaltro-al-pertini-anelli-pinto\\\/#primaryimage\"},\"thumbnailUrl\":\"https:\\\/\\\/lavocedelpaese.info\\\/wp-content\\\/uploads\\\/2023\\\/01\\\/logo-150-127.png\",\"articleSection\":[\"network\"],\"inLanguage\":\"it-IT\",\"potentialAction\":[{\"@type\":\"CommentAction\",\"name\":\"Comment\",\"target\":[\"https:\\\/\\\/lavocedelpaese.info\\\/index.php\\\/2024\\\/12\\\/22\\\/il-dono-di-se-allaltro-al-pertini-anelli-pinto\\\/#respond\"]}]},{\"@type\":\"WebPage\",\"@id\":\"https:\\\/\\\/lavocedelpaese.info\\\/index.php\\\/2024\\\/12\\\/22\\\/il-dono-di-se-allaltro-al-pertini-anelli-pinto\\\/\",\"url\":\"https:\\\/\\\/lavocedelpaese.info\\\/index.php\\\/2024\\\/12\\\/22\\\/il-dono-di-se-allaltro-al-pertini-anelli-pinto\\\/\",\"name\":\"Il dono di s\u00e9 all\u2019altro al \u201cPertini Anelli Pinto\u201d\u00a0\u200b - La Voce del Paese\",\"isPartOf\":{\"@id\":\"https:\\\/\\\/lavocedelpaese.info\\\/#website\"},\"primaryImageOfPage\":{\"@id\":\"https:\\\/\\\/lavocedelpaese.info\\\/index.php\\\/2024\\\/12\\\/22\\\/il-dono-di-se-allaltro-al-pertini-anelli-pinto\\\/#primaryimage\"},\"image\":{\"@id\":\"https:\\\/\\\/lavocedelpaese.info\\\/index.php\\\/2024\\\/12\\\/22\\\/il-dono-di-se-allaltro-al-pertini-anelli-pinto\\\/#primaryimage\"},\"thumbnailUrl\":\"https:\\\/\\\/lavocedelpaese.info\\\/wp-content\\\/uploads\\\/2023\\\/01\\\/logo-150-127.png\",\"datePublished\":\"2024-12-22T08:20:07+00:00\",\"breadcrumb\":{\"@id\":\"https:\\\/\\\/lavocedelpaese.info\\\/index.php\\\/2024\\\/12\\\/22\\\/il-dono-di-se-allaltro-al-pertini-anelli-pinto\\\/#breadcrumb\"},\"inLanguage\":\"it-IT\",\"potentialAction\":[{\"@type\":\"ReadAction\",\"target\":[\"https:\\\/\\\/lavocedelpaese.info\\\/index.php\\\/2024\\\/12\\\/22\\\/il-dono-di-se-allaltro-al-pertini-anelli-pinto\\\/\"]}]},{\"@type\":\"ImageObject\",\"inLanguage\":\"it-IT\",\"@id\":\"https:\\\/\\\/lavocedelpaese.info\\\/index.php\\\/2024\\\/12\\\/22\\\/il-dono-di-se-allaltro-al-pertini-anelli-pinto\\\/#primaryimage\",\"url\":\"https:\\\/\\\/lavocedelpaese.info\\\/wp-content\\\/uploads\\\/2023\\\/01\\\/logo-150-127.png\",\"contentUrl\":\"https:\\\/\\\/lavocedelpaese.info\\\/wp-content\\\/uploads\\\/2023\\\/01\\\/logo-150-127.png\",\"width\":150,\"height\":127},{\"@type\":\"BreadcrumbList\",\"@id\":\"https:\\\/\\\/lavocedelpaese.info\\\/index.php\\\/2024\\\/12\\\/22\\\/il-dono-di-se-allaltro-al-pertini-anelli-pinto\\\/#breadcrumb\",\"itemListElement\":[{\"@type\":\"ListItem\",\"position\":1,\"name\":\"Home\",\"item\":\"https:\\\/\\\/lavocedelpaese.info\\\/\"},{\"@type\":\"ListItem\",\"position\":2,\"name\":\"Il dono di s\u00e9 all\u2019altro al \u201cPertini Anelli Pinto\u201d\u00a0\u200b\"}]},{\"@type\":\"WebSite\",\"@id\":\"https:\\\/\\\/lavocedelpaese.info\\\/#website\",\"url\":\"https:\\\/\\\/lavocedelpaese.info\\\/\",\"name\":\"La Voce del Paese\",\"description\":\"Un network di idee\",\"publisher\":{\"@id\":\"https:\\\/\\\/lavocedelpaese.info\\\/#organization\"},\"potentialAction\":[{\"@type\":\"SearchAction\",\"target\":{\"@type\":\"EntryPoint\",\"urlTemplate\":\"https:\\\/\\\/lavocedelpaese.info\\\/?s={search_term_string}\"},\"query-input\":{\"@type\":\"PropertyValueSpecification\",\"valueRequired\":true,\"valueName\":\"search_term_string\"}}],\"inLanguage\":\"it-IT\"},{\"@type\":\"Organization\",\"@id\":\"https:\\\/\\\/lavocedelpaese.info\\\/#organization\",\"name\":\"La Voce del Paese\",\"url\":\"https:\\\/\\\/lavocedelpaese.info\\\/\",\"logo\":{\"@type\":\"ImageObject\",\"inLanguage\":\"it-IT\",\"@id\":\"https:\\\/\\\/lavocedelpaese.info\\\/#\\\/schema\\\/logo\\\/image\\\/\",\"url\":\"https:\\\/\\\/lavocedelpaese.info\\\/wp-content\\\/uploads\\\/2023\\\/01\\\/cropped-logo-150-127.png\",\"contentUrl\":\"https:\\\/\\\/lavocedelpaese.info\\\/wp-content\\\/uploads\\\/2023\\\/01\\\/cropped-logo-150-127.png\",\"width\":137,\"height\":119,\"caption\":\"La Voce del Paese\"},\"image\":{\"@id\":\"https:\\\/\\\/lavocedelpaese.info\\\/#\\\/schema\\\/logo\\\/image\\\/\"},\"sameAs\":[\"https:\\\/\\\/www.facebook.com\\\/lavocedelpaese.info\"]}]}<\/script>\n<!-- \/ Yoast SEO plugin. -->","yoast_head_json":{"title":"Il dono di s\u00e9 all\u2019altro al \u201cPertini Anelli Pinto\u201d\u00a0\u200b - La Voce del Paese","robots":{"index":"index","follow":"follow","max-snippet":"max-snippet:-1","max-image-preview":"max-image-preview:large","max-video-preview":"max-video-preview:-1"},"canonical":"https:\/\/lavocedelpaese.info\/index.php\/2024\/12\/22\/il-dono-di-se-allaltro-al-pertini-anelli-pinto\/","og_locale":"it_IT","og_type":"article","og_title":"Il dono di s\u00e9 all\u2019altro al \u201cPertini Anelli Pinto\u201d\u00a0\u200b - La Voce del Paese","og_description":"\u00a0 \u200b\u00a0 \u200b\u00a0 La \u201csolidariet\u00e0\u201d ha tante sfaccettature: \u00e8 accoglienza, inclusione ed anche dono. Ognuno di questi aspetti viene coltivato","og_url":"https:\/\/lavocedelpaese.info\/index.php\/2024\/12\/22\/il-dono-di-se-allaltro-al-pertini-anelli-pinto\/","og_site_name":"La Voce del Paese","article_publisher":"https:\/\/www.facebook.com\/lavocedelpaese.info","article_published_time":"2024-12-22T08:20:07+00:00","twitter_card":"summary_large_image","twitter_misc":{"Tempo di lettura stimato":"2 minuti"},"schema":{"@context":"https:\/\/schema.org","@graph":[{"@type":"Article","@id":"https:\/\/lavocedelpaese.info\/index.php\/2024\/12\/22\/il-dono-di-se-allaltro-al-pertini-anelli-pinto\/#article","isPartOf":{"@id":"https:\/\/lavocedelpaese.info\/index.php\/2024\/12\/22\/il-dono-di-se-allaltro-al-pertini-anelli-pinto\/"},"author":{"name":"","@id":""},"headline":"Il dono di s\u00e9 all\u2019altro al \u201cPertini Anelli Pinto\u201d\u00a0\u200b","datePublished":"2024-12-22T08:20:07+00:00","mainEntityOfPage":{"@id":"https:\/\/lavocedelpaese.info\/index.php\/2024\/12\/22\/il-dono-di-se-allaltro-al-pertini-anelli-pinto\/"},"wordCount":342,"commentCount":0,"publisher":{"@id":"https:\/\/lavocedelpaese.info\/#organization"},"image":{"@id":"https:\/\/lavocedelpaese.info\/index.php\/2024\/12\/22\/il-dono-di-se-allaltro-al-pertini-anelli-pinto\/#primaryimage"},"thumbnailUrl":"https:\/\/lavocedelpaese.info\/wp-content\/uploads\/2023\/01\/logo-150-127.png","articleSection":["network"],"inLanguage":"it-IT","potentialAction":[{"@type":"CommentAction","name":"Comment","target":["https:\/\/lavocedelpaese.info\/index.php\/2024\/12\/22\/il-dono-di-se-allaltro-al-pertini-anelli-pinto\/#respond"]}]},{"@type":"WebPage","@id":"https:\/\/lavocedelpaese.info\/index.php\/2024\/12\/22\/il-dono-di-se-allaltro-al-pertini-anelli-pinto\/","url":"https:\/\/lavocedelpaese.info\/index.php\/2024\/12\/22\/il-dono-di-se-allaltro-al-pertini-anelli-pinto\/","name":"Il dono di s\u00e9 all\u2019altro al \u201cPertini Anelli Pinto\u201d\u00a0\u200b - La Voce del Paese","isPartOf":{"@id":"https:\/\/lavocedelpaese.info\/#website"},"primaryImageOfPage":{"@id":"https:\/\/lavocedelpaese.info\/index.php\/2024\/12\/22\/il-dono-di-se-allaltro-al-pertini-anelli-pinto\/#primaryimage"},"image":{"@id":"https:\/\/lavocedelpaese.info\/index.php\/2024\/12\/22\/il-dono-di-se-allaltro-al-pertini-anelli-pinto\/#primaryimage"},"thumbnailUrl":"https:\/\/lavocedelpaese.info\/wp-content\/uploads\/2023\/01\/logo-150-127.png","datePublished":"2024-12-22T08:20:07+00:00","breadcrumb":{"@id":"https:\/\/lavocedelpaese.info\/index.php\/2024\/12\/22\/il-dono-di-se-allaltro-al-pertini-anelli-pinto\/#breadcrumb"},"inLanguage":"it-IT","potentialAction":[{"@type":"ReadAction","target":["https:\/\/lavocedelpaese.info\/index.php\/2024\/12\/22\/il-dono-di-se-allaltro-al-pertini-anelli-pinto\/"]}]},{"@type":"ImageObject","inLanguage":"it-IT","@id":"https:\/\/lavocedelpaese.info\/index.php\/2024\/12\/22\/il-dono-di-se-allaltro-al-pertini-anelli-pinto\/#primaryimage","url":"https:\/\/lavocedelpaese.info\/wp-content\/uploads\/2023\/01\/logo-150-127.png","contentUrl":"https:\/\/lavocedelpaese.info\/wp-content\/uploads\/2023\/01\/logo-150-127.png","width":150,"height":127},{"@type":"BreadcrumbList","@id":"https:\/\/lavocedelpaese.info\/index.php\/2024\/12\/22\/il-dono-di-se-allaltro-al-pertini-anelli-pinto\/#breadcrumb","itemListElement":[{"@type":"ListItem","position":1,"name":"Home","item":"https:\/\/lavocedelpaese.info\/"},{"@type":"ListItem","position":2,"name":"Il dono di s\u00e9 all\u2019altro al \u201cPertini Anelli Pinto\u201d\u00a0\u200b"}]},{"@type":"WebSite","@id":"https:\/\/lavocedelpaese.info\/#website","url":"https:\/\/lavocedelpaese.info\/","name":"La Voce del Paese","description":"Un network di idee","publisher":{"@id":"https:\/\/lavocedelpaese.info\/#organization"},"potentialAction":[{"@type":"SearchAction","target":{"@type":"EntryPoint","urlTemplate":"https:\/\/lavocedelpaese.info\/?s={search_term_string}"},"query-input":{"@type":"PropertyValueSpecification","valueRequired":true,"valueName":"search_term_string"}}],"inLanguage":"it-IT"},{"@type":"Organization","@id":"https:\/\/lavocedelpaese.info\/#organization","name":"La Voce del Paese","url":"https:\/\/lavocedelpaese.info\/","logo":{"@type":"ImageObject","inLanguage":"it-IT","@id":"https:\/\/lavocedelpaese.info\/#\/schema\/logo\/image\/","url":"https:\/\/lavocedelpaese.info\/wp-content\/uploads\/2023\/01\/cropped-logo-150-127.png","contentUrl":"https:\/\/lavocedelpaese.info\/wp-content\/uploads\/2023\/01\/cropped-logo-150-127.png","width":137,"height":119,"caption":"La Voce del Paese"},"image":{"@id":"https:\/\/lavocedelpaese.info\/#\/schema\/logo\/image\/"},"sameAs":["https:\/\/www.facebook.com\/lavocedelpaese.info"]}]}},"_links":{"self":[{"href":"https:\/\/lavocedelpaese.info\/index.php\/wp-json\/wp\/v2\/posts\/8597","targetHints":{"allow":["GET"]}}],"collection":[{"href":"https:\/\/lavocedelpaese.info\/index.php\/wp-json\/wp\/v2\/posts"}],"about":[{"href":"https:\/\/lavocedelpaese.info\/index.php\/wp-json\/wp\/v2\/types\/post"}],"replies":[{"embeddable":true,"href":"https:\/\/lavocedelpaese.info\/index.php\/wp-json\/wp\/v2\/comments?post=8597"}],"version-history":[{"count":0,"href":"https:\/\/lavocedelpaese.info\/index.php\/wp-json\/wp\/v2\/posts\/8597\/revisions"}],"wp:featuredmedia":[{"embeddable":true,"href":"https:\/\/lavocedelpaese.info\/index.php\/wp-json\/wp\/v2\/media\/730"}],"wp:attachment":[{"href":"https:\/\/lavocedelpaese.info\/index.php\/wp-json\/wp\/v2\/media?parent=8597"}],"wp:term":[{"taxonomy":"category","embeddable":true,"href":"https:\/\/lavocedelpaese.info\/index.php\/wp-json\/wp\/v2\/categories?post=8597"},{"taxonomy":"post_tag","embeddable":true,"href":"https:\/\/lavocedelpaese.info\/index.php\/wp-json\/wp\/v2\/tags?post=8597"}],"curies":[{"name":"wp","href":"https:\/\/api.w.org\/{rel}","templated":true}]}}