{"id":8585,"date":"2024-12-20T12:16:12","date_gmt":"2024-12-20T12:16:12","guid":{"rendered":"https:\/\/lavocedelpaese.info\/index.php\/2024\/12\/20\/continuo-a-lavorare-per-turi-con-dedizione-e-responsabilita\/"},"modified":"2024-12-20T12:16:12","modified_gmt":"2024-12-20T12:16:12","slug":"continuo-a-lavorare-per-turi-con-dedizione-e-responsabilita","status":"publish","type":"post","link":"https:\/\/lavocedelpaese.info\/index.php\/2024\/12\/20\/continuo-a-lavorare-per-turi-con-dedizione-e-responsabilita\/","title":{"rendered":"\u201cContinuo a lavorare per Turi con dedizione e responsabilit\u00e0\u201d\u00a0\u200b"},"content":{"rendered":"<p>\u00a0<\/p>\n<p>\u200b\u00a0<\/p>\n<p>\u200b\u00a0<\/p>\n<div><\/div>\n<h4 class=\"wp-block-heading\"><strong>Il consigliere Paolo Tundo risponde alle critiche per il mancato incarico assessorile e illustra i progetti per migliorare i servizi offerti alla comunit\u00e0<\/strong><\/h4>\n<p>\u00abConvivo quotidianamente con le critiche di chi mi \u201crinfaccia\u201d di non essere assessore. I cittadini che hanno riposto la loro fiducia in me si aspettavano che, nel rispetto della volont\u00e0 politica, entrassi a far parte della Giunta. Purtroppo, ci\u00f2 non \u00e8 accaduto, poich\u00e9 il sindaco ha scelto la formula della \u201cstaffetta\u201d, impegnandosi formalmente a conferirmi l\u2019incarico assessorile a met\u00e0 mandato\u00bb. Cos\u00ec inizia la chiacchierata con Paolo Tundo, consigliere di maggioranza, che tiene a mettere in chiaro con gli elettori la sua posizione.<\/p>\n<p>\u00abIn politica \u2013 aggiunge \u2013 a volte bisogna fare dei sacrifici. Io li sto facendo oggi per il bene dell\u2019Amministrazione e della comunit\u00e0. Pur non facendo parte della Giunta, dove sono rappresentato dal sindaco, sto lavorando con impegno e grande senso di responsabilit\u00e0 per portare avanti al meglio le deleghe affidatemi\u00bb.<\/p>\n<p>Chiarita la sua posizione politica, Tundo ci accompagna in un approfondimento sulle deleghe che segue direttamente (servizi sociali, sanit\u00e0, rapporti con le forze armate e tutela degli animali d\u2019affezione), raccontando i progetti in corso e gli obiettivi futuri.<\/p>\n<h4 class=\"wp-block-heading\"><strong>Nuova Stazione dei Carabinieri, una priorit\u00e0 per sicurezza e decoro<\/strong><\/h4>\n<p>\u00abLa caserma dei Carabinieri ha sempre rappresentato per me una priorit\u00e0, sia per motivi legati alla sicurezza, sia per dare il giusto decoro all\u2019Arma dei Carabinieri e per assicurare la piena accessibilit\u00e0 ai cittadini\u00bb \u2013 ribadisce il consigliere Tundo.<\/p>\n<p>\u00abLa questione risale al 2012, quando il Ministero dell\u2019Interno approv\u00f2 un finanziamento di 2 milioni di euro destinato all\u2019abbattimento, ristrutturazione e ampliamento della \u201cvecchia caserma\u201d, situata nei pressi di Largo Pozzi. Tuttavia, i ritardi burocratici hanno complicato il percorso.<br \/>A luglio del 2024 \u2013 spiega \u2013 subito dopo l\u2019insediamento dell\u2019Amministrazione De Tomaso, mi sono recato presso il Provveditorato Interregionale delle Opere Pubbliche per incontrare l\u2019ingegnere Di Monte, responsabile del procedimento. Durante il colloquio \u00e8 emerso che, a causa dei tempi tecnici, il termine ultimo per l\u2019ammissibilit\u00e0 della spesa \u2013 fissato al 31 dicembre 2023 \u2013 \u00e8 stato superato.<br \/>Per ovviare a questa situazione, il finanziamento sar\u00e0 trasferito sul Fondo del Programma Operativo Complementare (POC) \u201cLegalit\u00e0\u201d\u00bb.<\/p>\n<p>\u00abIl sindaco \u2013 chiosa \u2013 ha gi\u00e0 inviato una comunicazione ufficiale al Ministero dell\u2019Interno e al Provveditorato delle Opere Pubbliche per sollecitare questa conversione del finanziamento. Confidiamo di ricevere presto buone notizie, cos\u00ec da procedere con un progetto che riteniamo essenziale per la nostra comunit\u00e0\u00bb.<\/p>\n<h4 class=\"wp-block-heading\"><strong>Sanit\u00e0: l\u2019ex cinema Zaccheo diventer\u00e0 la nuova sede dell\u2019ASL<\/strong><\/h4>\n<p>\u00abCome concordato con il sindaco \u2013 dichiara il consigliere Tundo \u2013 l\u2019obiettivo primario era garantire in tempi rapidi una nuova struttura per l\u2019ASL, anche in ragione del fatto che Turi \u00e8 risultato l\u2019unico Comune escluso dai fondi regionali per le \u201cCase di Comunit\u00e0\u201d o \u201cCase della salute\u201d.<\/p>\n<p>\u00abA tal fine \u2013 prosegue \u2013 insieme al sindaco, ho interloquito con il direttore generale dell\u2019ASL Bari e gli uffici competenti della Regione Puglia, ottenendo il benestare al cambio di destinazione d\u2019uso dell\u2019ex Cinema Zaccheo.<br \/>La struttura, originariamente pensata come centro socio-assistenziale, sar\u00e0 trasformata nella nuova sede dell\u2019ASL. Qui confluiranno il centro prelievi, i servizi specialistici e il 118 medicalizzato.<br \/>Nella vecchia sede di via Rutigliano, invece, resteranno il servizio di riabilitazione, il consultorio familiare e il centro CUP.<br \/>Agli inizi di gennaio dovremmo riuscire a definire la convenzione tra Comune e ASL per cedere gratuitamente la gestione della struttura. Se le tempistiche saranno rispettate, la nuova sede sar\u00e0 operativa da aprile 2025\u00bb.<\/p>\n<p>\u00abQuesta scelta \u2013 rimarca il consigliere \u2013 \u00e8 stata dettata anche dalla volont\u00e0 di scongiurare il rischio di perdere la postazione del 118, attualmente ubicata in una sede non idonea. In parallelo, l\u2019Amministrazione sta ragionando sulla possibilit\u00e0 di cedere l\u2019area di via Conversano, a fronte della garanzia da parte di ASL e Regione Puglia di finanziare la realizzazione di un polo medico, come previsto fin dall\u2019inizio\u00bb.<\/p>\n<h4 class=\"wp-block-heading\"><strong>Politiche sociali, pronti i contributi per centri estivi e asilo nido<\/strong><\/h4>\n<p>\u00abCome anticipato \u2013 afferma Tundo \u2013 l\u2019Amministrazione ha approvato le delibere e i relativi avvisi pubblici per erogare i contributi destinati ai \u201cCentri estivi\u201d e ai servizi educativi per la prima infanzia, confermando l\u2019impegno a supportare le famiglie turesi, migliorando l\u2019accesso ai servizi educativi e garantendo un sostegno concreto nel percorso di crescita dei nostri bambini\u00bb.<\/p>\n<p>\u00abPer i \u201cCentri estivi\u201d \u2013 chiarisce \u2013 il Comune di Turi ha ottenuto un finanziamento di 13.500 euro dal Ministero per la Famiglia, somma effettivamente incassata il 25 ottobre. Poich\u00e9 queste risorse vanno impegnate entro fine anno, si \u00e8 deciso di destinarle a titolo di rimborso, non superiore a 100 euro, per le famiglie turesi con figli minori (da 0 a 17 anni), che abbiano frequentato (dal 1\u00b0 giugno a 31 dicembre 2024) attivit\u00e0 presso Centri con funzione educativa\/ricreativa (ad esempio le ludoteche); associazioni sportive iscritte al Registro Nazionale del CONI e Centri con funzioni socio-educative (gioco, animazione, svolgimento dei compiti)\u00bb.<\/p>\n<p>\u00abQuanto al Fondo ministeriale per i servizi educativi per la prima infanzia, Turi \u00e8 risultato assegnatario di 92.000 euro, corrispondenti a 12 utenti aggiuntivi. Tale somma sar\u00e0 impiegata per supportare le famiglie con figli di et\u00e0 compresa tra 3 e 36 mesi, offrendo un contributo economico a copertura delle spese per la frequenza di asili nido privati presenti a Turi o nei Comuni limitrofi\u00bb.<\/p>\n<h4 class=\"wp-block-heading\"><strong>Assistenza specialistica, nuovo sollecito all\u2019Ufficio di Piano<\/strong><\/h4>\n<p>\u00abSono ormai trascorsi due mesi da quando l\u2019Ambito Territoriale Sociale di Gioia ha stanziato 140.000 euro per l\u2019assistenza specialistica scolastica e l\u2019autismo. Ora \u00e8 necessario che l\u2019Ufficio di Piano di Gioia avvii le procedure per appaltare il servizio\u00bb \u2013 incalza il consigliere di maggioranza, respingendo al mittente le accuse di \u201cinerzia\u201d da parte dell\u2019Amministrazione De Tomaso.<\/p>\n<p>\u00abSappiamo bene quanto la figura degli educatori sia importante nelle nostre scuole; per questo abbiamo sollecitato nuovamente gli uffici competenti affinch\u00e9 l\u2019iter venga completato il prima possibile\u00bb \u2013 chiosa.<\/p>\n<h4 class=\"wp-block-heading\"><strong>Asilo Nido, passi avanti verso l\u2019attivazione<\/strong><\/h4>\n<p>\u00abL\u2019asilo nido di via Mola resta un\u2019altra delle priorit\u00e0 di questa Amministrazione\u00bb \u2013 conferma il consigliere Tundo, informando che \u00abinsieme al sindaco, abbiamo incaricato la Responsabile del Settore Servizi Sociali, la dott.ssa Pizzutilo, di elaborare un preventivo indicativo dei costi di gestione della struttura. Questo passaggio \u00e8 essenziale per individuare attraverso un avviso pubblico una cooperativa a cui affidare la gestione dell\u2019asilo, che speriamo di rendere finalmente operativo per il prossimo anno scolastico\u00bb.<\/p>\n<p><a class=\"a2a_button_facebook\" href=\"https:\/\/www.addtoany.com\/add_to\/facebook?linkurl=https%3A%2F%2Fturi.lavocedelpaese.info%2Fcontinuo-a-lavorare-per-turi-con-dedizione-e-responsabilita%2F&amp;linkname=%E2%80%9CContinuo%20a%20lavorare%20per%20Turi%20con%20dedizione%20e%20responsabilit%C3%A0%E2%80%9D\" title=\"Facebook\" rel=\"nofollow noopener\" target=\"_blank\"><\/a><a class=\"a2a_button_twitter\" href=\"https:\/\/www.addtoany.com\/add_to\/twitter?linkurl=https%3A%2F%2Fturi.lavocedelpaese.info%2Fcontinuo-a-lavorare-per-turi-con-dedizione-e-responsabilita%2F&amp;linkname=%E2%80%9CContinuo%20a%20lavorare%20per%20Turi%20con%20dedizione%20e%20responsabilit%C3%A0%E2%80%9D\" title=\"Twitter\" rel=\"nofollow noopener\" target=\"_blank\"><\/a><a class=\"a2a_button_whatsapp\" href=\"https:\/\/www.addtoany.com\/add_to\/whatsapp?linkurl=https%3A%2F%2Fturi.lavocedelpaese.info%2Fcontinuo-a-lavorare-per-turi-con-dedizione-e-responsabilita%2F&amp;linkname=%E2%80%9CContinuo%20a%20lavorare%20per%20Turi%20con%20dedizione%20e%20responsabilit%C3%A0%E2%80%9D\" title=\"WhatsApp\" rel=\"nofollow noopener\" target=\"_blank\"><\/a><a class=\"a2a_button_telegram\" href=\"https:\/\/www.addtoany.com\/add_to\/telegram?linkurl=https%3A%2F%2Fturi.lavocedelpaese.info%2Fcontinuo-a-lavorare-per-turi-con-dedizione-e-responsabilita%2F&amp;linkname=%E2%80%9CContinuo%20a%20lavorare%20per%20Turi%20con%20dedizione%20e%20responsabilit%C3%A0%E2%80%9D\" title=\"Telegram\" rel=\"nofollow noopener\" target=\"_blank\"><\/a><a class=\"a2a_button_email\" href=\"https:\/\/www.addtoany.com\/add_to\/email?linkurl=https%3A%2F%2Fturi.lavocedelpaese.info%2Fcontinuo-a-lavorare-per-turi-con-dedizione-e-responsabilita%2F&amp;linkname=%E2%80%9CContinuo%20a%20lavorare%20per%20Turi%20con%20dedizione%20e%20responsabilit%C3%A0%E2%80%9D\" title=\"Email\" rel=\"nofollow noopener\" target=\"_blank\"><\/a><\/p>\n<p>L&#8217;articolo <a href=\"https:\/\/turi.lavocedelpaese.info\/continuo-a-lavorare-per-turi-con-dedizione-e-responsabilita\/\">\u201cContinuo a lavorare per Turi con dedizione e responsabilit\u00e0\u201d<\/a> proviene da <a href=\"https:\/\/turi.lavocedelpaese.info\/\">Turi &#8211; La Voce del Paese<\/a>.<\/p>\n<p>\u00a0<\/p>\n<p>\u00a0<\/p>\n<p>\u200b\u00a0\u00a0\u00a0<\/p>","protected":false},"excerpt":{"rendered":"<p>\u00a0 \u200b\u00a0 \u200b\u00a0 Il consigliere Paolo Tundo risponde alle critiche per il mancato incarico assessorile e illustra i progetti per<\/p>\n","protected":false},"author":0,"featured_media":730,"comment_status":"open","ping_status":"closed","sticky":false,"template":"","format":"standard","meta":{"colormag_page_container_layout":"default_layout","colormag_page_sidebar_layout":"default_layout","footnotes":""},"categories":[33],"tags":[],"class_list":["post-8585","post","type-post","status-publish","format-standard","has-post-thumbnail","hentry","category-network"],"yoast_head":"<!-- This site is optimized with the Yoast SEO plugin v27.5 - https:\/\/yoast.com\/product\/yoast-seo-wordpress\/ -->\n<title>\u201cContinuo a lavorare per Turi con dedizione e responsabilit\u00e0\u201d\u00a0\u200b - La Voce del Paese<\/title>\n<meta name=\"robots\" content=\"index, follow, max-snippet:-1, max-image-preview:large, max-video-preview:-1\" \/>\n<link rel=\"canonical\" href=\"https:\/\/lavocedelpaese.info\/index.php\/2024\/12\/20\/continuo-a-lavorare-per-turi-con-dedizione-e-responsabilita\/\" \/>\n<meta property=\"og:locale\" content=\"it_IT\" \/>\n<meta property=\"og:type\" content=\"article\" \/>\n<meta property=\"og:title\" content=\"\u201cContinuo a lavorare per Turi con dedizione e responsabilit\u00e0\u201d\u00a0\u200b - La Voce del Paese\" \/>\n<meta property=\"og:description\" content=\"\u00a0 \u200b\u00a0 \u200b\u00a0 Il consigliere Paolo Tundo risponde alle critiche per il mancato incarico assessorile e illustra i progetti per\" \/>\n<meta property=\"og:url\" content=\"https:\/\/lavocedelpaese.info\/index.php\/2024\/12\/20\/continuo-a-lavorare-per-turi-con-dedizione-e-responsabilita\/\" \/>\n<meta property=\"og:site_name\" content=\"La Voce del Paese\" \/>\n<meta property=\"article:publisher\" content=\"https:\/\/www.facebook.com\/lavocedelpaese.info\" \/>\n<meta property=\"article:published_time\" content=\"2024-12-20T12:16:12+00:00\" \/>\n<meta name=\"twitter:card\" content=\"summary_large_image\" \/>\n<meta name=\"twitter:label1\" content=\"Tempo di lettura stimato\" \/>\n\t<meta name=\"twitter:data1\" content=\"5 minuti\" \/>\n<script type=\"application\/ld+json\" class=\"yoast-schema-graph\">{\"@context\":\"https:\\\/\\\/schema.org\",\"@graph\":[{\"@type\":\"Article\",\"@id\":\"https:\\\/\\\/lavocedelpaese.info\\\/index.php\\\/2024\\\/12\\\/20\\\/continuo-a-lavorare-per-turi-con-dedizione-e-responsabilita\\\/#article\",\"isPartOf\":{\"@id\":\"https:\\\/\\\/lavocedelpaese.info\\\/index.php\\\/2024\\\/12\\\/20\\\/continuo-a-lavorare-per-turi-con-dedizione-e-responsabilita\\\/\"},\"author\":{\"name\":\"\",\"@id\":\"\"},\"headline\":\"\u201cContinuo a lavorare per Turi con dedizione e responsabilit\u00e0\u201d\u00a0\u200b\",\"datePublished\":\"2024-12-20T12:16:12+00:00\",\"mainEntityOfPage\":{\"@id\":\"https:\\\/\\\/lavocedelpaese.info\\\/index.php\\\/2024\\\/12\\\/20\\\/continuo-a-lavorare-per-turi-con-dedizione-e-responsabilita\\\/\"},\"wordCount\":1056,\"commentCount\":0,\"publisher\":{\"@id\":\"https:\\\/\\\/lavocedelpaese.info\\\/#organization\"},\"image\":{\"@id\":\"https:\\\/\\\/lavocedelpaese.info\\\/index.php\\\/2024\\\/12\\\/20\\\/continuo-a-lavorare-per-turi-con-dedizione-e-responsabilita\\\/#primaryimage\"},\"thumbnailUrl\":\"https:\\\/\\\/lavocedelpaese.info\\\/wp-content\\\/uploads\\\/2023\\\/01\\\/logo-150-127.png\",\"articleSection\":[\"network\"],\"inLanguage\":\"it-IT\",\"potentialAction\":[{\"@type\":\"CommentAction\",\"name\":\"Comment\",\"target\":[\"https:\\\/\\\/lavocedelpaese.info\\\/index.php\\\/2024\\\/12\\\/20\\\/continuo-a-lavorare-per-turi-con-dedizione-e-responsabilita\\\/#respond\"]}]},{\"@type\":\"WebPage\",\"@id\":\"https:\\\/\\\/lavocedelpaese.info\\\/index.php\\\/2024\\\/12\\\/20\\\/continuo-a-lavorare-per-turi-con-dedizione-e-responsabilita\\\/\",\"url\":\"https:\\\/\\\/lavocedelpaese.info\\\/index.php\\\/2024\\\/12\\\/20\\\/continuo-a-lavorare-per-turi-con-dedizione-e-responsabilita\\\/\",\"name\":\"\u201cContinuo a lavorare per Turi con dedizione e responsabilit\u00e0\u201d\u00a0\u200b - La Voce del Paese\",\"isPartOf\":{\"@id\":\"https:\\\/\\\/lavocedelpaese.info\\\/#website\"},\"primaryImageOfPage\":{\"@id\":\"https:\\\/\\\/lavocedelpaese.info\\\/index.php\\\/2024\\\/12\\\/20\\\/continuo-a-lavorare-per-turi-con-dedizione-e-responsabilita\\\/#primaryimage\"},\"image\":{\"@id\":\"https:\\\/\\\/lavocedelpaese.info\\\/index.php\\\/2024\\\/12\\\/20\\\/continuo-a-lavorare-per-turi-con-dedizione-e-responsabilita\\\/#primaryimage\"},\"thumbnailUrl\":\"https:\\\/\\\/lavocedelpaese.info\\\/wp-content\\\/uploads\\\/2023\\\/01\\\/logo-150-127.png\",\"datePublished\":\"2024-12-20T12:16:12+00:00\",\"breadcrumb\":{\"@id\":\"https:\\\/\\\/lavocedelpaese.info\\\/index.php\\\/2024\\\/12\\\/20\\\/continuo-a-lavorare-per-turi-con-dedizione-e-responsabilita\\\/#breadcrumb\"},\"inLanguage\":\"it-IT\",\"potentialAction\":[{\"@type\":\"ReadAction\",\"target\":[\"https:\\\/\\\/lavocedelpaese.info\\\/index.php\\\/2024\\\/12\\\/20\\\/continuo-a-lavorare-per-turi-con-dedizione-e-responsabilita\\\/\"]}]},{\"@type\":\"ImageObject\",\"inLanguage\":\"it-IT\",\"@id\":\"https:\\\/\\\/lavocedelpaese.info\\\/index.php\\\/2024\\\/12\\\/20\\\/continuo-a-lavorare-per-turi-con-dedizione-e-responsabilita\\\/#primaryimage\",\"url\":\"https:\\\/\\\/lavocedelpaese.info\\\/wp-content\\\/uploads\\\/2023\\\/01\\\/logo-150-127.png\",\"contentUrl\":\"https:\\\/\\\/lavocedelpaese.info\\\/wp-content\\\/uploads\\\/2023\\\/01\\\/logo-150-127.png\",\"width\":150,\"height\":127},{\"@type\":\"BreadcrumbList\",\"@id\":\"https:\\\/\\\/lavocedelpaese.info\\\/index.php\\\/2024\\\/12\\\/20\\\/continuo-a-lavorare-per-turi-con-dedizione-e-responsabilita\\\/#breadcrumb\",\"itemListElement\":[{\"@type\":\"ListItem\",\"position\":1,\"name\":\"Home\",\"item\":\"https:\\\/\\\/lavocedelpaese.info\\\/\"},{\"@type\":\"ListItem\",\"position\":2,\"name\":\"\u201cContinuo a lavorare per Turi con dedizione e responsabilit\u00e0\u201d\u00a0\u200b\"}]},{\"@type\":\"WebSite\",\"@id\":\"https:\\\/\\\/lavocedelpaese.info\\\/#website\",\"url\":\"https:\\\/\\\/lavocedelpaese.info\\\/\",\"name\":\"La Voce del Paese\",\"description\":\"Un network di idee\",\"publisher\":{\"@id\":\"https:\\\/\\\/lavocedelpaese.info\\\/#organization\"},\"potentialAction\":[{\"@type\":\"SearchAction\",\"target\":{\"@type\":\"EntryPoint\",\"urlTemplate\":\"https:\\\/\\\/lavocedelpaese.info\\\/?s={search_term_string}\"},\"query-input\":{\"@type\":\"PropertyValueSpecification\",\"valueRequired\":true,\"valueName\":\"search_term_string\"}}],\"inLanguage\":\"it-IT\"},{\"@type\":\"Organization\",\"@id\":\"https:\\\/\\\/lavocedelpaese.info\\\/#organization\",\"name\":\"La Voce del Paese\",\"url\":\"https:\\\/\\\/lavocedelpaese.info\\\/\",\"logo\":{\"@type\":\"ImageObject\",\"inLanguage\":\"it-IT\",\"@id\":\"https:\\\/\\\/lavocedelpaese.info\\\/#\\\/schema\\\/logo\\\/image\\\/\",\"url\":\"https:\\\/\\\/lavocedelpaese.info\\\/wp-content\\\/uploads\\\/2023\\\/01\\\/cropped-logo-150-127.png\",\"contentUrl\":\"https:\\\/\\\/lavocedelpaese.info\\\/wp-content\\\/uploads\\\/2023\\\/01\\\/cropped-logo-150-127.png\",\"width\":137,\"height\":119,\"caption\":\"La Voce del Paese\"},\"image\":{\"@id\":\"https:\\\/\\\/lavocedelpaese.info\\\/#\\\/schema\\\/logo\\\/image\\\/\"},\"sameAs\":[\"https:\\\/\\\/www.facebook.com\\\/lavocedelpaese.info\"]}]}<\/script>\n<!-- \/ Yoast SEO plugin. -->","yoast_head_json":{"title":"\u201cContinuo a lavorare per Turi con dedizione e responsabilit\u00e0\u201d\u00a0\u200b - La Voce del Paese","robots":{"index":"index","follow":"follow","max-snippet":"max-snippet:-1","max-image-preview":"max-image-preview:large","max-video-preview":"max-video-preview:-1"},"canonical":"https:\/\/lavocedelpaese.info\/index.php\/2024\/12\/20\/continuo-a-lavorare-per-turi-con-dedizione-e-responsabilita\/","og_locale":"it_IT","og_type":"article","og_title":"\u201cContinuo a lavorare per Turi con dedizione e responsabilit\u00e0\u201d\u00a0\u200b - La Voce del Paese","og_description":"\u00a0 \u200b\u00a0 \u200b\u00a0 Il consigliere Paolo Tundo risponde alle critiche per il mancato incarico assessorile e illustra i progetti per","og_url":"https:\/\/lavocedelpaese.info\/index.php\/2024\/12\/20\/continuo-a-lavorare-per-turi-con-dedizione-e-responsabilita\/","og_site_name":"La Voce del Paese","article_publisher":"https:\/\/www.facebook.com\/lavocedelpaese.info","article_published_time":"2024-12-20T12:16:12+00:00","twitter_card":"summary_large_image","twitter_misc":{"Tempo di lettura stimato":"5 minuti"},"schema":{"@context":"https:\/\/schema.org","@graph":[{"@type":"Article","@id":"https:\/\/lavocedelpaese.info\/index.php\/2024\/12\/20\/continuo-a-lavorare-per-turi-con-dedizione-e-responsabilita\/#article","isPartOf":{"@id":"https:\/\/lavocedelpaese.info\/index.php\/2024\/12\/20\/continuo-a-lavorare-per-turi-con-dedizione-e-responsabilita\/"},"author":{"name":"","@id":""},"headline":"\u201cContinuo a lavorare per Turi con dedizione e responsabilit\u00e0\u201d\u00a0\u200b","datePublished":"2024-12-20T12:16:12+00:00","mainEntityOfPage":{"@id":"https:\/\/lavocedelpaese.info\/index.php\/2024\/12\/20\/continuo-a-lavorare-per-turi-con-dedizione-e-responsabilita\/"},"wordCount":1056,"commentCount":0,"publisher":{"@id":"https:\/\/lavocedelpaese.info\/#organization"},"image":{"@id":"https:\/\/lavocedelpaese.info\/index.php\/2024\/12\/20\/continuo-a-lavorare-per-turi-con-dedizione-e-responsabilita\/#primaryimage"},"thumbnailUrl":"https:\/\/lavocedelpaese.info\/wp-content\/uploads\/2023\/01\/logo-150-127.png","articleSection":["network"],"inLanguage":"it-IT","potentialAction":[{"@type":"CommentAction","name":"Comment","target":["https:\/\/lavocedelpaese.info\/index.php\/2024\/12\/20\/continuo-a-lavorare-per-turi-con-dedizione-e-responsabilita\/#respond"]}]},{"@type":"WebPage","@id":"https:\/\/lavocedelpaese.info\/index.php\/2024\/12\/20\/continuo-a-lavorare-per-turi-con-dedizione-e-responsabilita\/","url":"https:\/\/lavocedelpaese.info\/index.php\/2024\/12\/20\/continuo-a-lavorare-per-turi-con-dedizione-e-responsabilita\/","name":"\u201cContinuo a lavorare per Turi con dedizione e responsabilit\u00e0\u201d\u00a0\u200b - La Voce del Paese","isPartOf":{"@id":"https:\/\/lavocedelpaese.info\/#website"},"primaryImageOfPage":{"@id":"https:\/\/lavocedelpaese.info\/index.php\/2024\/12\/20\/continuo-a-lavorare-per-turi-con-dedizione-e-responsabilita\/#primaryimage"},"image":{"@id":"https:\/\/lavocedelpaese.info\/index.php\/2024\/12\/20\/continuo-a-lavorare-per-turi-con-dedizione-e-responsabilita\/#primaryimage"},"thumbnailUrl":"https:\/\/lavocedelpaese.info\/wp-content\/uploads\/2023\/01\/logo-150-127.png","datePublished":"2024-12-20T12:16:12+00:00","breadcrumb":{"@id":"https:\/\/lavocedelpaese.info\/index.php\/2024\/12\/20\/continuo-a-lavorare-per-turi-con-dedizione-e-responsabilita\/#breadcrumb"},"inLanguage":"it-IT","potentialAction":[{"@type":"ReadAction","target":["https:\/\/lavocedelpaese.info\/index.php\/2024\/12\/20\/continuo-a-lavorare-per-turi-con-dedizione-e-responsabilita\/"]}]},{"@type":"ImageObject","inLanguage":"it-IT","@id":"https:\/\/lavocedelpaese.info\/index.php\/2024\/12\/20\/continuo-a-lavorare-per-turi-con-dedizione-e-responsabilita\/#primaryimage","url":"https:\/\/lavocedelpaese.info\/wp-content\/uploads\/2023\/01\/logo-150-127.png","contentUrl":"https:\/\/lavocedelpaese.info\/wp-content\/uploads\/2023\/01\/logo-150-127.png","width":150,"height":127},{"@type":"BreadcrumbList","@id":"https:\/\/lavocedelpaese.info\/index.php\/2024\/12\/20\/continuo-a-lavorare-per-turi-con-dedizione-e-responsabilita\/#breadcrumb","itemListElement":[{"@type":"ListItem","position":1,"name":"Home","item":"https:\/\/lavocedelpaese.info\/"},{"@type":"ListItem","position":2,"name":"\u201cContinuo a lavorare per Turi con dedizione e responsabilit\u00e0\u201d\u00a0\u200b"}]},{"@type":"WebSite","@id":"https:\/\/lavocedelpaese.info\/#website","url":"https:\/\/lavocedelpaese.info\/","name":"La Voce del Paese","description":"Un network di idee","publisher":{"@id":"https:\/\/lavocedelpaese.info\/#organization"},"potentialAction":[{"@type":"SearchAction","target":{"@type":"EntryPoint","urlTemplate":"https:\/\/lavocedelpaese.info\/?s={search_term_string}"},"query-input":{"@type":"PropertyValueSpecification","valueRequired":true,"valueName":"search_term_string"}}],"inLanguage":"it-IT"},{"@type":"Organization","@id":"https:\/\/lavocedelpaese.info\/#organization","name":"La Voce del Paese","url":"https:\/\/lavocedelpaese.info\/","logo":{"@type":"ImageObject","inLanguage":"it-IT","@id":"https:\/\/lavocedelpaese.info\/#\/schema\/logo\/image\/","url":"https:\/\/lavocedelpaese.info\/wp-content\/uploads\/2023\/01\/cropped-logo-150-127.png","contentUrl":"https:\/\/lavocedelpaese.info\/wp-content\/uploads\/2023\/01\/cropped-logo-150-127.png","width":137,"height":119,"caption":"La Voce del Paese"},"image":{"@id":"https:\/\/lavocedelpaese.info\/#\/schema\/logo\/image\/"},"sameAs":["https:\/\/www.facebook.com\/lavocedelpaese.info"]}]}},"_links":{"self":[{"href":"https:\/\/lavocedelpaese.info\/index.php\/wp-json\/wp\/v2\/posts\/8585","targetHints":{"allow":["GET"]}}],"collection":[{"href":"https:\/\/lavocedelpaese.info\/index.php\/wp-json\/wp\/v2\/posts"}],"about":[{"href":"https:\/\/lavocedelpaese.info\/index.php\/wp-json\/wp\/v2\/types\/post"}],"replies":[{"embeddable":true,"href":"https:\/\/lavocedelpaese.info\/index.php\/wp-json\/wp\/v2\/comments?post=8585"}],"version-history":[{"count":0,"href":"https:\/\/lavocedelpaese.info\/index.php\/wp-json\/wp\/v2\/posts\/8585\/revisions"}],"wp:featuredmedia":[{"embeddable":true,"href":"https:\/\/lavocedelpaese.info\/index.php\/wp-json\/wp\/v2\/media\/730"}],"wp:attachment":[{"href":"https:\/\/lavocedelpaese.info\/index.php\/wp-json\/wp\/v2\/media?parent=8585"}],"wp:term":[{"taxonomy":"category","embeddable":true,"href":"https:\/\/lavocedelpaese.info\/index.php\/wp-json\/wp\/v2\/categories?post=8585"},{"taxonomy":"post_tag","embeddable":true,"href":"https:\/\/lavocedelpaese.info\/index.php\/wp-json\/wp\/v2\/tags?post=8585"}],"curies":[{"name":"wp","href":"https:\/\/api.w.org\/{rel}","templated":true}]}}