{"id":8580,"date":"2024-12-20T08:13:53","date_gmt":"2024-12-20T08:13:53","guid":{"rendered":"https:\/\/lavocedelpaese.info\/index.php\/2024\/12\/20\/antonio-storsillo-eletto-presidente-del-consiglio-al-perotti-ruffo\/"},"modified":"2024-12-20T08:13:53","modified_gmt":"2024-12-20T08:13:53","slug":"antonio-storsillo-eletto-presidente-del-consiglio-al-perotti-ruffo","status":"publish","type":"post","link":"https:\/\/lavocedelpaese.info\/index.php\/2024\/12\/20\/antonio-storsillo-eletto-presidente-del-consiglio-al-perotti-ruffo\/","title":{"rendered":"Antonio Storsillo eletto Presidente del Consiglio al \u201cPerotti-Ruffo\u201d\u00a0\u200b"},"content":{"rendered":"<p>\u00a0<\/p>\n<p>\u200b\u00a0<\/p>\n<p>\u200b\u00a0<\/p>\n<p>E\u2019 il 41enne Antonio Storsillo il nuovo Presidente del Consiglio dell\u2019Istituto Comprensivo \u201cPerotti-Ruffo\u201d di Cassano delle Murge.<\/p>\n<p>Ad eleggerlo all\u2019unanimit\u00e0, quale candidato pi\u00f9 suffragato <a href=\"https:\/\/cassano.lavocedelpaese.info\/eletti-i-consiglieri-delli-c-perotti-ruffo\/\" data-type=\"link\" data-id=\"https:\/\/cassano.lavocedelpaese.info\/eletti-i-consiglieri-delli-c-perotti-ruffo\/\">alle recenti elezioni il nuovo Consiglio d\u2019Istituto<\/a> composto dalla componente \u201cGenitori\u201d: Storsillo Antonio Francesco, Debellis Annamaria,  Maselli Giulia, Schembari Claudia, Petruzzellis Immacolata, Mastronardi Emanuela, Fiantanese Raffaele e Spinoso Vincenzo;  dalla componente \u201cDocenti\u201d: Piemontese Daniela, Guitti Giuseppina, Giorgio Rossana, Carella Vincenzo, Patruno Katja, Siciliano Addolorata, Mercadante Chiara e Lopane Caterina e dalla componente \u201cATA\u201d: De Bellis Bartolomeo e Piccininno Antonio.<\/p>\n<p>Del Consiglio fa parte, inoltre, di diritto la Dirigente prof.sa Ippolita Lazazzera.<\/p>\n<p>Cassanese, laureato in scienze politiche, ex responsabile commerciale presso una multinazionale della GDO, dal 2020 Antonio Storsillo \u00e8 collaboratore scolastico (dal 2023 presso il nostro comprensivo); gi\u00e0 Consigliere nel triennio 2021-2024, \u00e8 impegnato in alcune realt\u00e0 associative di Cassano. Tra gli hobby: la Scuola. E\u2019 marito di una docente, pap\u00e0 di due bambini.<\/p>\n<p>\u201cRingrazio quanti mi hanno sostenuto \u2013 ha dichiarato il neo Presidente a questo giornale \u2013 e, a nome degli altri genitori eletti, dico: collaboriamo con la scuola per il bene esclusivo dei bambini e dei ragazzi\u201d.<\/p>\n<p><a class=\"a2a_button_facebook\" href=\"https:\/\/www.addtoany.com\/add_to\/facebook?linkurl=https%3A%2F%2Fcassano.lavocedelpaese.info%2Fantonio-storsillo-eletto-presidente-del-consiglio-al-perotti-ruffo%2F&amp;linkname=Antonio%20Storsillo%20eletto%20Presidente%20del%20Consiglio%20al%20%E2%80%9CPerotti-Ruffo%E2%80%9D\" title=\"Facebook\" rel=\"nofollow noopener\" target=\"_blank\"><\/a><a class=\"a2a_button_twitter\" href=\"https:\/\/www.addtoany.com\/add_to\/twitter?linkurl=https%3A%2F%2Fcassano.lavocedelpaese.info%2Fantonio-storsillo-eletto-presidente-del-consiglio-al-perotti-ruffo%2F&amp;linkname=Antonio%20Storsillo%20eletto%20Presidente%20del%20Consiglio%20al%20%E2%80%9CPerotti-Ruffo%E2%80%9D\" title=\"Twitter\" rel=\"nofollow noopener\" target=\"_blank\"><\/a><a class=\"a2a_button_whatsapp\" href=\"https:\/\/www.addtoany.com\/add_to\/whatsapp?linkurl=https%3A%2F%2Fcassano.lavocedelpaese.info%2Fantonio-storsillo-eletto-presidente-del-consiglio-al-perotti-ruffo%2F&amp;linkname=Antonio%20Storsillo%20eletto%20Presidente%20del%20Consiglio%20al%20%E2%80%9CPerotti-Ruffo%E2%80%9D\" title=\"WhatsApp\" rel=\"nofollow noopener\" target=\"_blank\"><\/a><a class=\"a2a_button_telegram\" href=\"https:\/\/www.addtoany.com\/add_to\/telegram?linkurl=https%3A%2F%2Fcassano.lavocedelpaese.info%2Fantonio-storsillo-eletto-presidente-del-consiglio-al-perotti-ruffo%2F&amp;linkname=Antonio%20Storsillo%20eletto%20Presidente%20del%20Consiglio%20al%20%E2%80%9CPerotti-Ruffo%E2%80%9D\" title=\"Telegram\" rel=\"nofollow noopener\" target=\"_blank\"><\/a><a class=\"a2a_button_email\" href=\"https:\/\/www.addtoany.com\/add_to\/email?linkurl=https%3A%2F%2Fcassano.lavocedelpaese.info%2Fantonio-storsillo-eletto-presidente-del-consiglio-al-perotti-ruffo%2F&amp;linkname=Antonio%20Storsillo%20eletto%20Presidente%20del%20Consiglio%20al%20%E2%80%9CPerotti-Ruffo%E2%80%9D\" title=\"Email\" rel=\"nofollow noopener\" target=\"_blank\"><\/a><\/p>\n<p>\u00a0<\/p>\n<p>\u00a0<\/p>\n<p>\u200b\u00a0\u00a0\u00a0<\/p>","protected":false},"excerpt":{"rendered":"<p>\u00a0 \u200b\u00a0 \u200b\u00a0 E\u2019 il 41enne Antonio Storsillo il nuovo Presidente del Consiglio dell\u2019Istituto Comprensivo \u201cPerotti-Ruffo\u201d di Cassano delle Murge.<\/p>\n","protected":false},"author":0,"featured_media":730,"comment_status":"open","ping_status":"closed","sticky":false,"template":"","format":"standard","meta":{"colormag_page_container_layout":"default_layout","colormag_page_sidebar_layout":"default_layout","footnotes":""},"categories":[33],"tags":[],"class_list":["post-8580","post","type-post","status-publish","format-standard","has-post-thumbnail","hentry","category-network"],"yoast_head":"<!-- This site is optimized with the Yoast SEO plugin v27.5 - https:\/\/yoast.com\/product\/yoast-seo-wordpress\/ -->\n<title>Antonio Storsillo eletto Presidente del Consiglio al \u201cPerotti-Ruffo\u201d\u00a0\u200b - La Voce del Paese<\/title>\n<meta name=\"robots\" content=\"index, follow, max-snippet:-1, max-image-preview:large, max-video-preview:-1\" \/>\n<link rel=\"canonical\" href=\"https:\/\/lavocedelpaese.info\/index.php\/2024\/12\/20\/antonio-storsillo-eletto-presidente-del-consiglio-al-perotti-ruffo\/\" \/>\n<meta property=\"og:locale\" content=\"it_IT\" \/>\n<meta property=\"og:type\" content=\"article\" \/>\n<meta property=\"og:title\" content=\"Antonio Storsillo eletto Presidente del Consiglio al \u201cPerotti-Ruffo\u201d\u00a0\u200b - La Voce del Paese\" \/>\n<meta property=\"og:description\" content=\"\u00a0 \u200b\u00a0 \u200b\u00a0 E\u2019 il 41enne Antonio Storsillo il nuovo Presidente del Consiglio dell\u2019Istituto Comprensivo \u201cPerotti-Ruffo\u201d di Cassano delle Murge.\" \/>\n<meta property=\"og:url\" content=\"https:\/\/lavocedelpaese.info\/index.php\/2024\/12\/20\/antonio-storsillo-eletto-presidente-del-consiglio-al-perotti-ruffo\/\" \/>\n<meta property=\"og:site_name\" content=\"La Voce del Paese\" \/>\n<meta property=\"article:publisher\" content=\"https:\/\/www.facebook.com\/lavocedelpaese.info\" \/>\n<meta property=\"article:published_time\" content=\"2024-12-20T08:13:53+00:00\" \/>\n<meta name=\"twitter:card\" content=\"summary_large_image\" \/>\n<meta name=\"twitter:label1\" content=\"Tempo di lettura stimato\" \/>\n\t<meta name=\"twitter:data1\" content=\"1 minuto\" \/>\n<script type=\"application\/ld+json\" class=\"yoast-schema-graph\">{\"@context\":\"https:\\\/\\\/schema.org\",\"@graph\":[{\"@type\":\"Article\",\"@id\":\"https:\\\/\\\/lavocedelpaese.info\\\/index.php\\\/2024\\\/12\\\/20\\\/antonio-storsillo-eletto-presidente-del-consiglio-al-perotti-ruffo\\\/#article\",\"isPartOf\":{\"@id\":\"https:\\\/\\\/lavocedelpaese.info\\\/index.php\\\/2024\\\/12\\\/20\\\/antonio-storsillo-eletto-presidente-del-consiglio-al-perotti-ruffo\\\/\"},\"author\":{\"name\":\"\",\"@id\":\"\"},\"headline\":\"Antonio Storsillo eletto Presidente del Consiglio al \u201cPerotti-Ruffo\u201d\u00a0\u200b\",\"datePublished\":\"2024-12-20T08:13:53+00:00\",\"mainEntityOfPage\":{\"@id\":\"https:\\\/\\\/lavocedelpaese.info\\\/index.php\\\/2024\\\/12\\\/20\\\/antonio-storsillo-eletto-presidente-del-consiglio-al-perotti-ruffo\\\/\"},\"wordCount\":190,\"commentCount\":0,\"publisher\":{\"@id\":\"https:\\\/\\\/lavocedelpaese.info\\\/#organization\"},\"image\":{\"@id\":\"https:\\\/\\\/lavocedelpaese.info\\\/index.php\\\/2024\\\/12\\\/20\\\/antonio-storsillo-eletto-presidente-del-consiglio-al-perotti-ruffo\\\/#primaryimage\"},\"thumbnailUrl\":\"https:\\\/\\\/lavocedelpaese.info\\\/wp-content\\\/uploads\\\/2023\\\/01\\\/logo-150-127.png\",\"articleSection\":[\"network\"],\"inLanguage\":\"it-IT\",\"potentialAction\":[{\"@type\":\"CommentAction\",\"name\":\"Comment\",\"target\":[\"https:\\\/\\\/lavocedelpaese.info\\\/index.php\\\/2024\\\/12\\\/20\\\/antonio-storsillo-eletto-presidente-del-consiglio-al-perotti-ruffo\\\/#respond\"]}]},{\"@type\":\"WebPage\",\"@id\":\"https:\\\/\\\/lavocedelpaese.info\\\/index.php\\\/2024\\\/12\\\/20\\\/antonio-storsillo-eletto-presidente-del-consiglio-al-perotti-ruffo\\\/\",\"url\":\"https:\\\/\\\/lavocedelpaese.info\\\/index.php\\\/2024\\\/12\\\/20\\\/antonio-storsillo-eletto-presidente-del-consiglio-al-perotti-ruffo\\\/\",\"name\":\"Antonio Storsillo eletto Presidente del Consiglio al \u201cPerotti-Ruffo\u201d\u00a0\u200b - La Voce del Paese\",\"isPartOf\":{\"@id\":\"https:\\\/\\\/lavocedelpaese.info\\\/#website\"},\"primaryImageOfPage\":{\"@id\":\"https:\\\/\\\/lavocedelpaese.info\\\/index.php\\\/2024\\\/12\\\/20\\\/antonio-storsillo-eletto-presidente-del-consiglio-al-perotti-ruffo\\\/#primaryimage\"},\"image\":{\"@id\":\"https:\\\/\\\/lavocedelpaese.info\\\/index.php\\\/2024\\\/12\\\/20\\\/antonio-storsillo-eletto-presidente-del-consiglio-al-perotti-ruffo\\\/#primaryimage\"},\"thumbnailUrl\":\"https:\\\/\\\/lavocedelpaese.info\\\/wp-content\\\/uploads\\\/2023\\\/01\\\/logo-150-127.png\",\"datePublished\":\"2024-12-20T08:13:53+00:00\",\"breadcrumb\":{\"@id\":\"https:\\\/\\\/lavocedelpaese.info\\\/index.php\\\/2024\\\/12\\\/20\\\/antonio-storsillo-eletto-presidente-del-consiglio-al-perotti-ruffo\\\/#breadcrumb\"},\"inLanguage\":\"it-IT\",\"potentialAction\":[{\"@type\":\"ReadAction\",\"target\":[\"https:\\\/\\\/lavocedelpaese.info\\\/index.php\\\/2024\\\/12\\\/20\\\/antonio-storsillo-eletto-presidente-del-consiglio-al-perotti-ruffo\\\/\"]}]},{\"@type\":\"ImageObject\",\"inLanguage\":\"it-IT\",\"@id\":\"https:\\\/\\\/lavocedelpaese.info\\\/index.php\\\/2024\\\/12\\\/20\\\/antonio-storsillo-eletto-presidente-del-consiglio-al-perotti-ruffo\\\/#primaryimage\",\"url\":\"https:\\\/\\\/lavocedelpaese.info\\\/wp-content\\\/uploads\\\/2023\\\/01\\\/logo-150-127.png\",\"contentUrl\":\"https:\\\/\\\/lavocedelpaese.info\\\/wp-content\\\/uploads\\\/2023\\\/01\\\/logo-150-127.png\",\"width\":150,\"height\":127},{\"@type\":\"BreadcrumbList\",\"@id\":\"https:\\\/\\\/lavocedelpaese.info\\\/index.php\\\/2024\\\/12\\\/20\\\/antonio-storsillo-eletto-presidente-del-consiglio-al-perotti-ruffo\\\/#breadcrumb\",\"itemListElement\":[{\"@type\":\"ListItem\",\"position\":1,\"name\":\"Home\",\"item\":\"https:\\\/\\\/lavocedelpaese.info\\\/\"},{\"@type\":\"ListItem\",\"position\":2,\"name\":\"Antonio Storsillo eletto Presidente del Consiglio al \u201cPerotti-Ruffo\u201d\u00a0\u200b\"}]},{\"@type\":\"WebSite\",\"@id\":\"https:\\\/\\\/lavocedelpaese.info\\\/#website\",\"url\":\"https:\\\/\\\/lavocedelpaese.info\\\/\",\"name\":\"La Voce del Paese\",\"description\":\"Un network di idee\",\"publisher\":{\"@id\":\"https:\\\/\\\/lavocedelpaese.info\\\/#organization\"},\"potentialAction\":[{\"@type\":\"SearchAction\",\"target\":{\"@type\":\"EntryPoint\",\"urlTemplate\":\"https:\\\/\\\/lavocedelpaese.info\\\/?s={search_term_string}\"},\"query-input\":{\"@type\":\"PropertyValueSpecification\",\"valueRequired\":true,\"valueName\":\"search_term_string\"}}],\"inLanguage\":\"it-IT\"},{\"@type\":\"Organization\",\"@id\":\"https:\\\/\\\/lavocedelpaese.info\\\/#organization\",\"name\":\"La Voce del Paese\",\"url\":\"https:\\\/\\\/lavocedelpaese.info\\\/\",\"logo\":{\"@type\":\"ImageObject\",\"inLanguage\":\"it-IT\",\"@id\":\"https:\\\/\\\/lavocedelpaese.info\\\/#\\\/schema\\\/logo\\\/image\\\/\",\"url\":\"https:\\\/\\\/lavocedelpaese.info\\\/wp-content\\\/uploads\\\/2023\\\/01\\\/cropped-logo-150-127.png\",\"contentUrl\":\"https:\\\/\\\/lavocedelpaese.info\\\/wp-content\\\/uploads\\\/2023\\\/01\\\/cropped-logo-150-127.png\",\"width\":137,\"height\":119,\"caption\":\"La Voce del Paese\"},\"image\":{\"@id\":\"https:\\\/\\\/lavocedelpaese.info\\\/#\\\/schema\\\/logo\\\/image\\\/\"},\"sameAs\":[\"https:\\\/\\\/www.facebook.com\\\/lavocedelpaese.info\"]}]}<\/script>\n<!-- \/ Yoast SEO plugin. -->","yoast_head_json":{"title":"Antonio Storsillo eletto Presidente del Consiglio al \u201cPerotti-Ruffo\u201d\u00a0\u200b - La Voce del Paese","robots":{"index":"index","follow":"follow","max-snippet":"max-snippet:-1","max-image-preview":"max-image-preview:large","max-video-preview":"max-video-preview:-1"},"canonical":"https:\/\/lavocedelpaese.info\/index.php\/2024\/12\/20\/antonio-storsillo-eletto-presidente-del-consiglio-al-perotti-ruffo\/","og_locale":"it_IT","og_type":"article","og_title":"Antonio Storsillo eletto Presidente del Consiglio al \u201cPerotti-Ruffo\u201d\u00a0\u200b - La Voce del Paese","og_description":"\u00a0 \u200b\u00a0 \u200b\u00a0 E\u2019 il 41enne Antonio Storsillo il nuovo Presidente del Consiglio dell\u2019Istituto Comprensivo \u201cPerotti-Ruffo\u201d di Cassano delle Murge.","og_url":"https:\/\/lavocedelpaese.info\/index.php\/2024\/12\/20\/antonio-storsillo-eletto-presidente-del-consiglio-al-perotti-ruffo\/","og_site_name":"La Voce del Paese","article_publisher":"https:\/\/www.facebook.com\/lavocedelpaese.info","article_published_time":"2024-12-20T08:13:53+00:00","twitter_card":"summary_large_image","twitter_misc":{"Tempo di lettura stimato":"1 minuto"},"schema":{"@context":"https:\/\/schema.org","@graph":[{"@type":"Article","@id":"https:\/\/lavocedelpaese.info\/index.php\/2024\/12\/20\/antonio-storsillo-eletto-presidente-del-consiglio-al-perotti-ruffo\/#article","isPartOf":{"@id":"https:\/\/lavocedelpaese.info\/index.php\/2024\/12\/20\/antonio-storsillo-eletto-presidente-del-consiglio-al-perotti-ruffo\/"},"author":{"name":"","@id":""},"headline":"Antonio Storsillo eletto Presidente del Consiglio al \u201cPerotti-Ruffo\u201d\u00a0\u200b","datePublished":"2024-12-20T08:13:53+00:00","mainEntityOfPage":{"@id":"https:\/\/lavocedelpaese.info\/index.php\/2024\/12\/20\/antonio-storsillo-eletto-presidente-del-consiglio-al-perotti-ruffo\/"},"wordCount":190,"commentCount":0,"publisher":{"@id":"https:\/\/lavocedelpaese.info\/#organization"},"image":{"@id":"https:\/\/lavocedelpaese.info\/index.php\/2024\/12\/20\/antonio-storsillo-eletto-presidente-del-consiglio-al-perotti-ruffo\/#primaryimage"},"thumbnailUrl":"https:\/\/lavocedelpaese.info\/wp-content\/uploads\/2023\/01\/logo-150-127.png","articleSection":["network"],"inLanguage":"it-IT","potentialAction":[{"@type":"CommentAction","name":"Comment","target":["https:\/\/lavocedelpaese.info\/index.php\/2024\/12\/20\/antonio-storsillo-eletto-presidente-del-consiglio-al-perotti-ruffo\/#respond"]}]},{"@type":"WebPage","@id":"https:\/\/lavocedelpaese.info\/index.php\/2024\/12\/20\/antonio-storsillo-eletto-presidente-del-consiglio-al-perotti-ruffo\/","url":"https:\/\/lavocedelpaese.info\/index.php\/2024\/12\/20\/antonio-storsillo-eletto-presidente-del-consiglio-al-perotti-ruffo\/","name":"Antonio Storsillo eletto Presidente del Consiglio al \u201cPerotti-Ruffo\u201d\u00a0\u200b - La Voce del Paese","isPartOf":{"@id":"https:\/\/lavocedelpaese.info\/#website"},"primaryImageOfPage":{"@id":"https:\/\/lavocedelpaese.info\/index.php\/2024\/12\/20\/antonio-storsillo-eletto-presidente-del-consiglio-al-perotti-ruffo\/#primaryimage"},"image":{"@id":"https:\/\/lavocedelpaese.info\/index.php\/2024\/12\/20\/antonio-storsillo-eletto-presidente-del-consiglio-al-perotti-ruffo\/#primaryimage"},"thumbnailUrl":"https:\/\/lavocedelpaese.info\/wp-content\/uploads\/2023\/01\/logo-150-127.png","datePublished":"2024-12-20T08:13:53+00:00","breadcrumb":{"@id":"https:\/\/lavocedelpaese.info\/index.php\/2024\/12\/20\/antonio-storsillo-eletto-presidente-del-consiglio-al-perotti-ruffo\/#breadcrumb"},"inLanguage":"it-IT","potentialAction":[{"@type":"ReadAction","target":["https:\/\/lavocedelpaese.info\/index.php\/2024\/12\/20\/antonio-storsillo-eletto-presidente-del-consiglio-al-perotti-ruffo\/"]}]},{"@type":"ImageObject","inLanguage":"it-IT","@id":"https:\/\/lavocedelpaese.info\/index.php\/2024\/12\/20\/antonio-storsillo-eletto-presidente-del-consiglio-al-perotti-ruffo\/#primaryimage","url":"https:\/\/lavocedelpaese.info\/wp-content\/uploads\/2023\/01\/logo-150-127.png","contentUrl":"https:\/\/lavocedelpaese.info\/wp-content\/uploads\/2023\/01\/logo-150-127.png","width":150,"height":127},{"@type":"BreadcrumbList","@id":"https:\/\/lavocedelpaese.info\/index.php\/2024\/12\/20\/antonio-storsillo-eletto-presidente-del-consiglio-al-perotti-ruffo\/#breadcrumb","itemListElement":[{"@type":"ListItem","position":1,"name":"Home","item":"https:\/\/lavocedelpaese.info\/"},{"@type":"ListItem","position":2,"name":"Antonio Storsillo eletto Presidente del Consiglio al \u201cPerotti-Ruffo\u201d\u00a0\u200b"}]},{"@type":"WebSite","@id":"https:\/\/lavocedelpaese.info\/#website","url":"https:\/\/lavocedelpaese.info\/","name":"La Voce del Paese","description":"Un network di idee","publisher":{"@id":"https:\/\/lavocedelpaese.info\/#organization"},"potentialAction":[{"@type":"SearchAction","target":{"@type":"EntryPoint","urlTemplate":"https:\/\/lavocedelpaese.info\/?s={search_term_string}"},"query-input":{"@type":"PropertyValueSpecification","valueRequired":true,"valueName":"search_term_string"}}],"inLanguage":"it-IT"},{"@type":"Organization","@id":"https:\/\/lavocedelpaese.info\/#organization","name":"La Voce del Paese","url":"https:\/\/lavocedelpaese.info\/","logo":{"@type":"ImageObject","inLanguage":"it-IT","@id":"https:\/\/lavocedelpaese.info\/#\/schema\/logo\/image\/","url":"https:\/\/lavocedelpaese.info\/wp-content\/uploads\/2023\/01\/cropped-logo-150-127.png","contentUrl":"https:\/\/lavocedelpaese.info\/wp-content\/uploads\/2023\/01\/cropped-logo-150-127.png","width":137,"height":119,"caption":"La Voce del Paese"},"image":{"@id":"https:\/\/lavocedelpaese.info\/#\/schema\/logo\/image\/"},"sameAs":["https:\/\/www.facebook.com\/lavocedelpaese.info"]}]}},"_links":{"self":[{"href":"https:\/\/lavocedelpaese.info\/index.php\/wp-json\/wp\/v2\/posts\/8580","targetHints":{"allow":["GET"]}}],"collection":[{"href":"https:\/\/lavocedelpaese.info\/index.php\/wp-json\/wp\/v2\/posts"}],"about":[{"href":"https:\/\/lavocedelpaese.info\/index.php\/wp-json\/wp\/v2\/types\/post"}],"replies":[{"embeddable":true,"href":"https:\/\/lavocedelpaese.info\/index.php\/wp-json\/wp\/v2\/comments?post=8580"}],"version-history":[{"count":0,"href":"https:\/\/lavocedelpaese.info\/index.php\/wp-json\/wp\/v2\/posts\/8580\/revisions"}],"wp:featuredmedia":[{"embeddable":true,"href":"https:\/\/lavocedelpaese.info\/index.php\/wp-json\/wp\/v2\/media\/730"}],"wp:attachment":[{"href":"https:\/\/lavocedelpaese.info\/index.php\/wp-json\/wp\/v2\/media?parent=8580"}],"wp:term":[{"taxonomy":"category","embeddable":true,"href":"https:\/\/lavocedelpaese.info\/index.php\/wp-json\/wp\/v2\/categories?post=8580"},{"taxonomy":"post_tag","embeddable":true,"href":"https:\/\/lavocedelpaese.info\/index.php\/wp-json\/wp\/v2\/tags?post=8580"}],"curies":[{"name":"wp","href":"https:\/\/api.w.org\/{rel}","templated":true}]}}