{"id":8579,"date":"2024-12-20T07:15:44","date_gmt":"2024-12-20T07:15:44","guid":{"rendered":"https:\/\/lavocedelpaese.info\/index.php\/2024\/12\/20\/la-conturband-lascia-casa-delle-idee\/"},"modified":"2024-12-20T07:15:44","modified_gmt":"2024-12-20T07:15:44","slug":"la-conturband-lascia-casa-delle-idee","status":"publish","type":"post","link":"https:\/\/lavocedelpaese.info\/index.php\/2024\/12\/20\/la-conturband-lascia-casa-delle-idee\/","title":{"rendered":"La Conturband lascia \u201cCasa delle Idee\u201d\u00a0\u200b"},"content":{"rendered":"<p>\u00a0<\/p>\n<p>\u200b\u00a0<\/p>\n<p>\u200b\u00a0<\/p>\n<div><\/div>\n<h4 class=\"wp-block-heading\"><strong>Nuccio Gargano: \u201cAbbiamo sempre lavorato con passione per noi e per la collettivit\u00e0\u201d<\/strong><\/h4>\n<p>Lo scorso 18 dicembre si \u00e8 svolto il concerto \u201cChristmas Stars\u201d, che ha visto i giovani talenti della \u201cConturband\u201d esibirsi in saggi musicali a tema natalizio.<\/p>\n<p>La manifestazione si inserisce nel palinsesto<a href=\"https:\/\/www.facebook.com\/photo\/?fbid=10231127039872425&amp;set=a.1306886125291\" target=\"_blank\" rel=\"noreferrer noopener\"> \u201cConturband for Christmas\u201d<\/a>, un tour che combina musica, solidariet\u00e0 e l\u2019esplosivo funk natalizio, ideato dalla marching band turese sotto la guida di Nuccio Gargano.<\/p>\n<p>A conclusione dell\u2019evento \u00e8 stato letto un comunicato, rivolto ai genitori e agli associati della \u201cConturband APS\u201d. Nella nota, che pubblichiamo di seguito, \u00e8 stata annunciata la conclusione della partecipazione dell\u2019associazione musicale al progetto di amministrazione condivisa \u201cCasa delle Idee\u201d, promettendo che la chiusura di questo importante capitolo non rappresenta la fine del sogno della \u201cConturband\u201d, bens\u00ec un nuovo inizio.<\/p>\n<p class=\"has-text-align-center\"><strong>***<\/strong><\/p>\n<p>\u00abCari genitori, cari amici,<\/p>\n<p>questa sera avrei voluto che fosse soltanto una festa. I sorrisi dei nostri bambini e ragazzi, la loro musica, la gioia che portano in ogni nota suonata, meritano sempre di essere celebrati. Perch\u00e9 la musica \u00e8 questo: condivisione, passione, crescita. Ed \u00e8 ci\u00f2 che, da pi\u00f9 di quindici anni, la nostra associazione <strong>Conturband <\/strong>ha cercato di costruire, con passione e dedizione.<\/p>\n<p>Abbiamo camminato insieme lungo un percorso fatto di entusiasmo e sacrifici, condividendo la bellezza dei nostri laboratori musicali e l\u2019orgoglio delle nostre Marching Band \u2013 la <strong>Conturband <\/strong>e la giovane <strong>Young Marching Band <\/strong>\u2013 che oggi sono riconosciute e stimate non solo nel nostro territorio, ma ovunque. Questo progetto \u00e8 stato reso possibile anche grazie a voi, famiglie, che avete creduto nei nostri valori e nelle nostre capacit\u00e0, e grazie alla forza dei bambini e ragazzi che, con ogni prova, ogni concerto, ogni marcia, hanno reso questo sogno realt\u00e0.<\/p>\n<p>Negli ultimi otto anni abbiamo trovato ospitalit\u00e0 presso quella che tutti abbiamo imparato a chiamare <strong>\u201cCasa delle Idee\u201d<\/strong>. Non era solo un luogo fisico, ma un simbolo di creativit\u00e0, di collaborazione e di apertura alla collettivit\u00e0. Un luogo che abbiamo gestito con passione, dando spazio a tutte le associazioni che si sono affacciate e organizzando eventi che arricchivano la nostra comunit\u00e0. Oggi, per\u00f2, mi trovo davanti a voi per comunicarvi una decisione sofferta: <strong>questa sar\u00e0 l\u2019ultima volta che la Conturband suoner\u00e0 all\u2019interno di quella che era la \u201cCasa delle Idee\u201d.<\/strong><\/p>\n<p>Negli ultimi tempi, questa esperienza si \u00e8 fatta sempre pi\u00f9 complessa e, purtroppo, ingestibile. La nuova Amministrazione ha scelto di percorrere una strada diversa, fatta di cambiamenti repentini e oserei dire \u201cpoco chiari\u201d: spazi promessi ad altre realt\u00e0, l\u2019abbandono del progetto di amministrazione condivisa e il cambio di identit\u00e0 della nostra casa, ora diventata il \u201c<strong>Chiostro delle Clarisse\u201d<\/strong>, quasi a voler cancellare un passato che aveva in realt\u00e0 molto da insegnare al presente.<\/p>\n<p>Sono state sollevate critiche ingiuste, come se la nostra musica fosse un problema per gli altri (\u201cgli strumenti musicali disturbano!\u201d) o, peggio ancora, un\u2019attivit\u00e0 imprenditoriale nascosta (In realt\u00e0 qualcuno dovrebbe provare a fare parte di una associazione, adoperarsi in una associazione, credere in una associazione, sacrificando le proprie energie personali e non solo. Ma questo lo potrebbe capire solo chi ci ha davvero provato! Altro che imprenditoria!). \u00c8 stato doloroso sentire accuse e cattiverie da chi non conosce, o non vuole conoscere, il valore reale di ci\u00f2 che abbiamo costruito.<\/p>\n<p>A chi vede le associazioni come attivit\u00e0 che lucrano, a chi insinua dubbi e sospetti, rispondo con un sorriso amaro: <strong>noi (associazioni) abbiamo sempre lavorato con passione per noi e per la collettivit\u00e0, con spirito di servizio, senza mai perdere di vista la nostra onest\u00e0 e lealt\u00e0.<\/strong><\/p>\n<p>Le nostre attivit\u00e0, in particolare, sono state e saranno sempre rivolte al territorio, ai soci, alle famiglie, con l\u2019unico obiettivo di fare musica e costruire qualcosa di bello per i nostri bambini ed anche per gli adulti.<\/p>\n<p>Tuttavia, quando un luogo smette di essere accogliente, quando la passione viene soffocata dalle incomprensioni e dai sospetti, bisogna avere il coraggio di fermarsi e guardare oltre. Ad un certo punto, da essere protagonisti di un processo positivo nella nostra comunit\u00e0, ci siamo ritrovati a sentirci davvero di troppo, accusati di compiere quasi atti non consentiti. <strong>Chi avrebbe potuto tutelarci e valorizzarci, ahim\u00e8, non l\u2019ha fatto! Siamo di colpo diventati INVISIBILI!<\/strong><\/p>\n<p>Sicuramente c\u2019erano delle criticit\u00e0 gestionali, da dover risolvere, come normale che sia in tutte le situazioni che coinvolgono associazioni, soci, persone ed enti. Ma con la volont\u00e0 le criticit\u00e0 si possono superare!<\/p>\n<p>E cos\u00ec abbiamo deciso di lasciare questo spazio e porre fine ad un capitolo importante della nostra storia. Non lo facciamo con rabbia, ma con grande tristezza e con la consapevolezza di aver fatto il possibile e che forse si \u00e8 persa una ennesima opportunit\u00e0.<\/p>\n<p>Ma <strong>la Conturband non si ferma qui. <\/strong>Questo non vuole essere un addio, ma un nuovo inizio. Continueremo a portare avanti i nostri progetti, i nostri laboratori, la nostra musica. Grazie alla fiducia e al sostegno di persone che, come voi, hanno sempre creduto in noi, stiamo gi\u00e0 lavorando a nuove collaborazioni e a nuovi spazi. E ve lo promettiamo: <strong>i nostri bambini e i nostri ragazzi continueranno a suonare, a crescere, ad emozionarci.<\/strong><\/p>\n<p>In conclusione a voi, famiglie, vogliamo dire <strong>grazie<\/strong>: per la vostra fiducia, per il vostro supporto e per il vostro amore verso questa grande famiglia musicale. Continuate a credere in noi e nei vostri figli. Presto vi comunicheremo i dettagli del prossimo capitolo della nostra avventura, perch\u00e9 <strong>la musica non si ferma mai, e il nostro sogno continua.<\/strong><\/p>\n<p>Adesso lasciamo questo spazio con dignit\u00e0 e con la testa alta, sapendo che abbiamo costruito qualcosa di vero e di importante. Questa sera celebriamo i nostri bambini e ragazzi, perch\u00e9 sono loro il futuro, la speranza e il cuore pulsante della nostra comunit\u00e0.<\/p>\n<p>Grazie di cuore a tutti voi. Continuiamo a suonare, insieme!\u00bb.<\/p>\n<p class=\"has-text-align-center\"><strong>***<\/strong><\/p>\n<h5 class=\"wp-block-heading\"><strong>Chiunque abbia fondato interesse ad esercitare il diritto di replica pu\u00f2 contattarci all\u2019indirizzo e-mail redazione.turi.lavocedelpaese@gmail.com<\/strong><\/h5>\n\n<p><a class=\"a2a_button_facebook\" href=\"https:\/\/www.addtoany.com\/add_to\/facebook?linkurl=https%3A%2F%2Fturi.lavocedelpaese.info%2Fla-conturband-lascia-casa-delle-idee%2F&amp;linkname=La%20Conturband%20lascia%20%E2%80%9CCasa%20delle%20Idee%E2%80%9D\" title=\"Facebook\" rel=\"nofollow noopener\" target=\"_blank\"><\/a><a class=\"a2a_button_twitter\" href=\"https:\/\/www.addtoany.com\/add_to\/twitter?linkurl=https%3A%2F%2Fturi.lavocedelpaese.info%2Fla-conturband-lascia-casa-delle-idee%2F&amp;linkname=La%20Conturband%20lascia%20%E2%80%9CCasa%20delle%20Idee%E2%80%9D\" title=\"Twitter\" rel=\"nofollow noopener\" target=\"_blank\"><\/a><a class=\"a2a_button_whatsapp\" href=\"https:\/\/www.addtoany.com\/add_to\/whatsapp?linkurl=https%3A%2F%2Fturi.lavocedelpaese.info%2Fla-conturband-lascia-casa-delle-idee%2F&amp;linkname=La%20Conturband%20lascia%20%E2%80%9CCasa%20delle%20Idee%E2%80%9D\" title=\"WhatsApp\" rel=\"nofollow noopener\" target=\"_blank\"><\/a><a class=\"a2a_button_telegram\" href=\"https:\/\/www.addtoany.com\/add_to\/telegram?linkurl=https%3A%2F%2Fturi.lavocedelpaese.info%2Fla-conturband-lascia-casa-delle-idee%2F&amp;linkname=La%20Conturband%20lascia%20%E2%80%9CCasa%20delle%20Idee%E2%80%9D\" title=\"Telegram\" rel=\"nofollow noopener\" target=\"_blank\"><\/a><a class=\"a2a_button_email\" href=\"https:\/\/www.addtoany.com\/add_to\/email?linkurl=https%3A%2F%2Fturi.lavocedelpaese.info%2Fla-conturband-lascia-casa-delle-idee%2F&amp;linkname=La%20Conturband%20lascia%20%E2%80%9CCasa%20delle%20Idee%E2%80%9D\" title=\"Email\" rel=\"nofollow noopener\" target=\"_blank\"><\/a><\/p>\n<p>L&#8217;articolo <a href=\"https:\/\/turi.lavocedelpaese.info\/la-conturband-lascia-casa-delle-idee\/\">La Conturband lascia \u201cCasa delle Idee\u201d<\/a> proviene da <a href=\"https:\/\/turi.lavocedelpaese.info\/\">Turi &#8211; La Voce del Paese<\/a>.<\/p>\n<p>\u00a0<\/p>\n<p>\u00a0<\/p>\n<p>\u200b\u00a0\u00a0\u00a0<\/p>","protected":false},"excerpt":{"rendered":"<p>\u00a0 \u200b\u00a0 \u200b\u00a0 Nuccio Gargano: \u201cAbbiamo sempre lavorato con passione per noi e per la collettivit\u00e0\u201d Lo scorso 18 dicembre<\/p>\n","protected":false},"author":0,"featured_media":730,"comment_status":"open","ping_status":"closed","sticky":false,"template":"","format":"standard","meta":{"colormag_page_container_layout":"default_layout","colormag_page_sidebar_layout":"default_layout","footnotes":""},"categories":[33],"tags":[],"class_list":["post-8579","post","type-post","status-publish","format-standard","has-post-thumbnail","hentry","category-network"],"yoast_head":"<!-- This site is optimized with the Yoast SEO plugin v27.5 - https:\/\/yoast.com\/product\/yoast-seo-wordpress\/ -->\n<title>La Conturband lascia \u201cCasa delle Idee\u201d\u00a0\u200b - La Voce del Paese<\/title>\n<meta name=\"robots\" content=\"index, follow, max-snippet:-1, max-image-preview:large, max-video-preview:-1\" \/>\n<link rel=\"canonical\" href=\"https:\/\/lavocedelpaese.info\/index.php\/2024\/12\/20\/la-conturband-lascia-casa-delle-idee\/\" \/>\n<meta property=\"og:locale\" content=\"it_IT\" \/>\n<meta property=\"og:type\" content=\"article\" \/>\n<meta property=\"og:title\" content=\"La Conturband lascia \u201cCasa delle Idee\u201d\u00a0\u200b - La Voce del Paese\" \/>\n<meta property=\"og:description\" content=\"\u00a0 \u200b\u00a0 \u200b\u00a0 Nuccio Gargano: \u201cAbbiamo sempre lavorato con passione per noi e per la collettivit\u00e0\u201d Lo scorso 18 dicembre\" \/>\n<meta property=\"og:url\" content=\"https:\/\/lavocedelpaese.info\/index.php\/2024\/12\/20\/la-conturband-lascia-casa-delle-idee\/\" \/>\n<meta property=\"og:site_name\" content=\"La Voce del Paese\" \/>\n<meta property=\"article:publisher\" content=\"https:\/\/www.facebook.com\/lavocedelpaese.info\" \/>\n<meta property=\"article:published_time\" content=\"2024-12-20T07:15:44+00:00\" \/>\n<meta name=\"twitter:card\" content=\"summary_large_image\" \/>\n<meta name=\"twitter:label1\" content=\"Tempo di lettura stimato\" \/>\n\t<meta name=\"twitter:data1\" content=\"5 minuti\" \/>\n<script type=\"application\/ld+json\" class=\"yoast-schema-graph\">{\"@context\":\"https:\\\/\\\/schema.org\",\"@graph\":[{\"@type\":\"Article\",\"@id\":\"https:\\\/\\\/lavocedelpaese.info\\\/index.php\\\/2024\\\/12\\\/20\\\/la-conturband-lascia-casa-delle-idee\\\/#article\",\"isPartOf\":{\"@id\":\"https:\\\/\\\/lavocedelpaese.info\\\/index.php\\\/2024\\\/12\\\/20\\\/la-conturband-lascia-casa-delle-idee\\\/\"},\"author\":{\"name\":\"\",\"@id\":\"\"},\"headline\":\"La Conturband lascia \u201cCasa delle Idee\u201d\u00a0\u200b\",\"datePublished\":\"2024-12-20T07:15:44+00:00\",\"mainEntityOfPage\":{\"@id\":\"https:\\\/\\\/lavocedelpaese.info\\\/index.php\\\/2024\\\/12\\\/20\\\/la-conturband-lascia-casa-delle-idee\\\/\"},\"wordCount\":994,\"commentCount\":0,\"publisher\":{\"@id\":\"https:\\\/\\\/lavocedelpaese.info\\\/#organization\"},\"image\":{\"@id\":\"https:\\\/\\\/lavocedelpaese.info\\\/index.php\\\/2024\\\/12\\\/20\\\/la-conturband-lascia-casa-delle-idee\\\/#primaryimage\"},\"thumbnailUrl\":\"https:\\\/\\\/lavocedelpaese.info\\\/wp-content\\\/uploads\\\/2023\\\/01\\\/logo-150-127.png\",\"articleSection\":[\"network\"],\"inLanguage\":\"it-IT\",\"potentialAction\":[{\"@type\":\"CommentAction\",\"name\":\"Comment\",\"target\":[\"https:\\\/\\\/lavocedelpaese.info\\\/index.php\\\/2024\\\/12\\\/20\\\/la-conturband-lascia-casa-delle-idee\\\/#respond\"]}]},{\"@type\":\"WebPage\",\"@id\":\"https:\\\/\\\/lavocedelpaese.info\\\/index.php\\\/2024\\\/12\\\/20\\\/la-conturband-lascia-casa-delle-idee\\\/\",\"url\":\"https:\\\/\\\/lavocedelpaese.info\\\/index.php\\\/2024\\\/12\\\/20\\\/la-conturband-lascia-casa-delle-idee\\\/\",\"name\":\"La Conturband lascia \u201cCasa delle Idee\u201d\u00a0\u200b - La Voce del Paese\",\"isPartOf\":{\"@id\":\"https:\\\/\\\/lavocedelpaese.info\\\/#website\"},\"primaryImageOfPage\":{\"@id\":\"https:\\\/\\\/lavocedelpaese.info\\\/index.php\\\/2024\\\/12\\\/20\\\/la-conturband-lascia-casa-delle-idee\\\/#primaryimage\"},\"image\":{\"@id\":\"https:\\\/\\\/lavocedelpaese.info\\\/index.php\\\/2024\\\/12\\\/20\\\/la-conturband-lascia-casa-delle-idee\\\/#primaryimage\"},\"thumbnailUrl\":\"https:\\\/\\\/lavocedelpaese.info\\\/wp-content\\\/uploads\\\/2023\\\/01\\\/logo-150-127.png\",\"datePublished\":\"2024-12-20T07:15:44+00:00\",\"breadcrumb\":{\"@id\":\"https:\\\/\\\/lavocedelpaese.info\\\/index.php\\\/2024\\\/12\\\/20\\\/la-conturband-lascia-casa-delle-idee\\\/#breadcrumb\"},\"inLanguage\":\"it-IT\",\"potentialAction\":[{\"@type\":\"ReadAction\",\"target\":[\"https:\\\/\\\/lavocedelpaese.info\\\/index.php\\\/2024\\\/12\\\/20\\\/la-conturband-lascia-casa-delle-idee\\\/\"]}]},{\"@type\":\"ImageObject\",\"inLanguage\":\"it-IT\",\"@id\":\"https:\\\/\\\/lavocedelpaese.info\\\/index.php\\\/2024\\\/12\\\/20\\\/la-conturband-lascia-casa-delle-idee\\\/#primaryimage\",\"url\":\"https:\\\/\\\/lavocedelpaese.info\\\/wp-content\\\/uploads\\\/2023\\\/01\\\/logo-150-127.png\",\"contentUrl\":\"https:\\\/\\\/lavocedelpaese.info\\\/wp-content\\\/uploads\\\/2023\\\/01\\\/logo-150-127.png\",\"width\":150,\"height\":127},{\"@type\":\"BreadcrumbList\",\"@id\":\"https:\\\/\\\/lavocedelpaese.info\\\/index.php\\\/2024\\\/12\\\/20\\\/la-conturband-lascia-casa-delle-idee\\\/#breadcrumb\",\"itemListElement\":[{\"@type\":\"ListItem\",\"position\":1,\"name\":\"Home\",\"item\":\"https:\\\/\\\/lavocedelpaese.info\\\/\"},{\"@type\":\"ListItem\",\"position\":2,\"name\":\"La Conturband lascia \u201cCasa delle Idee\u201d\u00a0\u200b\"}]},{\"@type\":\"WebSite\",\"@id\":\"https:\\\/\\\/lavocedelpaese.info\\\/#website\",\"url\":\"https:\\\/\\\/lavocedelpaese.info\\\/\",\"name\":\"La Voce del Paese\",\"description\":\"Un network di idee\",\"publisher\":{\"@id\":\"https:\\\/\\\/lavocedelpaese.info\\\/#organization\"},\"potentialAction\":[{\"@type\":\"SearchAction\",\"target\":{\"@type\":\"EntryPoint\",\"urlTemplate\":\"https:\\\/\\\/lavocedelpaese.info\\\/?s={search_term_string}\"},\"query-input\":{\"@type\":\"PropertyValueSpecification\",\"valueRequired\":true,\"valueName\":\"search_term_string\"}}],\"inLanguage\":\"it-IT\"},{\"@type\":\"Organization\",\"@id\":\"https:\\\/\\\/lavocedelpaese.info\\\/#organization\",\"name\":\"La Voce del Paese\",\"url\":\"https:\\\/\\\/lavocedelpaese.info\\\/\",\"logo\":{\"@type\":\"ImageObject\",\"inLanguage\":\"it-IT\",\"@id\":\"https:\\\/\\\/lavocedelpaese.info\\\/#\\\/schema\\\/logo\\\/image\\\/\",\"url\":\"https:\\\/\\\/lavocedelpaese.info\\\/wp-content\\\/uploads\\\/2023\\\/01\\\/cropped-logo-150-127.png\",\"contentUrl\":\"https:\\\/\\\/lavocedelpaese.info\\\/wp-content\\\/uploads\\\/2023\\\/01\\\/cropped-logo-150-127.png\",\"width\":137,\"height\":119,\"caption\":\"La Voce del Paese\"},\"image\":{\"@id\":\"https:\\\/\\\/lavocedelpaese.info\\\/#\\\/schema\\\/logo\\\/image\\\/\"},\"sameAs\":[\"https:\\\/\\\/www.facebook.com\\\/lavocedelpaese.info\"]}]}<\/script>\n<!-- \/ Yoast SEO plugin. -->","yoast_head_json":{"title":"La Conturband lascia \u201cCasa delle Idee\u201d\u00a0\u200b - La Voce del Paese","robots":{"index":"index","follow":"follow","max-snippet":"max-snippet:-1","max-image-preview":"max-image-preview:large","max-video-preview":"max-video-preview:-1"},"canonical":"https:\/\/lavocedelpaese.info\/index.php\/2024\/12\/20\/la-conturband-lascia-casa-delle-idee\/","og_locale":"it_IT","og_type":"article","og_title":"La Conturband lascia \u201cCasa delle Idee\u201d\u00a0\u200b - La Voce del Paese","og_description":"\u00a0 \u200b\u00a0 \u200b\u00a0 Nuccio Gargano: \u201cAbbiamo sempre lavorato con passione per noi e per la collettivit\u00e0\u201d Lo scorso 18 dicembre","og_url":"https:\/\/lavocedelpaese.info\/index.php\/2024\/12\/20\/la-conturband-lascia-casa-delle-idee\/","og_site_name":"La Voce del Paese","article_publisher":"https:\/\/www.facebook.com\/lavocedelpaese.info","article_published_time":"2024-12-20T07:15:44+00:00","twitter_card":"summary_large_image","twitter_misc":{"Tempo di lettura stimato":"5 minuti"},"schema":{"@context":"https:\/\/schema.org","@graph":[{"@type":"Article","@id":"https:\/\/lavocedelpaese.info\/index.php\/2024\/12\/20\/la-conturband-lascia-casa-delle-idee\/#article","isPartOf":{"@id":"https:\/\/lavocedelpaese.info\/index.php\/2024\/12\/20\/la-conturband-lascia-casa-delle-idee\/"},"author":{"name":"","@id":""},"headline":"La Conturband lascia \u201cCasa delle Idee\u201d\u00a0\u200b","datePublished":"2024-12-20T07:15:44+00:00","mainEntityOfPage":{"@id":"https:\/\/lavocedelpaese.info\/index.php\/2024\/12\/20\/la-conturband-lascia-casa-delle-idee\/"},"wordCount":994,"commentCount":0,"publisher":{"@id":"https:\/\/lavocedelpaese.info\/#organization"},"image":{"@id":"https:\/\/lavocedelpaese.info\/index.php\/2024\/12\/20\/la-conturband-lascia-casa-delle-idee\/#primaryimage"},"thumbnailUrl":"https:\/\/lavocedelpaese.info\/wp-content\/uploads\/2023\/01\/logo-150-127.png","articleSection":["network"],"inLanguage":"it-IT","potentialAction":[{"@type":"CommentAction","name":"Comment","target":["https:\/\/lavocedelpaese.info\/index.php\/2024\/12\/20\/la-conturband-lascia-casa-delle-idee\/#respond"]}]},{"@type":"WebPage","@id":"https:\/\/lavocedelpaese.info\/index.php\/2024\/12\/20\/la-conturband-lascia-casa-delle-idee\/","url":"https:\/\/lavocedelpaese.info\/index.php\/2024\/12\/20\/la-conturband-lascia-casa-delle-idee\/","name":"La Conturband lascia \u201cCasa delle Idee\u201d\u00a0\u200b - La Voce del Paese","isPartOf":{"@id":"https:\/\/lavocedelpaese.info\/#website"},"primaryImageOfPage":{"@id":"https:\/\/lavocedelpaese.info\/index.php\/2024\/12\/20\/la-conturband-lascia-casa-delle-idee\/#primaryimage"},"image":{"@id":"https:\/\/lavocedelpaese.info\/index.php\/2024\/12\/20\/la-conturband-lascia-casa-delle-idee\/#primaryimage"},"thumbnailUrl":"https:\/\/lavocedelpaese.info\/wp-content\/uploads\/2023\/01\/logo-150-127.png","datePublished":"2024-12-20T07:15:44+00:00","breadcrumb":{"@id":"https:\/\/lavocedelpaese.info\/index.php\/2024\/12\/20\/la-conturband-lascia-casa-delle-idee\/#breadcrumb"},"inLanguage":"it-IT","potentialAction":[{"@type":"ReadAction","target":["https:\/\/lavocedelpaese.info\/index.php\/2024\/12\/20\/la-conturband-lascia-casa-delle-idee\/"]}]},{"@type":"ImageObject","inLanguage":"it-IT","@id":"https:\/\/lavocedelpaese.info\/index.php\/2024\/12\/20\/la-conturband-lascia-casa-delle-idee\/#primaryimage","url":"https:\/\/lavocedelpaese.info\/wp-content\/uploads\/2023\/01\/logo-150-127.png","contentUrl":"https:\/\/lavocedelpaese.info\/wp-content\/uploads\/2023\/01\/logo-150-127.png","width":150,"height":127},{"@type":"BreadcrumbList","@id":"https:\/\/lavocedelpaese.info\/index.php\/2024\/12\/20\/la-conturband-lascia-casa-delle-idee\/#breadcrumb","itemListElement":[{"@type":"ListItem","position":1,"name":"Home","item":"https:\/\/lavocedelpaese.info\/"},{"@type":"ListItem","position":2,"name":"La Conturband lascia \u201cCasa delle Idee\u201d\u00a0\u200b"}]},{"@type":"WebSite","@id":"https:\/\/lavocedelpaese.info\/#website","url":"https:\/\/lavocedelpaese.info\/","name":"La Voce del Paese","description":"Un network di idee","publisher":{"@id":"https:\/\/lavocedelpaese.info\/#organization"},"potentialAction":[{"@type":"SearchAction","target":{"@type":"EntryPoint","urlTemplate":"https:\/\/lavocedelpaese.info\/?s={search_term_string}"},"query-input":{"@type":"PropertyValueSpecification","valueRequired":true,"valueName":"search_term_string"}}],"inLanguage":"it-IT"},{"@type":"Organization","@id":"https:\/\/lavocedelpaese.info\/#organization","name":"La Voce del Paese","url":"https:\/\/lavocedelpaese.info\/","logo":{"@type":"ImageObject","inLanguage":"it-IT","@id":"https:\/\/lavocedelpaese.info\/#\/schema\/logo\/image\/","url":"https:\/\/lavocedelpaese.info\/wp-content\/uploads\/2023\/01\/cropped-logo-150-127.png","contentUrl":"https:\/\/lavocedelpaese.info\/wp-content\/uploads\/2023\/01\/cropped-logo-150-127.png","width":137,"height":119,"caption":"La Voce del Paese"},"image":{"@id":"https:\/\/lavocedelpaese.info\/#\/schema\/logo\/image\/"},"sameAs":["https:\/\/www.facebook.com\/lavocedelpaese.info"]}]}},"_links":{"self":[{"href":"https:\/\/lavocedelpaese.info\/index.php\/wp-json\/wp\/v2\/posts\/8579","targetHints":{"allow":["GET"]}}],"collection":[{"href":"https:\/\/lavocedelpaese.info\/index.php\/wp-json\/wp\/v2\/posts"}],"about":[{"href":"https:\/\/lavocedelpaese.info\/index.php\/wp-json\/wp\/v2\/types\/post"}],"replies":[{"embeddable":true,"href":"https:\/\/lavocedelpaese.info\/index.php\/wp-json\/wp\/v2\/comments?post=8579"}],"version-history":[{"count":0,"href":"https:\/\/lavocedelpaese.info\/index.php\/wp-json\/wp\/v2\/posts\/8579\/revisions"}],"wp:featuredmedia":[{"embeddable":true,"href":"https:\/\/lavocedelpaese.info\/index.php\/wp-json\/wp\/v2\/media\/730"}],"wp:attachment":[{"href":"https:\/\/lavocedelpaese.info\/index.php\/wp-json\/wp\/v2\/media?parent=8579"}],"wp:term":[{"taxonomy":"category","embeddable":true,"href":"https:\/\/lavocedelpaese.info\/index.php\/wp-json\/wp\/v2\/categories?post=8579"},{"taxonomy":"post_tag","embeddable":true,"href":"https:\/\/lavocedelpaese.info\/index.php\/wp-json\/wp\/v2\/tags?post=8579"}],"curies":[{"name":"wp","href":"https:\/\/api.w.org\/{rel}","templated":true}]}}