{"id":8538,"date":"2024-12-13T08:14:20","date_gmt":"2024-12-13T08:14:20","guid":{"rendered":"https:\/\/lavocedelpaese.info\/index.php\/2024\/12\/13\/iva-sulla-tari-petizione-dei-sindaci-al-parlamento\/"},"modified":"2024-12-13T08:14:20","modified_gmt":"2024-12-13T08:14:20","slug":"iva-sulla-tari-petizione-dei-sindaci-al-parlamento","status":"publish","type":"post","link":"https:\/\/lavocedelpaese.info\/index.php\/2024\/12\/13\/iva-sulla-tari-petizione-dei-sindaci-al-parlamento\/","title":{"rendered":"Iva sulla Tari: petizione dei Sindaci al Parlamento\u00a0\u200b"},"content":{"rendered":"<p>\u00a0<\/p>\n<p>\u200b\u00a0<\/p>\n<p>\u200b\u00a0<\/p>\n<p>C\u2019\u00e8 anche il Sindaco di Cassano delle Murge, Davide Del re tra i 125 primi cittadini del Sud Italia che hanno sottoscritto una petizione inviata al Parlamento per scongiurare l\u2019aumento dell\u2019iva sulla Tassa Rifiuti, che imporrebbe ai Comuni un significativo aumento della Tari.<\/p>\n<p>\u201cNel silenzio generale  \u2013 si legge nella petizione \u2013 si sta per compiere l\u2019ennesimo misfatto a danno dei Comuni del Sud, che gi\u00e0 sono costretti a fare pagare ai loro cittadini una Tari pi\u00f9 alta che nel resto d\u2019Italia a causa della carenza di impianti. I tagli decisi dal governo generale e l\u2019aumento dell\u2019Iva per il conferimento dei rifiuti pongono le amministrazioni del Mezzogiorno di fronte a un\u2019alternativa drammatica: aumentare i tributi locali oppure ridurre servizi essenziali. Questo in un momento in cui il Sud ha bisogno, ora pi\u00f9 che mai, di far fronte a emergenze sociali aumentate per il ridimensionamento del reddito di cittadinanza e per l\u2019emergenza abitativa aggravata dal taglio ai contributi per gli affitti.<\/p>\n<p>\u00c8 arrivato il momento che i Comuni del Sud tornino a farsi sentire, come gi\u00e0 \u00e8 successo al momento dello stanziamento dei fondi del Pnrr, per i quali grazie a un\u2019azione sinergica si \u00e8 riusciti a ottenere che almeno il 40 per cento delle risorse fossero destinate al Mezzogiorno. Percentuale che tuttavia il governo cerca continuamente di mettere in discussione nell\u2019attuazione del piano, offensiva che richiede anch\u2019essa una risposta corale da parte dei municipi meridionali.<\/p>\n<p>Rivolgiamo quindi un appello alle forze politiche presenti in Parlamento perch\u00e9 vigilino e sostengano le nostre rivendicazioni, attraverso emendamenti alla legge di bilancio, a tutela delle popolazioni dei nostri territori, sulle quali rischiano di abbattersi gli effetti di provvedimenti che ingenerano ulteriore insicurezza sociale\u201d, conclude la nota.<\/p>\n<p><a class=\"a2a_button_facebook\" href=\"https:\/\/www.addtoany.com\/add_to\/facebook?linkurl=https%3A%2F%2Fcassano.lavocedelpaese.info%2Fiva-sulla-tari-petizione-dei-sindaci-al-parlamento%2F&amp;linkname=Iva%20sulla%20Tari%3A%20petizione%20dei%20Sindaci%20al%20Parlamento\" title=\"Facebook\" rel=\"nofollow noopener\" target=\"_blank\"><\/a><a class=\"a2a_button_twitter\" href=\"https:\/\/www.addtoany.com\/add_to\/twitter?linkurl=https%3A%2F%2Fcassano.lavocedelpaese.info%2Fiva-sulla-tari-petizione-dei-sindaci-al-parlamento%2F&amp;linkname=Iva%20sulla%20Tari%3A%20petizione%20dei%20Sindaci%20al%20Parlamento\" title=\"Twitter\" rel=\"nofollow noopener\" target=\"_blank\"><\/a><a class=\"a2a_button_whatsapp\" href=\"https:\/\/www.addtoany.com\/add_to\/whatsapp?linkurl=https%3A%2F%2Fcassano.lavocedelpaese.info%2Fiva-sulla-tari-petizione-dei-sindaci-al-parlamento%2F&amp;linkname=Iva%20sulla%20Tari%3A%20petizione%20dei%20Sindaci%20al%20Parlamento\" title=\"WhatsApp\" rel=\"nofollow noopener\" target=\"_blank\"><\/a><a class=\"a2a_button_telegram\" href=\"https:\/\/www.addtoany.com\/add_to\/telegram?linkurl=https%3A%2F%2Fcassano.lavocedelpaese.info%2Fiva-sulla-tari-petizione-dei-sindaci-al-parlamento%2F&amp;linkname=Iva%20sulla%20Tari%3A%20petizione%20dei%20Sindaci%20al%20Parlamento\" title=\"Telegram\" rel=\"nofollow noopener\" target=\"_blank\"><\/a><a class=\"a2a_button_email\" href=\"https:\/\/www.addtoany.com\/add_to\/email?linkurl=https%3A%2F%2Fcassano.lavocedelpaese.info%2Fiva-sulla-tari-petizione-dei-sindaci-al-parlamento%2F&amp;linkname=Iva%20sulla%20Tari%3A%20petizione%20dei%20Sindaci%20al%20Parlamento\" title=\"Email\" rel=\"nofollow noopener\" target=\"_blank\"><\/a><\/p>\n<p>\u00a0<\/p>\n<p>\u00a0<\/p>\n<p>\u200b\u00a0\u00a0\u00a0<\/p>","protected":false},"excerpt":{"rendered":"<p>\u00a0 \u200b\u00a0 \u200b\u00a0 C\u2019\u00e8 anche il Sindaco di Cassano delle Murge, Davide Del re tra i 125 primi cittadini del<\/p>\n","protected":false},"author":0,"featured_media":730,"comment_status":"open","ping_status":"closed","sticky":false,"template":"","format":"standard","meta":{"colormag_page_container_layout":"default_layout","colormag_page_sidebar_layout":"default_layout","footnotes":""},"categories":[33],"tags":[],"class_list":["post-8538","post","type-post","status-publish","format-standard","has-post-thumbnail","hentry","category-network"],"yoast_head":"<!-- This site is optimized with the Yoast SEO plugin v27.5 - https:\/\/yoast.com\/product\/yoast-seo-wordpress\/ -->\n<title>Iva sulla Tari: petizione dei Sindaci al Parlamento\u00a0\u200b - La Voce del Paese<\/title>\n<meta name=\"robots\" content=\"index, follow, max-snippet:-1, max-image-preview:large, max-video-preview:-1\" \/>\n<link rel=\"canonical\" href=\"https:\/\/lavocedelpaese.info\/index.php\/2024\/12\/13\/iva-sulla-tari-petizione-dei-sindaci-al-parlamento\/\" \/>\n<meta property=\"og:locale\" content=\"it_IT\" \/>\n<meta property=\"og:type\" content=\"article\" \/>\n<meta property=\"og:title\" content=\"Iva sulla Tari: petizione dei Sindaci al Parlamento\u00a0\u200b - La Voce del Paese\" \/>\n<meta property=\"og:description\" content=\"\u00a0 \u200b\u00a0 \u200b\u00a0 C\u2019\u00e8 anche il Sindaco di Cassano delle Murge, Davide Del re tra i 125 primi cittadini del\" \/>\n<meta property=\"og:url\" content=\"https:\/\/lavocedelpaese.info\/index.php\/2024\/12\/13\/iva-sulla-tari-petizione-dei-sindaci-al-parlamento\/\" \/>\n<meta property=\"og:site_name\" content=\"La Voce del Paese\" \/>\n<meta property=\"article:publisher\" content=\"https:\/\/www.facebook.com\/lavocedelpaese.info\" \/>\n<meta property=\"article:published_time\" content=\"2024-12-13T08:14:20+00:00\" \/>\n<meta name=\"twitter:card\" content=\"summary_large_image\" \/>\n<meta name=\"twitter:label1\" content=\"Tempo di lettura stimato\" \/>\n\t<meta name=\"twitter:data1\" content=\"1 minuto\" \/>\n<script type=\"application\/ld+json\" class=\"yoast-schema-graph\">{\"@context\":\"https:\\\/\\\/schema.org\",\"@graph\":[{\"@type\":\"Article\",\"@id\":\"https:\\\/\\\/lavocedelpaese.info\\\/index.php\\\/2024\\\/12\\\/13\\\/iva-sulla-tari-petizione-dei-sindaci-al-parlamento\\\/#article\",\"isPartOf\":{\"@id\":\"https:\\\/\\\/lavocedelpaese.info\\\/index.php\\\/2024\\\/12\\\/13\\\/iva-sulla-tari-petizione-dei-sindaci-al-parlamento\\\/\"},\"author\":{\"name\":\"\",\"@id\":\"\"},\"headline\":\"Iva sulla Tari: petizione dei Sindaci al Parlamento\u00a0\u200b\",\"datePublished\":\"2024-12-13T08:14:20+00:00\",\"mainEntityOfPage\":{\"@id\":\"https:\\\/\\\/lavocedelpaese.info\\\/index.php\\\/2024\\\/12\\\/13\\\/iva-sulla-tari-petizione-dei-sindaci-al-parlamento\\\/\"},\"wordCount\":294,\"commentCount\":0,\"publisher\":{\"@id\":\"https:\\\/\\\/lavocedelpaese.info\\\/#organization\"},\"image\":{\"@id\":\"https:\\\/\\\/lavocedelpaese.info\\\/index.php\\\/2024\\\/12\\\/13\\\/iva-sulla-tari-petizione-dei-sindaci-al-parlamento\\\/#primaryimage\"},\"thumbnailUrl\":\"https:\\\/\\\/lavocedelpaese.info\\\/wp-content\\\/uploads\\\/2023\\\/01\\\/logo-150-127.png\",\"articleSection\":[\"network\"],\"inLanguage\":\"it-IT\",\"potentialAction\":[{\"@type\":\"CommentAction\",\"name\":\"Comment\",\"target\":[\"https:\\\/\\\/lavocedelpaese.info\\\/index.php\\\/2024\\\/12\\\/13\\\/iva-sulla-tari-petizione-dei-sindaci-al-parlamento\\\/#respond\"]}]},{\"@type\":\"WebPage\",\"@id\":\"https:\\\/\\\/lavocedelpaese.info\\\/index.php\\\/2024\\\/12\\\/13\\\/iva-sulla-tari-petizione-dei-sindaci-al-parlamento\\\/\",\"url\":\"https:\\\/\\\/lavocedelpaese.info\\\/index.php\\\/2024\\\/12\\\/13\\\/iva-sulla-tari-petizione-dei-sindaci-al-parlamento\\\/\",\"name\":\"Iva sulla Tari: petizione dei Sindaci al Parlamento\u00a0\u200b - La Voce del Paese\",\"isPartOf\":{\"@id\":\"https:\\\/\\\/lavocedelpaese.info\\\/#website\"},\"primaryImageOfPage\":{\"@id\":\"https:\\\/\\\/lavocedelpaese.info\\\/index.php\\\/2024\\\/12\\\/13\\\/iva-sulla-tari-petizione-dei-sindaci-al-parlamento\\\/#primaryimage\"},\"image\":{\"@id\":\"https:\\\/\\\/lavocedelpaese.info\\\/index.php\\\/2024\\\/12\\\/13\\\/iva-sulla-tari-petizione-dei-sindaci-al-parlamento\\\/#primaryimage\"},\"thumbnailUrl\":\"https:\\\/\\\/lavocedelpaese.info\\\/wp-content\\\/uploads\\\/2023\\\/01\\\/logo-150-127.png\",\"datePublished\":\"2024-12-13T08:14:20+00:00\",\"breadcrumb\":{\"@id\":\"https:\\\/\\\/lavocedelpaese.info\\\/index.php\\\/2024\\\/12\\\/13\\\/iva-sulla-tari-petizione-dei-sindaci-al-parlamento\\\/#breadcrumb\"},\"inLanguage\":\"it-IT\",\"potentialAction\":[{\"@type\":\"ReadAction\",\"target\":[\"https:\\\/\\\/lavocedelpaese.info\\\/index.php\\\/2024\\\/12\\\/13\\\/iva-sulla-tari-petizione-dei-sindaci-al-parlamento\\\/\"]}]},{\"@type\":\"ImageObject\",\"inLanguage\":\"it-IT\",\"@id\":\"https:\\\/\\\/lavocedelpaese.info\\\/index.php\\\/2024\\\/12\\\/13\\\/iva-sulla-tari-petizione-dei-sindaci-al-parlamento\\\/#primaryimage\",\"url\":\"https:\\\/\\\/lavocedelpaese.info\\\/wp-content\\\/uploads\\\/2023\\\/01\\\/logo-150-127.png\",\"contentUrl\":\"https:\\\/\\\/lavocedelpaese.info\\\/wp-content\\\/uploads\\\/2023\\\/01\\\/logo-150-127.png\",\"width\":150,\"height\":127},{\"@type\":\"BreadcrumbList\",\"@id\":\"https:\\\/\\\/lavocedelpaese.info\\\/index.php\\\/2024\\\/12\\\/13\\\/iva-sulla-tari-petizione-dei-sindaci-al-parlamento\\\/#breadcrumb\",\"itemListElement\":[{\"@type\":\"ListItem\",\"position\":1,\"name\":\"Home\",\"item\":\"https:\\\/\\\/lavocedelpaese.info\\\/\"},{\"@type\":\"ListItem\",\"position\":2,\"name\":\"Iva sulla Tari: petizione dei Sindaci al Parlamento\u00a0\u200b\"}]},{\"@type\":\"WebSite\",\"@id\":\"https:\\\/\\\/lavocedelpaese.info\\\/#website\",\"url\":\"https:\\\/\\\/lavocedelpaese.info\\\/\",\"name\":\"La Voce del Paese\",\"description\":\"Un network di idee\",\"publisher\":{\"@id\":\"https:\\\/\\\/lavocedelpaese.info\\\/#organization\"},\"potentialAction\":[{\"@type\":\"SearchAction\",\"target\":{\"@type\":\"EntryPoint\",\"urlTemplate\":\"https:\\\/\\\/lavocedelpaese.info\\\/?s={search_term_string}\"},\"query-input\":{\"@type\":\"PropertyValueSpecification\",\"valueRequired\":true,\"valueName\":\"search_term_string\"}}],\"inLanguage\":\"it-IT\"},{\"@type\":\"Organization\",\"@id\":\"https:\\\/\\\/lavocedelpaese.info\\\/#organization\",\"name\":\"La Voce del Paese\",\"url\":\"https:\\\/\\\/lavocedelpaese.info\\\/\",\"logo\":{\"@type\":\"ImageObject\",\"inLanguage\":\"it-IT\",\"@id\":\"https:\\\/\\\/lavocedelpaese.info\\\/#\\\/schema\\\/logo\\\/image\\\/\",\"url\":\"https:\\\/\\\/lavocedelpaese.info\\\/wp-content\\\/uploads\\\/2023\\\/01\\\/cropped-logo-150-127.png\",\"contentUrl\":\"https:\\\/\\\/lavocedelpaese.info\\\/wp-content\\\/uploads\\\/2023\\\/01\\\/cropped-logo-150-127.png\",\"width\":137,\"height\":119,\"caption\":\"La Voce del Paese\"},\"image\":{\"@id\":\"https:\\\/\\\/lavocedelpaese.info\\\/#\\\/schema\\\/logo\\\/image\\\/\"},\"sameAs\":[\"https:\\\/\\\/www.facebook.com\\\/lavocedelpaese.info\"]}]}<\/script>\n<!-- \/ Yoast SEO plugin. -->","yoast_head_json":{"title":"Iva sulla Tari: petizione dei Sindaci al Parlamento\u00a0\u200b - La Voce del Paese","robots":{"index":"index","follow":"follow","max-snippet":"max-snippet:-1","max-image-preview":"max-image-preview:large","max-video-preview":"max-video-preview:-1"},"canonical":"https:\/\/lavocedelpaese.info\/index.php\/2024\/12\/13\/iva-sulla-tari-petizione-dei-sindaci-al-parlamento\/","og_locale":"it_IT","og_type":"article","og_title":"Iva sulla Tari: petizione dei Sindaci al Parlamento\u00a0\u200b - La Voce del Paese","og_description":"\u00a0 \u200b\u00a0 \u200b\u00a0 C\u2019\u00e8 anche il Sindaco di Cassano delle Murge, Davide Del re tra i 125 primi cittadini del","og_url":"https:\/\/lavocedelpaese.info\/index.php\/2024\/12\/13\/iva-sulla-tari-petizione-dei-sindaci-al-parlamento\/","og_site_name":"La Voce del Paese","article_publisher":"https:\/\/www.facebook.com\/lavocedelpaese.info","article_published_time":"2024-12-13T08:14:20+00:00","twitter_card":"summary_large_image","twitter_misc":{"Tempo di lettura stimato":"1 minuto"},"schema":{"@context":"https:\/\/schema.org","@graph":[{"@type":"Article","@id":"https:\/\/lavocedelpaese.info\/index.php\/2024\/12\/13\/iva-sulla-tari-petizione-dei-sindaci-al-parlamento\/#article","isPartOf":{"@id":"https:\/\/lavocedelpaese.info\/index.php\/2024\/12\/13\/iva-sulla-tari-petizione-dei-sindaci-al-parlamento\/"},"author":{"name":"","@id":""},"headline":"Iva sulla Tari: petizione dei Sindaci al Parlamento\u00a0\u200b","datePublished":"2024-12-13T08:14:20+00:00","mainEntityOfPage":{"@id":"https:\/\/lavocedelpaese.info\/index.php\/2024\/12\/13\/iva-sulla-tari-petizione-dei-sindaci-al-parlamento\/"},"wordCount":294,"commentCount":0,"publisher":{"@id":"https:\/\/lavocedelpaese.info\/#organization"},"image":{"@id":"https:\/\/lavocedelpaese.info\/index.php\/2024\/12\/13\/iva-sulla-tari-petizione-dei-sindaci-al-parlamento\/#primaryimage"},"thumbnailUrl":"https:\/\/lavocedelpaese.info\/wp-content\/uploads\/2023\/01\/logo-150-127.png","articleSection":["network"],"inLanguage":"it-IT","potentialAction":[{"@type":"CommentAction","name":"Comment","target":["https:\/\/lavocedelpaese.info\/index.php\/2024\/12\/13\/iva-sulla-tari-petizione-dei-sindaci-al-parlamento\/#respond"]}]},{"@type":"WebPage","@id":"https:\/\/lavocedelpaese.info\/index.php\/2024\/12\/13\/iva-sulla-tari-petizione-dei-sindaci-al-parlamento\/","url":"https:\/\/lavocedelpaese.info\/index.php\/2024\/12\/13\/iva-sulla-tari-petizione-dei-sindaci-al-parlamento\/","name":"Iva sulla Tari: petizione dei Sindaci al Parlamento\u00a0\u200b - La Voce del Paese","isPartOf":{"@id":"https:\/\/lavocedelpaese.info\/#website"},"primaryImageOfPage":{"@id":"https:\/\/lavocedelpaese.info\/index.php\/2024\/12\/13\/iva-sulla-tari-petizione-dei-sindaci-al-parlamento\/#primaryimage"},"image":{"@id":"https:\/\/lavocedelpaese.info\/index.php\/2024\/12\/13\/iva-sulla-tari-petizione-dei-sindaci-al-parlamento\/#primaryimage"},"thumbnailUrl":"https:\/\/lavocedelpaese.info\/wp-content\/uploads\/2023\/01\/logo-150-127.png","datePublished":"2024-12-13T08:14:20+00:00","breadcrumb":{"@id":"https:\/\/lavocedelpaese.info\/index.php\/2024\/12\/13\/iva-sulla-tari-petizione-dei-sindaci-al-parlamento\/#breadcrumb"},"inLanguage":"it-IT","potentialAction":[{"@type":"ReadAction","target":["https:\/\/lavocedelpaese.info\/index.php\/2024\/12\/13\/iva-sulla-tari-petizione-dei-sindaci-al-parlamento\/"]}]},{"@type":"ImageObject","inLanguage":"it-IT","@id":"https:\/\/lavocedelpaese.info\/index.php\/2024\/12\/13\/iva-sulla-tari-petizione-dei-sindaci-al-parlamento\/#primaryimage","url":"https:\/\/lavocedelpaese.info\/wp-content\/uploads\/2023\/01\/logo-150-127.png","contentUrl":"https:\/\/lavocedelpaese.info\/wp-content\/uploads\/2023\/01\/logo-150-127.png","width":150,"height":127},{"@type":"BreadcrumbList","@id":"https:\/\/lavocedelpaese.info\/index.php\/2024\/12\/13\/iva-sulla-tari-petizione-dei-sindaci-al-parlamento\/#breadcrumb","itemListElement":[{"@type":"ListItem","position":1,"name":"Home","item":"https:\/\/lavocedelpaese.info\/"},{"@type":"ListItem","position":2,"name":"Iva sulla Tari: petizione dei Sindaci al Parlamento\u00a0\u200b"}]},{"@type":"WebSite","@id":"https:\/\/lavocedelpaese.info\/#website","url":"https:\/\/lavocedelpaese.info\/","name":"La Voce del Paese","description":"Un network di idee","publisher":{"@id":"https:\/\/lavocedelpaese.info\/#organization"},"potentialAction":[{"@type":"SearchAction","target":{"@type":"EntryPoint","urlTemplate":"https:\/\/lavocedelpaese.info\/?s={search_term_string}"},"query-input":{"@type":"PropertyValueSpecification","valueRequired":true,"valueName":"search_term_string"}}],"inLanguage":"it-IT"},{"@type":"Organization","@id":"https:\/\/lavocedelpaese.info\/#organization","name":"La Voce del Paese","url":"https:\/\/lavocedelpaese.info\/","logo":{"@type":"ImageObject","inLanguage":"it-IT","@id":"https:\/\/lavocedelpaese.info\/#\/schema\/logo\/image\/","url":"https:\/\/lavocedelpaese.info\/wp-content\/uploads\/2023\/01\/cropped-logo-150-127.png","contentUrl":"https:\/\/lavocedelpaese.info\/wp-content\/uploads\/2023\/01\/cropped-logo-150-127.png","width":137,"height":119,"caption":"La Voce del Paese"},"image":{"@id":"https:\/\/lavocedelpaese.info\/#\/schema\/logo\/image\/"},"sameAs":["https:\/\/www.facebook.com\/lavocedelpaese.info"]}]}},"_links":{"self":[{"href":"https:\/\/lavocedelpaese.info\/index.php\/wp-json\/wp\/v2\/posts\/8538","targetHints":{"allow":["GET"]}}],"collection":[{"href":"https:\/\/lavocedelpaese.info\/index.php\/wp-json\/wp\/v2\/posts"}],"about":[{"href":"https:\/\/lavocedelpaese.info\/index.php\/wp-json\/wp\/v2\/types\/post"}],"replies":[{"embeddable":true,"href":"https:\/\/lavocedelpaese.info\/index.php\/wp-json\/wp\/v2\/comments?post=8538"}],"version-history":[{"count":0,"href":"https:\/\/lavocedelpaese.info\/index.php\/wp-json\/wp\/v2\/posts\/8538\/revisions"}],"wp:featuredmedia":[{"embeddable":true,"href":"https:\/\/lavocedelpaese.info\/index.php\/wp-json\/wp\/v2\/media\/730"}],"wp:attachment":[{"href":"https:\/\/lavocedelpaese.info\/index.php\/wp-json\/wp\/v2\/media?parent=8538"}],"wp:term":[{"taxonomy":"category","embeddable":true,"href":"https:\/\/lavocedelpaese.info\/index.php\/wp-json\/wp\/v2\/categories?post=8538"},{"taxonomy":"post_tag","embeddable":true,"href":"https:\/\/lavocedelpaese.info\/index.php\/wp-json\/wp\/v2\/tags?post=8538"}],"curies":[{"name":"wp","href":"https:\/\/api.w.org\/{rel}","templated":true}]}}