{"id":8530,"date":"2024-12-13T08:14:13","date_gmt":"2024-12-13T08:14:13","guid":{"rendered":"https:\/\/lavocedelpaese.info\/index.php\/2024\/12\/13\/concorso-fotografico-2024-2025-scatti-di-cioccolato\/"},"modified":"2024-12-13T08:14:13","modified_gmt":"2024-12-13T08:14:13","slug":"concorso-fotografico-2024-2025-scatti-di-cioccolato","status":"publish","type":"post","link":"https:\/\/lavocedelpaese.info\/index.php\/2024\/12\/13\/concorso-fotografico-2024-2025-scatti-di-cioccolato\/","title":{"rendered":"Concorso Fotografico 2024\/2025: \u201cScatti di cioccolato\u201d\u00a0\u200b"},"content":{"rendered":"<p>\u00a0<\/p>\n<p>\u200b\u00a0<\/p>\n<p>\u200b\u00a0<\/p>\n<p>Organizzato dal Caf\u00e8 Letterario, un gruppo di ragazzi appassionati di lettura e creativit\u00e0, con la voglia di vivere momenti di condivisione e bellezza lontani dalla tecnologia.<\/p>\n<p>Il Natale \u00e8 magia, dolcezza e dettagli unici\u2026 E tu? Sei pronto a catturarli in uno scatto?<\/p>\n<p>IL TEMA<\/p>\n<p>\u201cScatti di Cioccolato\u201d<\/p>\n<p>Un invito a raccontare il Natale con semplicit\u00e0 e creativit\u00e0, catturando quei momenti fatti di cioccolato e magia che rendono speciale questa festa. Ogni scatto deve trasmettere emozioni uniche e celebrare la bellezza del Natale.<\/p>\n<p>CHI PU\u00d2 PARTECIPARE?<\/p>\n<p>Il concorso \u00e8 aperto a tutti, senza limiti di et\u00e0! Che tu sia un principiante o un amante della fotografia, ci\u00f2 che conta \u00e8 la voglia di metterti in gioco.<\/p>\n<p>COME PARTECIPARE?<\/p>\n<p>Iscrizione:<\/p>\n<p>\u2022 Contatta i ragazzi del Caf\u00e8 Letterario.<\/p>\n<p>\u2022 Versa la quota di partecipazione di \u20ac5,00, che potrai consegnare:<\/p>\n<p>\u2022 Presso la Mondadori di Acquaviva delle Fonti<\/p>\n<p>\u2022 Presso l\u2019ambulatorio del dottore Saldutti (Piazza Vittorio Emanuele II).<\/p>\n<p>Modalit\u00e0 di scatto:<\/p>\n<p>\u2022 Le fotografie devono essere scattate esclusivamente con il telefono.<\/p>\n<p>\u2022 Si possono inviare da 1 a 3 foto (se pi\u00f9 di una, vanno inviate tutte insieme).<\/p>\n<p>\u2022 L\u2019obiettivo: rappresentare la magia del Natale in modo autentico e semplice, senza l\u2019uso di fotocamere professionali.<\/p>\n<p>Invio foto:<\/p>\n<p>Durante il periodo natalizio, invia le tue fotografie all\u2019email indicata nella locandina ufficiale del concorso.<\/p>\n<p>PERCH\u00c9 PARTECIPARE?<\/p>\n<p>\u2022 Per celebrare il Natale attraverso il tuo punto di vista.<\/p>\n<p>\u2022 Per condividere la bellezza e la magia del periodo pi\u00f9 dolce dell\u2019anno.<\/p>\n<p>\u2022 Per costruire ricordi indimenticabili insieme alla nostra comunit\u00e0.<\/p>\n<p>Unisciti a noi e cattura l\u2019essenza del Natale con uno scatto!<\/p>\n<p>Sar\u00e0 un\u2019esperienza unica, dolce e creativa che ci porter\u00e0 a riscoprire la bellezza delle piccole cose.<\/p>\n<p>Per informazioni e dettagli contatta i ragazzi del @caf\u00e8 letterario <a href=\"https:\/\/www.facebook.com\/profile.php?id=100063485563698&amp;__cft__%5B0%5D=AZUwo1SSyJgAkfGB69dbLdPhvlR_nlOpJRpmAYrdIQwGYNacaIbKTeCe1TaVo5iRR7auFS3ZgyhhWvMiQo3M2Inio_f12OxRmKb_FVj5OjbR_LvbTiENarzWrLIAzFYYiAJCwVAZj1yiN9o-RZum6mCtciLDvmPMZSmuxMLHjKD3oxVSCkxDHgdBCmCRnUhpfN4OMh-QnoGvzsDqZoGhXPJO&amp;__tn__=-%5DK-y-R\">Associazione Culturale Il Circolo del Grillo Parlante<\/a><\/p>\n<figure class=\"wp-block-image size-full\"><img decoding=\"async\" src=\"https:\/\/acquaviva.lavocedelpaese.info\/wp-content\/uploads\/2024\/12\/469875377_10225576915081531_1708665882198752155_n.jpg\" alt=\"\" class=\"wp-image-5140\"\/><\/figure>\n<p><a class=\"a2a_button_facebook\" href=\"https:\/\/www.addtoany.com\/add_to\/facebook?linkurl=https%3A%2F%2Facquaviva.lavocedelpaese.info%2Findex.php%2F2024%2F12%2F13%2Fconcorso-fotografico-2024-2025-scatti-di-cioccolato%2F&amp;linkname=Concorso%20Fotografico%202024%2F2025%3A%20%E2%80%9CScatti%20di%20cioccolato%E2%80%9D\" title=\"Facebook\" rel=\"nofollow noopener\" target=\"_blank\"><\/a><a class=\"a2a_button_twitter\" href=\"https:\/\/www.addtoany.com\/add_to\/twitter?linkurl=https%3A%2F%2Facquaviva.lavocedelpaese.info%2Findex.php%2F2024%2F12%2F13%2Fconcorso-fotografico-2024-2025-scatti-di-cioccolato%2F&amp;linkname=Concorso%20Fotografico%202024%2F2025%3A%20%E2%80%9CScatti%20di%20cioccolato%E2%80%9D\" title=\"Twitter\" rel=\"nofollow noopener\" target=\"_blank\"><\/a><a class=\"a2a_button_whatsapp\" href=\"https:\/\/www.addtoany.com\/add_to\/whatsapp?linkurl=https%3A%2F%2Facquaviva.lavocedelpaese.info%2Findex.php%2F2024%2F12%2F13%2Fconcorso-fotografico-2024-2025-scatti-di-cioccolato%2F&amp;linkname=Concorso%20Fotografico%202024%2F2025%3A%20%E2%80%9CScatti%20di%20cioccolato%E2%80%9D\" title=\"WhatsApp\" rel=\"nofollow noopener\" target=\"_blank\"><\/a><a class=\"a2a_button_telegram\" href=\"https:\/\/www.addtoany.com\/add_to\/telegram?linkurl=https%3A%2F%2Facquaviva.lavocedelpaese.info%2Findex.php%2F2024%2F12%2F13%2Fconcorso-fotografico-2024-2025-scatti-di-cioccolato%2F&amp;linkname=Concorso%20Fotografico%202024%2F2025%3A%20%E2%80%9CScatti%20di%20cioccolato%E2%80%9D\" title=\"Telegram\" rel=\"nofollow noopener\" target=\"_blank\"><\/a><a class=\"a2a_button_email\" href=\"https:\/\/www.addtoany.com\/add_to\/email?linkurl=https%3A%2F%2Facquaviva.lavocedelpaese.info%2Findex.php%2F2024%2F12%2F13%2Fconcorso-fotografico-2024-2025-scatti-di-cioccolato%2F&amp;linkname=Concorso%20Fotografico%202024%2F2025%3A%20%E2%80%9CScatti%20di%20cioccolato%E2%80%9D\" title=\"Email\" rel=\"nofollow noopener\" target=\"_blank\"><\/a><\/p>\n<p>\u00a0<\/p>\n<p>\u00a0<\/p>\n<p>\u200b\u00a0\u00a0\u00a0<\/p>","protected":false},"excerpt":{"rendered":"<p>\u00a0 \u200b\u00a0 \u200b\u00a0 Organizzato dal Caf\u00e8 Letterario, un gruppo di ragazzi appassionati di lettura e creativit\u00e0, con la voglia di<\/p>\n","protected":false},"author":0,"featured_media":8531,"comment_status":"open","ping_status":"closed","sticky":false,"template":"","format":"standard","meta":{"colormag_page_container_layout":"default_layout","colormag_page_sidebar_layout":"default_layout","footnotes":""},"categories":[33],"tags":[],"class_list":["post-8530","post","type-post","status-publish","format-standard","has-post-thumbnail","hentry","category-network"],"yoast_head":"<!-- This site is optimized with the Yoast SEO plugin v27.5 - https:\/\/yoast.com\/product\/yoast-seo-wordpress\/ -->\n<title>Concorso Fotografico 2024\/2025: \u201cScatti di cioccolato\u201d\u00a0\u200b - La Voce del Paese<\/title>\n<meta name=\"robots\" content=\"index, follow, max-snippet:-1, max-image-preview:large, max-video-preview:-1\" \/>\n<link rel=\"canonical\" href=\"https:\/\/lavocedelpaese.info\/index.php\/2024\/12\/13\/concorso-fotografico-2024-2025-scatti-di-cioccolato\/\" \/>\n<meta property=\"og:locale\" content=\"it_IT\" \/>\n<meta property=\"og:type\" content=\"article\" \/>\n<meta property=\"og:title\" content=\"Concorso Fotografico 2024\/2025: \u201cScatti di cioccolato\u201d\u00a0\u200b - La Voce del Paese\" \/>\n<meta property=\"og:description\" content=\"\u00a0 \u200b\u00a0 \u200b\u00a0 Organizzato dal Caf\u00e8 Letterario, un gruppo di ragazzi appassionati di lettura e creativit\u00e0, con la voglia di\" \/>\n<meta property=\"og:url\" content=\"https:\/\/lavocedelpaese.info\/index.php\/2024\/12\/13\/concorso-fotografico-2024-2025-scatti-di-cioccolato\/\" \/>\n<meta property=\"og:site_name\" content=\"La Voce del Paese\" \/>\n<meta property=\"article:publisher\" content=\"https:\/\/www.facebook.com\/lavocedelpaese.info\" \/>\n<meta property=\"article:published_time\" content=\"2024-12-13T08:14:13+00:00\" \/>\n<meta name=\"twitter:card\" content=\"summary_large_image\" \/>\n<meta name=\"twitter:label1\" content=\"Tempo di lettura stimato\" \/>\n\t<meta name=\"twitter:data1\" content=\"1 minuto\" \/>\n<script type=\"application\/ld+json\" class=\"yoast-schema-graph\">{\"@context\":\"https:\\\/\\\/schema.org\",\"@graph\":[{\"@type\":\"Article\",\"@id\":\"https:\\\/\\\/lavocedelpaese.info\\\/index.php\\\/2024\\\/12\\\/13\\\/concorso-fotografico-2024-2025-scatti-di-cioccolato\\\/#article\",\"isPartOf\":{\"@id\":\"https:\\\/\\\/lavocedelpaese.info\\\/index.php\\\/2024\\\/12\\\/13\\\/concorso-fotografico-2024-2025-scatti-di-cioccolato\\\/\"},\"author\":{\"name\":\"\",\"@id\":\"\"},\"headline\":\"Concorso Fotografico 2024\\\/2025: \u201cScatti di cioccolato\u201d\u00a0\u200b\",\"datePublished\":\"2024-12-13T08:14:13+00:00\",\"mainEntityOfPage\":{\"@id\":\"https:\\\/\\\/lavocedelpaese.info\\\/index.php\\\/2024\\\/12\\\/13\\\/concorso-fotografico-2024-2025-scatti-di-cioccolato\\\/\"},\"wordCount\":294,\"commentCount\":0,\"publisher\":{\"@id\":\"https:\\\/\\\/lavocedelpaese.info\\\/#organization\"},\"image\":{\"@id\":\"https:\\\/\\\/lavocedelpaese.info\\\/index.php\\\/2024\\\/12\\\/13\\\/concorso-fotografico-2024-2025-scatti-di-cioccolato\\\/#primaryimage\"},\"thumbnailUrl\":\"https:\\\/\\\/lavocedelpaese.info\\\/wp-content\\\/uploads\\\/2024\\\/12\\\/469875377_10225576915081531_1708665882198752155_n-Wgllxr.jpeg\",\"articleSection\":[\"network\"],\"inLanguage\":\"it-IT\",\"potentialAction\":[{\"@type\":\"CommentAction\",\"name\":\"Comment\",\"target\":[\"https:\\\/\\\/lavocedelpaese.info\\\/index.php\\\/2024\\\/12\\\/13\\\/concorso-fotografico-2024-2025-scatti-di-cioccolato\\\/#respond\"]}]},{\"@type\":\"WebPage\",\"@id\":\"https:\\\/\\\/lavocedelpaese.info\\\/index.php\\\/2024\\\/12\\\/13\\\/concorso-fotografico-2024-2025-scatti-di-cioccolato\\\/\",\"url\":\"https:\\\/\\\/lavocedelpaese.info\\\/index.php\\\/2024\\\/12\\\/13\\\/concorso-fotografico-2024-2025-scatti-di-cioccolato\\\/\",\"name\":\"Concorso Fotografico 2024\\\/2025: \u201cScatti di cioccolato\u201d\u00a0\u200b - La Voce del Paese\",\"isPartOf\":{\"@id\":\"https:\\\/\\\/lavocedelpaese.info\\\/#website\"},\"primaryImageOfPage\":{\"@id\":\"https:\\\/\\\/lavocedelpaese.info\\\/index.php\\\/2024\\\/12\\\/13\\\/concorso-fotografico-2024-2025-scatti-di-cioccolato\\\/#primaryimage\"},\"image\":{\"@id\":\"https:\\\/\\\/lavocedelpaese.info\\\/index.php\\\/2024\\\/12\\\/13\\\/concorso-fotografico-2024-2025-scatti-di-cioccolato\\\/#primaryimage\"},\"thumbnailUrl\":\"https:\\\/\\\/lavocedelpaese.info\\\/wp-content\\\/uploads\\\/2024\\\/12\\\/469875377_10225576915081531_1708665882198752155_n-Wgllxr.jpeg\",\"datePublished\":\"2024-12-13T08:14:13+00:00\",\"breadcrumb\":{\"@id\":\"https:\\\/\\\/lavocedelpaese.info\\\/index.php\\\/2024\\\/12\\\/13\\\/concorso-fotografico-2024-2025-scatti-di-cioccolato\\\/#breadcrumb\"},\"inLanguage\":\"it-IT\",\"potentialAction\":[{\"@type\":\"ReadAction\",\"target\":[\"https:\\\/\\\/lavocedelpaese.info\\\/index.php\\\/2024\\\/12\\\/13\\\/concorso-fotografico-2024-2025-scatti-di-cioccolato\\\/\"]}]},{\"@type\":\"ImageObject\",\"inLanguage\":\"it-IT\",\"@id\":\"https:\\\/\\\/lavocedelpaese.info\\\/index.php\\\/2024\\\/12\\\/13\\\/concorso-fotografico-2024-2025-scatti-di-cioccolato\\\/#primaryimage\",\"url\":\"https:\\\/\\\/lavocedelpaese.info\\\/wp-content\\\/uploads\\\/2024\\\/12\\\/469875377_10225576915081531_1708665882198752155_n-Wgllxr.jpeg\",\"contentUrl\":\"https:\\\/\\\/lavocedelpaese.info\\\/wp-content\\\/uploads\\\/2024\\\/12\\\/469875377_10225576915081531_1708665882198752155_n-Wgllxr.jpeg\",\"width\":566,\"height\":800},{\"@type\":\"BreadcrumbList\",\"@id\":\"https:\\\/\\\/lavocedelpaese.info\\\/index.php\\\/2024\\\/12\\\/13\\\/concorso-fotografico-2024-2025-scatti-di-cioccolato\\\/#breadcrumb\",\"itemListElement\":[{\"@type\":\"ListItem\",\"position\":1,\"name\":\"Home\",\"item\":\"https:\\\/\\\/lavocedelpaese.info\\\/\"},{\"@type\":\"ListItem\",\"position\":2,\"name\":\"Concorso Fotografico 2024\\\/2025: \u201cScatti di cioccolato\u201d\u00a0\u200b\"}]},{\"@type\":\"WebSite\",\"@id\":\"https:\\\/\\\/lavocedelpaese.info\\\/#website\",\"url\":\"https:\\\/\\\/lavocedelpaese.info\\\/\",\"name\":\"La Voce del Paese\",\"description\":\"Un network di idee\",\"publisher\":{\"@id\":\"https:\\\/\\\/lavocedelpaese.info\\\/#organization\"},\"potentialAction\":[{\"@type\":\"SearchAction\",\"target\":{\"@type\":\"EntryPoint\",\"urlTemplate\":\"https:\\\/\\\/lavocedelpaese.info\\\/?s={search_term_string}\"},\"query-input\":{\"@type\":\"PropertyValueSpecification\",\"valueRequired\":true,\"valueName\":\"search_term_string\"}}],\"inLanguage\":\"it-IT\"},{\"@type\":\"Organization\",\"@id\":\"https:\\\/\\\/lavocedelpaese.info\\\/#organization\",\"name\":\"La Voce del Paese\",\"url\":\"https:\\\/\\\/lavocedelpaese.info\\\/\",\"logo\":{\"@type\":\"ImageObject\",\"inLanguage\":\"it-IT\",\"@id\":\"https:\\\/\\\/lavocedelpaese.info\\\/#\\\/schema\\\/logo\\\/image\\\/\",\"url\":\"https:\\\/\\\/lavocedelpaese.info\\\/wp-content\\\/uploads\\\/2023\\\/01\\\/cropped-logo-150-127.png\",\"contentUrl\":\"https:\\\/\\\/lavocedelpaese.info\\\/wp-content\\\/uploads\\\/2023\\\/01\\\/cropped-logo-150-127.png\",\"width\":137,\"height\":119,\"caption\":\"La Voce del Paese\"},\"image\":{\"@id\":\"https:\\\/\\\/lavocedelpaese.info\\\/#\\\/schema\\\/logo\\\/image\\\/\"},\"sameAs\":[\"https:\\\/\\\/www.facebook.com\\\/lavocedelpaese.info\"]}]}<\/script>\n<!-- \/ Yoast SEO plugin. -->","yoast_head_json":{"title":"Concorso Fotografico 2024\/2025: \u201cScatti di cioccolato\u201d\u00a0\u200b - La Voce del Paese","robots":{"index":"index","follow":"follow","max-snippet":"max-snippet:-1","max-image-preview":"max-image-preview:large","max-video-preview":"max-video-preview:-1"},"canonical":"https:\/\/lavocedelpaese.info\/index.php\/2024\/12\/13\/concorso-fotografico-2024-2025-scatti-di-cioccolato\/","og_locale":"it_IT","og_type":"article","og_title":"Concorso Fotografico 2024\/2025: \u201cScatti di cioccolato\u201d\u00a0\u200b - La Voce del Paese","og_description":"\u00a0 \u200b\u00a0 \u200b\u00a0 Organizzato dal Caf\u00e8 Letterario, un gruppo di ragazzi appassionati di lettura e creativit\u00e0, con la voglia di","og_url":"https:\/\/lavocedelpaese.info\/index.php\/2024\/12\/13\/concorso-fotografico-2024-2025-scatti-di-cioccolato\/","og_site_name":"La Voce del Paese","article_publisher":"https:\/\/www.facebook.com\/lavocedelpaese.info","article_published_time":"2024-12-13T08:14:13+00:00","twitter_card":"summary_large_image","twitter_misc":{"Tempo di lettura stimato":"1 minuto"},"schema":{"@context":"https:\/\/schema.org","@graph":[{"@type":"Article","@id":"https:\/\/lavocedelpaese.info\/index.php\/2024\/12\/13\/concorso-fotografico-2024-2025-scatti-di-cioccolato\/#article","isPartOf":{"@id":"https:\/\/lavocedelpaese.info\/index.php\/2024\/12\/13\/concorso-fotografico-2024-2025-scatti-di-cioccolato\/"},"author":{"name":"","@id":""},"headline":"Concorso Fotografico 2024\/2025: \u201cScatti di cioccolato\u201d\u00a0\u200b","datePublished":"2024-12-13T08:14:13+00:00","mainEntityOfPage":{"@id":"https:\/\/lavocedelpaese.info\/index.php\/2024\/12\/13\/concorso-fotografico-2024-2025-scatti-di-cioccolato\/"},"wordCount":294,"commentCount":0,"publisher":{"@id":"https:\/\/lavocedelpaese.info\/#organization"},"image":{"@id":"https:\/\/lavocedelpaese.info\/index.php\/2024\/12\/13\/concorso-fotografico-2024-2025-scatti-di-cioccolato\/#primaryimage"},"thumbnailUrl":"https:\/\/lavocedelpaese.info\/wp-content\/uploads\/2024\/12\/469875377_10225576915081531_1708665882198752155_n-Wgllxr.jpeg","articleSection":["network"],"inLanguage":"it-IT","potentialAction":[{"@type":"CommentAction","name":"Comment","target":["https:\/\/lavocedelpaese.info\/index.php\/2024\/12\/13\/concorso-fotografico-2024-2025-scatti-di-cioccolato\/#respond"]}]},{"@type":"WebPage","@id":"https:\/\/lavocedelpaese.info\/index.php\/2024\/12\/13\/concorso-fotografico-2024-2025-scatti-di-cioccolato\/","url":"https:\/\/lavocedelpaese.info\/index.php\/2024\/12\/13\/concorso-fotografico-2024-2025-scatti-di-cioccolato\/","name":"Concorso Fotografico 2024\/2025: \u201cScatti di cioccolato\u201d\u00a0\u200b - La Voce del Paese","isPartOf":{"@id":"https:\/\/lavocedelpaese.info\/#website"},"primaryImageOfPage":{"@id":"https:\/\/lavocedelpaese.info\/index.php\/2024\/12\/13\/concorso-fotografico-2024-2025-scatti-di-cioccolato\/#primaryimage"},"image":{"@id":"https:\/\/lavocedelpaese.info\/index.php\/2024\/12\/13\/concorso-fotografico-2024-2025-scatti-di-cioccolato\/#primaryimage"},"thumbnailUrl":"https:\/\/lavocedelpaese.info\/wp-content\/uploads\/2024\/12\/469875377_10225576915081531_1708665882198752155_n-Wgllxr.jpeg","datePublished":"2024-12-13T08:14:13+00:00","breadcrumb":{"@id":"https:\/\/lavocedelpaese.info\/index.php\/2024\/12\/13\/concorso-fotografico-2024-2025-scatti-di-cioccolato\/#breadcrumb"},"inLanguage":"it-IT","potentialAction":[{"@type":"ReadAction","target":["https:\/\/lavocedelpaese.info\/index.php\/2024\/12\/13\/concorso-fotografico-2024-2025-scatti-di-cioccolato\/"]}]},{"@type":"ImageObject","inLanguage":"it-IT","@id":"https:\/\/lavocedelpaese.info\/index.php\/2024\/12\/13\/concorso-fotografico-2024-2025-scatti-di-cioccolato\/#primaryimage","url":"https:\/\/lavocedelpaese.info\/wp-content\/uploads\/2024\/12\/469875377_10225576915081531_1708665882198752155_n-Wgllxr.jpeg","contentUrl":"https:\/\/lavocedelpaese.info\/wp-content\/uploads\/2024\/12\/469875377_10225576915081531_1708665882198752155_n-Wgllxr.jpeg","width":566,"height":800},{"@type":"BreadcrumbList","@id":"https:\/\/lavocedelpaese.info\/index.php\/2024\/12\/13\/concorso-fotografico-2024-2025-scatti-di-cioccolato\/#breadcrumb","itemListElement":[{"@type":"ListItem","position":1,"name":"Home","item":"https:\/\/lavocedelpaese.info\/"},{"@type":"ListItem","position":2,"name":"Concorso Fotografico 2024\/2025: \u201cScatti di cioccolato\u201d\u00a0\u200b"}]},{"@type":"WebSite","@id":"https:\/\/lavocedelpaese.info\/#website","url":"https:\/\/lavocedelpaese.info\/","name":"La Voce del Paese","description":"Un network di idee","publisher":{"@id":"https:\/\/lavocedelpaese.info\/#organization"},"potentialAction":[{"@type":"SearchAction","target":{"@type":"EntryPoint","urlTemplate":"https:\/\/lavocedelpaese.info\/?s={search_term_string}"},"query-input":{"@type":"PropertyValueSpecification","valueRequired":true,"valueName":"search_term_string"}}],"inLanguage":"it-IT"},{"@type":"Organization","@id":"https:\/\/lavocedelpaese.info\/#organization","name":"La Voce del Paese","url":"https:\/\/lavocedelpaese.info\/","logo":{"@type":"ImageObject","inLanguage":"it-IT","@id":"https:\/\/lavocedelpaese.info\/#\/schema\/logo\/image\/","url":"https:\/\/lavocedelpaese.info\/wp-content\/uploads\/2023\/01\/cropped-logo-150-127.png","contentUrl":"https:\/\/lavocedelpaese.info\/wp-content\/uploads\/2023\/01\/cropped-logo-150-127.png","width":137,"height":119,"caption":"La Voce del Paese"},"image":{"@id":"https:\/\/lavocedelpaese.info\/#\/schema\/logo\/image\/"},"sameAs":["https:\/\/www.facebook.com\/lavocedelpaese.info"]}]}},"_links":{"self":[{"href":"https:\/\/lavocedelpaese.info\/index.php\/wp-json\/wp\/v2\/posts\/8530","targetHints":{"allow":["GET"]}}],"collection":[{"href":"https:\/\/lavocedelpaese.info\/index.php\/wp-json\/wp\/v2\/posts"}],"about":[{"href":"https:\/\/lavocedelpaese.info\/index.php\/wp-json\/wp\/v2\/types\/post"}],"replies":[{"embeddable":true,"href":"https:\/\/lavocedelpaese.info\/index.php\/wp-json\/wp\/v2\/comments?post=8530"}],"version-history":[{"count":0,"href":"https:\/\/lavocedelpaese.info\/index.php\/wp-json\/wp\/v2\/posts\/8530\/revisions"}],"wp:featuredmedia":[{"embeddable":true,"href":"https:\/\/lavocedelpaese.info\/index.php\/wp-json\/wp\/v2\/media\/8531"}],"wp:attachment":[{"href":"https:\/\/lavocedelpaese.info\/index.php\/wp-json\/wp\/v2\/media?parent=8530"}],"wp:term":[{"taxonomy":"category","embeddable":true,"href":"https:\/\/lavocedelpaese.info\/index.php\/wp-json\/wp\/v2\/categories?post=8530"},{"taxonomy":"post_tag","embeddable":true,"href":"https:\/\/lavocedelpaese.info\/index.php\/wp-json\/wp\/v2\/tags?post=8530"}],"curies":[{"name":"wp","href":"https:\/\/api.w.org\/{rel}","templated":true}]}}