{"id":848,"date":"2023-02-01T01:22:32","date_gmt":"2023-02-01T01:22:32","guid":{"rendered":"https:\/\/lavocedelpaese.info\/index.php\/2023\/02\/01\/servizio-civile-aperto-il-bando-presso-la-caritas-la-voce-del-paese-4\/"},"modified":"2023-02-01T07:01:11","modified_gmt":"2023-02-01T07:01:11","slug":"servizio-civile-aperto-il-bando-presso-la-caritas-la-voce-del-paese-4","status":"publish","type":"post","link":"https:\/\/lavocedelpaese.info\/index.php\/2023\/02\/01\/servizio-civile-aperto-il-bando-presso-la-caritas-la-voce-del-paese-4\/","title":{"rendered":"Servizio Civile, aperto il bando presso la Caritas"},"content":{"rendered":"\n<p>Il 15 dicembre 2022 il \u201cDipartimento per le Politiche Giovanili e il Servizio Civile Universale\u201d ha emanato il Bando nazionale per la selezione di 71.550 volontari da impiegare in progetti di Servizio Civile Universale. Per la Caritas diocesana di Altamura \u2013 Gravina \u2013 Acquaviva delle Fonti \u00e8 possibile presentare domanda per i seguenti progetti:<\/p>\n<p>\u201cPotenziare i processi educativi \u2013 Caritas Altamura\u201d, per un totale di 8 posti<\/p>\n<p>\u201cSostenere la speranza \u2013 Caritas Altamura\u201d, per un totale di 9 posti<\/p>\n<p>\u201cSpendiamoci bene \u2013 Caritas Altamura\u201d, per un totale di 9 posti<\/p>\n<p>Di questi, 6 posti sono riservati a Giovani con Minori Opportunit\u00e0 che hanno un ISEE inferiore a 10.000 \u20ac. Le sedi dei progetti del servizio civile sono: Santeramo, Acquaviva, Gravina e Altamura. Ogni candidato potr\u00e0 presentare una sola domanda per una sola sede.<\/p>\n<p>Il servizio civile presso la Caritas diocesana di Altamura \u2013 Gravina \u2013 Acquaviva delle Fonti ha durata di 12 mesi con 25 ore di impegno settimanali. Ciascun operatore volontario selezionato sar\u00e0 chiamato a sottoscrivere con il Dipartimento un contratto che fissa l\u2019importo dell\u2019assegno mensile per lo svolgimento del servizio in \u20ac 444,30.<\/p>\n<p>Per l\u2019ammissione alla selezione \u00e8 richiesto al giovane il possesso dei seguenti requisiti:<\/p>\n<p>cittadinanza italiana, ovvero di uno degli altri Stati membri dell\u2019Unione Europea, ovvero di un Paese extra Unione Europea purch\u00e9 il candidato sia regolarmente soggiornante in Italia;<\/p>\n<p>aver compiuto il diciottesimo anno di et\u00e0 e non aver superato il ventottesimo anno di et\u00e0 (28 anni e 364 giorni) alla data di presentazione della domanda;<\/p>\n<p>non aver riportato condanna anche non definitiva alla pena della reclusione superiore a un anno per delitto non colposo ovvero ad una pena della reclusione anche di entit\u00e0 inferiore per un delitto contro la persona o concernente detenzione, uso, porto, trasporto, importazione o esportazione illecita di armi o materie esplodenti, ovvero per delitti riguardanti l\u2019appartenenza o il favoreggiamento a gruppi eversivi, terroristici o di criminalit\u00e0 organizzata.<\/p>\n<p>La domanda di partecipazione alle selezioni deve essere presentata esclusivamente online attraverso la piattaforma DOL raggiungibile tramite PC, tablet e smartphone all\u2019indirizzo domandaonline.serviziocivile.it, per la compilazione della domanda di partecipazione al Bando, i cittadini italiani residenti in Italia o all\u2019estero e i cittadini di Paesi extra Unione Europea regolarmente soggiornanti in Italia devono dotarsi dello SPID (Sistema Pubblico di Identit\u00e0 Digitale) di livello di sicurezza 2. Sul sito dell\u2019Agenzia per l\u2019Italia Digitale www.agid.gov.it\/it\/piattaforme\/spid sono disponibili tutte le informazioni su cosa \u00e8 lo SPID, quali servizi offre e come si richiede.<\/p>\n<p>La domanda di partecipazione al Bando potr\u00e0 essere presentata entro e non oltre le ore 14:00 del 10 febbraio 2023. Oltre tale termine il sistema non consentir\u00e0 la presentazione delle domande. Le domande trasmesse con modalit\u00e0 diverse non saranno prese in considerazione.<\/p>\n<p>Ulteriori informazioni o chiarimenti possono essere richiesti presso gli Uffici Caritas Diocesani oppure dal marted\u00ec al venerd\u00ec dalle 10:00 alle 12:00 in via Sedile 13, presso Tabit\u00e0 \u2013 la casa dei talenti.<\/p>\n<p>3713369213 \u2013 info@caritasaltamura.it \u2013 tabita70021@redazione<\/p>\n<p>La Voce del Paese&nbsp;<\/p>\n","protected":false},"excerpt":{"rendered":"<p>Il 15 dicembre 2022 il \u201cDipartimento per le Politiche Giovanili e il Servizio Civile Universale\u201d ha emanato il Bando nazionale<\/p>\n","protected":false},"author":4,"featured_media":875,"comment_status":"open","ping_status":"closed","sticky":false,"template":"","format":"standard","meta":{"colormag_page_container_layout":"default_layout","colormag_page_sidebar_layout":"default_layout","footnotes":""},"categories":[33],"tags":[],"class_list":["post-848","post","type-post","status-publish","format-standard","has-post-thumbnail","hentry","category-network"],"yoast_head":"<!-- This site is optimized with the Yoast SEO plugin v27.5 - https:\/\/yoast.com\/product\/yoast-seo-wordpress\/ -->\n<title>Servizio Civile, aperto il bando presso la Caritas - La Voce del Paese<\/title>\n<meta name=\"robots\" content=\"index, follow, max-snippet:-1, max-image-preview:large, max-video-preview:-1\" \/>\n<link rel=\"canonical\" href=\"https:\/\/lavocedelpaese.info\/index.php\/2023\/02\/01\/servizio-civile-aperto-il-bando-presso-la-caritas-la-voce-del-paese-4\/\" \/>\n<meta property=\"og:locale\" content=\"it_IT\" \/>\n<meta property=\"og:type\" content=\"article\" \/>\n<meta property=\"og:title\" content=\"Servizio Civile, aperto il bando presso la Caritas - La Voce del Paese\" \/>\n<meta property=\"og:description\" content=\"Il 15 dicembre 2022 il \u201cDipartimento per le Politiche Giovanili e il Servizio Civile Universale\u201d ha emanato il Bando nazionale\" \/>\n<meta property=\"og:url\" content=\"https:\/\/lavocedelpaese.info\/index.php\/2023\/02\/01\/servizio-civile-aperto-il-bando-presso-la-caritas-la-voce-del-paese-4\/\" \/>\n<meta property=\"og:site_name\" content=\"La Voce del Paese\" \/>\n<meta property=\"article:publisher\" content=\"https:\/\/www.facebook.com\/lavocedelpaese.info\" \/>\n<meta property=\"article:published_time\" content=\"2023-02-01T01:22:32+00:00\" \/>\n<meta property=\"article:modified_time\" content=\"2023-02-01T07:01:11+00:00\" \/>\n<meta property=\"og:image\" content=\"https:\/\/lavocedelpaese.info\/wp-content\/uploads\/2023\/02\/Locandina-Servizio-Civile.jpg\" \/>\n\t<meta property=\"og:image:width\" content=\"566\" \/>\n\t<meta property=\"og:image:height\" content=\"800\" \/>\n\t<meta property=\"og:image:type\" content=\"image\/jpeg\" \/>\n<meta name=\"author\" content=\"admin_voce\" \/>\n<meta name=\"twitter:card\" content=\"summary_large_image\" \/>\n<meta name=\"twitter:label1\" content=\"Scritto da\" \/>\n\t<meta name=\"twitter:data1\" content=\"admin_voce\" \/>\n\t<meta name=\"twitter:label2\" content=\"Tempo di lettura stimato\" \/>\n\t<meta name=\"twitter:data2\" content=\"2 minuti\" \/>\n<script type=\"application\/ld+json\" class=\"yoast-schema-graph\">{\"@context\":\"https:\\\/\\\/schema.org\",\"@graph\":[{\"@type\":\"Article\",\"@id\":\"https:\\\/\\\/lavocedelpaese.info\\\/index.php\\\/2023\\\/02\\\/01\\\/servizio-civile-aperto-il-bando-presso-la-caritas-la-voce-del-paese-4\\\/#article\",\"isPartOf\":{\"@id\":\"https:\\\/\\\/lavocedelpaese.info\\\/index.php\\\/2023\\\/02\\\/01\\\/servizio-civile-aperto-il-bando-presso-la-caritas-la-voce-del-paese-4\\\/\"},\"author\":{\"name\":\"admin_voce\",\"@id\":\"https:\\\/\\\/lavocedelpaese.info\\\/#\\\/schema\\\/person\\\/ab94aca56f9d1bb6fc898990a7998bda\"},\"headline\":\"Servizio Civile, aperto il bando presso la Caritas\",\"datePublished\":\"2023-02-01T01:22:32+00:00\",\"dateModified\":\"2023-02-01T07:01:11+00:00\",\"mainEntityOfPage\":{\"@id\":\"https:\\\/\\\/lavocedelpaese.info\\\/index.php\\\/2023\\\/02\\\/01\\\/servizio-civile-aperto-il-bando-presso-la-caritas-la-voce-del-paese-4\\\/\"},\"wordCount\":483,\"commentCount\":0,\"publisher\":{\"@id\":\"https:\\\/\\\/lavocedelpaese.info\\\/#organization\"},\"image\":{\"@id\":\"https:\\\/\\\/lavocedelpaese.info\\\/index.php\\\/2023\\\/02\\\/01\\\/servizio-civile-aperto-il-bando-presso-la-caritas-la-voce-del-paese-4\\\/#primaryimage\"},\"thumbnailUrl\":\"https:\\\/\\\/lavocedelpaese.info\\\/wp-content\\\/uploads\\\/2023\\\/02\\\/Locandina-Servizio-Civile.jpg\",\"articleSection\":[\"network\"],\"inLanguage\":\"it-IT\",\"potentialAction\":[{\"@type\":\"CommentAction\",\"name\":\"Comment\",\"target\":[\"https:\\\/\\\/lavocedelpaese.info\\\/index.php\\\/2023\\\/02\\\/01\\\/servizio-civile-aperto-il-bando-presso-la-caritas-la-voce-del-paese-4\\\/#respond\"]}]},{\"@type\":\"WebPage\",\"@id\":\"https:\\\/\\\/lavocedelpaese.info\\\/index.php\\\/2023\\\/02\\\/01\\\/servizio-civile-aperto-il-bando-presso-la-caritas-la-voce-del-paese-4\\\/\",\"url\":\"https:\\\/\\\/lavocedelpaese.info\\\/index.php\\\/2023\\\/02\\\/01\\\/servizio-civile-aperto-il-bando-presso-la-caritas-la-voce-del-paese-4\\\/\",\"name\":\"Servizio Civile, aperto il bando presso la Caritas - La Voce del Paese\",\"isPartOf\":{\"@id\":\"https:\\\/\\\/lavocedelpaese.info\\\/#website\"},\"primaryImageOfPage\":{\"@id\":\"https:\\\/\\\/lavocedelpaese.info\\\/index.php\\\/2023\\\/02\\\/01\\\/servizio-civile-aperto-il-bando-presso-la-caritas-la-voce-del-paese-4\\\/#primaryimage\"},\"image\":{\"@id\":\"https:\\\/\\\/lavocedelpaese.info\\\/index.php\\\/2023\\\/02\\\/01\\\/servizio-civile-aperto-il-bando-presso-la-caritas-la-voce-del-paese-4\\\/#primaryimage\"},\"thumbnailUrl\":\"https:\\\/\\\/lavocedelpaese.info\\\/wp-content\\\/uploads\\\/2023\\\/02\\\/Locandina-Servizio-Civile.jpg\",\"datePublished\":\"2023-02-01T01:22:32+00:00\",\"dateModified\":\"2023-02-01T07:01:11+00:00\",\"breadcrumb\":{\"@id\":\"https:\\\/\\\/lavocedelpaese.info\\\/index.php\\\/2023\\\/02\\\/01\\\/servizio-civile-aperto-il-bando-presso-la-caritas-la-voce-del-paese-4\\\/#breadcrumb\"},\"inLanguage\":\"it-IT\",\"potentialAction\":[{\"@type\":\"ReadAction\",\"target\":[\"https:\\\/\\\/lavocedelpaese.info\\\/index.php\\\/2023\\\/02\\\/01\\\/servizio-civile-aperto-il-bando-presso-la-caritas-la-voce-del-paese-4\\\/\"]}]},{\"@type\":\"ImageObject\",\"inLanguage\":\"it-IT\",\"@id\":\"https:\\\/\\\/lavocedelpaese.info\\\/index.php\\\/2023\\\/02\\\/01\\\/servizio-civile-aperto-il-bando-presso-la-caritas-la-voce-del-paese-4\\\/#primaryimage\",\"url\":\"https:\\\/\\\/lavocedelpaese.info\\\/wp-content\\\/uploads\\\/2023\\\/02\\\/Locandina-Servizio-Civile.jpg\",\"contentUrl\":\"https:\\\/\\\/lavocedelpaese.info\\\/wp-content\\\/uploads\\\/2023\\\/02\\\/Locandina-Servizio-Civile.jpg\",\"width\":566,\"height\":800},{\"@type\":\"BreadcrumbList\",\"@id\":\"https:\\\/\\\/lavocedelpaese.info\\\/index.php\\\/2023\\\/02\\\/01\\\/servizio-civile-aperto-il-bando-presso-la-caritas-la-voce-del-paese-4\\\/#breadcrumb\",\"itemListElement\":[{\"@type\":\"ListItem\",\"position\":1,\"name\":\"Home\",\"item\":\"https:\\\/\\\/lavocedelpaese.info\\\/\"},{\"@type\":\"ListItem\",\"position\":2,\"name\":\"Servizio Civile, aperto il bando presso la Caritas\"}]},{\"@type\":\"WebSite\",\"@id\":\"https:\\\/\\\/lavocedelpaese.info\\\/#website\",\"url\":\"https:\\\/\\\/lavocedelpaese.info\\\/\",\"name\":\"La Voce del Paese\",\"description\":\"Un network di idee\",\"publisher\":{\"@id\":\"https:\\\/\\\/lavocedelpaese.info\\\/#organization\"},\"potentialAction\":[{\"@type\":\"SearchAction\",\"target\":{\"@type\":\"EntryPoint\",\"urlTemplate\":\"https:\\\/\\\/lavocedelpaese.info\\\/?s={search_term_string}\"},\"query-input\":{\"@type\":\"PropertyValueSpecification\",\"valueRequired\":true,\"valueName\":\"search_term_string\"}}],\"inLanguage\":\"it-IT\"},{\"@type\":\"Organization\",\"@id\":\"https:\\\/\\\/lavocedelpaese.info\\\/#organization\",\"name\":\"La Voce del Paese\",\"url\":\"https:\\\/\\\/lavocedelpaese.info\\\/\",\"logo\":{\"@type\":\"ImageObject\",\"inLanguage\":\"it-IT\",\"@id\":\"https:\\\/\\\/lavocedelpaese.info\\\/#\\\/schema\\\/logo\\\/image\\\/\",\"url\":\"https:\\\/\\\/lavocedelpaese.info\\\/wp-content\\\/uploads\\\/2023\\\/01\\\/cropped-logo-150-127.png\",\"contentUrl\":\"https:\\\/\\\/lavocedelpaese.info\\\/wp-content\\\/uploads\\\/2023\\\/01\\\/cropped-logo-150-127.png\",\"width\":137,\"height\":119,\"caption\":\"La Voce del Paese\"},\"image\":{\"@id\":\"https:\\\/\\\/lavocedelpaese.info\\\/#\\\/schema\\\/logo\\\/image\\\/\"},\"sameAs\":[\"https:\\\/\\\/www.facebook.com\\\/lavocedelpaese.info\"]},{\"@type\":\"Person\",\"@id\":\"https:\\\/\\\/lavocedelpaese.info\\\/#\\\/schema\\\/person\\\/ab94aca56f9d1bb6fc898990a7998bda\",\"name\":\"admin_voce\",\"image\":{\"@type\":\"ImageObject\",\"inLanguage\":\"it-IT\",\"@id\":\"https:\\\/\\\/secure.gravatar.com\\\/avatar\\\/0389d2e4ee5fe5beea65785e1b739e8791eb8fb05bff0baad8409158664db351?s=96&d=mm&r=g\",\"url\":\"https:\\\/\\\/secure.gravatar.com\\\/avatar\\\/0389d2e4ee5fe5beea65785e1b739e8791eb8fb05bff0baad8409158664db351?s=96&d=mm&r=g\",\"contentUrl\":\"https:\\\/\\\/secure.gravatar.com\\\/avatar\\\/0389d2e4ee5fe5beea65785e1b739e8791eb8fb05bff0baad8409158664db351?s=96&d=mm&r=g\",\"caption\":\"admin_voce\"},\"url\":\"https:\\\/\\\/lavocedelpaese.info\\\/index.php\\\/author\\\/admin_voce\\\/\"}]}<\/script>\n<!-- \/ Yoast SEO plugin. -->","yoast_head_json":{"title":"Servizio Civile, aperto il bando presso la Caritas - La Voce del Paese","robots":{"index":"index","follow":"follow","max-snippet":"max-snippet:-1","max-image-preview":"max-image-preview:large","max-video-preview":"max-video-preview:-1"},"canonical":"https:\/\/lavocedelpaese.info\/index.php\/2023\/02\/01\/servizio-civile-aperto-il-bando-presso-la-caritas-la-voce-del-paese-4\/","og_locale":"it_IT","og_type":"article","og_title":"Servizio Civile, aperto il bando presso la Caritas - La Voce del Paese","og_description":"Il 15 dicembre 2022 il \u201cDipartimento per le Politiche Giovanili e il Servizio Civile Universale\u201d ha emanato il Bando nazionale","og_url":"https:\/\/lavocedelpaese.info\/index.php\/2023\/02\/01\/servizio-civile-aperto-il-bando-presso-la-caritas-la-voce-del-paese-4\/","og_site_name":"La Voce del Paese","article_publisher":"https:\/\/www.facebook.com\/lavocedelpaese.info","article_published_time":"2023-02-01T01:22:32+00:00","article_modified_time":"2023-02-01T07:01:11+00:00","og_image":[{"width":566,"height":800,"url":"https:\/\/lavocedelpaese.info\/wp-content\/uploads\/2023\/02\/Locandina-Servizio-Civile.jpg","type":"image\/jpeg"}],"author":"admin_voce","twitter_card":"summary_large_image","twitter_misc":{"Scritto da":"admin_voce","Tempo di lettura stimato":"2 minuti"},"schema":{"@context":"https:\/\/schema.org","@graph":[{"@type":"Article","@id":"https:\/\/lavocedelpaese.info\/index.php\/2023\/02\/01\/servizio-civile-aperto-il-bando-presso-la-caritas-la-voce-del-paese-4\/#article","isPartOf":{"@id":"https:\/\/lavocedelpaese.info\/index.php\/2023\/02\/01\/servizio-civile-aperto-il-bando-presso-la-caritas-la-voce-del-paese-4\/"},"author":{"name":"admin_voce","@id":"https:\/\/lavocedelpaese.info\/#\/schema\/person\/ab94aca56f9d1bb6fc898990a7998bda"},"headline":"Servizio Civile, aperto il bando presso la Caritas","datePublished":"2023-02-01T01:22:32+00:00","dateModified":"2023-02-01T07:01:11+00:00","mainEntityOfPage":{"@id":"https:\/\/lavocedelpaese.info\/index.php\/2023\/02\/01\/servizio-civile-aperto-il-bando-presso-la-caritas-la-voce-del-paese-4\/"},"wordCount":483,"commentCount":0,"publisher":{"@id":"https:\/\/lavocedelpaese.info\/#organization"},"image":{"@id":"https:\/\/lavocedelpaese.info\/index.php\/2023\/02\/01\/servizio-civile-aperto-il-bando-presso-la-caritas-la-voce-del-paese-4\/#primaryimage"},"thumbnailUrl":"https:\/\/lavocedelpaese.info\/wp-content\/uploads\/2023\/02\/Locandina-Servizio-Civile.jpg","articleSection":["network"],"inLanguage":"it-IT","potentialAction":[{"@type":"CommentAction","name":"Comment","target":["https:\/\/lavocedelpaese.info\/index.php\/2023\/02\/01\/servizio-civile-aperto-il-bando-presso-la-caritas-la-voce-del-paese-4\/#respond"]}]},{"@type":"WebPage","@id":"https:\/\/lavocedelpaese.info\/index.php\/2023\/02\/01\/servizio-civile-aperto-il-bando-presso-la-caritas-la-voce-del-paese-4\/","url":"https:\/\/lavocedelpaese.info\/index.php\/2023\/02\/01\/servizio-civile-aperto-il-bando-presso-la-caritas-la-voce-del-paese-4\/","name":"Servizio Civile, aperto il bando presso la Caritas - La Voce del Paese","isPartOf":{"@id":"https:\/\/lavocedelpaese.info\/#website"},"primaryImageOfPage":{"@id":"https:\/\/lavocedelpaese.info\/index.php\/2023\/02\/01\/servizio-civile-aperto-il-bando-presso-la-caritas-la-voce-del-paese-4\/#primaryimage"},"image":{"@id":"https:\/\/lavocedelpaese.info\/index.php\/2023\/02\/01\/servizio-civile-aperto-il-bando-presso-la-caritas-la-voce-del-paese-4\/#primaryimage"},"thumbnailUrl":"https:\/\/lavocedelpaese.info\/wp-content\/uploads\/2023\/02\/Locandina-Servizio-Civile.jpg","datePublished":"2023-02-01T01:22:32+00:00","dateModified":"2023-02-01T07:01:11+00:00","breadcrumb":{"@id":"https:\/\/lavocedelpaese.info\/index.php\/2023\/02\/01\/servizio-civile-aperto-il-bando-presso-la-caritas-la-voce-del-paese-4\/#breadcrumb"},"inLanguage":"it-IT","potentialAction":[{"@type":"ReadAction","target":["https:\/\/lavocedelpaese.info\/index.php\/2023\/02\/01\/servizio-civile-aperto-il-bando-presso-la-caritas-la-voce-del-paese-4\/"]}]},{"@type":"ImageObject","inLanguage":"it-IT","@id":"https:\/\/lavocedelpaese.info\/index.php\/2023\/02\/01\/servizio-civile-aperto-il-bando-presso-la-caritas-la-voce-del-paese-4\/#primaryimage","url":"https:\/\/lavocedelpaese.info\/wp-content\/uploads\/2023\/02\/Locandina-Servizio-Civile.jpg","contentUrl":"https:\/\/lavocedelpaese.info\/wp-content\/uploads\/2023\/02\/Locandina-Servizio-Civile.jpg","width":566,"height":800},{"@type":"BreadcrumbList","@id":"https:\/\/lavocedelpaese.info\/index.php\/2023\/02\/01\/servizio-civile-aperto-il-bando-presso-la-caritas-la-voce-del-paese-4\/#breadcrumb","itemListElement":[{"@type":"ListItem","position":1,"name":"Home","item":"https:\/\/lavocedelpaese.info\/"},{"@type":"ListItem","position":2,"name":"Servizio Civile, aperto il bando presso la Caritas"}]},{"@type":"WebSite","@id":"https:\/\/lavocedelpaese.info\/#website","url":"https:\/\/lavocedelpaese.info\/","name":"La Voce del Paese","description":"Un network di idee","publisher":{"@id":"https:\/\/lavocedelpaese.info\/#organization"},"potentialAction":[{"@type":"SearchAction","target":{"@type":"EntryPoint","urlTemplate":"https:\/\/lavocedelpaese.info\/?s={search_term_string}"},"query-input":{"@type":"PropertyValueSpecification","valueRequired":true,"valueName":"search_term_string"}}],"inLanguage":"it-IT"},{"@type":"Organization","@id":"https:\/\/lavocedelpaese.info\/#organization","name":"La Voce del Paese","url":"https:\/\/lavocedelpaese.info\/","logo":{"@type":"ImageObject","inLanguage":"it-IT","@id":"https:\/\/lavocedelpaese.info\/#\/schema\/logo\/image\/","url":"https:\/\/lavocedelpaese.info\/wp-content\/uploads\/2023\/01\/cropped-logo-150-127.png","contentUrl":"https:\/\/lavocedelpaese.info\/wp-content\/uploads\/2023\/01\/cropped-logo-150-127.png","width":137,"height":119,"caption":"La Voce del Paese"},"image":{"@id":"https:\/\/lavocedelpaese.info\/#\/schema\/logo\/image\/"},"sameAs":["https:\/\/www.facebook.com\/lavocedelpaese.info"]},{"@type":"Person","@id":"https:\/\/lavocedelpaese.info\/#\/schema\/person\/ab94aca56f9d1bb6fc898990a7998bda","name":"admin_voce","image":{"@type":"ImageObject","inLanguage":"it-IT","@id":"https:\/\/secure.gravatar.com\/avatar\/0389d2e4ee5fe5beea65785e1b739e8791eb8fb05bff0baad8409158664db351?s=96&d=mm&r=g","url":"https:\/\/secure.gravatar.com\/avatar\/0389d2e4ee5fe5beea65785e1b739e8791eb8fb05bff0baad8409158664db351?s=96&d=mm&r=g","contentUrl":"https:\/\/secure.gravatar.com\/avatar\/0389d2e4ee5fe5beea65785e1b739e8791eb8fb05bff0baad8409158664db351?s=96&d=mm&r=g","caption":"admin_voce"},"url":"https:\/\/lavocedelpaese.info\/index.php\/author\/admin_voce\/"}]}},"_links":{"self":[{"href":"https:\/\/lavocedelpaese.info\/index.php\/wp-json\/wp\/v2\/posts\/848","targetHints":{"allow":["GET"]}}],"collection":[{"href":"https:\/\/lavocedelpaese.info\/index.php\/wp-json\/wp\/v2\/posts"}],"about":[{"href":"https:\/\/lavocedelpaese.info\/index.php\/wp-json\/wp\/v2\/types\/post"}],"author":[{"embeddable":true,"href":"https:\/\/lavocedelpaese.info\/index.php\/wp-json\/wp\/v2\/users\/4"}],"replies":[{"embeddable":true,"href":"https:\/\/lavocedelpaese.info\/index.php\/wp-json\/wp\/v2\/comments?post=848"}],"version-history":[{"count":2,"href":"https:\/\/lavocedelpaese.info\/index.php\/wp-json\/wp\/v2\/posts\/848\/revisions"}],"predecessor-version":[{"id":880,"href":"https:\/\/lavocedelpaese.info\/index.php\/wp-json\/wp\/v2\/posts\/848\/revisions\/880"}],"wp:featuredmedia":[{"embeddable":true,"href":"https:\/\/lavocedelpaese.info\/index.php\/wp-json\/wp\/v2\/media\/875"}],"wp:attachment":[{"href":"https:\/\/lavocedelpaese.info\/index.php\/wp-json\/wp\/v2\/media?parent=848"}],"wp:term":[{"taxonomy":"category","embeddable":true,"href":"https:\/\/lavocedelpaese.info\/index.php\/wp-json\/wp\/v2\/categories?post=848"},{"taxonomy":"post_tag","embeddable":true,"href":"https:\/\/lavocedelpaese.info\/index.php\/wp-json\/wp\/v2\/tags?post=848"}],"curies":[{"name":"wp","href":"https:\/\/api.w.org\/{rel}","templated":true}]}}