{"id":8464,"date":"2024-12-07T08:14:19","date_gmt":"2024-12-07T08:14:19","guid":{"rendered":"https:\/\/lavocedelpaese.info\/index.php\/2024\/12\/07\/apre-il-primo-ambulatorio-pnes-per-contrastare-la-poverta-sanitaria\/"},"modified":"2024-12-07T08:14:19","modified_gmt":"2024-12-07T08:14:19","slug":"apre-il-primo-ambulatorio-pnes-per-contrastare-la-poverta-sanitaria","status":"publish","type":"post","link":"https:\/\/lavocedelpaese.info\/index.php\/2024\/12\/07\/apre-il-primo-ambulatorio-pnes-per-contrastare-la-poverta-sanitaria\/","title":{"rendered":"Apre il primo ambulatorio PNES per contrastare la povert\u00e0 sanitaria\u00a0\u200b"},"content":{"rendered":"<p>\u00a0<\/p>\n<p>\u200b\u00a0<\/p>\n<p>\u200b\u00a0<\/p>\n<p>E\u2019 attivo in Via Fani a Bari il primo Ambulatorio del PNES-Programma Nazionale Equit\u00e0 nella Salute finalizzato a fornire assistenza alla popolazione in condizione di bisogno socio-economico.<\/p>\n<p>A fare da battistrada \u00e8 il Distretto Unico di Bari, diretto da Rosella Squicciarini, designato per ospitare la fase pilota che prevede l\u2019avvio di un Ambulatorio dedicato, attivo due giorni a settimana (venerd\u00ec pomeriggio dalle 15:00 alle 18:30 e sabato mattina dalle 8:30 alle 12:30), in cui operano due \u00e9quipe multidisciplinari formate da due medici specialisti, due infermieri e un medico igienista del Dipartimento di Prevenzione (per valutazioni nutrizionali, vaccinazioni e screening oncologici), oltre ad un amministrativo e un assistente sociale.<\/p>\n<p>\u00abLa Puglia muove da Bari il primo passo sulla strada del PNES \u2013 commenta il presidente della Regione, Michele Emiliano \u2013. Con questi fondi europei, che coniugano l\u2019universalismo della nostra Sanit\u00e0 con i valori dell\u2019accoglienza e dell\u2019integrazione, rimettiamo ancora una volta al centro le persone e la cura della loro salute, rimuovendo ogni ostacolo per offrire una possibilit\u00e0 in pi\u00f9 anche a chi non riesce ad accedere ai servizi sanitari. E quando serve andremo noi da loro, nei luoghi di vita: un impegno che qualifica ulteriormente la qualit\u00e0 della sanit\u00e0 pugliese e dei suoi operatori\u00bb.<\/p>\n<p>Per l\u2019assessore regionale alla Sanit\u00e0, Raffaele Piemontese, \u00abil Programma Nazionale Equit\u00e0 e Salute Puglia si inserisce nell\u2019ambito della pi\u00f9 ampia strategia della programmazione sanitaria regionale e nazionale. Quattro sono le aree di intervento previste nei prossimi anni con le rispettive linee di finanziamento: una coordinata dall\u2019istituto nazionale salute, migrazione e povert\u00e0, le altre attinenti a salute mentale, medicina di genere e screening oncologici. In ogni ambito avremo l\u2019opportunit\u00e0 di potenziare i servizi esistenti rafforzando risorse umane e strumentali, oltre a mettere in campo azioni sulle infrastrutture e sulla formazione degli operatori, in favore delle persone pi\u00f9 vulnerabili e che hanno difficolt\u00e0 di accesso alle cure\u00bb.<\/p>\n<p>\u00abCon l\u2019avvio del primo ambulatorio PNES \u2013 spiega il direttore generale facente funzioni ASL Bari, Luigi Fruscio \u2013 rinforziamo il filone della \u201cmedicina di prossimit\u00e0\u201d a sostegno delle fragilit\u00e0 e delle marginalit\u00e0, dando forma e sostanza \u2013 attraverso il Programma Nazionale Equit\u00e0 nella Salute \u2013 ad una serie di esperienze che la nostra azienda sanitaria ha sviluppato negli ultimi anni. Ora questa \u201cvocazione\u201d diventa un piano di azione che per i prossimi cinque anni metter\u00e0 a disposizione operatori sanitari, servizi e mezzi per dare risposte concrete anche ai bisogni di salute di queste fasce di popolazione pi\u00f9 difficili da raggiungere\u00bb.<\/p>\n<p>Ieri venerd\u00ec e oggi sabato nei due ambulatori di Via Fani, a Bari, sono state garantite le prime 40 visite di base ad altrettanti utenti prevalentemente stranieri. Tra i requisiti generali per accedere, l\u2019avere un ISEE sotto i 10mila euro, essere in possesso di un codice STP o ENI (previsti per\u00a0l\u2019accesso alle prestazioni sanitari\u00a0di cittadini stranieri o comunitari) oppure aver diritto all\u2019esenzione per reddito. La popolazione vulnerabile cui si rivolge il servizio riguarda un\u2019ampia e variegata platea di riferimento\u00a0che coinvolge persone senza fissa dimora, famiglie a basso reddito, persone migranti e comunit\u00e0 RSC (Rom, Sinti e Caminanti). \u00abIn seguito, grazie all\u2019acquisto di tre cliniche mobili attrezzate \u2013 spiega Silvana Fornelli, responsabile attuazione dei Progetti PNES \u2013 il servizio uscir\u00e0 dall\u2019ambulatorio fisso per andare sul campo a promuovere la salute e il benessere di quelle fasce di popolazione che rischiano di restare ai margini o fuori dall\u2019area d\u2019intervento della Sanit\u00e0 pubblica\u00bb.<\/p>\n<p><strong>La Fase 2<\/strong><\/p>\n<p>Dal prossimo 19 gennaio 2025, partir\u00e0 la fase 2 del programma, con l\u2019allargamento ad ulteriori fasce di popolazione grazie all\u2019apertura sul territorio di altri quattro Ambulatori PNES: Distretto 5 (Via Della Repubblica, 33 \u2013 Grumo Appula); Distretto 4 (Viale Regina Margherita, 67 \u2013 Altamura); Distretto 12 (Via De Amicis, 36 \u2013 Conversano) e Distretto 13 (Via Dei Frati Francescani Riformati \u2013 Gioia del Colle).<\/p>\n<p><strong>Il piano da 11 milioni di euro<\/strong><\/p>\n<p>L\u2019avvio dell\u2019Ambulatorio di Bari rappresenta la concreta realizzazione del primo progetto, riguardante la costituzione delle \u00e9quipe multidisciplinari per attivit\u00e0 clinica, dei sette complessivi rientranti nel piano da oltre 11 milioni di euro di cui la ASL Bari \u00e8 beneficiaria per i prossimi 5 anni nell\u2019Area Contrastare la povert\u00e0 sanitaria del\u00a0<strong>Programma Nazionale Equit\u00e0 nella Salute \u2013 PNES.<\/strong>\u00a0Al suo interno sono state selezionate 38 aziende sanitarie di sette regioni italiane, oltre alla\u00a0<strong>Puglia<\/strong>,\u00a0<strong>Basilicata, Calabria, Campania, Molise, Sardegna e Sicilia<\/strong>, individuate per rafforzare i servizi sanitari e renderne pi\u00f9 equo l\u2019accesso, anche nell\u2019ottica di sviluppare un\u2019azione di sistema e la capacit\u00e0 di coinvolgimento e partecipazione dei sistemi sanitari regionali.<\/p>\n<p>Il piano di interventi della ASL Bari \u00e8 il risultato delle competenze multidisciplinari del gruppo di lavoro aziendale coordinato dal Dipartimento Governo della Domanda e Offerta Sanitaria, con la collaborazione del personale di Direzione Sanitaria, Area Socio Sanitaria, Area Gestione Risorse Umane e Servizio Informazione e Comunicazione Istituzionale (comprendente Urp e Ufficio stampa).<\/p>\n<p>Uno sforzo corale che mira ad assicurare, con il coinvolgimento di Enti del Terzo Settore, cure mediche di base e specialistiche (visite, esami, farmaci, nonch\u00e9 cure odontoiatriche), ma anche servizi di prevenzione e informazione sanitaria, a una platea stimata di circa 5mila persone vulnerabili dal punto di vista socio-economico, alle quali offrire iniziative capaci di\u00a0<strong>ridurre le barriere di accesso ai servizi sanitari e sociosanitari<\/strong>, mediante il paradigma della sanit\u00e0 pubblica di prossimit\u00e0, dell\u2019inclusione attiva, dell\u2019integrazione sociosanitaria e di comunit\u00e0.<\/p>\n<p><a class=\"a2a_button_facebook\" href=\"https:\/\/www.addtoany.com\/add_to\/facebook?linkurl=https%3A%2F%2Fcassano.lavocedelpaese.info%2Fapre-il-primo-ambulatorio-pnes-per-contrastare-la-poverta-sanitaria%2F&amp;linkname=Apre%20il%20primo%20ambulatorio%20PNES%20per%20contrastare%20la%20povert%C3%A0%20sanitaria\" title=\"Facebook\" rel=\"nofollow noopener\" target=\"_blank\"><\/a><a class=\"a2a_button_twitter\" href=\"https:\/\/www.addtoany.com\/add_to\/twitter?linkurl=https%3A%2F%2Fcassano.lavocedelpaese.info%2Fapre-il-primo-ambulatorio-pnes-per-contrastare-la-poverta-sanitaria%2F&amp;linkname=Apre%20il%20primo%20ambulatorio%20PNES%20per%20contrastare%20la%20povert%C3%A0%20sanitaria\" title=\"Twitter\" rel=\"nofollow noopener\" target=\"_blank\"><\/a><a class=\"a2a_button_whatsapp\" href=\"https:\/\/www.addtoany.com\/add_to\/whatsapp?linkurl=https%3A%2F%2Fcassano.lavocedelpaese.info%2Fapre-il-primo-ambulatorio-pnes-per-contrastare-la-poverta-sanitaria%2F&amp;linkname=Apre%20il%20primo%20ambulatorio%20PNES%20per%20contrastare%20la%20povert%C3%A0%20sanitaria\" title=\"WhatsApp\" rel=\"nofollow noopener\" target=\"_blank\"><\/a><a class=\"a2a_button_telegram\" href=\"https:\/\/www.addtoany.com\/add_to\/telegram?linkurl=https%3A%2F%2Fcassano.lavocedelpaese.info%2Fapre-il-primo-ambulatorio-pnes-per-contrastare-la-poverta-sanitaria%2F&amp;linkname=Apre%20il%20primo%20ambulatorio%20PNES%20per%20contrastare%20la%20povert%C3%A0%20sanitaria\" title=\"Telegram\" rel=\"nofollow noopener\" target=\"_blank\"><\/a><a class=\"a2a_button_email\" href=\"https:\/\/www.addtoany.com\/add_to\/email?linkurl=https%3A%2F%2Fcassano.lavocedelpaese.info%2Fapre-il-primo-ambulatorio-pnes-per-contrastare-la-poverta-sanitaria%2F&amp;linkname=Apre%20il%20primo%20ambulatorio%20PNES%20per%20contrastare%20la%20povert%C3%A0%20sanitaria\" title=\"Email\" rel=\"nofollow noopener\" target=\"_blank\"><\/a><\/p>\n<p>\u00a0<\/p>\n<p>\u00a0<\/p>\n<p>\u200b\u00a0\u00a0\u00a0<\/p>","protected":false},"excerpt":{"rendered":"<p>\u00a0 \u200b\u00a0 \u200b\u00a0 E\u2019 attivo in Via Fani a Bari il primo Ambulatorio del PNES-Programma Nazionale Equit\u00e0 nella Salute finalizzato<\/p>\n","protected":false},"author":0,"featured_media":730,"comment_status":"open","ping_status":"closed","sticky":false,"template":"","format":"standard","meta":{"colormag_page_container_layout":"default_layout","colormag_page_sidebar_layout":"default_layout","footnotes":""},"categories":[33],"tags":[],"class_list":["post-8464","post","type-post","status-publish","format-standard","has-post-thumbnail","hentry","category-network"],"yoast_head":"<!-- This site is optimized with the Yoast SEO plugin v27.5 - https:\/\/yoast.com\/product\/yoast-seo-wordpress\/ -->\n<title>Apre il primo ambulatorio PNES per contrastare la povert\u00e0 sanitaria\u00a0\u200b - La Voce del Paese<\/title>\n<meta name=\"robots\" content=\"index, follow, max-snippet:-1, max-image-preview:large, max-video-preview:-1\" \/>\n<link rel=\"canonical\" href=\"https:\/\/lavocedelpaese.info\/index.php\/2024\/12\/07\/apre-il-primo-ambulatorio-pnes-per-contrastare-la-poverta-sanitaria\/\" \/>\n<meta property=\"og:locale\" content=\"it_IT\" \/>\n<meta property=\"og:type\" content=\"article\" \/>\n<meta property=\"og:title\" content=\"Apre il primo ambulatorio PNES per contrastare la povert\u00e0 sanitaria\u00a0\u200b - La Voce del Paese\" \/>\n<meta property=\"og:description\" content=\"\u00a0 \u200b\u00a0 \u200b\u00a0 E\u2019 attivo in Via Fani a Bari il primo Ambulatorio del PNES-Programma Nazionale Equit\u00e0 nella Salute finalizzato\" \/>\n<meta property=\"og:url\" content=\"https:\/\/lavocedelpaese.info\/index.php\/2024\/12\/07\/apre-il-primo-ambulatorio-pnes-per-contrastare-la-poverta-sanitaria\/\" \/>\n<meta property=\"og:site_name\" content=\"La Voce del Paese\" \/>\n<meta property=\"article:publisher\" content=\"https:\/\/www.facebook.com\/lavocedelpaese.info\" \/>\n<meta property=\"article:published_time\" content=\"2024-12-07T08:14:19+00:00\" \/>\n<meta name=\"twitter:card\" content=\"summary_large_image\" \/>\n<meta name=\"twitter:label1\" content=\"Tempo di lettura stimato\" \/>\n\t<meta name=\"twitter:data1\" content=\"4 minuti\" \/>\n<script type=\"application\/ld+json\" class=\"yoast-schema-graph\">{\"@context\":\"https:\\\/\\\/schema.org\",\"@graph\":[{\"@type\":\"Article\",\"@id\":\"https:\\\/\\\/lavocedelpaese.info\\\/index.php\\\/2024\\\/12\\\/07\\\/apre-il-primo-ambulatorio-pnes-per-contrastare-la-poverta-sanitaria\\\/#article\",\"isPartOf\":{\"@id\":\"https:\\\/\\\/lavocedelpaese.info\\\/index.php\\\/2024\\\/12\\\/07\\\/apre-il-primo-ambulatorio-pnes-per-contrastare-la-poverta-sanitaria\\\/\"},\"author\":{\"name\":\"\",\"@id\":\"\"},\"headline\":\"Apre il primo ambulatorio PNES per contrastare la povert\u00e0 sanitaria\u00a0\u200b\",\"datePublished\":\"2024-12-07T08:14:19+00:00\",\"mainEntityOfPage\":{\"@id\":\"https:\\\/\\\/lavocedelpaese.info\\\/index.php\\\/2024\\\/12\\\/07\\\/apre-il-primo-ambulatorio-pnes-per-contrastare-la-poverta-sanitaria\\\/\"},\"wordCount\":878,\"commentCount\":0,\"publisher\":{\"@id\":\"https:\\\/\\\/lavocedelpaese.info\\\/#organization\"},\"image\":{\"@id\":\"https:\\\/\\\/lavocedelpaese.info\\\/index.php\\\/2024\\\/12\\\/07\\\/apre-il-primo-ambulatorio-pnes-per-contrastare-la-poverta-sanitaria\\\/#primaryimage\"},\"thumbnailUrl\":\"https:\\\/\\\/lavocedelpaese.info\\\/wp-content\\\/uploads\\\/2023\\\/01\\\/logo-150-127.png\",\"articleSection\":[\"network\"],\"inLanguage\":\"it-IT\",\"potentialAction\":[{\"@type\":\"CommentAction\",\"name\":\"Comment\",\"target\":[\"https:\\\/\\\/lavocedelpaese.info\\\/index.php\\\/2024\\\/12\\\/07\\\/apre-il-primo-ambulatorio-pnes-per-contrastare-la-poverta-sanitaria\\\/#respond\"]}]},{\"@type\":\"WebPage\",\"@id\":\"https:\\\/\\\/lavocedelpaese.info\\\/index.php\\\/2024\\\/12\\\/07\\\/apre-il-primo-ambulatorio-pnes-per-contrastare-la-poverta-sanitaria\\\/\",\"url\":\"https:\\\/\\\/lavocedelpaese.info\\\/index.php\\\/2024\\\/12\\\/07\\\/apre-il-primo-ambulatorio-pnes-per-contrastare-la-poverta-sanitaria\\\/\",\"name\":\"Apre il primo ambulatorio PNES per contrastare la povert\u00e0 sanitaria\u00a0\u200b - La Voce del Paese\",\"isPartOf\":{\"@id\":\"https:\\\/\\\/lavocedelpaese.info\\\/#website\"},\"primaryImageOfPage\":{\"@id\":\"https:\\\/\\\/lavocedelpaese.info\\\/index.php\\\/2024\\\/12\\\/07\\\/apre-il-primo-ambulatorio-pnes-per-contrastare-la-poverta-sanitaria\\\/#primaryimage\"},\"image\":{\"@id\":\"https:\\\/\\\/lavocedelpaese.info\\\/index.php\\\/2024\\\/12\\\/07\\\/apre-il-primo-ambulatorio-pnes-per-contrastare-la-poverta-sanitaria\\\/#primaryimage\"},\"thumbnailUrl\":\"https:\\\/\\\/lavocedelpaese.info\\\/wp-content\\\/uploads\\\/2023\\\/01\\\/logo-150-127.png\",\"datePublished\":\"2024-12-07T08:14:19+00:00\",\"breadcrumb\":{\"@id\":\"https:\\\/\\\/lavocedelpaese.info\\\/index.php\\\/2024\\\/12\\\/07\\\/apre-il-primo-ambulatorio-pnes-per-contrastare-la-poverta-sanitaria\\\/#breadcrumb\"},\"inLanguage\":\"it-IT\",\"potentialAction\":[{\"@type\":\"ReadAction\",\"target\":[\"https:\\\/\\\/lavocedelpaese.info\\\/index.php\\\/2024\\\/12\\\/07\\\/apre-il-primo-ambulatorio-pnes-per-contrastare-la-poverta-sanitaria\\\/\"]}]},{\"@type\":\"ImageObject\",\"inLanguage\":\"it-IT\",\"@id\":\"https:\\\/\\\/lavocedelpaese.info\\\/index.php\\\/2024\\\/12\\\/07\\\/apre-il-primo-ambulatorio-pnes-per-contrastare-la-poverta-sanitaria\\\/#primaryimage\",\"url\":\"https:\\\/\\\/lavocedelpaese.info\\\/wp-content\\\/uploads\\\/2023\\\/01\\\/logo-150-127.png\",\"contentUrl\":\"https:\\\/\\\/lavocedelpaese.info\\\/wp-content\\\/uploads\\\/2023\\\/01\\\/logo-150-127.png\",\"width\":150,\"height\":127},{\"@type\":\"BreadcrumbList\",\"@id\":\"https:\\\/\\\/lavocedelpaese.info\\\/index.php\\\/2024\\\/12\\\/07\\\/apre-il-primo-ambulatorio-pnes-per-contrastare-la-poverta-sanitaria\\\/#breadcrumb\",\"itemListElement\":[{\"@type\":\"ListItem\",\"position\":1,\"name\":\"Home\",\"item\":\"https:\\\/\\\/lavocedelpaese.info\\\/\"},{\"@type\":\"ListItem\",\"position\":2,\"name\":\"Apre il primo ambulatorio PNES per contrastare la povert\u00e0 sanitaria\u00a0\u200b\"}]},{\"@type\":\"WebSite\",\"@id\":\"https:\\\/\\\/lavocedelpaese.info\\\/#website\",\"url\":\"https:\\\/\\\/lavocedelpaese.info\\\/\",\"name\":\"La Voce del Paese\",\"description\":\"Un network di idee\",\"publisher\":{\"@id\":\"https:\\\/\\\/lavocedelpaese.info\\\/#organization\"},\"potentialAction\":[{\"@type\":\"SearchAction\",\"target\":{\"@type\":\"EntryPoint\",\"urlTemplate\":\"https:\\\/\\\/lavocedelpaese.info\\\/?s={search_term_string}\"},\"query-input\":{\"@type\":\"PropertyValueSpecification\",\"valueRequired\":true,\"valueName\":\"search_term_string\"}}],\"inLanguage\":\"it-IT\"},{\"@type\":\"Organization\",\"@id\":\"https:\\\/\\\/lavocedelpaese.info\\\/#organization\",\"name\":\"La Voce del Paese\",\"url\":\"https:\\\/\\\/lavocedelpaese.info\\\/\",\"logo\":{\"@type\":\"ImageObject\",\"inLanguage\":\"it-IT\",\"@id\":\"https:\\\/\\\/lavocedelpaese.info\\\/#\\\/schema\\\/logo\\\/image\\\/\",\"url\":\"https:\\\/\\\/lavocedelpaese.info\\\/wp-content\\\/uploads\\\/2023\\\/01\\\/cropped-logo-150-127.png\",\"contentUrl\":\"https:\\\/\\\/lavocedelpaese.info\\\/wp-content\\\/uploads\\\/2023\\\/01\\\/cropped-logo-150-127.png\",\"width\":137,\"height\":119,\"caption\":\"La Voce del Paese\"},\"image\":{\"@id\":\"https:\\\/\\\/lavocedelpaese.info\\\/#\\\/schema\\\/logo\\\/image\\\/\"},\"sameAs\":[\"https:\\\/\\\/www.facebook.com\\\/lavocedelpaese.info\"]}]}<\/script>\n<!-- \/ Yoast SEO plugin. -->","yoast_head_json":{"title":"Apre il primo ambulatorio PNES per contrastare la povert\u00e0 sanitaria\u00a0\u200b - La Voce del Paese","robots":{"index":"index","follow":"follow","max-snippet":"max-snippet:-1","max-image-preview":"max-image-preview:large","max-video-preview":"max-video-preview:-1"},"canonical":"https:\/\/lavocedelpaese.info\/index.php\/2024\/12\/07\/apre-il-primo-ambulatorio-pnes-per-contrastare-la-poverta-sanitaria\/","og_locale":"it_IT","og_type":"article","og_title":"Apre il primo ambulatorio PNES per contrastare la povert\u00e0 sanitaria\u00a0\u200b - La Voce del Paese","og_description":"\u00a0 \u200b\u00a0 \u200b\u00a0 E\u2019 attivo in Via Fani a Bari il primo Ambulatorio del PNES-Programma Nazionale Equit\u00e0 nella Salute finalizzato","og_url":"https:\/\/lavocedelpaese.info\/index.php\/2024\/12\/07\/apre-il-primo-ambulatorio-pnes-per-contrastare-la-poverta-sanitaria\/","og_site_name":"La Voce del Paese","article_publisher":"https:\/\/www.facebook.com\/lavocedelpaese.info","article_published_time":"2024-12-07T08:14:19+00:00","twitter_card":"summary_large_image","twitter_misc":{"Tempo di lettura stimato":"4 minuti"},"schema":{"@context":"https:\/\/schema.org","@graph":[{"@type":"Article","@id":"https:\/\/lavocedelpaese.info\/index.php\/2024\/12\/07\/apre-il-primo-ambulatorio-pnes-per-contrastare-la-poverta-sanitaria\/#article","isPartOf":{"@id":"https:\/\/lavocedelpaese.info\/index.php\/2024\/12\/07\/apre-il-primo-ambulatorio-pnes-per-contrastare-la-poverta-sanitaria\/"},"author":{"name":"","@id":""},"headline":"Apre il primo ambulatorio PNES per contrastare la povert\u00e0 sanitaria\u00a0\u200b","datePublished":"2024-12-07T08:14:19+00:00","mainEntityOfPage":{"@id":"https:\/\/lavocedelpaese.info\/index.php\/2024\/12\/07\/apre-il-primo-ambulatorio-pnes-per-contrastare-la-poverta-sanitaria\/"},"wordCount":878,"commentCount":0,"publisher":{"@id":"https:\/\/lavocedelpaese.info\/#organization"},"image":{"@id":"https:\/\/lavocedelpaese.info\/index.php\/2024\/12\/07\/apre-il-primo-ambulatorio-pnes-per-contrastare-la-poverta-sanitaria\/#primaryimage"},"thumbnailUrl":"https:\/\/lavocedelpaese.info\/wp-content\/uploads\/2023\/01\/logo-150-127.png","articleSection":["network"],"inLanguage":"it-IT","potentialAction":[{"@type":"CommentAction","name":"Comment","target":["https:\/\/lavocedelpaese.info\/index.php\/2024\/12\/07\/apre-il-primo-ambulatorio-pnes-per-contrastare-la-poverta-sanitaria\/#respond"]}]},{"@type":"WebPage","@id":"https:\/\/lavocedelpaese.info\/index.php\/2024\/12\/07\/apre-il-primo-ambulatorio-pnes-per-contrastare-la-poverta-sanitaria\/","url":"https:\/\/lavocedelpaese.info\/index.php\/2024\/12\/07\/apre-il-primo-ambulatorio-pnes-per-contrastare-la-poverta-sanitaria\/","name":"Apre il primo ambulatorio PNES per contrastare la povert\u00e0 sanitaria\u00a0\u200b - La Voce del Paese","isPartOf":{"@id":"https:\/\/lavocedelpaese.info\/#website"},"primaryImageOfPage":{"@id":"https:\/\/lavocedelpaese.info\/index.php\/2024\/12\/07\/apre-il-primo-ambulatorio-pnes-per-contrastare-la-poverta-sanitaria\/#primaryimage"},"image":{"@id":"https:\/\/lavocedelpaese.info\/index.php\/2024\/12\/07\/apre-il-primo-ambulatorio-pnes-per-contrastare-la-poverta-sanitaria\/#primaryimage"},"thumbnailUrl":"https:\/\/lavocedelpaese.info\/wp-content\/uploads\/2023\/01\/logo-150-127.png","datePublished":"2024-12-07T08:14:19+00:00","breadcrumb":{"@id":"https:\/\/lavocedelpaese.info\/index.php\/2024\/12\/07\/apre-il-primo-ambulatorio-pnes-per-contrastare-la-poverta-sanitaria\/#breadcrumb"},"inLanguage":"it-IT","potentialAction":[{"@type":"ReadAction","target":["https:\/\/lavocedelpaese.info\/index.php\/2024\/12\/07\/apre-il-primo-ambulatorio-pnes-per-contrastare-la-poverta-sanitaria\/"]}]},{"@type":"ImageObject","inLanguage":"it-IT","@id":"https:\/\/lavocedelpaese.info\/index.php\/2024\/12\/07\/apre-il-primo-ambulatorio-pnes-per-contrastare-la-poverta-sanitaria\/#primaryimage","url":"https:\/\/lavocedelpaese.info\/wp-content\/uploads\/2023\/01\/logo-150-127.png","contentUrl":"https:\/\/lavocedelpaese.info\/wp-content\/uploads\/2023\/01\/logo-150-127.png","width":150,"height":127},{"@type":"BreadcrumbList","@id":"https:\/\/lavocedelpaese.info\/index.php\/2024\/12\/07\/apre-il-primo-ambulatorio-pnes-per-contrastare-la-poverta-sanitaria\/#breadcrumb","itemListElement":[{"@type":"ListItem","position":1,"name":"Home","item":"https:\/\/lavocedelpaese.info\/"},{"@type":"ListItem","position":2,"name":"Apre il primo ambulatorio PNES per contrastare la povert\u00e0 sanitaria\u00a0\u200b"}]},{"@type":"WebSite","@id":"https:\/\/lavocedelpaese.info\/#website","url":"https:\/\/lavocedelpaese.info\/","name":"La Voce del Paese","description":"Un network di idee","publisher":{"@id":"https:\/\/lavocedelpaese.info\/#organization"},"potentialAction":[{"@type":"SearchAction","target":{"@type":"EntryPoint","urlTemplate":"https:\/\/lavocedelpaese.info\/?s={search_term_string}"},"query-input":{"@type":"PropertyValueSpecification","valueRequired":true,"valueName":"search_term_string"}}],"inLanguage":"it-IT"},{"@type":"Organization","@id":"https:\/\/lavocedelpaese.info\/#organization","name":"La Voce del Paese","url":"https:\/\/lavocedelpaese.info\/","logo":{"@type":"ImageObject","inLanguage":"it-IT","@id":"https:\/\/lavocedelpaese.info\/#\/schema\/logo\/image\/","url":"https:\/\/lavocedelpaese.info\/wp-content\/uploads\/2023\/01\/cropped-logo-150-127.png","contentUrl":"https:\/\/lavocedelpaese.info\/wp-content\/uploads\/2023\/01\/cropped-logo-150-127.png","width":137,"height":119,"caption":"La Voce del Paese"},"image":{"@id":"https:\/\/lavocedelpaese.info\/#\/schema\/logo\/image\/"},"sameAs":["https:\/\/www.facebook.com\/lavocedelpaese.info"]}]}},"_links":{"self":[{"href":"https:\/\/lavocedelpaese.info\/index.php\/wp-json\/wp\/v2\/posts\/8464","targetHints":{"allow":["GET"]}}],"collection":[{"href":"https:\/\/lavocedelpaese.info\/index.php\/wp-json\/wp\/v2\/posts"}],"about":[{"href":"https:\/\/lavocedelpaese.info\/index.php\/wp-json\/wp\/v2\/types\/post"}],"replies":[{"embeddable":true,"href":"https:\/\/lavocedelpaese.info\/index.php\/wp-json\/wp\/v2\/comments?post=8464"}],"version-history":[{"count":0,"href":"https:\/\/lavocedelpaese.info\/index.php\/wp-json\/wp\/v2\/posts\/8464\/revisions"}],"wp:featuredmedia":[{"embeddable":true,"href":"https:\/\/lavocedelpaese.info\/index.php\/wp-json\/wp\/v2\/media\/730"}],"wp:attachment":[{"href":"https:\/\/lavocedelpaese.info\/index.php\/wp-json\/wp\/v2\/media?parent=8464"}],"wp:term":[{"taxonomy":"category","embeddable":true,"href":"https:\/\/lavocedelpaese.info\/index.php\/wp-json\/wp\/v2\/categories?post=8464"},{"taxonomy":"post_tag","embeddable":true,"href":"https:\/\/lavocedelpaese.info\/index.php\/wp-json\/wp\/v2\/tags?post=8464"}],"curies":[{"name":"wp","href":"https:\/\/api.w.org\/{rel}","templated":true}]}}