{"id":8462,"date":"2024-12-06T10:14:45","date_gmt":"2024-12-06T10:14:45","guid":{"rendered":"https:\/\/lavocedelpaese.info\/index.php\/2024\/12\/06\/il-turi-batte-taranto-ed-inserisce-la-quinta\/"},"modified":"2024-12-06T10:14:45","modified_gmt":"2024-12-06T10:14:45","slug":"il-turi-batte-taranto-ed-inserisce-la-quinta","status":"publish","type":"post","link":"https:\/\/lavocedelpaese.info\/index.php\/2024\/12\/06\/il-turi-batte-taranto-ed-inserisce-la-quinta\/","title":{"rendered":"Il Turi batte Taranto ed inserisce la quinta\u00a0\u00a0\u00a0\u200b"},"content":{"rendered":"<p>\u00a0<\/p>\n<p>\u200b\u00a0<\/p>\n<p>\u200b\u00a0<\/p>\n<div><\/div>\n<p>Si chiude con l\u2019affermazione sulla Polisportiva Frascolla Taranto per 3 set a 0 il mese di novembre per l\u2019Arr\u00e8 formaggi Turi attesa ora da un mese di fuoco sino alla pausa natalizia.<\/p>\n<p>Gli uomini di mister Girolamo conquistano l\u2019intera posta in palio agevolmente in una gara condotta dall\u2019inizio alla fine con la giusta concentrazione e determinazione, che ha permesso all\u2019intera rosa, ad eccezione del convalescente Atene, di essere protagonista dell\u2019incontro.<\/p>\n<p>Con la vittoria numero 5 in altrettante gare capitan Scio e compagni salgono a 15 punti in classifica rosicchiandone due alla capolista Casarano, ora a -1 e con un match disputato in pi\u00f9, che si ferma al quinto set a Squinzano, mantenendo invariato invece il distacco con Polignano e Galatina prime inseguitrici.<\/p>\n<p>Le formazioni in campo: Mingolla-Matheus in diagonale, Scio e Girolamo laterali, Cassano e Furio centrali e Dammacco libero per i biancoazzurri; per mister Pirola c\u2019\u00e8 Simeone al palleggio e D\u2019Amicis opposto, Di Sabato e Vacca in banda, Gasbarro e Scorrano al centro, Susco libero.<\/p>\n<p>Ad inizio gara viene osservato un minuto di raccoglimento come da protocollo CR Fipav Puglia in occasione de \u201cLa settimana di Federica (25 novembre -1 dicembre 2024)\u201d.<\/p>\n<p>Muro (6-2) ed attacco di Cassano (7-2) per i biancoazzurri che hanno le idee chiare sin da subito. Matheus scava il solco ulteriormente e rapidamente con il 15-4. Dalla panchina entrano Campana e Chimenti per Dammacco e Mingolla, i padroni di casa gestiscono al meglio sino al 25-18 (invasione del muro ospite).<\/p>\n<figure class=\"wp-block-gallery has-nested-images columns-default is-cropped wp-block-gallery-2 is-layout-flex wp-block-gallery-is-layout-flex\">\n<figure class=\"wp-block-image size-large\"><img decoding=\"async\" loading=\"lazy\" width=\"640\" height=\"960\" data-id=\"6192\" src=\"https:\/\/turi.lavocedelpaese.info\/wp-content\/uploads\/2024\/12\/image4.jpeg\" alt=\"\" class=\"wp-image-6192\"\/><\/figure>\n<figure class=\"wp-block-image size-large\"><img decoding=\"async\" loading=\"lazy\" width=\"1365\" height=\"2048\" data-id=\"6194\" src=\"https:\/\/turi.lavocedelpaese.info\/wp-content\/uploads\/2024\/12\/image2.jpeg\" alt=\"\" class=\"wp-image-6194\"\/><\/figure>\n<\/figure>\n<div aria-hidden=\"true\" class=\"wp-block-spacer\"><\/div>\n<p>Anche nel secondo set l\u2019 Arr\u00e8 Formaggi va di corsa e con Girolamo si ritrova sull\u20198-2 mentre Furio dal centro allunga sul 14-7. Scio (17-9) chiude una grande azione dei suoi mentre Palmisano, dentro per Girolamo, firma il secondo punto personale della gara mettendo gi\u00f9 il 25-12.<\/p>\n<p>Scio e Girolamo rompono l\u2019equilibrio iniziale mettendo cinque punti tra s\u00e9 e gli avversari, 8-3. Il Turi dal proprio servizio scappa nuovamente, Pagliarulo dai nove metri firma il 21-11 e Simone Mancino chiude il match con il block out del 25-12.<\/p>\n<figure class=\"wp-block-gallery has-nested-images columns-default is-cropped wp-block-gallery-3 is-layout-flex wp-block-gallery-is-layout-flex\">\n<figure class=\"wp-block-image size-large\"><img decoding=\"async\" loading=\"lazy\" width=\"1365\" height=\"2048\" data-id=\"6193\" src=\"https:\/\/turi.lavocedelpaese.info\/wp-content\/uploads\/2024\/12\/image3.jpeg\" alt=\"\" class=\"wp-image-6193\"\/><\/figure>\n<figure class=\"wp-block-image size-large\"><img decoding=\"async\" loading=\"lazy\" width=\"1365\" height=\"2048\" data-id=\"6195\" src=\"https:\/\/turi.lavocedelpaese.info\/wp-content\/uploads\/2024\/12\/image1.jpeg\" alt=\"\" class=\"wp-image-6195\"\/><\/figure>\n<\/figure>\n<div aria-hidden=\"true\" class=\"wp-block-spacer\"><\/div>\n<h4 class=\"wp-block-heading\"><strong>Derby big match tra Polignano e Turi<\/strong><\/h4>\n<p>La compagine turese ora \u00e8 attesa da un dicembre d\u2019alta quota ed intenso, con le doppie sfide esterne sui campi di due dirette concorrenti come Polignano e la capolista Casarano, intervallate dal match casalingo contro l\u2019insidiosa Mottola, in un girone combattuto e non scontato come dimostrano i risultati.<\/p>\n<p>La presentazione del match con il presidente Domenico D\u2019Aprile: \u201c<em>Prima assoluta e molta curiosit\u00e0 per questo nuovo derby. Ci attende una grande sfida, difficile ed emozionante, contro una delle squadre pi\u00f9 attrezzate del campionato di serie C. Servir\u00e0 alzare intensit\u00e0 e livello di gioco mantenendo alta la concentrazione per tutta la gara, perch\u00e9 in gare equilibrate come queste la discriminante per la vittoria \u00e8 sbagliare il meno possibile.<\/em><\/p>\n<p><em>Sono una societ\u00e0 giovane ed ambiziosa, lo scorso anno si sono arresi solo nella finalissima di Coppa Puglia e nella semifinale playoff. Un gruppo affiatato formato da giocatori che conosciamo bene anche per aver militato con noi in B come Pietro Taccone, Alessandro Primavera, i fratelli Lacatena, Gabriel Basile e Gianluca El Moudden, quest\u2019ultimo nel campionato di C 2016-2017.\u201d\u00a0<\/em><\/p>\n<p>Si gioca alle 18:30 presso la Palestra Comunale \u201cCarlettino\u201d \u2013 SMS \u201cSarnelli\u201d di Polignano a Mare.<\/p>\n<h4 class=\"wp-block-heading\"><strong>Classifica girone B<\/strong><\/h4>\n<p>Casarano <strong>16 punti<\/strong>; <strong>Turi<\/strong>* <strong>15<\/strong>;<strong> <\/strong>Polignano* <strong>12<\/strong>; Galatina <strong>10<\/strong>; Squinzano, Tricase e Mottola <strong>8<\/strong>; Fasano* <strong>7<\/strong>; Ruffano* e Materdomini Castellana* <strong>3<\/strong>; Taranto* <strong>0<\/strong>.<br \/>\u00a0<em>(*) turno di riposo osservato<\/em><\/p>\n\n<p><a class=\"a2a_button_facebook\" href=\"https:\/\/www.addtoany.com\/add_to\/facebook?linkurl=https%3A%2F%2Fturi.lavocedelpaese.info%2Fil-turi-batte-taranto-ed-inserisce-la-quinta%2F&amp;linkname=Il%20Turi%20batte%20Taranto%20ed%20inserisce%20la%20quinta%C2%A0%C2%A0\" title=\"Facebook\" rel=\"nofollow noopener\" target=\"_blank\"><\/a><a class=\"a2a_button_twitter\" href=\"https:\/\/www.addtoany.com\/add_to\/twitter?linkurl=https%3A%2F%2Fturi.lavocedelpaese.info%2Fil-turi-batte-taranto-ed-inserisce-la-quinta%2F&amp;linkname=Il%20Turi%20batte%20Taranto%20ed%20inserisce%20la%20quinta%C2%A0%C2%A0\" title=\"Twitter\" rel=\"nofollow noopener\" target=\"_blank\"><\/a><a class=\"a2a_button_whatsapp\" href=\"https:\/\/www.addtoany.com\/add_to\/whatsapp?linkurl=https%3A%2F%2Fturi.lavocedelpaese.info%2Fil-turi-batte-taranto-ed-inserisce-la-quinta%2F&amp;linkname=Il%20Turi%20batte%20Taranto%20ed%20inserisce%20la%20quinta%C2%A0%C2%A0\" title=\"WhatsApp\" rel=\"nofollow noopener\" target=\"_blank\"><\/a><a class=\"a2a_button_telegram\" href=\"https:\/\/www.addtoany.com\/add_to\/telegram?linkurl=https%3A%2F%2Fturi.lavocedelpaese.info%2Fil-turi-batte-taranto-ed-inserisce-la-quinta%2F&amp;linkname=Il%20Turi%20batte%20Taranto%20ed%20inserisce%20la%20quinta%C2%A0%C2%A0\" title=\"Telegram\" rel=\"nofollow noopener\" target=\"_blank\"><\/a><a class=\"a2a_button_email\" href=\"https:\/\/www.addtoany.com\/add_to\/email?linkurl=https%3A%2F%2Fturi.lavocedelpaese.info%2Fil-turi-batte-taranto-ed-inserisce-la-quinta%2F&amp;linkname=Il%20Turi%20batte%20Taranto%20ed%20inserisce%20la%20quinta%C2%A0%C2%A0\" title=\"Email\" rel=\"nofollow noopener\" target=\"_blank\"><\/a><\/p>\n<p>L&#8217;articolo <a href=\"https:\/\/turi.lavocedelpaese.info\/il-turi-batte-taranto-ed-inserisce-la-quinta\/\">Il Turi batte Taranto ed inserisce la quinta\u00a0\u00a0<\/a> proviene da <a href=\"https:\/\/turi.lavocedelpaese.info\/\">Turi &#8211; La Voce del Paese<\/a>.<\/p>\n<p>\u00a0<\/p>\n<p>\u00a0<\/p>\n<p>\u200b\u00a0\u00a0\u00a0<\/p>","protected":false},"excerpt":{"rendered":"<p>\u00a0 \u200b\u00a0 \u200b\u00a0 Si chiude con l\u2019affermazione sulla Polisportiva Frascolla Taranto per 3 set a 0 il mese di novembre<\/p>\n","protected":false},"author":0,"featured_media":8463,"comment_status":"open","ping_status":"closed","sticky":false,"template":"","format":"standard","meta":{"colormag_page_container_layout":"default_layout","colormag_page_sidebar_layout":"default_layout","footnotes":""},"categories":[33],"tags":[],"class_list":["post-8462","post","type-post","status-publish","format-standard","has-post-thumbnail","hentry","category-network"],"yoast_head":"<!-- This site is optimized with the Yoast SEO plugin v27.5 - https:\/\/yoast.com\/product\/yoast-seo-wordpress\/ -->\n<title>Il Turi batte Taranto ed inserisce la quinta\u00a0\u00a0\u00a0\u200b - La Voce del Paese<\/title>\n<meta name=\"robots\" content=\"index, follow, max-snippet:-1, max-image-preview:large, max-video-preview:-1\" \/>\n<link rel=\"canonical\" href=\"https:\/\/lavocedelpaese.info\/index.php\/2024\/12\/06\/il-turi-batte-taranto-ed-inserisce-la-quinta\/\" \/>\n<meta property=\"og:locale\" content=\"it_IT\" \/>\n<meta property=\"og:type\" content=\"article\" \/>\n<meta property=\"og:title\" content=\"Il Turi batte Taranto ed inserisce la quinta\u00a0\u00a0\u00a0\u200b - La Voce del Paese\" \/>\n<meta property=\"og:description\" content=\"\u00a0 \u200b\u00a0 \u200b\u00a0 Si chiude con l\u2019affermazione sulla Polisportiva Frascolla Taranto per 3 set a 0 il mese di novembre\" \/>\n<meta property=\"og:url\" content=\"https:\/\/lavocedelpaese.info\/index.php\/2024\/12\/06\/il-turi-batte-taranto-ed-inserisce-la-quinta\/\" \/>\n<meta property=\"og:site_name\" content=\"La Voce del Paese\" \/>\n<meta property=\"article:publisher\" content=\"https:\/\/www.facebook.com\/lavocedelpaese.info\" \/>\n<meta property=\"article:published_time\" content=\"2024-12-06T10:14:45+00:00\" \/>\n<meta name=\"twitter:card\" content=\"summary_large_image\" \/>\n<meta name=\"twitter:label1\" content=\"Tempo di lettura stimato\" \/>\n\t<meta name=\"twitter:data1\" content=\"3 minuti\" \/>\n<script type=\"application\/ld+json\" class=\"yoast-schema-graph\">{\"@context\":\"https:\\\/\\\/schema.org\",\"@graph\":[{\"@type\":\"Article\",\"@id\":\"https:\\\/\\\/lavocedelpaese.info\\\/index.php\\\/2024\\\/12\\\/06\\\/il-turi-batte-taranto-ed-inserisce-la-quinta\\\/#article\",\"isPartOf\":{\"@id\":\"https:\\\/\\\/lavocedelpaese.info\\\/index.php\\\/2024\\\/12\\\/06\\\/il-turi-batte-taranto-ed-inserisce-la-quinta\\\/\"},\"author\":{\"name\":\"\",\"@id\":\"\"},\"headline\":\"Il Turi batte Taranto ed inserisce la quinta\u00a0\u00a0\u00a0\u200b\",\"datePublished\":\"2024-12-06T10:14:45+00:00\",\"mainEntityOfPage\":{\"@id\":\"https:\\\/\\\/lavocedelpaese.info\\\/index.php\\\/2024\\\/12\\\/06\\\/il-turi-batte-taranto-ed-inserisce-la-quinta\\\/\"},\"wordCount\":582,\"commentCount\":0,\"publisher\":{\"@id\":\"https:\\\/\\\/lavocedelpaese.info\\\/#organization\"},\"image\":{\"@id\":\"https:\\\/\\\/lavocedelpaese.info\\\/index.php\\\/2024\\\/12\\\/06\\\/il-turi-batte-taranto-ed-inserisce-la-quinta\\\/#primaryimage\"},\"thumbnailUrl\":\"https:\\\/\\\/lavocedelpaese.info\\\/wp-content\\\/uploads\\\/2024\\\/12\\\/image4-wVCuWA.jpeg\",\"articleSection\":[\"network\"],\"inLanguage\":\"it-IT\",\"potentialAction\":[{\"@type\":\"CommentAction\",\"name\":\"Comment\",\"target\":[\"https:\\\/\\\/lavocedelpaese.info\\\/index.php\\\/2024\\\/12\\\/06\\\/il-turi-batte-taranto-ed-inserisce-la-quinta\\\/#respond\"]}]},{\"@type\":\"WebPage\",\"@id\":\"https:\\\/\\\/lavocedelpaese.info\\\/index.php\\\/2024\\\/12\\\/06\\\/il-turi-batte-taranto-ed-inserisce-la-quinta\\\/\",\"url\":\"https:\\\/\\\/lavocedelpaese.info\\\/index.php\\\/2024\\\/12\\\/06\\\/il-turi-batte-taranto-ed-inserisce-la-quinta\\\/\",\"name\":\"Il Turi batte Taranto ed inserisce la quinta\u00a0\u00a0\u00a0\u200b - La Voce del Paese\",\"isPartOf\":{\"@id\":\"https:\\\/\\\/lavocedelpaese.info\\\/#website\"},\"primaryImageOfPage\":{\"@id\":\"https:\\\/\\\/lavocedelpaese.info\\\/index.php\\\/2024\\\/12\\\/06\\\/il-turi-batte-taranto-ed-inserisce-la-quinta\\\/#primaryimage\"},\"image\":{\"@id\":\"https:\\\/\\\/lavocedelpaese.info\\\/index.php\\\/2024\\\/12\\\/06\\\/il-turi-batte-taranto-ed-inserisce-la-quinta\\\/#primaryimage\"},\"thumbnailUrl\":\"https:\\\/\\\/lavocedelpaese.info\\\/wp-content\\\/uploads\\\/2024\\\/12\\\/image4-wVCuWA.jpeg\",\"datePublished\":\"2024-12-06T10:14:45+00:00\",\"breadcrumb\":{\"@id\":\"https:\\\/\\\/lavocedelpaese.info\\\/index.php\\\/2024\\\/12\\\/06\\\/il-turi-batte-taranto-ed-inserisce-la-quinta\\\/#breadcrumb\"},\"inLanguage\":\"it-IT\",\"potentialAction\":[{\"@type\":\"ReadAction\",\"target\":[\"https:\\\/\\\/lavocedelpaese.info\\\/index.php\\\/2024\\\/12\\\/06\\\/il-turi-batte-taranto-ed-inserisce-la-quinta\\\/\"]}]},{\"@type\":\"ImageObject\",\"inLanguage\":\"it-IT\",\"@id\":\"https:\\\/\\\/lavocedelpaese.info\\\/index.php\\\/2024\\\/12\\\/06\\\/il-turi-batte-taranto-ed-inserisce-la-quinta\\\/#primaryimage\",\"url\":\"https:\\\/\\\/lavocedelpaese.info\\\/wp-content\\\/uploads\\\/2024\\\/12\\\/image4-wVCuWA.jpeg\",\"contentUrl\":\"https:\\\/\\\/lavocedelpaese.info\\\/wp-content\\\/uploads\\\/2024\\\/12\\\/image4-wVCuWA.jpeg\",\"width\":533,\"height\":800},{\"@type\":\"BreadcrumbList\",\"@id\":\"https:\\\/\\\/lavocedelpaese.info\\\/index.php\\\/2024\\\/12\\\/06\\\/il-turi-batte-taranto-ed-inserisce-la-quinta\\\/#breadcrumb\",\"itemListElement\":[{\"@type\":\"ListItem\",\"position\":1,\"name\":\"Home\",\"item\":\"https:\\\/\\\/lavocedelpaese.info\\\/\"},{\"@type\":\"ListItem\",\"position\":2,\"name\":\"Il Turi batte Taranto ed inserisce la quinta\u00a0\u00a0\u00a0\u200b\"}]},{\"@type\":\"WebSite\",\"@id\":\"https:\\\/\\\/lavocedelpaese.info\\\/#website\",\"url\":\"https:\\\/\\\/lavocedelpaese.info\\\/\",\"name\":\"La Voce del Paese\",\"description\":\"Un network di idee\",\"publisher\":{\"@id\":\"https:\\\/\\\/lavocedelpaese.info\\\/#organization\"},\"potentialAction\":[{\"@type\":\"SearchAction\",\"target\":{\"@type\":\"EntryPoint\",\"urlTemplate\":\"https:\\\/\\\/lavocedelpaese.info\\\/?s={search_term_string}\"},\"query-input\":{\"@type\":\"PropertyValueSpecification\",\"valueRequired\":true,\"valueName\":\"search_term_string\"}}],\"inLanguage\":\"it-IT\"},{\"@type\":\"Organization\",\"@id\":\"https:\\\/\\\/lavocedelpaese.info\\\/#organization\",\"name\":\"La Voce del Paese\",\"url\":\"https:\\\/\\\/lavocedelpaese.info\\\/\",\"logo\":{\"@type\":\"ImageObject\",\"inLanguage\":\"it-IT\",\"@id\":\"https:\\\/\\\/lavocedelpaese.info\\\/#\\\/schema\\\/logo\\\/image\\\/\",\"url\":\"https:\\\/\\\/lavocedelpaese.info\\\/wp-content\\\/uploads\\\/2023\\\/01\\\/cropped-logo-150-127.png\",\"contentUrl\":\"https:\\\/\\\/lavocedelpaese.info\\\/wp-content\\\/uploads\\\/2023\\\/01\\\/cropped-logo-150-127.png\",\"width\":137,\"height\":119,\"caption\":\"La Voce del Paese\"},\"image\":{\"@id\":\"https:\\\/\\\/lavocedelpaese.info\\\/#\\\/schema\\\/logo\\\/image\\\/\"},\"sameAs\":[\"https:\\\/\\\/www.facebook.com\\\/lavocedelpaese.info\"]}]}<\/script>\n<!-- \/ Yoast SEO plugin. -->","yoast_head_json":{"title":"Il Turi batte Taranto ed inserisce la quinta\u00a0\u00a0\u00a0\u200b - La Voce del Paese","robots":{"index":"index","follow":"follow","max-snippet":"max-snippet:-1","max-image-preview":"max-image-preview:large","max-video-preview":"max-video-preview:-1"},"canonical":"https:\/\/lavocedelpaese.info\/index.php\/2024\/12\/06\/il-turi-batte-taranto-ed-inserisce-la-quinta\/","og_locale":"it_IT","og_type":"article","og_title":"Il Turi batte Taranto ed inserisce la quinta\u00a0\u00a0\u00a0\u200b - La Voce del Paese","og_description":"\u00a0 \u200b\u00a0 \u200b\u00a0 Si chiude con l\u2019affermazione sulla Polisportiva Frascolla Taranto per 3 set a 0 il mese di novembre","og_url":"https:\/\/lavocedelpaese.info\/index.php\/2024\/12\/06\/il-turi-batte-taranto-ed-inserisce-la-quinta\/","og_site_name":"La Voce del Paese","article_publisher":"https:\/\/www.facebook.com\/lavocedelpaese.info","article_published_time":"2024-12-06T10:14:45+00:00","twitter_card":"summary_large_image","twitter_misc":{"Tempo di lettura stimato":"3 minuti"},"schema":{"@context":"https:\/\/schema.org","@graph":[{"@type":"Article","@id":"https:\/\/lavocedelpaese.info\/index.php\/2024\/12\/06\/il-turi-batte-taranto-ed-inserisce-la-quinta\/#article","isPartOf":{"@id":"https:\/\/lavocedelpaese.info\/index.php\/2024\/12\/06\/il-turi-batte-taranto-ed-inserisce-la-quinta\/"},"author":{"name":"","@id":""},"headline":"Il Turi batte Taranto ed inserisce la quinta\u00a0\u00a0\u00a0\u200b","datePublished":"2024-12-06T10:14:45+00:00","mainEntityOfPage":{"@id":"https:\/\/lavocedelpaese.info\/index.php\/2024\/12\/06\/il-turi-batte-taranto-ed-inserisce-la-quinta\/"},"wordCount":582,"commentCount":0,"publisher":{"@id":"https:\/\/lavocedelpaese.info\/#organization"},"image":{"@id":"https:\/\/lavocedelpaese.info\/index.php\/2024\/12\/06\/il-turi-batte-taranto-ed-inserisce-la-quinta\/#primaryimage"},"thumbnailUrl":"https:\/\/lavocedelpaese.info\/wp-content\/uploads\/2024\/12\/image4-wVCuWA.jpeg","articleSection":["network"],"inLanguage":"it-IT","potentialAction":[{"@type":"CommentAction","name":"Comment","target":["https:\/\/lavocedelpaese.info\/index.php\/2024\/12\/06\/il-turi-batte-taranto-ed-inserisce-la-quinta\/#respond"]}]},{"@type":"WebPage","@id":"https:\/\/lavocedelpaese.info\/index.php\/2024\/12\/06\/il-turi-batte-taranto-ed-inserisce-la-quinta\/","url":"https:\/\/lavocedelpaese.info\/index.php\/2024\/12\/06\/il-turi-batte-taranto-ed-inserisce-la-quinta\/","name":"Il Turi batte Taranto ed inserisce la quinta\u00a0\u00a0\u00a0\u200b - La Voce del Paese","isPartOf":{"@id":"https:\/\/lavocedelpaese.info\/#website"},"primaryImageOfPage":{"@id":"https:\/\/lavocedelpaese.info\/index.php\/2024\/12\/06\/il-turi-batte-taranto-ed-inserisce-la-quinta\/#primaryimage"},"image":{"@id":"https:\/\/lavocedelpaese.info\/index.php\/2024\/12\/06\/il-turi-batte-taranto-ed-inserisce-la-quinta\/#primaryimage"},"thumbnailUrl":"https:\/\/lavocedelpaese.info\/wp-content\/uploads\/2024\/12\/image4-wVCuWA.jpeg","datePublished":"2024-12-06T10:14:45+00:00","breadcrumb":{"@id":"https:\/\/lavocedelpaese.info\/index.php\/2024\/12\/06\/il-turi-batte-taranto-ed-inserisce-la-quinta\/#breadcrumb"},"inLanguage":"it-IT","potentialAction":[{"@type":"ReadAction","target":["https:\/\/lavocedelpaese.info\/index.php\/2024\/12\/06\/il-turi-batte-taranto-ed-inserisce-la-quinta\/"]}]},{"@type":"ImageObject","inLanguage":"it-IT","@id":"https:\/\/lavocedelpaese.info\/index.php\/2024\/12\/06\/il-turi-batte-taranto-ed-inserisce-la-quinta\/#primaryimage","url":"https:\/\/lavocedelpaese.info\/wp-content\/uploads\/2024\/12\/image4-wVCuWA.jpeg","contentUrl":"https:\/\/lavocedelpaese.info\/wp-content\/uploads\/2024\/12\/image4-wVCuWA.jpeg","width":533,"height":800},{"@type":"BreadcrumbList","@id":"https:\/\/lavocedelpaese.info\/index.php\/2024\/12\/06\/il-turi-batte-taranto-ed-inserisce-la-quinta\/#breadcrumb","itemListElement":[{"@type":"ListItem","position":1,"name":"Home","item":"https:\/\/lavocedelpaese.info\/"},{"@type":"ListItem","position":2,"name":"Il Turi batte Taranto ed inserisce la quinta\u00a0\u00a0\u00a0\u200b"}]},{"@type":"WebSite","@id":"https:\/\/lavocedelpaese.info\/#website","url":"https:\/\/lavocedelpaese.info\/","name":"La Voce del Paese","description":"Un network di idee","publisher":{"@id":"https:\/\/lavocedelpaese.info\/#organization"},"potentialAction":[{"@type":"SearchAction","target":{"@type":"EntryPoint","urlTemplate":"https:\/\/lavocedelpaese.info\/?s={search_term_string}"},"query-input":{"@type":"PropertyValueSpecification","valueRequired":true,"valueName":"search_term_string"}}],"inLanguage":"it-IT"},{"@type":"Organization","@id":"https:\/\/lavocedelpaese.info\/#organization","name":"La Voce del Paese","url":"https:\/\/lavocedelpaese.info\/","logo":{"@type":"ImageObject","inLanguage":"it-IT","@id":"https:\/\/lavocedelpaese.info\/#\/schema\/logo\/image\/","url":"https:\/\/lavocedelpaese.info\/wp-content\/uploads\/2023\/01\/cropped-logo-150-127.png","contentUrl":"https:\/\/lavocedelpaese.info\/wp-content\/uploads\/2023\/01\/cropped-logo-150-127.png","width":137,"height":119,"caption":"La Voce del Paese"},"image":{"@id":"https:\/\/lavocedelpaese.info\/#\/schema\/logo\/image\/"},"sameAs":["https:\/\/www.facebook.com\/lavocedelpaese.info"]}]}},"_links":{"self":[{"href":"https:\/\/lavocedelpaese.info\/index.php\/wp-json\/wp\/v2\/posts\/8462","targetHints":{"allow":["GET"]}}],"collection":[{"href":"https:\/\/lavocedelpaese.info\/index.php\/wp-json\/wp\/v2\/posts"}],"about":[{"href":"https:\/\/lavocedelpaese.info\/index.php\/wp-json\/wp\/v2\/types\/post"}],"replies":[{"embeddable":true,"href":"https:\/\/lavocedelpaese.info\/index.php\/wp-json\/wp\/v2\/comments?post=8462"}],"version-history":[{"count":0,"href":"https:\/\/lavocedelpaese.info\/index.php\/wp-json\/wp\/v2\/posts\/8462\/revisions"}],"wp:featuredmedia":[{"embeddable":true,"href":"https:\/\/lavocedelpaese.info\/index.php\/wp-json\/wp\/v2\/media\/8463"}],"wp:attachment":[{"href":"https:\/\/lavocedelpaese.info\/index.php\/wp-json\/wp\/v2\/media?parent=8462"}],"wp:term":[{"taxonomy":"category","embeddable":true,"href":"https:\/\/lavocedelpaese.info\/index.php\/wp-json\/wp\/v2\/categories?post=8462"},{"taxonomy":"post_tag","embeddable":true,"href":"https:\/\/lavocedelpaese.info\/index.php\/wp-json\/wp\/v2\/tags?post=8462"}],"curies":[{"name":"wp","href":"https:\/\/api.w.org\/{rel}","templated":true}]}}