{"id":8446,"date":"2024-12-05T12:14:59","date_gmt":"2024-12-05T12:14:59","guid":{"rendered":"https:\/\/lavocedelpaese.info\/index.php\/2024\/12\/05\/mensa-scolastica-servita-ricotta-con-la-muffa-proteste-dei-genitori\/"},"modified":"2024-12-05T12:14:59","modified_gmt":"2024-12-05T12:14:59","slug":"mensa-scolastica-servita-ricotta-con-la-muffa-proteste-dei-genitori","status":"publish","type":"post","link":"https:\/\/lavocedelpaese.info\/index.php\/2024\/12\/05\/mensa-scolastica-servita-ricotta-con-la-muffa-proteste-dei-genitori\/","title":{"rendered":"Mensa scolastica: servita ricotta con la muffa. Proteste dei genitori\u00a0\u200b"},"content":{"rendered":"<p>\u00a0<\/p>\n<p>\u200b\u00a0<\/p>\n<p>\u200b\u00a0<\/p>\n<p>I loro bambini mangeranno solo i panini portati da casa, astenendosi dai pasti della mensa.<\/p>\n<p>E\u2019 la clamorosa protesta che domani metteranno in atto i genitori degli alunni che frequentano le classi a tempo pieno dell\u2019Istituto Comprensivo \u201cPerotti-Ruffo\u201d di Cassano delle Murge, dopo un nuovo episodio di cibo immangiabile ovvero delle ricottine con la muffa (vedi foto sotto) servite ieri presso alcune classi del plesso \u201cdon Battista Armienti\u201d.<\/p>\n<figure class=\"wp-block-image size-large is-resized\"><img decoding=\"async\" width=\"576\" height=\"1024\" src=\"https:\/\/cassano.lavocedelpaese.info\/wp-content\/uploads\/2024\/12\/ricotta-576x1024.jpeg\" alt=\"\" class=\"wp-image-5621\"\/><\/figure>\n<p>Ma a quanto pare \u00e8 l\u2019ultimo di tanti episodi che costantemente avvengono nelle classi servite dalla ditta che ha in appalto il servizio mensa presso la scuola cassanese, la \u201cLadisa srl\u201d di Bari.<\/p>\n<p>Stando ad alcune testimonianze, infatti, viene servita spesso frutta troppo matura e comunque immangiabile oppure contorni in scarsa quantit\u00e0 ed in un caso addirittura pesce non commestibile.<\/p>\n<p>Solo il caso della ricottina ammuffita, per\u00f2, \u00e8 stata segnalata dalla Commissione Mensa al Comune di Cassano, mentre degli altri episodi ci sono solo resoconti non ufficiali.<\/p>\n<p>Che cosa ha fatto il Comune, dopo la segnalazione?<\/p>\n<p>\u201cHo inoltrato la lettera della Commissione Mensa \u2013 spiega a questo giornale l\u2019Assessore ai Servizi Scolastici, Vito Lionetti alla ditta, chiedendo un riscontro ed ho convocato per marted\u00ec 10 dicembre la Commissione alla quale prender\u00e0 parte anche un rappresentante della \u201cLadisa\u201d\u201d.<\/p>\n<p>Inoltre L\u2019assessore dice di aver segnalato l\u2019episodio di cui \u00e8 venuto a conoscenza anche alla Asl per le opportune verifiche e ispezioni, anche eventualmente da parte dei Nas: \u201ctuttavia \u2013 spiega Lionetti \u2013 noi siamo a conoscenza solo dell\u2019episodio di ieri, successo in una sola sezione del plesso \u201cdon Battista Armienti\u201d perch\u00e9 ho potuto personalmente verificare che gli alimenti serviti nelle altre scuole non presentavano criticit\u00e0 n\u00e9 mi risultano in passato altre segnalazioni\u201d.<\/p>\n<p>Lionetti non minimizza certo l\u2019accaduto perch\u00e9 \u201cnon\u00a0 \u00e8 possibile servire ricotta ammuffita fosse anche ad un solo bambino\u2026\u201d e afferma che l\u2019Amministrazione sta gi\u00e0 operando al massimo delle proprie facolt\u00e0 per evitare problemi.<\/p>\n<p>Molti genitori, comunque, tengono alta l\u2019attenzione affinch\u00e8 i loro figli non corrano rischi alimentare e chiedono con urgenza provvedimenti anche drastici.<\/p>\n<p><a class=\"a2a_button_facebook\" href=\"https:\/\/www.addtoany.com\/add_to\/facebook?linkurl=https%3A%2F%2Fcassano.lavocedelpaese.info%2Fmensa-scolastica-servita-ricotta-con-la-muffa-proteste-dei-genitori%2F&amp;linkname=Mensa%20scolastica%3A%20servita%20ricotta%20con%20la%20muffa.%20Proteste%20dei%20genitori\" title=\"Facebook\" rel=\"nofollow noopener\" target=\"_blank\"><\/a><a class=\"a2a_button_twitter\" href=\"https:\/\/www.addtoany.com\/add_to\/twitter?linkurl=https%3A%2F%2Fcassano.lavocedelpaese.info%2Fmensa-scolastica-servita-ricotta-con-la-muffa-proteste-dei-genitori%2F&amp;linkname=Mensa%20scolastica%3A%20servita%20ricotta%20con%20la%20muffa.%20Proteste%20dei%20genitori\" title=\"Twitter\" rel=\"nofollow noopener\" target=\"_blank\"><\/a><a class=\"a2a_button_whatsapp\" href=\"https:\/\/www.addtoany.com\/add_to\/whatsapp?linkurl=https%3A%2F%2Fcassano.lavocedelpaese.info%2Fmensa-scolastica-servita-ricotta-con-la-muffa-proteste-dei-genitori%2F&amp;linkname=Mensa%20scolastica%3A%20servita%20ricotta%20con%20la%20muffa.%20Proteste%20dei%20genitori\" title=\"WhatsApp\" rel=\"nofollow noopener\" target=\"_blank\"><\/a><a class=\"a2a_button_telegram\" href=\"https:\/\/www.addtoany.com\/add_to\/telegram?linkurl=https%3A%2F%2Fcassano.lavocedelpaese.info%2Fmensa-scolastica-servita-ricotta-con-la-muffa-proteste-dei-genitori%2F&amp;linkname=Mensa%20scolastica%3A%20servita%20ricotta%20con%20la%20muffa.%20Proteste%20dei%20genitori\" title=\"Telegram\" rel=\"nofollow noopener\" target=\"_blank\"><\/a><a class=\"a2a_button_email\" href=\"https:\/\/www.addtoany.com\/add_to\/email?linkurl=https%3A%2F%2Fcassano.lavocedelpaese.info%2Fmensa-scolastica-servita-ricotta-con-la-muffa-proteste-dei-genitori%2F&amp;linkname=Mensa%20scolastica%3A%20servita%20ricotta%20con%20la%20muffa.%20Proteste%20dei%20genitori\" title=\"Email\" rel=\"nofollow noopener\" target=\"_blank\"><\/a><\/p>\n<p>\u00a0<\/p>\n<p>\u00a0<\/p>\n<p>\u200b\u00a0\u00a0\u00a0<\/p>","protected":false},"excerpt":{"rendered":"<p>\u00a0 \u200b\u00a0 \u200b\u00a0 I loro bambini mangeranno solo i panini portati da casa, astenendosi dai pasti della mensa. E\u2019 la<\/p>\n","protected":false},"author":0,"featured_media":8447,"comment_status":"open","ping_status":"closed","sticky":false,"template":"","format":"standard","meta":{"colormag_page_container_layout":"default_layout","colormag_page_sidebar_layout":"default_layout","footnotes":""},"categories":[33],"tags":[],"class_list":["post-8446","post","type-post","status-publish","format-standard","has-post-thumbnail","hentry","category-network"],"yoast_head":"<!-- This site is optimized with the Yoast SEO plugin v27.5 - https:\/\/yoast.com\/product\/yoast-seo-wordpress\/ -->\n<title>Mensa scolastica: servita ricotta con la muffa. Proteste dei genitori\u00a0\u200b - La Voce del Paese<\/title>\n<meta name=\"robots\" content=\"index, follow, max-snippet:-1, max-image-preview:large, max-video-preview:-1\" \/>\n<link rel=\"canonical\" href=\"https:\/\/lavocedelpaese.info\/index.php\/2024\/12\/05\/mensa-scolastica-servita-ricotta-con-la-muffa-proteste-dei-genitori\/\" \/>\n<meta property=\"og:locale\" content=\"it_IT\" \/>\n<meta property=\"og:type\" content=\"article\" \/>\n<meta property=\"og:title\" content=\"Mensa scolastica: servita ricotta con la muffa. Proteste dei genitori\u00a0\u200b - La Voce del Paese\" \/>\n<meta property=\"og:description\" content=\"\u00a0 \u200b\u00a0 \u200b\u00a0 I loro bambini mangeranno solo i panini portati da casa, astenendosi dai pasti della mensa. E\u2019 la\" \/>\n<meta property=\"og:url\" content=\"https:\/\/lavocedelpaese.info\/index.php\/2024\/12\/05\/mensa-scolastica-servita-ricotta-con-la-muffa-proteste-dei-genitori\/\" \/>\n<meta property=\"og:site_name\" content=\"La Voce del Paese\" \/>\n<meta property=\"article:publisher\" content=\"https:\/\/www.facebook.com\/lavocedelpaese.info\" \/>\n<meta property=\"article:published_time\" content=\"2024-12-05T12:14:59+00:00\" \/>\n<meta name=\"twitter:card\" content=\"summary_large_image\" \/>\n<meta name=\"twitter:label1\" content=\"Tempo di lettura stimato\" \/>\n\t<meta name=\"twitter:data1\" content=\"2 minuti\" \/>\n<script type=\"application\/ld+json\" class=\"yoast-schema-graph\">{\"@context\":\"https:\\\/\\\/schema.org\",\"@graph\":[{\"@type\":\"Article\",\"@id\":\"https:\\\/\\\/lavocedelpaese.info\\\/index.php\\\/2024\\\/12\\\/05\\\/mensa-scolastica-servita-ricotta-con-la-muffa-proteste-dei-genitori\\\/#article\",\"isPartOf\":{\"@id\":\"https:\\\/\\\/lavocedelpaese.info\\\/index.php\\\/2024\\\/12\\\/05\\\/mensa-scolastica-servita-ricotta-con-la-muffa-proteste-dei-genitori\\\/\"},\"author\":{\"name\":\"\",\"@id\":\"\"},\"headline\":\"Mensa scolastica: servita ricotta con la muffa. Proteste dei genitori\u00a0\u200b\",\"datePublished\":\"2024-12-05T12:14:59+00:00\",\"mainEntityOfPage\":{\"@id\":\"https:\\\/\\\/lavocedelpaese.info\\\/index.php\\\/2024\\\/12\\\/05\\\/mensa-scolastica-servita-ricotta-con-la-muffa-proteste-dei-genitori\\\/\"},\"wordCount\":343,\"commentCount\":0,\"publisher\":{\"@id\":\"https:\\\/\\\/lavocedelpaese.info\\\/#organization\"},\"image\":{\"@id\":\"https:\\\/\\\/lavocedelpaese.info\\\/index.php\\\/2024\\\/12\\\/05\\\/mensa-scolastica-servita-ricotta-con-la-muffa-proteste-dei-genitori\\\/#primaryimage\"},\"thumbnailUrl\":\"https:\\\/\\\/lavocedelpaese.info\\\/wp-content\\\/uploads\\\/2024\\\/12\\\/ricotta-576x1024-fmFGk6.jpeg\",\"articleSection\":[\"network\"],\"inLanguage\":\"it-IT\",\"potentialAction\":[{\"@type\":\"CommentAction\",\"name\":\"Comment\",\"target\":[\"https:\\\/\\\/lavocedelpaese.info\\\/index.php\\\/2024\\\/12\\\/05\\\/mensa-scolastica-servita-ricotta-con-la-muffa-proteste-dei-genitori\\\/#respond\"]}]},{\"@type\":\"WebPage\",\"@id\":\"https:\\\/\\\/lavocedelpaese.info\\\/index.php\\\/2024\\\/12\\\/05\\\/mensa-scolastica-servita-ricotta-con-la-muffa-proteste-dei-genitori\\\/\",\"url\":\"https:\\\/\\\/lavocedelpaese.info\\\/index.php\\\/2024\\\/12\\\/05\\\/mensa-scolastica-servita-ricotta-con-la-muffa-proteste-dei-genitori\\\/\",\"name\":\"Mensa scolastica: servita ricotta con la muffa. Proteste dei genitori\u00a0\u200b - La Voce del Paese\",\"isPartOf\":{\"@id\":\"https:\\\/\\\/lavocedelpaese.info\\\/#website\"},\"primaryImageOfPage\":{\"@id\":\"https:\\\/\\\/lavocedelpaese.info\\\/index.php\\\/2024\\\/12\\\/05\\\/mensa-scolastica-servita-ricotta-con-la-muffa-proteste-dei-genitori\\\/#primaryimage\"},\"image\":{\"@id\":\"https:\\\/\\\/lavocedelpaese.info\\\/index.php\\\/2024\\\/12\\\/05\\\/mensa-scolastica-servita-ricotta-con-la-muffa-proteste-dei-genitori\\\/#primaryimage\"},\"thumbnailUrl\":\"https:\\\/\\\/lavocedelpaese.info\\\/wp-content\\\/uploads\\\/2024\\\/12\\\/ricotta-576x1024-fmFGk6.jpeg\",\"datePublished\":\"2024-12-05T12:14:59+00:00\",\"breadcrumb\":{\"@id\":\"https:\\\/\\\/lavocedelpaese.info\\\/index.php\\\/2024\\\/12\\\/05\\\/mensa-scolastica-servita-ricotta-con-la-muffa-proteste-dei-genitori\\\/#breadcrumb\"},\"inLanguage\":\"it-IT\",\"potentialAction\":[{\"@type\":\"ReadAction\",\"target\":[\"https:\\\/\\\/lavocedelpaese.info\\\/index.php\\\/2024\\\/12\\\/05\\\/mensa-scolastica-servita-ricotta-con-la-muffa-proteste-dei-genitori\\\/\"]}]},{\"@type\":\"ImageObject\",\"inLanguage\":\"it-IT\",\"@id\":\"https:\\\/\\\/lavocedelpaese.info\\\/index.php\\\/2024\\\/12\\\/05\\\/mensa-scolastica-servita-ricotta-con-la-muffa-proteste-dei-genitori\\\/#primaryimage\",\"url\":\"https:\\\/\\\/lavocedelpaese.info\\\/wp-content\\\/uploads\\\/2024\\\/12\\\/ricotta-576x1024-fmFGk6.jpeg\",\"contentUrl\":\"https:\\\/\\\/lavocedelpaese.info\\\/wp-content\\\/uploads\\\/2024\\\/12\\\/ricotta-576x1024-fmFGk6.jpeg\",\"width\":450,\"height\":800},{\"@type\":\"BreadcrumbList\",\"@id\":\"https:\\\/\\\/lavocedelpaese.info\\\/index.php\\\/2024\\\/12\\\/05\\\/mensa-scolastica-servita-ricotta-con-la-muffa-proteste-dei-genitori\\\/#breadcrumb\",\"itemListElement\":[{\"@type\":\"ListItem\",\"position\":1,\"name\":\"Home\",\"item\":\"https:\\\/\\\/lavocedelpaese.info\\\/\"},{\"@type\":\"ListItem\",\"position\":2,\"name\":\"Mensa scolastica: servita ricotta con la muffa. Proteste dei genitori\u00a0\u200b\"}]},{\"@type\":\"WebSite\",\"@id\":\"https:\\\/\\\/lavocedelpaese.info\\\/#website\",\"url\":\"https:\\\/\\\/lavocedelpaese.info\\\/\",\"name\":\"La Voce del Paese\",\"description\":\"Un network di idee\",\"publisher\":{\"@id\":\"https:\\\/\\\/lavocedelpaese.info\\\/#organization\"},\"potentialAction\":[{\"@type\":\"SearchAction\",\"target\":{\"@type\":\"EntryPoint\",\"urlTemplate\":\"https:\\\/\\\/lavocedelpaese.info\\\/?s={search_term_string}\"},\"query-input\":{\"@type\":\"PropertyValueSpecification\",\"valueRequired\":true,\"valueName\":\"search_term_string\"}}],\"inLanguage\":\"it-IT\"},{\"@type\":\"Organization\",\"@id\":\"https:\\\/\\\/lavocedelpaese.info\\\/#organization\",\"name\":\"La Voce del Paese\",\"url\":\"https:\\\/\\\/lavocedelpaese.info\\\/\",\"logo\":{\"@type\":\"ImageObject\",\"inLanguage\":\"it-IT\",\"@id\":\"https:\\\/\\\/lavocedelpaese.info\\\/#\\\/schema\\\/logo\\\/image\\\/\",\"url\":\"https:\\\/\\\/lavocedelpaese.info\\\/wp-content\\\/uploads\\\/2023\\\/01\\\/cropped-logo-150-127.png\",\"contentUrl\":\"https:\\\/\\\/lavocedelpaese.info\\\/wp-content\\\/uploads\\\/2023\\\/01\\\/cropped-logo-150-127.png\",\"width\":137,\"height\":119,\"caption\":\"La Voce del Paese\"},\"image\":{\"@id\":\"https:\\\/\\\/lavocedelpaese.info\\\/#\\\/schema\\\/logo\\\/image\\\/\"},\"sameAs\":[\"https:\\\/\\\/www.facebook.com\\\/lavocedelpaese.info\"]}]}<\/script>\n<!-- \/ Yoast SEO plugin. -->","yoast_head_json":{"title":"Mensa scolastica: servita ricotta con la muffa. Proteste dei genitori\u00a0\u200b - La Voce del Paese","robots":{"index":"index","follow":"follow","max-snippet":"max-snippet:-1","max-image-preview":"max-image-preview:large","max-video-preview":"max-video-preview:-1"},"canonical":"https:\/\/lavocedelpaese.info\/index.php\/2024\/12\/05\/mensa-scolastica-servita-ricotta-con-la-muffa-proteste-dei-genitori\/","og_locale":"it_IT","og_type":"article","og_title":"Mensa scolastica: servita ricotta con la muffa. Proteste dei genitori\u00a0\u200b - La Voce del Paese","og_description":"\u00a0 \u200b\u00a0 \u200b\u00a0 I loro bambini mangeranno solo i panini portati da casa, astenendosi dai pasti della mensa. E\u2019 la","og_url":"https:\/\/lavocedelpaese.info\/index.php\/2024\/12\/05\/mensa-scolastica-servita-ricotta-con-la-muffa-proteste-dei-genitori\/","og_site_name":"La Voce del Paese","article_publisher":"https:\/\/www.facebook.com\/lavocedelpaese.info","article_published_time":"2024-12-05T12:14:59+00:00","twitter_card":"summary_large_image","twitter_misc":{"Tempo di lettura stimato":"2 minuti"},"schema":{"@context":"https:\/\/schema.org","@graph":[{"@type":"Article","@id":"https:\/\/lavocedelpaese.info\/index.php\/2024\/12\/05\/mensa-scolastica-servita-ricotta-con-la-muffa-proteste-dei-genitori\/#article","isPartOf":{"@id":"https:\/\/lavocedelpaese.info\/index.php\/2024\/12\/05\/mensa-scolastica-servita-ricotta-con-la-muffa-proteste-dei-genitori\/"},"author":{"name":"","@id":""},"headline":"Mensa scolastica: servita ricotta con la muffa. Proteste dei genitori\u00a0\u200b","datePublished":"2024-12-05T12:14:59+00:00","mainEntityOfPage":{"@id":"https:\/\/lavocedelpaese.info\/index.php\/2024\/12\/05\/mensa-scolastica-servita-ricotta-con-la-muffa-proteste-dei-genitori\/"},"wordCount":343,"commentCount":0,"publisher":{"@id":"https:\/\/lavocedelpaese.info\/#organization"},"image":{"@id":"https:\/\/lavocedelpaese.info\/index.php\/2024\/12\/05\/mensa-scolastica-servita-ricotta-con-la-muffa-proteste-dei-genitori\/#primaryimage"},"thumbnailUrl":"https:\/\/lavocedelpaese.info\/wp-content\/uploads\/2024\/12\/ricotta-576x1024-fmFGk6.jpeg","articleSection":["network"],"inLanguage":"it-IT","potentialAction":[{"@type":"CommentAction","name":"Comment","target":["https:\/\/lavocedelpaese.info\/index.php\/2024\/12\/05\/mensa-scolastica-servita-ricotta-con-la-muffa-proteste-dei-genitori\/#respond"]}]},{"@type":"WebPage","@id":"https:\/\/lavocedelpaese.info\/index.php\/2024\/12\/05\/mensa-scolastica-servita-ricotta-con-la-muffa-proteste-dei-genitori\/","url":"https:\/\/lavocedelpaese.info\/index.php\/2024\/12\/05\/mensa-scolastica-servita-ricotta-con-la-muffa-proteste-dei-genitori\/","name":"Mensa scolastica: servita ricotta con la muffa. Proteste dei genitori\u00a0\u200b - La Voce del Paese","isPartOf":{"@id":"https:\/\/lavocedelpaese.info\/#website"},"primaryImageOfPage":{"@id":"https:\/\/lavocedelpaese.info\/index.php\/2024\/12\/05\/mensa-scolastica-servita-ricotta-con-la-muffa-proteste-dei-genitori\/#primaryimage"},"image":{"@id":"https:\/\/lavocedelpaese.info\/index.php\/2024\/12\/05\/mensa-scolastica-servita-ricotta-con-la-muffa-proteste-dei-genitori\/#primaryimage"},"thumbnailUrl":"https:\/\/lavocedelpaese.info\/wp-content\/uploads\/2024\/12\/ricotta-576x1024-fmFGk6.jpeg","datePublished":"2024-12-05T12:14:59+00:00","breadcrumb":{"@id":"https:\/\/lavocedelpaese.info\/index.php\/2024\/12\/05\/mensa-scolastica-servita-ricotta-con-la-muffa-proteste-dei-genitori\/#breadcrumb"},"inLanguage":"it-IT","potentialAction":[{"@type":"ReadAction","target":["https:\/\/lavocedelpaese.info\/index.php\/2024\/12\/05\/mensa-scolastica-servita-ricotta-con-la-muffa-proteste-dei-genitori\/"]}]},{"@type":"ImageObject","inLanguage":"it-IT","@id":"https:\/\/lavocedelpaese.info\/index.php\/2024\/12\/05\/mensa-scolastica-servita-ricotta-con-la-muffa-proteste-dei-genitori\/#primaryimage","url":"https:\/\/lavocedelpaese.info\/wp-content\/uploads\/2024\/12\/ricotta-576x1024-fmFGk6.jpeg","contentUrl":"https:\/\/lavocedelpaese.info\/wp-content\/uploads\/2024\/12\/ricotta-576x1024-fmFGk6.jpeg","width":450,"height":800},{"@type":"BreadcrumbList","@id":"https:\/\/lavocedelpaese.info\/index.php\/2024\/12\/05\/mensa-scolastica-servita-ricotta-con-la-muffa-proteste-dei-genitori\/#breadcrumb","itemListElement":[{"@type":"ListItem","position":1,"name":"Home","item":"https:\/\/lavocedelpaese.info\/"},{"@type":"ListItem","position":2,"name":"Mensa scolastica: servita ricotta con la muffa. Proteste dei genitori\u00a0\u200b"}]},{"@type":"WebSite","@id":"https:\/\/lavocedelpaese.info\/#website","url":"https:\/\/lavocedelpaese.info\/","name":"La Voce del Paese","description":"Un network di idee","publisher":{"@id":"https:\/\/lavocedelpaese.info\/#organization"},"potentialAction":[{"@type":"SearchAction","target":{"@type":"EntryPoint","urlTemplate":"https:\/\/lavocedelpaese.info\/?s={search_term_string}"},"query-input":{"@type":"PropertyValueSpecification","valueRequired":true,"valueName":"search_term_string"}}],"inLanguage":"it-IT"},{"@type":"Organization","@id":"https:\/\/lavocedelpaese.info\/#organization","name":"La Voce del Paese","url":"https:\/\/lavocedelpaese.info\/","logo":{"@type":"ImageObject","inLanguage":"it-IT","@id":"https:\/\/lavocedelpaese.info\/#\/schema\/logo\/image\/","url":"https:\/\/lavocedelpaese.info\/wp-content\/uploads\/2023\/01\/cropped-logo-150-127.png","contentUrl":"https:\/\/lavocedelpaese.info\/wp-content\/uploads\/2023\/01\/cropped-logo-150-127.png","width":137,"height":119,"caption":"La Voce del Paese"},"image":{"@id":"https:\/\/lavocedelpaese.info\/#\/schema\/logo\/image\/"},"sameAs":["https:\/\/www.facebook.com\/lavocedelpaese.info"]}]}},"_links":{"self":[{"href":"https:\/\/lavocedelpaese.info\/index.php\/wp-json\/wp\/v2\/posts\/8446","targetHints":{"allow":["GET"]}}],"collection":[{"href":"https:\/\/lavocedelpaese.info\/index.php\/wp-json\/wp\/v2\/posts"}],"about":[{"href":"https:\/\/lavocedelpaese.info\/index.php\/wp-json\/wp\/v2\/types\/post"}],"replies":[{"embeddable":true,"href":"https:\/\/lavocedelpaese.info\/index.php\/wp-json\/wp\/v2\/comments?post=8446"}],"version-history":[{"count":0,"href":"https:\/\/lavocedelpaese.info\/index.php\/wp-json\/wp\/v2\/posts\/8446\/revisions"}],"wp:featuredmedia":[{"embeddable":true,"href":"https:\/\/lavocedelpaese.info\/index.php\/wp-json\/wp\/v2\/media\/8447"}],"wp:attachment":[{"href":"https:\/\/lavocedelpaese.info\/index.php\/wp-json\/wp\/v2\/media?parent=8446"}],"wp:term":[{"taxonomy":"category","embeddable":true,"href":"https:\/\/lavocedelpaese.info\/index.php\/wp-json\/wp\/v2\/categories?post=8446"},{"taxonomy":"post_tag","embeddable":true,"href":"https:\/\/lavocedelpaese.info\/index.php\/wp-json\/wp\/v2\/tags?post=8446"}],"curies":[{"name":"wp","href":"https:\/\/api.w.org\/{rel}","templated":true}]}}