{"id":8429,"date":"2024-12-04T05:14:11","date_gmt":"2024-12-04T05:14:11","guid":{"rendered":"https:\/\/lavocedelpaese.info\/index.php\/2024\/12\/04\/giornata-contro-la-violenza-sulle-donne-riflessioni-di-swami-simone\/"},"modified":"2024-12-04T05:14:11","modified_gmt":"2024-12-04T05:14:11","slug":"giornata-contro-la-violenza-sulle-donne-riflessioni-di-swami-simone","status":"publish","type":"post","link":"https:\/\/lavocedelpaese.info\/index.php\/2024\/12\/04\/giornata-contro-la-violenza-sulle-donne-riflessioni-di-swami-simone\/","title":{"rendered":"Giornata contro la violenza sulle donne: riflessioni di Swami Simone\u00a0\u200b"},"content":{"rendered":"<p>\u00a0<\/p>\n<p>\u200b\u00a0<\/p>\n<p>\u200b\u00a0<\/p>\n<div><\/div>\n<p>Sabato 30 novembre ho partecipato, insieme alla mia scuola, l\u2019IISS Pertini Anelli Pinto, a un incontro sulla violenza contro le donne. L\u2019evento si \u00e8 svolto presso il Comune di Turi, ed \u00e8 stato un momento davvero intenso e ricco di riflessioni.<\/p>\n<p>Appena arrivati, ci hanno consegnato delle torce per illuminare una serie di fotografie di Annalisa Buongiorno, tutte incentrate sul tema della violenza. Queste immagini, forti ed evocative, hanno suscitato in me emozioni contrastanti: tristezza, rabbia, ma anche una forte spinta alla riflessione. Era come se ogni scatto raccontasse una storia di dolore e resistenza.<\/p>\n<figure class=\"wp-block-image size-full\"><img decoding=\"async\" width=\"1199\" height=\"1600\" src=\"https:\/\/turi.lavocedelpaese.info\/wp-content\/uploads\/2024\/12\/Swami-Simone.jpeg\" alt=\"\" class=\"wp-image-6167\"\/><figcaption class=\"wp-element-caption\"><strong><em>Swami Simone<\/em><\/strong><\/figcaption><\/figure>\n<p>Dopo aver osservato le fotografie, il sindaco ha preso la parola, condividendo una riflessione personale sull\u2019argomento. Sono rimasta colpita dalla sua capacit\u00e0 di affrontare un tema cos\u00ec delicato con profondit\u00e0 e apertura, rispondendo con naturalezza alle domande del pubblico. Il suo intervento ha dimostrato non solo un grande bagaglio culturale, ma anche una sensibilit\u00e0 autentica.<\/p>\n<p>Gli organizzatori dell\u2019evento hanno poi presentato il diario di Giulia Cecchettin, accompagnato da un monologo toccante. \u00c8 stato un momento intenso, che ci ha immersi completamente nella tematica della violenza di genere. Ogni parola sembrava un invito, a metterci nei panni di chi ha vissuto esperienze drammatiche a far s\u00ec che maturassimo la consapevolezza di non dover permettere a nessuno di disporre di noi e delle nostre vite. Dobbiamo imparare a proteggerci, a cogliere i piccoli e grandi indizi di quanto potrebbe accadere.<\/p>\n<p>Anche noi studenti abbiamo avuto l\u2019opportunit\u00e0 di condividere i nostri pensieri. Alcuni hanno letto citazioni significative, altri hanno raccontato esperienze personali. \u00c8 stato bello notare la partecipazione di molti ragazzi, che hanno dimostrato empatia e voglia di contribuire al dibattito. Sentivo un forte senso di unit\u00e0, come se tutti fossimo l\u00ec per lo stesso scopo: promuovere il rispetto e l\u2019ascolto reciproco.<\/p>\n<p>L\u2019incontro si \u00e8 concluso con i ringraziamenti agli organizzatori. Per fortuna la pioggia era cessata, permettendoci di partecipare alla marcia prevista. Un\u2019ora trascorsa a riflettere, un momento simbolico per ribadire il nostro impegno contro la violenza. \u00c8 stata un\u2019esperienza arricchente, che mi ha resa maggiormente responsabile, consapevole ma anche fiduciosa perch\u00e9 il moltiplicarsi di eventi che sensibilizzano ognuno di noi rispetto a queste tematiche che affliggono la societ\u00e0 offre una grande speranza.<\/p>\n<p class=\"has-text-align-right\"><strong>Swami Simone<\/strong><br \/><strong>Classe 3\u00b0A \u2013 IISS \u201cPertini Anelli Pinto\u201d<\/strong><\/p>\n<p><a class=\"a2a_button_facebook\" href=\"https:\/\/www.addtoany.com\/add_to\/facebook?linkurl=https%3A%2F%2Fturi.lavocedelpaese.info%2Fgiornata-contro-la-violenza-sulle-donne-riflessioni-di-swami-simone%2F&amp;linkname=Giornata%20contro%20la%20violenza%20sulle%20donne%3A%20riflessioni%20di%20Swami%20Simone\" title=\"Facebook\" rel=\"nofollow noopener\" target=\"_blank\"><\/a><a class=\"a2a_button_twitter\" href=\"https:\/\/www.addtoany.com\/add_to\/twitter?linkurl=https%3A%2F%2Fturi.lavocedelpaese.info%2Fgiornata-contro-la-violenza-sulle-donne-riflessioni-di-swami-simone%2F&amp;linkname=Giornata%20contro%20la%20violenza%20sulle%20donne%3A%20riflessioni%20di%20Swami%20Simone\" title=\"Twitter\" rel=\"nofollow noopener\" target=\"_blank\"><\/a><a class=\"a2a_button_whatsapp\" href=\"https:\/\/www.addtoany.com\/add_to\/whatsapp?linkurl=https%3A%2F%2Fturi.lavocedelpaese.info%2Fgiornata-contro-la-violenza-sulle-donne-riflessioni-di-swami-simone%2F&amp;linkname=Giornata%20contro%20la%20violenza%20sulle%20donne%3A%20riflessioni%20di%20Swami%20Simone\" title=\"WhatsApp\" rel=\"nofollow noopener\" target=\"_blank\"><\/a><a class=\"a2a_button_telegram\" href=\"https:\/\/www.addtoany.com\/add_to\/telegram?linkurl=https%3A%2F%2Fturi.lavocedelpaese.info%2Fgiornata-contro-la-violenza-sulle-donne-riflessioni-di-swami-simone%2F&amp;linkname=Giornata%20contro%20la%20violenza%20sulle%20donne%3A%20riflessioni%20di%20Swami%20Simone\" title=\"Telegram\" rel=\"nofollow noopener\" target=\"_blank\"><\/a><a class=\"a2a_button_email\" href=\"https:\/\/www.addtoany.com\/add_to\/email?linkurl=https%3A%2F%2Fturi.lavocedelpaese.info%2Fgiornata-contro-la-violenza-sulle-donne-riflessioni-di-swami-simone%2F&amp;linkname=Giornata%20contro%20la%20violenza%20sulle%20donne%3A%20riflessioni%20di%20Swami%20Simone\" title=\"Email\" rel=\"nofollow noopener\" target=\"_blank\"><\/a><\/p>\n<p>L&#8217;articolo <a href=\"https:\/\/turi.lavocedelpaese.info\/giornata-contro-la-violenza-sulle-donne-riflessioni-di-swami-simone\/\">Giornata contro la violenza sulle donne: riflessioni di Swami Simone<\/a> proviene da <a href=\"https:\/\/turi.lavocedelpaese.info\/\">Turi &#8211; La Voce del Paese<\/a>.<\/p>\n<p>\u00a0<\/p>\n<p>\u00a0<\/p>\n<p>\u200b\u00a0\u00a0\u00a0<\/p>","protected":false},"excerpt":{"rendered":"<p>\u00a0 \u200b\u00a0 \u200b\u00a0 Sabato 30 novembre ho partecipato, insieme alla mia scuola, l\u2019IISS Pertini Anelli Pinto, a un incontro sulla<\/p>\n","protected":false},"author":0,"featured_media":8430,"comment_status":"open","ping_status":"closed","sticky":false,"template":"","format":"standard","meta":{"colormag_page_container_layout":"default_layout","colormag_page_sidebar_layout":"default_layout","footnotes":""},"categories":[33],"tags":[],"class_list":["post-8429","post","type-post","status-publish","format-standard","has-post-thumbnail","hentry","category-network"],"yoast_head":"<!-- This site is optimized with the Yoast SEO plugin v27.5 - https:\/\/yoast.com\/product\/yoast-seo-wordpress\/ -->\n<title>Giornata contro la violenza sulle donne: riflessioni di Swami Simone\u00a0\u200b - La Voce del Paese<\/title>\n<meta name=\"robots\" content=\"index, follow, max-snippet:-1, max-image-preview:large, max-video-preview:-1\" \/>\n<link rel=\"canonical\" href=\"https:\/\/lavocedelpaese.info\/index.php\/2024\/12\/04\/giornata-contro-la-violenza-sulle-donne-riflessioni-di-swami-simone\/\" \/>\n<meta property=\"og:locale\" content=\"it_IT\" \/>\n<meta property=\"og:type\" content=\"article\" \/>\n<meta property=\"og:title\" content=\"Giornata contro la violenza sulle donne: riflessioni di Swami Simone\u00a0\u200b - La Voce del Paese\" \/>\n<meta property=\"og:description\" content=\"\u00a0 \u200b\u00a0 \u200b\u00a0 Sabato 30 novembre ho partecipato, insieme alla mia scuola, l\u2019IISS Pertini Anelli Pinto, a un incontro sulla\" \/>\n<meta property=\"og:url\" content=\"https:\/\/lavocedelpaese.info\/index.php\/2024\/12\/04\/giornata-contro-la-violenza-sulle-donne-riflessioni-di-swami-simone\/\" \/>\n<meta property=\"og:site_name\" content=\"La Voce del Paese\" \/>\n<meta property=\"article:publisher\" content=\"https:\/\/www.facebook.com\/lavocedelpaese.info\" \/>\n<meta property=\"article:published_time\" content=\"2024-12-04T05:14:11+00:00\" \/>\n<meta name=\"twitter:card\" content=\"summary_large_image\" \/>\n<meta name=\"twitter:label1\" content=\"Tempo di lettura stimato\" \/>\n\t<meta name=\"twitter:data1\" content=\"2 minuti\" \/>\n<script type=\"application\/ld+json\" class=\"yoast-schema-graph\">{\"@context\":\"https:\\\/\\\/schema.org\",\"@graph\":[{\"@type\":\"Article\",\"@id\":\"https:\\\/\\\/lavocedelpaese.info\\\/index.php\\\/2024\\\/12\\\/04\\\/giornata-contro-la-violenza-sulle-donne-riflessioni-di-swami-simone\\\/#article\",\"isPartOf\":{\"@id\":\"https:\\\/\\\/lavocedelpaese.info\\\/index.php\\\/2024\\\/12\\\/04\\\/giornata-contro-la-violenza-sulle-donne-riflessioni-di-swami-simone\\\/\"},\"author\":{\"name\":\"\",\"@id\":\"\"},\"headline\":\"Giornata contro la violenza sulle donne: riflessioni di Swami Simone\u00a0\u200b\",\"datePublished\":\"2024-12-04T05:14:11+00:00\",\"mainEntityOfPage\":{\"@id\":\"https:\\\/\\\/lavocedelpaese.info\\\/index.php\\\/2024\\\/12\\\/04\\\/giornata-contro-la-violenza-sulle-donne-riflessioni-di-swami-simone\\\/\"},\"wordCount\":408,\"commentCount\":0,\"publisher\":{\"@id\":\"https:\\\/\\\/lavocedelpaese.info\\\/#organization\"},\"image\":{\"@id\":\"https:\\\/\\\/lavocedelpaese.info\\\/index.php\\\/2024\\\/12\\\/04\\\/giornata-contro-la-violenza-sulle-donne-riflessioni-di-swami-simone\\\/#primaryimage\"},\"thumbnailUrl\":\"https:\\\/\\\/lavocedelpaese.info\\\/wp-content\\\/uploads\\\/2024\\\/12\\\/Swami-Simone-PFIAAM.jpeg\",\"articleSection\":[\"network\"],\"inLanguage\":\"it-IT\",\"potentialAction\":[{\"@type\":\"CommentAction\",\"name\":\"Comment\",\"target\":[\"https:\\\/\\\/lavocedelpaese.info\\\/index.php\\\/2024\\\/12\\\/04\\\/giornata-contro-la-violenza-sulle-donne-riflessioni-di-swami-simone\\\/#respond\"]}]},{\"@type\":\"WebPage\",\"@id\":\"https:\\\/\\\/lavocedelpaese.info\\\/index.php\\\/2024\\\/12\\\/04\\\/giornata-contro-la-violenza-sulle-donne-riflessioni-di-swami-simone\\\/\",\"url\":\"https:\\\/\\\/lavocedelpaese.info\\\/index.php\\\/2024\\\/12\\\/04\\\/giornata-contro-la-violenza-sulle-donne-riflessioni-di-swami-simone\\\/\",\"name\":\"Giornata contro la violenza sulle donne: riflessioni di Swami Simone\u00a0\u200b - La Voce del Paese\",\"isPartOf\":{\"@id\":\"https:\\\/\\\/lavocedelpaese.info\\\/#website\"},\"primaryImageOfPage\":{\"@id\":\"https:\\\/\\\/lavocedelpaese.info\\\/index.php\\\/2024\\\/12\\\/04\\\/giornata-contro-la-violenza-sulle-donne-riflessioni-di-swami-simone\\\/#primaryimage\"},\"image\":{\"@id\":\"https:\\\/\\\/lavocedelpaese.info\\\/index.php\\\/2024\\\/12\\\/04\\\/giornata-contro-la-violenza-sulle-donne-riflessioni-di-swami-simone\\\/#primaryimage\"},\"thumbnailUrl\":\"https:\\\/\\\/lavocedelpaese.info\\\/wp-content\\\/uploads\\\/2024\\\/12\\\/Swami-Simone-PFIAAM.jpeg\",\"datePublished\":\"2024-12-04T05:14:11+00:00\",\"breadcrumb\":{\"@id\":\"https:\\\/\\\/lavocedelpaese.info\\\/index.php\\\/2024\\\/12\\\/04\\\/giornata-contro-la-violenza-sulle-donne-riflessioni-di-swami-simone\\\/#breadcrumb\"},\"inLanguage\":\"it-IT\",\"potentialAction\":[{\"@type\":\"ReadAction\",\"target\":[\"https:\\\/\\\/lavocedelpaese.info\\\/index.php\\\/2024\\\/12\\\/04\\\/giornata-contro-la-violenza-sulle-donne-riflessioni-di-swami-simone\\\/\"]}]},{\"@type\":\"ImageObject\",\"inLanguage\":\"it-IT\",\"@id\":\"https:\\\/\\\/lavocedelpaese.info\\\/index.php\\\/2024\\\/12\\\/04\\\/giornata-contro-la-violenza-sulle-donne-riflessioni-di-swami-simone\\\/#primaryimage\",\"url\":\"https:\\\/\\\/lavocedelpaese.info\\\/wp-content\\\/uploads\\\/2024\\\/12\\\/Swami-Simone-PFIAAM.jpeg\",\"contentUrl\":\"https:\\\/\\\/lavocedelpaese.info\\\/wp-content\\\/uploads\\\/2024\\\/12\\\/Swami-Simone-PFIAAM.jpeg\",\"width\":600,\"height\":800},{\"@type\":\"BreadcrumbList\",\"@id\":\"https:\\\/\\\/lavocedelpaese.info\\\/index.php\\\/2024\\\/12\\\/04\\\/giornata-contro-la-violenza-sulle-donne-riflessioni-di-swami-simone\\\/#breadcrumb\",\"itemListElement\":[{\"@type\":\"ListItem\",\"position\":1,\"name\":\"Home\",\"item\":\"https:\\\/\\\/lavocedelpaese.info\\\/\"},{\"@type\":\"ListItem\",\"position\":2,\"name\":\"Giornata contro la violenza sulle donne: riflessioni di Swami Simone\u00a0\u200b\"}]},{\"@type\":\"WebSite\",\"@id\":\"https:\\\/\\\/lavocedelpaese.info\\\/#website\",\"url\":\"https:\\\/\\\/lavocedelpaese.info\\\/\",\"name\":\"La Voce del Paese\",\"description\":\"Un network di idee\",\"publisher\":{\"@id\":\"https:\\\/\\\/lavocedelpaese.info\\\/#organization\"},\"potentialAction\":[{\"@type\":\"SearchAction\",\"target\":{\"@type\":\"EntryPoint\",\"urlTemplate\":\"https:\\\/\\\/lavocedelpaese.info\\\/?s={search_term_string}\"},\"query-input\":{\"@type\":\"PropertyValueSpecification\",\"valueRequired\":true,\"valueName\":\"search_term_string\"}}],\"inLanguage\":\"it-IT\"},{\"@type\":\"Organization\",\"@id\":\"https:\\\/\\\/lavocedelpaese.info\\\/#organization\",\"name\":\"La Voce del Paese\",\"url\":\"https:\\\/\\\/lavocedelpaese.info\\\/\",\"logo\":{\"@type\":\"ImageObject\",\"inLanguage\":\"it-IT\",\"@id\":\"https:\\\/\\\/lavocedelpaese.info\\\/#\\\/schema\\\/logo\\\/image\\\/\",\"url\":\"https:\\\/\\\/lavocedelpaese.info\\\/wp-content\\\/uploads\\\/2023\\\/01\\\/cropped-logo-150-127.png\",\"contentUrl\":\"https:\\\/\\\/lavocedelpaese.info\\\/wp-content\\\/uploads\\\/2023\\\/01\\\/cropped-logo-150-127.png\",\"width\":137,\"height\":119,\"caption\":\"La Voce del Paese\"},\"image\":{\"@id\":\"https:\\\/\\\/lavocedelpaese.info\\\/#\\\/schema\\\/logo\\\/image\\\/\"},\"sameAs\":[\"https:\\\/\\\/www.facebook.com\\\/lavocedelpaese.info\"]}]}<\/script>\n<!-- \/ Yoast SEO plugin. -->","yoast_head_json":{"title":"Giornata contro la violenza sulle donne: riflessioni di Swami Simone\u00a0\u200b - La Voce del Paese","robots":{"index":"index","follow":"follow","max-snippet":"max-snippet:-1","max-image-preview":"max-image-preview:large","max-video-preview":"max-video-preview:-1"},"canonical":"https:\/\/lavocedelpaese.info\/index.php\/2024\/12\/04\/giornata-contro-la-violenza-sulle-donne-riflessioni-di-swami-simone\/","og_locale":"it_IT","og_type":"article","og_title":"Giornata contro la violenza sulle donne: riflessioni di Swami Simone\u00a0\u200b - La Voce del Paese","og_description":"\u00a0 \u200b\u00a0 \u200b\u00a0 Sabato 30 novembre ho partecipato, insieme alla mia scuola, l\u2019IISS Pertini Anelli Pinto, a un incontro sulla","og_url":"https:\/\/lavocedelpaese.info\/index.php\/2024\/12\/04\/giornata-contro-la-violenza-sulle-donne-riflessioni-di-swami-simone\/","og_site_name":"La Voce del Paese","article_publisher":"https:\/\/www.facebook.com\/lavocedelpaese.info","article_published_time":"2024-12-04T05:14:11+00:00","twitter_card":"summary_large_image","twitter_misc":{"Tempo di lettura stimato":"2 minuti"},"schema":{"@context":"https:\/\/schema.org","@graph":[{"@type":"Article","@id":"https:\/\/lavocedelpaese.info\/index.php\/2024\/12\/04\/giornata-contro-la-violenza-sulle-donne-riflessioni-di-swami-simone\/#article","isPartOf":{"@id":"https:\/\/lavocedelpaese.info\/index.php\/2024\/12\/04\/giornata-contro-la-violenza-sulle-donne-riflessioni-di-swami-simone\/"},"author":{"name":"","@id":""},"headline":"Giornata contro la violenza sulle donne: riflessioni di Swami Simone\u00a0\u200b","datePublished":"2024-12-04T05:14:11+00:00","mainEntityOfPage":{"@id":"https:\/\/lavocedelpaese.info\/index.php\/2024\/12\/04\/giornata-contro-la-violenza-sulle-donne-riflessioni-di-swami-simone\/"},"wordCount":408,"commentCount":0,"publisher":{"@id":"https:\/\/lavocedelpaese.info\/#organization"},"image":{"@id":"https:\/\/lavocedelpaese.info\/index.php\/2024\/12\/04\/giornata-contro-la-violenza-sulle-donne-riflessioni-di-swami-simone\/#primaryimage"},"thumbnailUrl":"https:\/\/lavocedelpaese.info\/wp-content\/uploads\/2024\/12\/Swami-Simone-PFIAAM.jpeg","articleSection":["network"],"inLanguage":"it-IT","potentialAction":[{"@type":"CommentAction","name":"Comment","target":["https:\/\/lavocedelpaese.info\/index.php\/2024\/12\/04\/giornata-contro-la-violenza-sulle-donne-riflessioni-di-swami-simone\/#respond"]}]},{"@type":"WebPage","@id":"https:\/\/lavocedelpaese.info\/index.php\/2024\/12\/04\/giornata-contro-la-violenza-sulle-donne-riflessioni-di-swami-simone\/","url":"https:\/\/lavocedelpaese.info\/index.php\/2024\/12\/04\/giornata-contro-la-violenza-sulle-donne-riflessioni-di-swami-simone\/","name":"Giornata contro la violenza sulle donne: riflessioni di Swami Simone\u00a0\u200b - La Voce del Paese","isPartOf":{"@id":"https:\/\/lavocedelpaese.info\/#website"},"primaryImageOfPage":{"@id":"https:\/\/lavocedelpaese.info\/index.php\/2024\/12\/04\/giornata-contro-la-violenza-sulle-donne-riflessioni-di-swami-simone\/#primaryimage"},"image":{"@id":"https:\/\/lavocedelpaese.info\/index.php\/2024\/12\/04\/giornata-contro-la-violenza-sulle-donne-riflessioni-di-swami-simone\/#primaryimage"},"thumbnailUrl":"https:\/\/lavocedelpaese.info\/wp-content\/uploads\/2024\/12\/Swami-Simone-PFIAAM.jpeg","datePublished":"2024-12-04T05:14:11+00:00","breadcrumb":{"@id":"https:\/\/lavocedelpaese.info\/index.php\/2024\/12\/04\/giornata-contro-la-violenza-sulle-donne-riflessioni-di-swami-simone\/#breadcrumb"},"inLanguage":"it-IT","potentialAction":[{"@type":"ReadAction","target":["https:\/\/lavocedelpaese.info\/index.php\/2024\/12\/04\/giornata-contro-la-violenza-sulle-donne-riflessioni-di-swami-simone\/"]}]},{"@type":"ImageObject","inLanguage":"it-IT","@id":"https:\/\/lavocedelpaese.info\/index.php\/2024\/12\/04\/giornata-contro-la-violenza-sulle-donne-riflessioni-di-swami-simone\/#primaryimage","url":"https:\/\/lavocedelpaese.info\/wp-content\/uploads\/2024\/12\/Swami-Simone-PFIAAM.jpeg","contentUrl":"https:\/\/lavocedelpaese.info\/wp-content\/uploads\/2024\/12\/Swami-Simone-PFIAAM.jpeg","width":600,"height":800},{"@type":"BreadcrumbList","@id":"https:\/\/lavocedelpaese.info\/index.php\/2024\/12\/04\/giornata-contro-la-violenza-sulle-donne-riflessioni-di-swami-simone\/#breadcrumb","itemListElement":[{"@type":"ListItem","position":1,"name":"Home","item":"https:\/\/lavocedelpaese.info\/"},{"@type":"ListItem","position":2,"name":"Giornata contro la violenza sulle donne: riflessioni di Swami Simone\u00a0\u200b"}]},{"@type":"WebSite","@id":"https:\/\/lavocedelpaese.info\/#website","url":"https:\/\/lavocedelpaese.info\/","name":"La Voce del Paese","description":"Un network di idee","publisher":{"@id":"https:\/\/lavocedelpaese.info\/#organization"},"potentialAction":[{"@type":"SearchAction","target":{"@type":"EntryPoint","urlTemplate":"https:\/\/lavocedelpaese.info\/?s={search_term_string}"},"query-input":{"@type":"PropertyValueSpecification","valueRequired":true,"valueName":"search_term_string"}}],"inLanguage":"it-IT"},{"@type":"Organization","@id":"https:\/\/lavocedelpaese.info\/#organization","name":"La Voce del Paese","url":"https:\/\/lavocedelpaese.info\/","logo":{"@type":"ImageObject","inLanguage":"it-IT","@id":"https:\/\/lavocedelpaese.info\/#\/schema\/logo\/image\/","url":"https:\/\/lavocedelpaese.info\/wp-content\/uploads\/2023\/01\/cropped-logo-150-127.png","contentUrl":"https:\/\/lavocedelpaese.info\/wp-content\/uploads\/2023\/01\/cropped-logo-150-127.png","width":137,"height":119,"caption":"La Voce del Paese"},"image":{"@id":"https:\/\/lavocedelpaese.info\/#\/schema\/logo\/image\/"},"sameAs":["https:\/\/www.facebook.com\/lavocedelpaese.info"]}]}},"_links":{"self":[{"href":"https:\/\/lavocedelpaese.info\/index.php\/wp-json\/wp\/v2\/posts\/8429","targetHints":{"allow":["GET"]}}],"collection":[{"href":"https:\/\/lavocedelpaese.info\/index.php\/wp-json\/wp\/v2\/posts"}],"about":[{"href":"https:\/\/lavocedelpaese.info\/index.php\/wp-json\/wp\/v2\/types\/post"}],"replies":[{"embeddable":true,"href":"https:\/\/lavocedelpaese.info\/index.php\/wp-json\/wp\/v2\/comments?post=8429"}],"version-history":[{"count":0,"href":"https:\/\/lavocedelpaese.info\/index.php\/wp-json\/wp\/v2\/posts\/8429\/revisions"}],"wp:featuredmedia":[{"embeddable":true,"href":"https:\/\/lavocedelpaese.info\/index.php\/wp-json\/wp\/v2\/media\/8430"}],"wp:attachment":[{"href":"https:\/\/lavocedelpaese.info\/index.php\/wp-json\/wp\/v2\/media?parent=8429"}],"wp:term":[{"taxonomy":"category","embeddable":true,"href":"https:\/\/lavocedelpaese.info\/index.php\/wp-json\/wp\/v2\/categories?post=8429"},{"taxonomy":"post_tag","embeddable":true,"href":"https:\/\/lavocedelpaese.info\/index.php\/wp-json\/wp\/v2\/tags?post=8429"}],"curies":[{"name":"wp","href":"https:\/\/api.w.org\/{rel}","templated":true}]}}