{"id":8422,"date":"2024-12-02T17:20:53","date_gmt":"2024-12-02T17:20:53","guid":{"rendered":"https:\/\/lavocedelpaese.info\/index.php\/2024\/12\/02\/salario-minimo-mozione-a-firma-di-daniela-de-mattia-portavoce-m5s\/"},"modified":"2024-12-02T17:20:53","modified_gmt":"2024-12-02T17:20:53","slug":"salario-minimo-mozione-a-firma-di-daniela-de-mattia-portavoce-m5s","status":"publish","type":"post","link":"https:\/\/lavocedelpaese.info\/index.php\/2024\/12\/02\/salario-minimo-mozione-a-firma-di-daniela-de-mattia-portavoce-m5s\/","title":{"rendered":"Salario Minimo. Mozione a firma di Daniela De Mattia portavoce M5S\u00a0\u200b"},"content":{"rendered":"<p>\u00a0<\/p>\n<p>\u200b\u00a0<\/p>\n<p>\u200b\u00a0<\/p>\n<p><img decoding=\"async\" class=\"size-full wp-image-5425 alignleft\" src=\"https:\/\/gioia.lavocedelpaese.info\/wp-content\/uploads\/2024\/12\/468957048_993356896158344_5226064355394208011_n.jpg\" alt=\"\" width=\"400\" height=\"400\"\/>\u201cLa nostra Costituzione, all\u2019art. 36, parla chiaro: \u201cIl lavoratore ha diritto ad una retribuzione proporzionata alla quantit\u00e0 e qualit\u00e0 del suo lavoro e in ogni caso sufficiente ad assicurare a s\u00e9 e alla famiglia un\u2019esistenza libera e dignitosa\u201d.<\/p>\n<p>Il salario minimo legale \u00e8 una misura di dignit\u00e0 per la quale il MoVimento 5 Stelle si batte da 10 anni e, in coerenza anche con quanto avevamo riportato nel programma elettorale per la candidatura a Sindaco di Daniela De Mattia, ora portavoce del Movimento 5 Stelle, porteremo una proposta per la \u201ctutela della retribuzione minima salariale nei contratti di appalto e concessione\u201d all\u2019attenzione del Consiglio Comunale gioiese nella prossima seduta di marted\u00ec 3 dicembre.<\/p>\n<p>Il nostro obiettivo \u00e8 fare in modo che chi lavora per Gioia del Colle debba ricevere la giusta retribuzione e non debba guadagnare meno di 9 euro l\u2019ora, e questo potr\u00e0 avvenire introducendo una \u201cqualificazione sociale\u201d negli appalti e nei contratti sottoscritti dal Comune per forniture, opere e servizi riconoscendo maggior \u201ccredito\u201d agli operatori economici che rispetteranno tale condizione, in attesa che diventi un obbligo di legge nazionale oggi ostacolato dal Governo Meloni.<\/p>\n<p>Continueremo inoltre a riportare in Consiglio l\u2019importanza della attenta verifica da parte dell\u2019Amministrazione del rispetto delle condizioni contrattuali dei lavoratori impiegati presso aziende che svolgono servizi per il nostro Comune.<\/p>\n<p>Invitiamo quindi tutti a seguire la discussione della Mozione durante il prossimo Consiglio e a supportare questo importante concreto cambiamento nella direzione della tutela dei lavoratori e delle famiglie\u201d.<\/p>\n<p><strong>Movimento 5 Stelle Gioia del Colle<\/strong><\/p>\n<p><a class=\"a2a_button_facebook\" href=\"https:\/\/www.addtoany.com\/add_to\/facebook?linkurl=https%3A%2F%2Fgioia.lavocedelpaese.info%2Findex.php%2F2024%2F12%2F02%2Fsalario-minimo-mozione-a-firma-di-daniela-de-mattia-portavoce-m5s%2F&amp;linkname=Salario%20Minimo.%20Mozione%20a%20firma%20di%20Daniela%20De%20Mattia%20portavoce%20M5S\" title=\"Facebook\" rel=\"nofollow noopener\" target=\"_blank\"><\/a><a class=\"a2a_button_twitter\" href=\"https:\/\/www.addtoany.com\/add_to\/twitter?linkurl=https%3A%2F%2Fgioia.lavocedelpaese.info%2Findex.php%2F2024%2F12%2F02%2Fsalario-minimo-mozione-a-firma-di-daniela-de-mattia-portavoce-m5s%2F&amp;linkname=Salario%20Minimo.%20Mozione%20a%20firma%20di%20Daniela%20De%20Mattia%20portavoce%20M5S\" title=\"Twitter\" rel=\"nofollow noopener\" target=\"_blank\"><\/a><a class=\"a2a_button_whatsapp\" href=\"https:\/\/www.addtoany.com\/add_to\/whatsapp?linkurl=https%3A%2F%2Fgioia.lavocedelpaese.info%2Findex.php%2F2024%2F12%2F02%2Fsalario-minimo-mozione-a-firma-di-daniela-de-mattia-portavoce-m5s%2F&amp;linkname=Salario%20Minimo.%20Mozione%20a%20firma%20di%20Daniela%20De%20Mattia%20portavoce%20M5S\" title=\"WhatsApp\" rel=\"nofollow noopener\" target=\"_blank\"><\/a><a class=\"a2a_button_telegram\" href=\"https:\/\/www.addtoany.com\/add_to\/telegram?linkurl=https%3A%2F%2Fgioia.lavocedelpaese.info%2Findex.php%2F2024%2F12%2F02%2Fsalario-minimo-mozione-a-firma-di-daniela-de-mattia-portavoce-m5s%2F&amp;linkname=Salario%20Minimo.%20Mozione%20a%20firma%20di%20Daniela%20De%20Mattia%20portavoce%20M5S\" title=\"Telegram\" rel=\"nofollow noopener\" target=\"_blank\"><\/a><a class=\"a2a_button_email\" href=\"https:\/\/www.addtoany.com\/add_to\/email?linkurl=https%3A%2F%2Fgioia.lavocedelpaese.info%2Findex.php%2F2024%2F12%2F02%2Fsalario-minimo-mozione-a-firma-di-daniela-de-mattia-portavoce-m5s%2F&amp;linkname=Salario%20Minimo.%20Mozione%20a%20firma%20di%20Daniela%20De%20Mattia%20portavoce%20M5S\" title=\"Email\" rel=\"nofollow noopener\" target=\"_blank\"><\/a><\/p>\n<p>\u00a0<\/p>\n<p>\u00a0<\/p>\n<p>\u200b\u00a0\u00a0\u00a0<\/p>","protected":false},"excerpt":{"rendered":"<p>\u00a0 \u200b\u00a0 \u200b\u00a0 \u201cLa nostra Costituzione, all\u2019art. 36, parla chiaro: \u201cIl lavoratore ha diritto ad una retribuzione proporzionata alla quantit\u00e0<\/p>\n","protected":false},"author":0,"featured_media":8423,"comment_status":"open","ping_status":"closed","sticky":false,"template":"","format":"standard","meta":{"colormag_page_container_layout":"default_layout","colormag_page_sidebar_layout":"default_layout","footnotes":""},"categories":[33],"tags":[],"class_list":["post-8422","post","type-post","status-publish","format-standard","has-post-thumbnail","hentry","category-network"],"yoast_head":"<!-- This site is optimized with the Yoast SEO plugin v27.5 - https:\/\/yoast.com\/product\/yoast-seo-wordpress\/ -->\n<title>Salario Minimo. Mozione a firma di Daniela De Mattia portavoce M5S\u00a0\u200b - La Voce del Paese<\/title>\n<meta name=\"robots\" content=\"index, follow, max-snippet:-1, max-image-preview:large, max-video-preview:-1\" \/>\n<link rel=\"canonical\" href=\"https:\/\/lavocedelpaese.info\/index.php\/2024\/12\/02\/salario-minimo-mozione-a-firma-di-daniela-de-mattia-portavoce-m5s\/\" \/>\n<meta property=\"og:locale\" content=\"it_IT\" \/>\n<meta property=\"og:type\" content=\"article\" \/>\n<meta property=\"og:title\" content=\"Salario Minimo. Mozione a firma di Daniela De Mattia portavoce M5S\u00a0\u200b - La Voce del Paese\" \/>\n<meta property=\"og:description\" content=\"\u00a0 \u200b\u00a0 \u200b\u00a0 \u201cLa nostra Costituzione, all\u2019art. 36, parla chiaro: \u201cIl lavoratore ha diritto ad una retribuzione proporzionata alla quantit\u00e0\" \/>\n<meta property=\"og:url\" content=\"https:\/\/lavocedelpaese.info\/index.php\/2024\/12\/02\/salario-minimo-mozione-a-firma-di-daniela-de-mattia-portavoce-m5s\/\" \/>\n<meta property=\"og:site_name\" content=\"La Voce del Paese\" \/>\n<meta property=\"article:publisher\" content=\"https:\/\/www.facebook.com\/lavocedelpaese.info\" \/>\n<meta property=\"article:published_time\" content=\"2024-12-02T17:20:53+00:00\" \/>\n<meta name=\"twitter:card\" content=\"summary_large_image\" \/>\n<meta name=\"twitter:label1\" content=\"Tempo di lettura stimato\" \/>\n\t<meta name=\"twitter:data1\" content=\"1 minuto\" \/>\n<script type=\"application\/ld+json\" class=\"yoast-schema-graph\">{\"@context\":\"https:\\\/\\\/schema.org\",\"@graph\":[{\"@type\":\"Article\",\"@id\":\"https:\\\/\\\/lavocedelpaese.info\\\/index.php\\\/2024\\\/12\\\/02\\\/salario-minimo-mozione-a-firma-di-daniela-de-mattia-portavoce-m5s\\\/#article\",\"isPartOf\":{\"@id\":\"https:\\\/\\\/lavocedelpaese.info\\\/index.php\\\/2024\\\/12\\\/02\\\/salario-minimo-mozione-a-firma-di-daniela-de-mattia-portavoce-m5s\\\/\"},\"author\":{\"name\":\"\",\"@id\":\"\"},\"headline\":\"Salario Minimo. Mozione a firma di Daniela De Mattia portavoce M5S\u00a0\u200b\",\"datePublished\":\"2024-12-02T17:20:53+00:00\",\"mainEntityOfPage\":{\"@id\":\"https:\\\/\\\/lavocedelpaese.info\\\/index.php\\\/2024\\\/12\\\/02\\\/salario-minimo-mozione-a-firma-di-daniela-de-mattia-portavoce-m5s\\\/\"},\"wordCount\":260,\"commentCount\":0,\"publisher\":{\"@id\":\"https:\\\/\\\/lavocedelpaese.info\\\/#organization\"},\"image\":{\"@id\":\"https:\\\/\\\/lavocedelpaese.info\\\/index.php\\\/2024\\\/12\\\/02\\\/salario-minimo-mozione-a-firma-di-daniela-de-mattia-portavoce-m5s\\\/#primaryimage\"},\"thumbnailUrl\":\"https:\\\/\\\/lavocedelpaese.info\\\/wp-content\\\/uploads\\\/2024\\\/12\\\/468957048_993356896158344_5226064355394208011_n-lBXZlm.jpeg\",\"articleSection\":[\"network\"],\"inLanguage\":\"it-IT\",\"potentialAction\":[{\"@type\":\"CommentAction\",\"name\":\"Comment\",\"target\":[\"https:\\\/\\\/lavocedelpaese.info\\\/index.php\\\/2024\\\/12\\\/02\\\/salario-minimo-mozione-a-firma-di-daniela-de-mattia-portavoce-m5s\\\/#respond\"]}]},{\"@type\":\"WebPage\",\"@id\":\"https:\\\/\\\/lavocedelpaese.info\\\/index.php\\\/2024\\\/12\\\/02\\\/salario-minimo-mozione-a-firma-di-daniela-de-mattia-portavoce-m5s\\\/\",\"url\":\"https:\\\/\\\/lavocedelpaese.info\\\/index.php\\\/2024\\\/12\\\/02\\\/salario-minimo-mozione-a-firma-di-daniela-de-mattia-portavoce-m5s\\\/\",\"name\":\"Salario Minimo. Mozione a firma di Daniela De Mattia portavoce M5S\u00a0\u200b - La Voce del Paese\",\"isPartOf\":{\"@id\":\"https:\\\/\\\/lavocedelpaese.info\\\/#website\"},\"primaryImageOfPage\":{\"@id\":\"https:\\\/\\\/lavocedelpaese.info\\\/index.php\\\/2024\\\/12\\\/02\\\/salario-minimo-mozione-a-firma-di-daniela-de-mattia-portavoce-m5s\\\/#primaryimage\"},\"image\":{\"@id\":\"https:\\\/\\\/lavocedelpaese.info\\\/index.php\\\/2024\\\/12\\\/02\\\/salario-minimo-mozione-a-firma-di-daniela-de-mattia-portavoce-m5s\\\/#primaryimage\"},\"thumbnailUrl\":\"https:\\\/\\\/lavocedelpaese.info\\\/wp-content\\\/uploads\\\/2024\\\/12\\\/468957048_993356896158344_5226064355394208011_n-lBXZlm.jpeg\",\"datePublished\":\"2024-12-02T17:20:53+00:00\",\"breadcrumb\":{\"@id\":\"https:\\\/\\\/lavocedelpaese.info\\\/index.php\\\/2024\\\/12\\\/02\\\/salario-minimo-mozione-a-firma-di-daniela-de-mattia-portavoce-m5s\\\/#breadcrumb\"},\"inLanguage\":\"it-IT\",\"potentialAction\":[{\"@type\":\"ReadAction\",\"target\":[\"https:\\\/\\\/lavocedelpaese.info\\\/index.php\\\/2024\\\/12\\\/02\\\/salario-minimo-mozione-a-firma-di-daniela-de-mattia-portavoce-m5s\\\/\"]}]},{\"@type\":\"ImageObject\",\"inLanguage\":\"it-IT\",\"@id\":\"https:\\\/\\\/lavocedelpaese.info\\\/index.php\\\/2024\\\/12\\\/02\\\/salario-minimo-mozione-a-firma-di-daniela-de-mattia-portavoce-m5s\\\/#primaryimage\",\"url\":\"https:\\\/\\\/lavocedelpaese.info\\\/wp-content\\\/uploads\\\/2024\\\/12\\\/468957048_993356896158344_5226064355394208011_n-lBXZlm.jpeg\",\"contentUrl\":\"https:\\\/\\\/lavocedelpaese.info\\\/wp-content\\\/uploads\\\/2024\\\/12\\\/468957048_993356896158344_5226064355394208011_n-lBXZlm.jpeg\",\"width\":800,\"height\":800},{\"@type\":\"BreadcrumbList\",\"@id\":\"https:\\\/\\\/lavocedelpaese.info\\\/index.php\\\/2024\\\/12\\\/02\\\/salario-minimo-mozione-a-firma-di-daniela-de-mattia-portavoce-m5s\\\/#breadcrumb\",\"itemListElement\":[{\"@type\":\"ListItem\",\"position\":1,\"name\":\"Home\",\"item\":\"https:\\\/\\\/lavocedelpaese.info\\\/\"},{\"@type\":\"ListItem\",\"position\":2,\"name\":\"Salario Minimo. Mozione a firma di Daniela De Mattia portavoce M5S\u00a0\u200b\"}]},{\"@type\":\"WebSite\",\"@id\":\"https:\\\/\\\/lavocedelpaese.info\\\/#website\",\"url\":\"https:\\\/\\\/lavocedelpaese.info\\\/\",\"name\":\"La Voce del Paese\",\"description\":\"Un network di idee\",\"publisher\":{\"@id\":\"https:\\\/\\\/lavocedelpaese.info\\\/#organization\"},\"potentialAction\":[{\"@type\":\"SearchAction\",\"target\":{\"@type\":\"EntryPoint\",\"urlTemplate\":\"https:\\\/\\\/lavocedelpaese.info\\\/?s={search_term_string}\"},\"query-input\":{\"@type\":\"PropertyValueSpecification\",\"valueRequired\":true,\"valueName\":\"search_term_string\"}}],\"inLanguage\":\"it-IT\"},{\"@type\":\"Organization\",\"@id\":\"https:\\\/\\\/lavocedelpaese.info\\\/#organization\",\"name\":\"La Voce del Paese\",\"url\":\"https:\\\/\\\/lavocedelpaese.info\\\/\",\"logo\":{\"@type\":\"ImageObject\",\"inLanguage\":\"it-IT\",\"@id\":\"https:\\\/\\\/lavocedelpaese.info\\\/#\\\/schema\\\/logo\\\/image\\\/\",\"url\":\"https:\\\/\\\/lavocedelpaese.info\\\/wp-content\\\/uploads\\\/2023\\\/01\\\/cropped-logo-150-127.png\",\"contentUrl\":\"https:\\\/\\\/lavocedelpaese.info\\\/wp-content\\\/uploads\\\/2023\\\/01\\\/cropped-logo-150-127.png\",\"width\":137,\"height\":119,\"caption\":\"La Voce del Paese\"},\"image\":{\"@id\":\"https:\\\/\\\/lavocedelpaese.info\\\/#\\\/schema\\\/logo\\\/image\\\/\"},\"sameAs\":[\"https:\\\/\\\/www.facebook.com\\\/lavocedelpaese.info\"]}]}<\/script>\n<!-- \/ Yoast SEO plugin. -->","yoast_head_json":{"title":"Salario Minimo. Mozione a firma di Daniela De Mattia portavoce M5S\u00a0\u200b - La Voce del Paese","robots":{"index":"index","follow":"follow","max-snippet":"max-snippet:-1","max-image-preview":"max-image-preview:large","max-video-preview":"max-video-preview:-1"},"canonical":"https:\/\/lavocedelpaese.info\/index.php\/2024\/12\/02\/salario-minimo-mozione-a-firma-di-daniela-de-mattia-portavoce-m5s\/","og_locale":"it_IT","og_type":"article","og_title":"Salario Minimo. Mozione a firma di Daniela De Mattia portavoce M5S\u00a0\u200b - La Voce del Paese","og_description":"\u00a0 \u200b\u00a0 \u200b\u00a0 \u201cLa nostra Costituzione, all\u2019art. 36, parla chiaro: \u201cIl lavoratore ha diritto ad una retribuzione proporzionata alla quantit\u00e0","og_url":"https:\/\/lavocedelpaese.info\/index.php\/2024\/12\/02\/salario-minimo-mozione-a-firma-di-daniela-de-mattia-portavoce-m5s\/","og_site_name":"La Voce del Paese","article_publisher":"https:\/\/www.facebook.com\/lavocedelpaese.info","article_published_time":"2024-12-02T17:20:53+00:00","twitter_card":"summary_large_image","twitter_misc":{"Tempo di lettura stimato":"1 minuto"},"schema":{"@context":"https:\/\/schema.org","@graph":[{"@type":"Article","@id":"https:\/\/lavocedelpaese.info\/index.php\/2024\/12\/02\/salario-minimo-mozione-a-firma-di-daniela-de-mattia-portavoce-m5s\/#article","isPartOf":{"@id":"https:\/\/lavocedelpaese.info\/index.php\/2024\/12\/02\/salario-minimo-mozione-a-firma-di-daniela-de-mattia-portavoce-m5s\/"},"author":{"name":"","@id":""},"headline":"Salario Minimo. Mozione a firma di Daniela De Mattia portavoce M5S\u00a0\u200b","datePublished":"2024-12-02T17:20:53+00:00","mainEntityOfPage":{"@id":"https:\/\/lavocedelpaese.info\/index.php\/2024\/12\/02\/salario-minimo-mozione-a-firma-di-daniela-de-mattia-portavoce-m5s\/"},"wordCount":260,"commentCount":0,"publisher":{"@id":"https:\/\/lavocedelpaese.info\/#organization"},"image":{"@id":"https:\/\/lavocedelpaese.info\/index.php\/2024\/12\/02\/salario-minimo-mozione-a-firma-di-daniela-de-mattia-portavoce-m5s\/#primaryimage"},"thumbnailUrl":"https:\/\/lavocedelpaese.info\/wp-content\/uploads\/2024\/12\/468957048_993356896158344_5226064355394208011_n-lBXZlm.jpeg","articleSection":["network"],"inLanguage":"it-IT","potentialAction":[{"@type":"CommentAction","name":"Comment","target":["https:\/\/lavocedelpaese.info\/index.php\/2024\/12\/02\/salario-minimo-mozione-a-firma-di-daniela-de-mattia-portavoce-m5s\/#respond"]}]},{"@type":"WebPage","@id":"https:\/\/lavocedelpaese.info\/index.php\/2024\/12\/02\/salario-minimo-mozione-a-firma-di-daniela-de-mattia-portavoce-m5s\/","url":"https:\/\/lavocedelpaese.info\/index.php\/2024\/12\/02\/salario-minimo-mozione-a-firma-di-daniela-de-mattia-portavoce-m5s\/","name":"Salario Minimo. Mozione a firma di Daniela De Mattia portavoce M5S\u00a0\u200b - La Voce del Paese","isPartOf":{"@id":"https:\/\/lavocedelpaese.info\/#website"},"primaryImageOfPage":{"@id":"https:\/\/lavocedelpaese.info\/index.php\/2024\/12\/02\/salario-minimo-mozione-a-firma-di-daniela-de-mattia-portavoce-m5s\/#primaryimage"},"image":{"@id":"https:\/\/lavocedelpaese.info\/index.php\/2024\/12\/02\/salario-minimo-mozione-a-firma-di-daniela-de-mattia-portavoce-m5s\/#primaryimage"},"thumbnailUrl":"https:\/\/lavocedelpaese.info\/wp-content\/uploads\/2024\/12\/468957048_993356896158344_5226064355394208011_n-lBXZlm.jpeg","datePublished":"2024-12-02T17:20:53+00:00","breadcrumb":{"@id":"https:\/\/lavocedelpaese.info\/index.php\/2024\/12\/02\/salario-minimo-mozione-a-firma-di-daniela-de-mattia-portavoce-m5s\/#breadcrumb"},"inLanguage":"it-IT","potentialAction":[{"@type":"ReadAction","target":["https:\/\/lavocedelpaese.info\/index.php\/2024\/12\/02\/salario-minimo-mozione-a-firma-di-daniela-de-mattia-portavoce-m5s\/"]}]},{"@type":"ImageObject","inLanguage":"it-IT","@id":"https:\/\/lavocedelpaese.info\/index.php\/2024\/12\/02\/salario-minimo-mozione-a-firma-di-daniela-de-mattia-portavoce-m5s\/#primaryimage","url":"https:\/\/lavocedelpaese.info\/wp-content\/uploads\/2024\/12\/468957048_993356896158344_5226064355394208011_n-lBXZlm.jpeg","contentUrl":"https:\/\/lavocedelpaese.info\/wp-content\/uploads\/2024\/12\/468957048_993356896158344_5226064355394208011_n-lBXZlm.jpeg","width":800,"height":800},{"@type":"BreadcrumbList","@id":"https:\/\/lavocedelpaese.info\/index.php\/2024\/12\/02\/salario-minimo-mozione-a-firma-di-daniela-de-mattia-portavoce-m5s\/#breadcrumb","itemListElement":[{"@type":"ListItem","position":1,"name":"Home","item":"https:\/\/lavocedelpaese.info\/"},{"@type":"ListItem","position":2,"name":"Salario Minimo. Mozione a firma di Daniela De Mattia portavoce M5S\u00a0\u200b"}]},{"@type":"WebSite","@id":"https:\/\/lavocedelpaese.info\/#website","url":"https:\/\/lavocedelpaese.info\/","name":"La Voce del Paese","description":"Un network di idee","publisher":{"@id":"https:\/\/lavocedelpaese.info\/#organization"},"potentialAction":[{"@type":"SearchAction","target":{"@type":"EntryPoint","urlTemplate":"https:\/\/lavocedelpaese.info\/?s={search_term_string}"},"query-input":{"@type":"PropertyValueSpecification","valueRequired":true,"valueName":"search_term_string"}}],"inLanguage":"it-IT"},{"@type":"Organization","@id":"https:\/\/lavocedelpaese.info\/#organization","name":"La Voce del Paese","url":"https:\/\/lavocedelpaese.info\/","logo":{"@type":"ImageObject","inLanguage":"it-IT","@id":"https:\/\/lavocedelpaese.info\/#\/schema\/logo\/image\/","url":"https:\/\/lavocedelpaese.info\/wp-content\/uploads\/2023\/01\/cropped-logo-150-127.png","contentUrl":"https:\/\/lavocedelpaese.info\/wp-content\/uploads\/2023\/01\/cropped-logo-150-127.png","width":137,"height":119,"caption":"La Voce del Paese"},"image":{"@id":"https:\/\/lavocedelpaese.info\/#\/schema\/logo\/image\/"},"sameAs":["https:\/\/www.facebook.com\/lavocedelpaese.info"]}]}},"_links":{"self":[{"href":"https:\/\/lavocedelpaese.info\/index.php\/wp-json\/wp\/v2\/posts\/8422","targetHints":{"allow":["GET"]}}],"collection":[{"href":"https:\/\/lavocedelpaese.info\/index.php\/wp-json\/wp\/v2\/posts"}],"about":[{"href":"https:\/\/lavocedelpaese.info\/index.php\/wp-json\/wp\/v2\/types\/post"}],"replies":[{"embeddable":true,"href":"https:\/\/lavocedelpaese.info\/index.php\/wp-json\/wp\/v2\/comments?post=8422"}],"version-history":[{"count":0,"href":"https:\/\/lavocedelpaese.info\/index.php\/wp-json\/wp\/v2\/posts\/8422\/revisions"}],"wp:featuredmedia":[{"embeddable":true,"href":"https:\/\/lavocedelpaese.info\/index.php\/wp-json\/wp\/v2\/media\/8423"}],"wp:attachment":[{"href":"https:\/\/lavocedelpaese.info\/index.php\/wp-json\/wp\/v2\/media?parent=8422"}],"wp:term":[{"taxonomy":"category","embeddable":true,"href":"https:\/\/lavocedelpaese.info\/index.php\/wp-json\/wp\/v2\/categories?post=8422"},{"taxonomy":"post_tag","embeddable":true,"href":"https:\/\/lavocedelpaese.info\/index.php\/wp-json\/wp\/v2\/tags?post=8422"}],"curies":[{"name":"wp","href":"https:\/\/api.w.org\/{rel}","templated":true}]}}