{"id":8417,"date":"2024-12-02T07:13:38","date_gmt":"2024-12-02T07:13:38","guid":{"rendered":"https:\/\/lavocedelpaese.info\/index.php\/2024\/12\/02\/tronere-di-turi-tutto-ebbe-inizio-nella-cantina-di-felicetto\/"},"modified":"2024-12-02T07:13:38","modified_gmt":"2024-12-02T07:13:38","slug":"tronere-di-turi-tutto-ebbe-inizio-nella-cantina-di-felicetto","status":"publish","type":"post","link":"https:\/\/lavocedelpaese.info\/index.php\/2024\/12\/02\/tronere-di-turi-tutto-ebbe-inizio-nella-cantina-di-felicetto\/","title":{"rendered":"\u201cTr\u00f2nere di Turi\u201d: tutto ebbe inizio nella cantina di Felicetto\u00a0\u200b"},"content":{"rendered":"<p>\u00a0<\/p>\n<p>\u200b\u00a0<\/p>\n<p>\u200b\u00a0<\/p>\n<div><\/div>\n<p><strong>di Stefano de Carolis<\/strong><\/p>\n<p>Qualche mese fa alcuni macellai e ristoratori turesi mi hanno invitato ad occuparmi della valorizzazione e tutela di un altro piatto tipico della nostra tradizione, nato a met\u00e0 del \u2019900: le Tr\u00f2nere di Turi.<br \/>Con entusiasmo e senso di responsabilit\u00e0, ho intrapreso questo viaggio culinario e culturale, consapevole che questa antica ricetta rappresenta non solo una prelibatezza gastronomica ma anche un pezzo di memoria della storia comune, un\u2019eredit\u00e0 che merita di essere tramandata e celebrata.<\/p>\n<h4 class=\"wp-block-heading\"><strong>Un progetto condiviso<\/strong><\/h4>\n<p>Oggi, sono ben 19 le attivit\u00e0 del territorio che preparano e commercializzano le \u201cTr\u00f2nere di Turi\u201d. Il primo passo necessario, quindi, \u00e8 stato creare un gruppo coeso, che unisse commercianti, macellai e ristoratori turesi in una visione d\u2019insieme.<\/p>\n<p>Dopo aver parlato con tutti gli addetti ai lavori, all\u2019unisono, abbiamo concordato di uniformare gli ingredienti e la preparazione, lasciando inalterate le peculiarit\u00e0 del piatto, sempre nel rispetto dell\u2019antica ricetta tramandata sino ad oggi.<\/p>\n<p>Nel mese di settembre presso i competenti uffici della Regione Puglia, in qualit\u00e0 di presidente dell\u2019associazione \u201cLa Faldacchea di Turi\u201d, ho presentato un dettagliato progetto di valorizzazione, con il fine di ottenere il \u201cgiusto\u201d riconoscimento quale piatto tipico e tradizionale di Turi, con la denominazione \u201cTr\u00f2nere di Turi\u201d.<\/p>\n\n<h4 class=\"wp-block-heading\"><strong>Le radici storiche delle Tr\u00f2nere<\/strong><\/h4>\n<p>Come tutti i piatti tradizionali che caratterizzano un territorio ed un determinato luogo, anche le nostre Tr\u00f2nere hanno una propria storia.<\/p>\n<p>Nella circostanza, senza lasciare nulla al caso, ho raccolto informazioni riguardanti il piatto, acquisendo preziose testimonianze di persone anziane che, oltre ad aver vissuto esperienze di vita, sono a conoscenza di fatti e particolari legati alla nascita di questa antica leccornia tutta turese.<\/p>\n<p>Le prime domande che mi sono posto sono state: quando, perch\u00e9 e dove \u00e8 nata la tradizione. Per fortuna le risposte non sono tardate ad arrivare.<\/p>\n<figure class=\"wp-block-image aligncenter size-full is-resized\"><img decoding=\"async\" width=\"958\" height=\"620\" src=\"https:\/\/turi.lavocedelpaese.info\/wp-content\/uploads\/2024\/12\/tronere-preparazione-3.jpeg\" alt=\"\" class=\"wp-image-6155\"\/><figcaption class=\"wp-element-caption\"><strong><\/strong><strong>Gli ingedienti dell\u2019antica ricetta delle Tr\u00f2nere di Turi<\/strong><\/figcaption><\/figure>\n<div aria-hidden=\"true\" class=\"wp-block-spacer\"><\/div>\n<h4 class=\"wp-block-heading\"><strong>\u201cTr\u00f2nere di Turi\u201d: storia, tradizione e valorizzazione di un piatto unico<\/strong><\/h4>\n<p>Sul finire degli anni \u201940, Felice Cirillo (classe 1914), originario di Terlizzi, e sua moglie Laura Panzone di Turi, ereditano dalla zia Laura Martinelli, cantiniera turese sin dagli inizi del 900, l\u2019antica cantina\/osteria posta in via Chiesa. Da l\u00ec a poco per i turesi l\u2019esercizio pubblico diverr\u00e0 la rinomata \u201ccantina da Felicetto\u201d.<\/p>\n<p>Terminato il secondo conflitto mondiale, nel 1946, Felicetto, padre di cinque figli, dopo un breve periodo in cui svolge il lavoro di guardia campestre, inizia l\u2019attivit\u00e0 di oste e cantiniere: nell\u2019antico locale del borgo antico di Turi, con sua moglie Laura, somministra vini e cibi della tradizione turese.<\/p>\n<figure class=\"wp-block-image aligncenter size-large is-resized\"><img decoding=\"async\" width=\"1024\" height=\"896\" src=\"https:\/\/turi.lavocedelpaese.info\/wp-content\/uploads\/2024\/12\/La-cantina-osteria-di-Felicetto-1024x896.jpeg\" alt=\"\" class=\"wp-image-6141\"\/><figcaption class=\"wp-element-caption\"><strong>La cantina osteria di Felicetto<\/strong><\/figcaption><\/figure>\n<p>I coniugi Cirillo si specializzano nella preparazione di piatti semplici della tradizione gastronomica locale: pasta al sugo, timballi, legumi, brodo di carne, trippa e peperoni sott\u2019aceto conservati nelle \u201ccapase\u201d di terracotta.<br \/>Il piatto forte della casa \u00e8 la succulenta e gustosa brasciola di carne equina e bovina, dal peso di 100 grammi. Gli involtini vengono cotti nei tegami di terracotta, chiamati in dialetto \u201c\u00f9 ti\u00e8ne\u201d (tiano, dal greco t\u00e8ganon, ossia grosso tegame in terracotta), immersi nel sugo di pomodoro con l\u2019aggiunta di qualche cucchiaio di conserva locale, seccata al sole d\u2019estate.<\/p>\n<figure class=\"wp-block-image aligncenter size-large\"><img decoding=\"async\" width=\"2048\" height=\"1690\" src=\"https:\/\/turi.lavocedelpaese.info\/wp-content\/uploads\/2024\/12\/Felicetto-Cirillo-e-Laura-Panzone-2048x1690.jpg\" alt=\"\" class=\"wp-image-6151\"\/><figcaption class=\"wp-element-caption\"><strong><em>L\u2019oste Felice Cirillo e  sua moglie Laura Panzone<\/em><\/strong><\/figcaption><\/figure>\n<p>L\u2019osteria di Felicetto era molto conosciuta a Turi e nei paesi limitrofi e veniva frequentata da numerosi avventori, anche clienti fissi giornalieri.<br \/>Un bel giorno Felicetto, quasi per caso, inizia a preparare grossi involtini di carne, molto pi\u00f9 corposi rispetto alle classiche brasciole al sugo.<br \/>Le fette di carne equina\/bovina, dal peso di 250-300 grammi, dopo essere state farcite con ventresca fresca e provolone piccante, venivano cotte lentamente in grossi tegami di terracotta, immerse in abbondante cipolla bianca e pomodori regina \u201cappesi\u201d.<\/p>\n\n<h4 class=\"wp-block-heading\"><strong>Il racconto di Vincenzo \u201cEnzino\u201d Cirillo<\/strong><\/h4>\n<p>\u00abRicordo con piacere quando giovanissimo aiutavo i miei genitori nell\u2019osteria di famiglia. La cantina\/osteria era ubicata in via Chiesa vicino la pescheria di Palmisano \u201cla nenn\u00eclle\u201d. Per la conservazione degli alimenti usavamo una grande ghiacciaia alimentata con le barre di ghiaccio. Il vino dispensato ai clienti era contenuto in alcune cisterne.<\/p>\n<p>Un giorno, quasi per caso, mio padre Felice, inizi\u00f2 a preparare grossi involtini di carne equina e bovina, cotti senza passata di pomodoro. Le fette di carne, che tagliavo anche io, avevano il peso di 250 grammi.<\/p>\n<p>Ricordo altres\u00ec che, durante l\u2019estate, con i miei fratelli preparavano il passato di pomodoro, circa 18 quintali di pomodori ogni anno. Sempre nei mesi estivi preparavamo anche la classica conserva di pomodoro seccata al sole.<\/p>\n<p>L\u2019osteria era molto frequentata, avevamo circa trenta posti a sedere. Mia madre Laura preparava piatti semplici ma molto gustosi. La cottura dei cibi avveniva nel forno della cantina e nel vicino forno comunale.<\/p>\n<p>I tegami di terracotta contenevano fino a 40 tr\u00f2nere. Il costo del tegame si aggirava intorno alle 800 lire.<br \/>La carne necessaria per soddisfare le esigenze dell\u2019osteria la acquistavamo da un macellaio di Terlizzi al prezzo di 200 lire al kg\u00bb.<\/p>\n<figure class=\"wp-block-image size-full is-resized\"><img decoding=\"async\" loading=\"lazy\" width=\"1080\" height=\"589\" src=\"https:\/\/turi.lavocedelpaese.info\/wp-content\/uploads\/2024\/12\/tronere-preparazione-2.jpeg\" alt=\"\" class=\"wp-image-6154\"\/><figcaption class=\"wp-element-caption\"><strong><em>Le Tr\u00f2nere di Turi nel tradizione tiano<\/em><\/strong><\/figcaption><\/figure>\n<div aria-hidden=\"true\" class=\"wp-block-spacer\"><\/div>\n<h4 class=\"wp-block-heading\"><strong>Pino Carenza: una curiosa testimonianza<\/strong><\/h4>\n<p>A riguardo del motivo per cui si inizi\u00f2 a produrre un involtino con fette di carne molto pi\u00f9 spesse della comune brasciola, risulta interessante riportare una curiosa testimonianza riferita da Pino Carenza, veterinario di Turi, il quale racconta quello che gli diceva suo nonno Giuseppe, soprannominato <em>Maccaiune.<\/em><\/p>\n<p>\u00abAl termine del secondo dopoguerra, alcuni giovani braccianti di Turi, ingaggiati da Pietro Catucci, con traini, mule, picconi e zappe, andavano a lavorare in alcuni terreni della provincia di Taranto. In particolare gli operai stavano effettuando lavori di spietramento per impiantare nuovi vigneti di Primitivo.<\/p>\n<p>Un giorno accadde che nel corso delle operazioni di carico delle pietre, una mula ebbe la peggio a causa di un grave incidente ad una zampa. Pietro Catucci, datore di lavoro e proprietario dell\u2019animale, vista la grave ferita decise di macellare la mula sul posto. La carne macellata venne trasportata a Turi per poterla vendere ai macellai turesi, ma questi volevano speculare sulla disgrazia, proponendo al proprietario un prezzo basso.<\/p>\n<p>Fu cos\u00ec che Catucci decise di portarla presso l\u2019osteria di Felicetto Cirillo per farci bistecche da regalare ai suoi giovani operai. Per pi\u00f9 di dieci giorni mangiarono gratis carne equina preparata in succulente braciole, carne con le patate al forno e tante bistecche arrosto.<\/p>\n<p>Stando a quanto raccontato da mio nonno, pare che, per consumare la carne dell\u2019intero animale, Felicetto con sua moglie Laura, decise di preparare degli involti di carne pi\u00f9 grandi rispetto alle classiche braciole al sugo. Fu cos\u00ec che, per caso, nacque una versione di braciole in bianco, senza sugo, ma con tanta cipolla, pomodori appesi, provolone piccante e peperoncino.<\/p>\n<p>Da quel momento la storia delle gustose Tr\u00f2nere turesi non si \u00e8 pi\u00f9 fermata, sino ad arrivare ai giorni nostri\u00bb.<\/p>\n<figure class=\"wp-block-image size-full is-resized\"><img decoding=\"async\" loading=\"lazy\" width=\"911\" height=\"778\" src=\"https:\/\/turi.lavocedelpaese.info\/wp-content\/uploads\/2024\/12\/tronere-preparazione-1.jpeg\" alt=\"\" class=\"wp-image-6153\"\/><\/figure>\n<p><a class=\"a2a_button_facebook\" href=\"https:\/\/www.addtoany.com\/add_to\/facebook?linkurl=https%3A%2F%2Fturi.lavocedelpaese.info%2Ftronere-di-turi-tutto-ebbe-inizio-nella-cantina-di-felicetto%2F&amp;linkname=%E2%80%9CTr%C3%B2nere%20di%20Turi%E2%80%9D%3A%20tutto%20ebbe%20inizio%20nella%20cantina%20di%20Felicetto\" title=\"Facebook\" rel=\"nofollow noopener\" target=\"_blank\"><\/a><a class=\"a2a_button_twitter\" href=\"https:\/\/www.addtoany.com\/add_to\/twitter?linkurl=https%3A%2F%2Fturi.lavocedelpaese.info%2Ftronere-di-turi-tutto-ebbe-inizio-nella-cantina-di-felicetto%2F&amp;linkname=%E2%80%9CTr%C3%B2nere%20di%20Turi%E2%80%9D%3A%20tutto%20ebbe%20inizio%20nella%20cantina%20di%20Felicetto\" title=\"Twitter\" rel=\"nofollow noopener\" target=\"_blank\"><\/a><a class=\"a2a_button_whatsapp\" href=\"https:\/\/www.addtoany.com\/add_to\/whatsapp?linkurl=https%3A%2F%2Fturi.lavocedelpaese.info%2Ftronere-di-turi-tutto-ebbe-inizio-nella-cantina-di-felicetto%2F&amp;linkname=%E2%80%9CTr%C3%B2nere%20di%20Turi%E2%80%9D%3A%20tutto%20ebbe%20inizio%20nella%20cantina%20di%20Felicetto\" title=\"WhatsApp\" rel=\"nofollow noopener\" target=\"_blank\"><\/a><a class=\"a2a_button_telegram\" href=\"https:\/\/www.addtoany.com\/add_to\/telegram?linkurl=https%3A%2F%2Fturi.lavocedelpaese.info%2Ftronere-di-turi-tutto-ebbe-inizio-nella-cantina-di-felicetto%2F&amp;linkname=%E2%80%9CTr%C3%B2nere%20di%20Turi%E2%80%9D%3A%20tutto%20ebbe%20inizio%20nella%20cantina%20di%20Felicetto\" title=\"Telegram\" rel=\"nofollow noopener\" target=\"_blank\"><\/a><a class=\"a2a_button_email\" href=\"https:\/\/www.addtoany.com\/add_to\/email?linkurl=https%3A%2F%2Fturi.lavocedelpaese.info%2Ftronere-di-turi-tutto-ebbe-inizio-nella-cantina-di-felicetto%2F&amp;linkname=%E2%80%9CTr%C3%B2nere%20di%20Turi%E2%80%9D%3A%20tutto%20ebbe%20inizio%20nella%20cantina%20di%20Felicetto\" title=\"Email\" rel=\"nofollow noopener\" target=\"_blank\"><\/a><\/p>\n<p>L&#8217;articolo <a href=\"https:\/\/turi.lavocedelpaese.info\/tronere-di-turi-tutto-ebbe-inizio-nella-cantina-di-felicetto\/\">\u201cTr\u00f2nere di Turi\u201d: tutto ebbe inizio nella cantina di Felicetto<\/a> proviene da <a href=\"https:\/\/turi.lavocedelpaese.info\/\">Turi &#8211; La Voce del Paese<\/a>.<\/p>\n<p>\u00a0<\/p>\n<p>\u00a0<\/p>\n<p>\u200b\u00a0\u00a0\u00a0<\/p>","protected":false},"excerpt":{"rendered":"<p>\u00a0 \u200b\u00a0 \u200b\u00a0 di Stefano de Carolis Qualche mese fa alcuni macellai e ristoratori turesi mi hanno invitato ad occuparmi<\/p>\n","protected":false},"author":0,"featured_media":8418,"comment_status":"open","ping_status":"closed","sticky":false,"template":"","format":"standard","meta":{"colormag_page_container_layout":"default_layout","colormag_page_sidebar_layout":"default_layout","footnotes":""},"categories":[33],"tags":[],"class_list":["post-8417","post","type-post","status-publish","format-standard","has-post-thumbnail","hentry","category-network"],"yoast_head":"<!-- This site is optimized with the Yoast SEO plugin v27.5 - https:\/\/yoast.com\/product\/yoast-seo-wordpress\/ -->\n<title>\u201cTr\u00f2nere di Turi\u201d: tutto ebbe inizio nella cantina di Felicetto\u00a0\u200b - La Voce del Paese<\/title>\n<meta name=\"robots\" content=\"index, follow, max-snippet:-1, max-image-preview:large, max-video-preview:-1\" \/>\n<link rel=\"canonical\" href=\"https:\/\/lavocedelpaese.info\/index.php\/2024\/12\/02\/tronere-di-turi-tutto-ebbe-inizio-nella-cantina-di-felicetto\/\" \/>\n<meta property=\"og:locale\" content=\"it_IT\" \/>\n<meta property=\"og:type\" content=\"article\" \/>\n<meta property=\"og:title\" content=\"\u201cTr\u00f2nere di Turi\u201d: tutto ebbe inizio nella cantina di Felicetto\u00a0\u200b - La Voce del Paese\" \/>\n<meta property=\"og:description\" content=\"\u00a0 \u200b\u00a0 \u200b\u00a0 di Stefano de Carolis Qualche mese fa alcuni macellai e ristoratori turesi mi hanno invitato ad occuparmi\" \/>\n<meta property=\"og:url\" content=\"https:\/\/lavocedelpaese.info\/index.php\/2024\/12\/02\/tronere-di-turi-tutto-ebbe-inizio-nella-cantina-di-felicetto\/\" \/>\n<meta property=\"og:site_name\" content=\"La Voce del Paese\" \/>\n<meta property=\"article:publisher\" content=\"https:\/\/www.facebook.com\/lavocedelpaese.info\" \/>\n<meta property=\"article:published_time\" content=\"2024-12-02T07:13:38+00:00\" \/>\n<meta name=\"twitter:card\" content=\"summary_large_image\" \/>\n<meta name=\"twitter:label1\" content=\"Tempo di lettura stimato\" \/>\n\t<meta name=\"twitter:data1\" content=\"6 minuti\" \/>\n<script type=\"application\/ld+json\" class=\"yoast-schema-graph\">{\"@context\":\"https:\\\/\\\/schema.org\",\"@graph\":[{\"@type\":\"Article\",\"@id\":\"https:\\\/\\\/lavocedelpaese.info\\\/index.php\\\/2024\\\/12\\\/02\\\/tronere-di-turi-tutto-ebbe-inizio-nella-cantina-di-felicetto\\\/#article\",\"isPartOf\":{\"@id\":\"https:\\\/\\\/lavocedelpaese.info\\\/index.php\\\/2024\\\/12\\\/02\\\/tronere-di-turi-tutto-ebbe-inizio-nella-cantina-di-felicetto\\\/\"},\"author\":{\"name\":\"\",\"@id\":\"\"},\"headline\":\"\u201cTr\u00f2nere di Turi\u201d: tutto ebbe inizio nella cantina di Felicetto\u00a0\u200b\",\"datePublished\":\"2024-12-02T07:13:38+00:00\",\"mainEntityOfPage\":{\"@id\":\"https:\\\/\\\/lavocedelpaese.info\\\/index.php\\\/2024\\\/12\\\/02\\\/tronere-di-turi-tutto-ebbe-inizio-nella-cantina-di-felicetto\\\/\"},\"wordCount\":1155,\"commentCount\":0,\"publisher\":{\"@id\":\"https:\\\/\\\/lavocedelpaese.info\\\/#organization\"},\"image\":{\"@id\":\"https:\\\/\\\/lavocedelpaese.info\\\/index.php\\\/2024\\\/12\\\/02\\\/tronere-di-turi-tutto-ebbe-inizio-nella-cantina-di-felicetto\\\/#primaryimage\"},\"thumbnailUrl\":\"https:\\\/\\\/lavocedelpaese.info\\\/wp-content\\\/uploads\\\/2024\\\/12\\\/tronere-preparazione-3-EIx6T9.jpeg\",\"articleSection\":[\"network\"],\"inLanguage\":\"it-IT\",\"potentialAction\":[{\"@type\":\"CommentAction\",\"name\":\"Comment\",\"target\":[\"https:\\\/\\\/lavocedelpaese.info\\\/index.php\\\/2024\\\/12\\\/02\\\/tronere-di-turi-tutto-ebbe-inizio-nella-cantina-di-felicetto\\\/#respond\"]}]},{\"@type\":\"WebPage\",\"@id\":\"https:\\\/\\\/lavocedelpaese.info\\\/index.php\\\/2024\\\/12\\\/02\\\/tronere-di-turi-tutto-ebbe-inizio-nella-cantina-di-felicetto\\\/\",\"url\":\"https:\\\/\\\/lavocedelpaese.info\\\/index.php\\\/2024\\\/12\\\/02\\\/tronere-di-turi-tutto-ebbe-inizio-nella-cantina-di-felicetto\\\/\",\"name\":\"\u201cTr\u00f2nere di Turi\u201d: tutto ebbe inizio nella cantina di Felicetto\u00a0\u200b - La Voce del Paese\",\"isPartOf\":{\"@id\":\"https:\\\/\\\/lavocedelpaese.info\\\/#website\"},\"primaryImageOfPage\":{\"@id\":\"https:\\\/\\\/lavocedelpaese.info\\\/index.php\\\/2024\\\/12\\\/02\\\/tronere-di-turi-tutto-ebbe-inizio-nella-cantina-di-felicetto\\\/#primaryimage\"},\"image\":{\"@id\":\"https:\\\/\\\/lavocedelpaese.info\\\/index.php\\\/2024\\\/12\\\/02\\\/tronere-di-turi-tutto-ebbe-inizio-nella-cantina-di-felicetto\\\/#primaryimage\"},\"thumbnailUrl\":\"https:\\\/\\\/lavocedelpaese.info\\\/wp-content\\\/uploads\\\/2024\\\/12\\\/tronere-preparazione-3-EIx6T9.jpeg\",\"datePublished\":\"2024-12-02T07:13:38+00:00\",\"breadcrumb\":{\"@id\":\"https:\\\/\\\/lavocedelpaese.info\\\/index.php\\\/2024\\\/12\\\/02\\\/tronere-di-turi-tutto-ebbe-inizio-nella-cantina-di-felicetto\\\/#breadcrumb\"},\"inLanguage\":\"it-IT\",\"potentialAction\":[{\"@type\":\"ReadAction\",\"target\":[\"https:\\\/\\\/lavocedelpaese.info\\\/index.php\\\/2024\\\/12\\\/02\\\/tronere-di-turi-tutto-ebbe-inizio-nella-cantina-di-felicetto\\\/\"]}]},{\"@type\":\"ImageObject\",\"inLanguage\":\"it-IT\",\"@id\":\"https:\\\/\\\/lavocedelpaese.info\\\/index.php\\\/2024\\\/12\\\/02\\\/tronere-di-turi-tutto-ebbe-inizio-nella-cantina-di-felicetto\\\/#primaryimage\",\"url\":\"https:\\\/\\\/lavocedelpaese.info\\\/wp-content\\\/uploads\\\/2024\\\/12\\\/tronere-preparazione-3-EIx6T9.jpeg\",\"contentUrl\":\"https:\\\/\\\/lavocedelpaese.info\\\/wp-content\\\/uploads\\\/2024\\\/12\\\/tronere-preparazione-3-EIx6T9.jpeg\",\"width\":958,\"height\":620},{\"@type\":\"BreadcrumbList\",\"@id\":\"https:\\\/\\\/lavocedelpaese.info\\\/index.php\\\/2024\\\/12\\\/02\\\/tronere-di-turi-tutto-ebbe-inizio-nella-cantina-di-felicetto\\\/#breadcrumb\",\"itemListElement\":[{\"@type\":\"ListItem\",\"position\":1,\"name\":\"Home\",\"item\":\"https:\\\/\\\/lavocedelpaese.info\\\/\"},{\"@type\":\"ListItem\",\"position\":2,\"name\":\"\u201cTr\u00f2nere di Turi\u201d: tutto ebbe inizio nella cantina di Felicetto\u00a0\u200b\"}]},{\"@type\":\"WebSite\",\"@id\":\"https:\\\/\\\/lavocedelpaese.info\\\/#website\",\"url\":\"https:\\\/\\\/lavocedelpaese.info\\\/\",\"name\":\"La Voce del Paese\",\"description\":\"Un network di idee\",\"publisher\":{\"@id\":\"https:\\\/\\\/lavocedelpaese.info\\\/#organization\"},\"potentialAction\":[{\"@type\":\"SearchAction\",\"target\":{\"@type\":\"EntryPoint\",\"urlTemplate\":\"https:\\\/\\\/lavocedelpaese.info\\\/?s={search_term_string}\"},\"query-input\":{\"@type\":\"PropertyValueSpecification\",\"valueRequired\":true,\"valueName\":\"search_term_string\"}}],\"inLanguage\":\"it-IT\"},{\"@type\":\"Organization\",\"@id\":\"https:\\\/\\\/lavocedelpaese.info\\\/#organization\",\"name\":\"La Voce del Paese\",\"url\":\"https:\\\/\\\/lavocedelpaese.info\\\/\",\"logo\":{\"@type\":\"ImageObject\",\"inLanguage\":\"it-IT\",\"@id\":\"https:\\\/\\\/lavocedelpaese.info\\\/#\\\/schema\\\/logo\\\/image\\\/\",\"url\":\"https:\\\/\\\/lavocedelpaese.info\\\/wp-content\\\/uploads\\\/2023\\\/01\\\/cropped-logo-150-127.png\",\"contentUrl\":\"https:\\\/\\\/lavocedelpaese.info\\\/wp-content\\\/uploads\\\/2023\\\/01\\\/cropped-logo-150-127.png\",\"width\":137,\"height\":119,\"caption\":\"La Voce del Paese\"},\"image\":{\"@id\":\"https:\\\/\\\/lavocedelpaese.info\\\/#\\\/schema\\\/logo\\\/image\\\/\"},\"sameAs\":[\"https:\\\/\\\/www.facebook.com\\\/lavocedelpaese.info\"]}]}<\/script>\n<!-- \/ Yoast SEO plugin. -->","yoast_head_json":{"title":"\u201cTr\u00f2nere di Turi\u201d: tutto ebbe inizio nella cantina di Felicetto\u00a0\u200b - La Voce del Paese","robots":{"index":"index","follow":"follow","max-snippet":"max-snippet:-1","max-image-preview":"max-image-preview:large","max-video-preview":"max-video-preview:-1"},"canonical":"https:\/\/lavocedelpaese.info\/index.php\/2024\/12\/02\/tronere-di-turi-tutto-ebbe-inizio-nella-cantina-di-felicetto\/","og_locale":"it_IT","og_type":"article","og_title":"\u201cTr\u00f2nere di Turi\u201d: tutto ebbe inizio nella cantina di Felicetto\u00a0\u200b - La Voce del Paese","og_description":"\u00a0 \u200b\u00a0 \u200b\u00a0 di Stefano de Carolis Qualche mese fa alcuni macellai e ristoratori turesi mi hanno invitato ad occuparmi","og_url":"https:\/\/lavocedelpaese.info\/index.php\/2024\/12\/02\/tronere-di-turi-tutto-ebbe-inizio-nella-cantina-di-felicetto\/","og_site_name":"La Voce del Paese","article_publisher":"https:\/\/www.facebook.com\/lavocedelpaese.info","article_published_time":"2024-12-02T07:13:38+00:00","twitter_card":"summary_large_image","twitter_misc":{"Tempo di lettura stimato":"6 minuti"},"schema":{"@context":"https:\/\/schema.org","@graph":[{"@type":"Article","@id":"https:\/\/lavocedelpaese.info\/index.php\/2024\/12\/02\/tronere-di-turi-tutto-ebbe-inizio-nella-cantina-di-felicetto\/#article","isPartOf":{"@id":"https:\/\/lavocedelpaese.info\/index.php\/2024\/12\/02\/tronere-di-turi-tutto-ebbe-inizio-nella-cantina-di-felicetto\/"},"author":{"name":"","@id":""},"headline":"\u201cTr\u00f2nere di Turi\u201d: tutto ebbe inizio nella cantina di Felicetto\u00a0\u200b","datePublished":"2024-12-02T07:13:38+00:00","mainEntityOfPage":{"@id":"https:\/\/lavocedelpaese.info\/index.php\/2024\/12\/02\/tronere-di-turi-tutto-ebbe-inizio-nella-cantina-di-felicetto\/"},"wordCount":1155,"commentCount":0,"publisher":{"@id":"https:\/\/lavocedelpaese.info\/#organization"},"image":{"@id":"https:\/\/lavocedelpaese.info\/index.php\/2024\/12\/02\/tronere-di-turi-tutto-ebbe-inizio-nella-cantina-di-felicetto\/#primaryimage"},"thumbnailUrl":"https:\/\/lavocedelpaese.info\/wp-content\/uploads\/2024\/12\/tronere-preparazione-3-EIx6T9.jpeg","articleSection":["network"],"inLanguage":"it-IT","potentialAction":[{"@type":"CommentAction","name":"Comment","target":["https:\/\/lavocedelpaese.info\/index.php\/2024\/12\/02\/tronere-di-turi-tutto-ebbe-inizio-nella-cantina-di-felicetto\/#respond"]}]},{"@type":"WebPage","@id":"https:\/\/lavocedelpaese.info\/index.php\/2024\/12\/02\/tronere-di-turi-tutto-ebbe-inizio-nella-cantina-di-felicetto\/","url":"https:\/\/lavocedelpaese.info\/index.php\/2024\/12\/02\/tronere-di-turi-tutto-ebbe-inizio-nella-cantina-di-felicetto\/","name":"\u201cTr\u00f2nere di Turi\u201d: tutto ebbe inizio nella cantina di Felicetto\u00a0\u200b - La Voce del Paese","isPartOf":{"@id":"https:\/\/lavocedelpaese.info\/#website"},"primaryImageOfPage":{"@id":"https:\/\/lavocedelpaese.info\/index.php\/2024\/12\/02\/tronere-di-turi-tutto-ebbe-inizio-nella-cantina-di-felicetto\/#primaryimage"},"image":{"@id":"https:\/\/lavocedelpaese.info\/index.php\/2024\/12\/02\/tronere-di-turi-tutto-ebbe-inizio-nella-cantina-di-felicetto\/#primaryimage"},"thumbnailUrl":"https:\/\/lavocedelpaese.info\/wp-content\/uploads\/2024\/12\/tronere-preparazione-3-EIx6T9.jpeg","datePublished":"2024-12-02T07:13:38+00:00","breadcrumb":{"@id":"https:\/\/lavocedelpaese.info\/index.php\/2024\/12\/02\/tronere-di-turi-tutto-ebbe-inizio-nella-cantina-di-felicetto\/#breadcrumb"},"inLanguage":"it-IT","potentialAction":[{"@type":"ReadAction","target":["https:\/\/lavocedelpaese.info\/index.php\/2024\/12\/02\/tronere-di-turi-tutto-ebbe-inizio-nella-cantina-di-felicetto\/"]}]},{"@type":"ImageObject","inLanguage":"it-IT","@id":"https:\/\/lavocedelpaese.info\/index.php\/2024\/12\/02\/tronere-di-turi-tutto-ebbe-inizio-nella-cantina-di-felicetto\/#primaryimage","url":"https:\/\/lavocedelpaese.info\/wp-content\/uploads\/2024\/12\/tronere-preparazione-3-EIx6T9.jpeg","contentUrl":"https:\/\/lavocedelpaese.info\/wp-content\/uploads\/2024\/12\/tronere-preparazione-3-EIx6T9.jpeg","width":958,"height":620},{"@type":"BreadcrumbList","@id":"https:\/\/lavocedelpaese.info\/index.php\/2024\/12\/02\/tronere-di-turi-tutto-ebbe-inizio-nella-cantina-di-felicetto\/#breadcrumb","itemListElement":[{"@type":"ListItem","position":1,"name":"Home","item":"https:\/\/lavocedelpaese.info\/"},{"@type":"ListItem","position":2,"name":"\u201cTr\u00f2nere di Turi\u201d: tutto ebbe inizio nella cantina di Felicetto\u00a0\u200b"}]},{"@type":"WebSite","@id":"https:\/\/lavocedelpaese.info\/#website","url":"https:\/\/lavocedelpaese.info\/","name":"La Voce del Paese","description":"Un network di idee","publisher":{"@id":"https:\/\/lavocedelpaese.info\/#organization"},"potentialAction":[{"@type":"SearchAction","target":{"@type":"EntryPoint","urlTemplate":"https:\/\/lavocedelpaese.info\/?s={search_term_string}"},"query-input":{"@type":"PropertyValueSpecification","valueRequired":true,"valueName":"search_term_string"}}],"inLanguage":"it-IT"},{"@type":"Organization","@id":"https:\/\/lavocedelpaese.info\/#organization","name":"La Voce del Paese","url":"https:\/\/lavocedelpaese.info\/","logo":{"@type":"ImageObject","inLanguage":"it-IT","@id":"https:\/\/lavocedelpaese.info\/#\/schema\/logo\/image\/","url":"https:\/\/lavocedelpaese.info\/wp-content\/uploads\/2023\/01\/cropped-logo-150-127.png","contentUrl":"https:\/\/lavocedelpaese.info\/wp-content\/uploads\/2023\/01\/cropped-logo-150-127.png","width":137,"height":119,"caption":"La Voce del Paese"},"image":{"@id":"https:\/\/lavocedelpaese.info\/#\/schema\/logo\/image\/"},"sameAs":["https:\/\/www.facebook.com\/lavocedelpaese.info"]}]}},"_links":{"self":[{"href":"https:\/\/lavocedelpaese.info\/index.php\/wp-json\/wp\/v2\/posts\/8417","targetHints":{"allow":["GET"]}}],"collection":[{"href":"https:\/\/lavocedelpaese.info\/index.php\/wp-json\/wp\/v2\/posts"}],"about":[{"href":"https:\/\/lavocedelpaese.info\/index.php\/wp-json\/wp\/v2\/types\/post"}],"replies":[{"embeddable":true,"href":"https:\/\/lavocedelpaese.info\/index.php\/wp-json\/wp\/v2\/comments?post=8417"}],"version-history":[{"count":0,"href":"https:\/\/lavocedelpaese.info\/index.php\/wp-json\/wp\/v2\/posts\/8417\/revisions"}],"wp:featuredmedia":[{"embeddable":true,"href":"https:\/\/lavocedelpaese.info\/index.php\/wp-json\/wp\/v2\/media\/8418"}],"wp:attachment":[{"href":"https:\/\/lavocedelpaese.info\/index.php\/wp-json\/wp\/v2\/media?parent=8417"}],"wp:term":[{"taxonomy":"category","embeddable":true,"href":"https:\/\/lavocedelpaese.info\/index.php\/wp-json\/wp\/v2\/categories?post=8417"},{"taxonomy":"post_tag","embeddable":true,"href":"https:\/\/lavocedelpaese.info\/index.php\/wp-json\/wp\/v2\/tags?post=8417"}],"curies":[{"name":"wp","href":"https:\/\/api.w.org\/{rel}","templated":true}]}}