{"id":8406,"date":"2024-11-29T15:13:56","date_gmt":"2024-11-29T15:13:56","guid":{"rendered":"https:\/\/lavocedelpaese.info\/index.php\/2024\/11\/29\/siamo-in-riserva-conteniamo-i-consumi-dacqua-per-superare-la-crisi-idrica\/"},"modified":"2024-11-29T15:13:56","modified_gmt":"2024-11-29T15:13:56","slug":"siamo-in-riserva-conteniamo-i-consumi-dacqua-per-superare-la-crisi-idrica","status":"publish","type":"post","link":"https:\/\/lavocedelpaese.info\/index.php\/2024\/11\/29\/siamo-in-riserva-conteniamo-i-consumi-dacqua-per-superare-la-crisi-idrica\/","title":{"rendered":"Siamo in riserva, conteniamo i consumi d\u2019acqua per superare la crisi idrica\u00a0\u200b"},"content":{"rendered":"<p>\u00a0<\/p>\n<p>\u200b\u00a0<\/p>\n<p>\u200b\u00a0<\/p>\n<div class=\"mceTemp\"><\/div>\n<p><img decoding=\"async\" class=\"size-full wp-image-5420 alignleft\" src=\"https:\/\/gioia.lavocedelpaese.info\/wp-content\/uploads\/2024\/11\/Grande-Adduzione-AQP.jpg\" alt=\"\" width=\"400\" height=\"266\"\/>\u201cI prelievi superano ancora gli afflussi e la disponibilit\u00e0 si riduce. In attesa di precipitazioni significative sulle fonti, AQP continuer\u00e0 a mantenere ridotta la pressione per allontanare il rischio di un inasprimento delle restrizioni<\/p>\n<p>Le <strong>scarse piogge<\/strong> <strong>sulle fonti<\/strong> riducono sempre pi\u00f9 la <strong>disponibilit\u00e0 idrica: <\/strong>i prelievi restano superiori agli afflussi ed \u00e8 necessario <strong>contenere<\/strong> <strong>i consumi<\/strong>. In assenza di adeguate precipitazioni, gi\u00e0 da gennaio infatti la quantit\u00e0 di acqua disponibile potrebbe essere insufficiente a soddisfare appieno la domanda. <strong>Ogni goccia<\/strong> \u00e8 fondamentale per superare la <strong>crisi idrica<\/strong>. Da quelle risparmiate da <strong>Acquedotto Pugliese<\/strong> (AQP) con la tecnologia messa in campo negli ultimi anni, a quelle che possono recuperare, con <a href=\"https:\/\/www.aqp.it\/clienti\/interventi-rete\/consigli-risparmiare-acqua\"><strong>piccoli gesti quotidiani<\/strong><\/a><strong>, <\/strong>i <strong>4 milioni di cittadini serviti<\/strong>. \u00c8 necessario inoltre continuare a <a href=\"https:\/\/www.aqp.it\/clienti\/interventi-rete\/siccita-riduzioni-di-pressione-su-tutta-la-rete-affrontare-la-crisi-idrica\"><strong>mantenere ridotta la pressione<\/strong><\/a> <strong>nel rispetto degli standard di qualit\u00e0<\/strong> previsti dalla <a href=\"https:\/\/www.aqp.it\/clienti\/regolamento-qualita-contrattuale\/carta-servizio\"><strong>Carta del servizio idrico integrato<\/strong><\/a>. Meno acqua sar\u00e0 consumata da tutti, pi\u00f9 si allontaner\u00e0 il rischio di inasprimento delle restrizioni. Un messaggio al centro della campagna di sensibilizzazione di AQP: <a href=\"https:\/\/www.aqp.it\/aqp-comunica\/campagne-comunicazione\/siamo-riserva\"><strong>Siamo in riserva<\/strong><\/a>.<\/p>\n<p><img decoding=\"async\" class=\"size-full wp-image-5421 alignright\" src=\"https:\/\/gioia.lavocedelpaese.info\/wp-content\/uploads\/2024\/11\/Siamo-in-riserva-1x1-1.jpg\" alt=\"\" width=\"400\" height=\"400\"\/>Il livello di <strong>severit\u00e0 idrica<\/strong> per il potabile in Puglia rilevato dall\u2019<strong>Osservatorio<\/strong> permanente dell\u2019<strong>Autorit\u00e0 di bacino<\/strong> distrettuale dell\u2019Appennino meridionale \u00e8 passato <strong>da medio ad<\/strong> <strong>alto<\/strong>. La disponibilit\u00e0 idrica totale degli <strong>invasi<\/strong> da cui AQP per oltre la met\u00e0 del fabbisogno \u00e8 <strong>inferiore del 62%<\/strong> rispetto ai valori medi storici. La portata media delle <strong>sorgenti<\/strong> irpine, che pesano per un terzo sul mix di fonti, \u00e8 in <strong>calo di oltre il 12%<\/strong>.<\/p>\n<p>AQP <strong>affronta la sfida del cambiamento climatico<\/strong>, dal <strong>risanamento e la digitalizzazione delle reti<\/strong> allo sviluppo di <strong>modelli previsionali <\/strong>che consentono di gestire la domanda di acqua sulla base di diversi fattori, come quelli climatici e demografici. Grazie al lavoro di <strong>riduzione delle perdite ed efficientamento dei processi gestionali<\/strong>, oggi Acquedotto Pugliese riesce a soddisfare la domanda prelevando <strong>meno acqua dall\u2019ambiente<\/strong>: nel 2023 ad esempio sono stati risparmiati <strong>80 milioni di metri cubi di acqua <\/strong>annui rispetto al 2009, pari a un invaso di medie dimensioni. Sono attualmente avviati interventi di risanamento che interessano quasi <strong>1.300 chilometri<\/strong> di condotte per un investimento complessivo di <strong>800 mln di euro\u201d<\/strong>.<\/p>\n<p><strong>Ufficio stampa AQP<\/strong><\/p>\n<p><a class=\"a2a_button_facebook\" href=\"https:\/\/www.addtoany.com\/add_to\/facebook?linkurl=https%3A%2F%2Fgioia.lavocedelpaese.info%2Findex.php%2F2024%2F11%2F29%2Fsiamo-in-riserva-conteniamo-i-consumi-dacqua-per-superare-la-crisi-idrica%2F&amp;linkname=Siamo%20in%20riserva%2C%20conteniamo%20i%20consumi%20d%E2%80%99acqua%20per%20superare%20la%20crisi%20idrica\" title=\"Facebook\" rel=\"nofollow noopener\" target=\"_blank\"><\/a><a class=\"a2a_button_twitter\" href=\"https:\/\/www.addtoany.com\/add_to\/twitter?linkurl=https%3A%2F%2Fgioia.lavocedelpaese.info%2Findex.php%2F2024%2F11%2F29%2Fsiamo-in-riserva-conteniamo-i-consumi-dacqua-per-superare-la-crisi-idrica%2F&amp;linkname=Siamo%20in%20riserva%2C%20conteniamo%20i%20consumi%20d%E2%80%99acqua%20per%20superare%20la%20crisi%20idrica\" title=\"Twitter\" rel=\"nofollow noopener\" target=\"_blank\"><\/a><a class=\"a2a_button_whatsapp\" href=\"https:\/\/www.addtoany.com\/add_to\/whatsapp?linkurl=https%3A%2F%2Fgioia.lavocedelpaese.info%2Findex.php%2F2024%2F11%2F29%2Fsiamo-in-riserva-conteniamo-i-consumi-dacqua-per-superare-la-crisi-idrica%2F&amp;linkname=Siamo%20in%20riserva%2C%20conteniamo%20i%20consumi%20d%E2%80%99acqua%20per%20superare%20la%20crisi%20idrica\" title=\"WhatsApp\" rel=\"nofollow noopener\" target=\"_blank\"><\/a><a class=\"a2a_button_telegram\" href=\"https:\/\/www.addtoany.com\/add_to\/telegram?linkurl=https%3A%2F%2Fgioia.lavocedelpaese.info%2Findex.php%2F2024%2F11%2F29%2Fsiamo-in-riserva-conteniamo-i-consumi-dacqua-per-superare-la-crisi-idrica%2F&amp;linkname=Siamo%20in%20riserva%2C%20conteniamo%20i%20consumi%20d%E2%80%99acqua%20per%20superare%20la%20crisi%20idrica\" title=\"Telegram\" rel=\"nofollow noopener\" target=\"_blank\"><\/a><a class=\"a2a_button_email\" href=\"https:\/\/www.addtoany.com\/add_to\/email?linkurl=https%3A%2F%2Fgioia.lavocedelpaese.info%2Findex.php%2F2024%2F11%2F29%2Fsiamo-in-riserva-conteniamo-i-consumi-dacqua-per-superare-la-crisi-idrica%2F&amp;linkname=Siamo%20in%20riserva%2C%20conteniamo%20i%20consumi%20d%E2%80%99acqua%20per%20superare%20la%20crisi%20idrica\" title=\"Email\" rel=\"nofollow noopener\" target=\"_blank\"><\/a><\/p>\n<p>\u00a0<\/p>\n<p>\u00a0<\/p>\n<p>\u200b\u00a0\u00a0\u00a0<\/p>","protected":false},"excerpt":{"rendered":"<p>\u00a0 \u200b\u00a0 \u200b\u00a0 \u201cI prelievi superano ancora gli afflussi e la disponibilit\u00e0 si riduce. In attesa di precipitazioni significative sulle<\/p>\n","protected":false},"author":0,"featured_media":8407,"comment_status":"open","ping_status":"closed","sticky":false,"template":"","format":"standard","meta":{"colormag_page_container_layout":"default_layout","colormag_page_sidebar_layout":"default_layout","footnotes":""},"categories":[33],"tags":[],"class_list":["post-8406","post","type-post","status-publish","format-standard","has-post-thumbnail","hentry","category-network"],"yoast_head":"<!-- This site is optimized with the Yoast SEO plugin v27.5 - https:\/\/yoast.com\/product\/yoast-seo-wordpress\/ -->\n<title>Siamo in riserva, conteniamo i consumi d\u2019acqua per superare la crisi idrica\u00a0\u200b - La Voce del Paese<\/title>\n<meta name=\"robots\" content=\"index, follow, max-snippet:-1, max-image-preview:large, max-video-preview:-1\" \/>\n<link rel=\"canonical\" href=\"https:\/\/lavocedelpaese.info\/index.php\/2024\/11\/29\/siamo-in-riserva-conteniamo-i-consumi-dacqua-per-superare-la-crisi-idrica\/\" \/>\n<meta property=\"og:locale\" content=\"it_IT\" \/>\n<meta property=\"og:type\" content=\"article\" \/>\n<meta property=\"og:title\" content=\"Siamo in riserva, conteniamo i consumi d\u2019acqua per superare la crisi idrica\u00a0\u200b - La Voce del Paese\" \/>\n<meta property=\"og:description\" content=\"\u00a0 \u200b\u00a0 \u200b\u00a0 \u201cI prelievi superano ancora gli afflussi e la disponibilit\u00e0 si riduce. In attesa di precipitazioni significative sulle\" \/>\n<meta property=\"og:url\" content=\"https:\/\/lavocedelpaese.info\/index.php\/2024\/11\/29\/siamo-in-riserva-conteniamo-i-consumi-dacqua-per-superare-la-crisi-idrica\/\" \/>\n<meta property=\"og:site_name\" content=\"La Voce del Paese\" \/>\n<meta property=\"article:publisher\" content=\"https:\/\/www.facebook.com\/lavocedelpaese.info\" \/>\n<meta property=\"article:published_time\" content=\"2024-11-29T15:13:56+00:00\" \/>\n<meta name=\"twitter:card\" content=\"summary_large_image\" \/>\n<meta name=\"twitter:label1\" content=\"Tempo di lettura stimato\" \/>\n\t<meta name=\"twitter:data1\" content=\"2 minuti\" \/>\n<script type=\"application\/ld+json\" class=\"yoast-schema-graph\">{\"@context\":\"https:\\\/\\\/schema.org\",\"@graph\":[{\"@type\":\"Article\",\"@id\":\"https:\\\/\\\/lavocedelpaese.info\\\/index.php\\\/2024\\\/11\\\/29\\\/siamo-in-riserva-conteniamo-i-consumi-dacqua-per-superare-la-crisi-idrica\\\/#article\",\"isPartOf\":{\"@id\":\"https:\\\/\\\/lavocedelpaese.info\\\/index.php\\\/2024\\\/11\\\/29\\\/siamo-in-riserva-conteniamo-i-consumi-dacqua-per-superare-la-crisi-idrica\\\/\"},\"author\":{\"name\":\"\",\"@id\":\"\"},\"headline\":\"Siamo in riserva, conteniamo i consumi d\u2019acqua per superare la crisi idrica\u00a0\u200b\",\"datePublished\":\"2024-11-29T15:13:56+00:00\",\"mainEntityOfPage\":{\"@id\":\"https:\\\/\\\/lavocedelpaese.info\\\/index.php\\\/2024\\\/11\\\/29\\\/siamo-in-riserva-conteniamo-i-consumi-dacqua-per-superare-la-crisi-idrica\\\/\"},\"wordCount\":354,\"commentCount\":0,\"publisher\":{\"@id\":\"https:\\\/\\\/lavocedelpaese.info\\\/#organization\"},\"image\":{\"@id\":\"https:\\\/\\\/lavocedelpaese.info\\\/index.php\\\/2024\\\/11\\\/29\\\/siamo-in-riserva-conteniamo-i-consumi-dacqua-per-superare-la-crisi-idrica\\\/#primaryimage\"},\"thumbnailUrl\":\"https:\\\/\\\/lavocedelpaese.info\\\/wp-content\\\/uploads\\\/2024\\\/11\\\/Grande-Adduzione-AQP-tcUw96.jpeg\",\"articleSection\":[\"network\"],\"inLanguage\":\"it-IT\",\"potentialAction\":[{\"@type\":\"CommentAction\",\"name\":\"Comment\",\"target\":[\"https:\\\/\\\/lavocedelpaese.info\\\/index.php\\\/2024\\\/11\\\/29\\\/siamo-in-riserva-conteniamo-i-consumi-dacqua-per-superare-la-crisi-idrica\\\/#respond\"]}]},{\"@type\":\"WebPage\",\"@id\":\"https:\\\/\\\/lavocedelpaese.info\\\/index.php\\\/2024\\\/11\\\/29\\\/siamo-in-riserva-conteniamo-i-consumi-dacqua-per-superare-la-crisi-idrica\\\/\",\"url\":\"https:\\\/\\\/lavocedelpaese.info\\\/index.php\\\/2024\\\/11\\\/29\\\/siamo-in-riserva-conteniamo-i-consumi-dacqua-per-superare-la-crisi-idrica\\\/\",\"name\":\"Siamo in riserva, conteniamo i consumi d\u2019acqua per superare la crisi idrica\u00a0\u200b - La Voce del Paese\",\"isPartOf\":{\"@id\":\"https:\\\/\\\/lavocedelpaese.info\\\/#website\"},\"primaryImageOfPage\":{\"@id\":\"https:\\\/\\\/lavocedelpaese.info\\\/index.php\\\/2024\\\/11\\\/29\\\/siamo-in-riserva-conteniamo-i-consumi-dacqua-per-superare-la-crisi-idrica\\\/#primaryimage\"},\"image\":{\"@id\":\"https:\\\/\\\/lavocedelpaese.info\\\/index.php\\\/2024\\\/11\\\/29\\\/siamo-in-riserva-conteniamo-i-consumi-dacqua-per-superare-la-crisi-idrica\\\/#primaryimage\"},\"thumbnailUrl\":\"https:\\\/\\\/lavocedelpaese.info\\\/wp-content\\\/uploads\\\/2024\\\/11\\\/Grande-Adduzione-AQP-tcUw96.jpeg\",\"datePublished\":\"2024-11-29T15:13:56+00:00\",\"breadcrumb\":{\"@id\":\"https:\\\/\\\/lavocedelpaese.info\\\/index.php\\\/2024\\\/11\\\/29\\\/siamo-in-riserva-conteniamo-i-consumi-dacqua-per-superare-la-crisi-idrica\\\/#breadcrumb\"},\"inLanguage\":\"it-IT\",\"potentialAction\":[{\"@type\":\"ReadAction\",\"target\":[\"https:\\\/\\\/lavocedelpaese.info\\\/index.php\\\/2024\\\/11\\\/29\\\/siamo-in-riserva-conteniamo-i-consumi-dacqua-per-superare-la-crisi-idrica\\\/\"]}]},{\"@type\":\"ImageObject\",\"inLanguage\":\"it-IT\",\"@id\":\"https:\\\/\\\/lavocedelpaese.info\\\/index.php\\\/2024\\\/11\\\/29\\\/siamo-in-riserva-conteniamo-i-consumi-dacqua-per-superare-la-crisi-idrica\\\/#primaryimage\",\"url\":\"https:\\\/\\\/lavocedelpaese.info\\\/wp-content\\\/uploads\\\/2024\\\/11\\\/Grande-Adduzione-AQP-tcUw96.jpeg\",\"contentUrl\":\"https:\\\/\\\/lavocedelpaese.info\\\/wp-content\\\/uploads\\\/2024\\\/11\\\/Grande-Adduzione-AQP-tcUw96.jpeg\",\"width\":1000,\"height\":664},{\"@type\":\"BreadcrumbList\",\"@id\":\"https:\\\/\\\/lavocedelpaese.info\\\/index.php\\\/2024\\\/11\\\/29\\\/siamo-in-riserva-conteniamo-i-consumi-dacqua-per-superare-la-crisi-idrica\\\/#breadcrumb\",\"itemListElement\":[{\"@type\":\"ListItem\",\"position\":1,\"name\":\"Home\",\"item\":\"https:\\\/\\\/lavocedelpaese.info\\\/\"},{\"@type\":\"ListItem\",\"position\":2,\"name\":\"Siamo in riserva, conteniamo i consumi d\u2019acqua per superare la crisi idrica\u00a0\u200b\"}]},{\"@type\":\"WebSite\",\"@id\":\"https:\\\/\\\/lavocedelpaese.info\\\/#website\",\"url\":\"https:\\\/\\\/lavocedelpaese.info\\\/\",\"name\":\"La Voce del Paese\",\"description\":\"Un network di idee\",\"publisher\":{\"@id\":\"https:\\\/\\\/lavocedelpaese.info\\\/#organization\"},\"potentialAction\":[{\"@type\":\"SearchAction\",\"target\":{\"@type\":\"EntryPoint\",\"urlTemplate\":\"https:\\\/\\\/lavocedelpaese.info\\\/?s={search_term_string}\"},\"query-input\":{\"@type\":\"PropertyValueSpecification\",\"valueRequired\":true,\"valueName\":\"search_term_string\"}}],\"inLanguage\":\"it-IT\"},{\"@type\":\"Organization\",\"@id\":\"https:\\\/\\\/lavocedelpaese.info\\\/#organization\",\"name\":\"La Voce del Paese\",\"url\":\"https:\\\/\\\/lavocedelpaese.info\\\/\",\"logo\":{\"@type\":\"ImageObject\",\"inLanguage\":\"it-IT\",\"@id\":\"https:\\\/\\\/lavocedelpaese.info\\\/#\\\/schema\\\/logo\\\/image\\\/\",\"url\":\"https:\\\/\\\/lavocedelpaese.info\\\/wp-content\\\/uploads\\\/2023\\\/01\\\/cropped-logo-150-127.png\",\"contentUrl\":\"https:\\\/\\\/lavocedelpaese.info\\\/wp-content\\\/uploads\\\/2023\\\/01\\\/cropped-logo-150-127.png\",\"width\":137,\"height\":119,\"caption\":\"La Voce del Paese\"},\"image\":{\"@id\":\"https:\\\/\\\/lavocedelpaese.info\\\/#\\\/schema\\\/logo\\\/image\\\/\"},\"sameAs\":[\"https:\\\/\\\/www.facebook.com\\\/lavocedelpaese.info\"]}]}<\/script>\n<!-- \/ Yoast SEO plugin. -->","yoast_head_json":{"title":"Siamo in riserva, conteniamo i consumi d\u2019acqua per superare la crisi idrica\u00a0\u200b - La Voce del Paese","robots":{"index":"index","follow":"follow","max-snippet":"max-snippet:-1","max-image-preview":"max-image-preview:large","max-video-preview":"max-video-preview:-1"},"canonical":"https:\/\/lavocedelpaese.info\/index.php\/2024\/11\/29\/siamo-in-riserva-conteniamo-i-consumi-dacqua-per-superare-la-crisi-idrica\/","og_locale":"it_IT","og_type":"article","og_title":"Siamo in riserva, conteniamo i consumi d\u2019acqua per superare la crisi idrica\u00a0\u200b - La Voce del Paese","og_description":"\u00a0 \u200b\u00a0 \u200b\u00a0 \u201cI prelievi superano ancora gli afflussi e la disponibilit\u00e0 si riduce. In attesa di precipitazioni significative sulle","og_url":"https:\/\/lavocedelpaese.info\/index.php\/2024\/11\/29\/siamo-in-riserva-conteniamo-i-consumi-dacqua-per-superare-la-crisi-idrica\/","og_site_name":"La Voce del Paese","article_publisher":"https:\/\/www.facebook.com\/lavocedelpaese.info","article_published_time":"2024-11-29T15:13:56+00:00","twitter_card":"summary_large_image","twitter_misc":{"Tempo di lettura stimato":"2 minuti"},"schema":{"@context":"https:\/\/schema.org","@graph":[{"@type":"Article","@id":"https:\/\/lavocedelpaese.info\/index.php\/2024\/11\/29\/siamo-in-riserva-conteniamo-i-consumi-dacqua-per-superare-la-crisi-idrica\/#article","isPartOf":{"@id":"https:\/\/lavocedelpaese.info\/index.php\/2024\/11\/29\/siamo-in-riserva-conteniamo-i-consumi-dacqua-per-superare-la-crisi-idrica\/"},"author":{"name":"","@id":""},"headline":"Siamo in riserva, conteniamo i consumi d\u2019acqua per superare la crisi idrica\u00a0\u200b","datePublished":"2024-11-29T15:13:56+00:00","mainEntityOfPage":{"@id":"https:\/\/lavocedelpaese.info\/index.php\/2024\/11\/29\/siamo-in-riserva-conteniamo-i-consumi-dacqua-per-superare-la-crisi-idrica\/"},"wordCount":354,"commentCount":0,"publisher":{"@id":"https:\/\/lavocedelpaese.info\/#organization"},"image":{"@id":"https:\/\/lavocedelpaese.info\/index.php\/2024\/11\/29\/siamo-in-riserva-conteniamo-i-consumi-dacqua-per-superare-la-crisi-idrica\/#primaryimage"},"thumbnailUrl":"https:\/\/lavocedelpaese.info\/wp-content\/uploads\/2024\/11\/Grande-Adduzione-AQP-tcUw96.jpeg","articleSection":["network"],"inLanguage":"it-IT","potentialAction":[{"@type":"CommentAction","name":"Comment","target":["https:\/\/lavocedelpaese.info\/index.php\/2024\/11\/29\/siamo-in-riserva-conteniamo-i-consumi-dacqua-per-superare-la-crisi-idrica\/#respond"]}]},{"@type":"WebPage","@id":"https:\/\/lavocedelpaese.info\/index.php\/2024\/11\/29\/siamo-in-riserva-conteniamo-i-consumi-dacqua-per-superare-la-crisi-idrica\/","url":"https:\/\/lavocedelpaese.info\/index.php\/2024\/11\/29\/siamo-in-riserva-conteniamo-i-consumi-dacqua-per-superare-la-crisi-idrica\/","name":"Siamo in riserva, conteniamo i consumi d\u2019acqua per superare la crisi idrica\u00a0\u200b - La Voce del Paese","isPartOf":{"@id":"https:\/\/lavocedelpaese.info\/#website"},"primaryImageOfPage":{"@id":"https:\/\/lavocedelpaese.info\/index.php\/2024\/11\/29\/siamo-in-riserva-conteniamo-i-consumi-dacqua-per-superare-la-crisi-idrica\/#primaryimage"},"image":{"@id":"https:\/\/lavocedelpaese.info\/index.php\/2024\/11\/29\/siamo-in-riserva-conteniamo-i-consumi-dacqua-per-superare-la-crisi-idrica\/#primaryimage"},"thumbnailUrl":"https:\/\/lavocedelpaese.info\/wp-content\/uploads\/2024\/11\/Grande-Adduzione-AQP-tcUw96.jpeg","datePublished":"2024-11-29T15:13:56+00:00","breadcrumb":{"@id":"https:\/\/lavocedelpaese.info\/index.php\/2024\/11\/29\/siamo-in-riserva-conteniamo-i-consumi-dacqua-per-superare-la-crisi-idrica\/#breadcrumb"},"inLanguage":"it-IT","potentialAction":[{"@type":"ReadAction","target":["https:\/\/lavocedelpaese.info\/index.php\/2024\/11\/29\/siamo-in-riserva-conteniamo-i-consumi-dacqua-per-superare-la-crisi-idrica\/"]}]},{"@type":"ImageObject","inLanguage":"it-IT","@id":"https:\/\/lavocedelpaese.info\/index.php\/2024\/11\/29\/siamo-in-riserva-conteniamo-i-consumi-dacqua-per-superare-la-crisi-idrica\/#primaryimage","url":"https:\/\/lavocedelpaese.info\/wp-content\/uploads\/2024\/11\/Grande-Adduzione-AQP-tcUw96.jpeg","contentUrl":"https:\/\/lavocedelpaese.info\/wp-content\/uploads\/2024\/11\/Grande-Adduzione-AQP-tcUw96.jpeg","width":1000,"height":664},{"@type":"BreadcrumbList","@id":"https:\/\/lavocedelpaese.info\/index.php\/2024\/11\/29\/siamo-in-riserva-conteniamo-i-consumi-dacqua-per-superare-la-crisi-idrica\/#breadcrumb","itemListElement":[{"@type":"ListItem","position":1,"name":"Home","item":"https:\/\/lavocedelpaese.info\/"},{"@type":"ListItem","position":2,"name":"Siamo in riserva, conteniamo i consumi d\u2019acqua per superare la crisi idrica\u00a0\u200b"}]},{"@type":"WebSite","@id":"https:\/\/lavocedelpaese.info\/#website","url":"https:\/\/lavocedelpaese.info\/","name":"La Voce del Paese","description":"Un network di idee","publisher":{"@id":"https:\/\/lavocedelpaese.info\/#organization"},"potentialAction":[{"@type":"SearchAction","target":{"@type":"EntryPoint","urlTemplate":"https:\/\/lavocedelpaese.info\/?s={search_term_string}"},"query-input":{"@type":"PropertyValueSpecification","valueRequired":true,"valueName":"search_term_string"}}],"inLanguage":"it-IT"},{"@type":"Organization","@id":"https:\/\/lavocedelpaese.info\/#organization","name":"La Voce del Paese","url":"https:\/\/lavocedelpaese.info\/","logo":{"@type":"ImageObject","inLanguage":"it-IT","@id":"https:\/\/lavocedelpaese.info\/#\/schema\/logo\/image\/","url":"https:\/\/lavocedelpaese.info\/wp-content\/uploads\/2023\/01\/cropped-logo-150-127.png","contentUrl":"https:\/\/lavocedelpaese.info\/wp-content\/uploads\/2023\/01\/cropped-logo-150-127.png","width":137,"height":119,"caption":"La Voce del Paese"},"image":{"@id":"https:\/\/lavocedelpaese.info\/#\/schema\/logo\/image\/"},"sameAs":["https:\/\/www.facebook.com\/lavocedelpaese.info"]}]}},"_links":{"self":[{"href":"https:\/\/lavocedelpaese.info\/index.php\/wp-json\/wp\/v2\/posts\/8406","targetHints":{"allow":["GET"]}}],"collection":[{"href":"https:\/\/lavocedelpaese.info\/index.php\/wp-json\/wp\/v2\/posts"}],"about":[{"href":"https:\/\/lavocedelpaese.info\/index.php\/wp-json\/wp\/v2\/types\/post"}],"replies":[{"embeddable":true,"href":"https:\/\/lavocedelpaese.info\/index.php\/wp-json\/wp\/v2\/comments?post=8406"}],"version-history":[{"count":0,"href":"https:\/\/lavocedelpaese.info\/index.php\/wp-json\/wp\/v2\/posts\/8406\/revisions"}],"wp:featuredmedia":[{"embeddable":true,"href":"https:\/\/lavocedelpaese.info\/index.php\/wp-json\/wp\/v2\/media\/8407"}],"wp:attachment":[{"href":"https:\/\/lavocedelpaese.info\/index.php\/wp-json\/wp\/v2\/media?parent=8406"}],"wp:term":[{"taxonomy":"category","embeddable":true,"href":"https:\/\/lavocedelpaese.info\/index.php\/wp-json\/wp\/v2\/categories?post=8406"},{"taxonomy":"post_tag","embeddable":true,"href":"https:\/\/lavocedelpaese.info\/index.php\/wp-json\/wp\/v2\/tags?post=8406"}],"curies":[{"name":"wp","href":"https:\/\/api.w.org\/{rel}","templated":true}]}}