{"id":8400,"date":"2024-11-28T16:14:50","date_gmt":"2024-11-28T16:14:50","guid":{"rendered":"https:\/\/lavocedelpaese.info\/index.php\/2024\/11\/28\/al-circolo-unione-il-30-novembre-la-linea-del-pudore-di-giuseppe-scaglione\/"},"modified":"2024-11-28T16:14:50","modified_gmt":"2024-11-28T16:14:50","slug":"al-circolo-unione-il-30-novembre-la-linea-del-pudore-di-giuseppe-scaglione","status":"publish","type":"post","link":"https:\/\/lavocedelpaese.info\/index.php\/2024\/11\/28\/al-circolo-unione-il-30-novembre-la-linea-del-pudore-di-giuseppe-scaglione\/","title":{"rendered":"Al Circolo Unione il 30 novembre \u201cLa linea del pudore\u201d di Giuseppe Scaglione\u00a0\u200b"},"content":{"rendered":"<p>\u00a0<\/p>\n<p>\u200b\u00a0<\/p>\n<p>\u200b\u00a0<\/p>\n<p><img decoding=\"async\" class=\"size-full wp-image-5414 alignleft\" src=\"https:\/\/gioia.lavocedelpaese.info\/wp-content\/uploads\/2024\/11\/9791254511800_0_536_0_75.jpg\" alt=\"\" width=\"400\" height=\"560\"\/>Sabato 30 novembre <strong>alle ore 19<\/strong>, il Circolo Unione ospiter\u00e0 Giuseppe Scaglione, autore de \u201cLa linea del pudore\u201d [Les Fl\u00e0neurs Edizioni]. Dopo i saluti del presidente <strong>Romolo Di Brino<\/strong>, <strong>dialogheranno con lo scrittore<\/strong> <strong>Dalila Bellacicco<\/strong>, <strong>il poeta (Premio Montale)<\/strong> <strong>Vittorino Curci<\/strong> <strong>e il <\/strong><strong>dirigente della sezione Omicidi della questura di Bari, Roberto Stramaglia<\/strong>.<\/p>\n<p><strong>I Maestri Ilaria Stoppini e Nanni Chiapparino<\/strong> trascineranno il pubblico nelle <strong>atmosfere musicali<\/strong> evocate dalle <strong>letture affidate a Erick Bronze<\/strong>, giovane attore laureatosi in recitazione e Arti dello spettacolo presso l\u2019Accademia Artisti di Roma. <strong>Alla presentazione sar\u00e0 presente l\u2019editore di <\/strong><strong>Les Fl\u00e0neurs, Alessio Rega<\/strong>.<\/p>\n<p>\u201cLa linea del pudore\u201d \u00e8 un romanzo che scava dentro la societ\u00e0 per intuirne i segreti, il lato oscuro nascosto da apparenze virtuose.<\/p>\n<p>La trama si svolge attorno a una delicata indagine di omicidio e sullo sfondo compaiono imprenditori, professionisti, politici e giudici che hanno stretto patti occulti di reciproca convenienza con la criminalit\u00e0. \u00c8 il racconto di un malaffare che nella realt\u00e0 potrebbe riguardare qualsiasi luogo.<\/p>\n<p>Gli amanti del noir troveranno nel romanzo la caratterizzazione realistica dei personaggi, la complessit\u00e0 delle indagini, i colpi di scena. Ma il libro si rivolge anche a chi vuole riflettere a fondo su tutto ci\u00f2 che pu\u00f2 accadere dietro una qualsiasi facciata perbene.<\/p>\n<p>Giuseppe Scaglione scrive recensioni e note critiche di arte di poesia e narrativa. Cura presentazioni di mostre, convegni e altri eventi culturali. Dal 2016 ha un proprio sito \u201cCorrelazioni \u2013 Pagine di cultura\u201d, dove pubblica approfondimenti e recensioni d\u2019arte, poesia e narrativa. \u00c8 componente della commissione di valutazione per la narrativa edita del \u201cPremio accademico internazionale di letteratura contemporanea Lucius Annaeus Seneca\u201d e presidente della commissione di valutazione del Premio letterario per inediti di poesia e narrativa \u201cFondazione Montanaro\u201d. Nel 2017 ha pubblicato il noir \u201cLa figlia\u201d, nel 2019 il romanzo di formazione \u201cLa verit\u00e0 del mare\u201d, nel 2021 il noir \u201cL\u2019ultima notte\u201d e nel 2023 \u201cLa stanza di Osvaldo\u201d. Ha partecipato alle raccolte di racconti Oltre il vetro (2020) e C\u2019era una nota in Puglia. (2021)<\/p>\n<p><a class=\"a2a_button_facebook\" href=\"https:\/\/www.addtoany.com\/add_to\/facebook?linkurl=https%3A%2F%2Fgioia.lavocedelpaese.info%2Findex.php%2F2024%2F11%2F28%2Fal-circolo-unione-il-30-novembre-la-linea-del-pudore-di-giuseppe-scaglione%2F&amp;linkname=Al%20Circolo%20Unione%20il%2030%20novembre%20%E2%80%9CLa%20linea%20del%20pudore%E2%80%9D%20di%20Giuseppe%20Scaglione\" title=\"Facebook\" rel=\"nofollow noopener\" target=\"_blank\"><\/a><a class=\"a2a_button_twitter\" href=\"https:\/\/www.addtoany.com\/add_to\/twitter?linkurl=https%3A%2F%2Fgioia.lavocedelpaese.info%2Findex.php%2F2024%2F11%2F28%2Fal-circolo-unione-il-30-novembre-la-linea-del-pudore-di-giuseppe-scaglione%2F&amp;linkname=Al%20Circolo%20Unione%20il%2030%20novembre%20%E2%80%9CLa%20linea%20del%20pudore%E2%80%9D%20di%20Giuseppe%20Scaglione\" title=\"Twitter\" rel=\"nofollow noopener\" target=\"_blank\"><\/a><a class=\"a2a_button_whatsapp\" href=\"https:\/\/www.addtoany.com\/add_to\/whatsapp?linkurl=https%3A%2F%2Fgioia.lavocedelpaese.info%2Findex.php%2F2024%2F11%2F28%2Fal-circolo-unione-il-30-novembre-la-linea-del-pudore-di-giuseppe-scaglione%2F&amp;linkname=Al%20Circolo%20Unione%20il%2030%20novembre%20%E2%80%9CLa%20linea%20del%20pudore%E2%80%9D%20di%20Giuseppe%20Scaglione\" title=\"WhatsApp\" rel=\"nofollow noopener\" target=\"_blank\"><\/a><a class=\"a2a_button_telegram\" href=\"https:\/\/www.addtoany.com\/add_to\/telegram?linkurl=https%3A%2F%2Fgioia.lavocedelpaese.info%2Findex.php%2F2024%2F11%2F28%2Fal-circolo-unione-il-30-novembre-la-linea-del-pudore-di-giuseppe-scaglione%2F&amp;linkname=Al%20Circolo%20Unione%20il%2030%20novembre%20%E2%80%9CLa%20linea%20del%20pudore%E2%80%9D%20di%20Giuseppe%20Scaglione\" title=\"Telegram\" rel=\"nofollow noopener\" target=\"_blank\"><\/a><a class=\"a2a_button_email\" href=\"https:\/\/www.addtoany.com\/add_to\/email?linkurl=https%3A%2F%2Fgioia.lavocedelpaese.info%2Findex.php%2F2024%2F11%2F28%2Fal-circolo-unione-il-30-novembre-la-linea-del-pudore-di-giuseppe-scaglione%2F&amp;linkname=Al%20Circolo%20Unione%20il%2030%20novembre%20%E2%80%9CLa%20linea%20del%20pudore%E2%80%9D%20di%20Giuseppe%20Scaglione\" title=\"Email\" rel=\"nofollow noopener\" target=\"_blank\"><\/a><\/p>\n<p>\u00a0<\/p>\n<p>\u00a0<\/p>\n<p>\u200b\u00a0\u00a0\u00a0<\/p>","protected":false},"excerpt":{"rendered":"<p>\u00a0 \u200b\u00a0 \u200b\u00a0 Sabato 30 novembre alle ore 19, il Circolo Unione ospiter\u00e0 Giuseppe Scaglione, autore de \u201cLa linea del<\/p>\n","protected":false},"author":0,"featured_media":8401,"comment_status":"open","ping_status":"closed","sticky":false,"template":"","format":"standard","meta":{"colormag_page_container_layout":"default_layout","colormag_page_sidebar_layout":"default_layout","footnotes":""},"categories":[33],"tags":[],"class_list":["post-8400","post","type-post","status-publish","format-standard","has-post-thumbnail","hentry","category-network"],"yoast_head":"<!-- This site is optimized with the Yoast SEO plugin v27.5 - https:\/\/yoast.com\/product\/yoast-seo-wordpress\/ -->\n<title>Al Circolo Unione il 30 novembre \u201cLa linea del pudore\u201d di Giuseppe Scaglione\u00a0\u200b - La Voce del Paese<\/title>\n<meta name=\"robots\" content=\"index, follow, max-snippet:-1, max-image-preview:large, max-video-preview:-1\" \/>\n<link rel=\"canonical\" href=\"https:\/\/lavocedelpaese.info\/index.php\/2024\/11\/28\/al-circolo-unione-il-30-novembre-la-linea-del-pudore-di-giuseppe-scaglione\/\" \/>\n<meta property=\"og:locale\" content=\"it_IT\" \/>\n<meta property=\"og:type\" content=\"article\" \/>\n<meta property=\"og:title\" content=\"Al Circolo Unione il 30 novembre \u201cLa linea del pudore\u201d di Giuseppe Scaglione\u00a0\u200b - La Voce del Paese\" \/>\n<meta property=\"og:description\" content=\"\u00a0 \u200b\u00a0 \u200b\u00a0 Sabato 30 novembre alle ore 19, il Circolo Unione ospiter\u00e0 Giuseppe Scaglione, autore de \u201cLa linea del\" \/>\n<meta property=\"og:url\" content=\"https:\/\/lavocedelpaese.info\/index.php\/2024\/11\/28\/al-circolo-unione-il-30-novembre-la-linea-del-pudore-di-giuseppe-scaglione\/\" \/>\n<meta property=\"og:site_name\" content=\"La Voce del Paese\" \/>\n<meta property=\"article:publisher\" content=\"https:\/\/www.facebook.com\/lavocedelpaese.info\" \/>\n<meta property=\"article:published_time\" content=\"2024-11-28T16:14:50+00:00\" \/>\n<meta name=\"twitter:card\" content=\"summary_large_image\" \/>\n<meta name=\"twitter:label1\" content=\"Tempo di lettura stimato\" \/>\n\t<meta name=\"twitter:data1\" content=\"2 minuti\" \/>\n<script type=\"application\/ld+json\" class=\"yoast-schema-graph\">{\"@context\":\"https:\\\/\\\/schema.org\",\"@graph\":[{\"@type\":\"Article\",\"@id\":\"https:\\\/\\\/lavocedelpaese.info\\\/index.php\\\/2024\\\/11\\\/28\\\/al-circolo-unione-il-30-novembre-la-linea-del-pudore-di-giuseppe-scaglione\\\/#article\",\"isPartOf\":{\"@id\":\"https:\\\/\\\/lavocedelpaese.info\\\/index.php\\\/2024\\\/11\\\/28\\\/al-circolo-unione-il-30-novembre-la-linea-del-pudore-di-giuseppe-scaglione\\\/\"},\"author\":{\"name\":\"\",\"@id\":\"\"},\"headline\":\"Al Circolo Unione il 30 novembre \u201cLa linea del pudore\u201d di Giuseppe Scaglione\u00a0\u200b\",\"datePublished\":\"2024-11-28T16:14:50+00:00\",\"mainEntityOfPage\":{\"@id\":\"https:\\\/\\\/lavocedelpaese.info\\\/index.php\\\/2024\\\/11\\\/28\\\/al-circolo-unione-il-30-novembre-la-linea-del-pudore-di-giuseppe-scaglione\\\/\"},\"wordCount\":340,\"commentCount\":0,\"publisher\":{\"@id\":\"https:\\\/\\\/lavocedelpaese.info\\\/#organization\"},\"image\":{\"@id\":\"https:\\\/\\\/lavocedelpaese.info\\\/index.php\\\/2024\\\/11\\\/28\\\/al-circolo-unione-il-30-novembre-la-linea-del-pudore-di-giuseppe-scaglione\\\/#primaryimage\"},\"thumbnailUrl\":\"https:\\\/\\\/lavocedelpaese.info\\\/wp-content\\\/uploads\\\/2024\\\/11\\\/9791254511800_0_536_0_75-NFGr8b.jpeg\",\"articleSection\":[\"network\"],\"inLanguage\":\"it-IT\",\"potentialAction\":[{\"@type\":\"CommentAction\",\"name\":\"Comment\",\"target\":[\"https:\\\/\\\/lavocedelpaese.info\\\/index.php\\\/2024\\\/11\\\/28\\\/al-circolo-unione-il-30-novembre-la-linea-del-pudore-di-giuseppe-scaglione\\\/#respond\"]}]},{\"@type\":\"WebPage\",\"@id\":\"https:\\\/\\\/lavocedelpaese.info\\\/index.php\\\/2024\\\/11\\\/28\\\/al-circolo-unione-il-30-novembre-la-linea-del-pudore-di-giuseppe-scaglione\\\/\",\"url\":\"https:\\\/\\\/lavocedelpaese.info\\\/index.php\\\/2024\\\/11\\\/28\\\/al-circolo-unione-il-30-novembre-la-linea-del-pudore-di-giuseppe-scaglione\\\/\",\"name\":\"Al Circolo Unione il 30 novembre \u201cLa linea del pudore\u201d di Giuseppe Scaglione\u00a0\u200b - La Voce del Paese\",\"isPartOf\":{\"@id\":\"https:\\\/\\\/lavocedelpaese.info\\\/#website\"},\"primaryImageOfPage\":{\"@id\":\"https:\\\/\\\/lavocedelpaese.info\\\/index.php\\\/2024\\\/11\\\/28\\\/al-circolo-unione-il-30-novembre-la-linea-del-pudore-di-giuseppe-scaglione\\\/#primaryimage\"},\"image\":{\"@id\":\"https:\\\/\\\/lavocedelpaese.info\\\/index.php\\\/2024\\\/11\\\/28\\\/al-circolo-unione-il-30-novembre-la-linea-del-pudore-di-giuseppe-scaglione\\\/#primaryimage\"},\"thumbnailUrl\":\"https:\\\/\\\/lavocedelpaese.info\\\/wp-content\\\/uploads\\\/2024\\\/11\\\/9791254511800_0_536_0_75-NFGr8b.jpeg\",\"datePublished\":\"2024-11-28T16:14:50+00:00\",\"breadcrumb\":{\"@id\":\"https:\\\/\\\/lavocedelpaese.info\\\/index.php\\\/2024\\\/11\\\/28\\\/al-circolo-unione-il-30-novembre-la-linea-del-pudore-di-giuseppe-scaglione\\\/#breadcrumb\"},\"inLanguage\":\"it-IT\",\"potentialAction\":[{\"@type\":\"ReadAction\",\"target\":[\"https:\\\/\\\/lavocedelpaese.info\\\/index.php\\\/2024\\\/11\\\/28\\\/al-circolo-unione-il-30-novembre-la-linea-del-pudore-di-giuseppe-scaglione\\\/\"]}]},{\"@type\":\"ImageObject\",\"inLanguage\":\"it-IT\",\"@id\":\"https:\\\/\\\/lavocedelpaese.info\\\/index.php\\\/2024\\\/11\\\/28\\\/al-circolo-unione-il-30-novembre-la-linea-del-pudore-di-giuseppe-scaglione\\\/#primaryimage\",\"url\":\"https:\\\/\\\/lavocedelpaese.info\\\/wp-content\\\/uploads\\\/2024\\\/11\\\/9791254511800_0_536_0_75-NFGr8b.jpeg\",\"contentUrl\":\"https:\\\/\\\/lavocedelpaese.info\\\/wp-content\\\/uploads\\\/2024\\\/11\\\/9791254511800_0_536_0_75-NFGr8b.jpeg\",\"width\":536,\"height\":750},{\"@type\":\"BreadcrumbList\",\"@id\":\"https:\\\/\\\/lavocedelpaese.info\\\/index.php\\\/2024\\\/11\\\/28\\\/al-circolo-unione-il-30-novembre-la-linea-del-pudore-di-giuseppe-scaglione\\\/#breadcrumb\",\"itemListElement\":[{\"@type\":\"ListItem\",\"position\":1,\"name\":\"Home\",\"item\":\"https:\\\/\\\/lavocedelpaese.info\\\/\"},{\"@type\":\"ListItem\",\"position\":2,\"name\":\"Al Circolo Unione il 30 novembre \u201cLa linea del pudore\u201d di Giuseppe Scaglione\u00a0\u200b\"}]},{\"@type\":\"WebSite\",\"@id\":\"https:\\\/\\\/lavocedelpaese.info\\\/#website\",\"url\":\"https:\\\/\\\/lavocedelpaese.info\\\/\",\"name\":\"La Voce del Paese\",\"description\":\"Un network di idee\",\"publisher\":{\"@id\":\"https:\\\/\\\/lavocedelpaese.info\\\/#organization\"},\"potentialAction\":[{\"@type\":\"SearchAction\",\"target\":{\"@type\":\"EntryPoint\",\"urlTemplate\":\"https:\\\/\\\/lavocedelpaese.info\\\/?s={search_term_string}\"},\"query-input\":{\"@type\":\"PropertyValueSpecification\",\"valueRequired\":true,\"valueName\":\"search_term_string\"}}],\"inLanguage\":\"it-IT\"},{\"@type\":\"Organization\",\"@id\":\"https:\\\/\\\/lavocedelpaese.info\\\/#organization\",\"name\":\"La Voce del Paese\",\"url\":\"https:\\\/\\\/lavocedelpaese.info\\\/\",\"logo\":{\"@type\":\"ImageObject\",\"inLanguage\":\"it-IT\",\"@id\":\"https:\\\/\\\/lavocedelpaese.info\\\/#\\\/schema\\\/logo\\\/image\\\/\",\"url\":\"https:\\\/\\\/lavocedelpaese.info\\\/wp-content\\\/uploads\\\/2023\\\/01\\\/cropped-logo-150-127.png\",\"contentUrl\":\"https:\\\/\\\/lavocedelpaese.info\\\/wp-content\\\/uploads\\\/2023\\\/01\\\/cropped-logo-150-127.png\",\"width\":137,\"height\":119,\"caption\":\"La Voce del Paese\"},\"image\":{\"@id\":\"https:\\\/\\\/lavocedelpaese.info\\\/#\\\/schema\\\/logo\\\/image\\\/\"},\"sameAs\":[\"https:\\\/\\\/www.facebook.com\\\/lavocedelpaese.info\"]}]}<\/script>\n<!-- \/ Yoast SEO plugin. -->","yoast_head_json":{"title":"Al Circolo Unione il 30 novembre \u201cLa linea del pudore\u201d di Giuseppe Scaglione\u00a0\u200b - La Voce del Paese","robots":{"index":"index","follow":"follow","max-snippet":"max-snippet:-1","max-image-preview":"max-image-preview:large","max-video-preview":"max-video-preview:-1"},"canonical":"https:\/\/lavocedelpaese.info\/index.php\/2024\/11\/28\/al-circolo-unione-il-30-novembre-la-linea-del-pudore-di-giuseppe-scaglione\/","og_locale":"it_IT","og_type":"article","og_title":"Al Circolo Unione il 30 novembre \u201cLa linea del pudore\u201d di Giuseppe Scaglione\u00a0\u200b - La Voce del Paese","og_description":"\u00a0 \u200b\u00a0 \u200b\u00a0 Sabato 30 novembre alle ore 19, il Circolo Unione ospiter\u00e0 Giuseppe Scaglione, autore de \u201cLa linea del","og_url":"https:\/\/lavocedelpaese.info\/index.php\/2024\/11\/28\/al-circolo-unione-il-30-novembre-la-linea-del-pudore-di-giuseppe-scaglione\/","og_site_name":"La Voce del Paese","article_publisher":"https:\/\/www.facebook.com\/lavocedelpaese.info","article_published_time":"2024-11-28T16:14:50+00:00","twitter_card":"summary_large_image","twitter_misc":{"Tempo di lettura stimato":"2 minuti"},"schema":{"@context":"https:\/\/schema.org","@graph":[{"@type":"Article","@id":"https:\/\/lavocedelpaese.info\/index.php\/2024\/11\/28\/al-circolo-unione-il-30-novembre-la-linea-del-pudore-di-giuseppe-scaglione\/#article","isPartOf":{"@id":"https:\/\/lavocedelpaese.info\/index.php\/2024\/11\/28\/al-circolo-unione-il-30-novembre-la-linea-del-pudore-di-giuseppe-scaglione\/"},"author":{"name":"","@id":""},"headline":"Al Circolo Unione il 30 novembre \u201cLa linea del pudore\u201d di Giuseppe Scaglione\u00a0\u200b","datePublished":"2024-11-28T16:14:50+00:00","mainEntityOfPage":{"@id":"https:\/\/lavocedelpaese.info\/index.php\/2024\/11\/28\/al-circolo-unione-il-30-novembre-la-linea-del-pudore-di-giuseppe-scaglione\/"},"wordCount":340,"commentCount":0,"publisher":{"@id":"https:\/\/lavocedelpaese.info\/#organization"},"image":{"@id":"https:\/\/lavocedelpaese.info\/index.php\/2024\/11\/28\/al-circolo-unione-il-30-novembre-la-linea-del-pudore-di-giuseppe-scaglione\/#primaryimage"},"thumbnailUrl":"https:\/\/lavocedelpaese.info\/wp-content\/uploads\/2024\/11\/9791254511800_0_536_0_75-NFGr8b.jpeg","articleSection":["network"],"inLanguage":"it-IT","potentialAction":[{"@type":"CommentAction","name":"Comment","target":["https:\/\/lavocedelpaese.info\/index.php\/2024\/11\/28\/al-circolo-unione-il-30-novembre-la-linea-del-pudore-di-giuseppe-scaglione\/#respond"]}]},{"@type":"WebPage","@id":"https:\/\/lavocedelpaese.info\/index.php\/2024\/11\/28\/al-circolo-unione-il-30-novembre-la-linea-del-pudore-di-giuseppe-scaglione\/","url":"https:\/\/lavocedelpaese.info\/index.php\/2024\/11\/28\/al-circolo-unione-il-30-novembre-la-linea-del-pudore-di-giuseppe-scaglione\/","name":"Al Circolo Unione il 30 novembre \u201cLa linea del pudore\u201d di Giuseppe Scaglione\u00a0\u200b - La Voce del Paese","isPartOf":{"@id":"https:\/\/lavocedelpaese.info\/#website"},"primaryImageOfPage":{"@id":"https:\/\/lavocedelpaese.info\/index.php\/2024\/11\/28\/al-circolo-unione-il-30-novembre-la-linea-del-pudore-di-giuseppe-scaglione\/#primaryimage"},"image":{"@id":"https:\/\/lavocedelpaese.info\/index.php\/2024\/11\/28\/al-circolo-unione-il-30-novembre-la-linea-del-pudore-di-giuseppe-scaglione\/#primaryimage"},"thumbnailUrl":"https:\/\/lavocedelpaese.info\/wp-content\/uploads\/2024\/11\/9791254511800_0_536_0_75-NFGr8b.jpeg","datePublished":"2024-11-28T16:14:50+00:00","breadcrumb":{"@id":"https:\/\/lavocedelpaese.info\/index.php\/2024\/11\/28\/al-circolo-unione-il-30-novembre-la-linea-del-pudore-di-giuseppe-scaglione\/#breadcrumb"},"inLanguage":"it-IT","potentialAction":[{"@type":"ReadAction","target":["https:\/\/lavocedelpaese.info\/index.php\/2024\/11\/28\/al-circolo-unione-il-30-novembre-la-linea-del-pudore-di-giuseppe-scaglione\/"]}]},{"@type":"ImageObject","inLanguage":"it-IT","@id":"https:\/\/lavocedelpaese.info\/index.php\/2024\/11\/28\/al-circolo-unione-il-30-novembre-la-linea-del-pudore-di-giuseppe-scaglione\/#primaryimage","url":"https:\/\/lavocedelpaese.info\/wp-content\/uploads\/2024\/11\/9791254511800_0_536_0_75-NFGr8b.jpeg","contentUrl":"https:\/\/lavocedelpaese.info\/wp-content\/uploads\/2024\/11\/9791254511800_0_536_0_75-NFGr8b.jpeg","width":536,"height":750},{"@type":"BreadcrumbList","@id":"https:\/\/lavocedelpaese.info\/index.php\/2024\/11\/28\/al-circolo-unione-il-30-novembre-la-linea-del-pudore-di-giuseppe-scaglione\/#breadcrumb","itemListElement":[{"@type":"ListItem","position":1,"name":"Home","item":"https:\/\/lavocedelpaese.info\/"},{"@type":"ListItem","position":2,"name":"Al Circolo Unione il 30 novembre \u201cLa linea del pudore\u201d di Giuseppe Scaglione\u00a0\u200b"}]},{"@type":"WebSite","@id":"https:\/\/lavocedelpaese.info\/#website","url":"https:\/\/lavocedelpaese.info\/","name":"La Voce del Paese","description":"Un network di idee","publisher":{"@id":"https:\/\/lavocedelpaese.info\/#organization"},"potentialAction":[{"@type":"SearchAction","target":{"@type":"EntryPoint","urlTemplate":"https:\/\/lavocedelpaese.info\/?s={search_term_string}"},"query-input":{"@type":"PropertyValueSpecification","valueRequired":true,"valueName":"search_term_string"}}],"inLanguage":"it-IT"},{"@type":"Organization","@id":"https:\/\/lavocedelpaese.info\/#organization","name":"La Voce del Paese","url":"https:\/\/lavocedelpaese.info\/","logo":{"@type":"ImageObject","inLanguage":"it-IT","@id":"https:\/\/lavocedelpaese.info\/#\/schema\/logo\/image\/","url":"https:\/\/lavocedelpaese.info\/wp-content\/uploads\/2023\/01\/cropped-logo-150-127.png","contentUrl":"https:\/\/lavocedelpaese.info\/wp-content\/uploads\/2023\/01\/cropped-logo-150-127.png","width":137,"height":119,"caption":"La Voce del Paese"},"image":{"@id":"https:\/\/lavocedelpaese.info\/#\/schema\/logo\/image\/"},"sameAs":["https:\/\/www.facebook.com\/lavocedelpaese.info"]}]}},"_links":{"self":[{"href":"https:\/\/lavocedelpaese.info\/index.php\/wp-json\/wp\/v2\/posts\/8400","targetHints":{"allow":["GET"]}}],"collection":[{"href":"https:\/\/lavocedelpaese.info\/index.php\/wp-json\/wp\/v2\/posts"}],"about":[{"href":"https:\/\/lavocedelpaese.info\/index.php\/wp-json\/wp\/v2\/types\/post"}],"replies":[{"embeddable":true,"href":"https:\/\/lavocedelpaese.info\/index.php\/wp-json\/wp\/v2\/comments?post=8400"}],"version-history":[{"count":0,"href":"https:\/\/lavocedelpaese.info\/index.php\/wp-json\/wp\/v2\/posts\/8400\/revisions"}],"wp:featuredmedia":[{"embeddable":true,"href":"https:\/\/lavocedelpaese.info\/index.php\/wp-json\/wp\/v2\/media\/8401"}],"wp:attachment":[{"href":"https:\/\/lavocedelpaese.info\/index.php\/wp-json\/wp\/v2\/media?parent=8400"}],"wp:term":[{"taxonomy":"category","embeddable":true,"href":"https:\/\/lavocedelpaese.info\/index.php\/wp-json\/wp\/v2\/categories?post=8400"},{"taxonomy":"post_tag","embeddable":true,"href":"https:\/\/lavocedelpaese.info\/index.php\/wp-json\/wp\/v2\/tags?post=8400"}],"curies":[{"name":"wp","href":"https:\/\/api.w.org\/{rel}","templated":true}]}}