{"id":8398,"date":"2024-11-28T07:13:54","date_gmt":"2024-11-28T07:13:54","guid":{"rendered":"https:\/\/lavocedelpaese.info\/index.php\/2024\/11\/28\/la-giornata-contro-la-violenza-sulle-donne-alliiss-pertini-anelli-pinto\/"},"modified":"2024-11-28T07:13:54","modified_gmt":"2024-11-28T07:13:54","slug":"la-giornata-contro-la-violenza-sulle-donne-alliiss-pertini-anelli-pinto","status":"publish","type":"post","link":"https:\/\/lavocedelpaese.info\/index.php\/2024\/11\/28\/la-giornata-contro-la-violenza-sulle-donne-alliiss-pertini-anelli-pinto\/","title":{"rendered":"La giornata contro la violenza sulle donne all\u2019IISS \u201cPertini Anelli Pinto\u201d\u00a0\u200b"},"content":{"rendered":"<p>\u00a0<\/p>\n<p>\u200b\u00a0<\/p>\n<p>\u200b\u00a0<\/p>\n<div><\/div>\n<p>\u201cSensibilizzare\u201d \u00e8 una parola chiave, un must, per chiunque si occupi di formare le future generazioni. In occasione della \u2018Giornata contro la violenza sulle donne\u2019 si \u00e8 svolto in seno all\u2019assemblea d\u2019Istituto dell\u2019IISS \u201cPertini Anelli Pinto\u201d un incontro con la <strong>dott.ssa<\/strong> <strong>Angela Lacitignola<\/strong> dell\u2019Associazione Sud- Est donne (responsabile dei centri antiviolenza).<\/p>\n<p>Testimonianze toccanti hanno fatto da sfondo a profonde riflessioni sulle cause della violenza di genere ed in particolare della violenza che ha come obiettivo le donne.<br \/>Dal dibattito che la sociologa ha favorito coinvolgendo i ragazzi ed invitandoli ad indagare sulle motivazioni che alimentano questo fenomeno \u00e8 emersa la consapevolezza che con grande probabilit\u00e0 \u00e8 proprio il nostro background culturale, incentrato su un modello patriarcale che vede l\u2019uomo ancora come colui che ha un ruolo preponderante e decisionale, che determina gli episodi aggressivi nei confronti delle donne che prendono in mano le proprie vite e decidono di autodeterminarsi senza chiedere l\u2019approvazione di altri. Ai ragazzi \u00e8 stato anche chiesto di ipotizzare soluzioni che potessero promuovere una maggiore accettazione del nuovo spazio che le donne stanno conquistando all\u2019interno della societ\u00e0. Tanti i contributi che sono stati offerti e che hanno sicuramento impresso un\u2019accelerazione al loro percorso di crescita ed accoglienza dell\u2019altro.<\/p>\n<p>La dott.ssa Lacitignola ha anche voluto condividere la sua difficile esperienza personale di vittima di violenza familiare. Nello specifico ha raccontato che ad esercitarla nei suoi confronti \u00e8 stato proprio suo padre. Lei per\u00f2 \u00e8 stata in grado di trasformare positivamente questa vicissitudine ed ha scelto di dedicarsi all\u2019apertura di centri di volontariato, attivi nelle province di Bari e Taranto, che supportano tutte le donne che sono vittime di abusi.<br \/>Questi centri offrono la consulenza di diverse figure specializzate: assistenti sociali, avvocatesse, psicologhe e operatrici di prima accoglienza che si prodigano per accompagnare il processo di recupero e rinascita delle donne vittime di violenza. Nell\u2019ultimo periodo il centro sta attivando percorsi di sostegno rivolti ai membri della comunit\u00e0 LGBTQ+.<\/p>\n<p>Educare all\u2019inclusione, all\u2019accoglienza e all\u2019accettazione dell\u2019altro \u00e8 un dovere imprescindibile ed ineludibile che tutta la comunit\u00e0 scolastica dell\u2019IISS \u201cPertini Anelli Pinto\u201d persegue con sensibilit\u00e0, attenzione e determinazione ogni giorno.<\/p>\n<p><a class=\"a2a_button_facebook\" href=\"https:\/\/www.addtoany.com\/add_to\/facebook?linkurl=https%3A%2F%2Fturi.lavocedelpaese.info%2Fla-giornata-contro-la-violenza-sulle-donne-alliiss-pertini-anelli-pinto%2F&amp;linkname=La%20giornata%20contro%20la%20violenza%20sulle%20donne%20all%E2%80%99IISS%20%E2%80%9CPertini%20Anelli%20Pinto%E2%80%9D\" title=\"Facebook\" rel=\"nofollow noopener\" target=\"_blank\"><\/a><a class=\"a2a_button_twitter\" href=\"https:\/\/www.addtoany.com\/add_to\/twitter?linkurl=https%3A%2F%2Fturi.lavocedelpaese.info%2Fla-giornata-contro-la-violenza-sulle-donne-alliiss-pertini-anelli-pinto%2F&amp;linkname=La%20giornata%20contro%20la%20violenza%20sulle%20donne%20all%E2%80%99IISS%20%E2%80%9CPertini%20Anelli%20Pinto%E2%80%9D\" title=\"Twitter\" rel=\"nofollow noopener\" target=\"_blank\"><\/a><a class=\"a2a_button_whatsapp\" href=\"https:\/\/www.addtoany.com\/add_to\/whatsapp?linkurl=https%3A%2F%2Fturi.lavocedelpaese.info%2Fla-giornata-contro-la-violenza-sulle-donne-alliiss-pertini-anelli-pinto%2F&amp;linkname=La%20giornata%20contro%20la%20violenza%20sulle%20donne%20all%E2%80%99IISS%20%E2%80%9CPertini%20Anelli%20Pinto%E2%80%9D\" title=\"WhatsApp\" rel=\"nofollow noopener\" target=\"_blank\"><\/a><a class=\"a2a_button_telegram\" href=\"https:\/\/www.addtoany.com\/add_to\/telegram?linkurl=https%3A%2F%2Fturi.lavocedelpaese.info%2Fla-giornata-contro-la-violenza-sulle-donne-alliiss-pertini-anelli-pinto%2F&amp;linkname=La%20giornata%20contro%20la%20violenza%20sulle%20donne%20all%E2%80%99IISS%20%E2%80%9CPertini%20Anelli%20Pinto%E2%80%9D\" title=\"Telegram\" rel=\"nofollow noopener\" target=\"_blank\"><\/a><a class=\"a2a_button_email\" href=\"https:\/\/www.addtoany.com\/add_to\/email?linkurl=https%3A%2F%2Fturi.lavocedelpaese.info%2Fla-giornata-contro-la-violenza-sulle-donne-alliiss-pertini-anelli-pinto%2F&amp;linkname=La%20giornata%20contro%20la%20violenza%20sulle%20donne%20all%E2%80%99IISS%20%E2%80%9CPertini%20Anelli%20Pinto%E2%80%9D\" title=\"Email\" rel=\"nofollow noopener\" target=\"_blank\"><\/a><\/p>\n<p>L&#8217;articolo <a href=\"https:\/\/turi.lavocedelpaese.info\/la-giornata-contro-la-violenza-sulle-donne-alliiss-pertini-anelli-pinto\/\">La giornata contro la violenza sulle donne all\u2019IISS \u201cPertini Anelli Pinto\u201d<\/a> proviene da <a href=\"https:\/\/turi.lavocedelpaese.info\/\">Turi &#8211; La Voce del Paese<\/a>.<\/p>\n<p>\u00a0<\/p>\n<p>\u00a0<\/p>\n<p>\u200b\u00a0\u00a0\u00a0<\/p>","protected":false},"excerpt":{"rendered":"<p>\u00a0 \u200b\u00a0 \u200b\u00a0 \u201cSensibilizzare\u201d \u00e8 una parola chiave, un must, per chiunque si occupi di formare le future generazioni. In<\/p>\n","protected":false},"author":0,"featured_media":730,"comment_status":"open","ping_status":"closed","sticky":false,"template":"","format":"standard","meta":{"colormag_page_container_layout":"default_layout","colormag_page_sidebar_layout":"default_layout","footnotes":""},"categories":[33],"tags":[],"class_list":["post-8398","post","type-post","status-publish","format-standard","has-post-thumbnail","hentry","category-network"],"yoast_head":"<!-- This site is optimized with the Yoast SEO plugin v27.5 - https:\/\/yoast.com\/product\/yoast-seo-wordpress\/ -->\n<title>La giornata contro la violenza sulle donne all\u2019IISS \u201cPertini Anelli Pinto\u201d\u00a0\u200b - La Voce del Paese<\/title>\n<meta name=\"robots\" content=\"index, follow, max-snippet:-1, max-image-preview:large, max-video-preview:-1\" \/>\n<link rel=\"canonical\" href=\"https:\/\/lavocedelpaese.info\/index.php\/2024\/11\/28\/la-giornata-contro-la-violenza-sulle-donne-alliiss-pertini-anelli-pinto\/\" \/>\n<meta property=\"og:locale\" content=\"it_IT\" \/>\n<meta property=\"og:type\" content=\"article\" \/>\n<meta property=\"og:title\" content=\"La giornata contro la violenza sulle donne all\u2019IISS \u201cPertini Anelli Pinto\u201d\u00a0\u200b - La Voce del Paese\" \/>\n<meta property=\"og:description\" content=\"\u00a0 \u200b\u00a0 \u200b\u00a0 \u201cSensibilizzare\u201d \u00e8 una parola chiave, un must, per chiunque si occupi di formare le future generazioni. In\" \/>\n<meta property=\"og:url\" content=\"https:\/\/lavocedelpaese.info\/index.php\/2024\/11\/28\/la-giornata-contro-la-violenza-sulle-donne-alliiss-pertini-anelli-pinto\/\" \/>\n<meta property=\"og:site_name\" content=\"La Voce del Paese\" \/>\n<meta property=\"article:publisher\" content=\"https:\/\/www.facebook.com\/lavocedelpaese.info\" \/>\n<meta property=\"article:published_time\" content=\"2024-11-28T07:13:54+00:00\" \/>\n<meta name=\"twitter:card\" content=\"summary_large_image\" \/>\n<meta name=\"twitter:label1\" content=\"Tempo di lettura stimato\" \/>\n\t<meta name=\"twitter:data1\" content=\"2 minuti\" \/>\n<script type=\"application\/ld+json\" class=\"yoast-schema-graph\">{\"@context\":\"https:\\\/\\\/schema.org\",\"@graph\":[{\"@type\":\"Article\",\"@id\":\"https:\\\/\\\/lavocedelpaese.info\\\/index.php\\\/2024\\\/11\\\/28\\\/la-giornata-contro-la-violenza-sulle-donne-alliiss-pertini-anelli-pinto\\\/#article\",\"isPartOf\":{\"@id\":\"https:\\\/\\\/lavocedelpaese.info\\\/index.php\\\/2024\\\/11\\\/28\\\/la-giornata-contro-la-violenza-sulle-donne-alliiss-pertini-anelli-pinto\\\/\"},\"author\":{\"name\":\"\",\"@id\":\"\"},\"headline\":\"La giornata contro la violenza sulle donne all\u2019IISS \u201cPertini Anelli Pinto\u201d\u00a0\u200b\",\"datePublished\":\"2024-11-28T07:13:54+00:00\",\"mainEntityOfPage\":{\"@id\":\"https:\\\/\\\/lavocedelpaese.info\\\/index.php\\\/2024\\\/11\\\/28\\\/la-giornata-contro-la-violenza-sulle-donne-alliiss-pertini-anelli-pinto\\\/\"},\"wordCount\":393,\"commentCount\":0,\"publisher\":{\"@id\":\"https:\\\/\\\/lavocedelpaese.info\\\/#organization\"},\"image\":{\"@id\":\"https:\\\/\\\/lavocedelpaese.info\\\/index.php\\\/2024\\\/11\\\/28\\\/la-giornata-contro-la-violenza-sulle-donne-alliiss-pertini-anelli-pinto\\\/#primaryimage\"},\"thumbnailUrl\":\"https:\\\/\\\/lavocedelpaese.info\\\/wp-content\\\/uploads\\\/2023\\\/01\\\/logo-150-127.png\",\"articleSection\":[\"network\"],\"inLanguage\":\"it-IT\",\"potentialAction\":[{\"@type\":\"CommentAction\",\"name\":\"Comment\",\"target\":[\"https:\\\/\\\/lavocedelpaese.info\\\/index.php\\\/2024\\\/11\\\/28\\\/la-giornata-contro-la-violenza-sulle-donne-alliiss-pertini-anelli-pinto\\\/#respond\"]}]},{\"@type\":\"WebPage\",\"@id\":\"https:\\\/\\\/lavocedelpaese.info\\\/index.php\\\/2024\\\/11\\\/28\\\/la-giornata-contro-la-violenza-sulle-donne-alliiss-pertini-anelli-pinto\\\/\",\"url\":\"https:\\\/\\\/lavocedelpaese.info\\\/index.php\\\/2024\\\/11\\\/28\\\/la-giornata-contro-la-violenza-sulle-donne-alliiss-pertini-anelli-pinto\\\/\",\"name\":\"La giornata contro la violenza sulle donne all\u2019IISS \u201cPertini Anelli Pinto\u201d\u00a0\u200b - La Voce del Paese\",\"isPartOf\":{\"@id\":\"https:\\\/\\\/lavocedelpaese.info\\\/#website\"},\"primaryImageOfPage\":{\"@id\":\"https:\\\/\\\/lavocedelpaese.info\\\/index.php\\\/2024\\\/11\\\/28\\\/la-giornata-contro-la-violenza-sulle-donne-alliiss-pertini-anelli-pinto\\\/#primaryimage\"},\"image\":{\"@id\":\"https:\\\/\\\/lavocedelpaese.info\\\/index.php\\\/2024\\\/11\\\/28\\\/la-giornata-contro-la-violenza-sulle-donne-alliiss-pertini-anelli-pinto\\\/#primaryimage\"},\"thumbnailUrl\":\"https:\\\/\\\/lavocedelpaese.info\\\/wp-content\\\/uploads\\\/2023\\\/01\\\/logo-150-127.png\",\"datePublished\":\"2024-11-28T07:13:54+00:00\",\"breadcrumb\":{\"@id\":\"https:\\\/\\\/lavocedelpaese.info\\\/index.php\\\/2024\\\/11\\\/28\\\/la-giornata-contro-la-violenza-sulle-donne-alliiss-pertini-anelli-pinto\\\/#breadcrumb\"},\"inLanguage\":\"it-IT\",\"potentialAction\":[{\"@type\":\"ReadAction\",\"target\":[\"https:\\\/\\\/lavocedelpaese.info\\\/index.php\\\/2024\\\/11\\\/28\\\/la-giornata-contro-la-violenza-sulle-donne-alliiss-pertini-anelli-pinto\\\/\"]}]},{\"@type\":\"ImageObject\",\"inLanguage\":\"it-IT\",\"@id\":\"https:\\\/\\\/lavocedelpaese.info\\\/index.php\\\/2024\\\/11\\\/28\\\/la-giornata-contro-la-violenza-sulle-donne-alliiss-pertini-anelli-pinto\\\/#primaryimage\",\"url\":\"https:\\\/\\\/lavocedelpaese.info\\\/wp-content\\\/uploads\\\/2023\\\/01\\\/logo-150-127.png\",\"contentUrl\":\"https:\\\/\\\/lavocedelpaese.info\\\/wp-content\\\/uploads\\\/2023\\\/01\\\/logo-150-127.png\",\"width\":150,\"height\":127},{\"@type\":\"BreadcrumbList\",\"@id\":\"https:\\\/\\\/lavocedelpaese.info\\\/index.php\\\/2024\\\/11\\\/28\\\/la-giornata-contro-la-violenza-sulle-donne-alliiss-pertini-anelli-pinto\\\/#breadcrumb\",\"itemListElement\":[{\"@type\":\"ListItem\",\"position\":1,\"name\":\"Home\",\"item\":\"https:\\\/\\\/lavocedelpaese.info\\\/\"},{\"@type\":\"ListItem\",\"position\":2,\"name\":\"La giornata contro la violenza sulle donne all\u2019IISS \u201cPertini Anelli Pinto\u201d\u00a0\u200b\"}]},{\"@type\":\"WebSite\",\"@id\":\"https:\\\/\\\/lavocedelpaese.info\\\/#website\",\"url\":\"https:\\\/\\\/lavocedelpaese.info\\\/\",\"name\":\"La Voce del Paese\",\"description\":\"Un network di idee\",\"publisher\":{\"@id\":\"https:\\\/\\\/lavocedelpaese.info\\\/#organization\"},\"potentialAction\":[{\"@type\":\"SearchAction\",\"target\":{\"@type\":\"EntryPoint\",\"urlTemplate\":\"https:\\\/\\\/lavocedelpaese.info\\\/?s={search_term_string}\"},\"query-input\":{\"@type\":\"PropertyValueSpecification\",\"valueRequired\":true,\"valueName\":\"search_term_string\"}}],\"inLanguage\":\"it-IT\"},{\"@type\":\"Organization\",\"@id\":\"https:\\\/\\\/lavocedelpaese.info\\\/#organization\",\"name\":\"La Voce del Paese\",\"url\":\"https:\\\/\\\/lavocedelpaese.info\\\/\",\"logo\":{\"@type\":\"ImageObject\",\"inLanguage\":\"it-IT\",\"@id\":\"https:\\\/\\\/lavocedelpaese.info\\\/#\\\/schema\\\/logo\\\/image\\\/\",\"url\":\"https:\\\/\\\/lavocedelpaese.info\\\/wp-content\\\/uploads\\\/2023\\\/01\\\/cropped-logo-150-127.png\",\"contentUrl\":\"https:\\\/\\\/lavocedelpaese.info\\\/wp-content\\\/uploads\\\/2023\\\/01\\\/cropped-logo-150-127.png\",\"width\":137,\"height\":119,\"caption\":\"La Voce del Paese\"},\"image\":{\"@id\":\"https:\\\/\\\/lavocedelpaese.info\\\/#\\\/schema\\\/logo\\\/image\\\/\"},\"sameAs\":[\"https:\\\/\\\/www.facebook.com\\\/lavocedelpaese.info\"]}]}<\/script>\n<!-- \/ Yoast SEO plugin. -->","yoast_head_json":{"title":"La giornata contro la violenza sulle donne all\u2019IISS \u201cPertini Anelli Pinto\u201d\u00a0\u200b - La Voce del Paese","robots":{"index":"index","follow":"follow","max-snippet":"max-snippet:-1","max-image-preview":"max-image-preview:large","max-video-preview":"max-video-preview:-1"},"canonical":"https:\/\/lavocedelpaese.info\/index.php\/2024\/11\/28\/la-giornata-contro-la-violenza-sulle-donne-alliiss-pertini-anelli-pinto\/","og_locale":"it_IT","og_type":"article","og_title":"La giornata contro la violenza sulle donne all\u2019IISS \u201cPertini Anelli Pinto\u201d\u00a0\u200b - La Voce del Paese","og_description":"\u00a0 \u200b\u00a0 \u200b\u00a0 \u201cSensibilizzare\u201d \u00e8 una parola chiave, un must, per chiunque si occupi di formare le future generazioni. In","og_url":"https:\/\/lavocedelpaese.info\/index.php\/2024\/11\/28\/la-giornata-contro-la-violenza-sulle-donne-alliiss-pertini-anelli-pinto\/","og_site_name":"La Voce del Paese","article_publisher":"https:\/\/www.facebook.com\/lavocedelpaese.info","article_published_time":"2024-11-28T07:13:54+00:00","twitter_card":"summary_large_image","twitter_misc":{"Tempo di lettura stimato":"2 minuti"},"schema":{"@context":"https:\/\/schema.org","@graph":[{"@type":"Article","@id":"https:\/\/lavocedelpaese.info\/index.php\/2024\/11\/28\/la-giornata-contro-la-violenza-sulle-donne-alliiss-pertini-anelli-pinto\/#article","isPartOf":{"@id":"https:\/\/lavocedelpaese.info\/index.php\/2024\/11\/28\/la-giornata-contro-la-violenza-sulle-donne-alliiss-pertini-anelli-pinto\/"},"author":{"name":"","@id":""},"headline":"La giornata contro la violenza sulle donne all\u2019IISS \u201cPertini Anelli Pinto\u201d\u00a0\u200b","datePublished":"2024-11-28T07:13:54+00:00","mainEntityOfPage":{"@id":"https:\/\/lavocedelpaese.info\/index.php\/2024\/11\/28\/la-giornata-contro-la-violenza-sulle-donne-alliiss-pertini-anelli-pinto\/"},"wordCount":393,"commentCount":0,"publisher":{"@id":"https:\/\/lavocedelpaese.info\/#organization"},"image":{"@id":"https:\/\/lavocedelpaese.info\/index.php\/2024\/11\/28\/la-giornata-contro-la-violenza-sulle-donne-alliiss-pertini-anelli-pinto\/#primaryimage"},"thumbnailUrl":"https:\/\/lavocedelpaese.info\/wp-content\/uploads\/2023\/01\/logo-150-127.png","articleSection":["network"],"inLanguage":"it-IT","potentialAction":[{"@type":"CommentAction","name":"Comment","target":["https:\/\/lavocedelpaese.info\/index.php\/2024\/11\/28\/la-giornata-contro-la-violenza-sulle-donne-alliiss-pertini-anelli-pinto\/#respond"]}]},{"@type":"WebPage","@id":"https:\/\/lavocedelpaese.info\/index.php\/2024\/11\/28\/la-giornata-contro-la-violenza-sulle-donne-alliiss-pertini-anelli-pinto\/","url":"https:\/\/lavocedelpaese.info\/index.php\/2024\/11\/28\/la-giornata-contro-la-violenza-sulle-donne-alliiss-pertini-anelli-pinto\/","name":"La giornata contro la violenza sulle donne all\u2019IISS \u201cPertini Anelli Pinto\u201d\u00a0\u200b - La Voce del Paese","isPartOf":{"@id":"https:\/\/lavocedelpaese.info\/#website"},"primaryImageOfPage":{"@id":"https:\/\/lavocedelpaese.info\/index.php\/2024\/11\/28\/la-giornata-contro-la-violenza-sulle-donne-alliiss-pertini-anelli-pinto\/#primaryimage"},"image":{"@id":"https:\/\/lavocedelpaese.info\/index.php\/2024\/11\/28\/la-giornata-contro-la-violenza-sulle-donne-alliiss-pertini-anelli-pinto\/#primaryimage"},"thumbnailUrl":"https:\/\/lavocedelpaese.info\/wp-content\/uploads\/2023\/01\/logo-150-127.png","datePublished":"2024-11-28T07:13:54+00:00","breadcrumb":{"@id":"https:\/\/lavocedelpaese.info\/index.php\/2024\/11\/28\/la-giornata-contro-la-violenza-sulle-donne-alliiss-pertini-anelli-pinto\/#breadcrumb"},"inLanguage":"it-IT","potentialAction":[{"@type":"ReadAction","target":["https:\/\/lavocedelpaese.info\/index.php\/2024\/11\/28\/la-giornata-contro-la-violenza-sulle-donne-alliiss-pertini-anelli-pinto\/"]}]},{"@type":"ImageObject","inLanguage":"it-IT","@id":"https:\/\/lavocedelpaese.info\/index.php\/2024\/11\/28\/la-giornata-contro-la-violenza-sulle-donne-alliiss-pertini-anelli-pinto\/#primaryimage","url":"https:\/\/lavocedelpaese.info\/wp-content\/uploads\/2023\/01\/logo-150-127.png","contentUrl":"https:\/\/lavocedelpaese.info\/wp-content\/uploads\/2023\/01\/logo-150-127.png","width":150,"height":127},{"@type":"BreadcrumbList","@id":"https:\/\/lavocedelpaese.info\/index.php\/2024\/11\/28\/la-giornata-contro-la-violenza-sulle-donne-alliiss-pertini-anelli-pinto\/#breadcrumb","itemListElement":[{"@type":"ListItem","position":1,"name":"Home","item":"https:\/\/lavocedelpaese.info\/"},{"@type":"ListItem","position":2,"name":"La giornata contro la violenza sulle donne all\u2019IISS \u201cPertini Anelli Pinto\u201d\u00a0\u200b"}]},{"@type":"WebSite","@id":"https:\/\/lavocedelpaese.info\/#website","url":"https:\/\/lavocedelpaese.info\/","name":"La Voce del Paese","description":"Un network di idee","publisher":{"@id":"https:\/\/lavocedelpaese.info\/#organization"},"potentialAction":[{"@type":"SearchAction","target":{"@type":"EntryPoint","urlTemplate":"https:\/\/lavocedelpaese.info\/?s={search_term_string}"},"query-input":{"@type":"PropertyValueSpecification","valueRequired":true,"valueName":"search_term_string"}}],"inLanguage":"it-IT"},{"@type":"Organization","@id":"https:\/\/lavocedelpaese.info\/#organization","name":"La Voce del Paese","url":"https:\/\/lavocedelpaese.info\/","logo":{"@type":"ImageObject","inLanguage":"it-IT","@id":"https:\/\/lavocedelpaese.info\/#\/schema\/logo\/image\/","url":"https:\/\/lavocedelpaese.info\/wp-content\/uploads\/2023\/01\/cropped-logo-150-127.png","contentUrl":"https:\/\/lavocedelpaese.info\/wp-content\/uploads\/2023\/01\/cropped-logo-150-127.png","width":137,"height":119,"caption":"La Voce del Paese"},"image":{"@id":"https:\/\/lavocedelpaese.info\/#\/schema\/logo\/image\/"},"sameAs":["https:\/\/www.facebook.com\/lavocedelpaese.info"]}]}},"_links":{"self":[{"href":"https:\/\/lavocedelpaese.info\/index.php\/wp-json\/wp\/v2\/posts\/8398","targetHints":{"allow":["GET"]}}],"collection":[{"href":"https:\/\/lavocedelpaese.info\/index.php\/wp-json\/wp\/v2\/posts"}],"about":[{"href":"https:\/\/lavocedelpaese.info\/index.php\/wp-json\/wp\/v2\/types\/post"}],"replies":[{"embeddable":true,"href":"https:\/\/lavocedelpaese.info\/index.php\/wp-json\/wp\/v2\/comments?post=8398"}],"version-history":[{"count":0,"href":"https:\/\/lavocedelpaese.info\/index.php\/wp-json\/wp\/v2\/posts\/8398\/revisions"}],"wp:featuredmedia":[{"embeddable":true,"href":"https:\/\/lavocedelpaese.info\/index.php\/wp-json\/wp\/v2\/media\/730"}],"wp:attachment":[{"href":"https:\/\/lavocedelpaese.info\/index.php\/wp-json\/wp\/v2\/media?parent=8398"}],"wp:term":[{"taxonomy":"category","embeddable":true,"href":"https:\/\/lavocedelpaese.info\/index.php\/wp-json\/wp\/v2\/categories?post=8398"},{"taxonomy":"post_tag","embeddable":true,"href":"https:\/\/lavocedelpaese.info\/index.php\/wp-json\/wp\/v2\/tags?post=8398"}],"curies":[{"name":"wp","href":"https:\/\/api.w.org\/{rel}","templated":true}]}}