{"id":8389,"date":"2024-11-26T13:15:29","date_gmt":"2024-11-26T13:15:29","guid":{"rendered":"https:\/\/lavocedelpaese.info\/index.php\/2024\/11\/26\/basket-come-va-il-campionato-di-brindisi-e-nardo\/"},"modified":"2024-11-26T13:15:29","modified_gmt":"2024-11-26T13:15:29","slug":"basket-come-va-il-campionato-di-brindisi-e-nardo","status":"publish","type":"post","link":"https:\/\/lavocedelpaese.info\/index.php\/2024\/11\/26\/basket-come-va-il-campionato-di-brindisi-e-nardo\/","title":{"rendered":"Basket, come va il campionato di Brindisi e Nard\u00f2\u00a0\u200b"},"content":{"rendered":"<p>\u00a0<\/p>\n<p>\u200b\u00a0<\/p>\n<p>\u200b\u00a0<\/p>\n<div><\/div>\n<p>Il campionato A2 di basket si dimostra estremamente equilibrato nella stagione 2024\/2025: dopo 8 partite disputate, le prime 5 squadre del torneo sono distanti solo una manciata di punti. La Rinascita Basket Rimi \u00e8 saldamente prima in classifica con 14 punti conquistati fino ad ora, segue il gruppo compatto con roster dai valori molto simili tra loro: <strong>Cividale<\/strong>, <strong>Cant\u00f9<\/strong>, <strong>Udine<\/strong> e <strong>Real Sebastiani<\/strong>, tutte a 12 punti e ampiamente in corsa per giocarsi i playoff a fine stagione. Tra queste compagini non si trovano il Brindisi e il Nard\u00f2. Ad aver deluso fino ad ora \u00e8 soprattutto la prima. Secondo chi conosce il mondo dei pronostici, chi sa <a href=\"https:\/\/sports.bwin.it\/it\/news\/guida-scommesse\/calcolo-quote-scommesse-metodo\" target=\"_blank\" rel=\"noreferrer noopener\">come funzionano le quote per le scommesse sullo sport<\/a> ed \u00e8 appassionato di previsioni sugli eventi sportivi, la squadra pugliese \u00e8 ben al di sotto di quello che era il rendimento prospettato ad inizio campionato. L\u2019allenatore Piero Bucchi ha guidato i pugliesi solo in una vittoria fino a questo momento, quella arrivata contro la Pallacanestro Forl\u00ec (per 82 a 63 punti). Le restanti sfide sono terminate tutte con una sconfitta per i pugliesi. L\u2019esordio con l\u2019Avellino si \u00e8 chiuso con uno svantaggio di 4 punti rispetto ai campani, seguono i ko contro <strong>Cividale<\/strong>, <strong>Cant\u00f9<\/strong>, <strong>Torino<\/strong>, <strong>Real Sebastiani<\/strong>, <strong>Nard\u00f2<\/strong> e <strong>Cento<\/strong>. Se in alcuni di questi la sconfitta \u00e8 stata di pochi punti, nel complesso questo rendimento non pu\u00f2 soddisfare i pugliesi. Il Brindisi, infatti, si colloca al penultimo posto in classifica dopo 8 giornate, davanti solo al Piacenza.<\/p>\n<p>Diverso \u00e8 il discorso per il Nard\u00f2, che ha affrontato le prime otto partite ottenendo alcune vittorie chiave e dimostrando di poter essere competitivo contro chiunque. Volendo per\u00f2 fare un\u2019analisi degli aspetti che sono venuti meno, \u00e8 impossibile non notare la mancanza di costanza durante tutta la durata dell\u2019incontro. Anche la difesa si \u00e8 rivelata un punto su cui lavorare, in particolare nelle gare esterne, dove il rendimento ha avuto picchi e cali significativi. Al momento il Nard\u00f2 si trova in una posizione di classifica in cui il cammino verso i playoff sembra alla portata, ma sar\u00e0 necessario mantenere e migliorare la stabilit\u00e0 per ottenere una posizione favorevole anche nella seconda met\u00e0 della stagione. Gli obiettivi iniziali restano quelli gi\u00e0 noti, consolidare il posto in A2 e puntare ai playoff restano attuali e giudicati alla portata. Nel match d\u2019esordio il roster allenato da Luca Dalmonte \u00e8 uscito sconfitto contro il <strong>Pesaro<\/strong> e il ko \u00e8 arrivato anche nella sfida contro <strong>Udine<\/strong>. Non \u00e8 andata meglio in occasione della terza giornata, quando in casa non sono riusciti ad imporsi sul <strong>JuV\u00ec<\/strong>. \u00c8 servito attendere il quarto turno per trovare la prima vittoria contro la <strong>Libertas Livorno<\/strong>, con uno scarto di punti piuttosto ampio (82 a 71). La costanza \u00e8 per\u00f2 mancata nel match successivo, quando non sono riusciti ad imporsi sul Vigevano. Un nuovo successo <a href=\"https:\/\/www.today.it\/sport\/basket\/lnp-seriea2-hdl-nardo-scrive-la-storia-battuta-con-un-incredibile-ultimo-quarto-la-fortitudo.html\" target=\"_blank\" rel=\"noreferrer noopener\">\u00e8 invece arrivato<\/a> in casa contro la <strong>Fortitudo Bologna<\/strong>, una sfida dal sapore storico considerando la differenza tecnica tra le due squadre. A questo trionfo \u00e8 seguito il successo proprio sul <strong>Brindisi<\/strong>. L\u2019ottava giornata \u00e8 coincisa con la terza vittoria consecutiva per il Nard\u00f2, vincitore contro la Real Sebastiani.<\/p>\n<p><a class=\"a2a_button_facebook\" href=\"https:\/\/www.addtoany.com\/add_to\/facebook?linkurl=https%3A%2F%2Fturi.lavocedelpaese.info%2Fbasket-come-va-il-campionato-di-brindisi-e-nardo%2F&amp;linkname=Basket%2C%20come%20va%20il%20campionato%20di%20Brindisi%20e%20Nard%C3%B2\" title=\"Facebook\" rel=\"nofollow noopener\" target=\"_blank\"><\/a><a class=\"a2a_button_twitter\" href=\"https:\/\/www.addtoany.com\/add_to\/twitter?linkurl=https%3A%2F%2Fturi.lavocedelpaese.info%2Fbasket-come-va-il-campionato-di-brindisi-e-nardo%2F&amp;linkname=Basket%2C%20come%20va%20il%20campionato%20di%20Brindisi%20e%20Nard%C3%B2\" title=\"Twitter\" rel=\"nofollow noopener\" target=\"_blank\"><\/a><a class=\"a2a_button_whatsapp\" href=\"https:\/\/www.addtoany.com\/add_to\/whatsapp?linkurl=https%3A%2F%2Fturi.lavocedelpaese.info%2Fbasket-come-va-il-campionato-di-brindisi-e-nardo%2F&amp;linkname=Basket%2C%20come%20va%20il%20campionato%20di%20Brindisi%20e%20Nard%C3%B2\" title=\"WhatsApp\" rel=\"nofollow noopener\" target=\"_blank\"><\/a><a class=\"a2a_button_telegram\" href=\"https:\/\/www.addtoany.com\/add_to\/telegram?linkurl=https%3A%2F%2Fturi.lavocedelpaese.info%2Fbasket-come-va-il-campionato-di-brindisi-e-nardo%2F&amp;linkname=Basket%2C%20come%20va%20il%20campionato%20di%20Brindisi%20e%20Nard%C3%B2\" title=\"Telegram\" rel=\"nofollow noopener\" target=\"_blank\"><\/a><a class=\"a2a_button_email\" href=\"https:\/\/www.addtoany.com\/add_to\/email?linkurl=https%3A%2F%2Fturi.lavocedelpaese.info%2Fbasket-come-va-il-campionato-di-brindisi-e-nardo%2F&amp;linkname=Basket%2C%20come%20va%20il%20campionato%20di%20Brindisi%20e%20Nard%C3%B2\" title=\"Email\" rel=\"nofollow noopener\" target=\"_blank\"><\/a><\/p>\n<p>L&#8217;articolo <a href=\"https:\/\/turi.lavocedelpaese.info\/basket-come-va-il-campionato-di-brindisi-e-nardo\/\">Basket, come va il campionato di Brindisi e Nard\u00f2<\/a> proviene da <a href=\"https:\/\/turi.lavocedelpaese.info\/\">Turi &#8211; La Voce del Paese<\/a>.<\/p>\n<p>\u00a0<\/p>\n<p>\u00a0<\/p>\n<p>\u200b\u00a0\u00a0\u00a0<\/p>","protected":false},"excerpt":{"rendered":"<p>\u00a0 \u200b\u00a0 \u200b\u00a0 Il campionato A2 di basket si dimostra estremamente equilibrato nella stagione 2024\/2025: dopo 8 partite disputate, le<\/p>\n","protected":false},"author":0,"featured_media":730,"comment_status":"open","ping_status":"closed","sticky":false,"template":"","format":"standard","meta":{"colormag_page_container_layout":"default_layout","colormag_page_sidebar_layout":"default_layout","footnotes":""},"categories":[33],"tags":[],"class_list":["post-8389","post","type-post","status-publish","format-standard","has-post-thumbnail","hentry","category-network"],"yoast_head":"<!-- This site is optimized with the Yoast SEO plugin v27.5 - https:\/\/yoast.com\/product\/yoast-seo-wordpress\/ -->\n<title>Basket, come va il campionato di Brindisi e Nard\u00f2\u00a0\u200b - La Voce del Paese<\/title>\n<meta name=\"robots\" content=\"index, follow, max-snippet:-1, max-image-preview:large, max-video-preview:-1\" \/>\n<link rel=\"canonical\" href=\"https:\/\/lavocedelpaese.info\/index.php\/2024\/11\/26\/basket-come-va-il-campionato-di-brindisi-e-nardo\/\" \/>\n<meta property=\"og:locale\" content=\"it_IT\" \/>\n<meta property=\"og:type\" content=\"article\" \/>\n<meta property=\"og:title\" content=\"Basket, come va il campionato di Brindisi e Nard\u00f2\u00a0\u200b - La Voce del Paese\" \/>\n<meta property=\"og:description\" content=\"\u00a0 \u200b\u00a0 \u200b\u00a0 Il campionato A2 di basket si dimostra estremamente equilibrato nella stagione 2024\/2025: dopo 8 partite disputate, le\" \/>\n<meta property=\"og:url\" content=\"https:\/\/lavocedelpaese.info\/index.php\/2024\/11\/26\/basket-come-va-il-campionato-di-brindisi-e-nardo\/\" \/>\n<meta property=\"og:site_name\" content=\"La Voce del Paese\" \/>\n<meta property=\"article:publisher\" content=\"https:\/\/www.facebook.com\/lavocedelpaese.info\" \/>\n<meta property=\"article:published_time\" content=\"2024-11-26T13:15:29+00:00\" \/>\n<meta name=\"twitter:card\" content=\"summary_large_image\" \/>\n<meta name=\"twitter:label1\" content=\"Tempo di lettura stimato\" \/>\n\t<meta name=\"twitter:data1\" content=\"3 minuti\" \/>\n<script type=\"application\/ld+json\" class=\"yoast-schema-graph\">{\"@context\":\"https:\\\/\\\/schema.org\",\"@graph\":[{\"@type\":\"Article\",\"@id\":\"https:\\\/\\\/lavocedelpaese.info\\\/index.php\\\/2024\\\/11\\\/26\\\/basket-come-va-il-campionato-di-brindisi-e-nardo\\\/#article\",\"isPartOf\":{\"@id\":\"https:\\\/\\\/lavocedelpaese.info\\\/index.php\\\/2024\\\/11\\\/26\\\/basket-come-va-il-campionato-di-brindisi-e-nardo\\\/\"},\"author\":{\"name\":\"\",\"@id\":\"\"},\"headline\":\"Basket, come va il campionato di Brindisi e Nard\u00f2\u00a0\u200b\",\"datePublished\":\"2024-11-26T13:15:29+00:00\",\"mainEntityOfPage\":{\"@id\":\"https:\\\/\\\/lavocedelpaese.info\\\/index.php\\\/2024\\\/11\\\/26\\\/basket-come-va-il-campionato-di-brindisi-e-nardo\\\/\"},\"wordCount\":526,\"commentCount\":0,\"publisher\":{\"@id\":\"https:\\\/\\\/lavocedelpaese.info\\\/#organization\"},\"image\":{\"@id\":\"https:\\\/\\\/lavocedelpaese.info\\\/index.php\\\/2024\\\/11\\\/26\\\/basket-come-va-il-campionato-di-brindisi-e-nardo\\\/#primaryimage\"},\"thumbnailUrl\":\"https:\\\/\\\/lavocedelpaese.info\\\/wp-content\\\/uploads\\\/2023\\\/01\\\/logo-150-127.png\",\"articleSection\":[\"network\"],\"inLanguage\":\"it-IT\",\"potentialAction\":[{\"@type\":\"CommentAction\",\"name\":\"Comment\",\"target\":[\"https:\\\/\\\/lavocedelpaese.info\\\/index.php\\\/2024\\\/11\\\/26\\\/basket-come-va-il-campionato-di-brindisi-e-nardo\\\/#respond\"]}]},{\"@type\":\"WebPage\",\"@id\":\"https:\\\/\\\/lavocedelpaese.info\\\/index.php\\\/2024\\\/11\\\/26\\\/basket-come-va-il-campionato-di-brindisi-e-nardo\\\/\",\"url\":\"https:\\\/\\\/lavocedelpaese.info\\\/index.php\\\/2024\\\/11\\\/26\\\/basket-come-va-il-campionato-di-brindisi-e-nardo\\\/\",\"name\":\"Basket, come va il campionato di Brindisi e Nard\u00f2\u00a0\u200b - La Voce del Paese\",\"isPartOf\":{\"@id\":\"https:\\\/\\\/lavocedelpaese.info\\\/#website\"},\"primaryImageOfPage\":{\"@id\":\"https:\\\/\\\/lavocedelpaese.info\\\/index.php\\\/2024\\\/11\\\/26\\\/basket-come-va-il-campionato-di-brindisi-e-nardo\\\/#primaryimage\"},\"image\":{\"@id\":\"https:\\\/\\\/lavocedelpaese.info\\\/index.php\\\/2024\\\/11\\\/26\\\/basket-come-va-il-campionato-di-brindisi-e-nardo\\\/#primaryimage\"},\"thumbnailUrl\":\"https:\\\/\\\/lavocedelpaese.info\\\/wp-content\\\/uploads\\\/2023\\\/01\\\/logo-150-127.png\",\"datePublished\":\"2024-11-26T13:15:29+00:00\",\"breadcrumb\":{\"@id\":\"https:\\\/\\\/lavocedelpaese.info\\\/index.php\\\/2024\\\/11\\\/26\\\/basket-come-va-il-campionato-di-brindisi-e-nardo\\\/#breadcrumb\"},\"inLanguage\":\"it-IT\",\"potentialAction\":[{\"@type\":\"ReadAction\",\"target\":[\"https:\\\/\\\/lavocedelpaese.info\\\/index.php\\\/2024\\\/11\\\/26\\\/basket-come-va-il-campionato-di-brindisi-e-nardo\\\/\"]}]},{\"@type\":\"ImageObject\",\"inLanguage\":\"it-IT\",\"@id\":\"https:\\\/\\\/lavocedelpaese.info\\\/index.php\\\/2024\\\/11\\\/26\\\/basket-come-va-il-campionato-di-brindisi-e-nardo\\\/#primaryimage\",\"url\":\"https:\\\/\\\/lavocedelpaese.info\\\/wp-content\\\/uploads\\\/2023\\\/01\\\/logo-150-127.png\",\"contentUrl\":\"https:\\\/\\\/lavocedelpaese.info\\\/wp-content\\\/uploads\\\/2023\\\/01\\\/logo-150-127.png\",\"width\":150,\"height\":127},{\"@type\":\"BreadcrumbList\",\"@id\":\"https:\\\/\\\/lavocedelpaese.info\\\/index.php\\\/2024\\\/11\\\/26\\\/basket-come-va-il-campionato-di-brindisi-e-nardo\\\/#breadcrumb\",\"itemListElement\":[{\"@type\":\"ListItem\",\"position\":1,\"name\":\"Home\",\"item\":\"https:\\\/\\\/lavocedelpaese.info\\\/\"},{\"@type\":\"ListItem\",\"position\":2,\"name\":\"Basket, come va il campionato di Brindisi e Nard\u00f2\u00a0\u200b\"}]},{\"@type\":\"WebSite\",\"@id\":\"https:\\\/\\\/lavocedelpaese.info\\\/#website\",\"url\":\"https:\\\/\\\/lavocedelpaese.info\\\/\",\"name\":\"La Voce del Paese\",\"description\":\"Un network di idee\",\"publisher\":{\"@id\":\"https:\\\/\\\/lavocedelpaese.info\\\/#organization\"},\"potentialAction\":[{\"@type\":\"SearchAction\",\"target\":{\"@type\":\"EntryPoint\",\"urlTemplate\":\"https:\\\/\\\/lavocedelpaese.info\\\/?s={search_term_string}\"},\"query-input\":{\"@type\":\"PropertyValueSpecification\",\"valueRequired\":true,\"valueName\":\"search_term_string\"}}],\"inLanguage\":\"it-IT\"},{\"@type\":\"Organization\",\"@id\":\"https:\\\/\\\/lavocedelpaese.info\\\/#organization\",\"name\":\"La Voce del Paese\",\"url\":\"https:\\\/\\\/lavocedelpaese.info\\\/\",\"logo\":{\"@type\":\"ImageObject\",\"inLanguage\":\"it-IT\",\"@id\":\"https:\\\/\\\/lavocedelpaese.info\\\/#\\\/schema\\\/logo\\\/image\\\/\",\"url\":\"https:\\\/\\\/lavocedelpaese.info\\\/wp-content\\\/uploads\\\/2023\\\/01\\\/cropped-logo-150-127.png\",\"contentUrl\":\"https:\\\/\\\/lavocedelpaese.info\\\/wp-content\\\/uploads\\\/2023\\\/01\\\/cropped-logo-150-127.png\",\"width\":137,\"height\":119,\"caption\":\"La Voce del Paese\"},\"image\":{\"@id\":\"https:\\\/\\\/lavocedelpaese.info\\\/#\\\/schema\\\/logo\\\/image\\\/\"},\"sameAs\":[\"https:\\\/\\\/www.facebook.com\\\/lavocedelpaese.info\"]}]}<\/script>\n<!-- \/ Yoast SEO plugin. -->","yoast_head_json":{"title":"Basket, come va il campionato di Brindisi e Nard\u00f2\u00a0\u200b - La Voce del Paese","robots":{"index":"index","follow":"follow","max-snippet":"max-snippet:-1","max-image-preview":"max-image-preview:large","max-video-preview":"max-video-preview:-1"},"canonical":"https:\/\/lavocedelpaese.info\/index.php\/2024\/11\/26\/basket-come-va-il-campionato-di-brindisi-e-nardo\/","og_locale":"it_IT","og_type":"article","og_title":"Basket, come va il campionato di Brindisi e Nard\u00f2\u00a0\u200b - La Voce del Paese","og_description":"\u00a0 \u200b\u00a0 \u200b\u00a0 Il campionato A2 di basket si dimostra estremamente equilibrato nella stagione 2024\/2025: dopo 8 partite disputate, le","og_url":"https:\/\/lavocedelpaese.info\/index.php\/2024\/11\/26\/basket-come-va-il-campionato-di-brindisi-e-nardo\/","og_site_name":"La Voce del Paese","article_publisher":"https:\/\/www.facebook.com\/lavocedelpaese.info","article_published_time":"2024-11-26T13:15:29+00:00","twitter_card":"summary_large_image","twitter_misc":{"Tempo di lettura stimato":"3 minuti"},"schema":{"@context":"https:\/\/schema.org","@graph":[{"@type":"Article","@id":"https:\/\/lavocedelpaese.info\/index.php\/2024\/11\/26\/basket-come-va-il-campionato-di-brindisi-e-nardo\/#article","isPartOf":{"@id":"https:\/\/lavocedelpaese.info\/index.php\/2024\/11\/26\/basket-come-va-il-campionato-di-brindisi-e-nardo\/"},"author":{"name":"","@id":""},"headline":"Basket, come va il campionato di Brindisi e Nard\u00f2\u00a0\u200b","datePublished":"2024-11-26T13:15:29+00:00","mainEntityOfPage":{"@id":"https:\/\/lavocedelpaese.info\/index.php\/2024\/11\/26\/basket-come-va-il-campionato-di-brindisi-e-nardo\/"},"wordCount":526,"commentCount":0,"publisher":{"@id":"https:\/\/lavocedelpaese.info\/#organization"},"image":{"@id":"https:\/\/lavocedelpaese.info\/index.php\/2024\/11\/26\/basket-come-va-il-campionato-di-brindisi-e-nardo\/#primaryimage"},"thumbnailUrl":"https:\/\/lavocedelpaese.info\/wp-content\/uploads\/2023\/01\/logo-150-127.png","articleSection":["network"],"inLanguage":"it-IT","potentialAction":[{"@type":"CommentAction","name":"Comment","target":["https:\/\/lavocedelpaese.info\/index.php\/2024\/11\/26\/basket-come-va-il-campionato-di-brindisi-e-nardo\/#respond"]}]},{"@type":"WebPage","@id":"https:\/\/lavocedelpaese.info\/index.php\/2024\/11\/26\/basket-come-va-il-campionato-di-brindisi-e-nardo\/","url":"https:\/\/lavocedelpaese.info\/index.php\/2024\/11\/26\/basket-come-va-il-campionato-di-brindisi-e-nardo\/","name":"Basket, come va il campionato di Brindisi e Nard\u00f2\u00a0\u200b - La Voce del Paese","isPartOf":{"@id":"https:\/\/lavocedelpaese.info\/#website"},"primaryImageOfPage":{"@id":"https:\/\/lavocedelpaese.info\/index.php\/2024\/11\/26\/basket-come-va-il-campionato-di-brindisi-e-nardo\/#primaryimage"},"image":{"@id":"https:\/\/lavocedelpaese.info\/index.php\/2024\/11\/26\/basket-come-va-il-campionato-di-brindisi-e-nardo\/#primaryimage"},"thumbnailUrl":"https:\/\/lavocedelpaese.info\/wp-content\/uploads\/2023\/01\/logo-150-127.png","datePublished":"2024-11-26T13:15:29+00:00","breadcrumb":{"@id":"https:\/\/lavocedelpaese.info\/index.php\/2024\/11\/26\/basket-come-va-il-campionato-di-brindisi-e-nardo\/#breadcrumb"},"inLanguage":"it-IT","potentialAction":[{"@type":"ReadAction","target":["https:\/\/lavocedelpaese.info\/index.php\/2024\/11\/26\/basket-come-va-il-campionato-di-brindisi-e-nardo\/"]}]},{"@type":"ImageObject","inLanguage":"it-IT","@id":"https:\/\/lavocedelpaese.info\/index.php\/2024\/11\/26\/basket-come-va-il-campionato-di-brindisi-e-nardo\/#primaryimage","url":"https:\/\/lavocedelpaese.info\/wp-content\/uploads\/2023\/01\/logo-150-127.png","contentUrl":"https:\/\/lavocedelpaese.info\/wp-content\/uploads\/2023\/01\/logo-150-127.png","width":150,"height":127},{"@type":"BreadcrumbList","@id":"https:\/\/lavocedelpaese.info\/index.php\/2024\/11\/26\/basket-come-va-il-campionato-di-brindisi-e-nardo\/#breadcrumb","itemListElement":[{"@type":"ListItem","position":1,"name":"Home","item":"https:\/\/lavocedelpaese.info\/"},{"@type":"ListItem","position":2,"name":"Basket, come va il campionato di Brindisi e Nard\u00f2\u00a0\u200b"}]},{"@type":"WebSite","@id":"https:\/\/lavocedelpaese.info\/#website","url":"https:\/\/lavocedelpaese.info\/","name":"La Voce del Paese","description":"Un network di idee","publisher":{"@id":"https:\/\/lavocedelpaese.info\/#organization"},"potentialAction":[{"@type":"SearchAction","target":{"@type":"EntryPoint","urlTemplate":"https:\/\/lavocedelpaese.info\/?s={search_term_string}"},"query-input":{"@type":"PropertyValueSpecification","valueRequired":true,"valueName":"search_term_string"}}],"inLanguage":"it-IT"},{"@type":"Organization","@id":"https:\/\/lavocedelpaese.info\/#organization","name":"La Voce del Paese","url":"https:\/\/lavocedelpaese.info\/","logo":{"@type":"ImageObject","inLanguage":"it-IT","@id":"https:\/\/lavocedelpaese.info\/#\/schema\/logo\/image\/","url":"https:\/\/lavocedelpaese.info\/wp-content\/uploads\/2023\/01\/cropped-logo-150-127.png","contentUrl":"https:\/\/lavocedelpaese.info\/wp-content\/uploads\/2023\/01\/cropped-logo-150-127.png","width":137,"height":119,"caption":"La Voce del Paese"},"image":{"@id":"https:\/\/lavocedelpaese.info\/#\/schema\/logo\/image\/"},"sameAs":["https:\/\/www.facebook.com\/lavocedelpaese.info"]}]}},"_links":{"self":[{"href":"https:\/\/lavocedelpaese.info\/index.php\/wp-json\/wp\/v2\/posts\/8389","targetHints":{"allow":["GET"]}}],"collection":[{"href":"https:\/\/lavocedelpaese.info\/index.php\/wp-json\/wp\/v2\/posts"}],"about":[{"href":"https:\/\/lavocedelpaese.info\/index.php\/wp-json\/wp\/v2\/types\/post"}],"replies":[{"embeddable":true,"href":"https:\/\/lavocedelpaese.info\/index.php\/wp-json\/wp\/v2\/comments?post=8389"}],"version-history":[{"count":0,"href":"https:\/\/lavocedelpaese.info\/index.php\/wp-json\/wp\/v2\/posts\/8389\/revisions"}],"wp:featuredmedia":[{"embeddable":true,"href":"https:\/\/lavocedelpaese.info\/index.php\/wp-json\/wp\/v2\/media\/730"}],"wp:attachment":[{"href":"https:\/\/lavocedelpaese.info\/index.php\/wp-json\/wp\/v2\/media?parent=8389"}],"wp:term":[{"taxonomy":"category","embeddable":true,"href":"https:\/\/lavocedelpaese.info\/index.php\/wp-json\/wp\/v2\/categories?post=8389"},{"taxonomy":"post_tag","embeddable":true,"href":"https:\/\/lavocedelpaese.info\/index.php\/wp-json\/wp\/v2\/tags?post=8389"}],"curies":[{"name":"wp","href":"https:\/\/api.w.org\/{rel}","templated":true}]}}