{"id":8372,"date":"2024-11-22T19:14:52","date_gmt":"2024-11-22T19:14:52","guid":{"rendered":"https:\/\/lavocedelpaese.info\/index.php\/2024\/11\/22\/domenica-e-lunedi-si-vota-per-il-rinnovo-del-consiglio-di-istituto-delli-c-perotti-ruffo\/"},"modified":"2024-11-22T19:14:52","modified_gmt":"2024-11-22T19:14:52","slug":"domenica-e-lunedi-si-vota-per-il-rinnovo-del-consiglio-di-istituto-delli-c-perotti-ruffo","status":"publish","type":"post","link":"https:\/\/lavocedelpaese.info\/index.php\/2024\/11\/22\/domenica-e-lunedi-si-vota-per-il-rinnovo-del-consiglio-di-istituto-delli-c-perotti-ruffo\/","title":{"rendered":"Domenica e luned\u00ec si vota per il rinnovo del consiglio di istituto dell\u2019I.C. Perotti-Ruffo\u00a0\u200b"},"content":{"rendered":"<p>\u00a0<\/p>\n<p>\u200b\u00a0<\/p>\n<p>\u200b\u00a0<\/p>\n<p>Domenica 24 novembre e luned\u00ec 25 novembre 2024, dalle ore 08.00 alle ore 13.30 sar\u00e0 possibile esprimere la propria preferenza per il rinnovo del Consiglio dell\u2019Istituto Comprensivo Perotti-Ruffo, per il triennio che interesser\u00e0 gli anni dal 2024 al 2027.<\/p>\n<p>I seggi saranno posizionati nel seguente modo:<\/p>\n<ul class=\"wp-block-list\">\n<li>Voteranno presso il Seggio 1 sito alla Scuola Primaria di Via Convento (aula sostegno) i genitori degli alunni della Scuola Primaria appartenenti al plesso di\u00a0 Via Convento e i docenti della scuola primaria e dell\u2019infanzia;<\/li>\n<li>voteranno presso il Seggio 2 sito alla Scuola dell\u2019Infanzia \u201cDon Battista Armienti\u201d (androne del plesso) i genitori della Scuola dell\u2019Infanzia appartenenti al plesso \u201cDon Battista Armienti\u201d e \u201cRegina Elena\u201d;<\/li>\n<li>voteranno presso il Seggio 4 sito alla Scuola Secondaria di Primo Grado\u00a0 \u201cV. Ruffo\u201d (sala docenti) i genitori degli alunni della SSPG, i docenti della SSPG ed il personale ATA.<\/li>\n<\/ul>\n<p>I candidati per il Consiglio di Circolo sono: Aglieta Florinda, Androulakis Despina, Debellis Annamaria, Fiantanese Raffaele, Maselli Giulia, Mastronardi Emanuela, Petruzzellis Imma, Quarato Natale, Schembari Claudia, Spinoso Vincenzo e Storsillo Antonio Francesco.<\/p>\n<p>Tutti gli elettori dovranno presentarsi al seggio muniti di documento d\u2019identit\u00e0.<br \/>Prima di ricevere la scheda, gli elettori dovranno apporre, sull\u2019elenco degli elettori del seggio, la propria firma leggibile accanto al proprio nome.<\/p>\n<p>Il voto andr\u00e0 espresso mediante l\u2019apposizione di una croce (X) sul numero romano relativo al motto prescelto; dovr\u00e0 essere appasta un\u2019ulteriore croce (X) sul numero arabo indicante il candidato appartenente alla medesima croce.<\/p>\n<p>Per ci\u00f2 che, invece, riguarda le operazioni di voto ogni elettore potr\u00e0 esprimere due voti di preferenza per la componente del personale docente, un voto di preferenza per la componente del personale A.T.A. e due voti di preferenza per la componente dei genitori.<\/p>\n<p>I genitori che hanno pi\u00f9 figli nella medesima classe o in pi\u00f9 di esse, voter\u00e0 una sola volta.<\/p>\n<p>Lo spoglio delle schede avr\u00e0 luogo, in ciascun seggio, luned\u00ec 25 novembre alle ore 14.00.<\/p>\n<p><a class=\"a2a_button_facebook\" href=\"https:\/\/www.addtoany.com\/add_to\/facebook?linkurl=https%3A%2F%2Fcassano.lavocedelpaese.info%2Fdomenica-e-lunedi-si-vota-per-il-rinnovo-del-consiglio-di-istituto-delli-c-perotti-ruffo%2F&amp;linkname=Domenica%20e%20luned%C3%AC%20si%20vota%20per%20il%20rinnovo%20del%20consiglio%20di%20istituto%20dell%E2%80%99I.C.%20Perotti-Ruffo\" title=\"Facebook\" rel=\"nofollow noopener\" target=\"_blank\"><\/a><a class=\"a2a_button_twitter\" href=\"https:\/\/www.addtoany.com\/add_to\/twitter?linkurl=https%3A%2F%2Fcassano.lavocedelpaese.info%2Fdomenica-e-lunedi-si-vota-per-il-rinnovo-del-consiglio-di-istituto-delli-c-perotti-ruffo%2F&amp;linkname=Domenica%20e%20luned%C3%AC%20si%20vota%20per%20il%20rinnovo%20del%20consiglio%20di%20istituto%20dell%E2%80%99I.C.%20Perotti-Ruffo\" title=\"Twitter\" rel=\"nofollow noopener\" target=\"_blank\"><\/a><a class=\"a2a_button_whatsapp\" href=\"https:\/\/www.addtoany.com\/add_to\/whatsapp?linkurl=https%3A%2F%2Fcassano.lavocedelpaese.info%2Fdomenica-e-lunedi-si-vota-per-il-rinnovo-del-consiglio-di-istituto-delli-c-perotti-ruffo%2F&amp;linkname=Domenica%20e%20luned%C3%AC%20si%20vota%20per%20il%20rinnovo%20del%20consiglio%20di%20istituto%20dell%E2%80%99I.C.%20Perotti-Ruffo\" title=\"WhatsApp\" rel=\"nofollow noopener\" target=\"_blank\"><\/a><a class=\"a2a_button_telegram\" href=\"https:\/\/www.addtoany.com\/add_to\/telegram?linkurl=https%3A%2F%2Fcassano.lavocedelpaese.info%2Fdomenica-e-lunedi-si-vota-per-il-rinnovo-del-consiglio-di-istituto-delli-c-perotti-ruffo%2F&amp;linkname=Domenica%20e%20luned%C3%AC%20si%20vota%20per%20il%20rinnovo%20del%20consiglio%20di%20istituto%20dell%E2%80%99I.C.%20Perotti-Ruffo\" title=\"Telegram\" rel=\"nofollow noopener\" target=\"_blank\"><\/a><a class=\"a2a_button_email\" href=\"https:\/\/www.addtoany.com\/add_to\/email?linkurl=https%3A%2F%2Fcassano.lavocedelpaese.info%2Fdomenica-e-lunedi-si-vota-per-il-rinnovo-del-consiglio-di-istituto-delli-c-perotti-ruffo%2F&amp;linkname=Domenica%20e%20luned%C3%AC%20si%20vota%20per%20il%20rinnovo%20del%20consiglio%20di%20istituto%20dell%E2%80%99I.C.%20Perotti-Ruffo\" title=\"Email\" rel=\"nofollow noopener\" target=\"_blank\"><\/a><\/p>\n<p>\u00a0<\/p>\n<p>\u00a0<\/p>\n<p>\u200b\u00a0\u00a0\u00a0<\/p>","protected":false},"excerpt":{"rendered":"<p>\u00a0 \u200b\u00a0 \u200b\u00a0 Domenica 24 novembre e luned\u00ec 25 novembre 2024, dalle ore 08.00 alle ore 13.30 sar\u00e0 possibile esprimere<\/p>\n","protected":false},"author":0,"featured_media":730,"comment_status":"open","ping_status":"closed","sticky":false,"template":"","format":"standard","meta":{"colormag_page_container_layout":"default_layout","colormag_page_sidebar_layout":"default_layout","footnotes":""},"categories":[33],"tags":[],"class_list":["post-8372","post","type-post","status-publish","format-standard","has-post-thumbnail","hentry","category-network"],"yoast_head":"<!-- This site is optimized with the Yoast SEO plugin v27.5 - https:\/\/yoast.com\/product\/yoast-seo-wordpress\/ -->\n<title>Domenica e luned\u00ec si vota per il rinnovo del consiglio di istituto dell\u2019I.C. Perotti-Ruffo\u00a0\u200b - La Voce del Paese<\/title>\n<meta name=\"robots\" content=\"index, follow, max-snippet:-1, max-image-preview:large, max-video-preview:-1\" \/>\n<link rel=\"canonical\" href=\"https:\/\/lavocedelpaese.info\/index.php\/2024\/11\/22\/domenica-e-lunedi-si-vota-per-il-rinnovo-del-consiglio-di-istituto-delli-c-perotti-ruffo\/\" \/>\n<meta property=\"og:locale\" content=\"it_IT\" \/>\n<meta property=\"og:type\" content=\"article\" \/>\n<meta property=\"og:title\" content=\"Domenica e luned\u00ec si vota per il rinnovo del consiglio di istituto dell\u2019I.C. Perotti-Ruffo\u00a0\u200b - La Voce del Paese\" \/>\n<meta property=\"og:description\" content=\"\u00a0 \u200b\u00a0 \u200b\u00a0 Domenica 24 novembre e luned\u00ec 25 novembre 2024, dalle ore 08.00 alle ore 13.30 sar\u00e0 possibile esprimere\" \/>\n<meta property=\"og:url\" content=\"https:\/\/lavocedelpaese.info\/index.php\/2024\/11\/22\/domenica-e-lunedi-si-vota-per-il-rinnovo-del-consiglio-di-istituto-delli-c-perotti-ruffo\/\" \/>\n<meta property=\"og:site_name\" content=\"La Voce del Paese\" \/>\n<meta property=\"article:publisher\" content=\"https:\/\/www.facebook.com\/lavocedelpaese.info\" \/>\n<meta property=\"article:published_time\" content=\"2024-11-22T19:14:52+00:00\" \/>\n<meta name=\"twitter:card\" content=\"summary_large_image\" \/>\n<meta name=\"twitter:label1\" content=\"Tempo di lettura stimato\" \/>\n\t<meta name=\"twitter:data1\" content=\"2 minuti\" \/>\n<script type=\"application\/ld+json\" class=\"yoast-schema-graph\">{\"@context\":\"https:\\\/\\\/schema.org\",\"@graph\":[{\"@type\":\"Article\",\"@id\":\"https:\\\/\\\/lavocedelpaese.info\\\/index.php\\\/2024\\\/11\\\/22\\\/domenica-e-lunedi-si-vota-per-il-rinnovo-del-consiglio-di-istituto-delli-c-perotti-ruffo\\\/#article\",\"isPartOf\":{\"@id\":\"https:\\\/\\\/lavocedelpaese.info\\\/index.php\\\/2024\\\/11\\\/22\\\/domenica-e-lunedi-si-vota-per-il-rinnovo-del-consiglio-di-istituto-delli-c-perotti-ruffo\\\/\"},\"author\":{\"name\":\"\",\"@id\":\"\"},\"headline\":\"Domenica e luned\u00ec si vota per il rinnovo del consiglio di istituto dell\u2019I.C. Perotti-Ruffo\u00a0\u200b\",\"datePublished\":\"2024-11-22T19:14:52+00:00\",\"mainEntityOfPage\":{\"@id\":\"https:\\\/\\\/lavocedelpaese.info\\\/index.php\\\/2024\\\/11\\\/22\\\/domenica-e-lunedi-si-vota-per-il-rinnovo-del-consiglio-di-istituto-delli-c-perotti-ruffo\\\/\"},\"wordCount\":328,\"commentCount\":0,\"publisher\":{\"@id\":\"https:\\\/\\\/lavocedelpaese.info\\\/#organization\"},\"image\":{\"@id\":\"https:\\\/\\\/lavocedelpaese.info\\\/index.php\\\/2024\\\/11\\\/22\\\/domenica-e-lunedi-si-vota-per-il-rinnovo-del-consiglio-di-istituto-delli-c-perotti-ruffo\\\/#primaryimage\"},\"thumbnailUrl\":\"https:\\\/\\\/lavocedelpaese.info\\\/wp-content\\\/uploads\\\/2023\\\/01\\\/logo-150-127.png\",\"articleSection\":[\"network\"],\"inLanguage\":\"it-IT\",\"potentialAction\":[{\"@type\":\"CommentAction\",\"name\":\"Comment\",\"target\":[\"https:\\\/\\\/lavocedelpaese.info\\\/index.php\\\/2024\\\/11\\\/22\\\/domenica-e-lunedi-si-vota-per-il-rinnovo-del-consiglio-di-istituto-delli-c-perotti-ruffo\\\/#respond\"]}]},{\"@type\":\"WebPage\",\"@id\":\"https:\\\/\\\/lavocedelpaese.info\\\/index.php\\\/2024\\\/11\\\/22\\\/domenica-e-lunedi-si-vota-per-il-rinnovo-del-consiglio-di-istituto-delli-c-perotti-ruffo\\\/\",\"url\":\"https:\\\/\\\/lavocedelpaese.info\\\/index.php\\\/2024\\\/11\\\/22\\\/domenica-e-lunedi-si-vota-per-il-rinnovo-del-consiglio-di-istituto-delli-c-perotti-ruffo\\\/\",\"name\":\"Domenica e luned\u00ec si vota per il rinnovo del consiglio di istituto dell\u2019I.C. Perotti-Ruffo\u00a0\u200b - La Voce del Paese\",\"isPartOf\":{\"@id\":\"https:\\\/\\\/lavocedelpaese.info\\\/#website\"},\"primaryImageOfPage\":{\"@id\":\"https:\\\/\\\/lavocedelpaese.info\\\/index.php\\\/2024\\\/11\\\/22\\\/domenica-e-lunedi-si-vota-per-il-rinnovo-del-consiglio-di-istituto-delli-c-perotti-ruffo\\\/#primaryimage\"},\"image\":{\"@id\":\"https:\\\/\\\/lavocedelpaese.info\\\/index.php\\\/2024\\\/11\\\/22\\\/domenica-e-lunedi-si-vota-per-il-rinnovo-del-consiglio-di-istituto-delli-c-perotti-ruffo\\\/#primaryimage\"},\"thumbnailUrl\":\"https:\\\/\\\/lavocedelpaese.info\\\/wp-content\\\/uploads\\\/2023\\\/01\\\/logo-150-127.png\",\"datePublished\":\"2024-11-22T19:14:52+00:00\",\"breadcrumb\":{\"@id\":\"https:\\\/\\\/lavocedelpaese.info\\\/index.php\\\/2024\\\/11\\\/22\\\/domenica-e-lunedi-si-vota-per-il-rinnovo-del-consiglio-di-istituto-delli-c-perotti-ruffo\\\/#breadcrumb\"},\"inLanguage\":\"it-IT\",\"potentialAction\":[{\"@type\":\"ReadAction\",\"target\":[\"https:\\\/\\\/lavocedelpaese.info\\\/index.php\\\/2024\\\/11\\\/22\\\/domenica-e-lunedi-si-vota-per-il-rinnovo-del-consiglio-di-istituto-delli-c-perotti-ruffo\\\/\"]}]},{\"@type\":\"ImageObject\",\"inLanguage\":\"it-IT\",\"@id\":\"https:\\\/\\\/lavocedelpaese.info\\\/index.php\\\/2024\\\/11\\\/22\\\/domenica-e-lunedi-si-vota-per-il-rinnovo-del-consiglio-di-istituto-delli-c-perotti-ruffo\\\/#primaryimage\",\"url\":\"https:\\\/\\\/lavocedelpaese.info\\\/wp-content\\\/uploads\\\/2023\\\/01\\\/logo-150-127.png\",\"contentUrl\":\"https:\\\/\\\/lavocedelpaese.info\\\/wp-content\\\/uploads\\\/2023\\\/01\\\/logo-150-127.png\",\"width\":150,\"height\":127},{\"@type\":\"BreadcrumbList\",\"@id\":\"https:\\\/\\\/lavocedelpaese.info\\\/index.php\\\/2024\\\/11\\\/22\\\/domenica-e-lunedi-si-vota-per-il-rinnovo-del-consiglio-di-istituto-delli-c-perotti-ruffo\\\/#breadcrumb\",\"itemListElement\":[{\"@type\":\"ListItem\",\"position\":1,\"name\":\"Home\",\"item\":\"https:\\\/\\\/lavocedelpaese.info\\\/\"},{\"@type\":\"ListItem\",\"position\":2,\"name\":\"Domenica e luned\u00ec si vota per il rinnovo del consiglio di istituto dell\u2019I.C. Perotti-Ruffo\u00a0\u200b\"}]},{\"@type\":\"WebSite\",\"@id\":\"https:\\\/\\\/lavocedelpaese.info\\\/#website\",\"url\":\"https:\\\/\\\/lavocedelpaese.info\\\/\",\"name\":\"La Voce del Paese\",\"description\":\"Un network di idee\",\"publisher\":{\"@id\":\"https:\\\/\\\/lavocedelpaese.info\\\/#organization\"},\"potentialAction\":[{\"@type\":\"SearchAction\",\"target\":{\"@type\":\"EntryPoint\",\"urlTemplate\":\"https:\\\/\\\/lavocedelpaese.info\\\/?s={search_term_string}\"},\"query-input\":{\"@type\":\"PropertyValueSpecification\",\"valueRequired\":true,\"valueName\":\"search_term_string\"}}],\"inLanguage\":\"it-IT\"},{\"@type\":\"Organization\",\"@id\":\"https:\\\/\\\/lavocedelpaese.info\\\/#organization\",\"name\":\"La Voce del Paese\",\"url\":\"https:\\\/\\\/lavocedelpaese.info\\\/\",\"logo\":{\"@type\":\"ImageObject\",\"inLanguage\":\"it-IT\",\"@id\":\"https:\\\/\\\/lavocedelpaese.info\\\/#\\\/schema\\\/logo\\\/image\\\/\",\"url\":\"https:\\\/\\\/lavocedelpaese.info\\\/wp-content\\\/uploads\\\/2023\\\/01\\\/cropped-logo-150-127.png\",\"contentUrl\":\"https:\\\/\\\/lavocedelpaese.info\\\/wp-content\\\/uploads\\\/2023\\\/01\\\/cropped-logo-150-127.png\",\"width\":137,\"height\":119,\"caption\":\"La Voce del Paese\"},\"image\":{\"@id\":\"https:\\\/\\\/lavocedelpaese.info\\\/#\\\/schema\\\/logo\\\/image\\\/\"},\"sameAs\":[\"https:\\\/\\\/www.facebook.com\\\/lavocedelpaese.info\"]}]}<\/script>\n<!-- \/ Yoast SEO plugin. -->","yoast_head_json":{"title":"Domenica e luned\u00ec si vota per il rinnovo del consiglio di istituto dell\u2019I.C. Perotti-Ruffo\u00a0\u200b - La Voce del Paese","robots":{"index":"index","follow":"follow","max-snippet":"max-snippet:-1","max-image-preview":"max-image-preview:large","max-video-preview":"max-video-preview:-1"},"canonical":"https:\/\/lavocedelpaese.info\/index.php\/2024\/11\/22\/domenica-e-lunedi-si-vota-per-il-rinnovo-del-consiglio-di-istituto-delli-c-perotti-ruffo\/","og_locale":"it_IT","og_type":"article","og_title":"Domenica e luned\u00ec si vota per il rinnovo del consiglio di istituto dell\u2019I.C. Perotti-Ruffo\u00a0\u200b - La Voce del Paese","og_description":"\u00a0 \u200b\u00a0 \u200b\u00a0 Domenica 24 novembre e luned\u00ec 25 novembre 2024, dalle ore 08.00 alle ore 13.30 sar\u00e0 possibile esprimere","og_url":"https:\/\/lavocedelpaese.info\/index.php\/2024\/11\/22\/domenica-e-lunedi-si-vota-per-il-rinnovo-del-consiglio-di-istituto-delli-c-perotti-ruffo\/","og_site_name":"La Voce del Paese","article_publisher":"https:\/\/www.facebook.com\/lavocedelpaese.info","article_published_time":"2024-11-22T19:14:52+00:00","twitter_card":"summary_large_image","twitter_misc":{"Tempo di lettura stimato":"2 minuti"},"schema":{"@context":"https:\/\/schema.org","@graph":[{"@type":"Article","@id":"https:\/\/lavocedelpaese.info\/index.php\/2024\/11\/22\/domenica-e-lunedi-si-vota-per-il-rinnovo-del-consiglio-di-istituto-delli-c-perotti-ruffo\/#article","isPartOf":{"@id":"https:\/\/lavocedelpaese.info\/index.php\/2024\/11\/22\/domenica-e-lunedi-si-vota-per-il-rinnovo-del-consiglio-di-istituto-delli-c-perotti-ruffo\/"},"author":{"name":"","@id":""},"headline":"Domenica e luned\u00ec si vota per il rinnovo del consiglio di istituto dell\u2019I.C. Perotti-Ruffo\u00a0\u200b","datePublished":"2024-11-22T19:14:52+00:00","mainEntityOfPage":{"@id":"https:\/\/lavocedelpaese.info\/index.php\/2024\/11\/22\/domenica-e-lunedi-si-vota-per-il-rinnovo-del-consiglio-di-istituto-delli-c-perotti-ruffo\/"},"wordCount":328,"commentCount":0,"publisher":{"@id":"https:\/\/lavocedelpaese.info\/#organization"},"image":{"@id":"https:\/\/lavocedelpaese.info\/index.php\/2024\/11\/22\/domenica-e-lunedi-si-vota-per-il-rinnovo-del-consiglio-di-istituto-delli-c-perotti-ruffo\/#primaryimage"},"thumbnailUrl":"https:\/\/lavocedelpaese.info\/wp-content\/uploads\/2023\/01\/logo-150-127.png","articleSection":["network"],"inLanguage":"it-IT","potentialAction":[{"@type":"CommentAction","name":"Comment","target":["https:\/\/lavocedelpaese.info\/index.php\/2024\/11\/22\/domenica-e-lunedi-si-vota-per-il-rinnovo-del-consiglio-di-istituto-delli-c-perotti-ruffo\/#respond"]}]},{"@type":"WebPage","@id":"https:\/\/lavocedelpaese.info\/index.php\/2024\/11\/22\/domenica-e-lunedi-si-vota-per-il-rinnovo-del-consiglio-di-istituto-delli-c-perotti-ruffo\/","url":"https:\/\/lavocedelpaese.info\/index.php\/2024\/11\/22\/domenica-e-lunedi-si-vota-per-il-rinnovo-del-consiglio-di-istituto-delli-c-perotti-ruffo\/","name":"Domenica e luned\u00ec si vota per il rinnovo del consiglio di istituto dell\u2019I.C. Perotti-Ruffo\u00a0\u200b - La Voce del Paese","isPartOf":{"@id":"https:\/\/lavocedelpaese.info\/#website"},"primaryImageOfPage":{"@id":"https:\/\/lavocedelpaese.info\/index.php\/2024\/11\/22\/domenica-e-lunedi-si-vota-per-il-rinnovo-del-consiglio-di-istituto-delli-c-perotti-ruffo\/#primaryimage"},"image":{"@id":"https:\/\/lavocedelpaese.info\/index.php\/2024\/11\/22\/domenica-e-lunedi-si-vota-per-il-rinnovo-del-consiglio-di-istituto-delli-c-perotti-ruffo\/#primaryimage"},"thumbnailUrl":"https:\/\/lavocedelpaese.info\/wp-content\/uploads\/2023\/01\/logo-150-127.png","datePublished":"2024-11-22T19:14:52+00:00","breadcrumb":{"@id":"https:\/\/lavocedelpaese.info\/index.php\/2024\/11\/22\/domenica-e-lunedi-si-vota-per-il-rinnovo-del-consiglio-di-istituto-delli-c-perotti-ruffo\/#breadcrumb"},"inLanguage":"it-IT","potentialAction":[{"@type":"ReadAction","target":["https:\/\/lavocedelpaese.info\/index.php\/2024\/11\/22\/domenica-e-lunedi-si-vota-per-il-rinnovo-del-consiglio-di-istituto-delli-c-perotti-ruffo\/"]}]},{"@type":"ImageObject","inLanguage":"it-IT","@id":"https:\/\/lavocedelpaese.info\/index.php\/2024\/11\/22\/domenica-e-lunedi-si-vota-per-il-rinnovo-del-consiglio-di-istituto-delli-c-perotti-ruffo\/#primaryimage","url":"https:\/\/lavocedelpaese.info\/wp-content\/uploads\/2023\/01\/logo-150-127.png","contentUrl":"https:\/\/lavocedelpaese.info\/wp-content\/uploads\/2023\/01\/logo-150-127.png","width":150,"height":127},{"@type":"BreadcrumbList","@id":"https:\/\/lavocedelpaese.info\/index.php\/2024\/11\/22\/domenica-e-lunedi-si-vota-per-il-rinnovo-del-consiglio-di-istituto-delli-c-perotti-ruffo\/#breadcrumb","itemListElement":[{"@type":"ListItem","position":1,"name":"Home","item":"https:\/\/lavocedelpaese.info\/"},{"@type":"ListItem","position":2,"name":"Domenica e luned\u00ec si vota per il rinnovo del consiglio di istituto dell\u2019I.C. Perotti-Ruffo\u00a0\u200b"}]},{"@type":"WebSite","@id":"https:\/\/lavocedelpaese.info\/#website","url":"https:\/\/lavocedelpaese.info\/","name":"La Voce del Paese","description":"Un network di idee","publisher":{"@id":"https:\/\/lavocedelpaese.info\/#organization"},"potentialAction":[{"@type":"SearchAction","target":{"@type":"EntryPoint","urlTemplate":"https:\/\/lavocedelpaese.info\/?s={search_term_string}"},"query-input":{"@type":"PropertyValueSpecification","valueRequired":true,"valueName":"search_term_string"}}],"inLanguage":"it-IT"},{"@type":"Organization","@id":"https:\/\/lavocedelpaese.info\/#organization","name":"La Voce del Paese","url":"https:\/\/lavocedelpaese.info\/","logo":{"@type":"ImageObject","inLanguage":"it-IT","@id":"https:\/\/lavocedelpaese.info\/#\/schema\/logo\/image\/","url":"https:\/\/lavocedelpaese.info\/wp-content\/uploads\/2023\/01\/cropped-logo-150-127.png","contentUrl":"https:\/\/lavocedelpaese.info\/wp-content\/uploads\/2023\/01\/cropped-logo-150-127.png","width":137,"height":119,"caption":"La Voce del Paese"},"image":{"@id":"https:\/\/lavocedelpaese.info\/#\/schema\/logo\/image\/"},"sameAs":["https:\/\/www.facebook.com\/lavocedelpaese.info"]}]}},"_links":{"self":[{"href":"https:\/\/lavocedelpaese.info\/index.php\/wp-json\/wp\/v2\/posts\/8372","targetHints":{"allow":["GET"]}}],"collection":[{"href":"https:\/\/lavocedelpaese.info\/index.php\/wp-json\/wp\/v2\/posts"}],"about":[{"href":"https:\/\/lavocedelpaese.info\/index.php\/wp-json\/wp\/v2\/types\/post"}],"replies":[{"embeddable":true,"href":"https:\/\/lavocedelpaese.info\/index.php\/wp-json\/wp\/v2\/comments?post=8372"}],"version-history":[{"count":0,"href":"https:\/\/lavocedelpaese.info\/index.php\/wp-json\/wp\/v2\/posts\/8372\/revisions"}],"wp:featuredmedia":[{"embeddable":true,"href":"https:\/\/lavocedelpaese.info\/index.php\/wp-json\/wp\/v2\/media\/730"}],"wp:attachment":[{"href":"https:\/\/lavocedelpaese.info\/index.php\/wp-json\/wp\/v2\/media?parent=8372"}],"wp:term":[{"taxonomy":"category","embeddable":true,"href":"https:\/\/lavocedelpaese.info\/index.php\/wp-json\/wp\/v2\/categories?post=8372"},{"taxonomy":"post_tag","embeddable":true,"href":"https:\/\/lavocedelpaese.info\/index.php\/wp-json\/wp\/v2\/tags?post=8372"}],"curies":[{"name":"wp","href":"https:\/\/api.w.org\/{rel}","templated":true}]}}