{"id":8351,"date":"2024-11-19T20:13:45","date_gmt":"2024-11-19T20:13:45","guid":{"rendered":"https:\/\/lavocedelpaese.info\/index.php\/2024\/11\/19\/la-xylella-arriva-anche-a-cassano-le-parole-dellex-generale-giuseppe-silletti\/"},"modified":"2024-11-19T20:13:45","modified_gmt":"2024-11-19T20:13:45","slug":"la-xylella-arriva-anche-a-cassano-le-parole-dellex-generale-giuseppe-silletti","status":"publish","type":"post","link":"https:\/\/lavocedelpaese.info\/index.php\/2024\/11\/19\/la-xylella-arriva-anche-a-cassano-le-parole-dellex-generale-giuseppe-silletti\/","title":{"rendered":"La Xylella arriva anche a Cassano: le parole dell\u2019ex Generale Giuseppe Silletti\u00a0\u200b"},"content":{"rendered":"<p>\u00a0<\/p>\n<p>\u200b\u00a0<\/p>\n<p>\u200b\u00a0<\/p>\n<p>di <strong>Rossano Giustino<\/strong><\/p>\n<p>Nelle scorse settimane, la Sezione Osservatorio Fitosanitario del Dipartimento Agricoltura, Sviluppo Rurale ed Ambientale della Regione Puglia ha reso nota l\u2019individuazione di diverse piante infette da \u201cXylella fastidiosa\u201d in agro di Cassano, il batterio che da pi\u00f9 di dieci anni si sta diffondendo in maniera molto aggressiva, riuscendo a decimare la vegetazione pugliese. In ragione di tale evoluzione del fenomeno, \u00e8 stato possibile riscontrare il pensiero dell\u2019ex Comandante Regionale del Corpo Forestale dello Stato, il Generale Giuseppe Silletti, uno dei massimi punti di riferimento nella lotta alla Xylella in Puglia.<\/p>\n<p><strong>Nel 2015, quando lei rivestiva la carica di Comandante Regionale del Corpo Forestale dello Stato, l\u2019emergenza Xylella aveva gi\u00e0 raggiunto dei livelli altamente preoccupanti in Puglia. Nel febbraio del 2015 fu nominato Commissario straordinario per l\u2019emergenza Xylella da parte del Ministero delle politiche agricole, alimentari e forestali. Considerando la sue ampie conoscenze su questo batterio, pu\u00f2 spiegarci, brevemente, come avviene la proliferazione del batterio? E come avviene il suo transito da una singola unit\u00e0 arbustiva ad altri complessi di piante, generando un focolaio?<\/strong><strong><\/strong><\/p>\n<p>La \u201cXylella fastidiosa\u201d \u00e8 un patogeno batterico che, ormai da diversi anni, colpisce molte delle piante che caratterizzano il nostro territorio. La Xylella si insinua nel sistema linfatico delle piante, che \u00e8 responsabile della trasmissione dei nutrienti dalle radici alle foglie. Per questo, quando i batteri colonizzano la pianta, i vasi linfatici pian piano si intasano, e portano alla sua morte. Nonostante il batterio causi la malattia vera e propria della pianta, i principali responsabili della sua proliferazione in altre specie sono dei particolari tipi di insetti, chiamati insetti vettori, i quali prelevano proprio la linfa ascendente delle piante e se ne nutrono, di fatto fungendo da vettori per la malattia. Potenzialmente tutti gli insetti che si nutrono di linfa ascendente possono costituire dei vettori del batterio, ma in Puglia l\u2019unica specie confermata come vettore del batterio \u00e8 la <em>Philaenus spumarius<\/em>, comunemente nota come sputacchina: nelle prime fasi di vita essa \u00e8 in grado di muoversi esclusivamente su piante erbacee, ma la sua pericolosit\u00e0 aumenta in fase adulta, in cui \u00e8 libera di muoversi nell\u2019ambiente. Diverse sono le sottospecie di Xylella: la sottospecie fastidiosa, la cui presenza \u00e8 stata gi\u00e0 riscontrata nei territori rurali del comune di Triggiano, e la sottospecie multiplex, presente in agro di Santeramo in Colle e ultimamente diffuso proprio nelle campagne cassanesi, sono le due sottospecie che ad oggi maggiormente interessano i territori della provincia di Bari.<\/p>\n<figure class=\"wp-block-image size-full is-resized\"><img decoding=\"async\" width=\"620\" height=\"340\" src=\"https:\/\/cassano.lavocedelpaese.info\/wp-content\/uploads\/2024\/11\/WhatsApp-Image-2024-11-19-at-12.30.17.jpeg\" alt=\"\" class=\"wp-image-5540\"\/><figcaption class=\"wp-element-caption\"><strong><em>L\u2019ex Generale Giuseppe Silletti<\/em><\/strong><\/figcaption><\/figure>\n<p><strong>Quali sono le piante pi\u00f9 inclini ad ospitare la Xylella?<\/strong><strong><\/strong><\/p>\n<p>Tante sono le piante che possono ospitare le varie sottospecie di Xylella. Considerando il territorio cassanese, e i suoi interessi agro-economici, sono a rischio diverse piante fruttifere, nello specifico la vite, l\u2019ulivo, il ciliegio, il mandorlo e l\u2019alloro, oltre che alcuni tipi di piante non fruttifere, come la quercia.<\/p>\n<p><strong>Piante infette possono essere salvate? <\/strong><strong><\/strong><\/p>\n<p>Questo batterio \u00e8 molto difficile da intercettare, perch\u00e9 si insinua nel sistema linfatico delle diverse specie colpite: in alcuni casi, le piante ospiti possono non presentare alcun sintomo, se non quando la malattia l\u2019ha completamente infestata. In molti altri casi, invece, la manifestazione della malattia si denota dal graduale disseccamento delle foglie, fino alla morte della pianta. Per questo, \u00e8 molto difficile riuscire a salvare delle piante dall\u2019infezione, se non attuando controlli periodici che permettano di amputare unicamente i rami infetti, preservando il resto della pianta.<\/p>\n<p><strong>In virt\u00f9 dell\u2019avvicinamento della Xylella dai territori del leccese fino alla nostra provincia, come dovrebbero adoperarsi i proprietari terrieri che coltivano piante sensibili a questo batterio, al fine di proteggerle? Si \u00e8 a conoscenza di tecniche per bloccarne la diffusione?<\/strong><strong><\/strong><\/p>\n<p>Ad oggi non esiste un rimedio chimico contro la Xylella, ma ci sono una serie di pratiche volte al contenimento del batterio. Il monitoraggio del territorio e l\u2019attivit\u00e0 di controllo dei vettori meccanici e chimici rappresentano i due pilastri principali nella prevenzione della Xylella, ma \u00e8 fondamentale anche l\u2019abbattimento delle piante infette per evitare l\u2019inoculazione del batterio in altri esemplari. Le misure fitosanitarie suggeriscono la potatura ordinaria utile a ridurre la quantit\u00e0 di inoculo batterico potenziale, il controllo delle erbe infestanti con lavorazioni quali l\u2019aratura, la fresatura e la trinciatura.<\/p>\n<p><strong>Come si pu\u00f2 agire nel momento in cui si viene a conoscenza dello sviluppo della malattia in alcune delle proprie piante? In futuro pensa si possa debellare l\u2019epidemia da Xylella?<\/strong><strong><\/strong><\/p>\n<p>In questo senso \u00e8 fondamentale informarsi sulla normativa vigente in materia di contrasto alla Xylella, ricordando che i contravventori, o coloro che omettono di denunciare piante infette sul proprio terreno, vanno incontro a pesanti sanzioni. L\u2019epidemia temo non potr\u00e0 mai essere completamente debellata, ma i gesti collettivi e la collaborazione tra agricoltori, cittadini ed amministrazioni pubbliche possono essere decisivi, quantomeno in vista del contenimento di questo terribile patogeno batterico.<\/p>\n<p><a class=\"a2a_button_facebook\" href=\"https:\/\/www.addtoany.com\/add_to\/facebook?linkurl=https%3A%2F%2Fcassano.lavocedelpaese.info%2Fla-xylella-arriva-anche-a-cassano-le-parole-dellex-generale-giuseppe-silletti%2F&amp;linkname=La%20Xylella%20arriva%20anche%20a%20Cassano%3A%20le%20parole%20dell%E2%80%99ex%20Generale%20Giuseppe%20Silletti\" title=\"Facebook\" rel=\"nofollow noopener\" target=\"_blank\"><\/a><a class=\"a2a_button_twitter\" href=\"https:\/\/www.addtoany.com\/add_to\/twitter?linkurl=https%3A%2F%2Fcassano.lavocedelpaese.info%2Fla-xylella-arriva-anche-a-cassano-le-parole-dellex-generale-giuseppe-silletti%2F&amp;linkname=La%20Xylella%20arriva%20anche%20a%20Cassano%3A%20le%20parole%20dell%E2%80%99ex%20Generale%20Giuseppe%20Silletti\" title=\"Twitter\" rel=\"nofollow noopener\" target=\"_blank\"><\/a><a class=\"a2a_button_whatsapp\" href=\"https:\/\/www.addtoany.com\/add_to\/whatsapp?linkurl=https%3A%2F%2Fcassano.lavocedelpaese.info%2Fla-xylella-arriva-anche-a-cassano-le-parole-dellex-generale-giuseppe-silletti%2F&amp;linkname=La%20Xylella%20arriva%20anche%20a%20Cassano%3A%20le%20parole%20dell%E2%80%99ex%20Generale%20Giuseppe%20Silletti\" title=\"WhatsApp\" rel=\"nofollow noopener\" target=\"_blank\"><\/a><a class=\"a2a_button_telegram\" href=\"https:\/\/www.addtoany.com\/add_to\/telegram?linkurl=https%3A%2F%2Fcassano.lavocedelpaese.info%2Fla-xylella-arriva-anche-a-cassano-le-parole-dellex-generale-giuseppe-silletti%2F&amp;linkname=La%20Xylella%20arriva%20anche%20a%20Cassano%3A%20le%20parole%20dell%E2%80%99ex%20Generale%20Giuseppe%20Silletti\" title=\"Telegram\" rel=\"nofollow noopener\" target=\"_blank\"><\/a><a class=\"a2a_button_email\" href=\"https:\/\/www.addtoany.com\/add_to\/email?linkurl=https%3A%2F%2Fcassano.lavocedelpaese.info%2Fla-xylella-arriva-anche-a-cassano-le-parole-dellex-generale-giuseppe-silletti%2F&amp;linkname=La%20Xylella%20arriva%20anche%20a%20Cassano%3A%20le%20parole%20dell%E2%80%99ex%20Generale%20Giuseppe%20Silletti\" title=\"Email\" rel=\"nofollow noopener\" target=\"_blank\"><\/a><\/p>\n<p>\u00a0<\/p>\n<p>\u00a0<\/p>\n<p>\u200b\u00a0\u00a0\u00a0<\/p>","protected":false},"excerpt":{"rendered":"<p>\u00a0 \u200b\u00a0 \u200b\u00a0 di Rossano Giustino Nelle scorse settimane, la Sezione Osservatorio Fitosanitario del Dipartimento Agricoltura, Sviluppo Rurale ed Ambientale<\/p>\n","protected":false},"author":0,"featured_media":8352,"comment_status":"open","ping_status":"closed","sticky":false,"template":"","format":"standard","meta":{"colormag_page_container_layout":"default_layout","colormag_page_sidebar_layout":"default_layout","footnotes":""},"categories":[33],"tags":[],"class_list":["post-8351","post","type-post","status-publish","format-standard","has-post-thumbnail","hentry","category-network"],"yoast_head":"<!-- This site is optimized with the Yoast SEO plugin v27.5 - https:\/\/yoast.com\/product\/yoast-seo-wordpress\/ -->\n<title>La Xylella arriva anche a Cassano: le parole dell\u2019ex Generale Giuseppe Silletti\u00a0\u200b - La Voce del Paese<\/title>\n<meta name=\"robots\" content=\"index, follow, max-snippet:-1, max-image-preview:large, max-video-preview:-1\" \/>\n<link rel=\"canonical\" href=\"https:\/\/lavocedelpaese.info\/index.php\/2024\/11\/19\/la-xylella-arriva-anche-a-cassano-le-parole-dellex-generale-giuseppe-silletti\/\" \/>\n<meta property=\"og:locale\" content=\"it_IT\" \/>\n<meta property=\"og:type\" content=\"article\" \/>\n<meta property=\"og:title\" content=\"La Xylella arriva anche a Cassano: le parole dell\u2019ex Generale Giuseppe Silletti\u00a0\u200b - La Voce del Paese\" \/>\n<meta property=\"og:description\" content=\"\u00a0 \u200b\u00a0 \u200b\u00a0 di Rossano Giustino Nelle scorse settimane, la Sezione Osservatorio Fitosanitario del Dipartimento Agricoltura, Sviluppo Rurale ed Ambientale\" \/>\n<meta property=\"og:url\" content=\"https:\/\/lavocedelpaese.info\/index.php\/2024\/11\/19\/la-xylella-arriva-anche-a-cassano-le-parole-dellex-generale-giuseppe-silletti\/\" \/>\n<meta property=\"og:site_name\" content=\"La Voce del Paese\" \/>\n<meta property=\"article:publisher\" content=\"https:\/\/www.facebook.com\/lavocedelpaese.info\" \/>\n<meta property=\"article:published_time\" content=\"2024-11-19T20:13:45+00:00\" \/>\n<meta name=\"twitter:card\" content=\"summary_large_image\" \/>\n<meta name=\"twitter:label1\" content=\"Tempo di lettura stimato\" \/>\n\t<meta name=\"twitter:data1\" content=\"4 minuti\" \/>\n<script type=\"application\/ld+json\" class=\"yoast-schema-graph\">{\"@context\":\"https:\\\/\\\/schema.org\",\"@graph\":[{\"@type\":\"Article\",\"@id\":\"https:\\\/\\\/lavocedelpaese.info\\\/index.php\\\/2024\\\/11\\\/19\\\/la-xylella-arriva-anche-a-cassano-le-parole-dellex-generale-giuseppe-silletti\\\/#article\",\"isPartOf\":{\"@id\":\"https:\\\/\\\/lavocedelpaese.info\\\/index.php\\\/2024\\\/11\\\/19\\\/la-xylella-arriva-anche-a-cassano-le-parole-dellex-generale-giuseppe-silletti\\\/\"},\"author\":{\"name\":\"\",\"@id\":\"\"},\"headline\":\"La Xylella arriva anche a Cassano: le parole dell\u2019ex Generale Giuseppe Silletti\u00a0\u200b\",\"datePublished\":\"2024-11-19T20:13:45+00:00\",\"mainEntityOfPage\":{\"@id\":\"https:\\\/\\\/lavocedelpaese.info\\\/index.php\\\/2024\\\/11\\\/19\\\/la-xylella-arriva-anche-a-cassano-le-parole-dellex-generale-giuseppe-silletti\\\/\"},\"wordCount\":807,\"commentCount\":0,\"publisher\":{\"@id\":\"https:\\\/\\\/lavocedelpaese.info\\\/#organization\"},\"image\":{\"@id\":\"https:\\\/\\\/lavocedelpaese.info\\\/index.php\\\/2024\\\/11\\\/19\\\/la-xylella-arriva-anche-a-cassano-le-parole-dellex-generale-giuseppe-silletti\\\/#primaryimage\"},\"thumbnailUrl\":\"https:\\\/\\\/lavocedelpaese.info\\\/wp-content\\\/uploads\\\/2024\\\/11\\\/WhatsApp-Image-2024-11-19-at-12.30.17-0aWQIb.jpeg\",\"articleSection\":[\"network\"],\"inLanguage\":\"it-IT\",\"potentialAction\":[{\"@type\":\"CommentAction\",\"name\":\"Comment\",\"target\":[\"https:\\\/\\\/lavocedelpaese.info\\\/index.php\\\/2024\\\/11\\\/19\\\/la-xylella-arriva-anche-a-cassano-le-parole-dellex-generale-giuseppe-silletti\\\/#respond\"]}]},{\"@type\":\"WebPage\",\"@id\":\"https:\\\/\\\/lavocedelpaese.info\\\/index.php\\\/2024\\\/11\\\/19\\\/la-xylella-arriva-anche-a-cassano-le-parole-dellex-generale-giuseppe-silletti\\\/\",\"url\":\"https:\\\/\\\/lavocedelpaese.info\\\/index.php\\\/2024\\\/11\\\/19\\\/la-xylella-arriva-anche-a-cassano-le-parole-dellex-generale-giuseppe-silletti\\\/\",\"name\":\"La Xylella arriva anche a Cassano: le parole dell\u2019ex Generale Giuseppe Silletti\u00a0\u200b - La Voce del Paese\",\"isPartOf\":{\"@id\":\"https:\\\/\\\/lavocedelpaese.info\\\/#website\"},\"primaryImageOfPage\":{\"@id\":\"https:\\\/\\\/lavocedelpaese.info\\\/index.php\\\/2024\\\/11\\\/19\\\/la-xylella-arriva-anche-a-cassano-le-parole-dellex-generale-giuseppe-silletti\\\/#primaryimage\"},\"image\":{\"@id\":\"https:\\\/\\\/lavocedelpaese.info\\\/index.php\\\/2024\\\/11\\\/19\\\/la-xylella-arriva-anche-a-cassano-le-parole-dellex-generale-giuseppe-silletti\\\/#primaryimage\"},\"thumbnailUrl\":\"https:\\\/\\\/lavocedelpaese.info\\\/wp-content\\\/uploads\\\/2024\\\/11\\\/WhatsApp-Image-2024-11-19-at-12.30.17-0aWQIb.jpeg\",\"datePublished\":\"2024-11-19T20:13:45+00:00\",\"breadcrumb\":{\"@id\":\"https:\\\/\\\/lavocedelpaese.info\\\/index.php\\\/2024\\\/11\\\/19\\\/la-xylella-arriva-anche-a-cassano-le-parole-dellex-generale-giuseppe-silletti\\\/#breadcrumb\"},\"inLanguage\":\"it-IT\",\"potentialAction\":[{\"@type\":\"ReadAction\",\"target\":[\"https:\\\/\\\/lavocedelpaese.info\\\/index.php\\\/2024\\\/11\\\/19\\\/la-xylella-arriva-anche-a-cassano-le-parole-dellex-generale-giuseppe-silletti\\\/\"]}]},{\"@type\":\"ImageObject\",\"inLanguage\":\"it-IT\",\"@id\":\"https:\\\/\\\/lavocedelpaese.info\\\/index.php\\\/2024\\\/11\\\/19\\\/la-xylella-arriva-anche-a-cassano-le-parole-dellex-generale-giuseppe-silletti\\\/#primaryimage\",\"url\":\"https:\\\/\\\/lavocedelpaese.info\\\/wp-content\\\/uploads\\\/2024\\\/11\\\/WhatsApp-Image-2024-11-19-at-12.30.17-0aWQIb.jpeg\",\"contentUrl\":\"https:\\\/\\\/lavocedelpaese.info\\\/wp-content\\\/uploads\\\/2024\\\/11\\\/WhatsApp-Image-2024-11-19-at-12.30.17-0aWQIb.jpeg\",\"width\":620,\"height\":340},{\"@type\":\"BreadcrumbList\",\"@id\":\"https:\\\/\\\/lavocedelpaese.info\\\/index.php\\\/2024\\\/11\\\/19\\\/la-xylella-arriva-anche-a-cassano-le-parole-dellex-generale-giuseppe-silletti\\\/#breadcrumb\",\"itemListElement\":[{\"@type\":\"ListItem\",\"position\":1,\"name\":\"Home\",\"item\":\"https:\\\/\\\/lavocedelpaese.info\\\/\"},{\"@type\":\"ListItem\",\"position\":2,\"name\":\"La Xylella arriva anche a Cassano: le parole dell\u2019ex Generale Giuseppe Silletti\u00a0\u200b\"}]},{\"@type\":\"WebSite\",\"@id\":\"https:\\\/\\\/lavocedelpaese.info\\\/#website\",\"url\":\"https:\\\/\\\/lavocedelpaese.info\\\/\",\"name\":\"La Voce del Paese\",\"description\":\"Un network di idee\",\"publisher\":{\"@id\":\"https:\\\/\\\/lavocedelpaese.info\\\/#organization\"},\"potentialAction\":[{\"@type\":\"SearchAction\",\"target\":{\"@type\":\"EntryPoint\",\"urlTemplate\":\"https:\\\/\\\/lavocedelpaese.info\\\/?s={search_term_string}\"},\"query-input\":{\"@type\":\"PropertyValueSpecification\",\"valueRequired\":true,\"valueName\":\"search_term_string\"}}],\"inLanguage\":\"it-IT\"},{\"@type\":\"Organization\",\"@id\":\"https:\\\/\\\/lavocedelpaese.info\\\/#organization\",\"name\":\"La Voce del Paese\",\"url\":\"https:\\\/\\\/lavocedelpaese.info\\\/\",\"logo\":{\"@type\":\"ImageObject\",\"inLanguage\":\"it-IT\",\"@id\":\"https:\\\/\\\/lavocedelpaese.info\\\/#\\\/schema\\\/logo\\\/image\\\/\",\"url\":\"https:\\\/\\\/lavocedelpaese.info\\\/wp-content\\\/uploads\\\/2023\\\/01\\\/cropped-logo-150-127.png\",\"contentUrl\":\"https:\\\/\\\/lavocedelpaese.info\\\/wp-content\\\/uploads\\\/2023\\\/01\\\/cropped-logo-150-127.png\",\"width\":137,\"height\":119,\"caption\":\"La Voce del Paese\"},\"image\":{\"@id\":\"https:\\\/\\\/lavocedelpaese.info\\\/#\\\/schema\\\/logo\\\/image\\\/\"},\"sameAs\":[\"https:\\\/\\\/www.facebook.com\\\/lavocedelpaese.info\"]}]}<\/script>\n<!-- \/ Yoast SEO plugin. -->","yoast_head_json":{"title":"La Xylella arriva anche a Cassano: le parole dell\u2019ex Generale Giuseppe Silletti\u00a0\u200b - La Voce del Paese","robots":{"index":"index","follow":"follow","max-snippet":"max-snippet:-1","max-image-preview":"max-image-preview:large","max-video-preview":"max-video-preview:-1"},"canonical":"https:\/\/lavocedelpaese.info\/index.php\/2024\/11\/19\/la-xylella-arriva-anche-a-cassano-le-parole-dellex-generale-giuseppe-silletti\/","og_locale":"it_IT","og_type":"article","og_title":"La Xylella arriva anche a Cassano: le parole dell\u2019ex Generale Giuseppe Silletti\u00a0\u200b - La Voce del Paese","og_description":"\u00a0 \u200b\u00a0 \u200b\u00a0 di Rossano Giustino Nelle scorse settimane, la Sezione Osservatorio Fitosanitario del Dipartimento Agricoltura, Sviluppo Rurale ed Ambientale","og_url":"https:\/\/lavocedelpaese.info\/index.php\/2024\/11\/19\/la-xylella-arriva-anche-a-cassano-le-parole-dellex-generale-giuseppe-silletti\/","og_site_name":"La Voce del Paese","article_publisher":"https:\/\/www.facebook.com\/lavocedelpaese.info","article_published_time":"2024-11-19T20:13:45+00:00","twitter_card":"summary_large_image","twitter_misc":{"Tempo di lettura stimato":"4 minuti"},"schema":{"@context":"https:\/\/schema.org","@graph":[{"@type":"Article","@id":"https:\/\/lavocedelpaese.info\/index.php\/2024\/11\/19\/la-xylella-arriva-anche-a-cassano-le-parole-dellex-generale-giuseppe-silletti\/#article","isPartOf":{"@id":"https:\/\/lavocedelpaese.info\/index.php\/2024\/11\/19\/la-xylella-arriva-anche-a-cassano-le-parole-dellex-generale-giuseppe-silletti\/"},"author":{"name":"","@id":""},"headline":"La Xylella arriva anche a Cassano: le parole dell\u2019ex Generale Giuseppe Silletti\u00a0\u200b","datePublished":"2024-11-19T20:13:45+00:00","mainEntityOfPage":{"@id":"https:\/\/lavocedelpaese.info\/index.php\/2024\/11\/19\/la-xylella-arriva-anche-a-cassano-le-parole-dellex-generale-giuseppe-silletti\/"},"wordCount":807,"commentCount":0,"publisher":{"@id":"https:\/\/lavocedelpaese.info\/#organization"},"image":{"@id":"https:\/\/lavocedelpaese.info\/index.php\/2024\/11\/19\/la-xylella-arriva-anche-a-cassano-le-parole-dellex-generale-giuseppe-silletti\/#primaryimage"},"thumbnailUrl":"https:\/\/lavocedelpaese.info\/wp-content\/uploads\/2024\/11\/WhatsApp-Image-2024-11-19-at-12.30.17-0aWQIb.jpeg","articleSection":["network"],"inLanguage":"it-IT","potentialAction":[{"@type":"CommentAction","name":"Comment","target":["https:\/\/lavocedelpaese.info\/index.php\/2024\/11\/19\/la-xylella-arriva-anche-a-cassano-le-parole-dellex-generale-giuseppe-silletti\/#respond"]}]},{"@type":"WebPage","@id":"https:\/\/lavocedelpaese.info\/index.php\/2024\/11\/19\/la-xylella-arriva-anche-a-cassano-le-parole-dellex-generale-giuseppe-silletti\/","url":"https:\/\/lavocedelpaese.info\/index.php\/2024\/11\/19\/la-xylella-arriva-anche-a-cassano-le-parole-dellex-generale-giuseppe-silletti\/","name":"La Xylella arriva anche a Cassano: le parole dell\u2019ex Generale Giuseppe Silletti\u00a0\u200b - La Voce del Paese","isPartOf":{"@id":"https:\/\/lavocedelpaese.info\/#website"},"primaryImageOfPage":{"@id":"https:\/\/lavocedelpaese.info\/index.php\/2024\/11\/19\/la-xylella-arriva-anche-a-cassano-le-parole-dellex-generale-giuseppe-silletti\/#primaryimage"},"image":{"@id":"https:\/\/lavocedelpaese.info\/index.php\/2024\/11\/19\/la-xylella-arriva-anche-a-cassano-le-parole-dellex-generale-giuseppe-silletti\/#primaryimage"},"thumbnailUrl":"https:\/\/lavocedelpaese.info\/wp-content\/uploads\/2024\/11\/WhatsApp-Image-2024-11-19-at-12.30.17-0aWQIb.jpeg","datePublished":"2024-11-19T20:13:45+00:00","breadcrumb":{"@id":"https:\/\/lavocedelpaese.info\/index.php\/2024\/11\/19\/la-xylella-arriva-anche-a-cassano-le-parole-dellex-generale-giuseppe-silletti\/#breadcrumb"},"inLanguage":"it-IT","potentialAction":[{"@type":"ReadAction","target":["https:\/\/lavocedelpaese.info\/index.php\/2024\/11\/19\/la-xylella-arriva-anche-a-cassano-le-parole-dellex-generale-giuseppe-silletti\/"]}]},{"@type":"ImageObject","inLanguage":"it-IT","@id":"https:\/\/lavocedelpaese.info\/index.php\/2024\/11\/19\/la-xylella-arriva-anche-a-cassano-le-parole-dellex-generale-giuseppe-silletti\/#primaryimage","url":"https:\/\/lavocedelpaese.info\/wp-content\/uploads\/2024\/11\/WhatsApp-Image-2024-11-19-at-12.30.17-0aWQIb.jpeg","contentUrl":"https:\/\/lavocedelpaese.info\/wp-content\/uploads\/2024\/11\/WhatsApp-Image-2024-11-19-at-12.30.17-0aWQIb.jpeg","width":620,"height":340},{"@type":"BreadcrumbList","@id":"https:\/\/lavocedelpaese.info\/index.php\/2024\/11\/19\/la-xylella-arriva-anche-a-cassano-le-parole-dellex-generale-giuseppe-silletti\/#breadcrumb","itemListElement":[{"@type":"ListItem","position":1,"name":"Home","item":"https:\/\/lavocedelpaese.info\/"},{"@type":"ListItem","position":2,"name":"La Xylella arriva anche a Cassano: le parole dell\u2019ex Generale Giuseppe Silletti\u00a0\u200b"}]},{"@type":"WebSite","@id":"https:\/\/lavocedelpaese.info\/#website","url":"https:\/\/lavocedelpaese.info\/","name":"La Voce del Paese","description":"Un network di idee","publisher":{"@id":"https:\/\/lavocedelpaese.info\/#organization"},"potentialAction":[{"@type":"SearchAction","target":{"@type":"EntryPoint","urlTemplate":"https:\/\/lavocedelpaese.info\/?s={search_term_string}"},"query-input":{"@type":"PropertyValueSpecification","valueRequired":true,"valueName":"search_term_string"}}],"inLanguage":"it-IT"},{"@type":"Organization","@id":"https:\/\/lavocedelpaese.info\/#organization","name":"La Voce del Paese","url":"https:\/\/lavocedelpaese.info\/","logo":{"@type":"ImageObject","inLanguage":"it-IT","@id":"https:\/\/lavocedelpaese.info\/#\/schema\/logo\/image\/","url":"https:\/\/lavocedelpaese.info\/wp-content\/uploads\/2023\/01\/cropped-logo-150-127.png","contentUrl":"https:\/\/lavocedelpaese.info\/wp-content\/uploads\/2023\/01\/cropped-logo-150-127.png","width":137,"height":119,"caption":"La Voce del Paese"},"image":{"@id":"https:\/\/lavocedelpaese.info\/#\/schema\/logo\/image\/"},"sameAs":["https:\/\/www.facebook.com\/lavocedelpaese.info"]}]}},"_links":{"self":[{"href":"https:\/\/lavocedelpaese.info\/index.php\/wp-json\/wp\/v2\/posts\/8351","targetHints":{"allow":["GET"]}}],"collection":[{"href":"https:\/\/lavocedelpaese.info\/index.php\/wp-json\/wp\/v2\/posts"}],"about":[{"href":"https:\/\/lavocedelpaese.info\/index.php\/wp-json\/wp\/v2\/types\/post"}],"replies":[{"embeddable":true,"href":"https:\/\/lavocedelpaese.info\/index.php\/wp-json\/wp\/v2\/comments?post=8351"}],"version-history":[{"count":0,"href":"https:\/\/lavocedelpaese.info\/index.php\/wp-json\/wp\/v2\/posts\/8351\/revisions"}],"wp:featuredmedia":[{"embeddable":true,"href":"https:\/\/lavocedelpaese.info\/index.php\/wp-json\/wp\/v2\/media\/8352"}],"wp:attachment":[{"href":"https:\/\/lavocedelpaese.info\/index.php\/wp-json\/wp\/v2\/media?parent=8351"}],"wp:term":[{"taxonomy":"category","embeddable":true,"href":"https:\/\/lavocedelpaese.info\/index.php\/wp-json\/wp\/v2\/categories?post=8351"},{"taxonomy":"post_tag","embeddable":true,"href":"https:\/\/lavocedelpaese.info\/index.php\/wp-json\/wp\/v2\/tags?post=8351"}],"curies":[{"name":"wp","href":"https:\/\/api.w.org\/{rel}","templated":true}]}}