{"id":8347,"date":"2024-11-19T17:14:37","date_gmt":"2024-11-19T17:14:37","guid":{"rendered":"https:\/\/lavocedelpaese.info\/index.php\/2024\/11\/19\/festa-del-vino-primitivo-e-del-cece-nero-ad-acquaviva\/"},"modified":"2024-11-19T17:14:37","modified_gmt":"2024-11-19T17:14:37","slug":"festa-del-vino-primitivo-e-del-cece-nero-ad-acquaviva","status":"publish","type":"post","link":"https:\/\/lavocedelpaese.info\/index.php\/2024\/11\/19\/festa-del-vino-primitivo-e-del-cece-nero-ad-acquaviva\/","title":{"rendered":"Festa del vino primitivo e del cece nero ad Acquaviva\u00a0\u200b"},"content":{"rendered":"<p>\u00a0<\/p>\n<p>\u200b\u00a0<\/p>\n<p>\u200b\u00a0<\/p>\n<p><strong>Per riscoprire la storia e la tradizione attraverso due prodotti tipici locali<\/strong><\/p>\n\n<p>Due prodotti tipici ma, soprattutto, due ambasciatori della tradizione di una comunit\u00e0. Con questo assunto il Comune di Acquaviva delle Fonti ha promosso la \u201cFesta del Vino Primitivo e del Cece Nero\u201d, in programma il prossimo 23 novembre nelle vie del centro storico che, per l\u2019occasione, si trasformer\u00e0 in un palcoscenico di sapori, tradizioni e cultura.<\/p>\n<p>La manifestazione \u00e8 stata organizzata dalla Pro Loco Curtomartino e sar\u00e0 dedicata alla valorizzazione delle eccellenze enogastronomiche locali, con la partecipazione dell\u2019Associazione Italiana Sommelier (AIS) e di numerose aziende del territorio. Non mancheranno i contributi delle aziende del Consorzio Dop del Vino Primitivo di Gioia del Colle, che proporranno degustazioni dei loro pregiati vini accanto a quelli delle cantine di Acquaviva.<\/p>\n<p>Durante la serata, i visitatori potranno passeggiare tra le suggestive vie del centro storico e scoprire gli stand di degustazione, dove sar\u00e0 possibile assaporare i migliori vini primitivo della zona, accompagnati da piatti tipici. Un focus speciale sar\u00e0 dedicato al cece nero, una variet\u00e0 locale che rappresenta una vera eccellenza della tradizione agricola acquavivese. Nel corso della manifestazione verr\u00e0 raccontata la storia e la coltivazione di questo legume, noto per le sue propriet\u00e0 nutritive e benefiche.<\/p>\n<p>Il sindaco Marco Lenoci ha sottolineato l\u2019importanza di questa iniziativa: \u201cLa Festa del Vino Primitivo e del Cece Nero \u00e8 un\u2019occasione per valorizzare le nostre eccellenze locali e creare un momento di aggregazione per la comunit\u00e0. Il nostro territorio vanta prodotti unici e questa manifestazione \u00e8 un modo per farli conoscere e apprezzare, promuovendo anche il turismo e l\u2019economia locale.\u201d<\/p>\n<p>L\u2019assessore all\u2019Agricoltura e alla Cultura, Mariagrazia Barbieri, ha aggiunto: \u201cLa Festa del Vino Primitivo e del Cece Nero si propone non solo come un\u2019occasione per degustare prodotti di eccellenza, ma anche come un momento di scoperta, con approfondimenti culturali sulla viticoltura locale e sulla coltivazione del cece nero. L\u2019evento \u00e8 aperto a tutti e promette di essere una serata all\u2019insegna del gusto, della convivialit\u00e0 e della riscoperta delle radici territoriali\u201d.<\/p>\n<figure class=\"wp-block-image size-full\"><img decoding=\"async\" width=\"565\" height=\"800\" src=\"https:\/\/acquaviva.lavocedelpaese.info\/wp-content\/uploads\/2024\/11\/festa-del-vino-primitivo-e-del-cece-nero-il-23-novembre-2024-ad-acquaviva-delle-fonti-1.jpeg\" alt=\"\" class=\"wp-image-5009\"\/><\/figure>\n<p><a class=\"a2a_button_facebook\" href=\"https:\/\/www.addtoany.com\/add_to\/facebook?linkurl=https%3A%2F%2Facquaviva.lavocedelpaese.info%2Findex.php%2F2024%2F11%2F19%2Ffesta-del-vino-primitivo-e-del-cece-nero-ad-acquaviva%2F&amp;linkname=Festa%20del%20vino%20primitivo%20e%20del%20cece%20nero%20ad%20Acquaviva\" title=\"Facebook\" rel=\"nofollow noopener\" target=\"_blank\"><\/a><a class=\"a2a_button_twitter\" href=\"https:\/\/www.addtoany.com\/add_to\/twitter?linkurl=https%3A%2F%2Facquaviva.lavocedelpaese.info%2Findex.php%2F2024%2F11%2F19%2Ffesta-del-vino-primitivo-e-del-cece-nero-ad-acquaviva%2F&amp;linkname=Festa%20del%20vino%20primitivo%20e%20del%20cece%20nero%20ad%20Acquaviva\" title=\"Twitter\" rel=\"nofollow noopener\" target=\"_blank\"><\/a><a class=\"a2a_button_whatsapp\" href=\"https:\/\/www.addtoany.com\/add_to\/whatsapp?linkurl=https%3A%2F%2Facquaviva.lavocedelpaese.info%2Findex.php%2F2024%2F11%2F19%2Ffesta-del-vino-primitivo-e-del-cece-nero-ad-acquaviva%2F&amp;linkname=Festa%20del%20vino%20primitivo%20e%20del%20cece%20nero%20ad%20Acquaviva\" title=\"WhatsApp\" rel=\"nofollow noopener\" target=\"_blank\"><\/a><a class=\"a2a_button_telegram\" href=\"https:\/\/www.addtoany.com\/add_to\/telegram?linkurl=https%3A%2F%2Facquaviva.lavocedelpaese.info%2Findex.php%2F2024%2F11%2F19%2Ffesta-del-vino-primitivo-e-del-cece-nero-ad-acquaviva%2F&amp;linkname=Festa%20del%20vino%20primitivo%20e%20del%20cece%20nero%20ad%20Acquaviva\" title=\"Telegram\" rel=\"nofollow noopener\" target=\"_blank\"><\/a><a class=\"a2a_button_email\" href=\"https:\/\/www.addtoany.com\/add_to\/email?linkurl=https%3A%2F%2Facquaviva.lavocedelpaese.info%2Findex.php%2F2024%2F11%2F19%2Ffesta-del-vino-primitivo-e-del-cece-nero-ad-acquaviva%2F&amp;linkname=Festa%20del%20vino%20primitivo%20e%20del%20cece%20nero%20ad%20Acquaviva\" title=\"Email\" rel=\"nofollow noopener\" target=\"_blank\"><\/a><\/p>\n<p>\u00a0<\/p>\n<p>\u00a0<\/p>\n<p>\u200b\u00a0\u00a0\u00a0<\/p>","protected":false},"excerpt":{"rendered":"<p>\u00a0 \u200b\u00a0 \u200b\u00a0 Per riscoprire la storia e la tradizione attraverso due prodotti tipici locali Due prodotti tipici ma, soprattutto,<\/p>\n","protected":false},"author":0,"featured_media":8348,"comment_status":"open","ping_status":"closed","sticky":false,"template":"","format":"standard","meta":{"colormag_page_container_layout":"default_layout","colormag_page_sidebar_layout":"default_layout","footnotes":""},"categories":[33],"tags":[],"class_list":["post-8347","post","type-post","status-publish","format-standard","has-post-thumbnail","hentry","category-network"],"yoast_head":"<!-- This site is optimized with the Yoast SEO plugin v27.5 - https:\/\/yoast.com\/product\/yoast-seo-wordpress\/ -->\n<title>Festa del vino primitivo e del cece nero ad Acquaviva\u00a0\u200b - La Voce del Paese<\/title>\n<meta name=\"robots\" content=\"index, follow, max-snippet:-1, max-image-preview:large, max-video-preview:-1\" \/>\n<link rel=\"canonical\" href=\"https:\/\/lavocedelpaese.info\/index.php\/2024\/11\/19\/festa-del-vino-primitivo-e-del-cece-nero-ad-acquaviva\/\" \/>\n<meta property=\"og:locale\" content=\"it_IT\" \/>\n<meta property=\"og:type\" content=\"article\" \/>\n<meta property=\"og:title\" content=\"Festa del vino primitivo e del cece nero ad Acquaviva\u00a0\u200b - La Voce del Paese\" \/>\n<meta property=\"og:description\" content=\"\u00a0 \u200b\u00a0 \u200b\u00a0 Per riscoprire la storia e la tradizione attraverso due prodotti tipici locali Due prodotti tipici ma, soprattutto,\" \/>\n<meta property=\"og:url\" content=\"https:\/\/lavocedelpaese.info\/index.php\/2024\/11\/19\/festa-del-vino-primitivo-e-del-cece-nero-ad-acquaviva\/\" \/>\n<meta property=\"og:site_name\" content=\"La Voce del Paese\" \/>\n<meta property=\"article:publisher\" content=\"https:\/\/www.facebook.com\/lavocedelpaese.info\" \/>\n<meta property=\"article:published_time\" content=\"2024-11-19T17:14:37+00:00\" \/>\n<meta name=\"twitter:card\" content=\"summary_large_image\" \/>\n<meta name=\"twitter:label1\" content=\"Tempo di lettura stimato\" \/>\n\t<meta name=\"twitter:data1\" content=\"2 minuti\" \/>\n<script type=\"application\/ld+json\" class=\"yoast-schema-graph\">{\"@context\":\"https:\\\/\\\/schema.org\",\"@graph\":[{\"@type\":\"Article\",\"@id\":\"https:\\\/\\\/lavocedelpaese.info\\\/index.php\\\/2024\\\/11\\\/19\\\/festa-del-vino-primitivo-e-del-cece-nero-ad-acquaviva\\\/#article\",\"isPartOf\":{\"@id\":\"https:\\\/\\\/lavocedelpaese.info\\\/index.php\\\/2024\\\/11\\\/19\\\/festa-del-vino-primitivo-e-del-cece-nero-ad-acquaviva\\\/\"},\"author\":{\"name\":\"\",\"@id\":\"\"},\"headline\":\"Festa del vino primitivo e del cece nero ad Acquaviva\u00a0\u200b\",\"datePublished\":\"2024-11-19T17:14:37+00:00\",\"mainEntityOfPage\":{\"@id\":\"https:\\\/\\\/lavocedelpaese.info\\\/index.php\\\/2024\\\/11\\\/19\\\/festa-del-vino-primitivo-e-del-cece-nero-ad-acquaviva\\\/\"},\"wordCount\":350,\"commentCount\":0,\"publisher\":{\"@id\":\"https:\\\/\\\/lavocedelpaese.info\\\/#organization\"},\"image\":{\"@id\":\"https:\\\/\\\/lavocedelpaese.info\\\/index.php\\\/2024\\\/11\\\/19\\\/festa-del-vino-primitivo-e-del-cece-nero-ad-acquaviva\\\/#primaryimage\"},\"thumbnailUrl\":\"https:\\\/\\\/lavocedelpaese.info\\\/wp-content\\\/uploads\\\/2024\\\/11\\\/festa-del-vino-primitivo-e-del-cece-nero-il-23-novembre-2024-ad-acquaviva-delle-fonti-1-pBhlLz.jpeg\",\"articleSection\":[\"network\"],\"inLanguage\":\"it-IT\",\"potentialAction\":[{\"@type\":\"CommentAction\",\"name\":\"Comment\",\"target\":[\"https:\\\/\\\/lavocedelpaese.info\\\/index.php\\\/2024\\\/11\\\/19\\\/festa-del-vino-primitivo-e-del-cece-nero-ad-acquaviva\\\/#respond\"]}]},{\"@type\":\"WebPage\",\"@id\":\"https:\\\/\\\/lavocedelpaese.info\\\/index.php\\\/2024\\\/11\\\/19\\\/festa-del-vino-primitivo-e-del-cece-nero-ad-acquaviva\\\/\",\"url\":\"https:\\\/\\\/lavocedelpaese.info\\\/index.php\\\/2024\\\/11\\\/19\\\/festa-del-vino-primitivo-e-del-cece-nero-ad-acquaviva\\\/\",\"name\":\"Festa del vino primitivo e del cece nero ad Acquaviva\u00a0\u200b - La Voce del Paese\",\"isPartOf\":{\"@id\":\"https:\\\/\\\/lavocedelpaese.info\\\/#website\"},\"primaryImageOfPage\":{\"@id\":\"https:\\\/\\\/lavocedelpaese.info\\\/index.php\\\/2024\\\/11\\\/19\\\/festa-del-vino-primitivo-e-del-cece-nero-ad-acquaviva\\\/#primaryimage\"},\"image\":{\"@id\":\"https:\\\/\\\/lavocedelpaese.info\\\/index.php\\\/2024\\\/11\\\/19\\\/festa-del-vino-primitivo-e-del-cece-nero-ad-acquaviva\\\/#primaryimage\"},\"thumbnailUrl\":\"https:\\\/\\\/lavocedelpaese.info\\\/wp-content\\\/uploads\\\/2024\\\/11\\\/festa-del-vino-primitivo-e-del-cece-nero-il-23-novembre-2024-ad-acquaviva-delle-fonti-1-pBhlLz.jpeg\",\"datePublished\":\"2024-11-19T17:14:37+00:00\",\"breadcrumb\":{\"@id\":\"https:\\\/\\\/lavocedelpaese.info\\\/index.php\\\/2024\\\/11\\\/19\\\/festa-del-vino-primitivo-e-del-cece-nero-ad-acquaviva\\\/#breadcrumb\"},\"inLanguage\":\"it-IT\",\"potentialAction\":[{\"@type\":\"ReadAction\",\"target\":[\"https:\\\/\\\/lavocedelpaese.info\\\/index.php\\\/2024\\\/11\\\/19\\\/festa-del-vino-primitivo-e-del-cece-nero-ad-acquaviva\\\/\"]}]},{\"@type\":\"ImageObject\",\"inLanguage\":\"it-IT\",\"@id\":\"https:\\\/\\\/lavocedelpaese.info\\\/index.php\\\/2024\\\/11\\\/19\\\/festa-del-vino-primitivo-e-del-cece-nero-ad-acquaviva\\\/#primaryimage\",\"url\":\"https:\\\/\\\/lavocedelpaese.info\\\/wp-content\\\/uploads\\\/2024\\\/11\\\/festa-del-vino-primitivo-e-del-cece-nero-il-23-novembre-2024-ad-acquaviva-delle-fonti-1-pBhlLz.jpeg\",\"contentUrl\":\"https:\\\/\\\/lavocedelpaese.info\\\/wp-content\\\/uploads\\\/2024\\\/11\\\/festa-del-vino-primitivo-e-del-cece-nero-il-23-novembre-2024-ad-acquaviva-delle-fonti-1-pBhlLz.jpeg\",\"width\":565,\"height\":800},{\"@type\":\"BreadcrumbList\",\"@id\":\"https:\\\/\\\/lavocedelpaese.info\\\/index.php\\\/2024\\\/11\\\/19\\\/festa-del-vino-primitivo-e-del-cece-nero-ad-acquaviva\\\/#breadcrumb\",\"itemListElement\":[{\"@type\":\"ListItem\",\"position\":1,\"name\":\"Home\",\"item\":\"https:\\\/\\\/lavocedelpaese.info\\\/\"},{\"@type\":\"ListItem\",\"position\":2,\"name\":\"Festa del vino primitivo e del cece nero ad Acquaviva\u00a0\u200b\"}]},{\"@type\":\"WebSite\",\"@id\":\"https:\\\/\\\/lavocedelpaese.info\\\/#website\",\"url\":\"https:\\\/\\\/lavocedelpaese.info\\\/\",\"name\":\"La Voce del Paese\",\"description\":\"Un network di idee\",\"publisher\":{\"@id\":\"https:\\\/\\\/lavocedelpaese.info\\\/#organization\"},\"potentialAction\":[{\"@type\":\"SearchAction\",\"target\":{\"@type\":\"EntryPoint\",\"urlTemplate\":\"https:\\\/\\\/lavocedelpaese.info\\\/?s={search_term_string}\"},\"query-input\":{\"@type\":\"PropertyValueSpecification\",\"valueRequired\":true,\"valueName\":\"search_term_string\"}}],\"inLanguage\":\"it-IT\"},{\"@type\":\"Organization\",\"@id\":\"https:\\\/\\\/lavocedelpaese.info\\\/#organization\",\"name\":\"La Voce del Paese\",\"url\":\"https:\\\/\\\/lavocedelpaese.info\\\/\",\"logo\":{\"@type\":\"ImageObject\",\"inLanguage\":\"it-IT\",\"@id\":\"https:\\\/\\\/lavocedelpaese.info\\\/#\\\/schema\\\/logo\\\/image\\\/\",\"url\":\"https:\\\/\\\/lavocedelpaese.info\\\/wp-content\\\/uploads\\\/2023\\\/01\\\/cropped-logo-150-127.png\",\"contentUrl\":\"https:\\\/\\\/lavocedelpaese.info\\\/wp-content\\\/uploads\\\/2023\\\/01\\\/cropped-logo-150-127.png\",\"width\":137,\"height\":119,\"caption\":\"La Voce del Paese\"},\"image\":{\"@id\":\"https:\\\/\\\/lavocedelpaese.info\\\/#\\\/schema\\\/logo\\\/image\\\/\"},\"sameAs\":[\"https:\\\/\\\/www.facebook.com\\\/lavocedelpaese.info\"]}]}<\/script>\n<!-- \/ Yoast SEO plugin. -->","yoast_head_json":{"title":"Festa del vino primitivo e del cece nero ad Acquaviva\u00a0\u200b - La Voce del Paese","robots":{"index":"index","follow":"follow","max-snippet":"max-snippet:-1","max-image-preview":"max-image-preview:large","max-video-preview":"max-video-preview:-1"},"canonical":"https:\/\/lavocedelpaese.info\/index.php\/2024\/11\/19\/festa-del-vino-primitivo-e-del-cece-nero-ad-acquaviva\/","og_locale":"it_IT","og_type":"article","og_title":"Festa del vino primitivo e del cece nero ad Acquaviva\u00a0\u200b - La Voce del Paese","og_description":"\u00a0 \u200b\u00a0 \u200b\u00a0 Per riscoprire la storia e la tradizione attraverso due prodotti tipici locali Due prodotti tipici ma, soprattutto,","og_url":"https:\/\/lavocedelpaese.info\/index.php\/2024\/11\/19\/festa-del-vino-primitivo-e-del-cece-nero-ad-acquaviva\/","og_site_name":"La Voce del Paese","article_publisher":"https:\/\/www.facebook.com\/lavocedelpaese.info","article_published_time":"2024-11-19T17:14:37+00:00","twitter_card":"summary_large_image","twitter_misc":{"Tempo di lettura stimato":"2 minuti"},"schema":{"@context":"https:\/\/schema.org","@graph":[{"@type":"Article","@id":"https:\/\/lavocedelpaese.info\/index.php\/2024\/11\/19\/festa-del-vino-primitivo-e-del-cece-nero-ad-acquaviva\/#article","isPartOf":{"@id":"https:\/\/lavocedelpaese.info\/index.php\/2024\/11\/19\/festa-del-vino-primitivo-e-del-cece-nero-ad-acquaviva\/"},"author":{"name":"","@id":""},"headline":"Festa del vino primitivo e del cece nero ad Acquaviva\u00a0\u200b","datePublished":"2024-11-19T17:14:37+00:00","mainEntityOfPage":{"@id":"https:\/\/lavocedelpaese.info\/index.php\/2024\/11\/19\/festa-del-vino-primitivo-e-del-cece-nero-ad-acquaviva\/"},"wordCount":350,"commentCount":0,"publisher":{"@id":"https:\/\/lavocedelpaese.info\/#organization"},"image":{"@id":"https:\/\/lavocedelpaese.info\/index.php\/2024\/11\/19\/festa-del-vino-primitivo-e-del-cece-nero-ad-acquaviva\/#primaryimage"},"thumbnailUrl":"https:\/\/lavocedelpaese.info\/wp-content\/uploads\/2024\/11\/festa-del-vino-primitivo-e-del-cece-nero-il-23-novembre-2024-ad-acquaviva-delle-fonti-1-pBhlLz.jpeg","articleSection":["network"],"inLanguage":"it-IT","potentialAction":[{"@type":"CommentAction","name":"Comment","target":["https:\/\/lavocedelpaese.info\/index.php\/2024\/11\/19\/festa-del-vino-primitivo-e-del-cece-nero-ad-acquaviva\/#respond"]}]},{"@type":"WebPage","@id":"https:\/\/lavocedelpaese.info\/index.php\/2024\/11\/19\/festa-del-vino-primitivo-e-del-cece-nero-ad-acquaviva\/","url":"https:\/\/lavocedelpaese.info\/index.php\/2024\/11\/19\/festa-del-vino-primitivo-e-del-cece-nero-ad-acquaviva\/","name":"Festa del vino primitivo e del cece nero ad Acquaviva\u00a0\u200b - La Voce del Paese","isPartOf":{"@id":"https:\/\/lavocedelpaese.info\/#website"},"primaryImageOfPage":{"@id":"https:\/\/lavocedelpaese.info\/index.php\/2024\/11\/19\/festa-del-vino-primitivo-e-del-cece-nero-ad-acquaviva\/#primaryimage"},"image":{"@id":"https:\/\/lavocedelpaese.info\/index.php\/2024\/11\/19\/festa-del-vino-primitivo-e-del-cece-nero-ad-acquaviva\/#primaryimage"},"thumbnailUrl":"https:\/\/lavocedelpaese.info\/wp-content\/uploads\/2024\/11\/festa-del-vino-primitivo-e-del-cece-nero-il-23-novembre-2024-ad-acquaviva-delle-fonti-1-pBhlLz.jpeg","datePublished":"2024-11-19T17:14:37+00:00","breadcrumb":{"@id":"https:\/\/lavocedelpaese.info\/index.php\/2024\/11\/19\/festa-del-vino-primitivo-e-del-cece-nero-ad-acquaviva\/#breadcrumb"},"inLanguage":"it-IT","potentialAction":[{"@type":"ReadAction","target":["https:\/\/lavocedelpaese.info\/index.php\/2024\/11\/19\/festa-del-vino-primitivo-e-del-cece-nero-ad-acquaviva\/"]}]},{"@type":"ImageObject","inLanguage":"it-IT","@id":"https:\/\/lavocedelpaese.info\/index.php\/2024\/11\/19\/festa-del-vino-primitivo-e-del-cece-nero-ad-acquaviva\/#primaryimage","url":"https:\/\/lavocedelpaese.info\/wp-content\/uploads\/2024\/11\/festa-del-vino-primitivo-e-del-cece-nero-il-23-novembre-2024-ad-acquaviva-delle-fonti-1-pBhlLz.jpeg","contentUrl":"https:\/\/lavocedelpaese.info\/wp-content\/uploads\/2024\/11\/festa-del-vino-primitivo-e-del-cece-nero-il-23-novembre-2024-ad-acquaviva-delle-fonti-1-pBhlLz.jpeg","width":565,"height":800},{"@type":"BreadcrumbList","@id":"https:\/\/lavocedelpaese.info\/index.php\/2024\/11\/19\/festa-del-vino-primitivo-e-del-cece-nero-ad-acquaviva\/#breadcrumb","itemListElement":[{"@type":"ListItem","position":1,"name":"Home","item":"https:\/\/lavocedelpaese.info\/"},{"@type":"ListItem","position":2,"name":"Festa del vino primitivo e del cece nero ad Acquaviva\u00a0\u200b"}]},{"@type":"WebSite","@id":"https:\/\/lavocedelpaese.info\/#website","url":"https:\/\/lavocedelpaese.info\/","name":"La Voce del Paese","description":"Un network di idee","publisher":{"@id":"https:\/\/lavocedelpaese.info\/#organization"},"potentialAction":[{"@type":"SearchAction","target":{"@type":"EntryPoint","urlTemplate":"https:\/\/lavocedelpaese.info\/?s={search_term_string}"},"query-input":{"@type":"PropertyValueSpecification","valueRequired":true,"valueName":"search_term_string"}}],"inLanguage":"it-IT"},{"@type":"Organization","@id":"https:\/\/lavocedelpaese.info\/#organization","name":"La Voce del Paese","url":"https:\/\/lavocedelpaese.info\/","logo":{"@type":"ImageObject","inLanguage":"it-IT","@id":"https:\/\/lavocedelpaese.info\/#\/schema\/logo\/image\/","url":"https:\/\/lavocedelpaese.info\/wp-content\/uploads\/2023\/01\/cropped-logo-150-127.png","contentUrl":"https:\/\/lavocedelpaese.info\/wp-content\/uploads\/2023\/01\/cropped-logo-150-127.png","width":137,"height":119,"caption":"La Voce del Paese"},"image":{"@id":"https:\/\/lavocedelpaese.info\/#\/schema\/logo\/image\/"},"sameAs":["https:\/\/www.facebook.com\/lavocedelpaese.info"]}]}},"_links":{"self":[{"href":"https:\/\/lavocedelpaese.info\/index.php\/wp-json\/wp\/v2\/posts\/8347","targetHints":{"allow":["GET"]}}],"collection":[{"href":"https:\/\/lavocedelpaese.info\/index.php\/wp-json\/wp\/v2\/posts"}],"about":[{"href":"https:\/\/lavocedelpaese.info\/index.php\/wp-json\/wp\/v2\/types\/post"}],"replies":[{"embeddable":true,"href":"https:\/\/lavocedelpaese.info\/index.php\/wp-json\/wp\/v2\/comments?post=8347"}],"version-history":[{"count":0,"href":"https:\/\/lavocedelpaese.info\/index.php\/wp-json\/wp\/v2\/posts\/8347\/revisions"}],"wp:featuredmedia":[{"embeddable":true,"href":"https:\/\/lavocedelpaese.info\/index.php\/wp-json\/wp\/v2\/media\/8348"}],"wp:attachment":[{"href":"https:\/\/lavocedelpaese.info\/index.php\/wp-json\/wp\/v2\/media?parent=8347"}],"wp:term":[{"taxonomy":"category","embeddable":true,"href":"https:\/\/lavocedelpaese.info\/index.php\/wp-json\/wp\/v2\/categories?post=8347"},{"taxonomy":"post_tag","embeddable":true,"href":"https:\/\/lavocedelpaese.info\/index.php\/wp-json\/wp\/v2\/tags?post=8347"}],"curies":[{"name":"wp","href":"https:\/\/api.w.org\/{rel}","templated":true}]}}