{"id":8343,"date":"2024-11-18T20:14:58","date_gmt":"2024-11-18T20:14:58","guid":{"rendered":"https:\/\/lavocedelpaese.info\/index.php\/2024\/11\/18\/decimo-anniversario-della-morte-di-don-giovanni-tritto\/"},"modified":"2024-11-18T20:14:58","modified_gmt":"2024-11-18T20:14:58","slug":"decimo-anniversario-della-morte-di-don-giovanni-tritto","status":"publish","type":"post","link":"https:\/\/lavocedelpaese.info\/index.php\/2024\/11\/18\/decimo-anniversario-della-morte-di-don-giovanni-tritto\/","title":{"rendered":"Decimo Anniversario della morte di Don Giovanni Tritto\u00a0\u200b"},"content":{"rendered":"<p>\u00a0<\/p>\n<p>\u200b\u00a0<\/p>\n<p>\u200b\u00a0<\/p>\n<p>di Isabella Giorgio<\/p>\n<p>\u201cRicorrono oggi, i 10 anni della scomparsa del caro Don Giovanni Tritto, gi\u00e0 parroco della Cattedrale.<\/p>\n<figure class=\"wp-block-image size-full\"><img decoding=\"async\" width=\"851\" height=\"315\" src=\"https:\/\/acquaviva.lavocedelpaese.info\/wp-content\/uploads\/2024\/11\/462436795_122101381622563062_4088912270262208715_n.jpg\" alt=\"\" class=\"wp-image-5002\"\/><\/figure>\n<p>Carismatico sacerdote acquavivaese che ha realizzato lo spirito del Concilio Vaticano II.<\/p>\n<p>Nel <a><\/a>suo ultimo saluto ai fedeli, presenti ai festeggiamenti organizzati a sorpresa per i suoi 90 anni nella corsia di Geriatria del Miulli ha detto: \u2018Il segreto del futuro della Chiesa risiede nel rapporto pi\u00f9 intimo tra presbiteri e laici per dare a questi posti di responsabilit\u00e0 perch\u00e9 in molte cose i laici sono molto pi\u00f9 preparati dei presbiteri. La mia gratitudine va a tutta la Comunit\u00e0 della Cattedrale e alla Comunit\u00e0 di Acquaviva\u201d.<\/p>\n<p>Il caro Don Giovanni ha segnato il  percorso spirituale di intere generazioni, un sacerdote su cui poter sempre contare, in ascolto e al servizio della sua Comunit\u00e0 parrocchiale e di Acquaviva delle Fonti.<\/p>\n<p>\u2018La Salvezza, non \u00e8 un\u2019intrapresa personale. Abbiamo sempre bisogno di carrucolarci a vicenda\u201d affermava sempre con convinzione. \u2018Ci si salva insieme\u2019 nella fratellanza solidale.<\/p>\n<figure class=\"wp-block-image size-full\"><img decoding=\"async\" width=\"600\" height=\"800\" src=\"https:\/\/acquaviva.lavocedelpaese.info\/wp-content\/uploads\/2024\/11\/Scorcio-di-San-Benedetto-Tritto-G._.-_13.jpg\" alt=\"\" class=\"wp-image-5000\"\/><\/figure>\n<p>Vorrei ricordarlo oggi con uno dei suoi acquerelli en plein air: lo scorcio di San Benedetto, da lui firmata Tritto G, realizzata nel \u201913. Una veduta per me tanto familiare che sintetizza il suo talento artistico.<\/p>\n<figure class=\"wp-block-image size-full is-resized\"><img decoding=\"async\" width=\"1000\" height=\"750\" src=\"https:\/\/acquaviva.lavocedelpaese.info\/wp-content\/uploads\/2024\/11\/463166168_122105497136563062_6475245156734012026_n.jpg\" alt=\"\" class=\"wp-image-5003\"\/><\/figure>\n<figure class=\"wp-block-image size-full is-resized\"><img decoding=\"async\" width=\"798\" height=\"800\" src=\"https:\/\/acquaviva.lavocedelpaese.info\/wp-content\/uploads\/2024\/11\/462605860_122101377638563062_6364010076688587514_n-1.jpg\" alt=\"\" class=\"wp-image-5001\"\/><\/figure>\n<p>Nelle scorse settimane \u00e8 nato un Comitato Amici di Don Giovanni<\/p>\n<p><a href=\"https:\/\/www.facebook.com\/profile.php?id=61566891872315\">https:\/\/www.facebook.com\/profile.php?id=61566891872315<\/a><\/p>\n<p>che organizzer\u00e0 diverse iniziative per preservarne la sua Memoria: realizzazione di un Bassorilievo da apporre in Cattedrale, un libro che ne illustri la sua vita e i suoi scritti e una mostra.<\/p>\n<p>Appuntamenti:<\/p>\n<p><strong>Domani 19 novembre alle ore 19:00 Santa Messa in Cattedrale.<\/strong><\/p>\n<p>Per contribuire con una donazione finalizzata ad iniziative in occasione del 10\u00b0 Anniversario della dipartita di don Giovanni Tritto: <a href=\"https:\/\/www.gofundme.com\/f\/don-giovanni-tritto?utm_campaign=fp_sharesheet&amp;utm_medium=customer&amp;utm_source=facebook&amp;fbclid=IwZXh0bgNhZW0CMTAAAR1S8qOxn5WrF4dCZc0KpeeMNvDTnrxhRUC4OYsHWarLLTQRKMcW7dagUq4_aem_GLO4UE9fN_B1jGdvoSkhkQ\" rel=\"noreferrer noopener\" target=\"_blank\">https:\/\/www.gofundme.com\/f\/don-giovanni-tritto\u2026<\/a><\/p>\n<figure class=\"wp-block-image size-full\"><img decoding=\"async\" width=\"511\" height=\"720\" src=\"https:\/\/acquaviva.lavocedelpaese.info\/wp-content\/uploads\/2024\/11\/467401518_122120060696563062_5924730813486255781_n.jpg\" alt=\"\" class=\"wp-image-4999\"\/><\/figure>\n<p class=\"has-text-align-right\"><strong>ISABELLA GIORGIO<\/strong><\/p>\n\n<p><a class=\"a2a_button_facebook\" href=\"https:\/\/www.addtoany.com\/add_to\/facebook?linkurl=https%3A%2F%2Facquaviva.lavocedelpaese.info%2Findex.php%2F2024%2F11%2F18%2Fdecimo-anniversario-della-morte-di-don-giovanni-tritto%2F&amp;linkname=Decimo%20Anniversario%20della%20morte%20di%20Don%20Giovanni%20Tritto\" title=\"Facebook\" rel=\"nofollow noopener\" target=\"_blank\"><\/a><a class=\"a2a_button_twitter\" href=\"https:\/\/www.addtoany.com\/add_to\/twitter?linkurl=https%3A%2F%2Facquaviva.lavocedelpaese.info%2Findex.php%2F2024%2F11%2F18%2Fdecimo-anniversario-della-morte-di-don-giovanni-tritto%2F&amp;linkname=Decimo%20Anniversario%20della%20morte%20di%20Don%20Giovanni%20Tritto\" title=\"Twitter\" rel=\"nofollow noopener\" target=\"_blank\"><\/a><a class=\"a2a_button_whatsapp\" href=\"https:\/\/www.addtoany.com\/add_to\/whatsapp?linkurl=https%3A%2F%2Facquaviva.lavocedelpaese.info%2Findex.php%2F2024%2F11%2F18%2Fdecimo-anniversario-della-morte-di-don-giovanni-tritto%2F&amp;linkname=Decimo%20Anniversario%20della%20morte%20di%20Don%20Giovanni%20Tritto\" title=\"WhatsApp\" rel=\"nofollow noopener\" target=\"_blank\"><\/a><a class=\"a2a_button_telegram\" href=\"https:\/\/www.addtoany.com\/add_to\/telegram?linkurl=https%3A%2F%2Facquaviva.lavocedelpaese.info%2Findex.php%2F2024%2F11%2F18%2Fdecimo-anniversario-della-morte-di-don-giovanni-tritto%2F&amp;linkname=Decimo%20Anniversario%20della%20morte%20di%20Don%20Giovanni%20Tritto\" title=\"Telegram\" rel=\"nofollow noopener\" target=\"_blank\"><\/a><a class=\"a2a_button_email\" href=\"https:\/\/www.addtoany.com\/add_to\/email?linkurl=https%3A%2F%2Facquaviva.lavocedelpaese.info%2Findex.php%2F2024%2F11%2F18%2Fdecimo-anniversario-della-morte-di-don-giovanni-tritto%2F&amp;linkname=Decimo%20Anniversario%20della%20morte%20di%20Don%20Giovanni%20Tritto\" title=\"Email\" rel=\"nofollow noopener\" target=\"_blank\"><\/a><\/p>\n<p>\u00a0<\/p>\n<p>\u00a0<\/p>\n<p>\u200b\u00a0\u00a0\u00a0<\/p>","protected":false},"excerpt":{"rendered":"<p>\u00a0 \u200b\u00a0 \u200b\u00a0 di Isabella Giorgio \u201cRicorrono oggi, i 10 anni della scomparsa del caro Don Giovanni Tritto, gi\u00e0 parroco<\/p>\n","protected":false},"author":0,"featured_media":8344,"comment_status":"open","ping_status":"closed","sticky":false,"template":"","format":"standard","meta":{"colormag_page_container_layout":"default_layout","colormag_page_sidebar_layout":"default_layout","footnotes":""},"categories":[33],"tags":[],"class_list":["post-8343","post","type-post","status-publish","format-standard","has-post-thumbnail","hentry","category-network"],"yoast_head":"<!-- This site is optimized with the Yoast SEO plugin v27.5 - https:\/\/yoast.com\/product\/yoast-seo-wordpress\/ -->\n<title>Decimo Anniversario della morte di Don Giovanni Tritto\u00a0\u200b - La Voce del Paese<\/title>\n<meta name=\"robots\" content=\"index, follow, max-snippet:-1, max-image-preview:large, max-video-preview:-1\" \/>\n<link rel=\"canonical\" href=\"https:\/\/lavocedelpaese.info\/index.php\/2024\/11\/18\/decimo-anniversario-della-morte-di-don-giovanni-tritto\/\" \/>\n<meta property=\"og:locale\" content=\"it_IT\" \/>\n<meta property=\"og:type\" content=\"article\" \/>\n<meta property=\"og:title\" content=\"Decimo Anniversario della morte di Don Giovanni Tritto\u00a0\u200b - La Voce del Paese\" \/>\n<meta property=\"og:description\" content=\"\u00a0 \u200b\u00a0 \u200b\u00a0 di Isabella Giorgio \u201cRicorrono oggi, i 10 anni della scomparsa del caro Don Giovanni Tritto, gi\u00e0 parroco\" \/>\n<meta property=\"og:url\" content=\"https:\/\/lavocedelpaese.info\/index.php\/2024\/11\/18\/decimo-anniversario-della-morte-di-don-giovanni-tritto\/\" \/>\n<meta property=\"og:site_name\" content=\"La Voce del Paese\" \/>\n<meta property=\"article:publisher\" content=\"https:\/\/www.facebook.com\/lavocedelpaese.info\" \/>\n<meta property=\"article:published_time\" content=\"2024-11-18T20:14:58+00:00\" \/>\n<meta name=\"twitter:card\" content=\"summary_large_image\" \/>\n<meta name=\"twitter:label1\" content=\"Tempo di lettura stimato\" \/>\n\t<meta name=\"twitter:data1\" content=\"1 minuto\" \/>\n<script type=\"application\/ld+json\" class=\"yoast-schema-graph\">{\"@context\":\"https:\\\/\\\/schema.org\",\"@graph\":[{\"@type\":\"Article\",\"@id\":\"https:\\\/\\\/lavocedelpaese.info\\\/index.php\\\/2024\\\/11\\\/18\\\/decimo-anniversario-della-morte-di-don-giovanni-tritto\\\/#article\",\"isPartOf\":{\"@id\":\"https:\\\/\\\/lavocedelpaese.info\\\/index.php\\\/2024\\\/11\\\/18\\\/decimo-anniversario-della-morte-di-don-giovanni-tritto\\\/\"},\"author\":{\"name\":\"\",\"@id\":\"\"},\"headline\":\"Decimo Anniversario della morte di Don Giovanni Tritto\u00a0\u200b\",\"datePublished\":\"2024-11-18T20:14:58+00:00\",\"mainEntityOfPage\":{\"@id\":\"https:\\\/\\\/lavocedelpaese.info\\\/index.php\\\/2024\\\/11\\\/18\\\/decimo-anniversario-della-morte-di-don-giovanni-tritto\\\/\"},\"wordCount\":287,\"commentCount\":0,\"publisher\":{\"@id\":\"https:\\\/\\\/lavocedelpaese.info\\\/#organization\"},\"image\":{\"@id\":\"https:\\\/\\\/lavocedelpaese.info\\\/index.php\\\/2024\\\/11\\\/18\\\/decimo-anniversario-della-morte-di-don-giovanni-tritto\\\/#primaryimage\"},\"thumbnailUrl\":\"https:\\\/\\\/lavocedelpaese.info\\\/wp-content\\\/uploads\\\/2024\\\/11\\\/462436795_122101381622563062_4088912270262208715_n-vMQma8.jpeg\",\"articleSection\":[\"network\"],\"inLanguage\":\"it-IT\",\"potentialAction\":[{\"@type\":\"CommentAction\",\"name\":\"Comment\",\"target\":[\"https:\\\/\\\/lavocedelpaese.info\\\/index.php\\\/2024\\\/11\\\/18\\\/decimo-anniversario-della-morte-di-don-giovanni-tritto\\\/#respond\"]}]},{\"@type\":\"WebPage\",\"@id\":\"https:\\\/\\\/lavocedelpaese.info\\\/index.php\\\/2024\\\/11\\\/18\\\/decimo-anniversario-della-morte-di-don-giovanni-tritto\\\/\",\"url\":\"https:\\\/\\\/lavocedelpaese.info\\\/index.php\\\/2024\\\/11\\\/18\\\/decimo-anniversario-della-morte-di-don-giovanni-tritto\\\/\",\"name\":\"Decimo Anniversario della morte di Don Giovanni Tritto\u00a0\u200b - La Voce del Paese\",\"isPartOf\":{\"@id\":\"https:\\\/\\\/lavocedelpaese.info\\\/#website\"},\"primaryImageOfPage\":{\"@id\":\"https:\\\/\\\/lavocedelpaese.info\\\/index.php\\\/2024\\\/11\\\/18\\\/decimo-anniversario-della-morte-di-don-giovanni-tritto\\\/#primaryimage\"},\"image\":{\"@id\":\"https:\\\/\\\/lavocedelpaese.info\\\/index.php\\\/2024\\\/11\\\/18\\\/decimo-anniversario-della-morte-di-don-giovanni-tritto\\\/#primaryimage\"},\"thumbnailUrl\":\"https:\\\/\\\/lavocedelpaese.info\\\/wp-content\\\/uploads\\\/2024\\\/11\\\/462436795_122101381622563062_4088912270262208715_n-vMQma8.jpeg\",\"datePublished\":\"2024-11-18T20:14:58+00:00\",\"breadcrumb\":{\"@id\":\"https:\\\/\\\/lavocedelpaese.info\\\/index.php\\\/2024\\\/11\\\/18\\\/decimo-anniversario-della-morte-di-don-giovanni-tritto\\\/#breadcrumb\"},\"inLanguage\":\"it-IT\",\"potentialAction\":[{\"@type\":\"ReadAction\",\"target\":[\"https:\\\/\\\/lavocedelpaese.info\\\/index.php\\\/2024\\\/11\\\/18\\\/decimo-anniversario-della-morte-di-don-giovanni-tritto\\\/\"]}]},{\"@type\":\"ImageObject\",\"inLanguage\":\"it-IT\",\"@id\":\"https:\\\/\\\/lavocedelpaese.info\\\/index.php\\\/2024\\\/11\\\/18\\\/decimo-anniversario-della-morte-di-don-giovanni-tritto\\\/#primaryimage\",\"url\":\"https:\\\/\\\/lavocedelpaese.info\\\/wp-content\\\/uploads\\\/2024\\\/11\\\/462436795_122101381622563062_4088912270262208715_n-vMQma8.jpeg\",\"contentUrl\":\"https:\\\/\\\/lavocedelpaese.info\\\/wp-content\\\/uploads\\\/2024\\\/11\\\/462436795_122101381622563062_4088912270262208715_n-vMQma8.jpeg\",\"width\":851,\"height\":315},{\"@type\":\"BreadcrumbList\",\"@id\":\"https:\\\/\\\/lavocedelpaese.info\\\/index.php\\\/2024\\\/11\\\/18\\\/decimo-anniversario-della-morte-di-don-giovanni-tritto\\\/#breadcrumb\",\"itemListElement\":[{\"@type\":\"ListItem\",\"position\":1,\"name\":\"Home\",\"item\":\"https:\\\/\\\/lavocedelpaese.info\\\/\"},{\"@type\":\"ListItem\",\"position\":2,\"name\":\"Decimo Anniversario della morte di Don Giovanni Tritto\u00a0\u200b\"}]},{\"@type\":\"WebSite\",\"@id\":\"https:\\\/\\\/lavocedelpaese.info\\\/#website\",\"url\":\"https:\\\/\\\/lavocedelpaese.info\\\/\",\"name\":\"La Voce del Paese\",\"description\":\"Un network di idee\",\"publisher\":{\"@id\":\"https:\\\/\\\/lavocedelpaese.info\\\/#organization\"},\"potentialAction\":[{\"@type\":\"SearchAction\",\"target\":{\"@type\":\"EntryPoint\",\"urlTemplate\":\"https:\\\/\\\/lavocedelpaese.info\\\/?s={search_term_string}\"},\"query-input\":{\"@type\":\"PropertyValueSpecification\",\"valueRequired\":true,\"valueName\":\"search_term_string\"}}],\"inLanguage\":\"it-IT\"},{\"@type\":\"Organization\",\"@id\":\"https:\\\/\\\/lavocedelpaese.info\\\/#organization\",\"name\":\"La Voce del Paese\",\"url\":\"https:\\\/\\\/lavocedelpaese.info\\\/\",\"logo\":{\"@type\":\"ImageObject\",\"inLanguage\":\"it-IT\",\"@id\":\"https:\\\/\\\/lavocedelpaese.info\\\/#\\\/schema\\\/logo\\\/image\\\/\",\"url\":\"https:\\\/\\\/lavocedelpaese.info\\\/wp-content\\\/uploads\\\/2023\\\/01\\\/cropped-logo-150-127.png\",\"contentUrl\":\"https:\\\/\\\/lavocedelpaese.info\\\/wp-content\\\/uploads\\\/2023\\\/01\\\/cropped-logo-150-127.png\",\"width\":137,\"height\":119,\"caption\":\"La Voce del Paese\"},\"image\":{\"@id\":\"https:\\\/\\\/lavocedelpaese.info\\\/#\\\/schema\\\/logo\\\/image\\\/\"},\"sameAs\":[\"https:\\\/\\\/www.facebook.com\\\/lavocedelpaese.info\"]}]}<\/script>\n<!-- \/ Yoast SEO plugin. -->","yoast_head_json":{"title":"Decimo Anniversario della morte di Don Giovanni Tritto\u00a0\u200b - La Voce del Paese","robots":{"index":"index","follow":"follow","max-snippet":"max-snippet:-1","max-image-preview":"max-image-preview:large","max-video-preview":"max-video-preview:-1"},"canonical":"https:\/\/lavocedelpaese.info\/index.php\/2024\/11\/18\/decimo-anniversario-della-morte-di-don-giovanni-tritto\/","og_locale":"it_IT","og_type":"article","og_title":"Decimo Anniversario della morte di Don Giovanni Tritto\u00a0\u200b - La Voce del Paese","og_description":"\u00a0 \u200b\u00a0 \u200b\u00a0 di Isabella Giorgio \u201cRicorrono oggi, i 10 anni della scomparsa del caro Don Giovanni Tritto, gi\u00e0 parroco","og_url":"https:\/\/lavocedelpaese.info\/index.php\/2024\/11\/18\/decimo-anniversario-della-morte-di-don-giovanni-tritto\/","og_site_name":"La Voce del Paese","article_publisher":"https:\/\/www.facebook.com\/lavocedelpaese.info","article_published_time":"2024-11-18T20:14:58+00:00","twitter_card":"summary_large_image","twitter_misc":{"Tempo di lettura stimato":"1 minuto"},"schema":{"@context":"https:\/\/schema.org","@graph":[{"@type":"Article","@id":"https:\/\/lavocedelpaese.info\/index.php\/2024\/11\/18\/decimo-anniversario-della-morte-di-don-giovanni-tritto\/#article","isPartOf":{"@id":"https:\/\/lavocedelpaese.info\/index.php\/2024\/11\/18\/decimo-anniversario-della-morte-di-don-giovanni-tritto\/"},"author":{"name":"","@id":""},"headline":"Decimo Anniversario della morte di Don Giovanni Tritto\u00a0\u200b","datePublished":"2024-11-18T20:14:58+00:00","mainEntityOfPage":{"@id":"https:\/\/lavocedelpaese.info\/index.php\/2024\/11\/18\/decimo-anniversario-della-morte-di-don-giovanni-tritto\/"},"wordCount":287,"commentCount":0,"publisher":{"@id":"https:\/\/lavocedelpaese.info\/#organization"},"image":{"@id":"https:\/\/lavocedelpaese.info\/index.php\/2024\/11\/18\/decimo-anniversario-della-morte-di-don-giovanni-tritto\/#primaryimage"},"thumbnailUrl":"https:\/\/lavocedelpaese.info\/wp-content\/uploads\/2024\/11\/462436795_122101381622563062_4088912270262208715_n-vMQma8.jpeg","articleSection":["network"],"inLanguage":"it-IT","potentialAction":[{"@type":"CommentAction","name":"Comment","target":["https:\/\/lavocedelpaese.info\/index.php\/2024\/11\/18\/decimo-anniversario-della-morte-di-don-giovanni-tritto\/#respond"]}]},{"@type":"WebPage","@id":"https:\/\/lavocedelpaese.info\/index.php\/2024\/11\/18\/decimo-anniversario-della-morte-di-don-giovanni-tritto\/","url":"https:\/\/lavocedelpaese.info\/index.php\/2024\/11\/18\/decimo-anniversario-della-morte-di-don-giovanni-tritto\/","name":"Decimo Anniversario della morte di Don Giovanni Tritto\u00a0\u200b - La Voce del Paese","isPartOf":{"@id":"https:\/\/lavocedelpaese.info\/#website"},"primaryImageOfPage":{"@id":"https:\/\/lavocedelpaese.info\/index.php\/2024\/11\/18\/decimo-anniversario-della-morte-di-don-giovanni-tritto\/#primaryimage"},"image":{"@id":"https:\/\/lavocedelpaese.info\/index.php\/2024\/11\/18\/decimo-anniversario-della-morte-di-don-giovanni-tritto\/#primaryimage"},"thumbnailUrl":"https:\/\/lavocedelpaese.info\/wp-content\/uploads\/2024\/11\/462436795_122101381622563062_4088912270262208715_n-vMQma8.jpeg","datePublished":"2024-11-18T20:14:58+00:00","breadcrumb":{"@id":"https:\/\/lavocedelpaese.info\/index.php\/2024\/11\/18\/decimo-anniversario-della-morte-di-don-giovanni-tritto\/#breadcrumb"},"inLanguage":"it-IT","potentialAction":[{"@type":"ReadAction","target":["https:\/\/lavocedelpaese.info\/index.php\/2024\/11\/18\/decimo-anniversario-della-morte-di-don-giovanni-tritto\/"]}]},{"@type":"ImageObject","inLanguage":"it-IT","@id":"https:\/\/lavocedelpaese.info\/index.php\/2024\/11\/18\/decimo-anniversario-della-morte-di-don-giovanni-tritto\/#primaryimage","url":"https:\/\/lavocedelpaese.info\/wp-content\/uploads\/2024\/11\/462436795_122101381622563062_4088912270262208715_n-vMQma8.jpeg","contentUrl":"https:\/\/lavocedelpaese.info\/wp-content\/uploads\/2024\/11\/462436795_122101381622563062_4088912270262208715_n-vMQma8.jpeg","width":851,"height":315},{"@type":"BreadcrumbList","@id":"https:\/\/lavocedelpaese.info\/index.php\/2024\/11\/18\/decimo-anniversario-della-morte-di-don-giovanni-tritto\/#breadcrumb","itemListElement":[{"@type":"ListItem","position":1,"name":"Home","item":"https:\/\/lavocedelpaese.info\/"},{"@type":"ListItem","position":2,"name":"Decimo Anniversario della morte di Don Giovanni Tritto\u00a0\u200b"}]},{"@type":"WebSite","@id":"https:\/\/lavocedelpaese.info\/#website","url":"https:\/\/lavocedelpaese.info\/","name":"La Voce del Paese","description":"Un network di idee","publisher":{"@id":"https:\/\/lavocedelpaese.info\/#organization"},"potentialAction":[{"@type":"SearchAction","target":{"@type":"EntryPoint","urlTemplate":"https:\/\/lavocedelpaese.info\/?s={search_term_string}"},"query-input":{"@type":"PropertyValueSpecification","valueRequired":true,"valueName":"search_term_string"}}],"inLanguage":"it-IT"},{"@type":"Organization","@id":"https:\/\/lavocedelpaese.info\/#organization","name":"La Voce del Paese","url":"https:\/\/lavocedelpaese.info\/","logo":{"@type":"ImageObject","inLanguage":"it-IT","@id":"https:\/\/lavocedelpaese.info\/#\/schema\/logo\/image\/","url":"https:\/\/lavocedelpaese.info\/wp-content\/uploads\/2023\/01\/cropped-logo-150-127.png","contentUrl":"https:\/\/lavocedelpaese.info\/wp-content\/uploads\/2023\/01\/cropped-logo-150-127.png","width":137,"height":119,"caption":"La Voce del Paese"},"image":{"@id":"https:\/\/lavocedelpaese.info\/#\/schema\/logo\/image\/"},"sameAs":["https:\/\/www.facebook.com\/lavocedelpaese.info"]}]}},"_links":{"self":[{"href":"https:\/\/lavocedelpaese.info\/index.php\/wp-json\/wp\/v2\/posts\/8343","targetHints":{"allow":["GET"]}}],"collection":[{"href":"https:\/\/lavocedelpaese.info\/index.php\/wp-json\/wp\/v2\/posts"}],"about":[{"href":"https:\/\/lavocedelpaese.info\/index.php\/wp-json\/wp\/v2\/types\/post"}],"replies":[{"embeddable":true,"href":"https:\/\/lavocedelpaese.info\/index.php\/wp-json\/wp\/v2\/comments?post=8343"}],"version-history":[{"count":0,"href":"https:\/\/lavocedelpaese.info\/index.php\/wp-json\/wp\/v2\/posts\/8343\/revisions"}],"wp:featuredmedia":[{"embeddable":true,"href":"https:\/\/lavocedelpaese.info\/index.php\/wp-json\/wp\/v2\/media\/8344"}],"wp:attachment":[{"href":"https:\/\/lavocedelpaese.info\/index.php\/wp-json\/wp\/v2\/media?parent=8343"}],"wp:term":[{"taxonomy":"category","embeddable":true,"href":"https:\/\/lavocedelpaese.info\/index.php\/wp-json\/wp\/v2\/categories?post=8343"},{"taxonomy":"post_tag","embeddable":true,"href":"https:\/\/lavocedelpaese.info\/index.php\/wp-json\/wp\/v2\/tags?post=8343"}],"curies":[{"name":"wp","href":"https:\/\/api.w.org\/{rel}","templated":true}]}}