{"id":8341,"date":"2024-11-18T20:14:55","date_gmt":"2024-11-18T20:14:55","guid":{"rendered":"https:\/\/lavocedelpaese.info\/index.php\/2024\/11\/18\/un-giovane-di-cassano-delle-murge-tra-i-protagonisti-del-giuramento-alla-nunziatella\/"},"modified":"2024-11-18T20:14:55","modified_gmt":"2024-11-18T20:14:55","slug":"un-giovane-di-cassano-delle-murge-tra-i-protagonisti-del-giuramento-alla-nunziatella","status":"publish","type":"post","link":"https:\/\/lavocedelpaese.info\/index.php\/2024\/11\/18\/un-giovane-di-cassano-delle-murge-tra-i-protagonisti-del-giuramento-alla-nunziatella\/","title":{"rendered":"Un giovane di Cassano delle Murge tra i protagonisti del Giuramento alla Nunziatella\u00a0\u200b"},"content":{"rendered":"<p>\u00a0<\/p>\n<p>\u200b\u00a0<\/p>\n<p>\u200b\u00a0<\/p>\n<h4 class=\"wp-block-heading\"><strong>Il 16enne Enrico Marco Giordano Messeni Petruzzelli \u00e8 tra i 57 nuovi Allievi della prestigiosa Scuola Militare<\/strong><\/h4>\n<p>Questa mattina, a Napoli, nella suggestiva cornice di Piazza del Plebiscito, i 57 Allievi del 237\u00b0 Corso intitolato alla \u201cMedaglia d\u2019Oro al Valor Militare Tenente Colonnello Enrico Giammarco\u201d hanno prestato Giuramento di fedelt\u00e0 alla Repubblica Italiana.<\/p>\n<p>Tra i cadetti di quest\u2019anno spicca anche il 16enne <strong>Enrico Marco Giordano Messeni Petruzzelli<\/strong>, originario di Cassano delle Murge.<\/p>\n<p>Il momento culminante della cerimonia \u2013 svoltasi alla presenza del Sottosegretario di Stato per la Difesa, Senatrice <strong>Isabella Rauti<\/strong>, e delle massime autorit\u00e0 militari \u2013 \u00e8 stato la lettura, davanti alla Bandiera d\u2019Istituto, della formula tradizionale da parte del Comandante della Scuola Militare \u201cNunziatella\u201d, Colonnello <strong>Alberto Valent<\/strong>.<\/p>\n<figure class=\"wp-block-image size-large\"><img decoding=\"async\" width=\"1024\" height=\"683\" src=\"https:\/\/cassano.lavocedelpaese.info\/wp-content\/uploads\/2024\/11\/5.-Lo-giuro-1024x683.jpeg\" alt=\"\" class=\"wp-image-5531\"\/><figcaption class=\"wp-element-caption\"><strong><em>Un momento del Giuramento<\/em><\/strong><\/figcaption><\/figure>\n<h4 class=\"wp-block-heading\"><strong>Le dichiarazioni delle autorit\u00e0<\/strong><\/h4>\n<p>La <strong>Senatrice Rauti<\/strong> ha sottolineato il valore della scelta coraggiosa compiuta da ciascun Allievo: \u00abNell\u2019esercizio della mia delega alla Formazione del personale civile e militare della Difesa, ho visitato spesso la Scuola Nunziatella, conosco la sua storia iniziata il 18 novembre del 1787 e la sua vocazione, un luogo simbolo che prepara \u201calla vita e alle armi\u201d, dove si formano cittadini radicati nei valori nobili e metastorici, dove crescono i futuri Comandanti e Leader consapevoli\u00bb.<br \/>\u00abChi sceglie di frequentare una Scuola Militare fa, in giovane et\u00e0, una scelta coraggiosa, si mette alla prova, getta il cuore oltre l\u2019ostacolo; siete e sarete giovani Uomini e Donne che non si faranno travolgere dagli eventi ma che governeranno il loro futuro con intelligenza e determinazione, con lucidit\u00e0 ma sempre con umanit\u00e0 e buoni sentimenti\u00bb \u2013 ha concluso il Sottosegretario di Stato per la Difesa.<\/p>\n<figure class=\"wp-block-image size-large\"><img decoding=\"async\" width=\"1024\" height=\"683\" src=\"https:\/\/cassano.lavocedelpaese.info\/wp-content\/uploads\/2024\/11\/8.-Intervento-della-SSSD-Sen.-Isabella-Rauti-1024x683.jpeg\" alt=\"\" class=\"wp-image-5527\"\/><figcaption class=\"wp-element-caption\"><strong><em>La Sen. Isabella Rauti<\/em><\/strong><\/figcaption><\/figure>\n<p>Anche il Generale <strong>Luciano Portolano<\/strong>, Capo di Stato Maggiore della Difesa, ha evidenziato l\u2019importanza del percorso intrapreso: \u00abCon il giuramento di questa mattina, voi, Allievi del 237\u00b0 corso, avete accettato, consapevolmente, la responsabilit\u00e0 di diventare figure di riferimento per chi vi circonder\u00e0, attori autorevoli per la nostra societ\u00e0, e futuri leader della nostra nazione. non abbiate timore. Guardate al mondo e al futuro con positivit\u00e0, sappiate per\u00f2 che il cammino non sar\u00e0 privo di ostacoli e richieder\u00e0 molto impegno e sacrificio. \u00a0siate sempre fieri di ci\u00f2 che siete e rappresentate. Benvenuti nella grande famiglia della difesa\u00bb.<\/p>\n<figure class=\"wp-block-image size-large\"><img decoding=\"async\" width=\"1024\" height=\"683\" src=\"https:\/\/cassano.lavocedelpaese.info\/wp-content\/uploads\/2024\/11\/9.-Intervento-del-Capo-di-SMD-Gen.-Luciano-Portolano-1024x683.jpeg\" alt=\"\" class=\"wp-image-5526\"\/><figcaption class=\"wp-element-caption\"><strong><em>Il Gen. Luciano Portolano<\/em><\/strong><\/figcaption><\/figure>\n<p>Il Capo di Stato Maggiore dell\u2019Esercito, Generale di Corpo d\u2019Armata <strong>Carmine Masiello<\/strong>, nel suo intervento, ha poi rimarcato il valore della formazione come pilastro della crescita personale e professionale: \u00abLa formazione \u00e8 una sfida centrale della societ\u00e0 e delle istituzioni, ed \u00e8 un compito particolarmente arduo. Dobbiamo guidare i nostri giovani, che non devono avere paura di sbagliare, perch\u00e9 questo toglie ossigeno all\u2019innovazione, non aiuta a crescere. Vanno incoraggiati a inseguire i loro sogni, a fare sempre la cosa giusta, perch\u00e9 maggiore \u00e8 l\u2019integrit\u00e0 e l\u2019onest\u00e0 che li guida, pi\u00f9 forte sar\u00e0 la loro personalit\u00e0 e la capacit\u00e0 di partecipare all\u2019evoluzione positiva dell\u2019Istituzione\u00bb. <br \/>\u00abSono onorato \u2013 ha proseguito \u2013 di potervi dare il benvenuto nella famiglia dell\u2019Esercito; una famiglia che gioisce per i grazie, il sorriso e le strette di mano dei cittadini e delle persone che aiuta. Questo \u00e8 un giorno speciale che ricorderete tutta la vita; vi legher\u00e0 indissolubilmente ai valori della Repubblica, ai principi della costituzione e alle leggi della Patria. Qualunque sar\u00e0 la vostra scelta per il futuro, le vostre capacit\u00e0 e competenze, i vostri talenti e le vostre responsabilit\u00e0 si intersecheranno e saranno condizionate dalla solenne promessa fatta all\u2019Italia\u00bb.<\/p>\n<figure class=\"wp-block-image size-large\"><img decoding=\"async\" width=\"1024\" height=\"683\" src=\"https:\/\/cassano.lavocedelpaese.info\/wp-content\/uploads\/2024\/11\/2.-Intervento-del-Capo-di-SME-Gen.C.A.-Carmine-Masiello-1024x683.jpeg\" alt=\"\" class=\"wp-image-5528\"\/><figcaption class=\"wp-element-caption\"><strong><em>Il Gen. C. A. Carmine Masiello<\/em><\/strong><\/figcaption><\/figure>\n<h4 class=\"wp-block-heading\"><strong>Un\u2019istituzione di eccellenza<\/strong><\/h4>\n<p>Fondata il 18 novembre 1787, la Scuola Militare \u201cNunziatella\u201d, da oltre due secoli, si conferma un polo formativo d\u2019eccellenza, si distingue per un approccio integrato che garantisce elevati standard in ambito didattico, allenamento sportivo e formazione militare, preparando gli allievi non solo per il mondo universitario e una futura carriera nelle Forze Armate, ma anche per affrontare qualsiasi settore professionale. Questo istituto pone anche grande attenzione allo sviluppo di capacit\u00e0 trasversali, insegnando agli allievi l\u2019importanza di saper eseguire per sviluppare il coraggio di decidere, di sapersi occupare del prossimo, trovare soluzioni di gruppo, prediligendo il lavoro di squadra.<\/p>\n<p>Inoltre, la Nunziatella promuove valori fondamentali come disciplina, responsabilit\u00e0, coraggio, generosit\u00e0 e senso del dovere, con l\u2019intento di formare futuri leader, civili e militari, capaci di applicare tali valori nel servizio alla Nazione. \u00c8 all\u2019avanguardia nelle discipline STEM, grazie all\u2019interazione con ex allievi con grandi competenze provenienti dal mondo universitario e industriale, offrendo agli studenti l\u2019opportunit\u00e0 di confrontarsi con le innovazioni pi\u00f9 recenti.<\/p>\n<p><a class=\"a2a_button_facebook\" href=\"https:\/\/www.addtoany.com\/add_to\/facebook?linkurl=https%3A%2F%2Fcassano.lavocedelpaese.info%2Fun-giovane-di-cassano-delle-murge-tra-i-protagonisti-del-giuramento-alla-nunziatella%2F&amp;linkname=Un%20giovane%20di%20Cassano%20delle%20Murge%20tra%20i%20protagonisti%20del%20Giuramento%20alla%20Nunziatella\" title=\"Facebook\" rel=\"nofollow noopener\" target=\"_blank\"><\/a><a class=\"a2a_button_twitter\" href=\"https:\/\/www.addtoany.com\/add_to\/twitter?linkurl=https%3A%2F%2Fcassano.lavocedelpaese.info%2Fun-giovane-di-cassano-delle-murge-tra-i-protagonisti-del-giuramento-alla-nunziatella%2F&amp;linkname=Un%20giovane%20di%20Cassano%20delle%20Murge%20tra%20i%20protagonisti%20del%20Giuramento%20alla%20Nunziatella\" title=\"Twitter\" rel=\"nofollow noopener\" target=\"_blank\"><\/a><a class=\"a2a_button_whatsapp\" href=\"https:\/\/www.addtoany.com\/add_to\/whatsapp?linkurl=https%3A%2F%2Fcassano.lavocedelpaese.info%2Fun-giovane-di-cassano-delle-murge-tra-i-protagonisti-del-giuramento-alla-nunziatella%2F&amp;linkname=Un%20giovane%20di%20Cassano%20delle%20Murge%20tra%20i%20protagonisti%20del%20Giuramento%20alla%20Nunziatella\" title=\"WhatsApp\" rel=\"nofollow noopener\" target=\"_blank\"><\/a><a class=\"a2a_button_telegram\" href=\"https:\/\/www.addtoany.com\/add_to\/telegram?linkurl=https%3A%2F%2Fcassano.lavocedelpaese.info%2Fun-giovane-di-cassano-delle-murge-tra-i-protagonisti-del-giuramento-alla-nunziatella%2F&amp;linkname=Un%20giovane%20di%20Cassano%20delle%20Murge%20tra%20i%20protagonisti%20del%20Giuramento%20alla%20Nunziatella\" title=\"Telegram\" rel=\"nofollow noopener\" target=\"_blank\"><\/a><a class=\"a2a_button_email\" href=\"https:\/\/www.addtoany.com\/add_to\/email?linkurl=https%3A%2F%2Fcassano.lavocedelpaese.info%2Fun-giovane-di-cassano-delle-murge-tra-i-protagonisti-del-giuramento-alla-nunziatella%2F&amp;linkname=Un%20giovane%20di%20Cassano%20delle%20Murge%20tra%20i%20protagonisti%20del%20Giuramento%20alla%20Nunziatella\" title=\"Email\" rel=\"nofollow noopener\" target=\"_blank\"><\/a><\/p>\n<p>\u00a0<\/p>\n<p>\u00a0<\/p>\n<p>\u200b\u00a0\u00a0\u00a0<\/p>","protected":false},"excerpt":{"rendered":"<p>\u00a0 \u200b\u00a0 \u200b\u00a0 Il 16enne Enrico Marco Giordano Messeni Petruzzelli \u00e8 tra i 57 nuovi Allievi della prestigiosa Scuola Militare<\/p>\n","protected":false},"author":0,"featured_media":8342,"comment_status":"open","ping_status":"closed","sticky":false,"template":"","format":"standard","meta":{"colormag_page_container_layout":"default_layout","colormag_page_sidebar_layout":"default_layout","footnotes":""},"categories":[33],"tags":[],"class_list":["post-8341","post","type-post","status-publish","format-standard","has-post-thumbnail","hentry","category-network"],"yoast_head":"<!-- This site is optimized with the Yoast SEO plugin v27.5 - https:\/\/yoast.com\/product\/yoast-seo-wordpress\/ -->\n<title>Un giovane di Cassano delle Murge tra i protagonisti del Giuramento alla Nunziatella\u00a0\u200b - La Voce del Paese<\/title>\n<meta name=\"robots\" content=\"index, follow, max-snippet:-1, max-image-preview:large, max-video-preview:-1\" \/>\n<link rel=\"canonical\" href=\"https:\/\/lavocedelpaese.info\/index.php\/2024\/11\/18\/un-giovane-di-cassano-delle-murge-tra-i-protagonisti-del-giuramento-alla-nunziatella\/\" \/>\n<meta property=\"og:locale\" content=\"it_IT\" \/>\n<meta property=\"og:type\" content=\"article\" \/>\n<meta property=\"og:title\" content=\"Un giovane di Cassano delle Murge tra i protagonisti del Giuramento alla Nunziatella\u00a0\u200b - La Voce del Paese\" \/>\n<meta property=\"og:description\" content=\"\u00a0 \u200b\u00a0 \u200b\u00a0 Il 16enne Enrico Marco Giordano Messeni Petruzzelli \u00e8 tra i 57 nuovi Allievi della prestigiosa Scuola Militare\" \/>\n<meta property=\"og:url\" content=\"https:\/\/lavocedelpaese.info\/index.php\/2024\/11\/18\/un-giovane-di-cassano-delle-murge-tra-i-protagonisti-del-giuramento-alla-nunziatella\/\" \/>\n<meta property=\"og:site_name\" content=\"La Voce del Paese\" \/>\n<meta property=\"article:publisher\" content=\"https:\/\/www.facebook.com\/lavocedelpaese.info\" \/>\n<meta property=\"article:published_time\" content=\"2024-11-18T20:14:55+00:00\" \/>\n<meta name=\"twitter:card\" content=\"summary_large_image\" \/>\n<meta name=\"twitter:label1\" content=\"Tempo di lettura stimato\" \/>\n\t<meta name=\"twitter:data1\" content=\"4 minuti\" \/>\n<script type=\"application\/ld+json\" class=\"yoast-schema-graph\">{\"@context\":\"https:\\\/\\\/schema.org\",\"@graph\":[{\"@type\":\"Article\",\"@id\":\"https:\\\/\\\/lavocedelpaese.info\\\/index.php\\\/2024\\\/11\\\/18\\\/un-giovane-di-cassano-delle-murge-tra-i-protagonisti-del-giuramento-alla-nunziatella\\\/#article\",\"isPartOf\":{\"@id\":\"https:\\\/\\\/lavocedelpaese.info\\\/index.php\\\/2024\\\/11\\\/18\\\/un-giovane-di-cassano-delle-murge-tra-i-protagonisti-del-giuramento-alla-nunziatella\\\/\"},\"author\":{\"name\":\"\",\"@id\":\"\"},\"headline\":\"Un giovane di Cassano delle Murge tra i protagonisti del Giuramento alla Nunziatella\u00a0\u200b\",\"datePublished\":\"2024-11-18T20:14:55+00:00\",\"mainEntityOfPage\":{\"@id\":\"https:\\\/\\\/lavocedelpaese.info\\\/index.php\\\/2024\\\/11\\\/18\\\/un-giovane-di-cassano-delle-murge-tra-i-protagonisti-del-giuramento-alla-nunziatella\\\/\"},\"wordCount\":751,\"commentCount\":0,\"publisher\":{\"@id\":\"https:\\\/\\\/lavocedelpaese.info\\\/#organization\"},\"image\":{\"@id\":\"https:\\\/\\\/lavocedelpaese.info\\\/index.php\\\/2024\\\/11\\\/18\\\/un-giovane-di-cassano-delle-murge-tra-i-protagonisti-del-giuramento-alla-nunziatella\\\/#primaryimage\"},\"thumbnailUrl\":\"https:\\\/\\\/lavocedelpaese.info\\\/wp-content\\\/uploads\\\/2024\\\/11\\\/5.-Lo-giuro-1024x683-jfwDfm.jpeg\",\"articleSection\":[\"network\"],\"inLanguage\":\"it-IT\",\"potentialAction\":[{\"@type\":\"CommentAction\",\"name\":\"Comment\",\"target\":[\"https:\\\/\\\/lavocedelpaese.info\\\/index.php\\\/2024\\\/11\\\/18\\\/un-giovane-di-cassano-delle-murge-tra-i-protagonisti-del-giuramento-alla-nunziatella\\\/#respond\"]}]},{\"@type\":\"WebPage\",\"@id\":\"https:\\\/\\\/lavocedelpaese.info\\\/index.php\\\/2024\\\/11\\\/18\\\/un-giovane-di-cassano-delle-murge-tra-i-protagonisti-del-giuramento-alla-nunziatella\\\/\",\"url\":\"https:\\\/\\\/lavocedelpaese.info\\\/index.php\\\/2024\\\/11\\\/18\\\/un-giovane-di-cassano-delle-murge-tra-i-protagonisti-del-giuramento-alla-nunziatella\\\/\",\"name\":\"Un giovane di Cassano delle Murge tra i protagonisti del Giuramento alla Nunziatella\u00a0\u200b - La Voce del Paese\",\"isPartOf\":{\"@id\":\"https:\\\/\\\/lavocedelpaese.info\\\/#website\"},\"primaryImageOfPage\":{\"@id\":\"https:\\\/\\\/lavocedelpaese.info\\\/index.php\\\/2024\\\/11\\\/18\\\/un-giovane-di-cassano-delle-murge-tra-i-protagonisti-del-giuramento-alla-nunziatella\\\/#primaryimage\"},\"image\":{\"@id\":\"https:\\\/\\\/lavocedelpaese.info\\\/index.php\\\/2024\\\/11\\\/18\\\/un-giovane-di-cassano-delle-murge-tra-i-protagonisti-del-giuramento-alla-nunziatella\\\/#primaryimage\"},\"thumbnailUrl\":\"https:\\\/\\\/lavocedelpaese.info\\\/wp-content\\\/uploads\\\/2024\\\/11\\\/5.-Lo-giuro-1024x683-jfwDfm.jpeg\",\"datePublished\":\"2024-11-18T20:14:55+00:00\",\"breadcrumb\":{\"@id\":\"https:\\\/\\\/lavocedelpaese.info\\\/index.php\\\/2024\\\/11\\\/18\\\/un-giovane-di-cassano-delle-murge-tra-i-protagonisti-del-giuramento-alla-nunziatella\\\/#breadcrumb\"},\"inLanguage\":\"it-IT\",\"potentialAction\":[{\"@type\":\"ReadAction\",\"target\":[\"https:\\\/\\\/lavocedelpaese.info\\\/index.php\\\/2024\\\/11\\\/18\\\/un-giovane-di-cassano-delle-murge-tra-i-protagonisti-del-giuramento-alla-nunziatella\\\/\"]}]},{\"@type\":\"ImageObject\",\"inLanguage\":\"it-IT\",\"@id\":\"https:\\\/\\\/lavocedelpaese.info\\\/index.php\\\/2024\\\/11\\\/18\\\/un-giovane-di-cassano-delle-murge-tra-i-protagonisti-del-giuramento-alla-nunziatella\\\/#primaryimage\",\"url\":\"https:\\\/\\\/lavocedelpaese.info\\\/wp-content\\\/uploads\\\/2024\\\/11\\\/5.-Lo-giuro-1024x683-jfwDfm.jpeg\",\"contentUrl\":\"https:\\\/\\\/lavocedelpaese.info\\\/wp-content\\\/uploads\\\/2024\\\/11\\\/5.-Lo-giuro-1024x683-jfwDfm.jpeg\",\"width\":1000,\"height\":667},{\"@type\":\"BreadcrumbList\",\"@id\":\"https:\\\/\\\/lavocedelpaese.info\\\/index.php\\\/2024\\\/11\\\/18\\\/un-giovane-di-cassano-delle-murge-tra-i-protagonisti-del-giuramento-alla-nunziatella\\\/#breadcrumb\",\"itemListElement\":[{\"@type\":\"ListItem\",\"position\":1,\"name\":\"Home\",\"item\":\"https:\\\/\\\/lavocedelpaese.info\\\/\"},{\"@type\":\"ListItem\",\"position\":2,\"name\":\"Un giovane di Cassano delle Murge tra i protagonisti del Giuramento alla Nunziatella\u00a0\u200b\"}]},{\"@type\":\"WebSite\",\"@id\":\"https:\\\/\\\/lavocedelpaese.info\\\/#website\",\"url\":\"https:\\\/\\\/lavocedelpaese.info\\\/\",\"name\":\"La Voce del Paese\",\"description\":\"Un network di idee\",\"publisher\":{\"@id\":\"https:\\\/\\\/lavocedelpaese.info\\\/#organization\"},\"potentialAction\":[{\"@type\":\"SearchAction\",\"target\":{\"@type\":\"EntryPoint\",\"urlTemplate\":\"https:\\\/\\\/lavocedelpaese.info\\\/?s={search_term_string}\"},\"query-input\":{\"@type\":\"PropertyValueSpecification\",\"valueRequired\":true,\"valueName\":\"search_term_string\"}}],\"inLanguage\":\"it-IT\"},{\"@type\":\"Organization\",\"@id\":\"https:\\\/\\\/lavocedelpaese.info\\\/#organization\",\"name\":\"La Voce del Paese\",\"url\":\"https:\\\/\\\/lavocedelpaese.info\\\/\",\"logo\":{\"@type\":\"ImageObject\",\"inLanguage\":\"it-IT\",\"@id\":\"https:\\\/\\\/lavocedelpaese.info\\\/#\\\/schema\\\/logo\\\/image\\\/\",\"url\":\"https:\\\/\\\/lavocedelpaese.info\\\/wp-content\\\/uploads\\\/2023\\\/01\\\/cropped-logo-150-127.png\",\"contentUrl\":\"https:\\\/\\\/lavocedelpaese.info\\\/wp-content\\\/uploads\\\/2023\\\/01\\\/cropped-logo-150-127.png\",\"width\":137,\"height\":119,\"caption\":\"La Voce del Paese\"},\"image\":{\"@id\":\"https:\\\/\\\/lavocedelpaese.info\\\/#\\\/schema\\\/logo\\\/image\\\/\"},\"sameAs\":[\"https:\\\/\\\/www.facebook.com\\\/lavocedelpaese.info\"]}]}<\/script>\n<!-- \/ Yoast SEO plugin. -->","yoast_head_json":{"title":"Un giovane di Cassano delle Murge tra i protagonisti del Giuramento alla Nunziatella\u00a0\u200b - La Voce del Paese","robots":{"index":"index","follow":"follow","max-snippet":"max-snippet:-1","max-image-preview":"max-image-preview:large","max-video-preview":"max-video-preview:-1"},"canonical":"https:\/\/lavocedelpaese.info\/index.php\/2024\/11\/18\/un-giovane-di-cassano-delle-murge-tra-i-protagonisti-del-giuramento-alla-nunziatella\/","og_locale":"it_IT","og_type":"article","og_title":"Un giovane di Cassano delle Murge tra i protagonisti del Giuramento alla Nunziatella\u00a0\u200b - La Voce del Paese","og_description":"\u00a0 \u200b\u00a0 \u200b\u00a0 Il 16enne Enrico Marco Giordano Messeni Petruzzelli \u00e8 tra i 57 nuovi Allievi della prestigiosa Scuola Militare","og_url":"https:\/\/lavocedelpaese.info\/index.php\/2024\/11\/18\/un-giovane-di-cassano-delle-murge-tra-i-protagonisti-del-giuramento-alla-nunziatella\/","og_site_name":"La Voce del Paese","article_publisher":"https:\/\/www.facebook.com\/lavocedelpaese.info","article_published_time":"2024-11-18T20:14:55+00:00","twitter_card":"summary_large_image","twitter_misc":{"Tempo di lettura stimato":"4 minuti"},"schema":{"@context":"https:\/\/schema.org","@graph":[{"@type":"Article","@id":"https:\/\/lavocedelpaese.info\/index.php\/2024\/11\/18\/un-giovane-di-cassano-delle-murge-tra-i-protagonisti-del-giuramento-alla-nunziatella\/#article","isPartOf":{"@id":"https:\/\/lavocedelpaese.info\/index.php\/2024\/11\/18\/un-giovane-di-cassano-delle-murge-tra-i-protagonisti-del-giuramento-alla-nunziatella\/"},"author":{"name":"","@id":""},"headline":"Un giovane di Cassano delle Murge tra i protagonisti del Giuramento alla Nunziatella\u00a0\u200b","datePublished":"2024-11-18T20:14:55+00:00","mainEntityOfPage":{"@id":"https:\/\/lavocedelpaese.info\/index.php\/2024\/11\/18\/un-giovane-di-cassano-delle-murge-tra-i-protagonisti-del-giuramento-alla-nunziatella\/"},"wordCount":751,"commentCount":0,"publisher":{"@id":"https:\/\/lavocedelpaese.info\/#organization"},"image":{"@id":"https:\/\/lavocedelpaese.info\/index.php\/2024\/11\/18\/un-giovane-di-cassano-delle-murge-tra-i-protagonisti-del-giuramento-alla-nunziatella\/#primaryimage"},"thumbnailUrl":"https:\/\/lavocedelpaese.info\/wp-content\/uploads\/2024\/11\/5.-Lo-giuro-1024x683-jfwDfm.jpeg","articleSection":["network"],"inLanguage":"it-IT","potentialAction":[{"@type":"CommentAction","name":"Comment","target":["https:\/\/lavocedelpaese.info\/index.php\/2024\/11\/18\/un-giovane-di-cassano-delle-murge-tra-i-protagonisti-del-giuramento-alla-nunziatella\/#respond"]}]},{"@type":"WebPage","@id":"https:\/\/lavocedelpaese.info\/index.php\/2024\/11\/18\/un-giovane-di-cassano-delle-murge-tra-i-protagonisti-del-giuramento-alla-nunziatella\/","url":"https:\/\/lavocedelpaese.info\/index.php\/2024\/11\/18\/un-giovane-di-cassano-delle-murge-tra-i-protagonisti-del-giuramento-alla-nunziatella\/","name":"Un giovane di Cassano delle Murge tra i protagonisti del Giuramento alla Nunziatella\u00a0\u200b - La Voce del Paese","isPartOf":{"@id":"https:\/\/lavocedelpaese.info\/#website"},"primaryImageOfPage":{"@id":"https:\/\/lavocedelpaese.info\/index.php\/2024\/11\/18\/un-giovane-di-cassano-delle-murge-tra-i-protagonisti-del-giuramento-alla-nunziatella\/#primaryimage"},"image":{"@id":"https:\/\/lavocedelpaese.info\/index.php\/2024\/11\/18\/un-giovane-di-cassano-delle-murge-tra-i-protagonisti-del-giuramento-alla-nunziatella\/#primaryimage"},"thumbnailUrl":"https:\/\/lavocedelpaese.info\/wp-content\/uploads\/2024\/11\/5.-Lo-giuro-1024x683-jfwDfm.jpeg","datePublished":"2024-11-18T20:14:55+00:00","breadcrumb":{"@id":"https:\/\/lavocedelpaese.info\/index.php\/2024\/11\/18\/un-giovane-di-cassano-delle-murge-tra-i-protagonisti-del-giuramento-alla-nunziatella\/#breadcrumb"},"inLanguage":"it-IT","potentialAction":[{"@type":"ReadAction","target":["https:\/\/lavocedelpaese.info\/index.php\/2024\/11\/18\/un-giovane-di-cassano-delle-murge-tra-i-protagonisti-del-giuramento-alla-nunziatella\/"]}]},{"@type":"ImageObject","inLanguage":"it-IT","@id":"https:\/\/lavocedelpaese.info\/index.php\/2024\/11\/18\/un-giovane-di-cassano-delle-murge-tra-i-protagonisti-del-giuramento-alla-nunziatella\/#primaryimage","url":"https:\/\/lavocedelpaese.info\/wp-content\/uploads\/2024\/11\/5.-Lo-giuro-1024x683-jfwDfm.jpeg","contentUrl":"https:\/\/lavocedelpaese.info\/wp-content\/uploads\/2024\/11\/5.-Lo-giuro-1024x683-jfwDfm.jpeg","width":1000,"height":667},{"@type":"BreadcrumbList","@id":"https:\/\/lavocedelpaese.info\/index.php\/2024\/11\/18\/un-giovane-di-cassano-delle-murge-tra-i-protagonisti-del-giuramento-alla-nunziatella\/#breadcrumb","itemListElement":[{"@type":"ListItem","position":1,"name":"Home","item":"https:\/\/lavocedelpaese.info\/"},{"@type":"ListItem","position":2,"name":"Un giovane di Cassano delle Murge tra i protagonisti del Giuramento alla Nunziatella\u00a0\u200b"}]},{"@type":"WebSite","@id":"https:\/\/lavocedelpaese.info\/#website","url":"https:\/\/lavocedelpaese.info\/","name":"La Voce del Paese","description":"Un network di idee","publisher":{"@id":"https:\/\/lavocedelpaese.info\/#organization"},"potentialAction":[{"@type":"SearchAction","target":{"@type":"EntryPoint","urlTemplate":"https:\/\/lavocedelpaese.info\/?s={search_term_string}"},"query-input":{"@type":"PropertyValueSpecification","valueRequired":true,"valueName":"search_term_string"}}],"inLanguage":"it-IT"},{"@type":"Organization","@id":"https:\/\/lavocedelpaese.info\/#organization","name":"La Voce del Paese","url":"https:\/\/lavocedelpaese.info\/","logo":{"@type":"ImageObject","inLanguage":"it-IT","@id":"https:\/\/lavocedelpaese.info\/#\/schema\/logo\/image\/","url":"https:\/\/lavocedelpaese.info\/wp-content\/uploads\/2023\/01\/cropped-logo-150-127.png","contentUrl":"https:\/\/lavocedelpaese.info\/wp-content\/uploads\/2023\/01\/cropped-logo-150-127.png","width":137,"height":119,"caption":"La Voce del Paese"},"image":{"@id":"https:\/\/lavocedelpaese.info\/#\/schema\/logo\/image\/"},"sameAs":["https:\/\/www.facebook.com\/lavocedelpaese.info"]}]}},"_links":{"self":[{"href":"https:\/\/lavocedelpaese.info\/index.php\/wp-json\/wp\/v2\/posts\/8341","targetHints":{"allow":["GET"]}}],"collection":[{"href":"https:\/\/lavocedelpaese.info\/index.php\/wp-json\/wp\/v2\/posts"}],"about":[{"href":"https:\/\/lavocedelpaese.info\/index.php\/wp-json\/wp\/v2\/types\/post"}],"replies":[{"embeddable":true,"href":"https:\/\/lavocedelpaese.info\/index.php\/wp-json\/wp\/v2\/comments?post=8341"}],"version-history":[{"count":0,"href":"https:\/\/lavocedelpaese.info\/index.php\/wp-json\/wp\/v2\/posts\/8341\/revisions"}],"wp:featuredmedia":[{"embeddable":true,"href":"https:\/\/lavocedelpaese.info\/index.php\/wp-json\/wp\/v2\/media\/8342"}],"wp:attachment":[{"href":"https:\/\/lavocedelpaese.info\/index.php\/wp-json\/wp\/v2\/media?parent=8341"}],"wp:term":[{"taxonomy":"category","embeddable":true,"href":"https:\/\/lavocedelpaese.info\/index.php\/wp-json\/wp\/v2\/categories?post=8341"},{"taxonomy":"post_tag","embeddable":true,"href":"https:\/\/lavocedelpaese.info\/index.php\/wp-json\/wp\/v2\/tags?post=8341"}],"curies":[{"name":"wp","href":"https:\/\/api.w.org\/{rel}","templated":true}]}}