{"id":8320,"date":"2024-11-15T08:15:52","date_gmt":"2024-11-15T08:15:52","guid":{"rendered":"https:\/\/lavocedelpaese.info\/index.php\/2024\/11\/15\/politiche-sociali-ferme-la-minoranza-chiede-chiarezza\/"},"modified":"2024-11-15T08:15:52","modified_gmt":"2024-11-15T08:15:52","slug":"politiche-sociali-ferme-la-minoranza-chiede-chiarezza","status":"publish","type":"post","link":"https:\/\/lavocedelpaese.info\/index.php\/2024\/11\/15\/politiche-sociali-ferme-la-minoranza-chiede-chiarezza\/","title":{"rendered":"\u201cPolitiche sociali ferme\u201d, la minoranza chiede chiarezza\u00a0\u200b"},"content":{"rendered":"<p>\u00a0<\/p>\n<p>\u200b\u00a0<\/p>\n<p>\u200b\u00a0<\/p>\n<div><\/div>\n<h4 class=\"wp-block-heading\"><strong>Il consigliere delegato Paolo Tundo risponde: \u201cI fondi sono pronti e l\u2019Amministrazione sta lavorando per risolvere le criticit\u00e0\u201d<\/strong><\/h4>\n<p>\u00abAmministrazione De Tomaso 5 mesi, poche delibere che si possono contare sulle dita delle mani e forse avanza anche qualche dito\u2026 Ma il libro dei \u201cvolta pagina\u201d \u00e8 fatto di pagine bianche!?\u00bb. Cos\u00ec si apre il post attraverso il quale la consigliera di minoranza, <strong>Imma Bianco<\/strong>, accende i riflettori sulla gestione delle politiche sociali nel nostro Comune.<\/p>\n<p>In particolare, la consigliera Bianco pone l\u2019accento sul ritardo nell\u2019impiego dei fondi ministeriali gi\u00e0 introitati nelle casse comunali, come i circa 14.000 euro per i centri estivi e gli oltre 80.000 euro per gli asili nido. In parallelo, chiede spiegazioni sulle risorse destinate all\u2019autismo e all\u2019assistenza specialistica nelle scuole, gi\u00e0 stanziate dall\u2019Ambito Territoriale Sociale, evidenziando il disagio vissuto da educatori e famiglie, cui finora non \u00e8 giunta risposta dalle Istituzioni.<\/p>\n<p>A rispondere alle critiche \u00e8 il consigliere delegato alle politiche sociali, <strong>Paolo Tundo<\/strong>: \u00abDa consigliere delegato, che comunque non ha un ruolo attivo in Giunta, posso dire che le politiche sociali sono al centro dell\u2019agenda dell\u2019Amministrazione De Tomaso e vengono gestite con estrema attenzione\u00bb.<br \/>\u00abMi preme sottolineare \u2013 aggiunge \u2013 che gli importanti risultati che si stanno producendo sono merito anche della preziosa collaborazione della Responsabile del Settore, la dott.ssa Vincenza Pizzutilo: nonostante la carenza di organico, lavora con grande professionalit\u00e0 e moralit\u00e0, rispettando sia gli indirizzi politici che le priorit\u00e0 dei cittadini\u00bb.<\/p>\n<p>\u00abQuanto agli interrogativi posti dalla consigliera Bianco \u2013 prosegue il consigliere Tundo \u2013 rassicuro che le delibere sui centri estivi e sull\u2019integrazione per le rette degli asili nido sono pronte e verranno portate in Giunta nei prossimi giorni. Sono atti di ordinaria amministrazione che necessitano di tempi tecnici e devono seguire le scadenze del Bilancio comunale; ad ogni modo, ringrazio la consigliera di minoranza per essere da stimolo a porre sempre maggiore impegno nella risoluzione delle esigenze della comunit\u00e0\u00bb.<\/p>\n<p>\u00abIn merito ai fondi per l\u2019autismo e l\u2019assistenza specialistica nelle scuole, per la quale sono state stanziate 140.000 euro dall\u2019ambito, si tratta di risorse ripartite ed impiegate direttamente dall\u2019Ambito Territoriale Sociale, che ha come capofila il Comune di Gioia del Colle. La tempistica dell\u2019affidamento dei servizi dipende dall\u2019Ufficio del Piano Sociale, che abbiamo gi\u00e0 provveduto a sollecitare affinch\u00e9 accelerino le relative procedure\u00bb \u2013 conclude Tundo.<\/p>\n\n<p><a class=\"a2a_button_facebook\" href=\"https:\/\/www.addtoany.com\/add_to\/facebook?linkurl=https%3A%2F%2Fturi.lavocedelpaese.info%2Fpolitiche-sociali-ferme-la-minoranza-chiede-chiarezza%2F&amp;linkname=%E2%80%9CPolitiche%20sociali%20ferme%E2%80%9D%2C%20la%20minoranza%20chiede%20chiarezza\" title=\"Facebook\" rel=\"nofollow noopener\" target=\"_blank\"><\/a><a class=\"a2a_button_twitter\" href=\"https:\/\/www.addtoany.com\/add_to\/twitter?linkurl=https%3A%2F%2Fturi.lavocedelpaese.info%2Fpolitiche-sociali-ferme-la-minoranza-chiede-chiarezza%2F&amp;linkname=%E2%80%9CPolitiche%20sociali%20ferme%E2%80%9D%2C%20la%20minoranza%20chiede%20chiarezza\" title=\"Twitter\" rel=\"nofollow noopener\" target=\"_blank\"><\/a><a class=\"a2a_button_whatsapp\" href=\"https:\/\/www.addtoany.com\/add_to\/whatsapp?linkurl=https%3A%2F%2Fturi.lavocedelpaese.info%2Fpolitiche-sociali-ferme-la-minoranza-chiede-chiarezza%2F&amp;linkname=%E2%80%9CPolitiche%20sociali%20ferme%E2%80%9D%2C%20la%20minoranza%20chiede%20chiarezza\" title=\"WhatsApp\" rel=\"nofollow noopener\" target=\"_blank\"><\/a><a class=\"a2a_button_telegram\" href=\"https:\/\/www.addtoany.com\/add_to\/telegram?linkurl=https%3A%2F%2Fturi.lavocedelpaese.info%2Fpolitiche-sociali-ferme-la-minoranza-chiede-chiarezza%2F&amp;linkname=%E2%80%9CPolitiche%20sociali%20ferme%E2%80%9D%2C%20la%20minoranza%20chiede%20chiarezza\" title=\"Telegram\" rel=\"nofollow noopener\" target=\"_blank\"><\/a><a class=\"a2a_button_email\" href=\"https:\/\/www.addtoany.com\/add_to\/email?linkurl=https%3A%2F%2Fturi.lavocedelpaese.info%2Fpolitiche-sociali-ferme-la-minoranza-chiede-chiarezza%2F&amp;linkname=%E2%80%9CPolitiche%20sociali%20ferme%E2%80%9D%2C%20la%20minoranza%20chiede%20chiarezza\" title=\"Email\" rel=\"nofollow noopener\" target=\"_blank\"><\/a><\/p>\n<p>L&#8217;articolo <a href=\"https:\/\/turi.lavocedelpaese.info\/politiche-sociali-ferme-la-minoranza-chiede-chiarezza\/\">\u201cPolitiche sociali ferme\u201d, la minoranza chiede chiarezza<\/a> proviene da <a href=\"https:\/\/turi.lavocedelpaese.info\/\">Turi &#8211; La Voce del Paese<\/a>.<\/p>\n<p>\u00a0<\/p>\n<p>\u00a0<\/p>\n<p>\u200b\u00a0\u00a0\u00a0<\/p>","protected":false},"excerpt":{"rendered":"<p>\u00a0 \u200b\u00a0 \u200b\u00a0 Il consigliere delegato Paolo Tundo risponde: \u201cI fondi sono pronti e l\u2019Amministrazione sta lavorando per risolvere le<\/p>\n","protected":false},"author":0,"featured_media":730,"comment_status":"open","ping_status":"closed","sticky":false,"template":"","format":"standard","meta":{"colormag_page_container_layout":"default_layout","colormag_page_sidebar_layout":"default_layout","footnotes":""},"categories":[33],"tags":[],"class_list":["post-8320","post","type-post","status-publish","format-standard","has-post-thumbnail","hentry","category-network"],"yoast_head":"<!-- This site is optimized with the Yoast SEO plugin v27.5 - https:\/\/yoast.com\/product\/yoast-seo-wordpress\/ -->\n<title>\u201cPolitiche sociali ferme\u201d, la minoranza chiede chiarezza\u00a0\u200b - La Voce del Paese<\/title>\n<meta name=\"robots\" content=\"index, follow, max-snippet:-1, max-image-preview:large, max-video-preview:-1\" \/>\n<link rel=\"canonical\" href=\"https:\/\/lavocedelpaese.info\/index.php\/2024\/11\/15\/politiche-sociali-ferme-la-minoranza-chiede-chiarezza\/\" \/>\n<meta property=\"og:locale\" content=\"it_IT\" \/>\n<meta property=\"og:type\" content=\"article\" \/>\n<meta property=\"og:title\" content=\"\u201cPolitiche sociali ferme\u201d, la minoranza chiede chiarezza\u00a0\u200b - La Voce del Paese\" \/>\n<meta property=\"og:description\" content=\"\u00a0 \u200b\u00a0 \u200b\u00a0 Il consigliere delegato Paolo Tundo risponde: \u201cI fondi sono pronti e l\u2019Amministrazione sta lavorando per risolvere le\" \/>\n<meta property=\"og:url\" content=\"https:\/\/lavocedelpaese.info\/index.php\/2024\/11\/15\/politiche-sociali-ferme-la-minoranza-chiede-chiarezza\/\" \/>\n<meta property=\"og:site_name\" content=\"La Voce del Paese\" \/>\n<meta property=\"article:publisher\" content=\"https:\/\/www.facebook.com\/lavocedelpaese.info\" \/>\n<meta property=\"article:published_time\" content=\"2024-11-15T08:15:52+00:00\" \/>\n<meta name=\"twitter:card\" content=\"summary_large_image\" \/>\n<meta name=\"twitter:label1\" content=\"Tempo di lettura stimato\" \/>\n\t<meta name=\"twitter:data1\" content=\"2 minuti\" \/>\n<script type=\"application\/ld+json\" class=\"yoast-schema-graph\">{\"@context\":\"https:\\\/\\\/schema.org\",\"@graph\":[{\"@type\":\"Article\",\"@id\":\"https:\\\/\\\/lavocedelpaese.info\\\/index.php\\\/2024\\\/11\\\/15\\\/politiche-sociali-ferme-la-minoranza-chiede-chiarezza\\\/#article\",\"isPartOf\":{\"@id\":\"https:\\\/\\\/lavocedelpaese.info\\\/index.php\\\/2024\\\/11\\\/15\\\/politiche-sociali-ferme-la-minoranza-chiede-chiarezza\\\/\"},\"author\":{\"name\":\"\",\"@id\":\"\"},\"headline\":\"\u201cPolitiche sociali ferme\u201d, la minoranza chiede chiarezza\u00a0\u200b\",\"datePublished\":\"2024-11-15T08:15:52+00:00\",\"mainEntityOfPage\":{\"@id\":\"https:\\\/\\\/lavocedelpaese.info\\\/index.php\\\/2024\\\/11\\\/15\\\/politiche-sociali-ferme-la-minoranza-chiede-chiarezza\\\/\"},\"wordCount\":410,\"commentCount\":0,\"publisher\":{\"@id\":\"https:\\\/\\\/lavocedelpaese.info\\\/#organization\"},\"image\":{\"@id\":\"https:\\\/\\\/lavocedelpaese.info\\\/index.php\\\/2024\\\/11\\\/15\\\/politiche-sociali-ferme-la-minoranza-chiede-chiarezza\\\/#primaryimage\"},\"thumbnailUrl\":\"https:\\\/\\\/lavocedelpaese.info\\\/wp-content\\\/uploads\\\/2023\\\/01\\\/logo-150-127.png\",\"articleSection\":[\"network\"],\"inLanguage\":\"it-IT\",\"potentialAction\":[{\"@type\":\"CommentAction\",\"name\":\"Comment\",\"target\":[\"https:\\\/\\\/lavocedelpaese.info\\\/index.php\\\/2024\\\/11\\\/15\\\/politiche-sociali-ferme-la-minoranza-chiede-chiarezza\\\/#respond\"]}]},{\"@type\":\"WebPage\",\"@id\":\"https:\\\/\\\/lavocedelpaese.info\\\/index.php\\\/2024\\\/11\\\/15\\\/politiche-sociali-ferme-la-minoranza-chiede-chiarezza\\\/\",\"url\":\"https:\\\/\\\/lavocedelpaese.info\\\/index.php\\\/2024\\\/11\\\/15\\\/politiche-sociali-ferme-la-minoranza-chiede-chiarezza\\\/\",\"name\":\"\u201cPolitiche sociali ferme\u201d, la minoranza chiede chiarezza\u00a0\u200b - La Voce del Paese\",\"isPartOf\":{\"@id\":\"https:\\\/\\\/lavocedelpaese.info\\\/#website\"},\"primaryImageOfPage\":{\"@id\":\"https:\\\/\\\/lavocedelpaese.info\\\/index.php\\\/2024\\\/11\\\/15\\\/politiche-sociali-ferme-la-minoranza-chiede-chiarezza\\\/#primaryimage\"},\"image\":{\"@id\":\"https:\\\/\\\/lavocedelpaese.info\\\/index.php\\\/2024\\\/11\\\/15\\\/politiche-sociali-ferme-la-minoranza-chiede-chiarezza\\\/#primaryimage\"},\"thumbnailUrl\":\"https:\\\/\\\/lavocedelpaese.info\\\/wp-content\\\/uploads\\\/2023\\\/01\\\/logo-150-127.png\",\"datePublished\":\"2024-11-15T08:15:52+00:00\",\"breadcrumb\":{\"@id\":\"https:\\\/\\\/lavocedelpaese.info\\\/index.php\\\/2024\\\/11\\\/15\\\/politiche-sociali-ferme-la-minoranza-chiede-chiarezza\\\/#breadcrumb\"},\"inLanguage\":\"it-IT\",\"potentialAction\":[{\"@type\":\"ReadAction\",\"target\":[\"https:\\\/\\\/lavocedelpaese.info\\\/index.php\\\/2024\\\/11\\\/15\\\/politiche-sociali-ferme-la-minoranza-chiede-chiarezza\\\/\"]}]},{\"@type\":\"ImageObject\",\"inLanguage\":\"it-IT\",\"@id\":\"https:\\\/\\\/lavocedelpaese.info\\\/index.php\\\/2024\\\/11\\\/15\\\/politiche-sociali-ferme-la-minoranza-chiede-chiarezza\\\/#primaryimage\",\"url\":\"https:\\\/\\\/lavocedelpaese.info\\\/wp-content\\\/uploads\\\/2023\\\/01\\\/logo-150-127.png\",\"contentUrl\":\"https:\\\/\\\/lavocedelpaese.info\\\/wp-content\\\/uploads\\\/2023\\\/01\\\/logo-150-127.png\",\"width\":150,\"height\":127},{\"@type\":\"BreadcrumbList\",\"@id\":\"https:\\\/\\\/lavocedelpaese.info\\\/index.php\\\/2024\\\/11\\\/15\\\/politiche-sociali-ferme-la-minoranza-chiede-chiarezza\\\/#breadcrumb\",\"itemListElement\":[{\"@type\":\"ListItem\",\"position\":1,\"name\":\"Home\",\"item\":\"https:\\\/\\\/lavocedelpaese.info\\\/\"},{\"@type\":\"ListItem\",\"position\":2,\"name\":\"\u201cPolitiche sociali ferme\u201d, la minoranza chiede chiarezza\u00a0\u200b\"}]},{\"@type\":\"WebSite\",\"@id\":\"https:\\\/\\\/lavocedelpaese.info\\\/#website\",\"url\":\"https:\\\/\\\/lavocedelpaese.info\\\/\",\"name\":\"La Voce del Paese\",\"description\":\"Un network di idee\",\"publisher\":{\"@id\":\"https:\\\/\\\/lavocedelpaese.info\\\/#organization\"},\"potentialAction\":[{\"@type\":\"SearchAction\",\"target\":{\"@type\":\"EntryPoint\",\"urlTemplate\":\"https:\\\/\\\/lavocedelpaese.info\\\/?s={search_term_string}\"},\"query-input\":{\"@type\":\"PropertyValueSpecification\",\"valueRequired\":true,\"valueName\":\"search_term_string\"}}],\"inLanguage\":\"it-IT\"},{\"@type\":\"Organization\",\"@id\":\"https:\\\/\\\/lavocedelpaese.info\\\/#organization\",\"name\":\"La Voce del Paese\",\"url\":\"https:\\\/\\\/lavocedelpaese.info\\\/\",\"logo\":{\"@type\":\"ImageObject\",\"inLanguage\":\"it-IT\",\"@id\":\"https:\\\/\\\/lavocedelpaese.info\\\/#\\\/schema\\\/logo\\\/image\\\/\",\"url\":\"https:\\\/\\\/lavocedelpaese.info\\\/wp-content\\\/uploads\\\/2023\\\/01\\\/cropped-logo-150-127.png\",\"contentUrl\":\"https:\\\/\\\/lavocedelpaese.info\\\/wp-content\\\/uploads\\\/2023\\\/01\\\/cropped-logo-150-127.png\",\"width\":137,\"height\":119,\"caption\":\"La Voce del Paese\"},\"image\":{\"@id\":\"https:\\\/\\\/lavocedelpaese.info\\\/#\\\/schema\\\/logo\\\/image\\\/\"},\"sameAs\":[\"https:\\\/\\\/www.facebook.com\\\/lavocedelpaese.info\"]}]}<\/script>\n<!-- \/ Yoast SEO plugin. -->","yoast_head_json":{"title":"\u201cPolitiche sociali ferme\u201d, la minoranza chiede chiarezza\u00a0\u200b - La Voce del Paese","robots":{"index":"index","follow":"follow","max-snippet":"max-snippet:-1","max-image-preview":"max-image-preview:large","max-video-preview":"max-video-preview:-1"},"canonical":"https:\/\/lavocedelpaese.info\/index.php\/2024\/11\/15\/politiche-sociali-ferme-la-minoranza-chiede-chiarezza\/","og_locale":"it_IT","og_type":"article","og_title":"\u201cPolitiche sociali ferme\u201d, la minoranza chiede chiarezza\u00a0\u200b - La Voce del Paese","og_description":"\u00a0 \u200b\u00a0 \u200b\u00a0 Il consigliere delegato Paolo Tundo risponde: \u201cI fondi sono pronti e l\u2019Amministrazione sta lavorando per risolvere le","og_url":"https:\/\/lavocedelpaese.info\/index.php\/2024\/11\/15\/politiche-sociali-ferme-la-minoranza-chiede-chiarezza\/","og_site_name":"La Voce del Paese","article_publisher":"https:\/\/www.facebook.com\/lavocedelpaese.info","article_published_time":"2024-11-15T08:15:52+00:00","twitter_card":"summary_large_image","twitter_misc":{"Tempo di lettura stimato":"2 minuti"},"schema":{"@context":"https:\/\/schema.org","@graph":[{"@type":"Article","@id":"https:\/\/lavocedelpaese.info\/index.php\/2024\/11\/15\/politiche-sociali-ferme-la-minoranza-chiede-chiarezza\/#article","isPartOf":{"@id":"https:\/\/lavocedelpaese.info\/index.php\/2024\/11\/15\/politiche-sociali-ferme-la-minoranza-chiede-chiarezza\/"},"author":{"name":"","@id":""},"headline":"\u201cPolitiche sociali ferme\u201d, la minoranza chiede chiarezza\u00a0\u200b","datePublished":"2024-11-15T08:15:52+00:00","mainEntityOfPage":{"@id":"https:\/\/lavocedelpaese.info\/index.php\/2024\/11\/15\/politiche-sociali-ferme-la-minoranza-chiede-chiarezza\/"},"wordCount":410,"commentCount":0,"publisher":{"@id":"https:\/\/lavocedelpaese.info\/#organization"},"image":{"@id":"https:\/\/lavocedelpaese.info\/index.php\/2024\/11\/15\/politiche-sociali-ferme-la-minoranza-chiede-chiarezza\/#primaryimage"},"thumbnailUrl":"https:\/\/lavocedelpaese.info\/wp-content\/uploads\/2023\/01\/logo-150-127.png","articleSection":["network"],"inLanguage":"it-IT","potentialAction":[{"@type":"CommentAction","name":"Comment","target":["https:\/\/lavocedelpaese.info\/index.php\/2024\/11\/15\/politiche-sociali-ferme-la-minoranza-chiede-chiarezza\/#respond"]}]},{"@type":"WebPage","@id":"https:\/\/lavocedelpaese.info\/index.php\/2024\/11\/15\/politiche-sociali-ferme-la-minoranza-chiede-chiarezza\/","url":"https:\/\/lavocedelpaese.info\/index.php\/2024\/11\/15\/politiche-sociali-ferme-la-minoranza-chiede-chiarezza\/","name":"\u201cPolitiche sociali ferme\u201d, la minoranza chiede chiarezza\u00a0\u200b - La Voce del Paese","isPartOf":{"@id":"https:\/\/lavocedelpaese.info\/#website"},"primaryImageOfPage":{"@id":"https:\/\/lavocedelpaese.info\/index.php\/2024\/11\/15\/politiche-sociali-ferme-la-minoranza-chiede-chiarezza\/#primaryimage"},"image":{"@id":"https:\/\/lavocedelpaese.info\/index.php\/2024\/11\/15\/politiche-sociali-ferme-la-minoranza-chiede-chiarezza\/#primaryimage"},"thumbnailUrl":"https:\/\/lavocedelpaese.info\/wp-content\/uploads\/2023\/01\/logo-150-127.png","datePublished":"2024-11-15T08:15:52+00:00","breadcrumb":{"@id":"https:\/\/lavocedelpaese.info\/index.php\/2024\/11\/15\/politiche-sociali-ferme-la-minoranza-chiede-chiarezza\/#breadcrumb"},"inLanguage":"it-IT","potentialAction":[{"@type":"ReadAction","target":["https:\/\/lavocedelpaese.info\/index.php\/2024\/11\/15\/politiche-sociali-ferme-la-minoranza-chiede-chiarezza\/"]}]},{"@type":"ImageObject","inLanguage":"it-IT","@id":"https:\/\/lavocedelpaese.info\/index.php\/2024\/11\/15\/politiche-sociali-ferme-la-minoranza-chiede-chiarezza\/#primaryimage","url":"https:\/\/lavocedelpaese.info\/wp-content\/uploads\/2023\/01\/logo-150-127.png","contentUrl":"https:\/\/lavocedelpaese.info\/wp-content\/uploads\/2023\/01\/logo-150-127.png","width":150,"height":127},{"@type":"BreadcrumbList","@id":"https:\/\/lavocedelpaese.info\/index.php\/2024\/11\/15\/politiche-sociali-ferme-la-minoranza-chiede-chiarezza\/#breadcrumb","itemListElement":[{"@type":"ListItem","position":1,"name":"Home","item":"https:\/\/lavocedelpaese.info\/"},{"@type":"ListItem","position":2,"name":"\u201cPolitiche sociali ferme\u201d, la minoranza chiede chiarezza\u00a0\u200b"}]},{"@type":"WebSite","@id":"https:\/\/lavocedelpaese.info\/#website","url":"https:\/\/lavocedelpaese.info\/","name":"La Voce del Paese","description":"Un network di idee","publisher":{"@id":"https:\/\/lavocedelpaese.info\/#organization"},"potentialAction":[{"@type":"SearchAction","target":{"@type":"EntryPoint","urlTemplate":"https:\/\/lavocedelpaese.info\/?s={search_term_string}"},"query-input":{"@type":"PropertyValueSpecification","valueRequired":true,"valueName":"search_term_string"}}],"inLanguage":"it-IT"},{"@type":"Organization","@id":"https:\/\/lavocedelpaese.info\/#organization","name":"La Voce del Paese","url":"https:\/\/lavocedelpaese.info\/","logo":{"@type":"ImageObject","inLanguage":"it-IT","@id":"https:\/\/lavocedelpaese.info\/#\/schema\/logo\/image\/","url":"https:\/\/lavocedelpaese.info\/wp-content\/uploads\/2023\/01\/cropped-logo-150-127.png","contentUrl":"https:\/\/lavocedelpaese.info\/wp-content\/uploads\/2023\/01\/cropped-logo-150-127.png","width":137,"height":119,"caption":"La Voce del Paese"},"image":{"@id":"https:\/\/lavocedelpaese.info\/#\/schema\/logo\/image\/"},"sameAs":["https:\/\/www.facebook.com\/lavocedelpaese.info"]}]}},"_links":{"self":[{"href":"https:\/\/lavocedelpaese.info\/index.php\/wp-json\/wp\/v2\/posts\/8320","targetHints":{"allow":["GET"]}}],"collection":[{"href":"https:\/\/lavocedelpaese.info\/index.php\/wp-json\/wp\/v2\/posts"}],"about":[{"href":"https:\/\/lavocedelpaese.info\/index.php\/wp-json\/wp\/v2\/types\/post"}],"replies":[{"embeddable":true,"href":"https:\/\/lavocedelpaese.info\/index.php\/wp-json\/wp\/v2\/comments?post=8320"}],"version-history":[{"count":0,"href":"https:\/\/lavocedelpaese.info\/index.php\/wp-json\/wp\/v2\/posts\/8320\/revisions"}],"wp:featuredmedia":[{"embeddable":true,"href":"https:\/\/lavocedelpaese.info\/index.php\/wp-json\/wp\/v2\/media\/730"}],"wp:attachment":[{"href":"https:\/\/lavocedelpaese.info\/index.php\/wp-json\/wp\/v2\/media?parent=8320"}],"wp:term":[{"taxonomy":"category","embeddable":true,"href":"https:\/\/lavocedelpaese.info\/index.php\/wp-json\/wp\/v2\/categories?post=8320"},{"taxonomy":"post_tag","embeddable":true,"href":"https:\/\/lavocedelpaese.info\/index.php\/wp-json\/wp\/v2\/tags?post=8320"}],"curies":[{"name":"wp","href":"https:\/\/api.w.org\/{rel}","templated":true}]}}