{"id":8266,"date":"2024-11-06T07:17:20","date_gmt":"2024-11-06T07:17:20","guid":{"rendered":"https:\/\/lavocedelpaese.info\/index.php\/2024\/11\/06\/donatella-caprioglio-ospite-della-rassegna-disordine-il-caos-che-rigenera\/"},"modified":"2024-11-06T07:17:20","modified_gmt":"2024-11-06T07:17:20","slug":"donatella-caprioglio-ospite-della-rassegna-disordine-il-caos-che-rigenera","status":"publish","type":"post","link":"https:\/\/lavocedelpaese.info\/index.php\/2024\/11\/06\/donatella-caprioglio-ospite-della-rassegna-disordine-il-caos-che-rigenera\/","title":{"rendered":"Donatella Caprioglio ospite della rassegna \u201cDisordine \u2013 Il caos che rigenera\u201d\u00a0\u200b"},"content":{"rendered":"<p>\u00a0<\/p>\n<p>\u200b\u00a0<\/p>\n<p>\u200b\u00a0<\/p>\n<div><\/div>\n<h4 class=\"wp-block-heading\"><strong>Gioved\u00ec 7 novembre, il secondo appuntamento della stagione di eventi targata \u201cCultura e Armonia\u201d rifletter\u00e0 sulla \u201cPsicologia dell\u2019Abitare\u201d<\/strong><\/h4>\n<p>L\u2019Associazione di Promozione Sociale <strong>Cultura e Armonia<\/strong> entra nel vivo della prima stagione di eventi 2024\/2025.<\/p>\n<p>Palazzo Cozzolongo (via M. Orlandi 10\/12), Turi, sar\u00e0 la sede di incontri letterari, concerti, mostre d\u2019arte e proiezioni cinematografiche, organizzate grazie al supporto di <strong>Willy Green Technology<\/strong>, con il patrocinio gratuito della <strong>Regione Puglia<\/strong> (concesso con decreto 380 del 5\/9\/2024) e la collaborazione dell\u2019<strong>Accademia di Belle Arti di Bari<\/strong>.<\/p>\n<p>A novembre si infittiscono gli appuntamenti di <strong>\u201cDisordine \u2013 Il caos che rigenera\u201d<\/strong> la rassegna, curata da Tekmore Studio, dedicata a letteratura, cinema, arti visive e musica. Un vero e proprio percorso che esplora il concetto di disordine, rileggendo il caos come forza creativa capace di generare trasformazioni e nuove prospettive. Uno stimolo a rileggere il mondo attraverso una lente diversa.<\/p>\n<h4 class=\"wp-block-heading\"><strong>Donatella Caprioglio e la Psicologia dell\u2019Abitare<\/strong><\/h4>\n<p>Il <strong>7 novembre<\/strong>, <strong>ore 19:30<\/strong>, al via con il secondo incontro dedicato alle donne che sovvertono l\u2019ordine con <strong>Donatella Caprioglio<\/strong> e il suo libro <strong>\u201cMura sensibili. Psicologia dell\u2019abitare\u201d<\/strong>, edizione SplendidaMente (2022).<\/p>\n<p>Il gioved\u00ec letterario curato dalla professoressa Irene Martino, dedicato all\u2019incontro con le autrici, avr\u00e0 al centro del dibattito l\u2019abitare e l\u2019abitarsi.<br \/>La consapevolezza di una visione che diventa la base necessaria sia per chi costruisce spazi, sia per chi li vive.<\/p>\n<p>La Psicologia dell\u2019Abitare, nuova disciplina divenuta corso universitario della facolt\u00e0 di Psicologia di Padova, riflette sul senso del nostro vivere gli spazi: spesso, alcune scelte \u2013 dall\u2019allestimento di un ambiente all\u2019abbattimento di un muro \u2013 hanno a che fare con l\u2019inconscio e con schemi mentali cos\u00ec radicati che involontariamente reiteriamo. Ecco perch\u00e9, da come abitiamo la nostra dimora si pu\u00f2 risalire alla parte pi\u00f9 intima di noi stessi<\/p>\n<p>La prof.ssa Caprioglio, pioniera della Psicologia dell\u2019Abitare, ci aiuter\u00e0 a vedere non solo gli spazi visibili, ma anche quelli invisibili per guidarci con consapevolezza all\u2019abitare dentro e fuori di noi.<\/p>\n<p>Pioniera in questo campo, la prof.ssa Caprioglio guider\u00e0 il pubblico alla scoperta degli spazi visibili e invisibili che ci circondano, offrendo spunti per raggiungere la consapevolezza dell\u2019abitare dentro e fuori di noi.<\/p>\n<figure class=\"wp-block-embed is-type-video is-provider-youtube wp-block-embed-youtube wp-embed-aspect-16-9 wp-has-aspect-ratio\">\n<div class=\"wp-block-embed__wrapper\">\n<\/div>\n<\/figure>\n<h4 class=\"wp-block-heading\"><strong>Nota biografica<\/strong><\/h4>\n<p>Donatella Caprioglio \u00e8 psicologa, psicoterapeuta e scrittrice. Veneziana, vive tra la Puglia e Parigi dove insegna all\u2019Universit\u00e0 di Medicina Bobigny Paris 13 \u201cTecniche di Sensibilizzazione all\u2019Ascolto e Psicopatologia Del Neonato\u201d.<\/p>\n<p>Specialista nell\u2019infanzia, ha fondato in Italia, Francia, Polonia e Vietnam dei centri di ascolto chiamati \u201cLA PORTA VERDE\u201d per genitori e bambini 0-3 anni. Ha fondato nel 2007 i \u201cCaff\u00e8 dei Genitori\u201d, spazi di parola per il sostegno alle famiglie e per creare una cultura di prevenzione dei disturbi infantili. <\/p>\n<p>Questa attivit\u00e0 continua tuttora anche via web. In Puglia ha creato \u201cl\u2019Accademia degli Inquieti\u201d, luogo di incontro e scambi culturali di differenti orizzonti. Di recente durante la pandemia ha creato i \u201cCaff\u00e9 dell\u2019Abitare\u201d, spazi virtuali aperti a tutti, per parlare del proprio abitare. Nel 2021 organizza il primo corso di Psicologia dell\u2019Abitare presso la facolt\u00e0\u0300 di Psicologia dell\u2019Universit\u00e0\u0300 di Padova. \u00c8 impegnata nella formazione di professionisti (architetti e psicologici) in Italia e all\u2019estero. Ha pubblicato diversi libri tradotti in altre lingue, tra i quali: \u201cNel cuore delle case\u201d, Ed. Punto d\u2019Incontro, 2012; \u201cL\u2019amore inabitabile\u201d, Ed. SpendidaMente, 2021; \u201cMura sensibili: Psicologia dell\u2019Abitare\u201d, Ed. SpendidaMente editore 2022. I suoi libri sono stati pubblicati in altri paesi.<\/p>\n<p><a class=\"a2a_button_facebook\" href=\"https:\/\/www.addtoany.com\/add_to\/facebook?linkurl=https%3A%2F%2Fturi.lavocedelpaese.info%2Fdonatella-caprioglio-ospite-della-rassegna-disordine-il-caos-che-rigenera%2F&amp;linkname=Donatella%20Caprioglio%20ospite%20della%20rassegna%20%E2%80%9CDisordine%20%E2%80%93%20Il%20caos%20che%20rigenera%E2%80%9D\" title=\"Facebook\" rel=\"nofollow noopener\" target=\"_blank\"><\/a><a class=\"a2a_button_twitter\" href=\"https:\/\/www.addtoany.com\/add_to\/twitter?linkurl=https%3A%2F%2Fturi.lavocedelpaese.info%2Fdonatella-caprioglio-ospite-della-rassegna-disordine-il-caos-che-rigenera%2F&amp;linkname=Donatella%20Caprioglio%20ospite%20della%20rassegna%20%E2%80%9CDisordine%20%E2%80%93%20Il%20caos%20che%20rigenera%E2%80%9D\" title=\"Twitter\" rel=\"nofollow noopener\" target=\"_blank\"><\/a><a class=\"a2a_button_whatsapp\" href=\"https:\/\/www.addtoany.com\/add_to\/whatsapp?linkurl=https%3A%2F%2Fturi.lavocedelpaese.info%2Fdonatella-caprioglio-ospite-della-rassegna-disordine-il-caos-che-rigenera%2F&amp;linkname=Donatella%20Caprioglio%20ospite%20della%20rassegna%20%E2%80%9CDisordine%20%E2%80%93%20Il%20caos%20che%20rigenera%E2%80%9D\" title=\"WhatsApp\" rel=\"nofollow noopener\" target=\"_blank\"><\/a><a class=\"a2a_button_telegram\" href=\"https:\/\/www.addtoany.com\/add_to\/telegram?linkurl=https%3A%2F%2Fturi.lavocedelpaese.info%2Fdonatella-caprioglio-ospite-della-rassegna-disordine-il-caos-che-rigenera%2F&amp;linkname=Donatella%20Caprioglio%20ospite%20della%20rassegna%20%E2%80%9CDisordine%20%E2%80%93%20Il%20caos%20che%20rigenera%E2%80%9D\" title=\"Telegram\" rel=\"nofollow noopener\" target=\"_blank\"><\/a><a class=\"a2a_button_email\" href=\"https:\/\/www.addtoany.com\/add_to\/email?linkurl=https%3A%2F%2Fturi.lavocedelpaese.info%2Fdonatella-caprioglio-ospite-della-rassegna-disordine-il-caos-che-rigenera%2F&amp;linkname=Donatella%20Caprioglio%20ospite%20della%20rassegna%20%E2%80%9CDisordine%20%E2%80%93%20Il%20caos%20che%20rigenera%E2%80%9D\" title=\"Email\" rel=\"nofollow noopener\" target=\"_blank\"><\/a><\/p>\n<p>L&#8217;articolo <a href=\"https:\/\/turi.lavocedelpaese.info\/donatella-caprioglio-ospite-della-rassegna-disordine-il-caos-che-rigenera\/\">Donatella Caprioglio ospite della rassegna \u201cDisordine \u2013 Il caos che rigenera\u201d<\/a> proviene da <a href=\"https:\/\/turi.lavocedelpaese.info\/\">Turi &#8211; La Voce del Paese<\/a>.<\/p>\n<p>\u00a0<\/p>\n<p>\u00a0<\/p>\n<p>\u200b\u00a0\u00a0\u00a0<\/p>","protected":false},"excerpt":{"rendered":"<p>\u00a0 \u200b\u00a0 \u200b\u00a0 Gioved\u00ec 7 novembre, il secondo appuntamento della stagione di eventi targata \u201cCultura e Armonia\u201d rifletter\u00e0 sulla \u201cPsicologia<\/p>\n","protected":false},"author":0,"featured_media":730,"comment_status":"open","ping_status":"closed","sticky":false,"template":"","format":"standard","meta":{"colormag_page_container_layout":"default_layout","colormag_page_sidebar_layout":"default_layout","footnotes":""},"categories":[33],"tags":[],"class_list":["post-8266","post","type-post","status-publish","format-standard","has-post-thumbnail","hentry","category-network"],"yoast_head":"<!-- This site is optimized with the Yoast SEO plugin v27.5 - https:\/\/yoast.com\/product\/yoast-seo-wordpress\/ -->\n<title>Donatella Caprioglio ospite della rassegna \u201cDisordine \u2013 Il caos che rigenera\u201d\u00a0\u200b - La Voce del Paese<\/title>\n<meta name=\"robots\" content=\"index, follow, max-snippet:-1, max-image-preview:large, max-video-preview:-1\" \/>\n<link rel=\"canonical\" href=\"https:\/\/lavocedelpaese.info\/index.php\/2024\/11\/06\/donatella-caprioglio-ospite-della-rassegna-disordine-il-caos-che-rigenera\/\" \/>\n<meta property=\"og:locale\" content=\"it_IT\" \/>\n<meta property=\"og:type\" content=\"article\" \/>\n<meta property=\"og:title\" content=\"Donatella Caprioglio ospite della rassegna \u201cDisordine \u2013 Il caos che rigenera\u201d\u00a0\u200b - La Voce del Paese\" \/>\n<meta property=\"og:description\" content=\"\u00a0 \u200b\u00a0 \u200b\u00a0 Gioved\u00ec 7 novembre, il secondo appuntamento della stagione di eventi targata \u201cCultura e Armonia\u201d rifletter\u00e0 sulla \u201cPsicologia\" \/>\n<meta property=\"og:url\" content=\"https:\/\/lavocedelpaese.info\/index.php\/2024\/11\/06\/donatella-caprioglio-ospite-della-rassegna-disordine-il-caos-che-rigenera\/\" \/>\n<meta property=\"og:site_name\" content=\"La Voce del Paese\" \/>\n<meta property=\"article:publisher\" content=\"https:\/\/www.facebook.com\/lavocedelpaese.info\" \/>\n<meta property=\"article:published_time\" content=\"2024-11-06T07:17:20+00:00\" \/>\n<meta name=\"twitter:card\" content=\"summary_large_image\" \/>\n<meta name=\"twitter:label1\" content=\"Tempo di lettura stimato\" \/>\n\t<meta name=\"twitter:data1\" content=\"3 minuti\" \/>\n<script type=\"application\/ld+json\" class=\"yoast-schema-graph\">{\"@context\":\"https:\\\/\\\/schema.org\",\"@graph\":[{\"@type\":\"Article\",\"@id\":\"https:\\\/\\\/lavocedelpaese.info\\\/index.php\\\/2024\\\/11\\\/06\\\/donatella-caprioglio-ospite-della-rassegna-disordine-il-caos-che-rigenera\\\/#article\",\"isPartOf\":{\"@id\":\"https:\\\/\\\/lavocedelpaese.info\\\/index.php\\\/2024\\\/11\\\/06\\\/donatella-caprioglio-ospite-della-rassegna-disordine-il-caos-che-rigenera\\\/\"},\"author\":{\"name\":\"\",\"@id\":\"\"},\"headline\":\"Donatella Caprioglio ospite della rassegna \u201cDisordine \u2013 Il caos che rigenera\u201d\u00a0\u200b\",\"datePublished\":\"2024-11-06T07:17:20+00:00\",\"mainEntityOfPage\":{\"@id\":\"https:\\\/\\\/lavocedelpaese.info\\\/index.php\\\/2024\\\/11\\\/06\\\/donatella-caprioglio-ospite-della-rassegna-disordine-il-caos-che-rigenera\\\/\"},\"wordCount\":589,\"commentCount\":0,\"publisher\":{\"@id\":\"https:\\\/\\\/lavocedelpaese.info\\\/#organization\"},\"image\":{\"@id\":\"https:\\\/\\\/lavocedelpaese.info\\\/index.php\\\/2024\\\/11\\\/06\\\/donatella-caprioglio-ospite-della-rassegna-disordine-il-caos-che-rigenera\\\/#primaryimage\"},\"thumbnailUrl\":\"https:\\\/\\\/lavocedelpaese.info\\\/wp-content\\\/uploads\\\/2023\\\/01\\\/logo-150-127.png\",\"articleSection\":[\"network\"],\"inLanguage\":\"it-IT\",\"potentialAction\":[{\"@type\":\"CommentAction\",\"name\":\"Comment\",\"target\":[\"https:\\\/\\\/lavocedelpaese.info\\\/index.php\\\/2024\\\/11\\\/06\\\/donatella-caprioglio-ospite-della-rassegna-disordine-il-caos-che-rigenera\\\/#respond\"]}]},{\"@type\":\"WebPage\",\"@id\":\"https:\\\/\\\/lavocedelpaese.info\\\/index.php\\\/2024\\\/11\\\/06\\\/donatella-caprioglio-ospite-della-rassegna-disordine-il-caos-che-rigenera\\\/\",\"url\":\"https:\\\/\\\/lavocedelpaese.info\\\/index.php\\\/2024\\\/11\\\/06\\\/donatella-caprioglio-ospite-della-rassegna-disordine-il-caos-che-rigenera\\\/\",\"name\":\"Donatella Caprioglio ospite della rassegna \u201cDisordine \u2013 Il caos che rigenera\u201d\u00a0\u200b - La Voce del Paese\",\"isPartOf\":{\"@id\":\"https:\\\/\\\/lavocedelpaese.info\\\/#website\"},\"primaryImageOfPage\":{\"@id\":\"https:\\\/\\\/lavocedelpaese.info\\\/index.php\\\/2024\\\/11\\\/06\\\/donatella-caprioglio-ospite-della-rassegna-disordine-il-caos-che-rigenera\\\/#primaryimage\"},\"image\":{\"@id\":\"https:\\\/\\\/lavocedelpaese.info\\\/index.php\\\/2024\\\/11\\\/06\\\/donatella-caprioglio-ospite-della-rassegna-disordine-il-caos-che-rigenera\\\/#primaryimage\"},\"thumbnailUrl\":\"https:\\\/\\\/lavocedelpaese.info\\\/wp-content\\\/uploads\\\/2023\\\/01\\\/logo-150-127.png\",\"datePublished\":\"2024-11-06T07:17:20+00:00\",\"breadcrumb\":{\"@id\":\"https:\\\/\\\/lavocedelpaese.info\\\/index.php\\\/2024\\\/11\\\/06\\\/donatella-caprioglio-ospite-della-rassegna-disordine-il-caos-che-rigenera\\\/#breadcrumb\"},\"inLanguage\":\"it-IT\",\"potentialAction\":[{\"@type\":\"ReadAction\",\"target\":[\"https:\\\/\\\/lavocedelpaese.info\\\/index.php\\\/2024\\\/11\\\/06\\\/donatella-caprioglio-ospite-della-rassegna-disordine-il-caos-che-rigenera\\\/\"]}]},{\"@type\":\"ImageObject\",\"inLanguage\":\"it-IT\",\"@id\":\"https:\\\/\\\/lavocedelpaese.info\\\/index.php\\\/2024\\\/11\\\/06\\\/donatella-caprioglio-ospite-della-rassegna-disordine-il-caos-che-rigenera\\\/#primaryimage\",\"url\":\"https:\\\/\\\/lavocedelpaese.info\\\/wp-content\\\/uploads\\\/2023\\\/01\\\/logo-150-127.png\",\"contentUrl\":\"https:\\\/\\\/lavocedelpaese.info\\\/wp-content\\\/uploads\\\/2023\\\/01\\\/logo-150-127.png\",\"width\":150,\"height\":127},{\"@type\":\"BreadcrumbList\",\"@id\":\"https:\\\/\\\/lavocedelpaese.info\\\/index.php\\\/2024\\\/11\\\/06\\\/donatella-caprioglio-ospite-della-rassegna-disordine-il-caos-che-rigenera\\\/#breadcrumb\",\"itemListElement\":[{\"@type\":\"ListItem\",\"position\":1,\"name\":\"Home\",\"item\":\"https:\\\/\\\/lavocedelpaese.info\\\/\"},{\"@type\":\"ListItem\",\"position\":2,\"name\":\"Donatella Caprioglio ospite della rassegna \u201cDisordine \u2013 Il caos che rigenera\u201d\u00a0\u200b\"}]},{\"@type\":\"WebSite\",\"@id\":\"https:\\\/\\\/lavocedelpaese.info\\\/#website\",\"url\":\"https:\\\/\\\/lavocedelpaese.info\\\/\",\"name\":\"La Voce del Paese\",\"description\":\"Un network di idee\",\"publisher\":{\"@id\":\"https:\\\/\\\/lavocedelpaese.info\\\/#organization\"},\"potentialAction\":[{\"@type\":\"SearchAction\",\"target\":{\"@type\":\"EntryPoint\",\"urlTemplate\":\"https:\\\/\\\/lavocedelpaese.info\\\/?s={search_term_string}\"},\"query-input\":{\"@type\":\"PropertyValueSpecification\",\"valueRequired\":true,\"valueName\":\"search_term_string\"}}],\"inLanguage\":\"it-IT\"},{\"@type\":\"Organization\",\"@id\":\"https:\\\/\\\/lavocedelpaese.info\\\/#organization\",\"name\":\"La Voce del Paese\",\"url\":\"https:\\\/\\\/lavocedelpaese.info\\\/\",\"logo\":{\"@type\":\"ImageObject\",\"inLanguage\":\"it-IT\",\"@id\":\"https:\\\/\\\/lavocedelpaese.info\\\/#\\\/schema\\\/logo\\\/image\\\/\",\"url\":\"https:\\\/\\\/lavocedelpaese.info\\\/wp-content\\\/uploads\\\/2023\\\/01\\\/cropped-logo-150-127.png\",\"contentUrl\":\"https:\\\/\\\/lavocedelpaese.info\\\/wp-content\\\/uploads\\\/2023\\\/01\\\/cropped-logo-150-127.png\",\"width\":137,\"height\":119,\"caption\":\"La Voce del Paese\"},\"image\":{\"@id\":\"https:\\\/\\\/lavocedelpaese.info\\\/#\\\/schema\\\/logo\\\/image\\\/\"},\"sameAs\":[\"https:\\\/\\\/www.facebook.com\\\/lavocedelpaese.info\"]}]}<\/script>\n<!-- \/ Yoast SEO plugin. -->","yoast_head_json":{"title":"Donatella Caprioglio ospite della rassegna \u201cDisordine \u2013 Il caos che rigenera\u201d\u00a0\u200b - La Voce del Paese","robots":{"index":"index","follow":"follow","max-snippet":"max-snippet:-1","max-image-preview":"max-image-preview:large","max-video-preview":"max-video-preview:-1"},"canonical":"https:\/\/lavocedelpaese.info\/index.php\/2024\/11\/06\/donatella-caprioglio-ospite-della-rassegna-disordine-il-caos-che-rigenera\/","og_locale":"it_IT","og_type":"article","og_title":"Donatella Caprioglio ospite della rassegna \u201cDisordine \u2013 Il caos che rigenera\u201d\u00a0\u200b - La Voce del Paese","og_description":"\u00a0 \u200b\u00a0 \u200b\u00a0 Gioved\u00ec 7 novembre, il secondo appuntamento della stagione di eventi targata \u201cCultura e Armonia\u201d rifletter\u00e0 sulla \u201cPsicologia","og_url":"https:\/\/lavocedelpaese.info\/index.php\/2024\/11\/06\/donatella-caprioglio-ospite-della-rassegna-disordine-il-caos-che-rigenera\/","og_site_name":"La Voce del Paese","article_publisher":"https:\/\/www.facebook.com\/lavocedelpaese.info","article_published_time":"2024-11-06T07:17:20+00:00","twitter_card":"summary_large_image","twitter_misc":{"Tempo di lettura stimato":"3 minuti"},"schema":{"@context":"https:\/\/schema.org","@graph":[{"@type":"Article","@id":"https:\/\/lavocedelpaese.info\/index.php\/2024\/11\/06\/donatella-caprioglio-ospite-della-rassegna-disordine-il-caos-che-rigenera\/#article","isPartOf":{"@id":"https:\/\/lavocedelpaese.info\/index.php\/2024\/11\/06\/donatella-caprioglio-ospite-della-rassegna-disordine-il-caos-che-rigenera\/"},"author":{"name":"","@id":""},"headline":"Donatella Caprioglio ospite della rassegna \u201cDisordine \u2013 Il caos che rigenera\u201d\u00a0\u200b","datePublished":"2024-11-06T07:17:20+00:00","mainEntityOfPage":{"@id":"https:\/\/lavocedelpaese.info\/index.php\/2024\/11\/06\/donatella-caprioglio-ospite-della-rassegna-disordine-il-caos-che-rigenera\/"},"wordCount":589,"commentCount":0,"publisher":{"@id":"https:\/\/lavocedelpaese.info\/#organization"},"image":{"@id":"https:\/\/lavocedelpaese.info\/index.php\/2024\/11\/06\/donatella-caprioglio-ospite-della-rassegna-disordine-il-caos-che-rigenera\/#primaryimage"},"thumbnailUrl":"https:\/\/lavocedelpaese.info\/wp-content\/uploads\/2023\/01\/logo-150-127.png","articleSection":["network"],"inLanguage":"it-IT","potentialAction":[{"@type":"CommentAction","name":"Comment","target":["https:\/\/lavocedelpaese.info\/index.php\/2024\/11\/06\/donatella-caprioglio-ospite-della-rassegna-disordine-il-caos-che-rigenera\/#respond"]}]},{"@type":"WebPage","@id":"https:\/\/lavocedelpaese.info\/index.php\/2024\/11\/06\/donatella-caprioglio-ospite-della-rassegna-disordine-il-caos-che-rigenera\/","url":"https:\/\/lavocedelpaese.info\/index.php\/2024\/11\/06\/donatella-caprioglio-ospite-della-rassegna-disordine-il-caos-che-rigenera\/","name":"Donatella Caprioglio ospite della rassegna \u201cDisordine \u2013 Il caos che rigenera\u201d\u00a0\u200b - La Voce del Paese","isPartOf":{"@id":"https:\/\/lavocedelpaese.info\/#website"},"primaryImageOfPage":{"@id":"https:\/\/lavocedelpaese.info\/index.php\/2024\/11\/06\/donatella-caprioglio-ospite-della-rassegna-disordine-il-caos-che-rigenera\/#primaryimage"},"image":{"@id":"https:\/\/lavocedelpaese.info\/index.php\/2024\/11\/06\/donatella-caprioglio-ospite-della-rassegna-disordine-il-caos-che-rigenera\/#primaryimage"},"thumbnailUrl":"https:\/\/lavocedelpaese.info\/wp-content\/uploads\/2023\/01\/logo-150-127.png","datePublished":"2024-11-06T07:17:20+00:00","breadcrumb":{"@id":"https:\/\/lavocedelpaese.info\/index.php\/2024\/11\/06\/donatella-caprioglio-ospite-della-rassegna-disordine-il-caos-che-rigenera\/#breadcrumb"},"inLanguage":"it-IT","potentialAction":[{"@type":"ReadAction","target":["https:\/\/lavocedelpaese.info\/index.php\/2024\/11\/06\/donatella-caprioglio-ospite-della-rassegna-disordine-il-caos-che-rigenera\/"]}]},{"@type":"ImageObject","inLanguage":"it-IT","@id":"https:\/\/lavocedelpaese.info\/index.php\/2024\/11\/06\/donatella-caprioglio-ospite-della-rassegna-disordine-il-caos-che-rigenera\/#primaryimage","url":"https:\/\/lavocedelpaese.info\/wp-content\/uploads\/2023\/01\/logo-150-127.png","contentUrl":"https:\/\/lavocedelpaese.info\/wp-content\/uploads\/2023\/01\/logo-150-127.png","width":150,"height":127},{"@type":"BreadcrumbList","@id":"https:\/\/lavocedelpaese.info\/index.php\/2024\/11\/06\/donatella-caprioglio-ospite-della-rassegna-disordine-il-caos-che-rigenera\/#breadcrumb","itemListElement":[{"@type":"ListItem","position":1,"name":"Home","item":"https:\/\/lavocedelpaese.info\/"},{"@type":"ListItem","position":2,"name":"Donatella Caprioglio ospite della rassegna \u201cDisordine \u2013 Il caos che rigenera\u201d\u00a0\u200b"}]},{"@type":"WebSite","@id":"https:\/\/lavocedelpaese.info\/#website","url":"https:\/\/lavocedelpaese.info\/","name":"La Voce del Paese","description":"Un network di idee","publisher":{"@id":"https:\/\/lavocedelpaese.info\/#organization"},"potentialAction":[{"@type":"SearchAction","target":{"@type":"EntryPoint","urlTemplate":"https:\/\/lavocedelpaese.info\/?s={search_term_string}"},"query-input":{"@type":"PropertyValueSpecification","valueRequired":true,"valueName":"search_term_string"}}],"inLanguage":"it-IT"},{"@type":"Organization","@id":"https:\/\/lavocedelpaese.info\/#organization","name":"La Voce del Paese","url":"https:\/\/lavocedelpaese.info\/","logo":{"@type":"ImageObject","inLanguage":"it-IT","@id":"https:\/\/lavocedelpaese.info\/#\/schema\/logo\/image\/","url":"https:\/\/lavocedelpaese.info\/wp-content\/uploads\/2023\/01\/cropped-logo-150-127.png","contentUrl":"https:\/\/lavocedelpaese.info\/wp-content\/uploads\/2023\/01\/cropped-logo-150-127.png","width":137,"height":119,"caption":"La Voce del Paese"},"image":{"@id":"https:\/\/lavocedelpaese.info\/#\/schema\/logo\/image\/"},"sameAs":["https:\/\/www.facebook.com\/lavocedelpaese.info"]}]}},"_links":{"self":[{"href":"https:\/\/lavocedelpaese.info\/index.php\/wp-json\/wp\/v2\/posts\/8266","targetHints":{"allow":["GET"]}}],"collection":[{"href":"https:\/\/lavocedelpaese.info\/index.php\/wp-json\/wp\/v2\/posts"}],"about":[{"href":"https:\/\/lavocedelpaese.info\/index.php\/wp-json\/wp\/v2\/types\/post"}],"replies":[{"embeddable":true,"href":"https:\/\/lavocedelpaese.info\/index.php\/wp-json\/wp\/v2\/comments?post=8266"}],"version-history":[{"count":0,"href":"https:\/\/lavocedelpaese.info\/index.php\/wp-json\/wp\/v2\/posts\/8266\/revisions"}],"wp:featuredmedia":[{"embeddable":true,"href":"https:\/\/lavocedelpaese.info\/index.php\/wp-json\/wp\/v2\/media\/730"}],"wp:attachment":[{"href":"https:\/\/lavocedelpaese.info\/index.php\/wp-json\/wp\/v2\/media?parent=8266"}],"wp:term":[{"taxonomy":"category","embeddable":true,"href":"https:\/\/lavocedelpaese.info\/index.php\/wp-json\/wp\/v2\/categories?post=8266"},{"taxonomy":"post_tag","embeddable":true,"href":"https:\/\/lavocedelpaese.info\/index.php\/wp-json\/wp\/v2\/tags?post=8266"}],"curies":[{"name":"wp","href":"https:\/\/api.w.org\/{rel}","templated":true}]}}