{"id":8262,"date":"2024-11-04T19:43:59","date_gmt":"2024-11-04T19:43:59","guid":{"rendered":"https:\/\/lavocedelpaese.info\/index.php\/2024\/11\/04\/mi-racconti-una-storia-al-via-le-attivita-della-cooperativa-mosaici\/"},"modified":"2024-11-04T19:43:59","modified_gmt":"2024-11-04T19:43:59","slug":"mi-racconti-una-storia-al-via-le-attivita-della-cooperativa-mosaici","status":"publish","type":"post","link":"https:\/\/lavocedelpaese.info\/index.php\/2024\/11\/04\/mi-racconti-una-storia-al-via-le-attivita-della-cooperativa-mosaici\/","title":{"rendered":"\u201cMi racconti una storia?\u201d . Al via le attivit\u00e0 della Cooperativa Mosaici\u00a0\u200b"},"content":{"rendered":"<p>\u00a0<\/p>\n<p>\u200b\u00a0<\/p>\n<p>\u200b\u00a0<\/p>\n<p><em>di Francesco Lenoci<\/em><\/p>\n<p>Dopo la pausa estiva e il trasferimento della Biblioteca Comunale \u201cMaselli \u2013 Campagna\u201d di Acquaviva delle Fonti, presso i locali dell\u2019Ex Macello Comunale, riprendono gli appuntamenti del progetto <strong>Biblio In<\/strong>, progetto della Pro Loco \u201cCurtomartino\u201d di Acquaviva delle Fonti, vincitore del bando \u201cBiblioteche e Comunit\u00e0\u201d.<\/p>\n<p><strong>Marted\u00ec 5 novembre<\/strong>, la <strong>Cooperativa \u201cMosaici\u201d<\/strong>, in collaborazione con gli Istituti Comprensivi \u201cGiovanni XXII \u2013 De Amicis\u201d, \u201cCaporizzi \u2013 Lucarelli\u201d e il Centro Polivalente per Anziani di Acquaviva, riprender\u00e0 le attivit\u00e0 programmate nell\u2019ambito della tipologia di azione <strong>Biblio In Movimento<\/strong>. Questa tipologia di azione vede la <strong>lettura come un fattore di inclusione, vicinanza, aggregazione e crescita<\/strong> per tutti i protagonisti dei diversi appuntamenti a calendario.<\/p>\n<p>Questi primi incontri vedranno il coinvolgimento di alcuni bambini delle classi 4<sup>e<\/sup> in un percorso di lettura che mira a <strong>creare un ponte tra generazioni diverse<\/strong>, favorendo quindi l\u2019incontro tra i bambini e un gruppo di anziani.<\/p>\n<p>La Cooperativa Mosaici, nello specifico attraverso il\u00a0<strong>Centro Socio-Educativo \u201cGranelli di Senape\u201d<\/strong>, \u00e8 una delle forme concrete attraverso le quali la Parrocchia Sant\u2019Eustachio Martire, della Concattedrale di Acquaviva, svolge il suo compito di \u201ccomunit\u00e0 educante\u201d, offrendo uno spazio e un tempo affinch\u00e8 i ragazzi e gli adolescenti possano sviluppare e mettere in circolo tutte le loro capacit\u00e0, esperienze e competenze, anche quelle pi\u00f9 nascoste o per le quali c\u2019\u00e8 poca attenzione.<\/p>\n<p>Referente per questo primo ciclo di attivit\u00e0 \u00e8 la <strong>Dott.ssa Maria Lucia Elmi<\/strong>, <strong>Pedagogista<\/strong> e membro dell\u2019<strong>equipe psico-educativa della Cooperativa<\/strong>. L\u2019abbiamo intervistata per farci spiegare nel dettaglio le attivit\u00e0 quotidiane del Centro \u201cGranelli di Senape\u201d e le finalit\u00e0 di questi appuntamenti in programma.<\/p>\n<p>\u201c<em>Il centro svolge attivit\u00e0 volte alla prevenzione del disagio e alla promozione del benessere di minori, di persone diversamente abili e delle loro famiglie, nell\u2019ottica della crescita del potenziale insito in ogni persona nonostante disagi e\/o limitazioni. Attraverso attivit\u00e0 e interventi specifici, il centro mira alla crescita autonoma e responsabile dei ragazzi, alla formazione, all\u2019integrazione e al recupero delle loro eventuali difficolt\u00e0 di apprendimento, psicologiche, comportamentali, sociali e relazionali<\/em>.\u201d<\/p>\n<p>\u201cMi racconti una storia?\u201d \u00e8 il nome dell\u2019attivit\u00e0 che avete sviluppato per il progetto Biblio In e, nello specifico, per l\u2019area Biblio In Movimento. Qual \u00e8 l\u2019obiettivo ultimo?<\/p>\n<p>\u201c<em>L\u2019obiettivo \u00e8 semplice ma di grande impatto. Attraverso la lettura ad alta voce di storie, si vuole promuovere l\u2019intergenerazionalit\u00e0, valorizzare il racconto come strumento di comunicazione e arricchimento personale e creare un ambiente di ascolto reciproco e rispetto.<\/em><\/p>\n<p><em>Attraverso questa serie di appuntamenti<\/em><em><strong>,<\/strong><\/em><em> i bambini e gli anziani potranno scoprire un mondo di emozioni e conoscenze condiviso. I bambini, ascoltando le storie degli anziani, potranno comprendere meglio la storia della loro famiglia e della loro comunit\u00e0. Gli anziani, invece, ascoltando le storie che i bambini leggeranno, potranno riscoprire la gioia e l\u2019entusiasmo di cui i piccoli sono portatori. In un\u2019epoca caratterizzata dalla frenesia e dalla tecnologia, questo progetto pensiamo possa offrire un\u2019opportunit\u00e0 unica per rallentare i ritmi e dedicare del tempo alla condivisione e all\u2019ascolto. il nostro \u00e8 un invito a riscoprire il valore delle relazioni umane e a costruire una societ\u00e0 pi\u00f9 coesa e solidale<\/em>.\u201d<\/p>\n<p>Come si svilupperanno gli incontri e qual \u00e8 il calendario?<\/p>\n<p>\u201c<em>I bambini coinvolti, insieme ad alcuni docenti degli Istituti Comprensivi \u201cGiovanni XXIII \u2013 De Amicis\u201d e \u201cCaporizzi \u2013 Lucarelli\u201d, e agli educatori del nostro centro, si recheranno per il primo appuntamento presso la Biblioteca Comunale di Acquaviva per scegliere alcuni libri che dovranno leggere agli anziani del Centro Polivalente per Anziani. Durante i successivi appuntamenti, i bambini si recheranno presso il Centro Anziani per avviare le attivit\u00e0 di lettura condivisa e terminare ogni incontro con una illustrazione da donare agli anziani.<\/em><\/p>\n<p><em>Inizieremo quindi <\/em><em><strong>marted\u00ec 5 novembre, dalle ore 17.15 alle 18.30<\/strong><\/em><em>. Il primo appuntamento, come detto, si svolger\u00e0 nella nuova sede della <\/em><em><strong>Biblioteca Comunale<\/strong><\/em><em>, in via Togliatti\/via Alcide De Gasperi. I successivi 5 appuntamenti, <\/em><em><strong>19 novembre<\/strong><\/em><em>, <\/em><em><strong>3 e 17 dicembre<\/strong><\/em><em>, <\/em><em><strong>7 e 14 gennaio<\/strong><\/em><em>, si svolgeranno presso il <\/em><em><strong>Centro Polivalente Anziani<\/strong><\/em><em> in Piazza dei Martiri, 15<\/em>.\u201d<\/p>\n<p class=\"has-text-align-right\"><em><strong>Francesco Lenoci<\/strong><\/em><\/p>\n<figure class=\"wp-block-image size-full\"><img decoding=\"async\" width=\"800\" height=\"800\" src=\"https:\/\/acquaviva.lavocedelpaese.info\/wp-content\/uploads\/2024\/11\/Biblio-In-Movimento-letture-Mosaici-1.jpg\" alt=\"\" class=\"wp-image-4950\"\/><\/figure>\n\n<p><a class=\"a2a_button_facebook\" href=\"https:\/\/www.addtoany.com\/add_to\/facebook?linkurl=https%3A%2F%2Facquaviva.lavocedelpaese.info%2Findex.php%2F2024%2F11%2F04%2Fmi-racconti-una-storia-al-via-le-attivita-della-cooperativa-mosaici%2F&amp;linkname=%E2%80%9CMi%20racconti%20una%20storia%3F%E2%80%9D%20.%20Al%20via%20le%20attivit%C3%A0%20della%20Cooperativa%20Mosaici\" title=\"Facebook\" rel=\"nofollow noopener\" target=\"_blank\"><\/a><a class=\"a2a_button_twitter\" href=\"https:\/\/www.addtoany.com\/add_to\/twitter?linkurl=https%3A%2F%2Facquaviva.lavocedelpaese.info%2Findex.php%2F2024%2F11%2F04%2Fmi-racconti-una-storia-al-via-le-attivita-della-cooperativa-mosaici%2F&amp;linkname=%E2%80%9CMi%20racconti%20una%20storia%3F%E2%80%9D%20.%20Al%20via%20le%20attivit%C3%A0%20della%20Cooperativa%20Mosaici\" title=\"Twitter\" rel=\"nofollow noopener\" target=\"_blank\"><\/a><a class=\"a2a_button_whatsapp\" href=\"https:\/\/www.addtoany.com\/add_to\/whatsapp?linkurl=https%3A%2F%2Facquaviva.lavocedelpaese.info%2Findex.php%2F2024%2F11%2F04%2Fmi-racconti-una-storia-al-via-le-attivita-della-cooperativa-mosaici%2F&amp;linkname=%E2%80%9CMi%20racconti%20una%20storia%3F%E2%80%9D%20.%20Al%20via%20le%20attivit%C3%A0%20della%20Cooperativa%20Mosaici\" title=\"WhatsApp\" rel=\"nofollow noopener\" target=\"_blank\"><\/a><a class=\"a2a_button_telegram\" href=\"https:\/\/www.addtoany.com\/add_to\/telegram?linkurl=https%3A%2F%2Facquaviva.lavocedelpaese.info%2Findex.php%2F2024%2F11%2F04%2Fmi-racconti-una-storia-al-via-le-attivita-della-cooperativa-mosaici%2F&amp;linkname=%E2%80%9CMi%20racconti%20una%20storia%3F%E2%80%9D%20.%20Al%20via%20le%20attivit%C3%A0%20della%20Cooperativa%20Mosaici\" title=\"Telegram\" rel=\"nofollow noopener\" target=\"_blank\"><\/a><a class=\"a2a_button_email\" href=\"https:\/\/www.addtoany.com\/add_to\/email?linkurl=https%3A%2F%2Facquaviva.lavocedelpaese.info%2Findex.php%2F2024%2F11%2F04%2Fmi-racconti-una-storia-al-via-le-attivita-della-cooperativa-mosaici%2F&amp;linkname=%E2%80%9CMi%20racconti%20una%20storia%3F%E2%80%9D%20.%20Al%20via%20le%20attivit%C3%A0%20della%20Cooperativa%20Mosaici\" title=\"Email\" rel=\"nofollow noopener\" target=\"_blank\"><\/a><\/p>\n<p>\u00a0<\/p>\n<p>\u00a0<\/p>\n<p>\u200b\u00a0\u00a0\u00a0<\/p>","protected":false},"excerpt":{"rendered":"<p>\u00a0 \u200b\u00a0 \u200b\u00a0 di Francesco Lenoci Dopo la pausa estiva e il trasferimento della Biblioteca Comunale \u201cMaselli \u2013 Campagna\u201d di<\/p>\n","protected":false},"author":0,"featured_media":8263,"comment_status":"open","ping_status":"closed","sticky":false,"template":"","format":"standard","meta":{"colormag_page_container_layout":"default_layout","colormag_page_sidebar_layout":"default_layout","footnotes":""},"categories":[33],"tags":[],"class_list":["post-8262","post","type-post","status-publish","format-standard","has-post-thumbnail","hentry","category-network"],"yoast_head":"<!-- This site is optimized with the Yoast SEO plugin v27.5 - https:\/\/yoast.com\/product\/yoast-seo-wordpress\/ -->\n<title>\u201cMi racconti una storia?\u201d . Al via le attivit\u00e0 della Cooperativa Mosaici\u00a0\u200b - La Voce del Paese<\/title>\n<meta name=\"robots\" content=\"index, follow, max-snippet:-1, max-image-preview:large, max-video-preview:-1\" \/>\n<link rel=\"canonical\" href=\"https:\/\/lavocedelpaese.info\/index.php\/2024\/11\/04\/mi-racconti-una-storia-al-via-le-attivita-della-cooperativa-mosaici\/\" \/>\n<meta property=\"og:locale\" content=\"it_IT\" \/>\n<meta property=\"og:type\" content=\"article\" \/>\n<meta property=\"og:title\" content=\"\u201cMi racconti una storia?\u201d . Al via le attivit\u00e0 della Cooperativa Mosaici\u00a0\u200b - La Voce del Paese\" \/>\n<meta property=\"og:description\" content=\"\u00a0 \u200b\u00a0 \u200b\u00a0 di Francesco Lenoci Dopo la pausa estiva e il trasferimento della Biblioteca Comunale \u201cMaselli \u2013 Campagna\u201d di\" \/>\n<meta property=\"og:url\" content=\"https:\/\/lavocedelpaese.info\/index.php\/2024\/11\/04\/mi-racconti-una-storia-al-via-le-attivita-della-cooperativa-mosaici\/\" \/>\n<meta property=\"og:site_name\" content=\"La Voce del Paese\" \/>\n<meta property=\"article:publisher\" content=\"https:\/\/www.facebook.com\/lavocedelpaese.info\" \/>\n<meta property=\"article:published_time\" content=\"2024-11-04T19:43:59+00:00\" \/>\n<meta name=\"twitter:card\" content=\"summary_large_image\" \/>\n<meta name=\"twitter:label1\" content=\"Tempo di lettura stimato\" \/>\n\t<meta name=\"twitter:data1\" content=\"3 minuti\" \/>\n<script type=\"application\/ld+json\" class=\"yoast-schema-graph\">{\"@context\":\"https:\\\/\\\/schema.org\",\"@graph\":[{\"@type\":\"Article\",\"@id\":\"https:\\\/\\\/lavocedelpaese.info\\\/index.php\\\/2024\\\/11\\\/04\\\/mi-racconti-una-storia-al-via-le-attivita-della-cooperativa-mosaici\\\/#article\",\"isPartOf\":{\"@id\":\"https:\\\/\\\/lavocedelpaese.info\\\/index.php\\\/2024\\\/11\\\/04\\\/mi-racconti-una-storia-al-via-le-attivita-della-cooperativa-mosaici\\\/\"},\"author\":{\"name\":\"\",\"@id\":\"\"},\"headline\":\"\u201cMi racconti una storia?\u201d . Al via le attivit\u00e0 della Cooperativa Mosaici\u00a0\u200b\",\"datePublished\":\"2024-11-04T19:43:59+00:00\",\"mainEntityOfPage\":{\"@id\":\"https:\\\/\\\/lavocedelpaese.info\\\/index.php\\\/2024\\\/11\\\/04\\\/mi-racconti-una-storia-al-via-le-attivita-della-cooperativa-mosaici\\\/\"},\"wordCount\":663,\"commentCount\":0,\"publisher\":{\"@id\":\"https:\\\/\\\/lavocedelpaese.info\\\/#organization\"},\"image\":{\"@id\":\"https:\\\/\\\/lavocedelpaese.info\\\/index.php\\\/2024\\\/11\\\/04\\\/mi-racconti-una-storia-al-via-le-attivita-della-cooperativa-mosaici\\\/#primaryimage\"},\"thumbnailUrl\":\"https:\\\/\\\/lavocedelpaese.info\\\/wp-content\\\/uploads\\\/2024\\\/11\\\/Biblio-In-Movimento-letture-Mosaici-1-jztz5k.jpeg\",\"articleSection\":[\"network\"],\"inLanguage\":\"it-IT\",\"potentialAction\":[{\"@type\":\"CommentAction\",\"name\":\"Comment\",\"target\":[\"https:\\\/\\\/lavocedelpaese.info\\\/index.php\\\/2024\\\/11\\\/04\\\/mi-racconti-una-storia-al-via-le-attivita-della-cooperativa-mosaici\\\/#respond\"]}]},{\"@type\":\"WebPage\",\"@id\":\"https:\\\/\\\/lavocedelpaese.info\\\/index.php\\\/2024\\\/11\\\/04\\\/mi-racconti-una-storia-al-via-le-attivita-della-cooperativa-mosaici\\\/\",\"url\":\"https:\\\/\\\/lavocedelpaese.info\\\/index.php\\\/2024\\\/11\\\/04\\\/mi-racconti-una-storia-al-via-le-attivita-della-cooperativa-mosaici\\\/\",\"name\":\"\u201cMi racconti una storia?\u201d . Al via le attivit\u00e0 della Cooperativa Mosaici\u00a0\u200b - La Voce del Paese\",\"isPartOf\":{\"@id\":\"https:\\\/\\\/lavocedelpaese.info\\\/#website\"},\"primaryImageOfPage\":{\"@id\":\"https:\\\/\\\/lavocedelpaese.info\\\/index.php\\\/2024\\\/11\\\/04\\\/mi-racconti-una-storia-al-via-le-attivita-della-cooperativa-mosaici\\\/#primaryimage\"},\"image\":{\"@id\":\"https:\\\/\\\/lavocedelpaese.info\\\/index.php\\\/2024\\\/11\\\/04\\\/mi-racconti-una-storia-al-via-le-attivita-della-cooperativa-mosaici\\\/#primaryimage\"},\"thumbnailUrl\":\"https:\\\/\\\/lavocedelpaese.info\\\/wp-content\\\/uploads\\\/2024\\\/11\\\/Biblio-In-Movimento-letture-Mosaici-1-jztz5k.jpeg\",\"datePublished\":\"2024-11-04T19:43:59+00:00\",\"breadcrumb\":{\"@id\":\"https:\\\/\\\/lavocedelpaese.info\\\/index.php\\\/2024\\\/11\\\/04\\\/mi-racconti-una-storia-al-via-le-attivita-della-cooperativa-mosaici\\\/#breadcrumb\"},\"inLanguage\":\"it-IT\",\"potentialAction\":[{\"@type\":\"ReadAction\",\"target\":[\"https:\\\/\\\/lavocedelpaese.info\\\/index.php\\\/2024\\\/11\\\/04\\\/mi-racconti-una-storia-al-via-le-attivita-della-cooperativa-mosaici\\\/\"]}]},{\"@type\":\"ImageObject\",\"inLanguage\":\"it-IT\",\"@id\":\"https:\\\/\\\/lavocedelpaese.info\\\/index.php\\\/2024\\\/11\\\/04\\\/mi-racconti-una-storia-al-via-le-attivita-della-cooperativa-mosaici\\\/#primaryimage\",\"url\":\"https:\\\/\\\/lavocedelpaese.info\\\/wp-content\\\/uploads\\\/2024\\\/11\\\/Biblio-In-Movimento-letture-Mosaici-1-jztz5k.jpeg\",\"contentUrl\":\"https:\\\/\\\/lavocedelpaese.info\\\/wp-content\\\/uploads\\\/2024\\\/11\\\/Biblio-In-Movimento-letture-Mosaici-1-jztz5k.jpeg\",\"width\":800,\"height\":800},{\"@type\":\"BreadcrumbList\",\"@id\":\"https:\\\/\\\/lavocedelpaese.info\\\/index.php\\\/2024\\\/11\\\/04\\\/mi-racconti-una-storia-al-via-le-attivita-della-cooperativa-mosaici\\\/#breadcrumb\",\"itemListElement\":[{\"@type\":\"ListItem\",\"position\":1,\"name\":\"Home\",\"item\":\"https:\\\/\\\/lavocedelpaese.info\\\/\"},{\"@type\":\"ListItem\",\"position\":2,\"name\":\"\u201cMi racconti una storia?\u201d . Al via le attivit\u00e0 della Cooperativa Mosaici\u00a0\u200b\"}]},{\"@type\":\"WebSite\",\"@id\":\"https:\\\/\\\/lavocedelpaese.info\\\/#website\",\"url\":\"https:\\\/\\\/lavocedelpaese.info\\\/\",\"name\":\"La Voce del Paese\",\"description\":\"Un network di idee\",\"publisher\":{\"@id\":\"https:\\\/\\\/lavocedelpaese.info\\\/#organization\"},\"potentialAction\":[{\"@type\":\"SearchAction\",\"target\":{\"@type\":\"EntryPoint\",\"urlTemplate\":\"https:\\\/\\\/lavocedelpaese.info\\\/?s={search_term_string}\"},\"query-input\":{\"@type\":\"PropertyValueSpecification\",\"valueRequired\":true,\"valueName\":\"search_term_string\"}}],\"inLanguage\":\"it-IT\"},{\"@type\":\"Organization\",\"@id\":\"https:\\\/\\\/lavocedelpaese.info\\\/#organization\",\"name\":\"La Voce del Paese\",\"url\":\"https:\\\/\\\/lavocedelpaese.info\\\/\",\"logo\":{\"@type\":\"ImageObject\",\"inLanguage\":\"it-IT\",\"@id\":\"https:\\\/\\\/lavocedelpaese.info\\\/#\\\/schema\\\/logo\\\/image\\\/\",\"url\":\"https:\\\/\\\/lavocedelpaese.info\\\/wp-content\\\/uploads\\\/2023\\\/01\\\/cropped-logo-150-127.png\",\"contentUrl\":\"https:\\\/\\\/lavocedelpaese.info\\\/wp-content\\\/uploads\\\/2023\\\/01\\\/cropped-logo-150-127.png\",\"width\":137,\"height\":119,\"caption\":\"La Voce del Paese\"},\"image\":{\"@id\":\"https:\\\/\\\/lavocedelpaese.info\\\/#\\\/schema\\\/logo\\\/image\\\/\"},\"sameAs\":[\"https:\\\/\\\/www.facebook.com\\\/lavocedelpaese.info\"]}]}<\/script>\n<!-- \/ Yoast SEO plugin. -->","yoast_head_json":{"title":"\u201cMi racconti una storia?\u201d . Al via le attivit\u00e0 della Cooperativa Mosaici\u00a0\u200b - La Voce del Paese","robots":{"index":"index","follow":"follow","max-snippet":"max-snippet:-1","max-image-preview":"max-image-preview:large","max-video-preview":"max-video-preview:-1"},"canonical":"https:\/\/lavocedelpaese.info\/index.php\/2024\/11\/04\/mi-racconti-una-storia-al-via-le-attivita-della-cooperativa-mosaici\/","og_locale":"it_IT","og_type":"article","og_title":"\u201cMi racconti una storia?\u201d . Al via le attivit\u00e0 della Cooperativa Mosaici\u00a0\u200b - La Voce del Paese","og_description":"\u00a0 \u200b\u00a0 \u200b\u00a0 di Francesco Lenoci Dopo la pausa estiva e il trasferimento della Biblioteca Comunale \u201cMaselli \u2013 Campagna\u201d di","og_url":"https:\/\/lavocedelpaese.info\/index.php\/2024\/11\/04\/mi-racconti-una-storia-al-via-le-attivita-della-cooperativa-mosaici\/","og_site_name":"La Voce del Paese","article_publisher":"https:\/\/www.facebook.com\/lavocedelpaese.info","article_published_time":"2024-11-04T19:43:59+00:00","twitter_card":"summary_large_image","twitter_misc":{"Tempo di lettura stimato":"3 minuti"},"schema":{"@context":"https:\/\/schema.org","@graph":[{"@type":"Article","@id":"https:\/\/lavocedelpaese.info\/index.php\/2024\/11\/04\/mi-racconti-una-storia-al-via-le-attivita-della-cooperativa-mosaici\/#article","isPartOf":{"@id":"https:\/\/lavocedelpaese.info\/index.php\/2024\/11\/04\/mi-racconti-una-storia-al-via-le-attivita-della-cooperativa-mosaici\/"},"author":{"name":"","@id":""},"headline":"\u201cMi racconti una storia?\u201d . Al via le attivit\u00e0 della Cooperativa Mosaici\u00a0\u200b","datePublished":"2024-11-04T19:43:59+00:00","mainEntityOfPage":{"@id":"https:\/\/lavocedelpaese.info\/index.php\/2024\/11\/04\/mi-racconti-una-storia-al-via-le-attivita-della-cooperativa-mosaici\/"},"wordCount":663,"commentCount":0,"publisher":{"@id":"https:\/\/lavocedelpaese.info\/#organization"},"image":{"@id":"https:\/\/lavocedelpaese.info\/index.php\/2024\/11\/04\/mi-racconti-una-storia-al-via-le-attivita-della-cooperativa-mosaici\/#primaryimage"},"thumbnailUrl":"https:\/\/lavocedelpaese.info\/wp-content\/uploads\/2024\/11\/Biblio-In-Movimento-letture-Mosaici-1-jztz5k.jpeg","articleSection":["network"],"inLanguage":"it-IT","potentialAction":[{"@type":"CommentAction","name":"Comment","target":["https:\/\/lavocedelpaese.info\/index.php\/2024\/11\/04\/mi-racconti-una-storia-al-via-le-attivita-della-cooperativa-mosaici\/#respond"]}]},{"@type":"WebPage","@id":"https:\/\/lavocedelpaese.info\/index.php\/2024\/11\/04\/mi-racconti-una-storia-al-via-le-attivita-della-cooperativa-mosaici\/","url":"https:\/\/lavocedelpaese.info\/index.php\/2024\/11\/04\/mi-racconti-una-storia-al-via-le-attivita-della-cooperativa-mosaici\/","name":"\u201cMi racconti una storia?\u201d . Al via le attivit\u00e0 della Cooperativa Mosaici\u00a0\u200b - La Voce del Paese","isPartOf":{"@id":"https:\/\/lavocedelpaese.info\/#website"},"primaryImageOfPage":{"@id":"https:\/\/lavocedelpaese.info\/index.php\/2024\/11\/04\/mi-racconti-una-storia-al-via-le-attivita-della-cooperativa-mosaici\/#primaryimage"},"image":{"@id":"https:\/\/lavocedelpaese.info\/index.php\/2024\/11\/04\/mi-racconti-una-storia-al-via-le-attivita-della-cooperativa-mosaici\/#primaryimage"},"thumbnailUrl":"https:\/\/lavocedelpaese.info\/wp-content\/uploads\/2024\/11\/Biblio-In-Movimento-letture-Mosaici-1-jztz5k.jpeg","datePublished":"2024-11-04T19:43:59+00:00","breadcrumb":{"@id":"https:\/\/lavocedelpaese.info\/index.php\/2024\/11\/04\/mi-racconti-una-storia-al-via-le-attivita-della-cooperativa-mosaici\/#breadcrumb"},"inLanguage":"it-IT","potentialAction":[{"@type":"ReadAction","target":["https:\/\/lavocedelpaese.info\/index.php\/2024\/11\/04\/mi-racconti-una-storia-al-via-le-attivita-della-cooperativa-mosaici\/"]}]},{"@type":"ImageObject","inLanguage":"it-IT","@id":"https:\/\/lavocedelpaese.info\/index.php\/2024\/11\/04\/mi-racconti-una-storia-al-via-le-attivita-della-cooperativa-mosaici\/#primaryimage","url":"https:\/\/lavocedelpaese.info\/wp-content\/uploads\/2024\/11\/Biblio-In-Movimento-letture-Mosaici-1-jztz5k.jpeg","contentUrl":"https:\/\/lavocedelpaese.info\/wp-content\/uploads\/2024\/11\/Biblio-In-Movimento-letture-Mosaici-1-jztz5k.jpeg","width":800,"height":800},{"@type":"BreadcrumbList","@id":"https:\/\/lavocedelpaese.info\/index.php\/2024\/11\/04\/mi-racconti-una-storia-al-via-le-attivita-della-cooperativa-mosaici\/#breadcrumb","itemListElement":[{"@type":"ListItem","position":1,"name":"Home","item":"https:\/\/lavocedelpaese.info\/"},{"@type":"ListItem","position":2,"name":"\u201cMi racconti una storia?\u201d . Al via le attivit\u00e0 della Cooperativa Mosaici\u00a0\u200b"}]},{"@type":"WebSite","@id":"https:\/\/lavocedelpaese.info\/#website","url":"https:\/\/lavocedelpaese.info\/","name":"La Voce del Paese","description":"Un network di idee","publisher":{"@id":"https:\/\/lavocedelpaese.info\/#organization"},"potentialAction":[{"@type":"SearchAction","target":{"@type":"EntryPoint","urlTemplate":"https:\/\/lavocedelpaese.info\/?s={search_term_string}"},"query-input":{"@type":"PropertyValueSpecification","valueRequired":true,"valueName":"search_term_string"}}],"inLanguage":"it-IT"},{"@type":"Organization","@id":"https:\/\/lavocedelpaese.info\/#organization","name":"La Voce del Paese","url":"https:\/\/lavocedelpaese.info\/","logo":{"@type":"ImageObject","inLanguage":"it-IT","@id":"https:\/\/lavocedelpaese.info\/#\/schema\/logo\/image\/","url":"https:\/\/lavocedelpaese.info\/wp-content\/uploads\/2023\/01\/cropped-logo-150-127.png","contentUrl":"https:\/\/lavocedelpaese.info\/wp-content\/uploads\/2023\/01\/cropped-logo-150-127.png","width":137,"height":119,"caption":"La Voce del Paese"},"image":{"@id":"https:\/\/lavocedelpaese.info\/#\/schema\/logo\/image\/"},"sameAs":["https:\/\/www.facebook.com\/lavocedelpaese.info"]}]}},"_links":{"self":[{"href":"https:\/\/lavocedelpaese.info\/index.php\/wp-json\/wp\/v2\/posts\/8262","targetHints":{"allow":["GET"]}}],"collection":[{"href":"https:\/\/lavocedelpaese.info\/index.php\/wp-json\/wp\/v2\/posts"}],"about":[{"href":"https:\/\/lavocedelpaese.info\/index.php\/wp-json\/wp\/v2\/types\/post"}],"replies":[{"embeddable":true,"href":"https:\/\/lavocedelpaese.info\/index.php\/wp-json\/wp\/v2\/comments?post=8262"}],"version-history":[{"count":0,"href":"https:\/\/lavocedelpaese.info\/index.php\/wp-json\/wp\/v2\/posts\/8262\/revisions"}],"wp:featuredmedia":[{"embeddable":true,"href":"https:\/\/lavocedelpaese.info\/index.php\/wp-json\/wp\/v2\/media\/8263"}],"wp:attachment":[{"href":"https:\/\/lavocedelpaese.info\/index.php\/wp-json\/wp\/v2\/media?parent=8262"}],"wp:term":[{"taxonomy":"category","embeddable":true,"href":"https:\/\/lavocedelpaese.info\/index.php\/wp-json\/wp\/v2\/categories?post=8262"},{"taxonomy":"post_tag","embeddable":true,"href":"https:\/\/lavocedelpaese.info\/index.php\/wp-json\/wp\/v2\/tags?post=8262"}],"curies":[{"name":"wp","href":"https:\/\/api.w.org\/{rel}","templated":true}]}}