{"id":8227,"date":"2024-10-30T02:17:09","date_gmt":"2024-10-30T02:17:09","guid":{"rendered":"https:\/\/lavocedelpaese.info\/index.php\/2024\/10\/30\/thuriae-sconfitta-interna-con-il-veglie\/"},"modified":"2024-10-30T02:17:09","modified_gmt":"2024-10-30T02:17:09","slug":"thuriae-sconfitta-interna-con-il-veglie","status":"publish","type":"post","link":"https:\/\/lavocedelpaese.info\/index.php\/2024\/10\/30\/thuriae-sconfitta-interna-con-il-veglie\/","title":{"rendered":"Thuriae, sconfitta interna con il Veglie\u00a0\u200b"},"content":{"rendered":"<p>\u00a0<\/p>\n<p>\u200b\u00a0<\/p>\n<p>\u200b\u00a0<\/p>\n<div><\/div>\n<h4 class=\"wp-block-heading\"><strong>Non bastano le reti di Valentini, Fanelli e Lorusso. Sabato impegno esterno a Foggia<\/strong><\/h4>\n<p>Continua il periodo buio dei turesi, che incassano una nuova sconfitta interna contro il Futsal Veglie, che si impone al palazzetto di via Cisterne per 3-5. Fallisce dunque la missione di tornare a fare punti, sfruttando il calore del pubblico di casa, con i rossogranata che vedono una classifica ferma ormai da tre turni.<\/p>\n<p>La partita di sabato \u00e8 lo specchio di questa prima parte di stagione dei turesi, incapaci di mantenere lo stesso livello di intensit\u00e0 e concentrazione per tutti i 40 minuti di gioco, e che per questo finiscono per capitolare in favore degli avversari.<\/p>\n<p>\u00a0Thuriae che nel primo tempo passa in vantaggio grazie al gol di Valentini, che conclude una bella azione corale. La risposta del Veglie \u00e8 affidata ai singoli con lo spagnolo Salguero che stupisce tutti con un gran sinistro all\u2019incrocio dei pali. Risultato in parit\u00e0. Il gol sveglia il Veglie, che nel finale di primo tempo trova la rete del vantaggio.<\/p>\n<p>\u00a0La ripresa \u00e8 un copione gi\u00e0 visto: inizio shock per i padroni di casa, che ancora una volta faticano a trovare la stessa intensit\u00e0 del primo tempo. In pochi minuti il Veglie si porta prima sul +2, e poi sferra l\u2019allungo decisivo, portandosi sull\u20191-5. Gli ultimi dieci minuti vedono la rabbiosa reazione del Thuriae, che accorcia con Fanelli e Lorusso. 3-5. Nel finale assedio dei padroni di casa, non andato a segno grazie ad ottimi interventi del portiere ospite, ma anche imprecisione dei turesi.<\/p>\n<p>Termina cos\u00ec per 3-5 la partita, la terza sconfitta consecutiva per i nostri ragazzi. Non ha portato i frutti sperati, dunque, dunque il duplice impegno casalingo dell\u2019ultima settimana. Turesi fermi a quattro punti dopo sette giornate di campionato.<\/p>\n<p>Il pre-match \u00e8 stato l\u2019occasione per condividere con gli avversari di giornata un pezzo di turesit\u00e0. Grazie all\u2019iniziativa Cultura&amp;Sport, infatti, il presidente Angelillo ha omaggiato gli avversari con la faldacchea. Il progetto, che vede la collaborazione fra ASD Thuriae e l\u2019ass. La Faldacchea di Turi, \u00e8 un\u2019occasione per promuovere un\u2019eccellenza del territorio turese come la faldacchea, offerta per l\u2019occasione dal Caffe Iacovazzi.<\/p>\n<p>L\u2019avversario dell\u2019ottava giornata sar\u00e0 il CUS Foggia, attualmente a cinque punti in classifica. I foggiani navigano dunque nelle stesse zone di classifica dei turesi, e la trasferta di sabato 2 novembre deve essere l\u2019occasione per dare una sterzata alla stagione.<\/p>\n<p><a class=\"a2a_button_facebook\" href=\"https:\/\/www.addtoany.com\/add_to\/facebook?linkurl=https%3A%2F%2Fturi.lavocedelpaese.info%2Fthuriae-sconfitta-interna-con-il-veglie%2F&amp;linkname=Thuriae%2C%20sconfitta%20interna%20con%20il%20Veglie\" title=\"Facebook\" target=\"_blank\" rel=\"noopener\"><\/a><a class=\"a2a_button_twitter\" href=\"https:\/\/www.addtoany.com\/add_to\/twitter?linkurl=https%3A%2F%2Fturi.lavocedelpaese.info%2Fthuriae-sconfitta-interna-con-il-veglie%2F&amp;linkname=Thuriae%2C%20sconfitta%20interna%20con%20il%20Veglie\" title=\"Twitter\" target=\"_blank\" rel=\"noopener\"><\/a><a class=\"a2a_button_whatsapp\" href=\"https:\/\/www.addtoany.com\/add_to\/whatsapp?linkurl=https%3A%2F%2Fturi.lavocedelpaese.info%2Fthuriae-sconfitta-interna-con-il-veglie%2F&amp;linkname=Thuriae%2C%20sconfitta%20interna%20con%20il%20Veglie\" title=\"WhatsApp\" target=\"_blank\" rel=\"noopener\"><\/a><a class=\"a2a_button_telegram\" href=\"https:\/\/www.addtoany.com\/add_to\/telegram?linkurl=https%3A%2F%2Fturi.lavocedelpaese.info%2Fthuriae-sconfitta-interna-con-il-veglie%2F&amp;linkname=Thuriae%2C%20sconfitta%20interna%20con%20il%20Veglie\" title=\"Telegram\" target=\"_blank\" rel=\"noopener\"><\/a><a class=\"a2a_button_email\" href=\"https:\/\/www.addtoany.com\/add_to\/email?linkurl=https%3A%2F%2Fturi.lavocedelpaese.info%2Fthuriae-sconfitta-interna-con-il-veglie%2F&amp;linkname=Thuriae%2C%20sconfitta%20interna%20con%20il%20Veglie\" title=\"Email\" target=\"_blank\" rel=\"noopener\"><\/a><\/p>\n<p>L&#8217;articolo <a href=\"https:\/\/turi.lavocedelpaese.info\/thuriae-sconfitta-interna-con-il-veglie\/\">Thuriae, sconfitta interna con il Veglie<\/a> proviene da <a href=\"https:\/\/turi.lavocedelpaese.info\/\">Turi &#8211; La Voce del Paese<\/a>.<\/p>\n<p>\u00a0<\/p>\n<p>\u00a0<\/p>\n<p>\u200b\u00a0\u00a0\u00a0<\/p>","protected":false},"excerpt":{"rendered":"<p>\u00a0 \u200b\u00a0 \u200b\u00a0 Non bastano le reti di Valentini, Fanelli e Lorusso. Sabato impegno esterno a Foggia Continua il periodo<\/p>\n","protected":false},"author":0,"featured_media":8228,"comment_status":"open","ping_status":"closed","sticky":false,"template":"","format":"standard","meta":{"colormag_page_container_layout":"default_layout","colormag_page_sidebar_layout":"default_layout","footnotes":""},"categories":[33],"tags":[],"class_list":["post-8227","post","type-post","status-publish","format-standard","has-post-thumbnail","hentry","category-network"],"yoast_head":"<!-- This site is optimized with the Yoast SEO plugin v27.5 - https:\/\/yoast.com\/product\/yoast-seo-wordpress\/ -->\n<title>Thuriae, sconfitta interna con il Veglie\u00a0\u200b - La Voce del Paese<\/title>\n<meta name=\"robots\" content=\"index, follow, max-snippet:-1, max-image-preview:large, max-video-preview:-1\" \/>\n<link rel=\"canonical\" href=\"https:\/\/lavocedelpaese.info\/index.php\/2024\/10\/30\/thuriae-sconfitta-interna-con-il-veglie\/\" \/>\n<meta property=\"og:locale\" content=\"it_IT\" \/>\n<meta property=\"og:type\" content=\"article\" \/>\n<meta property=\"og:title\" content=\"Thuriae, sconfitta interna con il Veglie\u00a0\u200b - La Voce del Paese\" \/>\n<meta property=\"og:description\" content=\"\u00a0 \u200b\u00a0 \u200b\u00a0 Non bastano le reti di Valentini, Fanelli e Lorusso. Sabato impegno esterno a Foggia Continua il periodo\" \/>\n<meta property=\"og:url\" content=\"https:\/\/lavocedelpaese.info\/index.php\/2024\/10\/30\/thuriae-sconfitta-interna-con-il-veglie\/\" \/>\n<meta property=\"og:site_name\" content=\"La Voce del Paese\" \/>\n<meta property=\"article:publisher\" content=\"https:\/\/www.facebook.com\/lavocedelpaese.info\" \/>\n<meta property=\"article:published_time\" content=\"2024-10-30T02:17:09+00:00\" \/>\n<meta name=\"twitter:card\" content=\"summary_large_image\" \/>\n<meta name=\"twitter:label1\" content=\"Tempo di lettura stimato\" \/>\n\t<meta name=\"twitter:data1\" content=\"2 minuti\" \/>\n<script type=\"application\/ld+json\" class=\"yoast-schema-graph\">{\"@context\":\"https:\\\/\\\/schema.org\",\"@graph\":[{\"@type\":\"Article\",\"@id\":\"https:\\\/\\\/lavocedelpaese.info\\\/index.php\\\/2024\\\/10\\\/30\\\/thuriae-sconfitta-interna-con-il-veglie\\\/#article\",\"isPartOf\":{\"@id\":\"https:\\\/\\\/lavocedelpaese.info\\\/index.php\\\/2024\\\/10\\\/30\\\/thuriae-sconfitta-interna-con-il-veglie\\\/\"},\"author\":{\"name\":\"\",\"@id\":\"\"},\"headline\":\"Thuriae, sconfitta interna con il Veglie\u00a0\u200b\",\"datePublished\":\"2024-10-30T02:17:09+00:00\",\"mainEntityOfPage\":{\"@id\":\"https:\\\/\\\/lavocedelpaese.info\\\/index.php\\\/2024\\\/10\\\/30\\\/thuriae-sconfitta-interna-con-il-veglie\\\/\"},\"wordCount\":424,\"commentCount\":0,\"publisher\":{\"@id\":\"https:\\\/\\\/lavocedelpaese.info\\\/#organization\"},\"image\":{\"@id\":\"https:\\\/\\\/lavocedelpaese.info\\\/index.php\\\/2024\\\/10\\\/30\\\/thuriae-sconfitta-interna-con-il-veglie\\\/#primaryimage\"},\"thumbnailUrl\":\"https:\\\/\\\/lavocedelpaese.info\\\/wp-content\\\/uploads\\\/2024\\\/10\\\/thuriae_vdp_1-HSWPk7.jpeg\",\"articleSection\":[\"network\"],\"inLanguage\":\"it-IT\",\"potentialAction\":[{\"@type\":\"CommentAction\",\"name\":\"Comment\",\"target\":[\"https:\\\/\\\/lavocedelpaese.info\\\/index.php\\\/2024\\\/10\\\/30\\\/thuriae-sconfitta-interna-con-il-veglie\\\/#respond\"]}]},{\"@type\":\"WebPage\",\"@id\":\"https:\\\/\\\/lavocedelpaese.info\\\/index.php\\\/2024\\\/10\\\/30\\\/thuriae-sconfitta-interna-con-il-veglie\\\/\",\"url\":\"https:\\\/\\\/lavocedelpaese.info\\\/index.php\\\/2024\\\/10\\\/30\\\/thuriae-sconfitta-interna-con-il-veglie\\\/\",\"name\":\"Thuriae, sconfitta interna con il Veglie\u00a0\u200b - La Voce del Paese\",\"isPartOf\":{\"@id\":\"https:\\\/\\\/lavocedelpaese.info\\\/#website\"},\"primaryImageOfPage\":{\"@id\":\"https:\\\/\\\/lavocedelpaese.info\\\/index.php\\\/2024\\\/10\\\/30\\\/thuriae-sconfitta-interna-con-il-veglie\\\/#primaryimage\"},\"image\":{\"@id\":\"https:\\\/\\\/lavocedelpaese.info\\\/index.php\\\/2024\\\/10\\\/30\\\/thuriae-sconfitta-interna-con-il-veglie\\\/#primaryimage\"},\"thumbnailUrl\":\"https:\\\/\\\/lavocedelpaese.info\\\/wp-content\\\/uploads\\\/2024\\\/10\\\/thuriae_vdp_1-HSWPk7.jpeg\",\"datePublished\":\"2024-10-30T02:17:09+00:00\",\"breadcrumb\":{\"@id\":\"https:\\\/\\\/lavocedelpaese.info\\\/index.php\\\/2024\\\/10\\\/30\\\/thuriae-sconfitta-interna-con-il-veglie\\\/#breadcrumb\"},\"inLanguage\":\"it-IT\",\"potentialAction\":[{\"@type\":\"ReadAction\",\"target\":[\"https:\\\/\\\/lavocedelpaese.info\\\/index.php\\\/2024\\\/10\\\/30\\\/thuriae-sconfitta-interna-con-il-veglie\\\/\"]}]},{\"@type\":\"ImageObject\",\"inLanguage\":\"it-IT\",\"@id\":\"https:\\\/\\\/lavocedelpaese.info\\\/index.php\\\/2024\\\/10\\\/30\\\/thuriae-sconfitta-interna-con-il-veglie\\\/#primaryimage\",\"url\":\"https:\\\/\\\/lavocedelpaese.info\\\/wp-content\\\/uploads\\\/2024\\\/10\\\/thuriae_vdp_1-HSWPk7.jpeg\",\"contentUrl\":\"https:\\\/\\\/lavocedelpaese.info\\\/wp-content\\\/uploads\\\/2024\\\/10\\\/thuriae_vdp_1-HSWPk7.jpeg\",\"width\":800,\"height\":800},{\"@type\":\"BreadcrumbList\",\"@id\":\"https:\\\/\\\/lavocedelpaese.info\\\/index.php\\\/2024\\\/10\\\/30\\\/thuriae-sconfitta-interna-con-il-veglie\\\/#breadcrumb\",\"itemListElement\":[{\"@type\":\"ListItem\",\"position\":1,\"name\":\"Home\",\"item\":\"https:\\\/\\\/lavocedelpaese.info\\\/\"},{\"@type\":\"ListItem\",\"position\":2,\"name\":\"Thuriae, sconfitta interna con il Veglie\u00a0\u200b\"}]},{\"@type\":\"WebSite\",\"@id\":\"https:\\\/\\\/lavocedelpaese.info\\\/#website\",\"url\":\"https:\\\/\\\/lavocedelpaese.info\\\/\",\"name\":\"La Voce del Paese\",\"description\":\"Un network di idee\",\"publisher\":{\"@id\":\"https:\\\/\\\/lavocedelpaese.info\\\/#organization\"},\"potentialAction\":[{\"@type\":\"SearchAction\",\"target\":{\"@type\":\"EntryPoint\",\"urlTemplate\":\"https:\\\/\\\/lavocedelpaese.info\\\/?s={search_term_string}\"},\"query-input\":{\"@type\":\"PropertyValueSpecification\",\"valueRequired\":true,\"valueName\":\"search_term_string\"}}],\"inLanguage\":\"it-IT\"},{\"@type\":\"Organization\",\"@id\":\"https:\\\/\\\/lavocedelpaese.info\\\/#organization\",\"name\":\"La Voce del Paese\",\"url\":\"https:\\\/\\\/lavocedelpaese.info\\\/\",\"logo\":{\"@type\":\"ImageObject\",\"inLanguage\":\"it-IT\",\"@id\":\"https:\\\/\\\/lavocedelpaese.info\\\/#\\\/schema\\\/logo\\\/image\\\/\",\"url\":\"https:\\\/\\\/lavocedelpaese.info\\\/wp-content\\\/uploads\\\/2023\\\/01\\\/cropped-logo-150-127.png\",\"contentUrl\":\"https:\\\/\\\/lavocedelpaese.info\\\/wp-content\\\/uploads\\\/2023\\\/01\\\/cropped-logo-150-127.png\",\"width\":137,\"height\":119,\"caption\":\"La Voce del Paese\"},\"image\":{\"@id\":\"https:\\\/\\\/lavocedelpaese.info\\\/#\\\/schema\\\/logo\\\/image\\\/\"},\"sameAs\":[\"https:\\\/\\\/www.facebook.com\\\/lavocedelpaese.info\"]}]}<\/script>\n<!-- \/ Yoast SEO plugin. -->","yoast_head_json":{"title":"Thuriae, sconfitta interna con il Veglie\u00a0\u200b - La Voce del Paese","robots":{"index":"index","follow":"follow","max-snippet":"max-snippet:-1","max-image-preview":"max-image-preview:large","max-video-preview":"max-video-preview:-1"},"canonical":"https:\/\/lavocedelpaese.info\/index.php\/2024\/10\/30\/thuriae-sconfitta-interna-con-il-veglie\/","og_locale":"it_IT","og_type":"article","og_title":"Thuriae, sconfitta interna con il Veglie\u00a0\u200b - La Voce del Paese","og_description":"\u00a0 \u200b\u00a0 \u200b\u00a0 Non bastano le reti di Valentini, Fanelli e Lorusso. Sabato impegno esterno a Foggia Continua il periodo","og_url":"https:\/\/lavocedelpaese.info\/index.php\/2024\/10\/30\/thuriae-sconfitta-interna-con-il-veglie\/","og_site_name":"La Voce del Paese","article_publisher":"https:\/\/www.facebook.com\/lavocedelpaese.info","article_published_time":"2024-10-30T02:17:09+00:00","twitter_card":"summary_large_image","twitter_misc":{"Tempo di lettura stimato":"2 minuti"},"schema":{"@context":"https:\/\/schema.org","@graph":[{"@type":"Article","@id":"https:\/\/lavocedelpaese.info\/index.php\/2024\/10\/30\/thuriae-sconfitta-interna-con-il-veglie\/#article","isPartOf":{"@id":"https:\/\/lavocedelpaese.info\/index.php\/2024\/10\/30\/thuriae-sconfitta-interna-con-il-veglie\/"},"author":{"name":"","@id":""},"headline":"Thuriae, sconfitta interna con il Veglie\u00a0\u200b","datePublished":"2024-10-30T02:17:09+00:00","mainEntityOfPage":{"@id":"https:\/\/lavocedelpaese.info\/index.php\/2024\/10\/30\/thuriae-sconfitta-interna-con-il-veglie\/"},"wordCount":424,"commentCount":0,"publisher":{"@id":"https:\/\/lavocedelpaese.info\/#organization"},"image":{"@id":"https:\/\/lavocedelpaese.info\/index.php\/2024\/10\/30\/thuriae-sconfitta-interna-con-il-veglie\/#primaryimage"},"thumbnailUrl":"https:\/\/lavocedelpaese.info\/wp-content\/uploads\/2024\/10\/thuriae_vdp_1-HSWPk7.jpeg","articleSection":["network"],"inLanguage":"it-IT","potentialAction":[{"@type":"CommentAction","name":"Comment","target":["https:\/\/lavocedelpaese.info\/index.php\/2024\/10\/30\/thuriae-sconfitta-interna-con-il-veglie\/#respond"]}]},{"@type":"WebPage","@id":"https:\/\/lavocedelpaese.info\/index.php\/2024\/10\/30\/thuriae-sconfitta-interna-con-il-veglie\/","url":"https:\/\/lavocedelpaese.info\/index.php\/2024\/10\/30\/thuriae-sconfitta-interna-con-il-veglie\/","name":"Thuriae, sconfitta interna con il Veglie\u00a0\u200b - La Voce del Paese","isPartOf":{"@id":"https:\/\/lavocedelpaese.info\/#website"},"primaryImageOfPage":{"@id":"https:\/\/lavocedelpaese.info\/index.php\/2024\/10\/30\/thuriae-sconfitta-interna-con-il-veglie\/#primaryimage"},"image":{"@id":"https:\/\/lavocedelpaese.info\/index.php\/2024\/10\/30\/thuriae-sconfitta-interna-con-il-veglie\/#primaryimage"},"thumbnailUrl":"https:\/\/lavocedelpaese.info\/wp-content\/uploads\/2024\/10\/thuriae_vdp_1-HSWPk7.jpeg","datePublished":"2024-10-30T02:17:09+00:00","breadcrumb":{"@id":"https:\/\/lavocedelpaese.info\/index.php\/2024\/10\/30\/thuriae-sconfitta-interna-con-il-veglie\/#breadcrumb"},"inLanguage":"it-IT","potentialAction":[{"@type":"ReadAction","target":["https:\/\/lavocedelpaese.info\/index.php\/2024\/10\/30\/thuriae-sconfitta-interna-con-il-veglie\/"]}]},{"@type":"ImageObject","inLanguage":"it-IT","@id":"https:\/\/lavocedelpaese.info\/index.php\/2024\/10\/30\/thuriae-sconfitta-interna-con-il-veglie\/#primaryimage","url":"https:\/\/lavocedelpaese.info\/wp-content\/uploads\/2024\/10\/thuriae_vdp_1-HSWPk7.jpeg","contentUrl":"https:\/\/lavocedelpaese.info\/wp-content\/uploads\/2024\/10\/thuriae_vdp_1-HSWPk7.jpeg","width":800,"height":800},{"@type":"BreadcrumbList","@id":"https:\/\/lavocedelpaese.info\/index.php\/2024\/10\/30\/thuriae-sconfitta-interna-con-il-veglie\/#breadcrumb","itemListElement":[{"@type":"ListItem","position":1,"name":"Home","item":"https:\/\/lavocedelpaese.info\/"},{"@type":"ListItem","position":2,"name":"Thuriae, sconfitta interna con il Veglie\u00a0\u200b"}]},{"@type":"WebSite","@id":"https:\/\/lavocedelpaese.info\/#website","url":"https:\/\/lavocedelpaese.info\/","name":"La Voce del Paese","description":"Un network di idee","publisher":{"@id":"https:\/\/lavocedelpaese.info\/#organization"},"potentialAction":[{"@type":"SearchAction","target":{"@type":"EntryPoint","urlTemplate":"https:\/\/lavocedelpaese.info\/?s={search_term_string}"},"query-input":{"@type":"PropertyValueSpecification","valueRequired":true,"valueName":"search_term_string"}}],"inLanguage":"it-IT"},{"@type":"Organization","@id":"https:\/\/lavocedelpaese.info\/#organization","name":"La Voce del Paese","url":"https:\/\/lavocedelpaese.info\/","logo":{"@type":"ImageObject","inLanguage":"it-IT","@id":"https:\/\/lavocedelpaese.info\/#\/schema\/logo\/image\/","url":"https:\/\/lavocedelpaese.info\/wp-content\/uploads\/2023\/01\/cropped-logo-150-127.png","contentUrl":"https:\/\/lavocedelpaese.info\/wp-content\/uploads\/2023\/01\/cropped-logo-150-127.png","width":137,"height":119,"caption":"La Voce del Paese"},"image":{"@id":"https:\/\/lavocedelpaese.info\/#\/schema\/logo\/image\/"},"sameAs":["https:\/\/www.facebook.com\/lavocedelpaese.info"]}]}},"_links":{"self":[{"href":"https:\/\/lavocedelpaese.info\/index.php\/wp-json\/wp\/v2\/posts\/8227","targetHints":{"allow":["GET"]}}],"collection":[{"href":"https:\/\/lavocedelpaese.info\/index.php\/wp-json\/wp\/v2\/posts"}],"about":[{"href":"https:\/\/lavocedelpaese.info\/index.php\/wp-json\/wp\/v2\/types\/post"}],"replies":[{"embeddable":true,"href":"https:\/\/lavocedelpaese.info\/index.php\/wp-json\/wp\/v2\/comments?post=8227"}],"version-history":[{"count":0,"href":"https:\/\/lavocedelpaese.info\/index.php\/wp-json\/wp\/v2\/posts\/8227\/revisions"}],"wp:featuredmedia":[{"embeddable":true,"href":"https:\/\/lavocedelpaese.info\/index.php\/wp-json\/wp\/v2\/media\/8228"}],"wp:attachment":[{"href":"https:\/\/lavocedelpaese.info\/index.php\/wp-json\/wp\/v2\/media?parent=8227"}],"wp:term":[{"taxonomy":"category","embeddable":true,"href":"https:\/\/lavocedelpaese.info\/index.php\/wp-json\/wp\/v2\/categories?post=8227"},{"taxonomy":"post_tag","embeddable":true,"href":"https:\/\/lavocedelpaese.info\/index.php\/wp-json\/wp\/v2\/tags?post=8227"}],"curies":[{"name":"wp","href":"https:\/\/api.w.org\/{rel}","templated":true}]}}