{"id":8211,"date":"2024-10-26T10:16:10","date_gmt":"2024-10-26T10:16:10","guid":{"rendered":"https:\/\/lavocedelpaese.info\/index.php\/2024\/10\/26\/conferenza-stampa-in-occasione-della-marcia-della-pace-nazionale-tenutasi-a-bari\/"},"modified":"2024-10-26T10:16:10","modified_gmt":"2024-10-26T10:16:10","slug":"conferenza-stampa-in-occasione-della-marcia-della-pace-nazionale-tenutasi-a-bari","status":"publish","type":"post","link":"https:\/\/lavocedelpaese.info\/index.php\/2024\/10\/26\/conferenza-stampa-in-occasione-della-marcia-della-pace-nazionale-tenutasi-a-bari\/","title":{"rendered":"Conferenza stampa in occasione della marcia della pace nazionale tenutasi a Bari\u00a0\u200b"},"content":{"rendered":"<p>\u00a0<\/p>\n<p>\u200b\u00a0<\/p>\n<p>\u200b\u00a0<\/p>\n<p>\u201c<strong>Bucci (CGIL)<\/strong>: Si tratta di un\u2019iniziativa iniziativa nazionale per Puglia, Basilicata, Calabria. Sindaci, comitati per la pace, associazioni, sindacati, \u2026siamo in guerra, ma i conflitti non scuotono\u00a0 pi\u00f9, si sta diffondendo sempre pi\u00f9 l\u2019 idea che la guerra sia l\u2019unica soluzione. La pace \u00e8 prima vittima della guerra. \u00c8 necessario ricostruire la pace attraverso il protagonismo delle persone e la politica. Le morti di ieri su due cantieri di lavoro parlano di poca tutela del lavoro; anche per questo dobbiamo marciare. Ci vogliono convincere sull\u2019idea di guerra preventiva, la manifestazione vuole aiutarci a rinascere nella pace.<\/p>\n<p><strong>Paola Romano (assessore Bari)<\/strong>: in questo spazio\u00a0 (biblioteca civica) c\u2019\u00e8 la cultura della pace di Bari nel ricordo della guerra passata.<\/p>\n<p><strong>Di Noi (rete regionale comitati pace)<\/strong>: la guerra non \u00e8 risposta alle questioni economiche; Tolstoj affermava che la guerra \u00e8 l\u2019evento piu\u2019 folle della iniziativa umana. Ricorda Don Tonino (Puglia arca di pace) attualissimo, Aldo Moro con i trattati di Helsinki, Giuseppe Di Vittorio (costruzione dal basso di politiche per le persone). I media non aiutano, parlano di ineluttabilit\u00e0 della guerra, i giovani sono la spina dorsale dei movimenti della pace. L\u2019auspicio \u00e8 di essere in tanti ed il movimento non finisca con la sola iniziativa di sabato. Ci sono poche sigle, vanno elogiate quelle aderenti.<\/p>\n<p><strong>Alba Russo (donne in nero di Bari)<\/strong>: il movimento nasce a Gerusalemme a seguito di una protesta di piazza contro la violenza di Israele. Il movimento si \u00e8 esteso in tutta Europa. Da un anno siamo in piazza a manifestare il lutto contro guerra e disastro ambientale. Uno studio recente afferma che i conflitti che si risolvono con una soccombenza, nel tempo si riproducono. La guerra \u00e8 la massima espressione del patriarcato distruggendo donne e bambini.<\/p>\n<p><strong>Jacopo Lorusso (uds \u2013 unione studenti)<\/strong>: i molti conflitti stanno precludendo il futuro a tanti giovani e studenti. L\u2019Unione Europea \u00e8 al centro di un\u2019economia di guerra che impedisce lo sviluppo generale delle popolazioni. Facciamo parlare la politica. Il tempo della pace \u00e8 ora.<\/p>\n<p><strong>Anna Chiara Serio (rete della conoscenza,\u00a0 studenti Puglia)<\/strong>: una risposta a quello che sta accadendo oggi. Rifiutiamo la logica bellica come soluzione dei problemi. I luoghi della formazione devono essere spazi di dialogo. Chiediamo piu\u2019 investimenti per l\u2019universit\u00e0.<\/p>\n<p><strong>Pasquale Martino (Anpi)<\/strong>: promuovere la memoria partigiana secondo l\u2019art. 11 della nostra Costituzione deve avere sempre presente che la politica ha bisogno di vivere in profondit\u00e0 il dettato costituzionale fondativo della nostra societ\u00e0. La pace \u00e8 ora ed il popolo \u00e8 il soggetto principale in difesa della pace. A Bari il movimento della pace \u00e8 stato sempre attivo. Ricordiamo don Tonino Bello (Puglia Arca di pace). Bari Citt\u00e0 di Pace \u00e8 istituzione cittadina (Vittorio Tanzarella, Nicola Occhiofino)\u201d.<\/p>\n<p><a class=\"a2a_button_facebook\" href=\"https:\/\/www.addtoany.com\/add_to\/facebook?linkurl=https%3A%2F%2Fgioia.lavocedelpaese.info%2Findex.php%2F2024%2F10%2F26%2Fconferenza-stampa-in-occasione-della-marcia-della-pace-nazionale-tenutasi-a-bari%2F&amp;linkname=Conferenza%20stampa%20in%20occasione%20della%20marcia%20della%20pace%20nazionale%20tenutasi%20a%20Bari\" title=\"Facebook\" target=\"_blank\" rel=\"noopener\"><\/a><a class=\"a2a_button_twitter\" href=\"https:\/\/www.addtoany.com\/add_to\/twitter?linkurl=https%3A%2F%2Fgioia.lavocedelpaese.info%2Findex.php%2F2024%2F10%2F26%2Fconferenza-stampa-in-occasione-della-marcia-della-pace-nazionale-tenutasi-a-bari%2F&amp;linkname=Conferenza%20stampa%20in%20occasione%20della%20marcia%20della%20pace%20nazionale%20tenutasi%20a%20Bari\" title=\"Twitter\" target=\"_blank\" rel=\"noopener\"><\/a><a class=\"a2a_button_whatsapp\" href=\"https:\/\/www.addtoany.com\/add_to\/whatsapp?linkurl=https%3A%2F%2Fgioia.lavocedelpaese.info%2Findex.php%2F2024%2F10%2F26%2Fconferenza-stampa-in-occasione-della-marcia-della-pace-nazionale-tenutasi-a-bari%2F&amp;linkname=Conferenza%20stampa%20in%20occasione%20della%20marcia%20della%20pace%20nazionale%20tenutasi%20a%20Bari\" title=\"WhatsApp\" target=\"_blank\" rel=\"noopener\"><\/a><a class=\"a2a_button_telegram\" href=\"https:\/\/www.addtoany.com\/add_to\/telegram?linkurl=https%3A%2F%2Fgioia.lavocedelpaese.info%2Findex.php%2F2024%2F10%2F26%2Fconferenza-stampa-in-occasione-della-marcia-della-pace-nazionale-tenutasi-a-bari%2F&amp;linkname=Conferenza%20stampa%20in%20occasione%20della%20marcia%20della%20pace%20nazionale%20tenutasi%20a%20Bari\" title=\"Telegram\" target=\"_blank\" rel=\"noopener\"><\/a><a class=\"a2a_button_email\" href=\"https:\/\/www.addtoany.com\/add_to\/email?linkurl=https%3A%2F%2Fgioia.lavocedelpaese.info%2Findex.php%2F2024%2F10%2F26%2Fconferenza-stampa-in-occasione-della-marcia-della-pace-nazionale-tenutasi-a-bari%2F&amp;linkname=Conferenza%20stampa%20in%20occasione%20della%20marcia%20della%20pace%20nazionale%20tenutasi%20a%20Bari\" title=\"Email\" target=\"_blank\" rel=\"noopener\"><\/a><\/p>\n<p>\u00a0<\/p>\n<p>\u00a0<\/p>\n<p>\u200b\u00a0\u00a0\u00a0<\/p>","protected":false},"excerpt":{"rendered":"<p>\u00a0 \u200b\u00a0 \u200b\u00a0 \u201cBucci (CGIL): Si tratta di un\u2019iniziativa iniziativa nazionale per Puglia, Basilicata, Calabria. Sindaci, comitati per la pace,<\/p>\n","protected":false},"author":0,"featured_media":8212,"comment_status":"open","ping_status":"closed","sticky":false,"template":"","format":"standard","meta":{"colormag_page_container_layout":"default_layout","colormag_page_sidebar_layout":"default_layout","footnotes":""},"categories":[33],"tags":[],"class_list":["post-8211","post","type-post","status-publish","format-standard","has-post-thumbnail","hentry","category-network"],"yoast_head":"<!-- This site is optimized with the Yoast SEO plugin v27.5 - https:\/\/yoast.com\/product\/yoast-seo-wordpress\/ -->\n<title>Conferenza stampa in occasione della marcia della pace nazionale tenutasi a Bari\u00a0\u200b - La Voce del Paese<\/title>\n<meta name=\"robots\" content=\"index, follow, max-snippet:-1, max-image-preview:large, max-video-preview:-1\" \/>\n<link rel=\"canonical\" href=\"https:\/\/lavocedelpaese.info\/index.php\/2024\/10\/26\/conferenza-stampa-in-occasione-della-marcia-della-pace-nazionale-tenutasi-a-bari\/\" \/>\n<meta property=\"og:locale\" content=\"it_IT\" \/>\n<meta property=\"og:type\" content=\"article\" \/>\n<meta property=\"og:title\" content=\"Conferenza stampa in occasione della marcia della pace nazionale tenutasi a Bari\u00a0\u200b - La Voce del Paese\" \/>\n<meta property=\"og:description\" content=\"\u00a0 \u200b\u00a0 \u200b\u00a0 \u201cBucci (CGIL): Si tratta di un\u2019iniziativa iniziativa nazionale per Puglia, Basilicata, Calabria. Sindaci, comitati per la pace,\" \/>\n<meta property=\"og:url\" content=\"https:\/\/lavocedelpaese.info\/index.php\/2024\/10\/26\/conferenza-stampa-in-occasione-della-marcia-della-pace-nazionale-tenutasi-a-bari\/\" \/>\n<meta property=\"og:site_name\" content=\"La Voce del Paese\" \/>\n<meta property=\"article:publisher\" content=\"https:\/\/www.facebook.com\/lavocedelpaese.info\" \/>\n<meta property=\"article:published_time\" content=\"2024-10-26T10:16:10+00:00\" \/>\n<meta name=\"twitter:card\" content=\"summary_large_image\" \/>\n<meta name=\"twitter:label1\" content=\"Tempo di lettura stimato\" \/>\n\t<meta name=\"twitter:data1\" content=\"2 minuti\" \/>\n<script type=\"application\/ld+json\" class=\"yoast-schema-graph\">{\"@context\":\"https:\\\/\\\/schema.org\",\"@graph\":[{\"@type\":\"Article\",\"@id\":\"https:\\\/\\\/lavocedelpaese.info\\\/index.php\\\/2024\\\/10\\\/26\\\/conferenza-stampa-in-occasione-della-marcia-della-pace-nazionale-tenutasi-a-bari\\\/#article\",\"isPartOf\":{\"@id\":\"https:\\\/\\\/lavocedelpaese.info\\\/index.php\\\/2024\\\/10\\\/26\\\/conferenza-stampa-in-occasione-della-marcia-della-pace-nazionale-tenutasi-a-bari\\\/\"},\"author\":{\"name\":\"\",\"@id\":\"\"},\"headline\":\"Conferenza stampa in occasione della marcia della pace nazionale tenutasi a Bari\u00a0\u200b\",\"datePublished\":\"2024-10-26T10:16:10+00:00\",\"mainEntityOfPage\":{\"@id\":\"https:\\\/\\\/lavocedelpaese.info\\\/index.php\\\/2024\\\/10\\\/26\\\/conferenza-stampa-in-occasione-della-marcia-della-pace-nazionale-tenutasi-a-bari\\\/\"},\"wordCount\":454,\"commentCount\":0,\"publisher\":{\"@id\":\"https:\\\/\\\/lavocedelpaese.info\\\/#organization\"},\"image\":{\"@id\":\"https:\\\/\\\/lavocedelpaese.info\\\/index.php\\\/2024\\\/10\\\/26\\\/conferenza-stampa-in-occasione-della-marcia-della-pace-nazionale-tenutasi-a-bari\\\/#primaryimage\"},\"thumbnailUrl\":\"https:\\\/\\\/lavocedelpaese.info\\\/wp-content\\\/uploads\\\/2024\\\/10\\\/Senza-titolo-1-FtqEQK.jpeg\",\"articleSection\":[\"network\"],\"inLanguage\":\"it-IT\",\"potentialAction\":[{\"@type\":\"CommentAction\",\"name\":\"Comment\",\"target\":[\"https:\\\/\\\/lavocedelpaese.info\\\/index.php\\\/2024\\\/10\\\/26\\\/conferenza-stampa-in-occasione-della-marcia-della-pace-nazionale-tenutasi-a-bari\\\/#respond\"]}]},{\"@type\":\"WebPage\",\"@id\":\"https:\\\/\\\/lavocedelpaese.info\\\/index.php\\\/2024\\\/10\\\/26\\\/conferenza-stampa-in-occasione-della-marcia-della-pace-nazionale-tenutasi-a-bari\\\/\",\"url\":\"https:\\\/\\\/lavocedelpaese.info\\\/index.php\\\/2024\\\/10\\\/26\\\/conferenza-stampa-in-occasione-della-marcia-della-pace-nazionale-tenutasi-a-bari\\\/\",\"name\":\"Conferenza stampa in occasione della marcia della pace nazionale tenutasi a Bari\u00a0\u200b - La Voce del Paese\",\"isPartOf\":{\"@id\":\"https:\\\/\\\/lavocedelpaese.info\\\/#website\"},\"primaryImageOfPage\":{\"@id\":\"https:\\\/\\\/lavocedelpaese.info\\\/index.php\\\/2024\\\/10\\\/26\\\/conferenza-stampa-in-occasione-della-marcia-della-pace-nazionale-tenutasi-a-bari\\\/#primaryimage\"},\"image\":{\"@id\":\"https:\\\/\\\/lavocedelpaese.info\\\/index.php\\\/2024\\\/10\\\/26\\\/conferenza-stampa-in-occasione-della-marcia-della-pace-nazionale-tenutasi-a-bari\\\/#primaryimage\"},\"thumbnailUrl\":\"https:\\\/\\\/lavocedelpaese.info\\\/wp-content\\\/uploads\\\/2024\\\/10\\\/Senza-titolo-1-FtqEQK.jpeg\",\"datePublished\":\"2024-10-26T10:16:10+00:00\",\"breadcrumb\":{\"@id\":\"https:\\\/\\\/lavocedelpaese.info\\\/index.php\\\/2024\\\/10\\\/26\\\/conferenza-stampa-in-occasione-della-marcia-della-pace-nazionale-tenutasi-a-bari\\\/#breadcrumb\"},\"inLanguage\":\"it-IT\",\"potentialAction\":[{\"@type\":\"ReadAction\",\"target\":[\"https:\\\/\\\/lavocedelpaese.info\\\/index.php\\\/2024\\\/10\\\/26\\\/conferenza-stampa-in-occasione-della-marcia-della-pace-nazionale-tenutasi-a-bari\\\/\"]}]},{\"@type\":\"ImageObject\",\"inLanguage\":\"it-IT\",\"@id\":\"https:\\\/\\\/lavocedelpaese.info\\\/index.php\\\/2024\\\/10\\\/26\\\/conferenza-stampa-in-occasione-della-marcia-della-pace-nazionale-tenutasi-a-bari\\\/#primaryimage\",\"url\":\"https:\\\/\\\/lavocedelpaese.info\\\/wp-content\\\/uploads\\\/2024\\\/10\\\/Senza-titolo-1-FtqEQK.jpeg\",\"contentUrl\":\"https:\\\/\\\/lavocedelpaese.info\\\/wp-content\\\/uploads\\\/2024\\\/10\\\/Senza-titolo-1-FtqEQK.jpeg\",\"width\":1000,\"height\":750},{\"@type\":\"BreadcrumbList\",\"@id\":\"https:\\\/\\\/lavocedelpaese.info\\\/index.php\\\/2024\\\/10\\\/26\\\/conferenza-stampa-in-occasione-della-marcia-della-pace-nazionale-tenutasi-a-bari\\\/#breadcrumb\",\"itemListElement\":[{\"@type\":\"ListItem\",\"position\":1,\"name\":\"Home\",\"item\":\"https:\\\/\\\/lavocedelpaese.info\\\/\"},{\"@type\":\"ListItem\",\"position\":2,\"name\":\"Conferenza stampa in occasione della marcia della pace nazionale tenutasi a Bari\u00a0\u200b\"}]},{\"@type\":\"WebSite\",\"@id\":\"https:\\\/\\\/lavocedelpaese.info\\\/#website\",\"url\":\"https:\\\/\\\/lavocedelpaese.info\\\/\",\"name\":\"La Voce del Paese\",\"description\":\"Un network di idee\",\"publisher\":{\"@id\":\"https:\\\/\\\/lavocedelpaese.info\\\/#organization\"},\"potentialAction\":[{\"@type\":\"SearchAction\",\"target\":{\"@type\":\"EntryPoint\",\"urlTemplate\":\"https:\\\/\\\/lavocedelpaese.info\\\/?s={search_term_string}\"},\"query-input\":{\"@type\":\"PropertyValueSpecification\",\"valueRequired\":true,\"valueName\":\"search_term_string\"}}],\"inLanguage\":\"it-IT\"},{\"@type\":\"Organization\",\"@id\":\"https:\\\/\\\/lavocedelpaese.info\\\/#organization\",\"name\":\"La Voce del Paese\",\"url\":\"https:\\\/\\\/lavocedelpaese.info\\\/\",\"logo\":{\"@type\":\"ImageObject\",\"inLanguage\":\"it-IT\",\"@id\":\"https:\\\/\\\/lavocedelpaese.info\\\/#\\\/schema\\\/logo\\\/image\\\/\",\"url\":\"https:\\\/\\\/lavocedelpaese.info\\\/wp-content\\\/uploads\\\/2023\\\/01\\\/cropped-logo-150-127.png\",\"contentUrl\":\"https:\\\/\\\/lavocedelpaese.info\\\/wp-content\\\/uploads\\\/2023\\\/01\\\/cropped-logo-150-127.png\",\"width\":137,\"height\":119,\"caption\":\"La Voce del Paese\"},\"image\":{\"@id\":\"https:\\\/\\\/lavocedelpaese.info\\\/#\\\/schema\\\/logo\\\/image\\\/\"},\"sameAs\":[\"https:\\\/\\\/www.facebook.com\\\/lavocedelpaese.info\"]}]}<\/script>\n<!-- \/ Yoast SEO plugin. -->","yoast_head_json":{"title":"Conferenza stampa in occasione della marcia della pace nazionale tenutasi a Bari\u00a0\u200b - La Voce del Paese","robots":{"index":"index","follow":"follow","max-snippet":"max-snippet:-1","max-image-preview":"max-image-preview:large","max-video-preview":"max-video-preview:-1"},"canonical":"https:\/\/lavocedelpaese.info\/index.php\/2024\/10\/26\/conferenza-stampa-in-occasione-della-marcia-della-pace-nazionale-tenutasi-a-bari\/","og_locale":"it_IT","og_type":"article","og_title":"Conferenza stampa in occasione della marcia della pace nazionale tenutasi a Bari\u00a0\u200b - La Voce del Paese","og_description":"\u00a0 \u200b\u00a0 \u200b\u00a0 \u201cBucci (CGIL): Si tratta di un\u2019iniziativa iniziativa nazionale per Puglia, Basilicata, Calabria. Sindaci, comitati per la pace,","og_url":"https:\/\/lavocedelpaese.info\/index.php\/2024\/10\/26\/conferenza-stampa-in-occasione-della-marcia-della-pace-nazionale-tenutasi-a-bari\/","og_site_name":"La Voce del Paese","article_publisher":"https:\/\/www.facebook.com\/lavocedelpaese.info","article_published_time":"2024-10-26T10:16:10+00:00","twitter_card":"summary_large_image","twitter_misc":{"Tempo di lettura stimato":"2 minuti"},"schema":{"@context":"https:\/\/schema.org","@graph":[{"@type":"Article","@id":"https:\/\/lavocedelpaese.info\/index.php\/2024\/10\/26\/conferenza-stampa-in-occasione-della-marcia-della-pace-nazionale-tenutasi-a-bari\/#article","isPartOf":{"@id":"https:\/\/lavocedelpaese.info\/index.php\/2024\/10\/26\/conferenza-stampa-in-occasione-della-marcia-della-pace-nazionale-tenutasi-a-bari\/"},"author":{"name":"","@id":""},"headline":"Conferenza stampa in occasione della marcia della pace nazionale tenutasi a Bari\u00a0\u200b","datePublished":"2024-10-26T10:16:10+00:00","mainEntityOfPage":{"@id":"https:\/\/lavocedelpaese.info\/index.php\/2024\/10\/26\/conferenza-stampa-in-occasione-della-marcia-della-pace-nazionale-tenutasi-a-bari\/"},"wordCount":454,"commentCount":0,"publisher":{"@id":"https:\/\/lavocedelpaese.info\/#organization"},"image":{"@id":"https:\/\/lavocedelpaese.info\/index.php\/2024\/10\/26\/conferenza-stampa-in-occasione-della-marcia-della-pace-nazionale-tenutasi-a-bari\/#primaryimage"},"thumbnailUrl":"https:\/\/lavocedelpaese.info\/wp-content\/uploads\/2024\/10\/Senza-titolo-1-FtqEQK.jpeg","articleSection":["network"],"inLanguage":"it-IT","potentialAction":[{"@type":"CommentAction","name":"Comment","target":["https:\/\/lavocedelpaese.info\/index.php\/2024\/10\/26\/conferenza-stampa-in-occasione-della-marcia-della-pace-nazionale-tenutasi-a-bari\/#respond"]}]},{"@type":"WebPage","@id":"https:\/\/lavocedelpaese.info\/index.php\/2024\/10\/26\/conferenza-stampa-in-occasione-della-marcia-della-pace-nazionale-tenutasi-a-bari\/","url":"https:\/\/lavocedelpaese.info\/index.php\/2024\/10\/26\/conferenza-stampa-in-occasione-della-marcia-della-pace-nazionale-tenutasi-a-bari\/","name":"Conferenza stampa in occasione della marcia della pace nazionale tenutasi a Bari\u00a0\u200b - La Voce del Paese","isPartOf":{"@id":"https:\/\/lavocedelpaese.info\/#website"},"primaryImageOfPage":{"@id":"https:\/\/lavocedelpaese.info\/index.php\/2024\/10\/26\/conferenza-stampa-in-occasione-della-marcia-della-pace-nazionale-tenutasi-a-bari\/#primaryimage"},"image":{"@id":"https:\/\/lavocedelpaese.info\/index.php\/2024\/10\/26\/conferenza-stampa-in-occasione-della-marcia-della-pace-nazionale-tenutasi-a-bari\/#primaryimage"},"thumbnailUrl":"https:\/\/lavocedelpaese.info\/wp-content\/uploads\/2024\/10\/Senza-titolo-1-FtqEQK.jpeg","datePublished":"2024-10-26T10:16:10+00:00","breadcrumb":{"@id":"https:\/\/lavocedelpaese.info\/index.php\/2024\/10\/26\/conferenza-stampa-in-occasione-della-marcia-della-pace-nazionale-tenutasi-a-bari\/#breadcrumb"},"inLanguage":"it-IT","potentialAction":[{"@type":"ReadAction","target":["https:\/\/lavocedelpaese.info\/index.php\/2024\/10\/26\/conferenza-stampa-in-occasione-della-marcia-della-pace-nazionale-tenutasi-a-bari\/"]}]},{"@type":"ImageObject","inLanguage":"it-IT","@id":"https:\/\/lavocedelpaese.info\/index.php\/2024\/10\/26\/conferenza-stampa-in-occasione-della-marcia-della-pace-nazionale-tenutasi-a-bari\/#primaryimage","url":"https:\/\/lavocedelpaese.info\/wp-content\/uploads\/2024\/10\/Senza-titolo-1-FtqEQK.jpeg","contentUrl":"https:\/\/lavocedelpaese.info\/wp-content\/uploads\/2024\/10\/Senza-titolo-1-FtqEQK.jpeg","width":1000,"height":750},{"@type":"BreadcrumbList","@id":"https:\/\/lavocedelpaese.info\/index.php\/2024\/10\/26\/conferenza-stampa-in-occasione-della-marcia-della-pace-nazionale-tenutasi-a-bari\/#breadcrumb","itemListElement":[{"@type":"ListItem","position":1,"name":"Home","item":"https:\/\/lavocedelpaese.info\/"},{"@type":"ListItem","position":2,"name":"Conferenza stampa in occasione della marcia della pace nazionale tenutasi a Bari\u00a0\u200b"}]},{"@type":"WebSite","@id":"https:\/\/lavocedelpaese.info\/#website","url":"https:\/\/lavocedelpaese.info\/","name":"La Voce del Paese","description":"Un network di idee","publisher":{"@id":"https:\/\/lavocedelpaese.info\/#organization"},"potentialAction":[{"@type":"SearchAction","target":{"@type":"EntryPoint","urlTemplate":"https:\/\/lavocedelpaese.info\/?s={search_term_string}"},"query-input":{"@type":"PropertyValueSpecification","valueRequired":true,"valueName":"search_term_string"}}],"inLanguage":"it-IT"},{"@type":"Organization","@id":"https:\/\/lavocedelpaese.info\/#organization","name":"La Voce del Paese","url":"https:\/\/lavocedelpaese.info\/","logo":{"@type":"ImageObject","inLanguage":"it-IT","@id":"https:\/\/lavocedelpaese.info\/#\/schema\/logo\/image\/","url":"https:\/\/lavocedelpaese.info\/wp-content\/uploads\/2023\/01\/cropped-logo-150-127.png","contentUrl":"https:\/\/lavocedelpaese.info\/wp-content\/uploads\/2023\/01\/cropped-logo-150-127.png","width":137,"height":119,"caption":"La Voce del Paese"},"image":{"@id":"https:\/\/lavocedelpaese.info\/#\/schema\/logo\/image\/"},"sameAs":["https:\/\/www.facebook.com\/lavocedelpaese.info"]}]}},"_links":{"self":[{"href":"https:\/\/lavocedelpaese.info\/index.php\/wp-json\/wp\/v2\/posts\/8211","targetHints":{"allow":["GET"]}}],"collection":[{"href":"https:\/\/lavocedelpaese.info\/index.php\/wp-json\/wp\/v2\/posts"}],"about":[{"href":"https:\/\/lavocedelpaese.info\/index.php\/wp-json\/wp\/v2\/types\/post"}],"replies":[{"embeddable":true,"href":"https:\/\/lavocedelpaese.info\/index.php\/wp-json\/wp\/v2\/comments?post=8211"}],"version-history":[{"count":0,"href":"https:\/\/lavocedelpaese.info\/index.php\/wp-json\/wp\/v2\/posts\/8211\/revisions"}],"wp:featuredmedia":[{"embeddable":true,"href":"https:\/\/lavocedelpaese.info\/index.php\/wp-json\/wp\/v2\/media\/8212"}],"wp:attachment":[{"href":"https:\/\/lavocedelpaese.info\/index.php\/wp-json\/wp\/v2\/media?parent=8211"}],"wp:term":[{"taxonomy":"category","embeddable":true,"href":"https:\/\/lavocedelpaese.info\/index.php\/wp-json\/wp\/v2\/categories?post=8211"},{"taxonomy":"post_tag","embeddable":true,"href":"https:\/\/lavocedelpaese.info\/index.php\/wp-json\/wp\/v2\/tags?post=8211"}],"curies":[{"name":"wp","href":"https:\/\/api.w.org\/{rel}","templated":true}]}}