{"id":8173,"date":"2024-10-20T09:14:45","date_gmt":"2024-10-20T09:14:45","guid":{"rendered":"https:\/\/lavocedelpaese.info\/index.php\/2024\/10\/20\/fratelli-ditalia-si-rafforza-ad-acquaviva-delle-fonti\/"},"modified":"2024-10-20T09:14:45","modified_gmt":"2024-10-20T09:14:45","slug":"fratelli-ditalia-si-rafforza-ad-acquaviva-delle-fonti","status":"publish","type":"post","link":"https:\/\/lavocedelpaese.info\/index.php\/2024\/10\/20\/fratelli-ditalia-si-rafforza-ad-acquaviva-delle-fonti\/","title":{"rendered":"Fratelli d\u2019Italia si rafforza ad Acquaviva delle Fonti\u00a0\u200b"},"content":{"rendered":"<p>\u00a0<\/p>\n<p>\u200b\u00a0<\/p>\n<p>\u200b\u00a0<\/p>\n<h1 class=\"wp-block-heading\"><\/h1>\n\n<h1 class=\"wp-block-heading\"><\/h1>\n<p><strong>Nuovi ingressi nel gruppo consiliare<\/strong><\/p>\n<p>Fratelli d\u2019Italia continua a crescere ad Acquaviva delle Fonti, consolidando la propria posizione come prima forza politica del consiglio comunale.<\/p>\n<p>Ieri, durante la conferenza stampa, \u00e8 stata annunciata l\u2019adesione a Fratelli d\u2019Italia dei consiglieri comunali <strong>Ezio Caporusso<\/strong> e <strong>Pietro D\u2019Antini<\/strong>, nonch\u00e9 del vice sindaco e assessore <strong>E. Claudio Solazzo<\/strong>.<\/p>\n<p>Alla presenza del Presidente provinciale di FDI ed europarlamentare On. Michele Picaro, della Vice Presidente provinciale di FDI Sen. Vita Maria Nocco e del sindaco Marco Lenoci si \u00e8 voluto sottolineare come l\u2019allargamento della compagine di FDI sul territorio di Acquaviva delle Fonti, rappresenti non solo un rafforzamento per l\u2019attivit\u00e0 amministrativa svolta a supporto del sindaco Marco Lenoci, ma anche una profonda condivisione del progetto politico che Fratelli d\u2019Italia persegue ai diversi livelli istituzionali per garantire il miglioramento delle condizioni di vita di ciascun cittadino.<\/p>\n<p>Il coordinatore cittadino di FDI e capogruppo consiliare Franco Montenegro, il consigliere comunale Francesco Bruno e l\u2019assessore Mariagrazia Barbieri hanno augurato ai nuovi colleghi di partito buon lavoro.<\/p>\n<p>\u201cSiamo estremamente soddisfatti per l\u2019allargamento del nostro gruppo ad Acquaviva delle Fonti- ha dichiarato l\u2019<strong>On. Michele Picaro<\/strong>, presidente provinciale di Fratelli d\u2019Italia.<\/p>\n<p>L\u2019adesione di figure di spicco come il vicesindaco Claudio Solazzo, Pietro D\u2019Antini ed Ezio Caporusso rappresenta un passaggio naturale e coerente con il costante lavoro che Fratelli d\u2019Italia sta portando avanti sul territorio. Questi ingressi, insieme all\u2019impegno dell\u2019assessore Mariagrazia Barbieri e dei consiglieri Franco Montenegro e Francesco Bruno, rafforzano ulteriormente la nostra capacit\u00e0 di essere la prima forza consiliare ad Acquaviva.<\/p>\n<p>\u00c8 la dimostrazione che Fratelli d\u2019Italia \u00e8 sempre pi\u00f9 attrattiva, grazie alla competenza e alla seriet\u00e0 di chi si unisce al nostro progetto. Continueremo a lavorare per garantire risultati concreti per la nostra comunit\u00e0\u201d.<\/p>\n<p>La crescita del gruppo consiliare di Fratelli d\u2019Italia ad Acquaviva si inserisce in un contesto pi\u00f9 ampio di rafforzamento del partito a livello provinciale e nazionale, grazie alla capacit\u00e0 di attrarre amministratori locali e figure di rilievo che condividono i valori e gli obiettivi del movimento.<\/p>\n<p>La <strong>Sen. Vita Maria Nocco<\/strong> in conferenza stampa: \u201cAbbiamo annunciato con grande soddisfazione l\u2019ingresso nel Circolo territoriale di Fratelli d\u2019Italia di Acquaviva delle Fonti del vicesindaco Claudio Solazzo e dei consiglieri comunali Pietro D\u2019Antini ed Ezio Caporusso, che si uniscono alla squadra composta dall\u2019assessore Mariagrazia Barbieri e dai consiglieri Franco Montenegro e Francesco Bruno.<\/p>\n<p>L\u2019ampliamento del gruppo consiliare di Fratelli d\u2019Italia ad Acquaviva delle Fonti \u00e8 un segnale chiaro della fiducia e del sostegno che stiamo raccogliendo sul territorio. Questi nuovi ingressi ci permetteranno di lavorare con ancora maggiore determinazione per garantire risultati concreti per la nostra comunit\u00e0. Rinnovo la mia piena disponibilit\u00e0 a supportare a livello parlamentare il loro lavoro, rispondendo alle necessit\u00e0 della comunit\u00e0 locale.<\/p>\n<p>Fratelli d\u2019Italia \u00e8 sempre pi\u00f9 attrattivo, grazie alla competenza e seriet\u00e0 delle figure che si uniscono a noi. Continueremo a crescere insieme per il bene dei cittadini\u201d.<\/p>\n\n\n<p><a class=\"a2a_button_facebook\" href=\"https:\/\/www.addtoany.com\/add_to\/facebook?linkurl=https%3A%2F%2Facquaviva.lavocedelpaese.info%2Findex.php%2F2024%2F10%2F20%2Ffratelli-ditalia-si-rafforza-ad-acquaviva-delle-fonti%2F&amp;linkname=Fratelli%20d%E2%80%99Italia%20si%20rafforza%20ad%20Acquaviva%20delle%20Fonti\" title=\"Facebook\" target=\"_blank\" rel=\"noopener\"><\/a><a class=\"a2a_button_twitter\" href=\"https:\/\/www.addtoany.com\/add_to\/twitter?linkurl=https%3A%2F%2Facquaviva.lavocedelpaese.info%2Findex.php%2F2024%2F10%2F20%2Ffratelli-ditalia-si-rafforza-ad-acquaviva-delle-fonti%2F&amp;linkname=Fratelli%20d%E2%80%99Italia%20si%20rafforza%20ad%20Acquaviva%20delle%20Fonti\" title=\"Twitter\" target=\"_blank\" rel=\"noopener\"><\/a><a class=\"a2a_button_whatsapp\" href=\"https:\/\/www.addtoany.com\/add_to\/whatsapp?linkurl=https%3A%2F%2Facquaviva.lavocedelpaese.info%2Findex.php%2F2024%2F10%2F20%2Ffratelli-ditalia-si-rafforza-ad-acquaviva-delle-fonti%2F&amp;linkname=Fratelli%20d%E2%80%99Italia%20si%20rafforza%20ad%20Acquaviva%20delle%20Fonti\" title=\"WhatsApp\" target=\"_blank\" rel=\"noopener\"><\/a><a class=\"a2a_button_telegram\" href=\"https:\/\/www.addtoany.com\/add_to\/telegram?linkurl=https%3A%2F%2Facquaviva.lavocedelpaese.info%2Findex.php%2F2024%2F10%2F20%2Ffratelli-ditalia-si-rafforza-ad-acquaviva-delle-fonti%2F&amp;linkname=Fratelli%20d%E2%80%99Italia%20si%20rafforza%20ad%20Acquaviva%20delle%20Fonti\" title=\"Telegram\" target=\"_blank\" rel=\"noopener\"><\/a><a class=\"a2a_button_email\" href=\"https:\/\/www.addtoany.com\/add_to\/email?linkurl=https%3A%2F%2Facquaviva.lavocedelpaese.info%2Findex.php%2F2024%2F10%2F20%2Ffratelli-ditalia-si-rafforza-ad-acquaviva-delle-fonti%2F&amp;linkname=Fratelli%20d%E2%80%99Italia%20si%20rafforza%20ad%20Acquaviva%20delle%20Fonti\" title=\"Email\" target=\"_blank\" rel=\"noopener\"><\/a><\/p>\n<p>\u00a0<\/p>\n<p>\u00a0<\/p>\n<p>\u200b\u00a0\u00a0\u00a0<\/p>","protected":false},"excerpt":{"rendered":"<p>\u00a0 \u200b\u00a0 \u200b\u00a0 Nuovi ingressi nel gruppo consiliare Fratelli d\u2019Italia continua a crescere ad Acquaviva delle Fonti, consolidando la propria<\/p>\n","protected":false},"author":0,"featured_media":8174,"comment_status":"open","ping_status":"closed","sticky":false,"template":"","format":"standard","meta":{"colormag_page_container_layout":"default_layout","colormag_page_sidebar_layout":"default_layout","footnotes":""},"categories":[33],"tags":[],"class_list":["post-8173","post","type-post","status-publish","format-standard","has-post-thumbnail","hentry","category-network"],"yoast_head":"<!-- This site is optimized with the Yoast SEO plugin v27.5 - https:\/\/yoast.com\/product\/yoast-seo-wordpress\/ -->\n<title>Fratelli d\u2019Italia si rafforza ad Acquaviva delle Fonti\u00a0\u200b - La Voce del Paese<\/title>\n<meta name=\"robots\" content=\"index, follow, max-snippet:-1, max-image-preview:large, max-video-preview:-1\" \/>\n<link rel=\"canonical\" href=\"https:\/\/lavocedelpaese.info\/index.php\/2024\/10\/20\/fratelli-ditalia-si-rafforza-ad-acquaviva-delle-fonti\/\" \/>\n<meta property=\"og:locale\" content=\"it_IT\" \/>\n<meta property=\"og:type\" content=\"article\" \/>\n<meta property=\"og:title\" content=\"Fratelli d\u2019Italia si rafforza ad Acquaviva delle Fonti\u00a0\u200b - La Voce del Paese\" \/>\n<meta property=\"og:description\" content=\"\u00a0 \u200b\u00a0 \u200b\u00a0 Nuovi ingressi nel gruppo consiliare Fratelli d\u2019Italia continua a crescere ad Acquaviva delle Fonti, consolidando la propria\" \/>\n<meta property=\"og:url\" content=\"https:\/\/lavocedelpaese.info\/index.php\/2024\/10\/20\/fratelli-ditalia-si-rafforza-ad-acquaviva-delle-fonti\/\" \/>\n<meta property=\"og:site_name\" content=\"La Voce del Paese\" \/>\n<meta property=\"article:publisher\" content=\"https:\/\/www.facebook.com\/lavocedelpaese.info\" \/>\n<meta property=\"article:published_time\" content=\"2024-10-20T09:14:45+00:00\" \/>\n<meta name=\"twitter:card\" content=\"summary_large_image\" \/>\n<meta name=\"twitter:label1\" content=\"Tempo di lettura stimato\" \/>\n\t<meta name=\"twitter:data1\" content=\"2 minuti\" \/>\n<script type=\"application\/ld+json\" class=\"yoast-schema-graph\">{\"@context\":\"https:\\\/\\\/schema.org\",\"@graph\":[{\"@type\":\"Article\",\"@id\":\"https:\\\/\\\/lavocedelpaese.info\\\/index.php\\\/2024\\\/10\\\/20\\\/fratelli-ditalia-si-rafforza-ad-acquaviva-delle-fonti\\\/#article\",\"isPartOf\":{\"@id\":\"https:\\\/\\\/lavocedelpaese.info\\\/index.php\\\/2024\\\/10\\\/20\\\/fratelli-ditalia-si-rafforza-ad-acquaviva-delle-fonti\\\/\"},\"author\":{\"name\":\"\",\"@id\":\"\"},\"headline\":\"Fratelli d\u2019Italia si rafforza ad Acquaviva delle Fonti\u00a0\u200b\",\"datePublished\":\"2024-10-20T09:14:45+00:00\",\"mainEntityOfPage\":{\"@id\":\"https:\\\/\\\/lavocedelpaese.info\\\/index.php\\\/2024\\\/10\\\/20\\\/fratelli-ditalia-si-rafforza-ad-acquaviva-delle-fonti\\\/\"},\"wordCount\":502,\"commentCount\":0,\"publisher\":{\"@id\":\"https:\\\/\\\/lavocedelpaese.info\\\/#organization\"},\"image\":{\"@id\":\"https:\\\/\\\/lavocedelpaese.info\\\/index.php\\\/2024\\\/10\\\/20\\\/fratelli-ditalia-si-rafforza-ad-acquaviva-delle-fonti\\\/#primaryimage\"},\"thumbnailUrl\":\"https:\\\/\\\/lavocedelpaese.info\\\/wp-content\\\/uploads\\\/2024\\\/10\\\/462807619_859274639721852_8295529455503960687_n-FlVJzT.jpeg\",\"articleSection\":[\"network\"],\"inLanguage\":\"it-IT\",\"potentialAction\":[{\"@type\":\"CommentAction\",\"name\":\"Comment\",\"target\":[\"https:\\\/\\\/lavocedelpaese.info\\\/index.php\\\/2024\\\/10\\\/20\\\/fratelli-ditalia-si-rafforza-ad-acquaviva-delle-fonti\\\/#respond\"]}]},{\"@type\":\"WebPage\",\"@id\":\"https:\\\/\\\/lavocedelpaese.info\\\/index.php\\\/2024\\\/10\\\/20\\\/fratelli-ditalia-si-rafforza-ad-acquaviva-delle-fonti\\\/\",\"url\":\"https:\\\/\\\/lavocedelpaese.info\\\/index.php\\\/2024\\\/10\\\/20\\\/fratelli-ditalia-si-rafforza-ad-acquaviva-delle-fonti\\\/\",\"name\":\"Fratelli d\u2019Italia si rafforza ad Acquaviva delle Fonti\u00a0\u200b - La Voce del Paese\",\"isPartOf\":{\"@id\":\"https:\\\/\\\/lavocedelpaese.info\\\/#website\"},\"primaryImageOfPage\":{\"@id\":\"https:\\\/\\\/lavocedelpaese.info\\\/index.php\\\/2024\\\/10\\\/20\\\/fratelli-ditalia-si-rafforza-ad-acquaviva-delle-fonti\\\/#primaryimage\"},\"image\":{\"@id\":\"https:\\\/\\\/lavocedelpaese.info\\\/index.php\\\/2024\\\/10\\\/20\\\/fratelli-ditalia-si-rafforza-ad-acquaviva-delle-fonti\\\/#primaryimage\"},\"thumbnailUrl\":\"https:\\\/\\\/lavocedelpaese.info\\\/wp-content\\\/uploads\\\/2024\\\/10\\\/462807619_859274639721852_8295529455503960687_n-FlVJzT.jpeg\",\"datePublished\":\"2024-10-20T09:14:45+00:00\",\"breadcrumb\":{\"@id\":\"https:\\\/\\\/lavocedelpaese.info\\\/index.php\\\/2024\\\/10\\\/20\\\/fratelli-ditalia-si-rafforza-ad-acquaviva-delle-fonti\\\/#breadcrumb\"},\"inLanguage\":\"it-IT\",\"potentialAction\":[{\"@type\":\"ReadAction\",\"target\":[\"https:\\\/\\\/lavocedelpaese.info\\\/index.php\\\/2024\\\/10\\\/20\\\/fratelli-ditalia-si-rafforza-ad-acquaviva-delle-fonti\\\/\"]}]},{\"@type\":\"ImageObject\",\"inLanguage\":\"it-IT\",\"@id\":\"https:\\\/\\\/lavocedelpaese.info\\\/index.php\\\/2024\\\/10\\\/20\\\/fratelli-ditalia-si-rafforza-ad-acquaviva-delle-fonti\\\/#primaryimage\",\"url\":\"https:\\\/\\\/lavocedelpaese.info\\\/wp-content\\\/uploads\\\/2024\\\/10\\\/462807619_859274639721852_8295529455503960687_n-FlVJzT.jpeg\",\"contentUrl\":\"https:\\\/\\\/lavocedelpaese.info\\\/wp-content\\\/uploads\\\/2024\\\/10\\\/462807619_859274639721852_8295529455503960687_n-FlVJzT.jpeg\",\"width\":1000,\"height\":563},{\"@type\":\"BreadcrumbList\",\"@id\":\"https:\\\/\\\/lavocedelpaese.info\\\/index.php\\\/2024\\\/10\\\/20\\\/fratelli-ditalia-si-rafforza-ad-acquaviva-delle-fonti\\\/#breadcrumb\",\"itemListElement\":[{\"@type\":\"ListItem\",\"position\":1,\"name\":\"Home\",\"item\":\"https:\\\/\\\/lavocedelpaese.info\\\/\"},{\"@type\":\"ListItem\",\"position\":2,\"name\":\"Fratelli d\u2019Italia si rafforza ad Acquaviva delle Fonti\u00a0\u200b\"}]},{\"@type\":\"WebSite\",\"@id\":\"https:\\\/\\\/lavocedelpaese.info\\\/#website\",\"url\":\"https:\\\/\\\/lavocedelpaese.info\\\/\",\"name\":\"La Voce del Paese\",\"description\":\"Un network di idee\",\"publisher\":{\"@id\":\"https:\\\/\\\/lavocedelpaese.info\\\/#organization\"},\"potentialAction\":[{\"@type\":\"SearchAction\",\"target\":{\"@type\":\"EntryPoint\",\"urlTemplate\":\"https:\\\/\\\/lavocedelpaese.info\\\/?s={search_term_string}\"},\"query-input\":{\"@type\":\"PropertyValueSpecification\",\"valueRequired\":true,\"valueName\":\"search_term_string\"}}],\"inLanguage\":\"it-IT\"},{\"@type\":\"Organization\",\"@id\":\"https:\\\/\\\/lavocedelpaese.info\\\/#organization\",\"name\":\"La Voce del Paese\",\"url\":\"https:\\\/\\\/lavocedelpaese.info\\\/\",\"logo\":{\"@type\":\"ImageObject\",\"inLanguage\":\"it-IT\",\"@id\":\"https:\\\/\\\/lavocedelpaese.info\\\/#\\\/schema\\\/logo\\\/image\\\/\",\"url\":\"https:\\\/\\\/lavocedelpaese.info\\\/wp-content\\\/uploads\\\/2023\\\/01\\\/cropped-logo-150-127.png\",\"contentUrl\":\"https:\\\/\\\/lavocedelpaese.info\\\/wp-content\\\/uploads\\\/2023\\\/01\\\/cropped-logo-150-127.png\",\"width\":137,\"height\":119,\"caption\":\"La Voce del Paese\"},\"image\":{\"@id\":\"https:\\\/\\\/lavocedelpaese.info\\\/#\\\/schema\\\/logo\\\/image\\\/\"},\"sameAs\":[\"https:\\\/\\\/www.facebook.com\\\/lavocedelpaese.info\"]}]}<\/script>\n<!-- \/ Yoast SEO plugin. -->","yoast_head_json":{"title":"Fratelli d\u2019Italia si rafforza ad Acquaviva delle Fonti\u00a0\u200b - La Voce del Paese","robots":{"index":"index","follow":"follow","max-snippet":"max-snippet:-1","max-image-preview":"max-image-preview:large","max-video-preview":"max-video-preview:-1"},"canonical":"https:\/\/lavocedelpaese.info\/index.php\/2024\/10\/20\/fratelli-ditalia-si-rafforza-ad-acquaviva-delle-fonti\/","og_locale":"it_IT","og_type":"article","og_title":"Fratelli d\u2019Italia si rafforza ad Acquaviva delle Fonti\u00a0\u200b - La Voce del Paese","og_description":"\u00a0 \u200b\u00a0 \u200b\u00a0 Nuovi ingressi nel gruppo consiliare Fratelli d\u2019Italia continua a crescere ad Acquaviva delle Fonti, consolidando la propria","og_url":"https:\/\/lavocedelpaese.info\/index.php\/2024\/10\/20\/fratelli-ditalia-si-rafforza-ad-acquaviva-delle-fonti\/","og_site_name":"La Voce del Paese","article_publisher":"https:\/\/www.facebook.com\/lavocedelpaese.info","article_published_time":"2024-10-20T09:14:45+00:00","twitter_card":"summary_large_image","twitter_misc":{"Tempo di lettura stimato":"2 minuti"},"schema":{"@context":"https:\/\/schema.org","@graph":[{"@type":"Article","@id":"https:\/\/lavocedelpaese.info\/index.php\/2024\/10\/20\/fratelli-ditalia-si-rafforza-ad-acquaviva-delle-fonti\/#article","isPartOf":{"@id":"https:\/\/lavocedelpaese.info\/index.php\/2024\/10\/20\/fratelli-ditalia-si-rafforza-ad-acquaviva-delle-fonti\/"},"author":{"name":"","@id":""},"headline":"Fratelli d\u2019Italia si rafforza ad Acquaviva delle Fonti\u00a0\u200b","datePublished":"2024-10-20T09:14:45+00:00","mainEntityOfPage":{"@id":"https:\/\/lavocedelpaese.info\/index.php\/2024\/10\/20\/fratelli-ditalia-si-rafforza-ad-acquaviva-delle-fonti\/"},"wordCount":502,"commentCount":0,"publisher":{"@id":"https:\/\/lavocedelpaese.info\/#organization"},"image":{"@id":"https:\/\/lavocedelpaese.info\/index.php\/2024\/10\/20\/fratelli-ditalia-si-rafforza-ad-acquaviva-delle-fonti\/#primaryimage"},"thumbnailUrl":"https:\/\/lavocedelpaese.info\/wp-content\/uploads\/2024\/10\/462807619_859274639721852_8295529455503960687_n-FlVJzT.jpeg","articleSection":["network"],"inLanguage":"it-IT","potentialAction":[{"@type":"CommentAction","name":"Comment","target":["https:\/\/lavocedelpaese.info\/index.php\/2024\/10\/20\/fratelli-ditalia-si-rafforza-ad-acquaviva-delle-fonti\/#respond"]}]},{"@type":"WebPage","@id":"https:\/\/lavocedelpaese.info\/index.php\/2024\/10\/20\/fratelli-ditalia-si-rafforza-ad-acquaviva-delle-fonti\/","url":"https:\/\/lavocedelpaese.info\/index.php\/2024\/10\/20\/fratelli-ditalia-si-rafforza-ad-acquaviva-delle-fonti\/","name":"Fratelli d\u2019Italia si rafforza ad Acquaviva delle Fonti\u00a0\u200b - La Voce del Paese","isPartOf":{"@id":"https:\/\/lavocedelpaese.info\/#website"},"primaryImageOfPage":{"@id":"https:\/\/lavocedelpaese.info\/index.php\/2024\/10\/20\/fratelli-ditalia-si-rafforza-ad-acquaviva-delle-fonti\/#primaryimage"},"image":{"@id":"https:\/\/lavocedelpaese.info\/index.php\/2024\/10\/20\/fratelli-ditalia-si-rafforza-ad-acquaviva-delle-fonti\/#primaryimage"},"thumbnailUrl":"https:\/\/lavocedelpaese.info\/wp-content\/uploads\/2024\/10\/462807619_859274639721852_8295529455503960687_n-FlVJzT.jpeg","datePublished":"2024-10-20T09:14:45+00:00","breadcrumb":{"@id":"https:\/\/lavocedelpaese.info\/index.php\/2024\/10\/20\/fratelli-ditalia-si-rafforza-ad-acquaviva-delle-fonti\/#breadcrumb"},"inLanguage":"it-IT","potentialAction":[{"@type":"ReadAction","target":["https:\/\/lavocedelpaese.info\/index.php\/2024\/10\/20\/fratelli-ditalia-si-rafforza-ad-acquaviva-delle-fonti\/"]}]},{"@type":"ImageObject","inLanguage":"it-IT","@id":"https:\/\/lavocedelpaese.info\/index.php\/2024\/10\/20\/fratelli-ditalia-si-rafforza-ad-acquaviva-delle-fonti\/#primaryimage","url":"https:\/\/lavocedelpaese.info\/wp-content\/uploads\/2024\/10\/462807619_859274639721852_8295529455503960687_n-FlVJzT.jpeg","contentUrl":"https:\/\/lavocedelpaese.info\/wp-content\/uploads\/2024\/10\/462807619_859274639721852_8295529455503960687_n-FlVJzT.jpeg","width":1000,"height":563},{"@type":"BreadcrumbList","@id":"https:\/\/lavocedelpaese.info\/index.php\/2024\/10\/20\/fratelli-ditalia-si-rafforza-ad-acquaviva-delle-fonti\/#breadcrumb","itemListElement":[{"@type":"ListItem","position":1,"name":"Home","item":"https:\/\/lavocedelpaese.info\/"},{"@type":"ListItem","position":2,"name":"Fratelli d\u2019Italia si rafforza ad Acquaviva delle Fonti\u00a0\u200b"}]},{"@type":"WebSite","@id":"https:\/\/lavocedelpaese.info\/#website","url":"https:\/\/lavocedelpaese.info\/","name":"La Voce del Paese","description":"Un network di idee","publisher":{"@id":"https:\/\/lavocedelpaese.info\/#organization"},"potentialAction":[{"@type":"SearchAction","target":{"@type":"EntryPoint","urlTemplate":"https:\/\/lavocedelpaese.info\/?s={search_term_string}"},"query-input":{"@type":"PropertyValueSpecification","valueRequired":true,"valueName":"search_term_string"}}],"inLanguage":"it-IT"},{"@type":"Organization","@id":"https:\/\/lavocedelpaese.info\/#organization","name":"La Voce del Paese","url":"https:\/\/lavocedelpaese.info\/","logo":{"@type":"ImageObject","inLanguage":"it-IT","@id":"https:\/\/lavocedelpaese.info\/#\/schema\/logo\/image\/","url":"https:\/\/lavocedelpaese.info\/wp-content\/uploads\/2023\/01\/cropped-logo-150-127.png","contentUrl":"https:\/\/lavocedelpaese.info\/wp-content\/uploads\/2023\/01\/cropped-logo-150-127.png","width":137,"height":119,"caption":"La Voce del Paese"},"image":{"@id":"https:\/\/lavocedelpaese.info\/#\/schema\/logo\/image\/"},"sameAs":["https:\/\/www.facebook.com\/lavocedelpaese.info"]}]}},"_links":{"self":[{"href":"https:\/\/lavocedelpaese.info\/index.php\/wp-json\/wp\/v2\/posts\/8173","targetHints":{"allow":["GET"]}}],"collection":[{"href":"https:\/\/lavocedelpaese.info\/index.php\/wp-json\/wp\/v2\/posts"}],"about":[{"href":"https:\/\/lavocedelpaese.info\/index.php\/wp-json\/wp\/v2\/types\/post"}],"replies":[{"embeddable":true,"href":"https:\/\/lavocedelpaese.info\/index.php\/wp-json\/wp\/v2\/comments?post=8173"}],"version-history":[{"count":0,"href":"https:\/\/lavocedelpaese.info\/index.php\/wp-json\/wp\/v2\/posts\/8173\/revisions"}],"wp:featuredmedia":[{"embeddable":true,"href":"https:\/\/lavocedelpaese.info\/index.php\/wp-json\/wp\/v2\/media\/8174"}],"wp:attachment":[{"href":"https:\/\/lavocedelpaese.info\/index.php\/wp-json\/wp\/v2\/media?parent=8173"}],"wp:term":[{"taxonomy":"category","embeddable":true,"href":"https:\/\/lavocedelpaese.info\/index.php\/wp-json\/wp\/v2\/categories?post=8173"},{"taxonomy":"post_tag","embeddable":true,"href":"https:\/\/lavocedelpaese.info\/index.php\/wp-json\/wp\/v2\/tags?post=8173"}],"curies":[{"name":"wp","href":"https:\/\/api.w.org\/{rel}","templated":true}]}}