{"id":8166,"date":"2024-10-19T05:14:38","date_gmt":"2024-10-19T05:14:38","guid":{"rendered":"https:\/\/lavocedelpaese.info\/index.php\/2024\/10\/19\/al-via-la-rassegna-disordine-il-caos-che-rigenera\/"},"modified":"2024-10-19T05:14:38","modified_gmt":"2024-10-19T05:14:38","slug":"al-via-la-rassegna-disordine-il-caos-che-rigenera","status":"publish","type":"post","link":"https:\/\/lavocedelpaese.info\/index.php\/2024\/10\/19\/al-via-la-rassegna-disordine-il-caos-che-rigenera\/","title":{"rendered":"Al via la rassegna \u201cDisordine \u2013 Il caos che rigenera\u201d\u00a0\u200b"},"content":{"rendered":"<p>\u00a0<\/p>\n<p>\u200b\u00a0<\/p>\n<p>\u200b\u00a0<\/p>\n<div><\/div>\n<h4 class=\"wp-block-heading\">Tanti gli appuntamenti in programma per la stagione di eventi 2024\/2025 organizzata a Turi da \u201cCultura e Armonia\u201d<\/h4>\n<p>L\u2019Associazione di Promozione Sociale <strong>Cultura e Armonia<\/strong> <a href=\"https:\/\/turi.lavocedelpaese.info\/cultura-e-armonia-presenta-la-prima-stagione-di-eventi\/\" target=\"_blank\" rel=\"noopener\">ha presentato ufficialmente la prima stagione di eventi<\/a> ospitata presso <strong>Palazzo Cozzolongo <\/strong>(via M. Orlandi 10\/12) a <strong>Turi<\/strong>, organizzata grazie al supporto di Willy Green Technology, con il patrocinio gratuito della <strong>Regione Puglia <\/strong>(concesso con decreto 380 del 5\/9\/2024) e la collaborazione dell\u2019<strong>Accademia di Belle Arti di Bari<\/strong>.<\/p>\n<p>\u201cCome azienda impegnata nello sviluppo e nella sostenibilit\u00e0, crediamo fermamente nel potere del cambiamento. Proprio come il caos che questa rassegna esplora, la capacit\u00e0 di trasformarsi e trasformare \u00e8 una forza creativa che rigenera prospettive, idee e visioni del futuro. Per noi, supportare la nuova stagione di eventi di Cultura e Armonia significa contribuire alla crescita culturale ed economica del nostro territorio\u201d \u2013 ha dichiarato <strong>Giovanna Giannandrea<\/strong>, amministratrice unica Willy Green Technology.<\/p>\n<p>\u201cLa rassegna \u201cDisordine\u201d di Cultura e Armonia riprende come tema un argomento dibattuto nella storia da sempre. Cos\u00ec come la sua relazione all\u2019idea di genialit\u00e0, di forza propulsiva d\u2019innovazione per la creazione di un \u201cnuovo ordine\u201d. Quello che facciamo con questo ciclo di appuntamenti \u00e8 mostrare come ci si possa aprire al cambiamento per segnare una svolta nella vita culturale e nel futuro di questo territorio e delle giovani generazioni\u201d \u2013 ha sottolineato <strong>Emanuele Ventura<\/strong>, presidente onorario di Cultura &amp; Armonia.<\/p>\n<p>\u201cPerch\u00e9 pensare ad una rassegna letteraria dal titolo: \u201cDisordine \u2013 Il caos che rigenera? Nella sua accezione originaria, il disordine pu\u00f2 essere recuperato nel suo senso pi\u00f9 profondo, ossia di pienezza e di nuova direzione. Risiede appunto in questa valenza semantica il significato di una rassegna letteraria al femminile con la presentazione di opere che hanno indagato il caos del mondo, ciascuna per il proprio ambito, come rinascita, trasformazione ed evoluzione\u201d \u2013 ha spiegato <strong>Irene Martino<\/strong>: docente a contratto presso l\u2019Universit\u00e0 Suor Orsola di Napoli, docente di letteratura italiana presso il Liceo Ricciotto Canudo di Gioia del Colle.<\/p>\n<h4 class=\"wp-block-heading\"><strong>Le protagoniste e i protagonisti di un programma in evoluzione<\/strong><\/h4>\n<p>Sono tantissimi gli appuntamenti in programma dedicati a <strong>letteratura, cinema, arti visive e musica<\/strong>. Un vero e proprio percorso in evoluzione che esplora il concetto di disordine, rileggendo il caos come forza creativa capace di generare trasformazioni e nuove prospettive.<\/p>\n<p><strong>Disordine \u2013 Fotogrammi, istantanee del disordine. <\/strong>Il mercoled\u00ec l\u2019appuntamento \u00e8 con le proiezioni cinematografiche di film d\u2019autore. Di seguito i primi titoli: Il grande capo (2006, Lars von Trier), Boyhood (2014, Richard Linklater), Un affare di famiglia (2018 Hirokazu Kore\u2019eda), The whale (2022, Darren Aronofsky), L\u2019ordine del tempo (2023, Liliana Cavani) e tante altre visioni ancora in programmazione.<\/p>\n<p><strong>Disordine \u2013 Donne che sovvertono l\u2019ordine. <\/strong>Il gioved\u00ec l\u2019appuntamento \u00e8 con la rassegna letteraria curata da <strong>Irene Martino, <\/strong>docente presso l\u2019Universit\u00e0 Suor Orsola di Napoli e il Liceo Ricciotto Canudo di Gioia del Colle. Tanti gli incontri con le pi\u00f9 autorevoli voci della letteratura contemporanea: <strong>Gabriella Genisi, Donatella Puliga, Donatella Caprioglio, Graziana Brescia e Mario Lentano, Ilaria Gaspari, Claudia Durastanti, Emanuela Mancino <\/strong>e ancora altre pagine presto in cartellone.<\/p>\n<p><strong>Disordine \u2013 L\u2019armonia del disordine. <\/strong>Il venerd\u00ec (e non solo) l\u2019appuntamento \u00e8 con la musica e l\u2019arte. La rassegna musicale \u00e8 curata da <strong>Cosimo Angiulli, <\/strong>responsabile musica Tekmore. Concerti e djset tanto per iniziare, ed ecco alcuni nomi: Francesco Massaro, Agenda dei buoni propositi, Melga, Playgirls from Caracas e non \u00e8 tutto, ancora tanta musica ci aspetta.<\/p>\n<p><strong>Disordine \u2013 L\u2019estetica del caos. <\/strong>Il venerd\u00ec (e non solo) l\u2019appuntamento \u00e8 con l\u2019arte e la musica. Per iniziare la personale di <strong>Rossella Cea <\/strong>(con la speciale partecipazione del pianista <strong>Nazareno Ferruggio<\/strong>), poi la mostra di <strong>Giuseppe Marinelli<\/strong>, e ancora la collettiva organizzata in collaborazione con l\u2019Accademia di Belle Arti di Bari. E questo \u00e8 solo l\u2019inizio, perch\u00e9 ci sar\u00e0 ancora pi\u00f9 arte in cantiere.<\/p>\n<p>La rassegna Disordine \u2013 Il caos che rigenera \u00e8 curata da Tekmore Studio.<\/p>\n<div class=\"wp-block-spacer\"><\/div>\n<div class=\"wp-block-spacer\"><\/div>\n<p><a class=\"a2a_button_facebook\" href=\"https:\/\/www.addtoany.com\/add_to\/facebook?linkurl=https%3A%2F%2Fturi.lavocedelpaese.info%2Fal-via-la-rassegna-disordine-il-caos-che-rigenera%2F&amp;linkname=Al%20via%20la%20rassegna%20%E2%80%9CDisordine%20%E2%80%93%20Il%20caos%20che%20rigenera%E2%80%9D\" title=\"Facebook\" target=\"_blank\" rel=\"noopener\"><\/a><a class=\"a2a_button_twitter\" href=\"https:\/\/www.addtoany.com\/add_to\/twitter?linkurl=https%3A%2F%2Fturi.lavocedelpaese.info%2Fal-via-la-rassegna-disordine-il-caos-che-rigenera%2F&amp;linkname=Al%20via%20la%20rassegna%20%E2%80%9CDisordine%20%E2%80%93%20Il%20caos%20che%20rigenera%E2%80%9D\" title=\"Twitter\" target=\"_blank\" rel=\"noopener\"><\/a><a class=\"a2a_button_whatsapp\" href=\"https:\/\/www.addtoany.com\/add_to\/whatsapp?linkurl=https%3A%2F%2Fturi.lavocedelpaese.info%2Fal-via-la-rassegna-disordine-il-caos-che-rigenera%2F&amp;linkname=Al%20via%20la%20rassegna%20%E2%80%9CDisordine%20%E2%80%93%20Il%20caos%20che%20rigenera%E2%80%9D\" title=\"WhatsApp\" target=\"_blank\" rel=\"noopener\"><\/a><a class=\"a2a_button_telegram\" href=\"https:\/\/www.addtoany.com\/add_to\/telegram?linkurl=https%3A%2F%2Fturi.lavocedelpaese.info%2Fal-via-la-rassegna-disordine-il-caos-che-rigenera%2F&amp;linkname=Al%20via%20la%20rassegna%20%E2%80%9CDisordine%20%E2%80%93%20Il%20caos%20che%20rigenera%E2%80%9D\" title=\"Telegram\" target=\"_blank\" rel=\"noopener\"><\/a><a class=\"a2a_button_email\" href=\"https:\/\/www.addtoany.com\/add_to\/email?linkurl=https%3A%2F%2Fturi.lavocedelpaese.info%2Fal-via-la-rassegna-disordine-il-caos-che-rigenera%2F&amp;linkname=Al%20via%20la%20rassegna%20%E2%80%9CDisordine%20%E2%80%93%20Il%20caos%20che%20rigenera%E2%80%9D\" title=\"Email\" target=\"_blank\" rel=\"noopener\"><\/a><\/p>\n<p>L&#8217;articolo <a href=\"https:\/\/turi.lavocedelpaese.info\/al-via-la-rassegna-disordine-il-caos-che-rigenera\/\">Al via la rassegna \u201cDisordine \u2013 Il caos che rigenera\u201d<\/a> proviene da <a href=\"https:\/\/turi.lavocedelpaese.info\/\">Turi &#8211; La Voce del Paese<\/a>.<\/p>\n<p>\u00a0<\/p>\n<p>\u00a0<\/p>\n<p>\u200b\u00a0\u00a0\u00a0<\/p>","protected":false},"excerpt":{"rendered":"<p>\u00a0 \u200b\u00a0 \u200b\u00a0 Tanti gli appuntamenti in programma per la stagione di eventi 2024\/2025 organizzata a Turi da \u201cCultura e<\/p>\n","protected":false},"author":0,"featured_media":8167,"comment_status":"open","ping_status":"closed","sticky":false,"template":"","format":"standard","meta":{"colormag_page_container_layout":"default_layout","colormag_page_sidebar_layout":"default_layout","footnotes":""},"categories":[33],"tags":[],"class_list":["post-8166","post","type-post","status-publish","format-standard","has-post-thumbnail","hentry","category-network"],"yoast_head":"<!-- This site is optimized with the Yoast SEO plugin v27.5 - https:\/\/yoast.com\/product\/yoast-seo-wordpress\/ -->\n<title>Al via la rassegna \u201cDisordine \u2013 Il caos che rigenera\u201d\u00a0\u200b - La Voce del Paese<\/title>\n<meta name=\"robots\" content=\"index, follow, max-snippet:-1, max-image-preview:large, max-video-preview:-1\" \/>\n<link rel=\"canonical\" href=\"https:\/\/lavocedelpaese.info\/index.php\/2024\/10\/19\/al-via-la-rassegna-disordine-il-caos-che-rigenera\/\" \/>\n<meta property=\"og:locale\" content=\"it_IT\" \/>\n<meta property=\"og:type\" content=\"article\" \/>\n<meta property=\"og:title\" content=\"Al via la rassegna \u201cDisordine \u2013 Il caos che rigenera\u201d\u00a0\u200b - La Voce del Paese\" \/>\n<meta property=\"og:description\" content=\"\u00a0 \u200b\u00a0 \u200b\u00a0 Tanti gli appuntamenti in programma per la stagione di eventi 2024\/2025 organizzata a Turi da \u201cCultura e\" \/>\n<meta property=\"og:url\" content=\"https:\/\/lavocedelpaese.info\/index.php\/2024\/10\/19\/al-via-la-rassegna-disordine-il-caos-che-rigenera\/\" \/>\n<meta property=\"og:site_name\" content=\"La Voce del Paese\" \/>\n<meta property=\"article:publisher\" content=\"https:\/\/www.facebook.com\/lavocedelpaese.info\" \/>\n<meta property=\"article:published_time\" content=\"2024-10-19T05:14:38+00:00\" \/>\n<meta name=\"twitter:card\" content=\"summary_large_image\" \/>\n<meta name=\"twitter:label1\" content=\"Tempo di lettura stimato\" \/>\n\t<meta name=\"twitter:data1\" content=\"3 minuti\" \/>\n<script type=\"application\/ld+json\" class=\"yoast-schema-graph\">{\"@context\":\"https:\\\/\\\/schema.org\",\"@graph\":[{\"@type\":\"Article\",\"@id\":\"https:\\\/\\\/lavocedelpaese.info\\\/index.php\\\/2024\\\/10\\\/19\\\/al-via-la-rassegna-disordine-il-caos-che-rigenera\\\/#article\",\"isPartOf\":{\"@id\":\"https:\\\/\\\/lavocedelpaese.info\\\/index.php\\\/2024\\\/10\\\/19\\\/al-via-la-rassegna-disordine-il-caos-che-rigenera\\\/\"},\"author\":{\"name\":\"\",\"@id\":\"\"},\"headline\":\"Al via la rassegna \u201cDisordine \u2013 Il caos che rigenera\u201d\u00a0\u200b\",\"datePublished\":\"2024-10-19T05:14:38+00:00\",\"mainEntityOfPage\":{\"@id\":\"https:\\\/\\\/lavocedelpaese.info\\\/index.php\\\/2024\\\/10\\\/19\\\/al-via-la-rassegna-disordine-il-caos-che-rigenera\\\/\"},\"wordCount\":656,\"commentCount\":0,\"publisher\":{\"@id\":\"https:\\\/\\\/lavocedelpaese.info\\\/#organization\"},\"image\":{\"@id\":\"https:\\\/\\\/lavocedelpaese.info\\\/index.php\\\/2024\\\/10\\\/19\\\/al-via-la-rassegna-disordine-il-caos-che-rigenera\\\/#primaryimage\"},\"thumbnailUrl\":\"https:\\\/\\\/lavocedelpaese.info\\\/wp-content\\\/uploads\\\/2024\\\/10\\\/cultura-e-armonia-2-1024x960-52c93y.jpeg\",\"articleSection\":[\"network\"],\"inLanguage\":\"it-IT\",\"potentialAction\":[{\"@type\":\"CommentAction\",\"name\":\"Comment\",\"target\":[\"https:\\\/\\\/lavocedelpaese.info\\\/index.php\\\/2024\\\/10\\\/19\\\/al-via-la-rassegna-disordine-il-caos-che-rigenera\\\/#respond\"]}]},{\"@type\":\"WebPage\",\"@id\":\"https:\\\/\\\/lavocedelpaese.info\\\/index.php\\\/2024\\\/10\\\/19\\\/al-via-la-rassegna-disordine-il-caos-che-rigenera\\\/\",\"url\":\"https:\\\/\\\/lavocedelpaese.info\\\/index.php\\\/2024\\\/10\\\/19\\\/al-via-la-rassegna-disordine-il-caos-che-rigenera\\\/\",\"name\":\"Al via la rassegna \u201cDisordine \u2013 Il caos che rigenera\u201d\u00a0\u200b - La Voce del Paese\",\"isPartOf\":{\"@id\":\"https:\\\/\\\/lavocedelpaese.info\\\/#website\"},\"primaryImageOfPage\":{\"@id\":\"https:\\\/\\\/lavocedelpaese.info\\\/index.php\\\/2024\\\/10\\\/19\\\/al-via-la-rassegna-disordine-il-caos-che-rigenera\\\/#primaryimage\"},\"image\":{\"@id\":\"https:\\\/\\\/lavocedelpaese.info\\\/index.php\\\/2024\\\/10\\\/19\\\/al-via-la-rassegna-disordine-il-caos-che-rigenera\\\/#primaryimage\"},\"thumbnailUrl\":\"https:\\\/\\\/lavocedelpaese.info\\\/wp-content\\\/uploads\\\/2024\\\/10\\\/cultura-e-armonia-2-1024x960-52c93y.jpeg\",\"datePublished\":\"2024-10-19T05:14:38+00:00\",\"breadcrumb\":{\"@id\":\"https:\\\/\\\/lavocedelpaese.info\\\/index.php\\\/2024\\\/10\\\/19\\\/al-via-la-rassegna-disordine-il-caos-che-rigenera\\\/#breadcrumb\"},\"inLanguage\":\"it-IT\",\"potentialAction\":[{\"@type\":\"ReadAction\",\"target\":[\"https:\\\/\\\/lavocedelpaese.info\\\/index.php\\\/2024\\\/10\\\/19\\\/al-via-la-rassegna-disordine-il-caos-che-rigenera\\\/\"]}]},{\"@type\":\"ImageObject\",\"inLanguage\":\"it-IT\",\"@id\":\"https:\\\/\\\/lavocedelpaese.info\\\/index.php\\\/2024\\\/10\\\/19\\\/al-via-la-rassegna-disordine-il-caos-che-rigenera\\\/#primaryimage\",\"url\":\"https:\\\/\\\/lavocedelpaese.info\\\/wp-content\\\/uploads\\\/2024\\\/10\\\/cultura-e-armonia-2-1024x960-52c93y.jpeg\",\"contentUrl\":\"https:\\\/\\\/lavocedelpaese.info\\\/wp-content\\\/uploads\\\/2024\\\/10\\\/cultura-e-armonia-2-1024x960-52c93y.jpeg\",\"width\":853,\"height\":800},{\"@type\":\"BreadcrumbList\",\"@id\":\"https:\\\/\\\/lavocedelpaese.info\\\/index.php\\\/2024\\\/10\\\/19\\\/al-via-la-rassegna-disordine-il-caos-che-rigenera\\\/#breadcrumb\",\"itemListElement\":[{\"@type\":\"ListItem\",\"position\":1,\"name\":\"Home\",\"item\":\"https:\\\/\\\/lavocedelpaese.info\\\/\"},{\"@type\":\"ListItem\",\"position\":2,\"name\":\"Al via la rassegna \u201cDisordine \u2013 Il caos che rigenera\u201d\u00a0\u200b\"}]},{\"@type\":\"WebSite\",\"@id\":\"https:\\\/\\\/lavocedelpaese.info\\\/#website\",\"url\":\"https:\\\/\\\/lavocedelpaese.info\\\/\",\"name\":\"La Voce del Paese\",\"description\":\"Un network di idee\",\"publisher\":{\"@id\":\"https:\\\/\\\/lavocedelpaese.info\\\/#organization\"},\"potentialAction\":[{\"@type\":\"SearchAction\",\"target\":{\"@type\":\"EntryPoint\",\"urlTemplate\":\"https:\\\/\\\/lavocedelpaese.info\\\/?s={search_term_string}\"},\"query-input\":{\"@type\":\"PropertyValueSpecification\",\"valueRequired\":true,\"valueName\":\"search_term_string\"}}],\"inLanguage\":\"it-IT\"},{\"@type\":\"Organization\",\"@id\":\"https:\\\/\\\/lavocedelpaese.info\\\/#organization\",\"name\":\"La Voce del Paese\",\"url\":\"https:\\\/\\\/lavocedelpaese.info\\\/\",\"logo\":{\"@type\":\"ImageObject\",\"inLanguage\":\"it-IT\",\"@id\":\"https:\\\/\\\/lavocedelpaese.info\\\/#\\\/schema\\\/logo\\\/image\\\/\",\"url\":\"https:\\\/\\\/lavocedelpaese.info\\\/wp-content\\\/uploads\\\/2023\\\/01\\\/cropped-logo-150-127.png\",\"contentUrl\":\"https:\\\/\\\/lavocedelpaese.info\\\/wp-content\\\/uploads\\\/2023\\\/01\\\/cropped-logo-150-127.png\",\"width\":137,\"height\":119,\"caption\":\"La Voce del Paese\"},\"image\":{\"@id\":\"https:\\\/\\\/lavocedelpaese.info\\\/#\\\/schema\\\/logo\\\/image\\\/\"},\"sameAs\":[\"https:\\\/\\\/www.facebook.com\\\/lavocedelpaese.info\"]}]}<\/script>\n<!-- \/ Yoast SEO plugin. -->","yoast_head_json":{"title":"Al via la rassegna \u201cDisordine \u2013 Il caos che rigenera\u201d\u00a0\u200b - La Voce del Paese","robots":{"index":"index","follow":"follow","max-snippet":"max-snippet:-1","max-image-preview":"max-image-preview:large","max-video-preview":"max-video-preview:-1"},"canonical":"https:\/\/lavocedelpaese.info\/index.php\/2024\/10\/19\/al-via-la-rassegna-disordine-il-caos-che-rigenera\/","og_locale":"it_IT","og_type":"article","og_title":"Al via la rassegna \u201cDisordine \u2013 Il caos che rigenera\u201d\u00a0\u200b - La Voce del Paese","og_description":"\u00a0 \u200b\u00a0 \u200b\u00a0 Tanti gli appuntamenti in programma per la stagione di eventi 2024\/2025 organizzata a Turi da \u201cCultura e","og_url":"https:\/\/lavocedelpaese.info\/index.php\/2024\/10\/19\/al-via-la-rassegna-disordine-il-caos-che-rigenera\/","og_site_name":"La Voce del Paese","article_publisher":"https:\/\/www.facebook.com\/lavocedelpaese.info","article_published_time":"2024-10-19T05:14:38+00:00","twitter_card":"summary_large_image","twitter_misc":{"Tempo di lettura stimato":"3 minuti"},"schema":{"@context":"https:\/\/schema.org","@graph":[{"@type":"Article","@id":"https:\/\/lavocedelpaese.info\/index.php\/2024\/10\/19\/al-via-la-rassegna-disordine-il-caos-che-rigenera\/#article","isPartOf":{"@id":"https:\/\/lavocedelpaese.info\/index.php\/2024\/10\/19\/al-via-la-rassegna-disordine-il-caos-che-rigenera\/"},"author":{"name":"","@id":""},"headline":"Al via la rassegna \u201cDisordine \u2013 Il caos che rigenera\u201d\u00a0\u200b","datePublished":"2024-10-19T05:14:38+00:00","mainEntityOfPage":{"@id":"https:\/\/lavocedelpaese.info\/index.php\/2024\/10\/19\/al-via-la-rassegna-disordine-il-caos-che-rigenera\/"},"wordCount":656,"commentCount":0,"publisher":{"@id":"https:\/\/lavocedelpaese.info\/#organization"},"image":{"@id":"https:\/\/lavocedelpaese.info\/index.php\/2024\/10\/19\/al-via-la-rassegna-disordine-il-caos-che-rigenera\/#primaryimage"},"thumbnailUrl":"https:\/\/lavocedelpaese.info\/wp-content\/uploads\/2024\/10\/cultura-e-armonia-2-1024x960-52c93y.jpeg","articleSection":["network"],"inLanguage":"it-IT","potentialAction":[{"@type":"CommentAction","name":"Comment","target":["https:\/\/lavocedelpaese.info\/index.php\/2024\/10\/19\/al-via-la-rassegna-disordine-il-caos-che-rigenera\/#respond"]}]},{"@type":"WebPage","@id":"https:\/\/lavocedelpaese.info\/index.php\/2024\/10\/19\/al-via-la-rassegna-disordine-il-caos-che-rigenera\/","url":"https:\/\/lavocedelpaese.info\/index.php\/2024\/10\/19\/al-via-la-rassegna-disordine-il-caos-che-rigenera\/","name":"Al via la rassegna \u201cDisordine \u2013 Il caos che rigenera\u201d\u00a0\u200b - La Voce del Paese","isPartOf":{"@id":"https:\/\/lavocedelpaese.info\/#website"},"primaryImageOfPage":{"@id":"https:\/\/lavocedelpaese.info\/index.php\/2024\/10\/19\/al-via-la-rassegna-disordine-il-caos-che-rigenera\/#primaryimage"},"image":{"@id":"https:\/\/lavocedelpaese.info\/index.php\/2024\/10\/19\/al-via-la-rassegna-disordine-il-caos-che-rigenera\/#primaryimage"},"thumbnailUrl":"https:\/\/lavocedelpaese.info\/wp-content\/uploads\/2024\/10\/cultura-e-armonia-2-1024x960-52c93y.jpeg","datePublished":"2024-10-19T05:14:38+00:00","breadcrumb":{"@id":"https:\/\/lavocedelpaese.info\/index.php\/2024\/10\/19\/al-via-la-rassegna-disordine-il-caos-che-rigenera\/#breadcrumb"},"inLanguage":"it-IT","potentialAction":[{"@type":"ReadAction","target":["https:\/\/lavocedelpaese.info\/index.php\/2024\/10\/19\/al-via-la-rassegna-disordine-il-caos-che-rigenera\/"]}]},{"@type":"ImageObject","inLanguage":"it-IT","@id":"https:\/\/lavocedelpaese.info\/index.php\/2024\/10\/19\/al-via-la-rassegna-disordine-il-caos-che-rigenera\/#primaryimage","url":"https:\/\/lavocedelpaese.info\/wp-content\/uploads\/2024\/10\/cultura-e-armonia-2-1024x960-52c93y.jpeg","contentUrl":"https:\/\/lavocedelpaese.info\/wp-content\/uploads\/2024\/10\/cultura-e-armonia-2-1024x960-52c93y.jpeg","width":853,"height":800},{"@type":"BreadcrumbList","@id":"https:\/\/lavocedelpaese.info\/index.php\/2024\/10\/19\/al-via-la-rassegna-disordine-il-caos-che-rigenera\/#breadcrumb","itemListElement":[{"@type":"ListItem","position":1,"name":"Home","item":"https:\/\/lavocedelpaese.info\/"},{"@type":"ListItem","position":2,"name":"Al via la rassegna \u201cDisordine \u2013 Il caos che rigenera\u201d\u00a0\u200b"}]},{"@type":"WebSite","@id":"https:\/\/lavocedelpaese.info\/#website","url":"https:\/\/lavocedelpaese.info\/","name":"La Voce del Paese","description":"Un network di idee","publisher":{"@id":"https:\/\/lavocedelpaese.info\/#organization"},"potentialAction":[{"@type":"SearchAction","target":{"@type":"EntryPoint","urlTemplate":"https:\/\/lavocedelpaese.info\/?s={search_term_string}"},"query-input":{"@type":"PropertyValueSpecification","valueRequired":true,"valueName":"search_term_string"}}],"inLanguage":"it-IT"},{"@type":"Organization","@id":"https:\/\/lavocedelpaese.info\/#organization","name":"La Voce del Paese","url":"https:\/\/lavocedelpaese.info\/","logo":{"@type":"ImageObject","inLanguage":"it-IT","@id":"https:\/\/lavocedelpaese.info\/#\/schema\/logo\/image\/","url":"https:\/\/lavocedelpaese.info\/wp-content\/uploads\/2023\/01\/cropped-logo-150-127.png","contentUrl":"https:\/\/lavocedelpaese.info\/wp-content\/uploads\/2023\/01\/cropped-logo-150-127.png","width":137,"height":119,"caption":"La Voce del Paese"},"image":{"@id":"https:\/\/lavocedelpaese.info\/#\/schema\/logo\/image\/"},"sameAs":["https:\/\/www.facebook.com\/lavocedelpaese.info"]}]}},"_links":{"self":[{"href":"https:\/\/lavocedelpaese.info\/index.php\/wp-json\/wp\/v2\/posts\/8166","targetHints":{"allow":["GET"]}}],"collection":[{"href":"https:\/\/lavocedelpaese.info\/index.php\/wp-json\/wp\/v2\/posts"}],"about":[{"href":"https:\/\/lavocedelpaese.info\/index.php\/wp-json\/wp\/v2\/types\/post"}],"replies":[{"embeddable":true,"href":"https:\/\/lavocedelpaese.info\/index.php\/wp-json\/wp\/v2\/comments?post=8166"}],"version-history":[{"count":0,"href":"https:\/\/lavocedelpaese.info\/index.php\/wp-json\/wp\/v2\/posts\/8166\/revisions"}],"wp:featuredmedia":[{"embeddable":true,"href":"https:\/\/lavocedelpaese.info\/index.php\/wp-json\/wp\/v2\/media\/8167"}],"wp:attachment":[{"href":"https:\/\/lavocedelpaese.info\/index.php\/wp-json\/wp\/v2\/media?parent=8166"}],"wp:term":[{"taxonomy":"category","embeddable":true,"href":"https:\/\/lavocedelpaese.info\/index.php\/wp-json\/wp\/v2\/categories?post=8166"},{"taxonomy":"post_tag","embeddable":true,"href":"https:\/\/lavocedelpaese.info\/index.php\/wp-json\/wp\/v2\/tags?post=8166"}],"curies":[{"name":"wp","href":"https:\/\/api.w.org\/{rel}","templated":true}]}}