{"id":8162,"date":"2024-10-18T18:16:35","date_gmt":"2024-10-18T18:16:35","guid":{"rendered":"https:\/\/lavocedelpaese.info\/index.php\/2024\/10\/18\/thuriae-domani-arriva-la-capolista\/"},"modified":"2024-10-18T18:16:35","modified_gmt":"2024-10-18T18:16:35","slug":"thuriae-domani-arriva-la-capolista","status":"publish","type":"post","link":"https:\/\/lavocedelpaese.info\/index.php\/2024\/10\/18\/thuriae-domani-arriva-la-capolista\/","title":{"rendered":"Thuriae, domani arriva la capolista\u00a0\u200b"},"content":{"rendered":"<p>\u00a0<\/p>\n<p>\u200b\u00a0<\/p>\n<p>\u200b\u00a0<\/p>\n<div><\/div>\n<p><strong>Cambia l\u2019orario delle partite casalinghe: a partire da sabato, calcio di inizio alle 15:30<\/strong><\/p>\n<p>Sfida di fuoco quella che attende i turesi, che sabato 19 ospiteranno l\u2019attuale capolista della serie C1 pugliese, vale a dire il CUS Bari. La formazione barese, protagonista di un ottimo inizio di campionato, ha centrato quattro vittorie e un pareggio nelle prime cinque giornate, occupando la prima posizione in coabitazione con la Just Mola. Una sfida non semplice per i turesi, che tuttavia vorranno certamente riscattare la sconfitta patita sabato scorso a Molfetta.<\/p>\n<p>Davanti a una cinquantina di turesi giunti nella citt\u00e0 del nord-barese, i rossogranata sono caduti per 3-1 per mano della Real Molfetta. Partita difficile non solo per l\u2019elevata qualit\u00e0 degli avversari, ma anche per le numerose assenze. A questo si aggiungono anche le ridotte dimensioni del PalaPanunzio, con le quali i turesi hanno faticato a trovare l\u2019alchimia giusta.<\/p>\n<p>Parte meglio il Molfetta, che dopo pochi minuti si porta in vantaggio. Col passare dei minuti i rossogranata entrano in partita, e sfiorano il pareggio con Valentini: solo un grande intervento del portiere molfettese gli nega la rete. A met\u00e0 della prima frazione arriva il raddoppio del Real Molfetta. Nel finale di primo tempo, ancora il portiere del Molfetta \u00e8 bravo a respingere una conclusione ravvicinata di Ciavarella. Squadre negli spogliatoi sul risultato di 2-0.<\/p>\n<p>La ripresa segue il copione della prima frazione, con i padroni di casa che mantengono il possesso per addormentare il match. Partita che si riapre a 8 dalla fine grazie ad un bel gol di Malena, che conclude una bella azione portando il risultato sul 2-1. Nel finale i turesi aumentano il pressing offensivo, provandoci con alcune conclusioni da fuori, ma non sfondano. \u00c8 cos\u00ec che, a due dal termine, Murolo si invola verso la porta ospite, battendo Notarnicola e mettendo la parola fine al match. 3-1 il risultato finale.<\/p>\n<p>Turesi che restano cos\u00ec a quota quattro punti in classifica, incassando la terza sconfitta in altrettante trasferte. Ma \u00e8 nei momenti di difficolt\u00e0 che spesso i ragazzi di mister Masi hanno trovato un quid capace di far sfoderare grandi prestazioni. \u00c8 proprio questo che servir\u00e0 per fermare l\u2019ascesa di una squadra forte e in salute come quella barese, e conquistare punti preziosi. Per tutti coloro che vorranno supportare e spingere i padroni di casa alla vittoria, il calcio di inizio \u00e8 fissato per le 15:30 al palazzetto dello sport.<\/p>\n<p><a class=\"a2a_button_facebook\" href=\"https:\/\/www.addtoany.com\/add_to\/facebook?linkurl=https%3A%2F%2Fturi.lavocedelpaese.info%2Fthuriae-domani-arriva-la-capolista%2F&amp;linkname=Thuriae%2C%20domani%20arriva%20la%20capolista\" title=\"Facebook\" target=\"_blank\" rel=\"noopener\"><\/a><a class=\"a2a_button_twitter\" href=\"https:\/\/www.addtoany.com\/add_to\/twitter?linkurl=https%3A%2F%2Fturi.lavocedelpaese.info%2Fthuriae-domani-arriva-la-capolista%2F&amp;linkname=Thuriae%2C%20domani%20arriva%20la%20capolista\" title=\"Twitter\" target=\"_blank\" rel=\"noopener\"><\/a><a class=\"a2a_button_whatsapp\" href=\"https:\/\/www.addtoany.com\/add_to\/whatsapp?linkurl=https%3A%2F%2Fturi.lavocedelpaese.info%2Fthuriae-domani-arriva-la-capolista%2F&amp;linkname=Thuriae%2C%20domani%20arriva%20la%20capolista\" title=\"WhatsApp\" target=\"_blank\" rel=\"noopener\"><\/a><a class=\"a2a_button_telegram\" href=\"https:\/\/www.addtoany.com\/add_to\/telegram?linkurl=https%3A%2F%2Fturi.lavocedelpaese.info%2Fthuriae-domani-arriva-la-capolista%2F&amp;linkname=Thuriae%2C%20domani%20arriva%20la%20capolista\" title=\"Telegram\" target=\"_blank\" rel=\"noopener\"><\/a><a class=\"a2a_button_email\" href=\"https:\/\/www.addtoany.com\/add_to\/email?linkurl=https%3A%2F%2Fturi.lavocedelpaese.info%2Fthuriae-domani-arriva-la-capolista%2F&amp;linkname=Thuriae%2C%20domani%20arriva%20la%20capolista\" title=\"Email\" target=\"_blank\" rel=\"noopener\"><\/a><\/p>\n<p>L&#8217;articolo <a href=\"https:\/\/turi.lavocedelpaese.info\/thuriae-domani-arriva-la-capolista\/\">Thuriae, domani arriva la capolista<\/a> proviene da <a href=\"https:\/\/turi.lavocedelpaese.info\/\">Turi &#8211; La Voce del Paese<\/a>.<\/p>\n<p>\u00a0<\/p>\n<p>\u00a0<\/p>\n<p>\u200b\u00a0\u00a0\u00a0<\/p>","protected":false},"excerpt":{"rendered":"<p>\u00a0 \u200b\u00a0 \u200b\u00a0 Cambia l\u2019orario delle partite casalinghe: a partire da sabato, calcio di inizio alle 15:30 Sfida di fuoco<\/p>\n","protected":false},"author":0,"featured_media":8163,"comment_status":"open","ping_status":"closed","sticky":false,"template":"","format":"standard","meta":{"colormag_page_container_layout":"default_layout","colormag_page_sidebar_layout":"default_layout","footnotes":""},"categories":[33],"tags":[],"class_list":["post-8162","post","type-post","status-publish","format-standard","has-post-thumbnail","hentry","category-network"],"yoast_head":"<!-- This site is optimized with the Yoast SEO plugin v27.5 - https:\/\/yoast.com\/product\/yoast-seo-wordpress\/ -->\n<title>Thuriae, domani arriva la capolista\u00a0\u200b - La Voce del Paese<\/title>\n<meta name=\"robots\" content=\"index, follow, max-snippet:-1, max-image-preview:large, max-video-preview:-1\" \/>\n<link rel=\"canonical\" href=\"https:\/\/lavocedelpaese.info\/index.php\/2024\/10\/18\/thuriae-domani-arriva-la-capolista\/\" \/>\n<meta property=\"og:locale\" content=\"it_IT\" \/>\n<meta property=\"og:type\" content=\"article\" \/>\n<meta property=\"og:title\" content=\"Thuriae, domani arriva la capolista\u00a0\u200b - La Voce del Paese\" \/>\n<meta property=\"og:description\" content=\"\u00a0 \u200b\u00a0 \u200b\u00a0 Cambia l\u2019orario delle partite casalinghe: a partire da sabato, calcio di inizio alle 15:30 Sfida di fuoco\" \/>\n<meta property=\"og:url\" content=\"https:\/\/lavocedelpaese.info\/index.php\/2024\/10\/18\/thuriae-domani-arriva-la-capolista\/\" \/>\n<meta property=\"og:site_name\" content=\"La Voce del Paese\" \/>\n<meta property=\"article:publisher\" content=\"https:\/\/www.facebook.com\/lavocedelpaese.info\" \/>\n<meta property=\"article:published_time\" content=\"2024-10-18T18:16:35+00:00\" \/>\n<meta name=\"twitter:card\" content=\"summary_large_image\" \/>\n<meta name=\"twitter:label1\" content=\"Tempo di lettura stimato\" \/>\n\t<meta name=\"twitter:data1\" content=\"2 minuti\" \/>\n<script type=\"application\/ld+json\" class=\"yoast-schema-graph\">{\"@context\":\"https:\\\/\\\/schema.org\",\"@graph\":[{\"@type\":\"Article\",\"@id\":\"https:\\\/\\\/lavocedelpaese.info\\\/index.php\\\/2024\\\/10\\\/18\\\/thuriae-domani-arriva-la-capolista\\\/#article\",\"isPartOf\":{\"@id\":\"https:\\\/\\\/lavocedelpaese.info\\\/index.php\\\/2024\\\/10\\\/18\\\/thuriae-domani-arriva-la-capolista\\\/\"},\"author\":{\"name\":\"\",\"@id\":\"\"},\"headline\":\"Thuriae, domani arriva la capolista\u00a0\u200b\",\"datePublished\":\"2024-10-18T18:16:35+00:00\",\"mainEntityOfPage\":{\"@id\":\"https:\\\/\\\/lavocedelpaese.info\\\/index.php\\\/2024\\\/10\\\/18\\\/thuriae-domani-arriva-la-capolista\\\/\"},\"wordCount\":416,\"commentCount\":0,\"publisher\":{\"@id\":\"https:\\\/\\\/lavocedelpaese.info\\\/#organization\"},\"image\":{\"@id\":\"https:\\\/\\\/lavocedelpaese.info\\\/index.php\\\/2024\\\/10\\\/18\\\/thuriae-domani-arriva-la-capolista\\\/#primaryimage\"},\"thumbnailUrl\":\"https:\\\/\\\/lavocedelpaese.info\\\/wp-content\\\/uploads\\\/2024\\\/10\\\/thuriae-1-NfMVp1.png\",\"articleSection\":[\"network\"],\"inLanguage\":\"it-IT\",\"potentialAction\":[{\"@type\":\"CommentAction\",\"name\":\"Comment\",\"target\":[\"https:\\\/\\\/lavocedelpaese.info\\\/index.php\\\/2024\\\/10\\\/18\\\/thuriae-domani-arriva-la-capolista\\\/#respond\"]}]},{\"@type\":\"WebPage\",\"@id\":\"https:\\\/\\\/lavocedelpaese.info\\\/index.php\\\/2024\\\/10\\\/18\\\/thuriae-domani-arriva-la-capolista\\\/\",\"url\":\"https:\\\/\\\/lavocedelpaese.info\\\/index.php\\\/2024\\\/10\\\/18\\\/thuriae-domani-arriva-la-capolista\\\/\",\"name\":\"Thuriae, domani arriva la capolista\u00a0\u200b - La Voce del Paese\",\"isPartOf\":{\"@id\":\"https:\\\/\\\/lavocedelpaese.info\\\/#website\"},\"primaryImageOfPage\":{\"@id\":\"https:\\\/\\\/lavocedelpaese.info\\\/index.php\\\/2024\\\/10\\\/18\\\/thuriae-domani-arriva-la-capolista\\\/#primaryimage\"},\"image\":{\"@id\":\"https:\\\/\\\/lavocedelpaese.info\\\/index.php\\\/2024\\\/10\\\/18\\\/thuriae-domani-arriva-la-capolista\\\/#primaryimage\"},\"thumbnailUrl\":\"https:\\\/\\\/lavocedelpaese.info\\\/wp-content\\\/uploads\\\/2024\\\/10\\\/thuriae-1-NfMVp1.png\",\"datePublished\":\"2024-10-18T18:16:35+00:00\",\"breadcrumb\":{\"@id\":\"https:\\\/\\\/lavocedelpaese.info\\\/index.php\\\/2024\\\/10\\\/18\\\/thuriae-domani-arriva-la-capolista\\\/#breadcrumb\"},\"inLanguage\":\"it-IT\",\"potentialAction\":[{\"@type\":\"ReadAction\",\"target\":[\"https:\\\/\\\/lavocedelpaese.info\\\/index.php\\\/2024\\\/10\\\/18\\\/thuriae-domani-arriva-la-capolista\\\/\"]}]},{\"@type\":\"ImageObject\",\"inLanguage\":\"it-IT\",\"@id\":\"https:\\\/\\\/lavocedelpaese.info\\\/index.php\\\/2024\\\/10\\\/18\\\/thuriae-domani-arriva-la-capolista\\\/#primaryimage\",\"url\":\"https:\\\/\\\/lavocedelpaese.info\\\/wp-content\\\/uploads\\\/2024\\\/10\\\/thuriae-1-NfMVp1.png\",\"contentUrl\":\"https:\\\/\\\/lavocedelpaese.info\\\/wp-content\\\/uploads\\\/2024\\\/10\\\/thuriae-1-NfMVp1.png\",\"width\":756,\"height\":756},{\"@type\":\"BreadcrumbList\",\"@id\":\"https:\\\/\\\/lavocedelpaese.info\\\/index.php\\\/2024\\\/10\\\/18\\\/thuriae-domani-arriva-la-capolista\\\/#breadcrumb\",\"itemListElement\":[{\"@type\":\"ListItem\",\"position\":1,\"name\":\"Home\",\"item\":\"https:\\\/\\\/lavocedelpaese.info\\\/\"},{\"@type\":\"ListItem\",\"position\":2,\"name\":\"Thuriae, domani arriva la capolista\u00a0\u200b\"}]},{\"@type\":\"WebSite\",\"@id\":\"https:\\\/\\\/lavocedelpaese.info\\\/#website\",\"url\":\"https:\\\/\\\/lavocedelpaese.info\\\/\",\"name\":\"La Voce del Paese\",\"description\":\"Un network di idee\",\"publisher\":{\"@id\":\"https:\\\/\\\/lavocedelpaese.info\\\/#organization\"},\"potentialAction\":[{\"@type\":\"SearchAction\",\"target\":{\"@type\":\"EntryPoint\",\"urlTemplate\":\"https:\\\/\\\/lavocedelpaese.info\\\/?s={search_term_string}\"},\"query-input\":{\"@type\":\"PropertyValueSpecification\",\"valueRequired\":true,\"valueName\":\"search_term_string\"}}],\"inLanguage\":\"it-IT\"},{\"@type\":\"Organization\",\"@id\":\"https:\\\/\\\/lavocedelpaese.info\\\/#organization\",\"name\":\"La Voce del Paese\",\"url\":\"https:\\\/\\\/lavocedelpaese.info\\\/\",\"logo\":{\"@type\":\"ImageObject\",\"inLanguage\":\"it-IT\",\"@id\":\"https:\\\/\\\/lavocedelpaese.info\\\/#\\\/schema\\\/logo\\\/image\\\/\",\"url\":\"https:\\\/\\\/lavocedelpaese.info\\\/wp-content\\\/uploads\\\/2023\\\/01\\\/cropped-logo-150-127.png\",\"contentUrl\":\"https:\\\/\\\/lavocedelpaese.info\\\/wp-content\\\/uploads\\\/2023\\\/01\\\/cropped-logo-150-127.png\",\"width\":137,\"height\":119,\"caption\":\"La Voce del Paese\"},\"image\":{\"@id\":\"https:\\\/\\\/lavocedelpaese.info\\\/#\\\/schema\\\/logo\\\/image\\\/\"},\"sameAs\":[\"https:\\\/\\\/www.facebook.com\\\/lavocedelpaese.info\"]}]}<\/script>\n<!-- \/ Yoast SEO plugin. -->","yoast_head_json":{"title":"Thuriae, domani arriva la capolista\u00a0\u200b - La Voce del Paese","robots":{"index":"index","follow":"follow","max-snippet":"max-snippet:-1","max-image-preview":"max-image-preview:large","max-video-preview":"max-video-preview:-1"},"canonical":"https:\/\/lavocedelpaese.info\/index.php\/2024\/10\/18\/thuriae-domani-arriva-la-capolista\/","og_locale":"it_IT","og_type":"article","og_title":"Thuriae, domani arriva la capolista\u00a0\u200b - La Voce del Paese","og_description":"\u00a0 \u200b\u00a0 \u200b\u00a0 Cambia l\u2019orario delle partite casalinghe: a partire da sabato, calcio di inizio alle 15:30 Sfida di fuoco","og_url":"https:\/\/lavocedelpaese.info\/index.php\/2024\/10\/18\/thuriae-domani-arriva-la-capolista\/","og_site_name":"La Voce del Paese","article_publisher":"https:\/\/www.facebook.com\/lavocedelpaese.info","article_published_time":"2024-10-18T18:16:35+00:00","twitter_card":"summary_large_image","twitter_misc":{"Tempo di lettura stimato":"2 minuti"},"schema":{"@context":"https:\/\/schema.org","@graph":[{"@type":"Article","@id":"https:\/\/lavocedelpaese.info\/index.php\/2024\/10\/18\/thuriae-domani-arriva-la-capolista\/#article","isPartOf":{"@id":"https:\/\/lavocedelpaese.info\/index.php\/2024\/10\/18\/thuriae-domani-arriva-la-capolista\/"},"author":{"name":"","@id":""},"headline":"Thuriae, domani arriva la capolista\u00a0\u200b","datePublished":"2024-10-18T18:16:35+00:00","mainEntityOfPage":{"@id":"https:\/\/lavocedelpaese.info\/index.php\/2024\/10\/18\/thuriae-domani-arriva-la-capolista\/"},"wordCount":416,"commentCount":0,"publisher":{"@id":"https:\/\/lavocedelpaese.info\/#organization"},"image":{"@id":"https:\/\/lavocedelpaese.info\/index.php\/2024\/10\/18\/thuriae-domani-arriva-la-capolista\/#primaryimage"},"thumbnailUrl":"https:\/\/lavocedelpaese.info\/wp-content\/uploads\/2024\/10\/thuriae-1-NfMVp1.png","articleSection":["network"],"inLanguage":"it-IT","potentialAction":[{"@type":"CommentAction","name":"Comment","target":["https:\/\/lavocedelpaese.info\/index.php\/2024\/10\/18\/thuriae-domani-arriva-la-capolista\/#respond"]}]},{"@type":"WebPage","@id":"https:\/\/lavocedelpaese.info\/index.php\/2024\/10\/18\/thuriae-domani-arriva-la-capolista\/","url":"https:\/\/lavocedelpaese.info\/index.php\/2024\/10\/18\/thuriae-domani-arriva-la-capolista\/","name":"Thuriae, domani arriva la capolista\u00a0\u200b - La Voce del Paese","isPartOf":{"@id":"https:\/\/lavocedelpaese.info\/#website"},"primaryImageOfPage":{"@id":"https:\/\/lavocedelpaese.info\/index.php\/2024\/10\/18\/thuriae-domani-arriva-la-capolista\/#primaryimage"},"image":{"@id":"https:\/\/lavocedelpaese.info\/index.php\/2024\/10\/18\/thuriae-domani-arriva-la-capolista\/#primaryimage"},"thumbnailUrl":"https:\/\/lavocedelpaese.info\/wp-content\/uploads\/2024\/10\/thuriae-1-NfMVp1.png","datePublished":"2024-10-18T18:16:35+00:00","breadcrumb":{"@id":"https:\/\/lavocedelpaese.info\/index.php\/2024\/10\/18\/thuriae-domani-arriva-la-capolista\/#breadcrumb"},"inLanguage":"it-IT","potentialAction":[{"@type":"ReadAction","target":["https:\/\/lavocedelpaese.info\/index.php\/2024\/10\/18\/thuriae-domani-arriva-la-capolista\/"]}]},{"@type":"ImageObject","inLanguage":"it-IT","@id":"https:\/\/lavocedelpaese.info\/index.php\/2024\/10\/18\/thuriae-domani-arriva-la-capolista\/#primaryimage","url":"https:\/\/lavocedelpaese.info\/wp-content\/uploads\/2024\/10\/thuriae-1-NfMVp1.png","contentUrl":"https:\/\/lavocedelpaese.info\/wp-content\/uploads\/2024\/10\/thuriae-1-NfMVp1.png","width":756,"height":756},{"@type":"BreadcrumbList","@id":"https:\/\/lavocedelpaese.info\/index.php\/2024\/10\/18\/thuriae-domani-arriva-la-capolista\/#breadcrumb","itemListElement":[{"@type":"ListItem","position":1,"name":"Home","item":"https:\/\/lavocedelpaese.info\/"},{"@type":"ListItem","position":2,"name":"Thuriae, domani arriva la capolista\u00a0\u200b"}]},{"@type":"WebSite","@id":"https:\/\/lavocedelpaese.info\/#website","url":"https:\/\/lavocedelpaese.info\/","name":"La Voce del Paese","description":"Un network di idee","publisher":{"@id":"https:\/\/lavocedelpaese.info\/#organization"},"potentialAction":[{"@type":"SearchAction","target":{"@type":"EntryPoint","urlTemplate":"https:\/\/lavocedelpaese.info\/?s={search_term_string}"},"query-input":{"@type":"PropertyValueSpecification","valueRequired":true,"valueName":"search_term_string"}}],"inLanguage":"it-IT"},{"@type":"Organization","@id":"https:\/\/lavocedelpaese.info\/#organization","name":"La Voce del Paese","url":"https:\/\/lavocedelpaese.info\/","logo":{"@type":"ImageObject","inLanguage":"it-IT","@id":"https:\/\/lavocedelpaese.info\/#\/schema\/logo\/image\/","url":"https:\/\/lavocedelpaese.info\/wp-content\/uploads\/2023\/01\/cropped-logo-150-127.png","contentUrl":"https:\/\/lavocedelpaese.info\/wp-content\/uploads\/2023\/01\/cropped-logo-150-127.png","width":137,"height":119,"caption":"La Voce del Paese"},"image":{"@id":"https:\/\/lavocedelpaese.info\/#\/schema\/logo\/image\/"},"sameAs":["https:\/\/www.facebook.com\/lavocedelpaese.info"]}]}},"_links":{"self":[{"href":"https:\/\/lavocedelpaese.info\/index.php\/wp-json\/wp\/v2\/posts\/8162","targetHints":{"allow":["GET"]}}],"collection":[{"href":"https:\/\/lavocedelpaese.info\/index.php\/wp-json\/wp\/v2\/posts"}],"about":[{"href":"https:\/\/lavocedelpaese.info\/index.php\/wp-json\/wp\/v2\/types\/post"}],"replies":[{"embeddable":true,"href":"https:\/\/lavocedelpaese.info\/index.php\/wp-json\/wp\/v2\/comments?post=8162"}],"version-history":[{"count":0,"href":"https:\/\/lavocedelpaese.info\/index.php\/wp-json\/wp\/v2\/posts\/8162\/revisions"}],"wp:featuredmedia":[{"embeddable":true,"href":"https:\/\/lavocedelpaese.info\/index.php\/wp-json\/wp\/v2\/media\/8163"}],"wp:attachment":[{"href":"https:\/\/lavocedelpaese.info\/index.php\/wp-json\/wp\/v2\/media?parent=8162"}],"wp:term":[{"taxonomy":"category","embeddable":true,"href":"https:\/\/lavocedelpaese.info\/index.php\/wp-json\/wp\/v2\/categories?post=8162"},{"taxonomy":"post_tag","embeddable":true,"href":"https:\/\/lavocedelpaese.info\/index.php\/wp-json\/wp\/v2\/tags?post=8162"}],"curies":[{"name":"wp","href":"https:\/\/api.w.org\/{rel}","templated":true}]}}