{"id":8155,"date":"2024-10-18T09:14:20","date_gmt":"2024-10-18T09:14:20","guid":{"rendered":"https:\/\/lavocedelpaese.info\/index.php\/2024\/10\/18\/liiss-pertini-anelli-pinto-apre-le-porte-al-mondo\/"},"modified":"2024-10-18T09:14:20","modified_gmt":"2024-10-18T09:14:20","slug":"liiss-pertini-anelli-pinto-apre-le-porte-al-mondo","status":"publish","type":"post","link":"https:\/\/lavocedelpaese.info\/index.php\/2024\/10\/18\/liiss-pertini-anelli-pinto-apre-le-porte-al-mondo\/","title":{"rendered":"L\u2019IISS \u201cPertini Anelli Pinto\u201d apre le porte al mondo\u00a0\u200b"},"content":{"rendered":"<p>\u00a0<\/p>\n<p>\u200b\u00a0<\/p>\n<p>\u200b\u00a0<\/p>\n<div><\/div>\n<h4 class=\"wp-block-heading\"><strong>Scambi culturali e borse di studio con \u201cAFS Intercultura\u201d per promuovere il multiculturalismo<\/strong><\/h4>\n<p>L\u2019IISS \u201cPertini Anelli Pinto\u201d si distingue nel territorio per la sua spiccata attenzione nei confronti dello studio delle lingue straniere e per la promozione di tutte le iniziative utili a favorire la permanenza degli studenti all\u2019estero attraverso iniziative di vario tipo. Tra queste citiamo gli Erasmus interamente finanziati dalla Comunit\u00e0 Europea e i soggiorni proposti da \u201cIntercultura\u201d.<\/p>\n<p>Sabato 12 ottobre, come ogni anno, si \u00e8 rinnovata la consuetudine di ospitare presso l\u2019Istituto la onlus <strong>AFS INTERCULTURA<\/strong> che, con le sue borse di studio all\u2019estero, da tempo promuove valori come l\u2019apertura alle diverse culture e il dialogo tra i popoli. L\u2019evento, organizzato come sempre dalla prof.ssa <strong>Loredana Salvatore<\/strong>, ha visto la partecipazione di due volontari appartenenti al centro locale di Putignano: la prof.ssa <strong>Nadine Nicolai <\/strong>ed il prof. <strong>Francesco Palmisano<\/strong>.<\/p>\n<p>Durante l\u2019incontro i due ospiti hanno illustrato agli studenti del secondo e terzo anno la storia di questo ente da sempre impegnato nell\u2019attribuzione di borse di studio all\u2019estero per gli studenti desiderosi di mettersi alla prova in realt\u00e0 completamente diverse dalle proprie. Scopo principale della promozione di questi programmi \u00e8 proprio quello di far apprezzare ai giovani tutto ci\u00f2 che ci accomuna ma anche, cosa ben pi\u00f9 importante, ci\u00f2 che ci differenzia dalle altre culture poich\u00e9 il multiculturalismo e la sua piena accettazione e valorizzazione concorrono a formare individui pi\u00f9 tolleranti e pronti a svolgere un ruolo attivo nella societ\u00e0.<\/p>\n<p>Dapprima coinvolti dalla testimonianza di borsisti eccellenti come <strong>Samantha Cristoforetti <\/strong>e<strong> Luca Parmitano<\/strong>, gli studenti hanno potuto successivamente visionare foto e video relativi a studenti stranieri ospitati dal Pertini e di una studentessa che ha trascorso un semestre all\u2019estero. L\u2019esperienza, al contempo entusiasmante e ricca di sfide, pone i ragazzi in una situazione nuova e diversa. In alcuni casi essi si trovano per la prima volta lontani dagli adulti di riferimento e quindi devono affrontare le piccole e grandi situazioni problematiche potendo contare prioritariamente sulle proprie capacit\u00e0. Proprio la necessit\u00e0 di fronteggiare le difficolt\u00e0 in autonomia promuove in loro un notevole processo di crescita e sviluppa abilit\u00e0 comunicative, relazionali e culturali di grande rilievo. Attualmente una studentessa dell\u2019Istituto \u00e8 impegnata in un periodo di studi in Ungheria e sta vivendo la meravigliosa esperienza di condividere la routine quotidiana presso una famiglia ospitante attentamente selezionata. Federica Gonnella, questo \u00e8 il suo nome, sta frequentando un Istituto d\u2019Istruzione Superiore simile al suo in Italia e, al rientro non solo avr\u00e0 nel suo bagaglio esperienziale un\u2019esperienza formativa dal gradissimo impatto ma potr\u00e0 proseguire serenamente il suo percorso di studi.<\/p>\n<p>La parte conclusiva dell\u2019incontro ha visto il sig. Palmisano illustrare tutte le possibilit\u00e0 relative alla scelta delle destinazioni insieme alle modalit\u00e0 per concorrere all\u2019assegnazione delle borse di studio che hanno come scadenza la data del 10 novembre.<\/p>\n<p><a class=\"a2a_button_facebook\" href=\"https:\/\/www.addtoany.com\/add_to\/facebook?linkurl=https%3A%2F%2Fturi.lavocedelpaese.info%2Fliiss-pertini-anelli-pinto-apre-le-porte-al-mondo%2F&amp;linkname=L%E2%80%99IISS%20%E2%80%9CPertini%20Anelli%20Pinto%E2%80%9D%20apre%20le%20porte%20al%20mondo\" title=\"Facebook\" target=\"_blank\" rel=\"noopener\"><\/a><a class=\"a2a_button_twitter\" href=\"https:\/\/www.addtoany.com\/add_to\/twitter?linkurl=https%3A%2F%2Fturi.lavocedelpaese.info%2Fliiss-pertini-anelli-pinto-apre-le-porte-al-mondo%2F&amp;linkname=L%E2%80%99IISS%20%E2%80%9CPertini%20Anelli%20Pinto%E2%80%9D%20apre%20le%20porte%20al%20mondo\" title=\"Twitter\" target=\"_blank\" rel=\"noopener\"><\/a><a class=\"a2a_button_whatsapp\" href=\"https:\/\/www.addtoany.com\/add_to\/whatsapp?linkurl=https%3A%2F%2Fturi.lavocedelpaese.info%2Fliiss-pertini-anelli-pinto-apre-le-porte-al-mondo%2F&amp;linkname=L%E2%80%99IISS%20%E2%80%9CPertini%20Anelli%20Pinto%E2%80%9D%20apre%20le%20porte%20al%20mondo\" title=\"WhatsApp\" target=\"_blank\" rel=\"noopener\"><\/a><a class=\"a2a_button_telegram\" href=\"https:\/\/www.addtoany.com\/add_to\/telegram?linkurl=https%3A%2F%2Fturi.lavocedelpaese.info%2Fliiss-pertini-anelli-pinto-apre-le-porte-al-mondo%2F&amp;linkname=L%E2%80%99IISS%20%E2%80%9CPertini%20Anelli%20Pinto%E2%80%9D%20apre%20le%20porte%20al%20mondo\" title=\"Telegram\" target=\"_blank\" rel=\"noopener\"><\/a><a class=\"a2a_button_email\" href=\"https:\/\/www.addtoany.com\/add_to\/email?linkurl=https%3A%2F%2Fturi.lavocedelpaese.info%2Fliiss-pertini-anelli-pinto-apre-le-porte-al-mondo%2F&amp;linkname=L%E2%80%99IISS%20%E2%80%9CPertini%20Anelli%20Pinto%E2%80%9D%20apre%20le%20porte%20al%20mondo\" title=\"Email\" target=\"_blank\" rel=\"noopener\"><\/a><\/p>\n<p>L&#8217;articolo <a href=\"https:\/\/turi.lavocedelpaese.info\/liiss-pertini-anelli-pinto-apre-le-porte-al-mondo\/\">L\u2019IISS \u201cPertini Anelli Pinto\u201d apre le porte al mondo<\/a> proviene da <a href=\"https:\/\/turi.lavocedelpaese.info\/\">Turi &#8211; La Voce del Paese<\/a>.<\/p>\n<p>\u00a0<\/p>\n<p>\u00a0<\/p>\n<p>\u200b\u00a0\u00a0\u00a0<\/p>","protected":false},"excerpt":{"rendered":"<p>\u00a0 \u200b\u00a0 \u200b\u00a0 Scambi culturali e borse di studio con \u201cAFS Intercultura\u201d per promuovere il multiculturalismo L\u2019IISS \u201cPertini Anelli Pinto\u201d<\/p>\n","protected":false},"author":0,"featured_media":8156,"comment_status":"open","ping_status":"closed","sticky":false,"template":"","format":"standard","meta":{"colormag_page_container_layout":"default_layout","colormag_page_sidebar_layout":"default_layout","footnotes":""},"categories":[33],"tags":[],"class_list":["post-8155","post","type-post","status-publish","format-standard","has-post-thumbnail","hentry","category-network"],"yoast_head":"<!-- This site is optimized with the Yoast SEO plugin v27.5 - https:\/\/yoast.com\/product\/yoast-seo-wordpress\/ -->\n<title>L\u2019IISS \u201cPertini Anelli Pinto\u201d apre le porte al mondo\u00a0\u200b - La Voce del Paese<\/title>\n<meta name=\"robots\" content=\"index, follow, max-snippet:-1, max-image-preview:large, max-video-preview:-1\" \/>\n<link rel=\"canonical\" href=\"https:\/\/lavocedelpaese.info\/index.php\/2024\/10\/18\/liiss-pertini-anelli-pinto-apre-le-porte-al-mondo\/\" \/>\n<meta property=\"og:locale\" content=\"it_IT\" \/>\n<meta property=\"og:type\" content=\"article\" \/>\n<meta property=\"og:title\" content=\"L\u2019IISS \u201cPertini Anelli Pinto\u201d apre le porte al mondo\u00a0\u200b - La Voce del Paese\" \/>\n<meta property=\"og:description\" content=\"\u00a0 \u200b\u00a0 \u200b\u00a0 Scambi culturali e borse di studio con \u201cAFS Intercultura\u201d per promuovere il multiculturalismo L\u2019IISS \u201cPertini Anelli Pinto\u201d\" \/>\n<meta property=\"og:url\" content=\"https:\/\/lavocedelpaese.info\/index.php\/2024\/10\/18\/liiss-pertini-anelli-pinto-apre-le-porte-al-mondo\/\" \/>\n<meta property=\"og:site_name\" content=\"La Voce del Paese\" \/>\n<meta property=\"article:publisher\" content=\"https:\/\/www.facebook.com\/lavocedelpaese.info\" \/>\n<meta property=\"article:published_time\" content=\"2024-10-18T09:14:20+00:00\" \/>\n<meta name=\"twitter:card\" content=\"summary_large_image\" \/>\n<meta name=\"twitter:label1\" content=\"Tempo di lettura stimato\" \/>\n\t<meta name=\"twitter:data1\" content=\"2 minuti\" \/>\n<script type=\"application\/ld+json\" class=\"yoast-schema-graph\">{\"@context\":\"https:\\\/\\\/schema.org\",\"@graph\":[{\"@type\":\"Article\",\"@id\":\"https:\\\/\\\/lavocedelpaese.info\\\/index.php\\\/2024\\\/10\\\/18\\\/liiss-pertini-anelli-pinto-apre-le-porte-al-mondo\\\/#article\",\"isPartOf\":{\"@id\":\"https:\\\/\\\/lavocedelpaese.info\\\/index.php\\\/2024\\\/10\\\/18\\\/liiss-pertini-anelli-pinto-apre-le-porte-al-mondo\\\/\"},\"author\":{\"name\":\"\",\"@id\":\"\"},\"headline\":\"L\u2019IISS \u201cPertini Anelli Pinto\u201d apre le porte al mondo\u00a0\u200b\",\"datePublished\":\"2024-10-18T09:14:20+00:00\",\"mainEntityOfPage\":{\"@id\":\"https:\\\/\\\/lavocedelpaese.info\\\/index.php\\\/2024\\\/10\\\/18\\\/liiss-pertini-anelli-pinto-apre-le-porte-al-mondo\\\/\"},\"wordCount\":507,\"commentCount\":0,\"publisher\":{\"@id\":\"https:\\\/\\\/lavocedelpaese.info\\\/#organization\"},\"image\":{\"@id\":\"https:\\\/\\\/lavocedelpaese.info\\\/index.php\\\/2024\\\/10\\\/18\\\/liiss-pertini-anelli-pinto-apre-le-porte-al-mondo\\\/#primaryimage\"},\"thumbnailUrl\":\"https:\\\/\\\/lavocedelpaese.info\\\/wp-content\\\/uploads\\\/2024\\\/10\\\/intercultura-pertini-1-1024x714-RLJViQ.jpeg\",\"articleSection\":[\"network\"],\"inLanguage\":\"it-IT\",\"potentialAction\":[{\"@type\":\"CommentAction\",\"name\":\"Comment\",\"target\":[\"https:\\\/\\\/lavocedelpaese.info\\\/index.php\\\/2024\\\/10\\\/18\\\/liiss-pertini-anelli-pinto-apre-le-porte-al-mondo\\\/#respond\"]}]},{\"@type\":\"WebPage\",\"@id\":\"https:\\\/\\\/lavocedelpaese.info\\\/index.php\\\/2024\\\/10\\\/18\\\/liiss-pertini-anelli-pinto-apre-le-porte-al-mondo\\\/\",\"url\":\"https:\\\/\\\/lavocedelpaese.info\\\/index.php\\\/2024\\\/10\\\/18\\\/liiss-pertini-anelli-pinto-apre-le-porte-al-mondo\\\/\",\"name\":\"L\u2019IISS \u201cPertini Anelli Pinto\u201d apre le porte al mondo\u00a0\u200b - La Voce del Paese\",\"isPartOf\":{\"@id\":\"https:\\\/\\\/lavocedelpaese.info\\\/#website\"},\"primaryImageOfPage\":{\"@id\":\"https:\\\/\\\/lavocedelpaese.info\\\/index.php\\\/2024\\\/10\\\/18\\\/liiss-pertini-anelli-pinto-apre-le-porte-al-mondo\\\/#primaryimage\"},\"image\":{\"@id\":\"https:\\\/\\\/lavocedelpaese.info\\\/index.php\\\/2024\\\/10\\\/18\\\/liiss-pertini-anelli-pinto-apre-le-porte-al-mondo\\\/#primaryimage\"},\"thumbnailUrl\":\"https:\\\/\\\/lavocedelpaese.info\\\/wp-content\\\/uploads\\\/2024\\\/10\\\/intercultura-pertini-1-1024x714-RLJViQ.jpeg\",\"datePublished\":\"2024-10-18T09:14:20+00:00\",\"breadcrumb\":{\"@id\":\"https:\\\/\\\/lavocedelpaese.info\\\/index.php\\\/2024\\\/10\\\/18\\\/liiss-pertini-anelli-pinto-apre-le-porte-al-mondo\\\/#breadcrumb\"},\"inLanguage\":\"it-IT\",\"potentialAction\":[{\"@type\":\"ReadAction\",\"target\":[\"https:\\\/\\\/lavocedelpaese.info\\\/index.php\\\/2024\\\/10\\\/18\\\/liiss-pertini-anelli-pinto-apre-le-porte-al-mondo\\\/\"]}]},{\"@type\":\"ImageObject\",\"inLanguage\":\"it-IT\",\"@id\":\"https:\\\/\\\/lavocedelpaese.info\\\/index.php\\\/2024\\\/10\\\/18\\\/liiss-pertini-anelli-pinto-apre-le-porte-al-mondo\\\/#primaryimage\",\"url\":\"https:\\\/\\\/lavocedelpaese.info\\\/wp-content\\\/uploads\\\/2024\\\/10\\\/intercultura-pertini-1-1024x714-RLJViQ.jpeg\",\"contentUrl\":\"https:\\\/\\\/lavocedelpaese.info\\\/wp-content\\\/uploads\\\/2024\\\/10\\\/intercultura-pertini-1-1024x714-RLJViQ.jpeg\",\"width\":1000,\"height\":697},{\"@type\":\"BreadcrumbList\",\"@id\":\"https:\\\/\\\/lavocedelpaese.info\\\/index.php\\\/2024\\\/10\\\/18\\\/liiss-pertini-anelli-pinto-apre-le-porte-al-mondo\\\/#breadcrumb\",\"itemListElement\":[{\"@type\":\"ListItem\",\"position\":1,\"name\":\"Home\",\"item\":\"https:\\\/\\\/lavocedelpaese.info\\\/\"},{\"@type\":\"ListItem\",\"position\":2,\"name\":\"L\u2019IISS \u201cPertini Anelli Pinto\u201d apre le porte al mondo\u00a0\u200b\"}]},{\"@type\":\"WebSite\",\"@id\":\"https:\\\/\\\/lavocedelpaese.info\\\/#website\",\"url\":\"https:\\\/\\\/lavocedelpaese.info\\\/\",\"name\":\"La Voce del Paese\",\"description\":\"Un network di idee\",\"publisher\":{\"@id\":\"https:\\\/\\\/lavocedelpaese.info\\\/#organization\"},\"potentialAction\":[{\"@type\":\"SearchAction\",\"target\":{\"@type\":\"EntryPoint\",\"urlTemplate\":\"https:\\\/\\\/lavocedelpaese.info\\\/?s={search_term_string}\"},\"query-input\":{\"@type\":\"PropertyValueSpecification\",\"valueRequired\":true,\"valueName\":\"search_term_string\"}}],\"inLanguage\":\"it-IT\"},{\"@type\":\"Organization\",\"@id\":\"https:\\\/\\\/lavocedelpaese.info\\\/#organization\",\"name\":\"La Voce del Paese\",\"url\":\"https:\\\/\\\/lavocedelpaese.info\\\/\",\"logo\":{\"@type\":\"ImageObject\",\"inLanguage\":\"it-IT\",\"@id\":\"https:\\\/\\\/lavocedelpaese.info\\\/#\\\/schema\\\/logo\\\/image\\\/\",\"url\":\"https:\\\/\\\/lavocedelpaese.info\\\/wp-content\\\/uploads\\\/2023\\\/01\\\/cropped-logo-150-127.png\",\"contentUrl\":\"https:\\\/\\\/lavocedelpaese.info\\\/wp-content\\\/uploads\\\/2023\\\/01\\\/cropped-logo-150-127.png\",\"width\":137,\"height\":119,\"caption\":\"La Voce del Paese\"},\"image\":{\"@id\":\"https:\\\/\\\/lavocedelpaese.info\\\/#\\\/schema\\\/logo\\\/image\\\/\"},\"sameAs\":[\"https:\\\/\\\/www.facebook.com\\\/lavocedelpaese.info\"]}]}<\/script>\n<!-- \/ Yoast SEO plugin. -->","yoast_head_json":{"title":"L\u2019IISS \u201cPertini Anelli Pinto\u201d apre le porte al mondo\u00a0\u200b - La Voce del Paese","robots":{"index":"index","follow":"follow","max-snippet":"max-snippet:-1","max-image-preview":"max-image-preview:large","max-video-preview":"max-video-preview:-1"},"canonical":"https:\/\/lavocedelpaese.info\/index.php\/2024\/10\/18\/liiss-pertini-anelli-pinto-apre-le-porte-al-mondo\/","og_locale":"it_IT","og_type":"article","og_title":"L\u2019IISS \u201cPertini Anelli Pinto\u201d apre le porte al mondo\u00a0\u200b - La Voce del Paese","og_description":"\u00a0 \u200b\u00a0 \u200b\u00a0 Scambi culturali e borse di studio con \u201cAFS Intercultura\u201d per promuovere il multiculturalismo L\u2019IISS \u201cPertini Anelli Pinto\u201d","og_url":"https:\/\/lavocedelpaese.info\/index.php\/2024\/10\/18\/liiss-pertini-anelli-pinto-apre-le-porte-al-mondo\/","og_site_name":"La Voce del Paese","article_publisher":"https:\/\/www.facebook.com\/lavocedelpaese.info","article_published_time":"2024-10-18T09:14:20+00:00","twitter_card":"summary_large_image","twitter_misc":{"Tempo di lettura stimato":"2 minuti"},"schema":{"@context":"https:\/\/schema.org","@graph":[{"@type":"Article","@id":"https:\/\/lavocedelpaese.info\/index.php\/2024\/10\/18\/liiss-pertini-anelli-pinto-apre-le-porte-al-mondo\/#article","isPartOf":{"@id":"https:\/\/lavocedelpaese.info\/index.php\/2024\/10\/18\/liiss-pertini-anelli-pinto-apre-le-porte-al-mondo\/"},"author":{"name":"","@id":""},"headline":"L\u2019IISS \u201cPertini Anelli Pinto\u201d apre le porte al mondo\u00a0\u200b","datePublished":"2024-10-18T09:14:20+00:00","mainEntityOfPage":{"@id":"https:\/\/lavocedelpaese.info\/index.php\/2024\/10\/18\/liiss-pertini-anelli-pinto-apre-le-porte-al-mondo\/"},"wordCount":507,"commentCount":0,"publisher":{"@id":"https:\/\/lavocedelpaese.info\/#organization"},"image":{"@id":"https:\/\/lavocedelpaese.info\/index.php\/2024\/10\/18\/liiss-pertini-anelli-pinto-apre-le-porte-al-mondo\/#primaryimage"},"thumbnailUrl":"https:\/\/lavocedelpaese.info\/wp-content\/uploads\/2024\/10\/intercultura-pertini-1-1024x714-RLJViQ.jpeg","articleSection":["network"],"inLanguage":"it-IT","potentialAction":[{"@type":"CommentAction","name":"Comment","target":["https:\/\/lavocedelpaese.info\/index.php\/2024\/10\/18\/liiss-pertini-anelli-pinto-apre-le-porte-al-mondo\/#respond"]}]},{"@type":"WebPage","@id":"https:\/\/lavocedelpaese.info\/index.php\/2024\/10\/18\/liiss-pertini-anelli-pinto-apre-le-porte-al-mondo\/","url":"https:\/\/lavocedelpaese.info\/index.php\/2024\/10\/18\/liiss-pertini-anelli-pinto-apre-le-porte-al-mondo\/","name":"L\u2019IISS \u201cPertini Anelli Pinto\u201d apre le porte al mondo\u00a0\u200b - La Voce del Paese","isPartOf":{"@id":"https:\/\/lavocedelpaese.info\/#website"},"primaryImageOfPage":{"@id":"https:\/\/lavocedelpaese.info\/index.php\/2024\/10\/18\/liiss-pertini-anelli-pinto-apre-le-porte-al-mondo\/#primaryimage"},"image":{"@id":"https:\/\/lavocedelpaese.info\/index.php\/2024\/10\/18\/liiss-pertini-anelli-pinto-apre-le-porte-al-mondo\/#primaryimage"},"thumbnailUrl":"https:\/\/lavocedelpaese.info\/wp-content\/uploads\/2024\/10\/intercultura-pertini-1-1024x714-RLJViQ.jpeg","datePublished":"2024-10-18T09:14:20+00:00","breadcrumb":{"@id":"https:\/\/lavocedelpaese.info\/index.php\/2024\/10\/18\/liiss-pertini-anelli-pinto-apre-le-porte-al-mondo\/#breadcrumb"},"inLanguage":"it-IT","potentialAction":[{"@type":"ReadAction","target":["https:\/\/lavocedelpaese.info\/index.php\/2024\/10\/18\/liiss-pertini-anelli-pinto-apre-le-porte-al-mondo\/"]}]},{"@type":"ImageObject","inLanguage":"it-IT","@id":"https:\/\/lavocedelpaese.info\/index.php\/2024\/10\/18\/liiss-pertini-anelli-pinto-apre-le-porte-al-mondo\/#primaryimage","url":"https:\/\/lavocedelpaese.info\/wp-content\/uploads\/2024\/10\/intercultura-pertini-1-1024x714-RLJViQ.jpeg","contentUrl":"https:\/\/lavocedelpaese.info\/wp-content\/uploads\/2024\/10\/intercultura-pertini-1-1024x714-RLJViQ.jpeg","width":1000,"height":697},{"@type":"BreadcrumbList","@id":"https:\/\/lavocedelpaese.info\/index.php\/2024\/10\/18\/liiss-pertini-anelli-pinto-apre-le-porte-al-mondo\/#breadcrumb","itemListElement":[{"@type":"ListItem","position":1,"name":"Home","item":"https:\/\/lavocedelpaese.info\/"},{"@type":"ListItem","position":2,"name":"L\u2019IISS \u201cPertini Anelli Pinto\u201d apre le porte al mondo\u00a0\u200b"}]},{"@type":"WebSite","@id":"https:\/\/lavocedelpaese.info\/#website","url":"https:\/\/lavocedelpaese.info\/","name":"La Voce del Paese","description":"Un network di idee","publisher":{"@id":"https:\/\/lavocedelpaese.info\/#organization"},"potentialAction":[{"@type":"SearchAction","target":{"@type":"EntryPoint","urlTemplate":"https:\/\/lavocedelpaese.info\/?s={search_term_string}"},"query-input":{"@type":"PropertyValueSpecification","valueRequired":true,"valueName":"search_term_string"}}],"inLanguage":"it-IT"},{"@type":"Organization","@id":"https:\/\/lavocedelpaese.info\/#organization","name":"La Voce del Paese","url":"https:\/\/lavocedelpaese.info\/","logo":{"@type":"ImageObject","inLanguage":"it-IT","@id":"https:\/\/lavocedelpaese.info\/#\/schema\/logo\/image\/","url":"https:\/\/lavocedelpaese.info\/wp-content\/uploads\/2023\/01\/cropped-logo-150-127.png","contentUrl":"https:\/\/lavocedelpaese.info\/wp-content\/uploads\/2023\/01\/cropped-logo-150-127.png","width":137,"height":119,"caption":"La Voce del Paese"},"image":{"@id":"https:\/\/lavocedelpaese.info\/#\/schema\/logo\/image\/"},"sameAs":["https:\/\/www.facebook.com\/lavocedelpaese.info"]}]}},"_links":{"self":[{"href":"https:\/\/lavocedelpaese.info\/index.php\/wp-json\/wp\/v2\/posts\/8155","targetHints":{"allow":["GET"]}}],"collection":[{"href":"https:\/\/lavocedelpaese.info\/index.php\/wp-json\/wp\/v2\/posts"}],"about":[{"href":"https:\/\/lavocedelpaese.info\/index.php\/wp-json\/wp\/v2\/types\/post"}],"replies":[{"embeddable":true,"href":"https:\/\/lavocedelpaese.info\/index.php\/wp-json\/wp\/v2\/comments?post=8155"}],"version-history":[{"count":0,"href":"https:\/\/lavocedelpaese.info\/index.php\/wp-json\/wp\/v2\/posts\/8155\/revisions"}],"wp:featuredmedia":[{"embeddable":true,"href":"https:\/\/lavocedelpaese.info\/index.php\/wp-json\/wp\/v2\/media\/8156"}],"wp:attachment":[{"href":"https:\/\/lavocedelpaese.info\/index.php\/wp-json\/wp\/v2\/media?parent=8155"}],"wp:term":[{"taxonomy":"category","embeddable":true,"href":"https:\/\/lavocedelpaese.info\/index.php\/wp-json\/wp\/v2\/categories?post=8155"},{"taxonomy":"post_tag","embeddable":true,"href":"https:\/\/lavocedelpaese.info\/index.php\/wp-json\/wp\/v2\/tags?post=8155"}],"curies":[{"name":"wp","href":"https:\/\/api.w.org\/{rel}","templated":true}]}}