{"id":8153,"date":"2024-10-18T07:21:33","date_gmt":"2024-10-18T07:21:33","guid":{"rendered":"https:\/\/lavocedelpaese.info\/index.php\/2024\/10\/18\/in-taberna-quando-sumus-il-26-ottobre-la-terza-edizione\/"},"modified":"2024-10-18T07:21:33","modified_gmt":"2024-10-18T07:21:33","slug":"in-taberna-quando-sumus-il-26-ottobre-la-terza-edizione","status":"publish","type":"post","link":"https:\/\/lavocedelpaese.info\/index.php\/2024\/10\/18\/in-taberna-quando-sumus-il-26-ottobre-la-terza-edizione\/","title":{"rendered":"\u201cIn taberna quando sumus\u201d: il 26 ottobre la terza edizione\u00a0\u200b"},"content":{"rendered":"<p>\u00a0<\/p>\n<p>\u200b\u00a0<\/p>\n<p>\u200b\u00a0<\/p>\n<p>Sabato 26 ottobre, il borgo antico di Cassano delle Murge si trasformer\u00e0 in un luogo incantato grazie alla terza edizione di \u201cIn Taberna Quando Sumus\u201d. Questa manifestazione celebra l\u2019autunno, una stagione che risveglia l\u2019anima e invita a riscoprire il valore profondo delle nostre radici e tradizioni. Quando i colli della Murgia si tingono dei caldi colori autunnali e nell\u2019aria si diffonde il profumo delle foglie cadenti, il borgo si prepara a vivere una serata indimenticabile, in cui la magia della stagione e l\u2019autenticit\u00e0 della terra murgiana si incontrano per regalare momenti di gioia e condivisione.<\/p>\n<p><strong>Un\u2019atmosfera unica<\/strong>\u00a0<\/p>\n<p>L\u2019evento propone un\u2019esperienza avvolgente, dove le strade del centro storico si animano tra luci soffuse, musica e il profumo dei sapori tipici della terra murgiana. La comunit\u00e0 si riunir\u00e0 per brindare, degustare vino e partecipare a un evento che \u00e8 molto pi\u00f9 di una semplice festa: \u00e8 un\u2019occasione di condivisione e di riscoperta delle antiche tradizioni che da sempre caratterizzano il nostro territorio.<\/p>\n<p><strong>Le parole del Sindaco Davide Del Re<\/strong><br \/>\u00abCon questa manifestazione che porta indietro nel tempo, vogliamo dare nuova linfa al nostro borgo, mettendo al centro l\u2019identit\u00e0 della nostra terra, fatta di eccellenze enogastronomiche e di cultura. Cassano delle Murge \u00e8 un luogo dove la tradizione si intreccia con l\u2019innovazione, e questa iniziativa ne \u00e8 l\u2019esempio perfetto. Vi invitiamo tutti a unirvi a noi per celebrare insieme la magia dell\u2019autunno\u00bb.<\/p>\n<p><strong>Il contributo dell\u2019Amministrazione<\/strong><br \/>\u00abQuesto evento \u00e8 un\u2019occasione unica per mettere in risalto le eccellenze enogastronomiche del nostro territorio, che rappresentano l\u2019anima della Murgia e di tutta la Puglia \u2013 dichiarano l\u2019Assessore all\u2019Agricoltura Rocco Lapadula e la Consigliera Rossana Angiulo. \u2013 Vogliamo ringraziare gli abitanti del borgo antico, veri custodi delle nostre tradizioni, per il loro prezioso contributo, e Apulia Country Pro Loco EPLI per il fondamentale supporto organizzativo. Senza il loro impegno e la loro passione, \u201cIn Taberna Quando Sumus\u201d non sarebbe possibile. Questa manifestazione \u00e8 la dimostrazione di come la comunit\u00e0 e le eccellenze locali possano unirsi per creare un evento di grande valore\u00bb.<\/p>\n<p><strong>Perch\u00e9 \u201cIn Taberna Quando Sumus\u201d?<\/strong><br \/>Il nome dell\u2019evento prende ispirazione da una celebre canzone goliardica medievale contenuta nei \u201cCarmina Burana\u201d, un inno alla spensieratezza e ai piaceri della vita. Nelle antiche taverne, infatti, ci si riuniva per condividere buon cibo e vino, all\u2019insegna della convivialit\u00e0 e della leggerezza d\u2019animo. \u201cIn Taberna Quando Sumus\u201d vuole evocare proprio questo spirito, trasformando il borgo di Cassano delle Murge in un luogo dove ci si ritrova per celebrare i piaceri dell\u2019autunno, del buon vino e della compagnia, senza pensieri e con il cuore aperto alla gioia.<\/p>\n<p><strong>Programma della serata<\/strong><\/p>\n<p><em>19.30<\/em>\u00a0\u2013 Via Roma: Mostra di disegni a cura dei bambini della Scuola Infanzia.<\/p>\n<p><em>20.00<\/em>\u00a0\u2013 Piazza Moro e Borgo Antico: Apertura degli stand di artigianato ed enogastronomici, con 8 cantine e 11 stand gastronomici; per le strade figuranti in abiti medievali a cura di \u201cBrvndisim Historica\u201d e musica itinerante con la band \u201cSotto alle Casere Vostre\u201d.<\/p>\n<p><em>20.30<\/em>\u00a0\u2013 Piazza Moro: Lettura di poesie in vernacolo a cura di Lucia Siciliani, Tonino Caponio e Franca Campanale.<\/p>\n<p><em>21.00<\/em>\u00a0\u2013 Piazza Moro: Balli popolari e ritmi tradizionali a cura dell\u2019Universit\u00e0 della Terza Et\u00e0.<\/p>\n<p><a class=\"a2a_button_facebook\" href=\"https:\/\/www.addtoany.com\/add_to\/facebook?linkurl=https%3A%2F%2Fcassano.lavocedelpaese.info%2Fin-taberna-quando-sumus-il-26-ottobre-la-terza-edizione%2F&amp;linkname=%E2%80%9CIn%20taberna%20quando%20sumus%E2%80%9D%3A%20il%2026%20ottobre%20la%20terza%20edizione\" title=\"Facebook\" target=\"_blank\" rel=\"noopener\"><\/a><a class=\"a2a_button_twitter\" href=\"https:\/\/www.addtoany.com\/add_to\/twitter?linkurl=https%3A%2F%2Fcassano.lavocedelpaese.info%2Fin-taberna-quando-sumus-il-26-ottobre-la-terza-edizione%2F&amp;linkname=%E2%80%9CIn%20taberna%20quando%20sumus%E2%80%9D%3A%20il%2026%20ottobre%20la%20terza%20edizione\" title=\"Twitter\" target=\"_blank\" rel=\"noopener\"><\/a><a class=\"a2a_button_whatsapp\" href=\"https:\/\/www.addtoany.com\/add_to\/whatsapp?linkurl=https%3A%2F%2Fcassano.lavocedelpaese.info%2Fin-taberna-quando-sumus-il-26-ottobre-la-terza-edizione%2F&amp;linkname=%E2%80%9CIn%20taberna%20quando%20sumus%E2%80%9D%3A%20il%2026%20ottobre%20la%20terza%20edizione\" title=\"WhatsApp\" target=\"_blank\" rel=\"noopener\"><\/a><a class=\"a2a_button_telegram\" href=\"https:\/\/www.addtoany.com\/add_to\/telegram?linkurl=https%3A%2F%2Fcassano.lavocedelpaese.info%2Fin-taberna-quando-sumus-il-26-ottobre-la-terza-edizione%2F&amp;linkname=%E2%80%9CIn%20taberna%20quando%20sumus%E2%80%9D%3A%20il%2026%20ottobre%20la%20terza%20edizione\" title=\"Telegram\" target=\"_blank\" rel=\"noopener\"><\/a><a class=\"a2a_button_email\" href=\"https:\/\/www.addtoany.com\/add_to\/email?linkurl=https%3A%2F%2Fcassano.lavocedelpaese.info%2Fin-taberna-quando-sumus-il-26-ottobre-la-terza-edizione%2F&amp;linkname=%E2%80%9CIn%20taberna%20quando%20sumus%E2%80%9D%3A%20il%2026%20ottobre%20la%20terza%20edizione\" title=\"Email\" target=\"_blank\" rel=\"noopener\"><\/a><\/p>\n<p>\u00a0<\/p>\n<p>\u00a0<\/p>\n<p>\u200b\u00a0\u00a0\u00a0<\/p>","protected":false},"excerpt":{"rendered":"<p>\u00a0 \u200b\u00a0 \u200b\u00a0 Sabato 26 ottobre, il borgo antico di Cassano delle Murge si trasformer\u00e0 in un luogo incantato grazie<\/p>\n","protected":false},"author":0,"featured_media":8154,"comment_status":"open","ping_status":"closed","sticky":false,"template":"","format":"standard","meta":{"colormag_page_container_layout":"default_layout","colormag_page_sidebar_layout":"default_layout","footnotes":""},"categories":[33],"tags":[],"class_list":["post-8153","post","type-post","status-publish","format-standard","has-post-thumbnail","hentry","category-network"],"yoast_head":"<!-- This site is optimized with the Yoast SEO plugin v27.5 - https:\/\/yoast.com\/product\/yoast-seo-wordpress\/ -->\n<title>\u201cIn taberna quando sumus\u201d: il 26 ottobre la terza edizione\u00a0\u200b - La Voce del Paese<\/title>\n<meta name=\"robots\" content=\"index, follow, max-snippet:-1, max-image-preview:large, max-video-preview:-1\" \/>\n<link rel=\"canonical\" href=\"https:\/\/lavocedelpaese.info\/index.php\/2024\/10\/18\/in-taberna-quando-sumus-il-26-ottobre-la-terza-edizione\/\" \/>\n<meta property=\"og:locale\" content=\"it_IT\" \/>\n<meta property=\"og:type\" content=\"article\" \/>\n<meta property=\"og:title\" content=\"\u201cIn taberna quando sumus\u201d: il 26 ottobre la terza edizione\u00a0\u200b - La Voce del Paese\" \/>\n<meta property=\"og:description\" content=\"\u00a0 \u200b\u00a0 \u200b\u00a0 Sabato 26 ottobre, il borgo antico di Cassano delle Murge si trasformer\u00e0 in un luogo incantato grazie\" \/>\n<meta property=\"og:url\" content=\"https:\/\/lavocedelpaese.info\/index.php\/2024\/10\/18\/in-taberna-quando-sumus-il-26-ottobre-la-terza-edizione\/\" \/>\n<meta property=\"og:site_name\" content=\"La Voce del Paese\" \/>\n<meta property=\"article:publisher\" content=\"https:\/\/www.facebook.com\/lavocedelpaese.info\" \/>\n<meta property=\"article:published_time\" content=\"2024-10-18T07:21:33+00:00\" \/>\n<meta name=\"twitter:card\" content=\"summary_large_image\" \/>\n<meta name=\"twitter:label1\" content=\"Tempo di lettura stimato\" \/>\n\t<meta name=\"twitter:data1\" content=\"3 minuti\" \/>\n<script type=\"application\/ld+json\" class=\"yoast-schema-graph\">{\"@context\":\"https:\\\/\\\/schema.org\",\"@graph\":[{\"@type\":\"Article\",\"@id\":\"https:\\\/\\\/lavocedelpaese.info\\\/index.php\\\/2024\\\/10\\\/18\\\/in-taberna-quando-sumus-il-26-ottobre-la-terza-edizione\\\/#article\",\"isPartOf\":{\"@id\":\"https:\\\/\\\/lavocedelpaese.info\\\/index.php\\\/2024\\\/10\\\/18\\\/in-taberna-quando-sumus-il-26-ottobre-la-terza-edizione\\\/\"},\"author\":{\"name\":\"\",\"@id\":\"\"},\"headline\":\"\u201cIn taberna quando sumus\u201d: il 26 ottobre la terza edizione\u00a0\u200b\",\"datePublished\":\"2024-10-18T07:21:33+00:00\",\"mainEntityOfPage\":{\"@id\":\"https:\\\/\\\/lavocedelpaese.info\\\/index.php\\\/2024\\\/10\\\/18\\\/in-taberna-quando-sumus-il-26-ottobre-la-terza-edizione\\\/\"},\"wordCount\":532,\"commentCount\":0,\"publisher\":{\"@id\":\"https:\\\/\\\/lavocedelpaese.info\\\/#organization\"},\"image\":{\"@id\":\"https:\\\/\\\/lavocedelpaese.info\\\/index.php\\\/2024\\\/10\\\/18\\\/in-taberna-quando-sumus-il-26-ottobre-la-terza-edizione\\\/#primaryimage\"},\"thumbnailUrl\":\"https:\\\/\\\/lavocedelpaese.info\\\/wp-content\\\/uploads\\\/2024\\\/10\\\/locandina-compressa-1-819x1024-hoF4Fm.jpeg\",\"articleSection\":[\"network\"],\"inLanguage\":\"it-IT\",\"potentialAction\":[{\"@type\":\"CommentAction\",\"name\":\"Comment\",\"target\":[\"https:\\\/\\\/lavocedelpaese.info\\\/index.php\\\/2024\\\/10\\\/18\\\/in-taberna-quando-sumus-il-26-ottobre-la-terza-edizione\\\/#respond\"]}]},{\"@type\":\"WebPage\",\"@id\":\"https:\\\/\\\/lavocedelpaese.info\\\/index.php\\\/2024\\\/10\\\/18\\\/in-taberna-quando-sumus-il-26-ottobre-la-terza-edizione\\\/\",\"url\":\"https:\\\/\\\/lavocedelpaese.info\\\/index.php\\\/2024\\\/10\\\/18\\\/in-taberna-quando-sumus-il-26-ottobre-la-terza-edizione\\\/\",\"name\":\"\u201cIn taberna quando sumus\u201d: il 26 ottobre la terza edizione\u00a0\u200b - La Voce del Paese\",\"isPartOf\":{\"@id\":\"https:\\\/\\\/lavocedelpaese.info\\\/#website\"},\"primaryImageOfPage\":{\"@id\":\"https:\\\/\\\/lavocedelpaese.info\\\/index.php\\\/2024\\\/10\\\/18\\\/in-taberna-quando-sumus-il-26-ottobre-la-terza-edizione\\\/#primaryimage\"},\"image\":{\"@id\":\"https:\\\/\\\/lavocedelpaese.info\\\/index.php\\\/2024\\\/10\\\/18\\\/in-taberna-quando-sumus-il-26-ottobre-la-terza-edizione\\\/#primaryimage\"},\"thumbnailUrl\":\"https:\\\/\\\/lavocedelpaese.info\\\/wp-content\\\/uploads\\\/2024\\\/10\\\/locandina-compressa-1-819x1024-hoF4Fm.jpeg\",\"datePublished\":\"2024-10-18T07:21:33+00:00\",\"breadcrumb\":{\"@id\":\"https:\\\/\\\/lavocedelpaese.info\\\/index.php\\\/2024\\\/10\\\/18\\\/in-taberna-quando-sumus-il-26-ottobre-la-terza-edizione\\\/#breadcrumb\"},\"inLanguage\":\"it-IT\",\"potentialAction\":[{\"@type\":\"ReadAction\",\"target\":[\"https:\\\/\\\/lavocedelpaese.info\\\/index.php\\\/2024\\\/10\\\/18\\\/in-taberna-quando-sumus-il-26-ottobre-la-terza-edizione\\\/\"]}]},{\"@type\":\"ImageObject\",\"inLanguage\":\"it-IT\",\"@id\":\"https:\\\/\\\/lavocedelpaese.info\\\/index.php\\\/2024\\\/10\\\/18\\\/in-taberna-quando-sumus-il-26-ottobre-la-terza-edizione\\\/#primaryimage\",\"url\":\"https:\\\/\\\/lavocedelpaese.info\\\/wp-content\\\/uploads\\\/2024\\\/10\\\/locandina-compressa-1-819x1024-hoF4Fm.jpeg\",\"contentUrl\":\"https:\\\/\\\/lavocedelpaese.info\\\/wp-content\\\/uploads\\\/2024\\\/10\\\/locandina-compressa-1-819x1024-hoF4Fm.jpeg\",\"width\":640,\"height\":800},{\"@type\":\"BreadcrumbList\",\"@id\":\"https:\\\/\\\/lavocedelpaese.info\\\/index.php\\\/2024\\\/10\\\/18\\\/in-taberna-quando-sumus-il-26-ottobre-la-terza-edizione\\\/#breadcrumb\",\"itemListElement\":[{\"@type\":\"ListItem\",\"position\":1,\"name\":\"Home\",\"item\":\"https:\\\/\\\/lavocedelpaese.info\\\/\"},{\"@type\":\"ListItem\",\"position\":2,\"name\":\"\u201cIn taberna quando sumus\u201d: il 26 ottobre la terza edizione\u00a0\u200b\"}]},{\"@type\":\"WebSite\",\"@id\":\"https:\\\/\\\/lavocedelpaese.info\\\/#website\",\"url\":\"https:\\\/\\\/lavocedelpaese.info\\\/\",\"name\":\"La Voce del Paese\",\"description\":\"Un network di idee\",\"publisher\":{\"@id\":\"https:\\\/\\\/lavocedelpaese.info\\\/#organization\"},\"potentialAction\":[{\"@type\":\"SearchAction\",\"target\":{\"@type\":\"EntryPoint\",\"urlTemplate\":\"https:\\\/\\\/lavocedelpaese.info\\\/?s={search_term_string}\"},\"query-input\":{\"@type\":\"PropertyValueSpecification\",\"valueRequired\":true,\"valueName\":\"search_term_string\"}}],\"inLanguage\":\"it-IT\"},{\"@type\":\"Organization\",\"@id\":\"https:\\\/\\\/lavocedelpaese.info\\\/#organization\",\"name\":\"La Voce del Paese\",\"url\":\"https:\\\/\\\/lavocedelpaese.info\\\/\",\"logo\":{\"@type\":\"ImageObject\",\"inLanguage\":\"it-IT\",\"@id\":\"https:\\\/\\\/lavocedelpaese.info\\\/#\\\/schema\\\/logo\\\/image\\\/\",\"url\":\"https:\\\/\\\/lavocedelpaese.info\\\/wp-content\\\/uploads\\\/2023\\\/01\\\/cropped-logo-150-127.png\",\"contentUrl\":\"https:\\\/\\\/lavocedelpaese.info\\\/wp-content\\\/uploads\\\/2023\\\/01\\\/cropped-logo-150-127.png\",\"width\":137,\"height\":119,\"caption\":\"La Voce del Paese\"},\"image\":{\"@id\":\"https:\\\/\\\/lavocedelpaese.info\\\/#\\\/schema\\\/logo\\\/image\\\/\"},\"sameAs\":[\"https:\\\/\\\/www.facebook.com\\\/lavocedelpaese.info\"]}]}<\/script>\n<!-- \/ Yoast SEO plugin. -->","yoast_head_json":{"title":"\u201cIn taberna quando sumus\u201d: il 26 ottobre la terza edizione\u00a0\u200b - La Voce del Paese","robots":{"index":"index","follow":"follow","max-snippet":"max-snippet:-1","max-image-preview":"max-image-preview:large","max-video-preview":"max-video-preview:-1"},"canonical":"https:\/\/lavocedelpaese.info\/index.php\/2024\/10\/18\/in-taberna-quando-sumus-il-26-ottobre-la-terza-edizione\/","og_locale":"it_IT","og_type":"article","og_title":"\u201cIn taberna quando sumus\u201d: il 26 ottobre la terza edizione\u00a0\u200b - La Voce del Paese","og_description":"\u00a0 \u200b\u00a0 \u200b\u00a0 Sabato 26 ottobre, il borgo antico di Cassano delle Murge si trasformer\u00e0 in un luogo incantato grazie","og_url":"https:\/\/lavocedelpaese.info\/index.php\/2024\/10\/18\/in-taberna-quando-sumus-il-26-ottobre-la-terza-edizione\/","og_site_name":"La Voce del Paese","article_publisher":"https:\/\/www.facebook.com\/lavocedelpaese.info","article_published_time":"2024-10-18T07:21:33+00:00","twitter_card":"summary_large_image","twitter_misc":{"Tempo di lettura stimato":"3 minuti"},"schema":{"@context":"https:\/\/schema.org","@graph":[{"@type":"Article","@id":"https:\/\/lavocedelpaese.info\/index.php\/2024\/10\/18\/in-taberna-quando-sumus-il-26-ottobre-la-terza-edizione\/#article","isPartOf":{"@id":"https:\/\/lavocedelpaese.info\/index.php\/2024\/10\/18\/in-taberna-quando-sumus-il-26-ottobre-la-terza-edizione\/"},"author":{"name":"","@id":""},"headline":"\u201cIn taberna quando sumus\u201d: il 26 ottobre la terza edizione\u00a0\u200b","datePublished":"2024-10-18T07:21:33+00:00","mainEntityOfPage":{"@id":"https:\/\/lavocedelpaese.info\/index.php\/2024\/10\/18\/in-taberna-quando-sumus-il-26-ottobre-la-terza-edizione\/"},"wordCount":532,"commentCount":0,"publisher":{"@id":"https:\/\/lavocedelpaese.info\/#organization"},"image":{"@id":"https:\/\/lavocedelpaese.info\/index.php\/2024\/10\/18\/in-taberna-quando-sumus-il-26-ottobre-la-terza-edizione\/#primaryimage"},"thumbnailUrl":"https:\/\/lavocedelpaese.info\/wp-content\/uploads\/2024\/10\/locandina-compressa-1-819x1024-hoF4Fm.jpeg","articleSection":["network"],"inLanguage":"it-IT","potentialAction":[{"@type":"CommentAction","name":"Comment","target":["https:\/\/lavocedelpaese.info\/index.php\/2024\/10\/18\/in-taberna-quando-sumus-il-26-ottobre-la-terza-edizione\/#respond"]}]},{"@type":"WebPage","@id":"https:\/\/lavocedelpaese.info\/index.php\/2024\/10\/18\/in-taberna-quando-sumus-il-26-ottobre-la-terza-edizione\/","url":"https:\/\/lavocedelpaese.info\/index.php\/2024\/10\/18\/in-taberna-quando-sumus-il-26-ottobre-la-terza-edizione\/","name":"\u201cIn taberna quando sumus\u201d: il 26 ottobre la terza edizione\u00a0\u200b - La Voce del Paese","isPartOf":{"@id":"https:\/\/lavocedelpaese.info\/#website"},"primaryImageOfPage":{"@id":"https:\/\/lavocedelpaese.info\/index.php\/2024\/10\/18\/in-taberna-quando-sumus-il-26-ottobre-la-terza-edizione\/#primaryimage"},"image":{"@id":"https:\/\/lavocedelpaese.info\/index.php\/2024\/10\/18\/in-taberna-quando-sumus-il-26-ottobre-la-terza-edizione\/#primaryimage"},"thumbnailUrl":"https:\/\/lavocedelpaese.info\/wp-content\/uploads\/2024\/10\/locandina-compressa-1-819x1024-hoF4Fm.jpeg","datePublished":"2024-10-18T07:21:33+00:00","breadcrumb":{"@id":"https:\/\/lavocedelpaese.info\/index.php\/2024\/10\/18\/in-taberna-quando-sumus-il-26-ottobre-la-terza-edizione\/#breadcrumb"},"inLanguage":"it-IT","potentialAction":[{"@type":"ReadAction","target":["https:\/\/lavocedelpaese.info\/index.php\/2024\/10\/18\/in-taberna-quando-sumus-il-26-ottobre-la-terza-edizione\/"]}]},{"@type":"ImageObject","inLanguage":"it-IT","@id":"https:\/\/lavocedelpaese.info\/index.php\/2024\/10\/18\/in-taberna-quando-sumus-il-26-ottobre-la-terza-edizione\/#primaryimage","url":"https:\/\/lavocedelpaese.info\/wp-content\/uploads\/2024\/10\/locandina-compressa-1-819x1024-hoF4Fm.jpeg","contentUrl":"https:\/\/lavocedelpaese.info\/wp-content\/uploads\/2024\/10\/locandina-compressa-1-819x1024-hoF4Fm.jpeg","width":640,"height":800},{"@type":"BreadcrumbList","@id":"https:\/\/lavocedelpaese.info\/index.php\/2024\/10\/18\/in-taberna-quando-sumus-il-26-ottobre-la-terza-edizione\/#breadcrumb","itemListElement":[{"@type":"ListItem","position":1,"name":"Home","item":"https:\/\/lavocedelpaese.info\/"},{"@type":"ListItem","position":2,"name":"\u201cIn taberna quando sumus\u201d: il 26 ottobre la terza edizione\u00a0\u200b"}]},{"@type":"WebSite","@id":"https:\/\/lavocedelpaese.info\/#website","url":"https:\/\/lavocedelpaese.info\/","name":"La Voce del Paese","description":"Un network di idee","publisher":{"@id":"https:\/\/lavocedelpaese.info\/#organization"},"potentialAction":[{"@type":"SearchAction","target":{"@type":"EntryPoint","urlTemplate":"https:\/\/lavocedelpaese.info\/?s={search_term_string}"},"query-input":{"@type":"PropertyValueSpecification","valueRequired":true,"valueName":"search_term_string"}}],"inLanguage":"it-IT"},{"@type":"Organization","@id":"https:\/\/lavocedelpaese.info\/#organization","name":"La Voce del Paese","url":"https:\/\/lavocedelpaese.info\/","logo":{"@type":"ImageObject","inLanguage":"it-IT","@id":"https:\/\/lavocedelpaese.info\/#\/schema\/logo\/image\/","url":"https:\/\/lavocedelpaese.info\/wp-content\/uploads\/2023\/01\/cropped-logo-150-127.png","contentUrl":"https:\/\/lavocedelpaese.info\/wp-content\/uploads\/2023\/01\/cropped-logo-150-127.png","width":137,"height":119,"caption":"La Voce del Paese"},"image":{"@id":"https:\/\/lavocedelpaese.info\/#\/schema\/logo\/image\/"},"sameAs":["https:\/\/www.facebook.com\/lavocedelpaese.info"]}]}},"_links":{"self":[{"href":"https:\/\/lavocedelpaese.info\/index.php\/wp-json\/wp\/v2\/posts\/8153","targetHints":{"allow":["GET"]}}],"collection":[{"href":"https:\/\/lavocedelpaese.info\/index.php\/wp-json\/wp\/v2\/posts"}],"about":[{"href":"https:\/\/lavocedelpaese.info\/index.php\/wp-json\/wp\/v2\/types\/post"}],"replies":[{"embeddable":true,"href":"https:\/\/lavocedelpaese.info\/index.php\/wp-json\/wp\/v2\/comments?post=8153"}],"version-history":[{"count":0,"href":"https:\/\/lavocedelpaese.info\/index.php\/wp-json\/wp\/v2\/posts\/8153\/revisions"}],"wp:featuredmedia":[{"embeddable":true,"href":"https:\/\/lavocedelpaese.info\/index.php\/wp-json\/wp\/v2\/media\/8154"}],"wp:attachment":[{"href":"https:\/\/lavocedelpaese.info\/index.php\/wp-json\/wp\/v2\/media?parent=8153"}],"wp:term":[{"taxonomy":"category","embeddable":true,"href":"https:\/\/lavocedelpaese.info\/index.php\/wp-json\/wp\/v2\/categories?post=8153"},{"taxonomy":"post_tag","embeddable":true,"href":"https:\/\/lavocedelpaese.info\/index.php\/wp-json\/wp\/v2\/tags?post=8153"}],"curies":[{"name":"wp","href":"https:\/\/api.w.org\/{rel}","templated":true}]}}