{"id":8137,"date":"2024-10-16T12:28:16","date_gmt":"2024-10-16T12:28:16","guid":{"rendered":"https:\/\/lavocedelpaese.info\/?p=8137"},"modified":"2024-10-16T12:28:17","modified_gmt":"2024-10-16T12:28:17","slug":"verso-un-sistema-pensionistico-uguale-per-tutti","status":"publish","type":"post","link":"https:\/\/lavocedelpaese.info\/index.php\/2024\/10\/16\/verso-un-sistema-pensionistico-uguale-per-tutti\/","title":{"rendered":"Verso un sistema pensionistico uguale per tutti"},"content":{"rendered":"\n<h4 class=\"wp-block-heading\"><strong>FILDA: La richiesta di pensioni con le stesse regole per tutti e dell\u2019eliminazione del minimo contributivo di 20 anni<\/strong><\/h4>\n\n\n\n<p>L\u2019ultima seduta della <strong>Consulta Nazionale della FILDA<\/strong> (Federazione Italiana Lavoratori Dipendenti Autonomi), che ha agito in rappresentanza delle sedi territoriali sindacali di tutta la nazione,&nbsp;ha avuto come tema centrale quello delle <strong>pensioni<\/strong> e del sistema previdenziale italiano.<\/p>\n\n\n\n<p>Questa riunione ha basato la discussione sui dati forniti dall\u2019ultimo rapporto Inps. Questo ha infatti mostrato come l\u2019et\u00e0 media effettiva di pensionamento in Italia risulta essere pari a poco pi\u00f9 di <strong>64 anni<\/strong>, inferiore quindi a quella prevista dal sistema pensionistico in vigore dal 2012 (la cosiddetta legge Fornero), che invece \u00e8 di 67 anni.<\/p>\n\n\n\n<p>I dati esaminati, quindi, mostrano che accanto a chi va effettivamente in pensione all\u2019et\u00e0 indicata dalla legge, altri raggiungono questo obiettivo con diversi anni di vantaggio, ricordando che 64 anni \u00e8 la media.<\/p>\n\n\n\n<p>In conseguenza di queste informazioni, la FILDA ha deciso di <strong>chiedere e promuovere alcuni cambiamenti<\/strong> che possano rendere pi\u00f9 eque le pensioni, anche rifacendosi all\u2019art.3 della Costituzione italiana, per cui tutti i cittadini sono uguali davanti alla legge.<\/p>\n\n\n\n<p>Le proposte della FILDA prevedono:<\/p>\n\n\n\n<p>&#8211;&nbsp;&nbsp;&nbsp;&nbsp;&nbsp;&nbsp;&nbsp;&nbsp;&nbsp; Eliminazione del minimo contributivo di 20 anni; &nbsp;&nbsp;&nbsp; &nbsp;&nbsp;&nbsp;&nbsp;&nbsp;&nbsp;&nbsp;&nbsp;&nbsp;&nbsp;&nbsp;&nbsp;<\/p>\n\n\n\n<p>&#8211;&nbsp;&nbsp;&nbsp;&nbsp;&nbsp;&nbsp;&nbsp;&nbsp;&nbsp; Unico coefficiente ed assicurazione unica per tutti i lavoratori pubblici privati o autonomi;<\/p>\n\n\n\n<p>&#8211;&nbsp;&nbsp;&nbsp;&nbsp;&nbsp;&nbsp;&nbsp;&nbsp;&nbsp; Unica et\u00e0 pensionabile uguale per tutti;<\/p>\n\n\n\n<p>&#8211;&nbsp;&nbsp;&nbsp;&nbsp;&nbsp;&nbsp;&nbsp;&nbsp;&nbsp; Possibilit\u00e0 da 61\/62 anni in poi di poter scegliere il Part Time Pensione\/lavoro;<\/p>\n\n\n\n<p>&#8211;&nbsp;&nbsp;&nbsp;&nbsp;&nbsp;&nbsp;&nbsp;&nbsp;&nbsp; Sistema Contributivo per tutti;<\/p>\n\n\n\n<p>&#8211;&nbsp;&nbsp;&nbsp;&nbsp;&nbsp;&nbsp;&nbsp;&nbsp;&nbsp; Maggiorazione a 70 anni minimo 1000 euro;&nbsp;<\/p>\n\n\n\n<p>Il segretario della FILDA, <strong>Carmine Piccolo<\/strong>, dichiara sull\u2019argomento che \u201cNon \u00e8 possibile andare avanti ancora con questo sistema pensionistico che non aiuta e sostiene nessuno, in modo particolare le fasce pi\u00f9 deboli, bisogna fare una riforma radicale che ridisegni tutto il sistema delle pensioni con il criterio dell\u2019uguaglianza\u201d.<\/p>\n\n\n\n<p>A questo poi il segretario aggiunge, concludendo, \u201cci sono diversit\u00e0 e disparit\u00e0 del sistema pensionistico non pi\u00f9 tollerabili, \u00e8 il momento di intervenire, tutti i cittadini sono uguali dice la costituzione ma nel sistema delle pensioni attuale non \u00e8 cosi, bisogna cambiare\u201d.&nbsp;<\/p>\n","protected":false},"excerpt":{"rendered":"<p>FILDA: La richiesta di pensioni con le stesse regole per tutti e dell\u2019eliminazione del minimo contributivo di 20 anni L\u2019ultima<\/p>\n","protected":false},"author":6,"featured_media":8138,"comment_status":"open","ping_status":"closed","sticky":false,"template":"","format":"standard","meta":{"colormag_page_container_layout":"default_layout","colormag_page_sidebar_layout":"default_layout","footnotes":""},"categories":[2,34],"tags":[],"class_list":["post-8137","post","type-post","status-publish","format-standard","has-post-thumbnail","hentry","category-attualita","category-box-laterali-blocco-1"],"yoast_head":"<!-- This site is optimized with the Yoast SEO plugin v27.5 - https:\/\/yoast.com\/product\/yoast-seo-wordpress\/ -->\n<title>Verso un sistema pensionistico uguale per tutti - La Voce del Paese<\/title>\n<meta name=\"robots\" content=\"index, follow, max-snippet:-1, max-image-preview:large, max-video-preview:-1\" \/>\n<link rel=\"canonical\" href=\"https:\/\/lavocedelpaese.info\/index.php\/2024\/10\/16\/verso-un-sistema-pensionistico-uguale-per-tutti\/\" \/>\n<meta property=\"og:locale\" content=\"it_IT\" \/>\n<meta property=\"og:type\" content=\"article\" \/>\n<meta property=\"og:title\" content=\"Verso un sistema pensionistico uguale per tutti - La Voce del Paese\" \/>\n<meta property=\"og:description\" content=\"FILDA: La richiesta di pensioni con le stesse regole per tutti e dell\u2019eliminazione del minimo contributivo di 20 anni L\u2019ultima\" \/>\n<meta property=\"og:url\" content=\"https:\/\/lavocedelpaese.info\/index.php\/2024\/10\/16\/verso-un-sistema-pensionistico-uguale-per-tutti\/\" \/>\n<meta property=\"og:site_name\" content=\"La Voce del Paese\" \/>\n<meta property=\"article:publisher\" content=\"https:\/\/www.facebook.com\/lavocedelpaese.info\" \/>\n<meta property=\"article:published_time\" content=\"2024-10-16T12:28:16+00:00\" \/>\n<meta property=\"article:modified_time\" content=\"2024-10-16T12:28:17+00:00\" \/>\n<meta property=\"og:image\" content=\"https:\/\/lavocedelpaese.info\/wp-content\/uploads\/2024\/10\/carmine.jpeg\" \/>\n\t<meta property=\"og:image:width\" content=\"622\" \/>\n\t<meta property=\"og:image:height\" content=\"800\" \/>\n\t<meta property=\"og:image:type\" content=\"image\/jpeg\" \/>\n<meta name=\"author\" content=\"admin\" \/>\n<meta name=\"twitter:card\" content=\"summary_large_image\" \/>\n<meta name=\"twitter:label1\" content=\"Scritto da\" \/>\n\t<meta name=\"twitter:data1\" content=\"admin\" \/>\n\t<meta name=\"twitter:label2\" content=\"Tempo di lettura stimato\" \/>\n\t<meta name=\"twitter:data2\" content=\"2 minuti\" \/>\n<script type=\"application\/ld+json\" class=\"yoast-schema-graph\">{\"@context\":\"https:\\\/\\\/schema.org\",\"@graph\":[{\"@type\":\"Article\",\"@id\":\"https:\\\/\\\/lavocedelpaese.info\\\/index.php\\\/2024\\\/10\\\/16\\\/verso-un-sistema-pensionistico-uguale-per-tutti\\\/#article\",\"isPartOf\":{\"@id\":\"https:\\\/\\\/lavocedelpaese.info\\\/index.php\\\/2024\\\/10\\\/16\\\/verso-un-sistema-pensionistico-uguale-per-tutti\\\/\"},\"author\":{\"name\":\"admin\",\"@id\":\"https:\\\/\\\/lavocedelpaese.info\\\/#\\\/schema\\\/person\\\/ec151d321306bd7591f7a061abf72d88\"},\"headline\":\"Verso un sistema pensionistico uguale per tutti\",\"datePublished\":\"2024-10-16T12:28:16+00:00\",\"dateModified\":\"2024-10-16T12:28:17+00:00\",\"mainEntityOfPage\":{\"@id\":\"https:\\\/\\\/lavocedelpaese.info\\\/index.php\\\/2024\\\/10\\\/16\\\/verso-un-sistema-pensionistico-uguale-per-tutti\\\/\"},\"wordCount\":408,\"commentCount\":0,\"publisher\":{\"@id\":\"https:\\\/\\\/lavocedelpaese.info\\\/#organization\"},\"image\":{\"@id\":\"https:\\\/\\\/lavocedelpaese.info\\\/index.php\\\/2024\\\/10\\\/16\\\/verso-un-sistema-pensionistico-uguale-per-tutti\\\/#primaryimage\"},\"thumbnailUrl\":\"https:\\\/\\\/lavocedelpaese.info\\\/wp-content\\\/uploads\\\/2024\\\/10\\\/carmine.jpeg\",\"articleSection\":[\"Attualit\u00e0\",\"primo piano\"],\"inLanguage\":\"it-IT\",\"potentialAction\":[{\"@type\":\"CommentAction\",\"name\":\"Comment\",\"target\":[\"https:\\\/\\\/lavocedelpaese.info\\\/index.php\\\/2024\\\/10\\\/16\\\/verso-un-sistema-pensionistico-uguale-per-tutti\\\/#respond\"]}]},{\"@type\":\"WebPage\",\"@id\":\"https:\\\/\\\/lavocedelpaese.info\\\/index.php\\\/2024\\\/10\\\/16\\\/verso-un-sistema-pensionistico-uguale-per-tutti\\\/\",\"url\":\"https:\\\/\\\/lavocedelpaese.info\\\/index.php\\\/2024\\\/10\\\/16\\\/verso-un-sistema-pensionistico-uguale-per-tutti\\\/\",\"name\":\"Verso un sistema pensionistico uguale per tutti - La Voce del Paese\",\"isPartOf\":{\"@id\":\"https:\\\/\\\/lavocedelpaese.info\\\/#website\"},\"primaryImageOfPage\":{\"@id\":\"https:\\\/\\\/lavocedelpaese.info\\\/index.php\\\/2024\\\/10\\\/16\\\/verso-un-sistema-pensionistico-uguale-per-tutti\\\/#primaryimage\"},\"image\":{\"@id\":\"https:\\\/\\\/lavocedelpaese.info\\\/index.php\\\/2024\\\/10\\\/16\\\/verso-un-sistema-pensionistico-uguale-per-tutti\\\/#primaryimage\"},\"thumbnailUrl\":\"https:\\\/\\\/lavocedelpaese.info\\\/wp-content\\\/uploads\\\/2024\\\/10\\\/carmine.jpeg\",\"datePublished\":\"2024-10-16T12:28:16+00:00\",\"dateModified\":\"2024-10-16T12:28:17+00:00\",\"breadcrumb\":{\"@id\":\"https:\\\/\\\/lavocedelpaese.info\\\/index.php\\\/2024\\\/10\\\/16\\\/verso-un-sistema-pensionistico-uguale-per-tutti\\\/#breadcrumb\"},\"inLanguage\":\"it-IT\",\"potentialAction\":[{\"@type\":\"ReadAction\",\"target\":[\"https:\\\/\\\/lavocedelpaese.info\\\/index.php\\\/2024\\\/10\\\/16\\\/verso-un-sistema-pensionistico-uguale-per-tutti\\\/\"]}]},{\"@type\":\"ImageObject\",\"inLanguage\":\"it-IT\",\"@id\":\"https:\\\/\\\/lavocedelpaese.info\\\/index.php\\\/2024\\\/10\\\/16\\\/verso-un-sistema-pensionistico-uguale-per-tutti\\\/#primaryimage\",\"url\":\"https:\\\/\\\/lavocedelpaese.info\\\/wp-content\\\/uploads\\\/2024\\\/10\\\/carmine.jpeg\",\"contentUrl\":\"https:\\\/\\\/lavocedelpaese.info\\\/wp-content\\\/uploads\\\/2024\\\/10\\\/carmine.jpeg\",\"width\":622,\"height\":800},{\"@type\":\"BreadcrumbList\",\"@id\":\"https:\\\/\\\/lavocedelpaese.info\\\/index.php\\\/2024\\\/10\\\/16\\\/verso-un-sistema-pensionistico-uguale-per-tutti\\\/#breadcrumb\",\"itemListElement\":[{\"@type\":\"ListItem\",\"position\":1,\"name\":\"Home\",\"item\":\"https:\\\/\\\/lavocedelpaese.info\\\/\"},{\"@type\":\"ListItem\",\"position\":2,\"name\":\"Verso un sistema pensionistico uguale per tutti\"}]},{\"@type\":\"WebSite\",\"@id\":\"https:\\\/\\\/lavocedelpaese.info\\\/#website\",\"url\":\"https:\\\/\\\/lavocedelpaese.info\\\/\",\"name\":\"La Voce del Paese\",\"description\":\"Un network di idee\",\"publisher\":{\"@id\":\"https:\\\/\\\/lavocedelpaese.info\\\/#organization\"},\"potentialAction\":[{\"@type\":\"SearchAction\",\"target\":{\"@type\":\"EntryPoint\",\"urlTemplate\":\"https:\\\/\\\/lavocedelpaese.info\\\/?s={search_term_string}\"},\"query-input\":{\"@type\":\"PropertyValueSpecification\",\"valueRequired\":true,\"valueName\":\"search_term_string\"}}],\"inLanguage\":\"it-IT\"},{\"@type\":\"Organization\",\"@id\":\"https:\\\/\\\/lavocedelpaese.info\\\/#organization\",\"name\":\"La Voce del Paese\",\"url\":\"https:\\\/\\\/lavocedelpaese.info\\\/\",\"logo\":{\"@type\":\"ImageObject\",\"inLanguage\":\"it-IT\",\"@id\":\"https:\\\/\\\/lavocedelpaese.info\\\/#\\\/schema\\\/logo\\\/image\\\/\",\"url\":\"https:\\\/\\\/lavocedelpaese.info\\\/wp-content\\\/uploads\\\/2023\\\/01\\\/cropped-logo-150-127.png\",\"contentUrl\":\"https:\\\/\\\/lavocedelpaese.info\\\/wp-content\\\/uploads\\\/2023\\\/01\\\/cropped-logo-150-127.png\",\"width\":137,\"height\":119,\"caption\":\"La Voce del Paese\"},\"image\":{\"@id\":\"https:\\\/\\\/lavocedelpaese.info\\\/#\\\/schema\\\/logo\\\/image\\\/\"},\"sameAs\":[\"https:\\\/\\\/www.facebook.com\\\/lavocedelpaese.info\"]},{\"@type\":\"Person\",\"@id\":\"https:\\\/\\\/lavocedelpaese.info\\\/#\\\/schema\\\/person\\\/ec151d321306bd7591f7a061abf72d88\",\"name\":\"admin\",\"image\":{\"@type\":\"ImageObject\",\"inLanguage\":\"it-IT\",\"@id\":\"https:\\\/\\\/secure.gravatar.com\\\/avatar\\\/af8f2caf0663124588de48a9380e07cbc95a74ef15b8062d0d39106c32fe3023?s=96&d=mm&r=g\",\"url\":\"https:\\\/\\\/secure.gravatar.com\\\/avatar\\\/af8f2caf0663124588de48a9380e07cbc95a74ef15b8062d0d39106c32fe3023?s=96&d=mm&r=g\",\"contentUrl\":\"https:\\\/\\\/secure.gravatar.com\\\/avatar\\\/af8f2caf0663124588de48a9380e07cbc95a74ef15b8062d0d39106c32fe3023?s=96&d=mm&r=g\",\"caption\":\"admin\"},\"sameAs\":[\"https:\\\/\\\/lavocedelpaese.info\"],\"url\":\"https:\\\/\\\/lavocedelpaese.info\\\/index.php\\\/author\\\/admin\\\/\"}]}<\/script>\n<!-- \/ Yoast SEO plugin. -->","yoast_head_json":{"title":"Verso un sistema pensionistico uguale per tutti - La Voce del Paese","robots":{"index":"index","follow":"follow","max-snippet":"max-snippet:-1","max-image-preview":"max-image-preview:large","max-video-preview":"max-video-preview:-1"},"canonical":"https:\/\/lavocedelpaese.info\/index.php\/2024\/10\/16\/verso-un-sistema-pensionistico-uguale-per-tutti\/","og_locale":"it_IT","og_type":"article","og_title":"Verso un sistema pensionistico uguale per tutti - La Voce del Paese","og_description":"FILDA: La richiesta di pensioni con le stesse regole per tutti e dell\u2019eliminazione del minimo contributivo di 20 anni L\u2019ultima","og_url":"https:\/\/lavocedelpaese.info\/index.php\/2024\/10\/16\/verso-un-sistema-pensionistico-uguale-per-tutti\/","og_site_name":"La Voce del Paese","article_publisher":"https:\/\/www.facebook.com\/lavocedelpaese.info","article_published_time":"2024-10-16T12:28:16+00:00","article_modified_time":"2024-10-16T12:28:17+00:00","og_image":[{"width":622,"height":800,"url":"https:\/\/lavocedelpaese.info\/wp-content\/uploads\/2024\/10\/carmine.jpeg","type":"image\/jpeg"}],"author":"admin","twitter_card":"summary_large_image","twitter_misc":{"Scritto da":"admin","Tempo di lettura stimato":"2 minuti"},"schema":{"@context":"https:\/\/schema.org","@graph":[{"@type":"Article","@id":"https:\/\/lavocedelpaese.info\/index.php\/2024\/10\/16\/verso-un-sistema-pensionistico-uguale-per-tutti\/#article","isPartOf":{"@id":"https:\/\/lavocedelpaese.info\/index.php\/2024\/10\/16\/verso-un-sistema-pensionistico-uguale-per-tutti\/"},"author":{"name":"admin","@id":"https:\/\/lavocedelpaese.info\/#\/schema\/person\/ec151d321306bd7591f7a061abf72d88"},"headline":"Verso un sistema pensionistico uguale per tutti","datePublished":"2024-10-16T12:28:16+00:00","dateModified":"2024-10-16T12:28:17+00:00","mainEntityOfPage":{"@id":"https:\/\/lavocedelpaese.info\/index.php\/2024\/10\/16\/verso-un-sistema-pensionistico-uguale-per-tutti\/"},"wordCount":408,"commentCount":0,"publisher":{"@id":"https:\/\/lavocedelpaese.info\/#organization"},"image":{"@id":"https:\/\/lavocedelpaese.info\/index.php\/2024\/10\/16\/verso-un-sistema-pensionistico-uguale-per-tutti\/#primaryimage"},"thumbnailUrl":"https:\/\/lavocedelpaese.info\/wp-content\/uploads\/2024\/10\/carmine.jpeg","articleSection":["Attualit\u00e0","primo piano"],"inLanguage":"it-IT","potentialAction":[{"@type":"CommentAction","name":"Comment","target":["https:\/\/lavocedelpaese.info\/index.php\/2024\/10\/16\/verso-un-sistema-pensionistico-uguale-per-tutti\/#respond"]}]},{"@type":"WebPage","@id":"https:\/\/lavocedelpaese.info\/index.php\/2024\/10\/16\/verso-un-sistema-pensionistico-uguale-per-tutti\/","url":"https:\/\/lavocedelpaese.info\/index.php\/2024\/10\/16\/verso-un-sistema-pensionistico-uguale-per-tutti\/","name":"Verso un sistema pensionistico uguale per tutti - La Voce del Paese","isPartOf":{"@id":"https:\/\/lavocedelpaese.info\/#website"},"primaryImageOfPage":{"@id":"https:\/\/lavocedelpaese.info\/index.php\/2024\/10\/16\/verso-un-sistema-pensionistico-uguale-per-tutti\/#primaryimage"},"image":{"@id":"https:\/\/lavocedelpaese.info\/index.php\/2024\/10\/16\/verso-un-sistema-pensionistico-uguale-per-tutti\/#primaryimage"},"thumbnailUrl":"https:\/\/lavocedelpaese.info\/wp-content\/uploads\/2024\/10\/carmine.jpeg","datePublished":"2024-10-16T12:28:16+00:00","dateModified":"2024-10-16T12:28:17+00:00","breadcrumb":{"@id":"https:\/\/lavocedelpaese.info\/index.php\/2024\/10\/16\/verso-un-sistema-pensionistico-uguale-per-tutti\/#breadcrumb"},"inLanguage":"it-IT","potentialAction":[{"@type":"ReadAction","target":["https:\/\/lavocedelpaese.info\/index.php\/2024\/10\/16\/verso-un-sistema-pensionistico-uguale-per-tutti\/"]}]},{"@type":"ImageObject","inLanguage":"it-IT","@id":"https:\/\/lavocedelpaese.info\/index.php\/2024\/10\/16\/verso-un-sistema-pensionistico-uguale-per-tutti\/#primaryimage","url":"https:\/\/lavocedelpaese.info\/wp-content\/uploads\/2024\/10\/carmine.jpeg","contentUrl":"https:\/\/lavocedelpaese.info\/wp-content\/uploads\/2024\/10\/carmine.jpeg","width":622,"height":800},{"@type":"BreadcrumbList","@id":"https:\/\/lavocedelpaese.info\/index.php\/2024\/10\/16\/verso-un-sistema-pensionistico-uguale-per-tutti\/#breadcrumb","itemListElement":[{"@type":"ListItem","position":1,"name":"Home","item":"https:\/\/lavocedelpaese.info\/"},{"@type":"ListItem","position":2,"name":"Verso un sistema pensionistico uguale per tutti"}]},{"@type":"WebSite","@id":"https:\/\/lavocedelpaese.info\/#website","url":"https:\/\/lavocedelpaese.info\/","name":"La Voce del Paese","description":"Un network di idee","publisher":{"@id":"https:\/\/lavocedelpaese.info\/#organization"},"potentialAction":[{"@type":"SearchAction","target":{"@type":"EntryPoint","urlTemplate":"https:\/\/lavocedelpaese.info\/?s={search_term_string}"},"query-input":{"@type":"PropertyValueSpecification","valueRequired":true,"valueName":"search_term_string"}}],"inLanguage":"it-IT"},{"@type":"Organization","@id":"https:\/\/lavocedelpaese.info\/#organization","name":"La Voce del Paese","url":"https:\/\/lavocedelpaese.info\/","logo":{"@type":"ImageObject","inLanguage":"it-IT","@id":"https:\/\/lavocedelpaese.info\/#\/schema\/logo\/image\/","url":"https:\/\/lavocedelpaese.info\/wp-content\/uploads\/2023\/01\/cropped-logo-150-127.png","contentUrl":"https:\/\/lavocedelpaese.info\/wp-content\/uploads\/2023\/01\/cropped-logo-150-127.png","width":137,"height":119,"caption":"La Voce del Paese"},"image":{"@id":"https:\/\/lavocedelpaese.info\/#\/schema\/logo\/image\/"},"sameAs":["https:\/\/www.facebook.com\/lavocedelpaese.info"]},{"@type":"Person","@id":"https:\/\/lavocedelpaese.info\/#\/schema\/person\/ec151d321306bd7591f7a061abf72d88","name":"admin","image":{"@type":"ImageObject","inLanguage":"it-IT","@id":"https:\/\/secure.gravatar.com\/avatar\/af8f2caf0663124588de48a9380e07cbc95a74ef15b8062d0d39106c32fe3023?s=96&d=mm&r=g","url":"https:\/\/secure.gravatar.com\/avatar\/af8f2caf0663124588de48a9380e07cbc95a74ef15b8062d0d39106c32fe3023?s=96&d=mm&r=g","contentUrl":"https:\/\/secure.gravatar.com\/avatar\/af8f2caf0663124588de48a9380e07cbc95a74ef15b8062d0d39106c32fe3023?s=96&d=mm&r=g","caption":"admin"},"sameAs":["https:\/\/lavocedelpaese.info"],"url":"https:\/\/lavocedelpaese.info\/index.php\/author\/admin\/"}]}},"_links":{"self":[{"href":"https:\/\/lavocedelpaese.info\/index.php\/wp-json\/wp\/v2\/posts\/8137","targetHints":{"allow":["GET"]}}],"collection":[{"href":"https:\/\/lavocedelpaese.info\/index.php\/wp-json\/wp\/v2\/posts"}],"about":[{"href":"https:\/\/lavocedelpaese.info\/index.php\/wp-json\/wp\/v2\/types\/post"}],"author":[{"embeddable":true,"href":"https:\/\/lavocedelpaese.info\/index.php\/wp-json\/wp\/v2\/users\/6"}],"replies":[{"embeddable":true,"href":"https:\/\/lavocedelpaese.info\/index.php\/wp-json\/wp\/v2\/comments?post=8137"}],"version-history":[{"count":1,"href":"https:\/\/lavocedelpaese.info\/index.php\/wp-json\/wp\/v2\/posts\/8137\/revisions"}],"predecessor-version":[{"id":8139,"href":"https:\/\/lavocedelpaese.info\/index.php\/wp-json\/wp\/v2\/posts\/8137\/revisions\/8139"}],"wp:featuredmedia":[{"embeddable":true,"href":"https:\/\/lavocedelpaese.info\/index.php\/wp-json\/wp\/v2\/media\/8138"}],"wp:attachment":[{"href":"https:\/\/lavocedelpaese.info\/index.php\/wp-json\/wp\/v2\/media?parent=8137"}],"wp:term":[{"taxonomy":"category","embeddable":true,"href":"https:\/\/lavocedelpaese.info\/index.php\/wp-json\/wp\/v2\/categories?post=8137"},{"taxonomy":"post_tag","embeddable":true,"href":"https:\/\/lavocedelpaese.info\/index.php\/wp-json\/wp\/v2\/tags?post=8137"}],"curies":[{"name":"wp","href":"https:\/\/api.w.org\/{rel}","templated":true}]}}