{"id":8120,"date":"2024-10-14T18:18:36","date_gmt":"2024-10-14T18:18:36","guid":{"rendered":"https:\/\/lavocedelpaese.info\/index.php\/2024\/10\/14\/il-dono-dellolio-ai-piu-bisognosi-a-turi-iniziativa-di-solidarieta\/"},"modified":"2024-10-14T18:18:36","modified_gmt":"2024-10-14T18:18:36","slug":"il-dono-dellolio-ai-piu-bisognosi-a-turi-iniziativa-di-solidarieta","status":"publish","type":"post","link":"https:\/\/lavocedelpaese.info\/index.php\/2024\/10\/14\/il-dono-dellolio-ai-piu-bisognosi-a-turi-iniziativa-di-solidarieta\/","title":{"rendered":"Il dono dell\u2019olio ai pi\u00f9 bisognosi. A Turi iniziativa di solidariet\u00e0\u00a0\u200b"},"content":{"rendered":"<p>\u00a0<\/p>\n<p>\u200b\u00a0<\/p>\n<p>\u200b\u00a0<\/p>\n<div><\/div>\n\n<p>Olio ai pi\u00f9 bisognosi. Ieri, domenica 13 ottobre, presso la Chiesa Madre di Turi, si \u00e8 tenuta la cerimonia del dono dell\u2019olio. 75 bottiglie di olio d\u2019oliva sono state donate alla Casa di Carit\u00e0 di Turi, per il tramite dell\u2019Amministrazione, dall\u2019oleificio \u201cLo schiavetto\u201d di Giuseppe e Claudia Lagravinese, grazie ad un\u2019iniziativa benefica denominata \u201cIl dono dell\u2019olio\u201d promossa dall\u2019associazione di comuni \u201cCuore della Puglia\u201d.<\/p>\n<p>L\u2019Amministrazione, hanno spiegato il sindaco Giuseppe De Tomaso e l\u2019assessore Lilli Susca, ha scelto di destinare questo dono alla Casa della Carit\u00e0 di Turi in quanto quest\u2019ultima rappresenta un valido esempio di collaborazione fra associazioni finalizzata al bene comune. L\u2019olio, simbolo stesso di vita e di salute, sar\u00e0 utilizzato per i pranzi domenicali che saranno organizzati dalle Caritas per tessere quella rete di relazioni che \u00e8 alla base di una vera comunit\u00e0.<\/p>\n<p>L\u2019Amministrazione ha ringraziato le Caritas, Gianni Guerra e il direttore della Caritas Diocesana don Michele Petruzzi che ha ricordato la lezione umanitaria di Papa Francesco. La riconoscenza del Comune va ancora una volta ai fratelli Lagravinese e a Cuore della Puglia per aver reso possibile questo bel gesto di generosit\u00e0.<\/p>\n<p><a class=\"a2a_button_facebook\" href=\"https:\/\/www.addtoany.com\/add_to\/facebook?linkurl=https%3A%2F%2Fturi.lavocedelpaese.info%2Fil-dono-dellolio-ai-piu-bisognosi-a-turi-iniziativa-di-solidarieta%2F&amp;linkname=Il%20dono%20dell%E2%80%99olio%20ai%20pi%C3%B9%20bisognosi.%20A%20Turi%20iniziativa%20di%20solidariet%C3%A0\" title=\"Facebook\" target=\"_blank\" rel=\"noopener\"><\/a><a class=\"a2a_button_twitter\" href=\"https:\/\/www.addtoany.com\/add_to\/twitter?linkurl=https%3A%2F%2Fturi.lavocedelpaese.info%2Fil-dono-dellolio-ai-piu-bisognosi-a-turi-iniziativa-di-solidarieta%2F&amp;linkname=Il%20dono%20dell%E2%80%99olio%20ai%20pi%C3%B9%20bisognosi.%20A%20Turi%20iniziativa%20di%20solidariet%C3%A0\" title=\"Twitter\" target=\"_blank\" rel=\"noopener\"><\/a><a class=\"a2a_button_whatsapp\" href=\"https:\/\/www.addtoany.com\/add_to\/whatsapp?linkurl=https%3A%2F%2Fturi.lavocedelpaese.info%2Fil-dono-dellolio-ai-piu-bisognosi-a-turi-iniziativa-di-solidarieta%2F&amp;linkname=Il%20dono%20dell%E2%80%99olio%20ai%20pi%C3%B9%20bisognosi.%20A%20Turi%20iniziativa%20di%20solidariet%C3%A0\" title=\"WhatsApp\" target=\"_blank\" rel=\"noopener\"><\/a><a class=\"a2a_button_telegram\" href=\"https:\/\/www.addtoany.com\/add_to\/telegram?linkurl=https%3A%2F%2Fturi.lavocedelpaese.info%2Fil-dono-dellolio-ai-piu-bisognosi-a-turi-iniziativa-di-solidarieta%2F&amp;linkname=Il%20dono%20dell%E2%80%99olio%20ai%20pi%C3%B9%20bisognosi.%20A%20Turi%20iniziativa%20di%20solidariet%C3%A0\" title=\"Telegram\" target=\"_blank\" rel=\"noopener\"><\/a><a class=\"a2a_button_email\" href=\"https:\/\/www.addtoany.com\/add_to\/email?linkurl=https%3A%2F%2Fturi.lavocedelpaese.info%2Fil-dono-dellolio-ai-piu-bisognosi-a-turi-iniziativa-di-solidarieta%2F&amp;linkname=Il%20dono%20dell%E2%80%99olio%20ai%20pi%C3%B9%20bisognosi.%20A%20Turi%20iniziativa%20di%20solidariet%C3%A0\" title=\"Email\" target=\"_blank\" rel=\"noopener\"><\/a><\/p>\n<p>L&#8217;articolo <a href=\"https:\/\/turi.lavocedelpaese.info\/il-dono-dellolio-ai-piu-bisognosi-a-turi-iniziativa-di-solidarieta\/\">Il dono dell\u2019olio ai pi\u00f9 bisognosi. A Turi iniziativa di solidariet\u00e0<\/a> proviene da <a href=\"https:\/\/turi.lavocedelpaese.info\/\">Turi &#8211; La Voce del Paese<\/a>.<\/p>\n<p>\u00a0<\/p>\n<p>\u00a0<\/p>\n<p>\u200b\u00a0\u00a0\u00a0<\/p>","protected":false},"excerpt":{"rendered":"<p>\u00a0 \u200b\u00a0 \u200b\u00a0 Olio ai pi\u00f9 bisognosi. Ieri, domenica 13 ottobre, presso la Chiesa Madre di Turi, si \u00e8 tenuta<\/p>\n","protected":false},"author":0,"featured_media":8121,"comment_status":"open","ping_status":"closed","sticky":false,"template":"","format":"standard","meta":{"colormag_page_container_layout":"default_layout","colormag_page_sidebar_layout":"default_layout","footnotes":""},"categories":[33],"tags":[],"class_list":["post-8120","post","type-post","status-publish","format-standard","has-post-thumbnail","hentry","category-network"],"yoast_head":"<!-- This site is optimized with the Yoast SEO plugin v27.5 - https:\/\/yoast.com\/product\/yoast-seo-wordpress\/ -->\n<title>Il dono dell\u2019olio ai pi\u00f9 bisognosi. A Turi iniziativa di solidariet\u00e0\u00a0\u200b - La Voce del Paese<\/title>\n<meta name=\"robots\" content=\"index, follow, max-snippet:-1, max-image-preview:large, max-video-preview:-1\" \/>\n<link rel=\"canonical\" href=\"https:\/\/lavocedelpaese.info\/index.php\/2024\/10\/14\/il-dono-dellolio-ai-piu-bisognosi-a-turi-iniziativa-di-solidarieta\/\" \/>\n<meta property=\"og:locale\" content=\"it_IT\" \/>\n<meta property=\"og:type\" content=\"article\" \/>\n<meta property=\"og:title\" content=\"Il dono dell\u2019olio ai pi\u00f9 bisognosi. A Turi iniziativa di solidariet\u00e0\u00a0\u200b - La Voce del Paese\" \/>\n<meta property=\"og:description\" content=\"\u00a0 \u200b\u00a0 \u200b\u00a0 Olio ai pi\u00f9 bisognosi. Ieri, domenica 13 ottobre, presso la Chiesa Madre di Turi, si \u00e8 tenuta\" \/>\n<meta property=\"og:url\" content=\"https:\/\/lavocedelpaese.info\/index.php\/2024\/10\/14\/il-dono-dellolio-ai-piu-bisognosi-a-turi-iniziativa-di-solidarieta\/\" \/>\n<meta property=\"og:site_name\" content=\"La Voce del Paese\" \/>\n<meta property=\"article:publisher\" content=\"https:\/\/www.facebook.com\/lavocedelpaese.info\" \/>\n<meta property=\"article:published_time\" content=\"2024-10-14T18:18:36+00:00\" \/>\n<meta name=\"twitter:card\" content=\"summary_large_image\" \/>\n<meta name=\"twitter:label1\" content=\"Tempo di lettura stimato\" \/>\n\t<meta name=\"twitter:data1\" content=\"1 minuto\" \/>\n<script type=\"application\/ld+json\" class=\"yoast-schema-graph\">{\"@context\":\"https:\\\/\\\/schema.org\",\"@graph\":[{\"@type\":\"Article\",\"@id\":\"https:\\\/\\\/lavocedelpaese.info\\\/index.php\\\/2024\\\/10\\\/14\\\/il-dono-dellolio-ai-piu-bisognosi-a-turi-iniziativa-di-solidarieta\\\/#article\",\"isPartOf\":{\"@id\":\"https:\\\/\\\/lavocedelpaese.info\\\/index.php\\\/2024\\\/10\\\/14\\\/il-dono-dellolio-ai-piu-bisognosi-a-turi-iniziativa-di-solidarieta\\\/\"},\"author\":{\"name\":\"\",\"@id\":\"\"},\"headline\":\"Il dono dell\u2019olio ai pi\u00f9 bisognosi. A Turi iniziativa di solidariet\u00e0\u00a0\u200b\",\"datePublished\":\"2024-10-14T18:18:36+00:00\",\"mainEntityOfPage\":{\"@id\":\"https:\\\/\\\/lavocedelpaese.info\\\/index.php\\\/2024\\\/10\\\/14\\\/il-dono-dellolio-ai-piu-bisognosi-a-turi-iniziativa-di-solidarieta\\\/\"},\"wordCount\":227,\"commentCount\":0,\"publisher\":{\"@id\":\"https:\\\/\\\/lavocedelpaese.info\\\/#organization\"},\"image\":{\"@id\":\"https:\\\/\\\/lavocedelpaese.info\\\/index.php\\\/2024\\\/10\\\/14\\\/il-dono-dellolio-ai-piu-bisognosi-a-turi-iniziativa-di-solidarieta\\\/#primaryimage\"},\"thumbnailUrl\":\"https:\\\/\\\/lavocedelpaese.info\\\/wp-content\\\/uploads\\\/2024\\\/10\\\/dono-olio-2-1024x768-4TB8Fd.jpeg\",\"articleSection\":[\"network\"],\"inLanguage\":\"it-IT\",\"potentialAction\":[{\"@type\":\"CommentAction\",\"name\":\"Comment\",\"target\":[\"https:\\\/\\\/lavocedelpaese.info\\\/index.php\\\/2024\\\/10\\\/14\\\/il-dono-dellolio-ai-piu-bisognosi-a-turi-iniziativa-di-solidarieta\\\/#respond\"]}]},{\"@type\":\"WebPage\",\"@id\":\"https:\\\/\\\/lavocedelpaese.info\\\/index.php\\\/2024\\\/10\\\/14\\\/il-dono-dellolio-ai-piu-bisognosi-a-turi-iniziativa-di-solidarieta\\\/\",\"url\":\"https:\\\/\\\/lavocedelpaese.info\\\/index.php\\\/2024\\\/10\\\/14\\\/il-dono-dellolio-ai-piu-bisognosi-a-turi-iniziativa-di-solidarieta\\\/\",\"name\":\"Il dono dell\u2019olio ai pi\u00f9 bisognosi. A Turi iniziativa di solidariet\u00e0\u00a0\u200b - La Voce del Paese\",\"isPartOf\":{\"@id\":\"https:\\\/\\\/lavocedelpaese.info\\\/#website\"},\"primaryImageOfPage\":{\"@id\":\"https:\\\/\\\/lavocedelpaese.info\\\/index.php\\\/2024\\\/10\\\/14\\\/il-dono-dellolio-ai-piu-bisognosi-a-turi-iniziativa-di-solidarieta\\\/#primaryimage\"},\"image\":{\"@id\":\"https:\\\/\\\/lavocedelpaese.info\\\/index.php\\\/2024\\\/10\\\/14\\\/il-dono-dellolio-ai-piu-bisognosi-a-turi-iniziativa-di-solidarieta\\\/#primaryimage\"},\"thumbnailUrl\":\"https:\\\/\\\/lavocedelpaese.info\\\/wp-content\\\/uploads\\\/2024\\\/10\\\/dono-olio-2-1024x768-4TB8Fd.jpeg\",\"datePublished\":\"2024-10-14T18:18:36+00:00\",\"breadcrumb\":{\"@id\":\"https:\\\/\\\/lavocedelpaese.info\\\/index.php\\\/2024\\\/10\\\/14\\\/il-dono-dellolio-ai-piu-bisognosi-a-turi-iniziativa-di-solidarieta\\\/#breadcrumb\"},\"inLanguage\":\"it-IT\",\"potentialAction\":[{\"@type\":\"ReadAction\",\"target\":[\"https:\\\/\\\/lavocedelpaese.info\\\/index.php\\\/2024\\\/10\\\/14\\\/il-dono-dellolio-ai-piu-bisognosi-a-turi-iniziativa-di-solidarieta\\\/\"]}]},{\"@type\":\"ImageObject\",\"inLanguage\":\"it-IT\",\"@id\":\"https:\\\/\\\/lavocedelpaese.info\\\/index.php\\\/2024\\\/10\\\/14\\\/il-dono-dellolio-ai-piu-bisognosi-a-turi-iniziativa-di-solidarieta\\\/#primaryimage\",\"url\":\"https:\\\/\\\/lavocedelpaese.info\\\/wp-content\\\/uploads\\\/2024\\\/10\\\/dono-olio-2-1024x768-4TB8Fd.jpeg\",\"contentUrl\":\"https:\\\/\\\/lavocedelpaese.info\\\/wp-content\\\/uploads\\\/2024\\\/10\\\/dono-olio-2-1024x768-4TB8Fd.jpeg\",\"width\":1000,\"height\":750},{\"@type\":\"BreadcrumbList\",\"@id\":\"https:\\\/\\\/lavocedelpaese.info\\\/index.php\\\/2024\\\/10\\\/14\\\/il-dono-dellolio-ai-piu-bisognosi-a-turi-iniziativa-di-solidarieta\\\/#breadcrumb\",\"itemListElement\":[{\"@type\":\"ListItem\",\"position\":1,\"name\":\"Home\",\"item\":\"https:\\\/\\\/lavocedelpaese.info\\\/\"},{\"@type\":\"ListItem\",\"position\":2,\"name\":\"Il dono dell\u2019olio ai pi\u00f9 bisognosi. A Turi iniziativa di solidariet\u00e0\u00a0\u200b\"}]},{\"@type\":\"WebSite\",\"@id\":\"https:\\\/\\\/lavocedelpaese.info\\\/#website\",\"url\":\"https:\\\/\\\/lavocedelpaese.info\\\/\",\"name\":\"La Voce del Paese\",\"description\":\"Un network di idee\",\"publisher\":{\"@id\":\"https:\\\/\\\/lavocedelpaese.info\\\/#organization\"},\"potentialAction\":[{\"@type\":\"SearchAction\",\"target\":{\"@type\":\"EntryPoint\",\"urlTemplate\":\"https:\\\/\\\/lavocedelpaese.info\\\/?s={search_term_string}\"},\"query-input\":{\"@type\":\"PropertyValueSpecification\",\"valueRequired\":true,\"valueName\":\"search_term_string\"}}],\"inLanguage\":\"it-IT\"},{\"@type\":\"Organization\",\"@id\":\"https:\\\/\\\/lavocedelpaese.info\\\/#organization\",\"name\":\"La Voce del Paese\",\"url\":\"https:\\\/\\\/lavocedelpaese.info\\\/\",\"logo\":{\"@type\":\"ImageObject\",\"inLanguage\":\"it-IT\",\"@id\":\"https:\\\/\\\/lavocedelpaese.info\\\/#\\\/schema\\\/logo\\\/image\\\/\",\"url\":\"https:\\\/\\\/lavocedelpaese.info\\\/wp-content\\\/uploads\\\/2023\\\/01\\\/cropped-logo-150-127.png\",\"contentUrl\":\"https:\\\/\\\/lavocedelpaese.info\\\/wp-content\\\/uploads\\\/2023\\\/01\\\/cropped-logo-150-127.png\",\"width\":137,\"height\":119,\"caption\":\"La Voce del Paese\"},\"image\":{\"@id\":\"https:\\\/\\\/lavocedelpaese.info\\\/#\\\/schema\\\/logo\\\/image\\\/\"},\"sameAs\":[\"https:\\\/\\\/www.facebook.com\\\/lavocedelpaese.info\"]}]}<\/script>\n<!-- \/ Yoast SEO plugin. -->","yoast_head_json":{"title":"Il dono dell\u2019olio ai pi\u00f9 bisognosi. A Turi iniziativa di solidariet\u00e0\u00a0\u200b - La Voce del Paese","robots":{"index":"index","follow":"follow","max-snippet":"max-snippet:-1","max-image-preview":"max-image-preview:large","max-video-preview":"max-video-preview:-1"},"canonical":"https:\/\/lavocedelpaese.info\/index.php\/2024\/10\/14\/il-dono-dellolio-ai-piu-bisognosi-a-turi-iniziativa-di-solidarieta\/","og_locale":"it_IT","og_type":"article","og_title":"Il dono dell\u2019olio ai pi\u00f9 bisognosi. A Turi iniziativa di solidariet\u00e0\u00a0\u200b - La Voce del Paese","og_description":"\u00a0 \u200b\u00a0 \u200b\u00a0 Olio ai pi\u00f9 bisognosi. Ieri, domenica 13 ottobre, presso la Chiesa Madre di Turi, si \u00e8 tenuta","og_url":"https:\/\/lavocedelpaese.info\/index.php\/2024\/10\/14\/il-dono-dellolio-ai-piu-bisognosi-a-turi-iniziativa-di-solidarieta\/","og_site_name":"La Voce del Paese","article_publisher":"https:\/\/www.facebook.com\/lavocedelpaese.info","article_published_time":"2024-10-14T18:18:36+00:00","twitter_card":"summary_large_image","twitter_misc":{"Tempo di lettura stimato":"1 minuto"},"schema":{"@context":"https:\/\/schema.org","@graph":[{"@type":"Article","@id":"https:\/\/lavocedelpaese.info\/index.php\/2024\/10\/14\/il-dono-dellolio-ai-piu-bisognosi-a-turi-iniziativa-di-solidarieta\/#article","isPartOf":{"@id":"https:\/\/lavocedelpaese.info\/index.php\/2024\/10\/14\/il-dono-dellolio-ai-piu-bisognosi-a-turi-iniziativa-di-solidarieta\/"},"author":{"name":"","@id":""},"headline":"Il dono dell\u2019olio ai pi\u00f9 bisognosi. A Turi iniziativa di solidariet\u00e0\u00a0\u200b","datePublished":"2024-10-14T18:18:36+00:00","mainEntityOfPage":{"@id":"https:\/\/lavocedelpaese.info\/index.php\/2024\/10\/14\/il-dono-dellolio-ai-piu-bisognosi-a-turi-iniziativa-di-solidarieta\/"},"wordCount":227,"commentCount":0,"publisher":{"@id":"https:\/\/lavocedelpaese.info\/#organization"},"image":{"@id":"https:\/\/lavocedelpaese.info\/index.php\/2024\/10\/14\/il-dono-dellolio-ai-piu-bisognosi-a-turi-iniziativa-di-solidarieta\/#primaryimage"},"thumbnailUrl":"https:\/\/lavocedelpaese.info\/wp-content\/uploads\/2024\/10\/dono-olio-2-1024x768-4TB8Fd.jpeg","articleSection":["network"],"inLanguage":"it-IT","potentialAction":[{"@type":"CommentAction","name":"Comment","target":["https:\/\/lavocedelpaese.info\/index.php\/2024\/10\/14\/il-dono-dellolio-ai-piu-bisognosi-a-turi-iniziativa-di-solidarieta\/#respond"]}]},{"@type":"WebPage","@id":"https:\/\/lavocedelpaese.info\/index.php\/2024\/10\/14\/il-dono-dellolio-ai-piu-bisognosi-a-turi-iniziativa-di-solidarieta\/","url":"https:\/\/lavocedelpaese.info\/index.php\/2024\/10\/14\/il-dono-dellolio-ai-piu-bisognosi-a-turi-iniziativa-di-solidarieta\/","name":"Il dono dell\u2019olio ai pi\u00f9 bisognosi. A Turi iniziativa di solidariet\u00e0\u00a0\u200b - La Voce del Paese","isPartOf":{"@id":"https:\/\/lavocedelpaese.info\/#website"},"primaryImageOfPage":{"@id":"https:\/\/lavocedelpaese.info\/index.php\/2024\/10\/14\/il-dono-dellolio-ai-piu-bisognosi-a-turi-iniziativa-di-solidarieta\/#primaryimage"},"image":{"@id":"https:\/\/lavocedelpaese.info\/index.php\/2024\/10\/14\/il-dono-dellolio-ai-piu-bisognosi-a-turi-iniziativa-di-solidarieta\/#primaryimage"},"thumbnailUrl":"https:\/\/lavocedelpaese.info\/wp-content\/uploads\/2024\/10\/dono-olio-2-1024x768-4TB8Fd.jpeg","datePublished":"2024-10-14T18:18:36+00:00","breadcrumb":{"@id":"https:\/\/lavocedelpaese.info\/index.php\/2024\/10\/14\/il-dono-dellolio-ai-piu-bisognosi-a-turi-iniziativa-di-solidarieta\/#breadcrumb"},"inLanguage":"it-IT","potentialAction":[{"@type":"ReadAction","target":["https:\/\/lavocedelpaese.info\/index.php\/2024\/10\/14\/il-dono-dellolio-ai-piu-bisognosi-a-turi-iniziativa-di-solidarieta\/"]}]},{"@type":"ImageObject","inLanguage":"it-IT","@id":"https:\/\/lavocedelpaese.info\/index.php\/2024\/10\/14\/il-dono-dellolio-ai-piu-bisognosi-a-turi-iniziativa-di-solidarieta\/#primaryimage","url":"https:\/\/lavocedelpaese.info\/wp-content\/uploads\/2024\/10\/dono-olio-2-1024x768-4TB8Fd.jpeg","contentUrl":"https:\/\/lavocedelpaese.info\/wp-content\/uploads\/2024\/10\/dono-olio-2-1024x768-4TB8Fd.jpeg","width":1000,"height":750},{"@type":"BreadcrumbList","@id":"https:\/\/lavocedelpaese.info\/index.php\/2024\/10\/14\/il-dono-dellolio-ai-piu-bisognosi-a-turi-iniziativa-di-solidarieta\/#breadcrumb","itemListElement":[{"@type":"ListItem","position":1,"name":"Home","item":"https:\/\/lavocedelpaese.info\/"},{"@type":"ListItem","position":2,"name":"Il dono dell\u2019olio ai pi\u00f9 bisognosi. A Turi iniziativa di solidariet\u00e0\u00a0\u200b"}]},{"@type":"WebSite","@id":"https:\/\/lavocedelpaese.info\/#website","url":"https:\/\/lavocedelpaese.info\/","name":"La Voce del Paese","description":"Un network di idee","publisher":{"@id":"https:\/\/lavocedelpaese.info\/#organization"},"potentialAction":[{"@type":"SearchAction","target":{"@type":"EntryPoint","urlTemplate":"https:\/\/lavocedelpaese.info\/?s={search_term_string}"},"query-input":{"@type":"PropertyValueSpecification","valueRequired":true,"valueName":"search_term_string"}}],"inLanguage":"it-IT"},{"@type":"Organization","@id":"https:\/\/lavocedelpaese.info\/#organization","name":"La Voce del Paese","url":"https:\/\/lavocedelpaese.info\/","logo":{"@type":"ImageObject","inLanguage":"it-IT","@id":"https:\/\/lavocedelpaese.info\/#\/schema\/logo\/image\/","url":"https:\/\/lavocedelpaese.info\/wp-content\/uploads\/2023\/01\/cropped-logo-150-127.png","contentUrl":"https:\/\/lavocedelpaese.info\/wp-content\/uploads\/2023\/01\/cropped-logo-150-127.png","width":137,"height":119,"caption":"La Voce del Paese"},"image":{"@id":"https:\/\/lavocedelpaese.info\/#\/schema\/logo\/image\/"},"sameAs":["https:\/\/www.facebook.com\/lavocedelpaese.info"]}]}},"_links":{"self":[{"href":"https:\/\/lavocedelpaese.info\/index.php\/wp-json\/wp\/v2\/posts\/8120","targetHints":{"allow":["GET"]}}],"collection":[{"href":"https:\/\/lavocedelpaese.info\/index.php\/wp-json\/wp\/v2\/posts"}],"about":[{"href":"https:\/\/lavocedelpaese.info\/index.php\/wp-json\/wp\/v2\/types\/post"}],"replies":[{"embeddable":true,"href":"https:\/\/lavocedelpaese.info\/index.php\/wp-json\/wp\/v2\/comments?post=8120"}],"version-history":[{"count":0,"href":"https:\/\/lavocedelpaese.info\/index.php\/wp-json\/wp\/v2\/posts\/8120\/revisions"}],"wp:featuredmedia":[{"embeddable":true,"href":"https:\/\/lavocedelpaese.info\/index.php\/wp-json\/wp\/v2\/media\/8121"}],"wp:attachment":[{"href":"https:\/\/lavocedelpaese.info\/index.php\/wp-json\/wp\/v2\/media?parent=8120"}],"wp:term":[{"taxonomy":"category","embeddable":true,"href":"https:\/\/lavocedelpaese.info\/index.php\/wp-json\/wp\/v2\/categories?post=8120"},{"taxonomy":"post_tag","embeddable":true,"href":"https:\/\/lavocedelpaese.info\/index.php\/wp-json\/wp\/v2\/tags?post=8120"}],"curies":[{"name":"wp","href":"https:\/\/api.w.org\/{rel}","templated":true}]}}