{"id":8118,"date":"2024-10-13T13:18:05","date_gmt":"2024-10-13T13:18:05","guid":{"rendered":"https:\/\/lavocedelpaese.info\/index.php\/2024\/10\/13\/madonna-del-rosario-un-clima-di-gioia-e-devozione-ha-unito-la-nostra-comunita-foto\/"},"modified":"2024-10-13T13:18:05","modified_gmt":"2024-10-13T13:18:05","slug":"madonna-del-rosario-un-clima-di-gioia-e-devozione-ha-unito-la-nostra-comunita-foto","status":"publish","type":"post","link":"https:\/\/lavocedelpaese.info\/index.php\/2024\/10\/13\/madonna-del-rosario-un-clima-di-gioia-e-devozione-ha-unito-la-nostra-comunita-foto\/","title":{"rendered":"Madonna del Rosario. Un clima di gioia e devozione ha unito la nostra comunit\u00e0\/foto\u00a0\u200b"},"content":{"rendered":"<p>\u00a0<\/p>\n<p>\u200b\u00a0<\/p>\n<p>\u200b\u00a0<\/p>\n<p>La festa della Madonna del Rosario di quest\u2019anno ha unito la comunit\u00e0 in un clima di gioia e devozione, creando momenti indimenticabili tanto dal punto di vista religioso quanto da quello civile. Fin dai primi giorni della Novena, l\u2019entusiasmo era palpabile tra i fedeli, che si sono radunati per vivere insieme le celebrazioni e godere degli incontri comunitari all\u2019esterno della chiesa.<\/p>\n<p>Francesco Tuseo-Ferrer, priore della Confraternita del Rosario, ha condiviso il suo entusiasmo per l\u2019esito dei festeggiamenti: \u201cSiamo molto contenti di come si sono svolti i momenti religiosi e civili. La partecipazione \u00e8 stata intensa e sentita, soprattutto durante le celebrazioni a San Domenico, e questo ci ha riempito di gioia. Vedere la nostra chiesa piena e avvertire l\u2019energia della comunit\u00e0 \u00e8 stato emozionante\u201d.<\/p>\n<p>La Confraternita ha dovuto affrontare le sfide che comporta l\u2019organizzazione di una festa cos\u00ec grande, soprattutto in una piccola realt\u00e0 come la loro. Ma la generosit\u00e0 dei fedeli e il prezioso supporto degli sponsor hanno fatto la differenza. \u201cNon \u00e8 mai facile organizzare una festa di questa portata\u201d, ha spiegato Tuseo-Ferrer, \u201cma l\u2019aiuto di tanti, anche solo con piccole offerte, ci ha permesso di onorare degnamente la nostra Titolare, la Madonna del Rosario\u201d. Questo sostegno ha rappresentato una vera e propria linfa vitale, dando forza alla Confraternita e permettendo di realizzare un evento che ha toccato i cuori di tutti.<\/p>\n<p>Un ringraziamento speciale va a Francesco Ceppaglia (non l\u2019unico), che con i suoi scatti fotografici ha saputo catturare la bellezza e la spiritualit\u00e0 di ogni momento. Le sue fotografie sono state in grado di raccontare la festa con uno sguardo unico, fissando in immagini la devozione e la gioia dei partecipanti. Grazie a lui, i ricordi di questa edizione rimarranno vivi nel tempo, portando con s\u00e9 l\u2019emozione di quei giorni anche a distanza.<\/p>\n<p>L\u2019entusiasmo della comunit\u00e0 non si esaurisce con la conclusione della festa. Per tutto il mese di ottobre, ogni pomeriggio alle 17:00, la chiesa di San Domenico accoglier\u00e0 la recita del Santo Rosario, un appuntamento pensato per le famiglie e per tutti coloro che desiderano continuare a pregare insieme. E si guarda gi\u00e0 al prossimo evento: il 27 novembre, la Confraternita si prepara a celebrare la festa mariana dedicata alla Madonna della Medaglia Miracolosa, un altro momento di raccoglimento e condivisione che arricchir\u00e0 la vita spirituale della comunit\u00e0.<\/p>\n<p>La festa della Madonna del Rosario di quest\u2019anno \u00e8 stata un\u2019occasione speciale, capace di far sentire tutti parte di una grande famiglia. L\u2019entusiasmo dei partecipanti, la dedizione dei volontari e il contributo prezioso degli sponsor hanno reso possibile un evento che rimarr\u00e0 nel cuore di molti. E ora, con lo sguardo rivolto al futuro, la Confraternita \u00e8 pronta a continuare il suo cammino, portando avanti lo spirito di comunione e devozione che ha caratterizzato questi giorni di festa.<\/p>\n<p><strong>Confraternita SS. Rosario<\/strong><\/p>\n<p><a href=\"https:\/\/gioia.lavocedelpaese.info\/index.php\/2024\/10\/13\/madonna-del-rosario-un-clima-di-gioia-e-devozione-ha-unito-la-nostra-comunita-foto\/ultima-sera-2\/\"><\/a><br \/>\n<a href=\"https:\/\/gioia.lavocedelpaese.info\/index.php\/2024\/10\/13\/madonna-del-rosario-un-clima-di-gioia-e-devozione-ha-unito-la-nostra-comunita-foto\/ultima-sera-1-2\/\"><\/a><br \/>\n<a href=\"https:\/\/gioia.lavocedelpaese.info\/index.php\/2024\/10\/13\/madonna-del-rosario-un-clima-di-gioia-e-devozione-ha-unito-la-nostra-comunita-foto\/ritorno-in-san-domenico\/\"><\/a><br \/>\n<a href=\"https:\/\/gioia.lavocedelpaese.info\/index.php\/2024\/10\/13\/madonna-del-rosario-un-clima-di-gioia-e-devozione-ha-unito-la-nostra-comunita-foto\/don-mimi-1\/\"><\/a><br \/>\n<a href=\"https:\/\/gioia.lavocedelpaese.info\/index.php\/2024\/10\/13\/madonna-del-rosario-un-clima-di-gioia-e-devozione-ha-unito-la-nostra-comunita-foto\/don-mimi-2\/\"><\/a><br \/>\n<a href=\"https:\/\/gioia.lavocedelpaese.info\/index.php\/2024\/10\/13\/madonna-del-rosario-un-clima-di-gioia-e-devozione-ha-unito-la-nostra-comunita-foto\/madonna-angolo-bernal-2\/\"><\/a><br \/>\n<a href=\"https:\/\/gioia.lavocedelpaese.info\/index.php\/2024\/10\/13\/madonna-del-rosario-un-clima-di-gioia-e-devozione-ha-unito-la-nostra-comunita-foto\/omaggio-alla-banda-2\/\"><\/a><br \/>\n<a href=\"https:\/\/gioia.lavocedelpaese.info\/index.php\/2024\/10\/13\/madonna-del-rosario-un-clima-di-gioia-e-devozione-ha-unito-la-nostra-comunita-foto\/omaggio-alla-banda-3\/\"><\/a><br \/>\n<a href=\"https:\/\/gioia.lavocedelpaese.info\/index.php\/2024\/10\/13\/madonna-del-rosario-un-clima-di-gioia-e-devozione-ha-unito-la-nostra-comunita-foto\/omaggio-alla-banda\/\"><\/a><br \/>\n<a href=\"https:\/\/gioia.lavocedelpaese.info\/index.php\/2024\/10\/13\/madonna-del-rosario-un-clima-di-gioia-e-devozione-ha-unito-la-nostra-comunita-foto\/don-francesco-4\/\"><\/a><br \/>\n<a href=\"https:\/\/gioia.lavocedelpaese.info\/index.php\/2024\/10\/13\/madonna-del-rosario-un-clima-di-gioia-e-devozione-ha-unito-la-nostra-comunita-foto\/don-francesco-3\/\"><\/a><br \/>\n<a href=\"https:\/\/gioia.lavocedelpaese.info\/index.php\/2024\/10\/13\/madonna-del-rosario-un-clima-di-gioia-e-devozione-ha-unito-la-nostra-comunita-foto\/don-francesco-2-2\/\"><\/a><br \/>\n<a href=\"https:\/\/gioia.lavocedelpaese.info\/index.php\/2024\/10\/13\/madonna-del-rosario-un-clima-di-gioia-e-devozione-ha-unito-la-nostra-comunita-foto\/don-francesco-1\/\"><\/a><br \/>\n<a href=\"https:\/\/gioia.lavocedelpaese.info\/index.php\/2024\/10\/13\/madonna-del-rosario-un-clima-di-gioia-e-devozione-ha-unito-la-nostra-comunita-foto\/concerto-banda\/\"><\/a><br \/>\n<a href=\"https:\/\/gioia.lavocedelpaese.info\/index.php\/2024\/10\/13\/madonna-del-rosario-un-clima-di-gioia-e-devozione-ha-unito-la-nostra-comunita-foto\/concerto-banda-1-2\/\"><\/a><br \/>\n<a href=\"https:\/\/gioia.lavocedelpaese.info\/index.php\/2024\/10\/13\/madonna-del-rosario-un-clima-di-gioia-e-devozione-ha-unito-la-nostra-comunita-foto\/concerto-amato-8-fileminimizer-2\/\"><\/a><br \/>\n<a href=\"https:\/\/gioia.lavocedelpaese.info\/index.php\/2024\/10\/13\/madonna-del-rosario-un-clima-di-gioia-e-devozione-ha-unito-la-nostra-comunita-foto\/concerto-amato-7-fileminimizer-2\/\"><\/a><br \/>\n<a href=\"https:\/\/gioia.lavocedelpaese.info\/index.php\/2024\/10\/13\/madonna-del-rosario-un-clima-di-gioia-e-devozione-ha-unito-la-nostra-comunita-foto\/concerto-amato-2-fileminimizer-2\/\"><\/a><br \/>\n<a href=\"https:\/\/gioia.lavocedelpaese.info\/index.php\/2024\/10\/13\/madonna-del-rosario-un-clima-di-gioia-e-devozione-ha-unito-la-nostra-comunita-foto\/concerto-amato-1-fileminimizer-2\/\"><\/a><br \/>\n<a href=\"https:\/\/gioia.lavocedelpaese.info\/index.php\/2024\/10\/13\/madonna-del-rosario-un-clima-di-gioia-e-devozione-ha-unito-la-nostra-comunita-foto\/21-fileminimizer-2\/\"><\/a><br \/>\n<a href=\"https:\/\/gioia.lavocedelpaese.info\/index.php\/2024\/10\/13\/madonna-del-rosario-un-clima-di-gioia-e-devozione-ha-unito-la-nostra-comunita-foto\/20-fileminimizer-2\/\"><\/a><br \/>\n<a href=\"https:\/\/gioia.lavocedelpaese.info\/index.php\/2024\/10\/13\/madonna-del-rosario-un-clima-di-gioia-e-devozione-ha-unito-la-nostra-comunita-foto\/13-fileminimizer-2\/\"><\/a><br \/>\n<a href=\"https:\/\/gioia.lavocedelpaese.info\/index.php\/2024\/10\/13\/madonna-del-rosario-un-clima-di-gioia-e-devozione-ha-unito-la-nostra-comunita-foto\/14-fileminimizer-2\/\"><\/a><br \/>\n<a href=\"https:\/\/gioia.lavocedelpaese.info\/index.php\/2024\/10\/13\/madonna-del-rosario-un-clima-di-gioia-e-devozione-ha-unito-la-nostra-comunita-foto\/15-fileminimizer-2\/\"><\/a><br \/>\n<a href=\"https:\/\/gioia.lavocedelpaese.info\/index.php\/2024\/10\/13\/madonna-del-rosario-un-clima-di-gioia-e-devozione-ha-unito-la-nostra-comunita-foto\/16-fileminimizer-2\/\"><\/a><br \/>\n<a href=\"https:\/\/gioia.lavocedelpaese.info\/index.php\/2024\/10\/13\/madonna-del-rosario-un-clima-di-gioia-e-devozione-ha-unito-la-nostra-comunita-foto\/17-fileminimizer-2\/\"><\/a><br \/>\n<a href=\"https:\/\/gioia.lavocedelpaese.info\/index.php\/2024\/10\/13\/madonna-del-rosario-un-clima-di-gioia-e-devozione-ha-unito-la-nostra-comunita-foto\/18-fileminimizer-2\/\"><\/a><br \/>\n<a href=\"https:\/\/gioia.lavocedelpaese.info\/index.php\/2024\/10\/13\/madonna-del-rosario-un-clima-di-gioia-e-devozione-ha-unito-la-nostra-comunita-foto\/12-fileminimizer-2\/\"><\/a><br \/>\n<a href=\"https:\/\/gioia.lavocedelpaese.info\/index.php\/2024\/10\/13\/madonna-del-rosario-un-clima-di-gioia-e-devozione-ha-unito-la-nostra-comunita-foto\/11-fileminimizer-2\/\"><\/a><br \/>\n<a href=\"https:\/\/gioia.lavocedelpaese.info\/index.php\/2024\/10\/13\/madonna-del-rosario-un-clima-di-gioia-e-devozione-ha-unito-la-nostra-comunita-foto\/9-fileminimizer-2\/\"><\/a><br \/>\n<a href=\"https:\/\/gioia.lavocedelpaese.info\/index.php\/2024\/10\/13\/madonna-del-rosario-un-clima-di-gioia-e-devozione-ha-unito-la-nostra-comunita-foto\/8-fileminimizer-2\/\"><\/a><br \/>\n<a href=\"https:\/\/gioia.lavocedelpaese.info\/index.php\/2024\/10\/13\/madonna-del-rosario-un-clima-di-gioia-e-devozione-ha-unito-la-nostra-comunita-foto\/7-fileminimizer-2\/\"><\/a><br \/>\n<a href=\"https:\/\/gioia.lavocedelpaese.info\/index.php\/2024\/10\/13\/madonna-del-rosario-un-clima-di-gioia-e-devozione-ha-unito-la-nostra-comunita-foto\/6-fileminimizer-2\/\"><\/a><br \/>\n<a href=\"https:\/\/gioia.lavocedelpaese.info\/index.php\/2024\/10\/13\/madonna-del-rosario-un-clima-di-gioia-e-devozione-ha-unito-la-nostra-comunita-foto\/5-fileminimizer-2\/\"><\/a><br \/>\n<a href=\"https:\/\/gioia.lavocedelpaese.info\/index.php\/2024\/10\/13\/madonna-del-rosario-un-clima-di-gioia-e-devozione-ha-unito-la-nostra-comunita-foto\/4-fileminimizer-2\/\"><\/a><br \/>\n<a href=\"https:\/\/gioia.lavocedelpaese.info\/index.php\/2024\/10\/13\/madonna-del-rosario-un-clima-di-gioia-e-devozione-ha-unito-la-nostra-comunita-foto\/2-fileminimizer-2\/\"><\/a><\/p>\n<p><a class=\"a2a_button_facebook\" href=\"https:\/\/www.addtoany.com\/add_to\/facebook?linkurl=https%3A%2F%2Fgioia.lavocedelpaese.info%2Findex.php%2F2024%2F10%2F13%2Fmadonna-del-rosario-un-clima-di-gioia-e-devozione-ha-unito-la-nostra-comunita-foto%2F&amp;linkname=Madonna%20del%20Rosario.%20Un%20clima%20di%20gioia%20e%20devozione%20ha%20unito%20la%20nostra%20comunit%C3%A0%2Ffoto\" title=\"Facebook\" target=\"_blank\" rel=\"noopener\"><\/a><a class=\"a2a_button_twitter\" href=\"https:\/\/www.addtoany.com\/add_to\/twitter?linkurl=https%3A%2F%2Fgioia.lavocedelpaese.info%2Findex.php%2F2024%2F10%2F13%2Fmadonna-del-rosario-un-clima-di-gioia-e-devozione-ha-unito-la-nostra-comunita-foto%2F&amp;linkname=Madonna%20del%20Rosario.%20Un%20clima%20di%20gioia%20e%20devozione%20ha%20unito%20la%20nostra%20comunit%C3%A0%2Ffoto\" title=\"Twitter\" target=\"_blank\" rel=\"noopener\"><\/a><a class=\"a2a_button_whatsapp\" href=\"https:\/\/www.addtoany.com\/add_to\/whatsapp?linkurl=https%3A%2F%2Fgioia.lavocedelpaese.info%2Findex.php%2F2024%2F10%2F13%2Fmadonna-del-rosario-un-clima-di-gioia-e-devozione-ha-unito-la-nostra-comunita-foto%2F&amp;linkname=Madonna%20del%20Rosario.%20Un%20clima%20di%20gioia%20e%20devozione%20ha%20unito%20la%20nostra%20comunit%C3%A0%2Ffoto\" title=\"WhatsApp\" target=\"_blank\" rel=\"noopener\"><\/a><a class=\"a2a_button_telegram\" href=\"https:\/\/www.addtoany.com\/add_to\/telegram?linkurl=https%3A%2F%2Fgioia.lavocedelpaese.info%2Findex.php%2F2024%2F10%2F13%2Fmadonna-del-rosario-un-clima-di-gioia-e-devozione-ha-unito-la-nostra-comunita-foto%2F&amp;linkname=Madonna%20del%20Rosario.%20Un%20clima%20di%20gioia%20e%20devozione%20ha%20unito%20la%20nostra%20comunit%C3%A0%2Ffoto\" title=\"Telegram\" target=\"_blank\" rel=\"noopener\"><\/a><a class=\"a2a_button_email\" href=\"https:\/\/www.addtoany.com\/add_to\/email?linkurl=https%3A%2F%2Fgioia.lavocedelpaese.info%2Findex.php%2F2024%2F10%2F13%2Fmadonna-del-rosario-un-clima-di-gioia-e-devozione-ha-unito-la-nostra-comunita-foto%2F&amp;linkname=Madonna%20del%20Rosario.%20Un%20clima%20di%20gioia%20e%20devozione%20ha%20unito%20la%20nostra%20comunit%C3%A0%2Ffoto\" title=\"Email\" target=\"_blank\" rel=\"noopener\"><\/a><\/p>\n<p>\u00a0<\/p>\n<p>\u00a0<\/p>\n<p>\u200b\u00a0\u00a0\u00a0<\/p>","protected":false},"excerpt":{"rendered":"<p>\u00a0 \u200b\u00a0 \u200b\u00a0 La festa della Madonna del Rosario di quest\u2019anno ha unito la comunit\u00e0 in un clima di gioia<\/p>\n","protected":false},"author":0,"featured_media":8119,"comment_status":"open","ping_status":"closed","sticky":false,"template":"","format":"standard","meta":{"colormag_page_container_layout":"default_layout","colormag_page_sidebar_layout":"default_layout","footnotes":""},"categories":[33],"tags":[],"class_list":["post-8118","post","type-post","status-publish","format-standard","has-post-thumbnail","hentry","category-network"],"yoast_head":"<!-- This site is optimized with the Yoast SEO plugin v27.5 - https:\/\/yoast.com\/product\/yoast-seo-wordpress\/ -->\n<title>Madonna del Rosario. Un clima di gioia e devozione ha unito la nostra comunit\u00e0\/foto\u00a0\u200b - La Voce del Paese<\/title>\n<meta name=\"robots\" content=\"index, follow, max-snippet:-1, max-image-preview:large, max-video-preview:-1\" \/>\n<link rel=\"canonical\" href=\"https:\/\/lavocedelpaese.info\/index.php\/2024\/10\/13\/madonna-del-rosario-un-clima-di-gioia-e-devozione-ha-unito-la-nostra-comunita-foto\/\" \/>\n<meta property=\"og:locale\" content=\"it_IT\" \/>\n<meta property=\"og:type\" content=\"article\" \/>\n<meta property=\"og:title\" content=\"Madonna del Rosario. Un clima di gioia e devozione ha unito la nostra comunit\u00e0\/foto\u00a0\u200b - La Voce del Paese\" \/>\n<meta property=\"og:description\" content=\"\u00a0 \u200b\u00a0 \u200b\u00a0 La festa della Madonna del Rosario di quest\u2019anno ha unito la comunit\u00e0 in un clima di gioia\" \/>\n<meta property=\"og:url\" content=\"https:\/\/lavocedelpaese.info\/index.php\/2024\/10\/13\/madonna-del-rosario-un-clima-di-gioia-e-devozione-ha-unito-la-nostra-comunita-foto\/\" \/>\n<meta property=\"og:site_name\" content=\"La Voce del Paese\" \/>\n<meta property=\"article:publisher\" content=\"https:\/\/www.facebook.com\/lavocedelpaese.info\" \/>\n<meta property=\"article:published_time\" content=\"2024-10-13T13:18:05+00:00\" \/>\n<meta name=\"twitter:card\" content=\"summary_large_image\" \/>\n<meta name=\"twitter:label1\" content=\"Tempo di lettura stimato\" \/>\n\t<meta name=\"twitter:data1\" content=\"2 minuti\" \/>\n<script type=\"application\/ld+json\" class=\"yoast-schema-graph\">{\"@context\":\"https:\\\/\\\/schema.org\",\"@graph\":[{\"@type\":\"Article\",\"@id\":\"https:\\\/\\\/lavocedelpaese.info\\\/index.php\\\/2024\\\/10\\\/13\\\/madonna-del-rosario-un-clima-di-gioia-e-devozione-ha-unito-la-nostra-comunita-foto\\\/#article\",\"isPartOf\":{\"@id\":\"https:\\\/\\\/lavocedelpaese.info\\\/index.php\\\/2024\\\/10\\\/13\\\/madonna-del-rosario-un-clima-di-gioia-e-devozione-ha-unito-la-nostra-comunita-foto\\\/\"},\"author\":{\"name\":\"\",\"@id\":\"\"},\"headline\":\"Madonna del Rosario. Un clima di gioia e devozione ha unito la nostra comunit\u00e0\\\/foto\u00a0\u200b\",\"datePublished\":\"2024-10-13T13:18:05+00:00\",\"mainEntityOfPage\":{\"@id\":\"https:\\\/\\\/lavocedelpaese.info\\\/index.php\\\/2024\\\/10\\\/13\\\/madonna-del-rosario-un-clima-di-gioia-e-devozione-ha-unito-la-nostra-comunita-foto\\\/\"},\"wordCount\":486,\"commentCount\":0,\"publisher\":{\"@id\":\"https:\\\/\\\/lavocedelpaese.info\\\/#organization\"},\"image\":{\"@id\":\"https:\\\/\\\/lavocedelpaese.info\\\/index.php\\\/2024\\\/10\\\/13\\\/madonna-del-rosario-un-clima-di-gioia-e-devozione-ha-unito-la-nostra-comunita-foto\\\/#primaryimage\"},\"thumbnailUrl\":\"https:\\\/\\\/lavocedelpaese.info\\\/wp-content\\\/uploads\\\/2024\\\/10\\\/21-s66k1r.jpeg\",\"articleSection\":[\"network\"],\"inLanguage\":\"it-IT\",\"potentialAction\":[{\"@type\":\"CommentAction\",\"name\":\"Comment\",\"target\":[\"https:\\\/\\\/lavocedelpaese.info\\\/index.php\\\/2024\\\/10\\\/13\\\/madonna-del-rosario-un-clima-di-gioia-e-devozione-ha-unito-la-nostra-comunita-foto\\\/#respond\"]}]},{\"@type\":\"WebPage\",\"@id\":\"https:\\\/\\\/lavocedelpaese.info\\\/index.php\\\/2024\\\/10\\\/13\\\/madonna-del-rosario-un-clima-di-gioia-e-devozione-ha-unito-la-nostra-comunita-foto\\\/\",\"url\":\"https:\\\/\\\/lavocedelpaese.info\\\/index.php\\\/2024\\\/10\\\/13\\\/madonna-del-rosario-un-clima-di-gioia-e-devozione-ha-unito-la-nostra-comunita-foto\\\/\",\"name\":\"Madonna del Rosario. Un clima di gioia e devozione ha unito la nostra comunit\u00e0\\\/foto\u00a0\u200b - La Voce del Paese\",\"isPartOf\":{\"@id\":\"https:\\\/\\\/lavocedelpaese.info\\\/#website\"},\"primaryImageOfPage\":{\"@id\":\"https:\\\/\\\/lavocedelpaese.info\\\/index.php\\\/2024\\\/10\\\/13\\\/madonna-del-rosario-un-clima-di-gioia-e-devozione-ha-unito-la-nostra-comunita-foto\\\/#primaryimage\"},\"image\":{\"@id\":\"https:\\\/\\\/lavocedelpaese.info\\\/index.php\\\/2024\\\/10\\\/13\\\/madonna-del-rosario-un-clima-di-gioia-e-devozione-ha-unito-la-nostra-comunita-foto\\\/#primaryimage\"},\"thumbnailUrl\":\"https:\\\/\\\/lavocedelpaese.info\\\/wp-content\\\/uploads\\\/2024\\\/10\\\/21-s66k1r.jpeg\",\"datePublished\":\"2024-10-13T13:18:05+00:00\",\"breadcrumb\":{\"@id\":\"https:\\\/\\\/lavocedelpaese.info\\\/index.php\\\/2024\\\/10\\\/13\\\/madonna-del-rosario-un-clima-di-gioia-e-devozione-ha-unito-la-nostra-comunita-foto\\\/#breadcrumb\"},\"inLanguage\":\"it-IT\",\"potentialAction\":[{\"@type\":\"ReadAction\",\"target\":[\"https:\\\/\\\/lavocedelpaese.info\\\/index.php\\\/2024\\\/10\\\/13\\\/madonna-del-rosario-un-clima-di-gioia-e-devozione-ha-unito-la-nostra-comunita-foto\\\/\"]}]},{\"@type\":\"ImageObject\",\"inLanguage\":\"it-IT\",\"@id\":\"https:\\\/\\\/lavocedelpaese.info\\\/index.php\\\/2024\\\/10\\\/13\\\/madonna-del-rosario-un-clima-di-gioia-e-devozione-ha-unito-la-nostra-comunita-foto\\\/#primaryimage\",\"url\":\"https:\\\/\\\/lavocedelpaese.info\\\/wp-content\\\/uploads\\\/2024\\\/10\\\/21-s66k1r.jpeg\",\"contentUrl\":\"https:\\\/\\\/lavocedelpaese.info\\\/wp-content\\\/uploads\\\/2024\\\/10\\\/21-s66k1r.jpeg\",\"width\":1000,\"height\":667},{\"@type\":\"BreadcrumbList\",\"@id\":\"https:\\\/\\\/lavocedelpaese.info\\\/index.php\\\/2024\\\/10\\\/13\\\/madonna-del-rosario-un-clima-di-gioia-e-devozione-ha-unito-la-nostra-comunita-foto\\\/#breadcrumb\",\"itemListElement\":[{\"@type\":\"ListItem\",\"position\":1,\"name\":\"Home\",\"item\":\"https:\\\/\\\/lavocedelpaese.info\\\/\"},{\"@type\":\"ListItem\",\"position\":2,\"name\":\"Madonna del Rosario. Un clima di gioia e devozione ha unito la nostra comunit\u00e0\\\/foto\u00a0\u200b\"}]},{\"@type\":\"WebSite\",\"@id\":\"https:\\\/\\\/lavocedelpaese.info\\\/#website\",\"url\":\"https:\\\/\\\/lavocedelpaese.info\\\/\",\"name\":\"La Voce del Paese\",\"description\":\"Un network di idee\",\"publisher\":{\"@id\":\"https:\\\/\\\/lavocedelpaese.info\\\/#organization\"},\"potentialAction\":[{\"@type\":\"SearchAction\",\"target\":{\"@type\":\"EntryPoint\",\"urlTemplate\":\"https:\\\/\\\/lavocedelpaese.info\\\/?s={search_term_string}\"},\"query-input\":{\"@type\":\"PropertyValueSpecification\",\"valueRequired\":true,\"valueName\":\"search_term_string\"}}],\"inLanguage\":\"it-IT\"},{\"@type\":\"Organization\",\"@id\":\"https:\\\/\\\/lavocedelpaese.info\\\/#organization\",\"name\":\"La Voce del Paese\",\"url\":\"https:\\\/\\\/lavocedelpaese.info\\\/\",\"logo\":{\"@type\":\"ImageObject\",\"inLanguage\":\"it-IT\",\"@id\":\"https:\\\/\\\/lavocedelpaese.info\\\/#\\\/schema\\\/logo\\\/image\\\/\",\"url\":\"https:\\\/\\\/lavocedelpaese.info\\\/wp-content\\\/uploads\\\/2023\\\/01\\\/cropped-logo-150-127.png\",\"contentUrl\":\"https:\\\/\\\/lavocedelpaese.info\\\/wp-content\\\/uploads\\\/2023\\\/01\\\/cropped-logo-150-127.png\",\"width\":137,\"height\":119,\"caption\":\"La Voce del Paese\"},\"image\":{\"@id\":\"https:\\\/\\\/lavocedelpaese.info\\\/#\\\/schema\\\/logo\\\/image\\\/\"},\"sameAs\":[\"https:\\\/\\\/www.facebook.com\\\/lavocedelpaese.info\"]}]}<\/script>\n<!-- \/ Yoast SEO plugin. -->","yoast_head_json":{"title":"Madonna del Rosario. Un clima di gioia e devozione ha unito la nostra comunit\u00e0\/foto\u00a0\u200b - La Voce del Paese","robots":{"index":"index","follow":"follow","max-snippet":"max-snippet:-1","max-image-preview":"max-image-preview:large","max-video-preview":"max-video-preview:-1"},"canonical":"https:\/\/lavocedelpaese.info\/index.php\/2024\/10\/13\/madonna-del-rosario-un-clima-di-gioia-e-devozione-ha-unito-la-nostra-comunita-foto\/","og_locale":"it_IT","og_type":"article","og_title":"Madonna del Rosario. Un clima di gioia e devozione ha unito la nostra comunit\u00e0\/foto\u00a0\u200b - La Voce del Paese","og_description":"\u00a0 \u200b\u00a0 \u200b\u00a0 La festa della Madonna del Rosario di quest\u2019anno ha unito la comunit\u00e0 in un clima di gioia","og_url":"https:\/\/lavocedelpaese.info\/index.php\/2024\/10\/13\/madonna-del-rosario-un-clima-di-gioia-e-devozione-ha-unito-la-nostra-comunita-foto\/","og_site_name":"La Voce del Paese","article_publisher":"https:\/\/www.facebook.com\/lavocedelpaese.info","article_published_time":"2024-10-13T13:18:05+00:00","twitter_card":"summary_large_image","twitter_misc":{"Tempo di lettura stimato":"2 minuti"},"schema":{"@context":"https:\/\/schema.org","@graph":[{"@type":"Article","@id":"https:\/\/lavocedelpaese.info\/index.php\/2024\/10\/13\/madonna-del-rosario-un-clima-di-gioia-e-devozione-ha-unito-la-nostra-comunita-foto\/#article","isPartOf":{"@id":"https:\/\/lavocedelpaese.info\/index.php\/2024\/10\/13\/madonna-del-rosario-un-clima-di-gioia-e-devozione-ha-unito-la-nostra-comunita-foto\/"},"author":{"name":"","@id":""},"headline":"Madonna del Rosario. Un clima di gioia e devozione ha unito la nostra comunit\u00e0\/foto\u00a0\u200b","datePublished":"2024-10-13T13:18:05+00:00","mainEntityOfPage":{"@id":"https:\/\/lavocedelpaese.info\/index.php\/2024\/10\/13\/madonna-del-rosario-un-clima-di-gioia-e-devozione-ha-unito-la-nostra-comunita-foto\/"},"wordCount":486,"commentCount":0,"publisher":{"@id":"https:\/\/lavocedelpaese.info\/#organization"},"image":{"@id":"https:\/\/lavocedelpaese.info\/index.php\/2024\/10\/13\/madonna-del-rosario-un-clima-di-gioia-e-devozione-ha-unito-la-nostra-comunita-foto\/#primaryimage"},"thumbnailUrl":"https:\/\/lavocedelpaese.info\/wp-content\/uploads\/2024\/10\/21-s66k1r.jpeg","articleSection":["network"],"inLanguage":"it-IT","potentialAction":[{"@type":"CommentAction","name":"Comment","target":["https:\/\/lavocedelpaese.info\/index.php\/2024\/10\/13\/madonna-del-rosario-un-clima-di-gioia-e-devozione-ha-unito-la-nostra-comunita-foto\/#respond"]}]},{"@type":"WebPage","@id":"https:\/\/lavocedelpaese.info\/index.php\/2024\/10\/13\/madonna-del-rosario-un-clima-di-gioia-e-devozione-ha-unito-la-nostra-comunita-foto\/","url":"https:\/\/lavocedelpaese.info\/index.php\/2024\/10\/13\/madonna-del-rosario-un-clima-di-gioia-e-devozione-ha-unito-la-nostra-comunita-foto\/","name":"Madonna del Rosario. Un clima di gioia e devozione ha unito la nostra comunit\u00e0\/foto\u00a0\u200b - La Voce del Paese","isPartOf":{"@id":"https:\/\/lavocedelpaese.info\/#website"},"primaryImageOfPage":{"@id":"https:\/\/lavocedelpaese.info\/index.php\/2024\/10\/13\/madonna-del-rosario-un-clima-di-gioia-e-devozione-ha-unito-la-nostra-comunita-foto\/#primaryimage"},"image":{"@id":"https:\/\/lavocedelpaese.info\/index.php\/2024\/10\/13\/madonna-del-rosario-un-clima-di-gioia-e-devozione-ha-unito-la-nostra-comunita-foto\/#primaryimage"},"thumbnailUrl":"https:\/\/lavocedelpaese.info\/wp-content\/uploads\/2024\/10\/21-s66k1r.jpeg","datePublished":"2024-10-13T13:18:05+00:00","breadcrumb":{"@id":"https:\/\/lavocedelpaese.info\/index.php\/2024\/10\/13\/madonna-del-rosario-un-clima-di-gioia-e-devozione-ha-unito-la-nostra-comunita-foto\/#breadcrumb"},"inLanguage":"it-IT","potentialAction":[{"@type":"ReadAction","target":["https:\/\/lavocedelpaese.info\/index.php\/2024\/10\/13\/madonna-del-rosario-un-clima-di-gioia-e-devozione-ha-unito-la-nostra-comunita-foto\/"]}]},{"@type":"ImageObject","inLanguage":"it-IT","@id":"https:\/\/lavocedelpaese.info\/index.php\/2024\/10\/13\/madonna-del-rosario-un-clima-di-gioia-e-devozione-ha-unito-la-nostra-comunita-foto\/#primaryimage","url":"https:\/\/lavocedelpaese.info\/wp-content\/uploads\/2024\/10\/21-s66k1r.jpeg","contentUrl":"https:\/\/lavocedelpaese.info\/wp-content\/uploads\/2024\/10\/21-s66k1r.jpeg","width":1000,"height":667},{"@type":"BreadcrumbList","@id":"https:\/\/lavocedelpaese.info\/index.php\/2024\/10\/13\/madonna-del-rosario-un-clima-di-gioia-e-devozione-ha-unito-la-nostra-comunita-foto\/#breadcrumb","itemListElement":[{"@type":"ListItem","position":1,"name":"Home","item":"https:\/\/lavocedelpaese.info\/"},{"@type":"ListItem","position":2,"name":"Madonna del Rosario. Un clima di gioia e devozione ha unito la nostra comunit\u00e0\/foto\u00a0\u200b"}]},{"@type":"WebSite","@id":"https:\/\/lavocedelpaese.info\/#website","url":"https:\/\/lavocedelpaese.info\/","name":"La Voce del Paese","description":"Un network di idee","publisher":{"@id":"https:\/\/lavocedelpaese.info\/#organization"},"potentialAction":[{"@type":"SearchAction","target":{"@type":"EntryPoint","urlTemplate":"https:\/\/lavocedelpaese.info\/?s={search_term_string}"},"query-input":{"@type":"PropertyValueSpecification","valueRequired":true,"valueName":"search_term_string"}}],"inLanguage":"it-IT"},{"@type":"Organization","@id":"https:\/\/lavocedelpaese.info\/#organization","name":"La Voce del Paese","url":"https:\/\/lavocedelpaese.info\/","logo":{"@type":"ImageObject","inLanguage":"it-IT","@id":"https:\/\/lavocedelpaese.info\/#\/schema\/logo\/image\/","url":"https:\/\/lavocedelpaese.info\/wp-content\/uploads\/2023\/01\/cropped-logo-150-127.png","contentUrl":"https:\/\/lavocedelpaese.info\/wp-content\/uploads\/2023\/01\/cropped-logo-150-127.png","width":137,"height":119,"caption":"La Voce del Paese"},"image":{"@id":"https:\/\/lavocedelpaese.info\/#\/schema\/logo\/image\/"},"sameAs":["https:\/\/www.facebook.com\/lavocedelpaese.info"]}]}},"_links":{"self":[{"href":"https:\/\/lavocedelpaese.info\/index.php\/wp-json\/wp\/v2\/posts\/8118","targetHints":{"allow":["GET"]}}],"collection":[{"href":"https:\/\/lavocedelpaese.info\/index.php\/wp-json\/wp\/v2\/posts"}],"about":[{"href":"https:\/\/lavocedelpaese.info\/index.php\/wp-json\/wp\/v2\/types\/post"}],"replies":[{"embeddable":true,"href":"https:\/\/lavocedelpaese.info\/index.php\/wp-json\/wp\/v2\/comments?post=8118"}],"version-history":[{"count":0,"href":"https:\/\/lavocedelpaese.info\/index.php\/wp-json\/wp\/v2\/posts\/8118\/revisions"}],"wp:featuredmedia":[{"embeddable":true,"href":"https:\/\/lavocedelpaese.info\/index.php\/wp-json\/wp\/v2\/media\/8119"}],"wp:attachment":[{"href":"https:\/\/lavocedelpaese.info\/index.php\/wp-json\/wp\/v2\/media?parent=8118"}],"wp:term":[{"taxonomy":"category","embeddable":true,"href":"https:\/\/lavocedelpaese.info\/index.php\/wp-json\/wp\/v2\/categories?post=8118"},{"taxonomy":"post_tag","embeddable":true,"href":"https:\/\/lavocedelpaese.info\/index.php\/wp-json\/wp\/v2\/tags?post=8118"}],"curies":[{"name":"wp","href":"https:\/\/api.w.org\/{rel}","templated":true}]}}