{"id":8087,"date":"2024-10-09T13:15:29","date_gmt":"2024-10-09T13:15:29","guid":{"rendered":"https:\/\/lavocedelpaese.info\/index.php\/2024\/10\/09\/attenzione-avviso-di-chiusura-ingresso-in-piazza-xx-settembre-lato-nord\/"},"modified":"2024-10-09T13:15:29","modified_gmt":"2024-10-09T13:15:29","slug":"attenzione-avviso-di-chiusura-ingresso-in-piazza-xx-settembre-lato-nord","status":"publish","type":"post","link":"https:\/\/lavocedelpaese.info\/index.php\/2024\/10\/09\/attenzione-avviso-di-chiusura-ingresso-in-piazza-xx-settembre-lato-nord\/","title":{"rendered":"ATTENZIONE. Avviso di chiusura ingresso in Piazza XX Settembre lato Nord\u00a0\u200b"},"content":{"rendered":"<p>\u00a0<\/p>\n<p>\u200b\u00a0<\/p>\n<p>\u200b\u00a0<\/p>\n<p>Il comune di Gioia del Colle ha provveduto a pubblicare sul proprio sito internet il seguente avviso: \u201cSi informa la cittadinanza che, considerata la chiusura al traffico veicolare del lato est di piazza XX settembre per l\u2019esecuzione degli interventi finalizzati al recupero e alla riqualificazione del Borgo San Vito, sono istituiti sul lato nord della predetta piazza il divieto permanente di fermata e il doppio senso di circolazione fino al 31 dicembre 2024\u201d.<\/p>\n<p>Dopo averlo letto con attenzione, sorgono spontanee alcune domande e alcuni dubbi. Come faranno i residenti ad accedere alle abitazioni, e non solo quelli che abitano nella parte est ma anche quelli della parte ovest e nord? Dove parcheggeranno le loro auto per un periodo cos\u00ec lungo, circa tre mesi o arrivare ai loro garage? Il lato nord che delimita la piazza da anni non \u00e8 pi\u00f9 a doppio senso di marcia, ergo, sar\u00e0 bloccata per caso anche la cos\u00ec chiamata via per il Monte rendendo l\u2019intera zona off limits, tipo ghetto? Dov\u2019\u00e8 l\u2019ordinanza a firma del comandante della Polizia Municipale?<\/p>\n<p>In merito pubblichiamo uno dei primi commenti postati su questa decisione da un solerte ed attento cittadino, ci auguriamo arrivino da chi di competenza, magari dall\u2019assessore al traffico e dei lavori pubblici, delle mirate risposte e non come al solito evasive o il solito scaricabarile o le solite spallucce o le solite giustificazioni tipo \u201cstiamo lavorando per voi\u201d.<\/p>\n<p>\u201cScusate ma noi abitanti del quartiere San Vito (e non solo) dove andiamo a parcheggiare??? Qui la situazione gi\u00e0 \u00e8 sempre critica e si perdono ore ed ore a cercare parcheggio\u2026 per non parlare poi dei parcheggi ad ora\u2026 inutili per noi abitanti\u2026 4 posti gialli sempre occupati dalle stesse macchine!!! Ditemi un po\u2019 voi\u2026 dove parcheggiamo?????<\/p>\n<p>Chi aiuta il cittadino in questo enorme disagio???<\/p>\n<p>E poi a cosa serve farla a doppio senso quella strada ???<\/p>\n<p>Comunque vi do un idea\u2026 c\u2019\u00e8 un campo grande e recitato\u2026 fate in modo che pagando al proprietario diventi un parcheggio per noi poveri cittadini che ormai siamo esauriti nel non trovare mai parcheggio !!! Grazie!!!\u201d.<\/p>\n<p><a class=\"a2a_button_facebook\" href=\"https:\/\/www.addtoany.com\/add_to\/facebook?linkurl=https%3A%2F%2Fgioia.lavocedelpaese.info%2Findex.php%2F2024%2F10%2F09%2Fattenzione-avviso-di-chiusura-ingresso-in-piazza-xx-settembre-lato-nord%2F&amp;linkname=ATTENZIONE.%20Avviso%20di%20chiusura%20ingresso%20in%20Piazza%20XX%20Settembre%20lato%20Nord\" title=\"Facebook\" target=\"_blank\" rel=\"noopener\"><\/a><a class=\"a2a_button_twitter\" href=\"https:\/\/www.addtoany.com\/add_to\/twitter?linkurl=https%3A%2F%2Fgioia.lavocedelpaese.info%2Findex.php%2F2024%2F10%2F09%2Fattenzione-avviso-di-chiusura-ingresso-in-piazza-xx-settembre-lato-nord%2F&amp;linkname=ATTENZIONE.%20Avviso%20di%20chiusura%20ingresso%20in%20Piazza%20XX%20Settembre%20lato%20Nord\" title=\"Twitter\" target=\"_blank\" rel=\"noopener\"><\/a><a class=\"a2a_button_whatsapp\" href=\"https:\/\/www.addtoany.com\/add_to\/whatsapp?linkurl=https%3A%2F%2Fgioia.lavocedelpaese.info%2Findex.php%2F2024%2F10%2F09%2Fattenzione-avviso-di-chiusura-ingresso-in-piazza-xx-settembre-lato-nord%2F&amp;linkname=ATTENZIONE.%20Avviso%20di%20chiusura%20ingresso%20in%20Piazza%20XX%20Settembre%20lato%20Nord\" title=\"WhatsApp\" target=\"_blank\" rel=\"noopener\"><\/a><a class=\"a2a_button_telegram\" href=\"https:\/\/www.addtoany.com\/add_to\/telegram?linkurl=https%3A%2F%2Fgioia.lavocedelpaese.info%2Findex.php%2F2024%2F10%2F09%2Fattenzione-avviso-di-chiusura-ingresso-in-piazza-xx-settembre-lato-nord%2F&amp;linkname=ATTENZIONE.%20Avviso%20di%20chiusura%20ingresso%20in%20Piazza%20XX%20Settembre%20lato%20Nord\" title=\"Telegram\" target=\"_blank\" rel=\"noopener\"><\/a><a class=\"a2a_button_email\" href=\"https:\/\/www.addtoany.com\/add_to\/email?linkurl=https%3A%2F%2Fgioia.lavocedelpaese.info%2Findex.php%2F2024%2F10%2F09%2Fattenzione-avviso-di-chiusura-ingresso-in-piazza-xx-settembre-lato-nord%2F&amp;linkname=ATTENZIONE.%20Avviso%20di%20chiusura%20ingresso%20in%20Piazza%20XX%20Settembre%20lato%20Nord\" title=\"Email\" target=\"_blank\" rel=\"noopener\"><\/a><\/p>\n<p>\u00a0<\/p>\n<p>\u00a0<\/p>\n<p>\u200b\u00a0\u00a0\u00a0<\/p>","protected":false},"excerpt":{"rendered":"<p>\u00a0 \u200b\u00a0 \u200b\u00a0 Il comune di Gioia del Colle ha provveduto a pubblicare sul proprio sito internet il seguente avviso:<\/p>\n","protected":false},"author":0,"featured_media":8088,"comment_status":"open","ping_status":"closed","sticky":false,"template":"","format":"standard","meta":{"colormag_page_container_layout":"default_layout","colormag_page_sidebar_layout":"default_layout","footnotes":""},"categories":[33],"tags":[],"class_list":["post-8087","post","type-post","status-publish","format-standard","has-post-thumbnail","hentry","category-network"],"yoast_head":"<!-- This site is optimized with the Yoast SEO plugin v27.5 - https:\/\/yoast.com\/product\/yoast-seo-wordpress\/ -->\n<title>ATTENZIONE. Avviso di chiusura ingresso in Piazza XX Settembre lato Nord\u00a0\u200b - La Voce del Paese<\/title>\n<meta name=\"robots\" content=\"index, follow, max-snippet:-1, max-image-preview:large, max-video-preview:-1\" \/>\n<link rel=\"canonical\" href=\"https:\/\/lavocedelpaese.info\/index.php\/2024\/10\/09\/attenzione-avviso-di-chiusura-ingresso-in-piazza-xx-settembre-lato-nord\/\" \/>\n<meta property=\"og:locale\" content=\"it_IT\" \/>\n<meta property=\"og:type\" content=\"article\" \/>\n<meta property=\"og:title\" content=\"ATTENZIONE. Avviso di chiusura ingresso in Piazza XX Settembre lato Nord\u00a0\u200b - La Voce del Paese\" \/>\n<meta property=\"og:description\" content=\"\u00a0 \u200b\u00a0 \u200b\u00a0 Il comune di Gioia del Colle ha provveduto a pubblicare sul proprio sito internet il seguente avviso:\" \/>\n<meta property=\"og:url\" content=\"https:\/\/lavocedelpaese.info\/index.php\/2024\/10\/09\/attenzione-avviso-di-chiusura-ingresso-in-piazza-xx-settembre-lato-nord\/\" \/>\n<meta property=\"og:site_name\" content=\"La Voce del Paese\" \/>\n<meta property=\"article:publisher\" content=\"https:\/\/www.facebook.com\/lavocedelpaese.info\" \/>\n<meta property=\"article:published_time\" content=\"2024-10-09T13:15:29+00:00\" \/>\n<meta name=\"twitter:card\" content=\"summary_large_image\" \/>\n<meta name=\"twitter:label1\" content=\"Tempo di lettura stimato\" \/>\n\t<meta name=\"twitter:data1\" content=\"2 minuti\" \/>\n<script type=\"application\/ld+json\" class=\"yoast-schema-graph\">{\"@context\":\"https:\\\/\\\/schema.org\",\"@graph\":[{\"@type\":\"Article\",\"@id\":\"https:\\\/\\\/lavocedelpaese.info\\\/index.php\\\/2024\\\/10\\\/09\\\/attenzione-avviso-di-chiusura-ingresso-in-piazza-xx-settembre-lato-nord\\\/#article\",\"isPartOf\":{\"@id\":\"https:\\\/\\\/lavocedelpaese.info\\\/index.php\\\/2024\\\/10\\\/09\\\/attenzione-avviso-di-chiusura-ingresso-in-piazza-xx-settembre-lato-nord\\\/\"},\"author\":{\"name\":\"\",\"@id\":\"\"},\"headline\":\"ATTENZIONE. Avviso di chiusura ingresso in Piazza XX Settembre lato Nord\u00a0\u200b\",\"datePublished\":\"2024-10-09T13:15:29+00:00\",\"mainEntityOfPage\":{\"@id\":\"https:\\\/\\\/lavocedelpaese.info\\\/index.php\\\/2024\\\/10\\\/09\\\/attenzione-avviso-di-chiusura-ingresso-in-piazza-xx-settembre-lato-nord\\\/\"},\"wordCount\":353,\"commentCount\":0,\"publisher\":{\"@id\":\"https:\\\/\\\/lavocedelpaese.info\\\/#organization\"},\"image\":{\"@id\":\"https:\\\/\\\/lavocedelpaese.info\\\/index.php\\\/2024\\\/10\\\/09\\\/attenzione-avviso-di-chiusura-ingresso-in-piazza-xx-settembre-lato-nord\\\/#primaryimage\"},\"thumbnailUrl\":\"https:\\\/\\\/lavocedelpaese.info\\\/wp-content\\\/uploads\\\/2024\\\/10\\\/242821331491O__OPOLIZIALOCALE-aMFtXA.jpeg\",\"articleSection\":[\"network\"],\"inLanguage\":\"it-IT\",\"potentialAction\":[{\"@type\":\"CommentAction\",\"name\":\"Comment\",\"target\":[\"https:\\\/\\\/lavocedelpaese.info\\\/index.php\\\/2024\\\/10\\\/09\\\/attenzione-avviso-di-chiusura-ingresso-in-piazza-xx-settembre-lato-nord\\\/#respond\"]}]},{\"@type\":\"WebPage\",\"@id\":\"https:\\\/\\\/lavocedelpaese.info\\\/index.php\\\/2024\\\/10\\\/09\\\/attenzione-avviso-di-chiusura-ingresso-in-piazza-xx-settembre-lato-nord\\\/\",\"url\":\"https:\\\/\\\/lavocedelpaese.info\\\/index.php\\\/2024\\\/10\\\/09\\\/attenzione-avviso-di-chiusura-ingresso-in-piazza-xx-settembre-lato-nord\\\/\",\"name\":\"ATTENZIONE. Avviso di chiusura ingresso in Piazza XX Settembre lato Nord\u00a0\u200b - La Voce del Paese\",\"isPartOf\":{\"@id\":\"https:\\\/\\\/lavocedelpaese.info\\\/#website\"},\"primaryImageOfPage\":{\"@id\":\"https:\\\/\\\/lavocedelpaese.info\\\/index.php\\\/2024\\\/10\\\/09\\\/attenzione-avviso-di-chiusura-ingresso-in-piazza-xx-settembre-lato-nord\\\/#primaryimage\"},\"image\":{\"@id\":\"https:\\\/\\\/lavocedelpaese.info\\\/index.php\\\/2024\\\/10\\\/09\\\/attenzione-avviso-di-chiusura-ingresso-in-piazza-xx-settembre-lato-nord\\\/#primaryimage\"},\"thumbnailUrl\":\"https:\\\/\\\/lavocedelpaese.info\\\/wp-content\\\/uploads\\\/2024\\\/10\\\/242821331491O__OPOLIZIALOCALE-aMFtXA.jpeg\",\"datePublished\":\"2024-10-09T13:15:29+00:00\",\"breadcrumb\":{\"@id\":\"https:\\\/\\\/lavocedelpaese.info\\\/index.php\\\/2024\\\/10\\\/09\\\/attenzione-avviso-di-chiusura-ingresso-in-piazza-xx-settembre-lato-nord\\\/#breadcrumb\"},\"inLanguage\":\"it-IT\",\"potentialAction\":[{\"@type\":\"ReadAction\",\"target\":[\"https:\\\/\\\/lavocedelpaese.info\\\/index.php\\\/2024\\\/10\\\/09\\\/attenzione-avviso-di-chiusura-ingresso-in-piazza-xx-settembre-lato-nord\\\/\"]}]},{\"@type\":\"ImageObject\",\"inLanguage\":\"it-IT\",\"@id\":\"https:\\\/\\\/lavocedelpaese.info\\\/index.php\\\/2024\\\/10\\\/09\\\/attenzione-avviso-di-chiusura-ingresso-in-piazza-xx-settembre-lato-nord\\\/#primaryimage\",\"url\":\"https:\\\/\\\/lavocedelpaese.info\\\/wp-content\\\/uploads\\\/2024\\\/10\\\/242821331491O__OPOLIZIALOCALE-aMFtXA.jpeg\",\"contentUrl\":\"https:\\\/\\\/lavocedelpaese.info\\\/wp-content\\\/uploads\\\/2024\\\/10\\\/242821331491O__OPOLIZIALOCALE-aMFtXA.jpeg\",\"width\":800,\"height\":800},{\"@type\":\"BreadcrumbList\",\"@id\":\"https:\\\/\\\/lavocedelpaese.info\\\/index.php\\\/2024\\\/10\\\/09\\\/attenzione-avviso-di-chiusura-ingresso-in-piazza-xx-settembre-lato-nord\\\/#breadcrumb\",\"itemListElement\":[{\"@type\":\"ListItem\",\"position\":1,\"name\":\"Home\",\"item\":\"https:\\\/\\\/lavocedelpaese.info\\\/\"},{\"@type\":\"ListItem\",\"position\":2,\"name\":\"ATTENZIONE. Avviso di chiusura ingresso in Piazza XX Settembre lato Nord\u00a0\u200b\"}]},{\"@type\":\"WebSite\",\"@id\":\"https:\\\/\\\/lavocedelpaese.info\\\/#website\",\"url\":\"https:\\\/\\\/lavocedelpaese.info\\\/\",\"name\":\"La Voce del Paese\",\"description\":\"Un network di idee\",\"publisher\":{\"@id\":\"https:\\\/\\\/lavocedelpaese.info\\\/#organization\"},\"potentialAction\":[{\"@type\":\"SearchAction\",\"target\":{\"@type\":\"EntryPoint\",\"urlTemplate\":\"https:\\\/\\\/lavocedelpaese.info\\\/?s={search_term_string}\"},\"query-input\":{\"@type\":\"PropertyValueSpecification\",\"valueRequired\":true,\"valueName\":\"search_term_string\"}}],\"inLanguage\":\"it-IT\"},{\"@type\":\"Organization\",\"@id\":\"https:\\\/\\\/lavocedelpaese.info\\\/#organization\",\"name\":\"La Voce del Paese\",\"url\":\"https:\\\/\\\/lavocedelpaese.info\\\/\",\"logo\":{\"@type\":\"ImageObject\",\"inLanguage\":\"it-IT\",\"@id\":\"https:\\\/\\\/lavocedelpaese.info\\\/#\\\/schema\\\/logo\\\/image\\\/\",\"url\":\"https:\\\/\\\/lavocedelpaese.info\\\/wp-content\\\/uploads\\\/2023\\\/01\\\/cropped-logo-150-127.png\",\"contentUrl\":\"https:\\\/\\\/lavocedelpaese.info\\\/wp-content\\\/uploads\\\/2023\\\/01\\\/cropped-logo-150-127.png\",\"width\":137,\"height\":119,\"caption\":\"La Voce del Paese\"},\"image\":{\"@id\":\"https:\\\/\\\/lavocedelpaese.info\\\/#\\\/schema\\\/logo\\\/image\\\/\"},\"sameAs\":[\"https:\\\/\\\/www.facebook.com\\\/lavocedelpaese.info\"]}]}<\/script>\n<!-- \/ Yoast SEO plugin. -->","yoast_head_json":{"title":"ATTENZIONE. Avviso di chiusura ingresso in Piazza XX Settembre lato Nord\u00a0\u200b - La Voce del Paese","robots":{"index":"index","follow":"follow","max-snippet":"max-snippet:-1","max-image-preview":"max-image-preview:large","max-video-preview":"max-video-preview:-1"},"canonical":"https:\/\/lavocedelpaese.info\/index.php\/2024\/10\/09\/attenzione-avviso-di-chiusura-ingresso-in-piazza-xx-settembre-lato-nord\/","og_locale":"it_IT","og_type":"article","og_title":"ATTENZIONE. Avviso di chiusura ingresso in Piazza XX Settembre lato Nord\u00a0\u200b - La Voce del Paese","og_description":"\u00a0 \u200b\u00a0 \u200b\u00a0 Il comune di Gioia del Colle ha provveduto a pubblicare sul proprio sito internet il seguente avviso:","og_url":"https:\/\/lavocedelpaese.info\/index.php\/2024\/10\/09\/attenzione-avviso-di-chiusura-ingresso-in-piazza-xx-settembre-lato-nord\/","og_site_name":"La Voce del Paese","article_publisher":"https:\/\/www.facebook.com\/lavocedelpaese.info","article_published_time":"2024-10-09T13:15:29+00:00","twitter_card":"summary_large_image","twitter_misc":{"Tempo di lettura stimato":"2 minuti"},"schema":{"@context":"https:\/\/schema.org","@graph":[{"@type":"Article","@id":"https:\/\/lavocedelpaese.info\/index.php\/2024\/10\/09\/attenzione-avviso-di-chiusura-ingresso-in-piazza-xx-settembre-lato-nord\/#article","isPartOf":{"@id":"https:\/\/lavocedelpaese.info\/index.php\/2024\/10\/09\/attenzione-avviso-di-chiusura-ingresso-in-piazza-xx-settembre-lato-nord\/"},"author":{"name":"","@id":""},"headline":"ATTENZIONE. Avviso di chiusura ingresso in Piazza XX Settembre lato Nord\u00a0\u200b","datePublished":"2024-10-09T13:15:29+00:00","mainEntityOfPage":{"@id":"https:\/\/lavocedelpaese.info\/index.php\/2024\/10\/09\/attenzione-avviso-di-chiusura-ingresso-in-piazza-xx-settembre-lato-nord\/"},"wordCount":353,"commentCount":0,"publisher":{"@id":"https:\/\/lavocedelpaese.info\/#organization"},"image":{"@id":"https:\/\/lavocedelpaese.info\/index.php\/2024\/10\/09\/attenzione-avviso-di-chiusura-ingresso-in-piazza-xx-settembre-lato-nord\/#primaryimage"},"thumbnailUrl":"https:\/\/lavocedelpaese.info\/wp-content\/uploads\/2024\/10\/242821331491O__OPOLIZIALOCALE-aMFtXA.jpeg","articleSection":["network"],"inLanguage":"it-IT","potentialAction":[{"@type":"CommentAction","name":"Comment","target":["https:\/\/lavocedelpaese.info\/index.php\/2024\/10\/09\/attenzione-avviso-di-chiusura-ingresso-in-piazza-xx-settembre-lato-nord\/#respond"]}]},{"@type":"WebPage","@id":"https:\/\/lavocedelpaese.info\/index.php\/2024\/10\/09\/attenzione-avviso-di-chiusura-ingresso-in-piazza-xx-settembre-lato-nord\/","url":"https:\/\/lavocedelpaese.info\/index.php\/2024\/10\/09\/attenzione-avviso-di-chiusura-ingresso-in-piazza-xx-settembre-lato-nord\/","name":"ATTENZIONE. Avviso di chiusura ingresso in Piazza XX Settembre lato Nord\u00a0\u200b - La Voce del Paese","isPartOf":{"@id":"https:\/\/lavocedelpaese.info\/#website"},"primaryImageOfPage":{"@id":"https:\/\/lavocedelpaese.info\/index.php\/2024\/10\/09\/attenzione-avviso-di-chiusura-ingresso-in-piazza-xx-settembre-lato-nord\/#primaryimage"},"image":{"@id":"https:\/\/lavocedelpaese.info\/index.php\/2024\/10\/09\/attenzione-avviso-di-chiusura-ingresso-in-piazza-xx-settembre-lato-nord\/#primaryimage"},"thumbnailUrl":"https:\/\/lavocedelpaese.info\/wp-content\/uploads\/2024\/10\/242821331491O__OPOLIZIALOCALE-aMFtXA.jpeg","datePublished":"2024-10-09T13:15:29+00:00","breadcrumb":{"@id":"https:\/\/lavocedelpaese.info\/index.php\/2024\/10\/09\/attenzione-avviso-di-chiusura-ingresso-in-piazza-xx-settembre-lato-nord\/#breadcrumb"},"inLanguage":"it-IT","potentialAction":[{"@type":"ReadAction","target":["https:\/\/lavocedelpaese.info\/index.php\/2024\/10\/09\/attenzione-avviso-di-chiusura-ingresso-in-piazza-xx-settembre-lato-nord\/"]}]},{"@type":"ImageObject","inLanguage":"it-IT","@id":"https:\/\/lavocedelpaese.info\/index.php\/2024\/10\/09\/attenzione-avviso-di-chiusura-ingresso-in-piazza-xx-settembre-lato-nord\/#primaryimage","url":"https:\/\/lavocedelpaese.info\/wp-content\/uploads\/2024\/10\/242821331491O__OPOLIZIALOCALE-aMFtXA.jpeg","contentUrl":"https:\/\/lavocedelpaese.info\/wp-content\/uploads\/2024\/10\/242821331491O__OPOLIZIALOCALE-aMFtXA.jpeg","width":800,"height":800},{"@type":"BreadcrumbList","@id":"https:\/\/lavocedelpaese.info\/index.php\/2024\/10\/09\/attenzione-avviso-di-chiusura-ingresso-in-piazza-xx-settembre-lato-nord\/#breadcrumb","itemListElement":[{"@type":"ListItem","position":1,"name":"Home","item":"https:\/\/lavocedelpaese.info\/"},{"@type":"ListItem","position":2,"name":"ATTENZIONE. Avviso di chiusura ingresso in Piazza XX Settembre lato Nord\u00a0\u200b"}]},{"@type":"WebSite","@id":"https:\/\/lavocedelpaese.info\/#website","url":"https:\/\/lavocedelpaese.info\/","name":"La Voce del Paese","description":"Un network di idee","publisher":{"@id":"https:\/\/lavocedelpaese.info\/#organization"},"potentialAction":[{"@type":"SearchAction","target":{"@type":"EntryPoint","urlTemplate":"https:\/\/lavocedelpaese.info\/?s={search_term_string}"},"query-input":{"@type":"PropertyValueSpecification","valueRequired":true,"valueName":"search_term_string"}}],"inLanguage":"it-IT"},{"@type":"Organization","@id":"https:\/\/lavocedelpaese.info\/#organization","name":"La Voce del Paese","url":"https:\/\/lavocedelpaese.info\/","logo":{"@type":"ImageObject","inLanguage":"it-IT","@id":"https:\/\/lavocedelpaese.info\/#\/schema\/logo\/image\/","url":"https:\/\/lavocedelpaese.info\/wp-content\/uploads\/2023\/01\/cropped-logo-150-127.png","contentUrl":"https:\/\/lavocedelpaese.info\/wp-content\/uploads\/2023\/01\/cropped-logo-150-127.png","width":137,"height":119,"caption":"La Voce del Paese"},"image":{"@id":"https:\/\/lavocedelpaese.info\/#\/schema\/logo\/image\/"},"sameAs":["https:\/\/www.facebook.com\/lavocedelpaese.info"]}]}},"_links":{"self":[{"href":"https:\/\/lavocedelpaese.info\/index.php\/wp-json\/wp\/v2\/posts\/8087","targetHints":{"allow":["GET"]}}],"collection":[{"href":"https:\/\/lavocedelpaese.info\/index.php\/wp-json\/wp\/v2\/posts"}],"about":[{"href":"https:\/\/lavocedelpaese.info\/index.php\/wp-json\/wp\/v2\/types\/post"}],"replies":[{"embeddable":true,"href":"https:\/\/lavocedelpaese.info\/index.php\/wp-json\/wp\/v2\/comments?post=8087"}],"version-history":[{"count":0,"href":"https:\/\/lavocedelpaese.info\/index.php\/wp-json\/wp\/v2\/posts\/8087\/revisions"}],"wp:featuredmedia":[{"embeddable":true,"href":"https:\/\/lavocedelpaese.info\/index.php\/wp-json\/wp\/v2\/media\/8088"}],"wp:attachment":[{"href":"https:\/\/lavocedelpaese.info\/index.php\/wp-json\/wp\/v2\/media?parent=8087"}],"wp:term":[{"taxonomy":"category","embeddable":true,"href":"https:\/\/lavocedelpaese.info\/index.php\/wp-json\/wp\/v2\/categories?post=8087"},{"taxonomy":"post_tag","embeddable":true,"href":"https:\/\/lavocedelpaese.info\/index.php\/wp-json\/wp\/v2\/tags?post=8087"}],"curies":[{"name":"wp","href":"https:\/\/api.w.org\/{rel}","templated":true}]}}