{"id":8081,"date":"2024-10-08T06:13:39","date_gmt":"2024-10-08T06:13:39","guid":{"rendered":"https:\/\/lavocedelpaese.info\/index.php\/2024\/10\/08\/la-carovana-della-prevenzione-della-komen-a-ottobre-10-tappe-in-8-comuni\/"},"modified":"2024-10-08T06:13:39","modified_gmt":"2024-10-08T06:13:39","slug":"la-carovana-della-prevenzione-della-komen-a-ottobre-10-tappe-in-8-comuni","status":"publish","type":"post","link":"https:\/\/lavocedelpaese.info\/index.php\/2024\/10\/08\/la-carovana-della-prevenzione-della-komen-a-ottobre-10-tappe-in-8-comuni\/","title":{"rendered":"La Carovana della prevenzione della Komen: a ottobre 10 tappe in 8 Comuni\u00a0\u200b"},"content":{"rendered":"<p>\u00a0<\/p>\n<p>\u200b\u00a0<\/p>\n<p>\u200b\u00a0<\/p>\n<p>Torna la Carovana della Prevenzione, il programma nazionale itinerante di promozione della salute femminile della Komen con un serrato calendario di appuntamenti in Puglia.<\/p>\n<p>La tutela della salute della donna \u00e8 al centro di questo progetto che si rivolge principalmente a donne che vivono in condizione di disagio socio-economico, offrendo loro attivit\u00e0 gratuite di sensibilizzazione e prevenzione delle principali patologie oncologiche di genere.<\/p>\n<p>Nel mese di ottobre la carovana toccher\u00e0 8 Comuni pugliesi in 10 tappe.<\/p>\n<p>Complessivamente saranno eseguite 233 mammografie, 61 ecografie, 25 visite urologiche, 23 visite di endocrinologia, 70 visite ginecologiche e 27 consulenze nutrizionali.<\/p>\n<p>La prima <strong>mercoled\u00ec 9 ottobre a Corato, il 10 ottobre la carovana toccher\u00e0 due Comuni: Giovinazzo \u00a0e Casamassima. L\u201911 e il 12 ottobre l\u2019unit\u00e0 mobile della Komen si fermer\u00e0 a Ruvo e Triggiano. Il 13 a Bari.<\/strong><\/p>\n<p>La carovana raggiunger\u00e0 la provincia tarantina con due tappe, la prima il 14 ottobre a Maruggio e il 15 arriver\u00e0 a Taranto.<\/p>\n<p><em>\u201cKomen Puglia \u00e8 impegnata tutto l\u2019anno nella promozione di stili di vita corretti, nell\u2019informazione e nella tutela della salute delle donne. Con la carovana attraversiamo l\u2019intero territorio pugliese per raggiungere tutte quelle donne che per le ragioni pi\u00f9 disparate non si sottopongono agli esami preventivi. Vogliamo umanizzare la prevenzione e superare la paura che blocca tante donne. La prevenzione \u00e8 lo strumento migliore che abbiamo per garantirci una qualit\u00e0 della vita sostenibile\u201d<\/em>\u00a0 <strong>spiega Linda Catucci, presidente Komen Puglia.<\/strong><\/p>\n<p>Ricordiamo che per quanto riguarda gli screening senologici, le visite saranno riservate a donne non rientranti nella fascia di screening regionale: et\u00e0 dai 40 ai 49 anni e dai 70 anni in su, che non abbiano effettuato mammografie negli ultimi 12 mesi.<\/p>\n<p>La Carovana della Prevenzione ha svolto sinora 918 \u201cGiornate di Promozione della Salute Femminile\u201d in 17 regioni italiane, offrendo ad oltre 250.000 donne prestazioni mediche gratuite in luoghi e realt\u00e0 dove la prevenzione arriva con molta pi\u00f9 difficolt\u00e0 e dove si ha poco tempo per preoccuparsi di un bene cos\u00ec prezioso come la salute.<\/p>\n<p><em>\u201cSiamo presenti in Puglia, dal Gargano al Salento, con progetti dedicati alla salute in maniera integrata. Per questo accanto alla carovana sosteniamo e promuoviamo tutta una serie di progetti che mirano a raggiungere la pi\u00f9 vasta platea possibile. La scoperta di una maggiore attenzione alla prevenzione da parte dei privati non pu\u00f2 che inorgoglirci, da un lato assistiamo ad una maggiore consapevolezza del benessere psico-fisico delle persone, dall\u2019altro promuovendo la prevenzione si salvano vite e al contempo contribuiamo, con questa azione di volontariato, ad alleggerire la spesa sanitaria. L\u2019attenzione per questo tema, verso i propri dipendenti e verso la comunit\u00e0, dimostra una nuova e lungimirante sensibilit\u00e0 che ha degli effetti positivi su tutto il territorio.\u00a0 Questa nostra attivit\u00e0 di volontariato sta penetrando nel tessuto di questa regione, facendo germogliare i semi della generosit\u00e0, dell\u2019altruismo e quel senso di comunit\u00e0 che pu\u00f2 aiutarci a stare meglio insieme\u201d <\/em><strong>dichiara Linda Catucci, presidente Komen Puglia.<\/strong><\/p>\n<p>Il mese della prevenzione si \u00e8 aperto ufficialmente con una tavola di informazione il 1 ottobre alla caserma Picca di Bari frutto di un lavoro sinergico, con la Komen impegnata ad affiancare e supportare le istituzioni sulla prevenzione oncologica, dermatologica, ginecologica, genetica, ematologica e sui sani stili di vita. Il prossimo incontro della prevenzione sar\u00e0 invece l\u201911 a Triggiano con una tavola di welfare aziendale.<\/p>\n<p>Si moltiplicano anche le iniziative a sostegno della Komen Puglia, grazie alle quali \u00e8 possibile contribuire al finanziamento dei tanti progetti, completamente gratuiti, rivolti alle donne in rosa, come le passeggiate benefiche Walk for the cure. Dopo le prime, a Mattinata il 20 settembre e il 29 settembre a Statte, il prossimo appuntamento \u00e8 per il 6 ottobre a Crispiano; il 12 ottobre a Martignano; sempre il 12 ottobre a San Giovanni Rotondo; il 13 ottobre a Monte Sant\u2019Angelo e a Pulsano; il 19 ottobre a Cerignola; il 20 ottobre a Mattinata e a Torre Santa Susanna; il 26 ottobre a Foggia; il\u00a0 27 ottobre a Bitritto e il 27 a Manfredonia.<\/p>\n<p>A sostegno di Komen Puglia si disputer\u00e0 il 13 ottobre la Padel for the Cure, un torneo di padel organizzato dalla societ\u00e0 sportiva Angiulli di Bari.<\/p>\n<p>Ricordiamo che tutti i fondi raccolti sul territorio saranno destinati a progetti gratuiti rivolti alle donne in rosa in Puglia.<\/p>\n<p><a class=\"a2a_button_facebook\" href=\"https:\/\/www.addtoany.com\/add_to\/facebook?linkurl=https%3A%2F%2Fcassano.lavocedelpaese.info%2Fla-carovana-della-prevenzione-della-komen-a-ottobre-10-tappe-in-8-comuni%2F&amp;linkname=La%20Carovana%20della%20prevenzione%20della%20Komen%3A%20a%20ottobre%2010%20tappe%20in%208%20Comuni\" title=\"Facebook\" target=\"_blank\" rel=\"noopener\"><\/a><a class=\"a2a_button_twitter\" href=\"https:\/\/www.addtoany.com\/add_to\/twitter?linkurl=https%3A%2F%2Fcassano.lavocedelpaese.info%2Fla-carovana-della-prevenzione-della-komen-a-ottobre-10-tappe-in-8-comuni%2F&amp;linkname=La%20Carovana%20della%20prevenzione%20della%20Komen%3A%20a%20ottobre%2010%20tappe%20in%208%20Comuni\" title=\"Twitter\" target=\"_blank\" rel=\"noopener\"><\/a><a class=\"a2a_button_whatsapp\" href=\"https:\/\/www.addtoany.com\/add_to\/whatsapp?linkurl=https%3A%2F%2Fcassano.lavocedelpaese.info%2Fla-carovana-della-prevenzione-della-komen-a-ottobre-10-tappe-in-8-comuni%2F&amp;linkname=La%20Carovana%20della%20prevenzione%20della%20Komen%3A%20a%20ottobre%2010%20tappe%20in%208%20Comuni\" title=\"WhatsApp\" target=\"_blank\" rel=\"noopener\"><\/a><a class=\"a2a_button_telegram\" href=\"https:\/\/www.addtoany.com\/add_to\/telegram?linkurl=https%3A%2F%2Fcassano.lavocedelpaese.info%2Fla-carovana-della-prevenzione-della-komen-a-ottobre-10-tappe-in-8-comuni%2F&amp;linkname=La%20Carovana%20della%20prevenzione%20della%20Komen%3A%20a%20ottobre%2010%20tappe%20in%208%20Comuni\" title=\"Telegram\" target=\"_blank\" rel=\"noopener\"><\/a><a class=\"a2a_button_email\" href=\"https:\/\/www.addtoany.com\/add_to\/email?linkurl=https%3A%2F%2Fcassano.lavocedelpaese.info%2Fla-carovana-della-prevenzione-della-komen-a-ottobre-10-tappe-in-8-comuni%2F&amp;linkname=La%20Carovana%20della%20prevenzione%20della%20Komen%3A%20a%20ottobre%2010%20tappe%20in%208%20Comuni\" title=\"Email\" target=\"_blank\" rel=\"noopener\"><\/a><\/p>\n<p>\u00a0<\/p>\n<p>\u00a0<\/p>\n<p>\u200b\u00a0\u00a0\u00a0<\/p>","protected":false},"excerpt":{"rendered":"<p>\u00a0 \u200b\u00a0 \u200b\u00a0 Torna la Carovana della Prevenzione, il programma nazionale itinerante di promozione della salute femminile della Komen con<\/p>\n","protected":false},"author":0,"featured_media":730,"comment_status":"open","ping_status":"closed","sticky":false,"template":"","format":"standard","meta":{"colormag_page_container_layout":"default_layout","colormag_page_sidebar_layout":"default_layout","footnotes":""},"categories":[33],"tags":[],"class_list":["post-8081","post","type-post","status-publish","format-standard","has-post-thumbnail","hentry","category-network"],"yoast_head":"<!-- This site is optimized with the Yoast SEO plugin v27.5 - https:\/\/yoast.com\/product\/yoast-seo-wordpress\/ -->\n<title>La Carovana della prevenzione della Komen: a ottobre 10 tappe in 8 Comuni\u00a0\u200b - La Voce del Paese<\/title>\n<meta name=\"robots\" content=\"index, follow, max-snippet:-1, max-image-preview:large, max-video-preview:-1\" \/>\n<link rel=\"canonical\" href=\"https:\/\/lavocedelpaese.info\/index.php\/2024\/10\/08\/la-carovana-della-prevenzione-della-komen-a-ottobre-10-tappe-in-8-comuni\/\" \/>\n<meta property=\"og:locale\" content=\"it_IT\" \/>\n<meta property=\"og:type\" content=\"article\" \/>\n<meta property=\"og:title\" content=\"La Carovana della prevenzione della Komen: a ottobre 10 tappe in 8 Comuni\u00a0\u200b - La Voce del Paese\" \/>\n<meta property=\"og:description\" content=\"\u00a0 \u200b\u00a0 \u200b\u00a0 Torna la Carovana della Prevenzione, il programma nazionale itinerante di promozione della salute femminile della Komen con\" \/>\n<meta property=\"og:url\" content=\"https:\/\/lavocedelpaese.info\/index.php\/2024\/10\/08\/la-carovana-della-prevenzione-della-komen-a-ottobre-10-tappe-in-8-comuni\/\" \/>\n<meta property=\"og:site_name\" content=\"La Voce del Paese\" \/>\n<meta property=\"article:publisher\" content=\"https:\/\/www.facebook.com\/lavocedelpaese.info\" \/>\n<meta property=\"article:published_time\" content=\"2024-10-08T06:13:39+00:00\" \/>\n<meta name=\"twitter:card\" content=\"summary_large_image\" \/>\n<meta name=\"twitter:label1\" content=\"Tempo di lettura stimato\" \/>\n\t<meta name=\"twitter:data1\" content=\"3 minuti\" \/>\n<script type=\"application\/ld+json\" class=\"yoast-schema-graph\">{\"@context\":\"https:\\\/\\\/schema.org\",\"@graph\":[{\"@type\":\"Article\",\"@id\":\"https:\\\/\\\/lavocedelpaese.info\\\/index.php\\\/2024\\\/10\\\/08\\\/la-carovana-della-prevenzione-della-komen-a-ottobre-10-tappe-in-8-comuni\\\/#article\",\"isPartOf\":{\"@id\":\"https:\\\/\\\/lavocedelpaese.info\\\/index.php\\\/2024\\\/10\\\/08\\\/la-carovana-della-prevenzione-della-komen-a-ottobre-10-tappe-in-8-comuni\\\/\"},\"author\":{\"name\":\"\",\"@id\":\"\"},\"headline\":\"La Carovana della prevenzione della Komen: a ottobre 10 tappe in 8 Comuni\u00a0\u200b\",\"datePublished\":\"2024-10-08T06:13:39+00:00\",\"mainEntityOfPage\":{\"@id\":\"https:\\\/\\\/lavocedelpaese.info\\\/index.php\\\/2024\\\/10\\\/08\\\/la-carovana-della-prevenzione-della-komen-a-ottobre-10-tappe-in-8-comuni\\\/\"},\"wordCount\":684,\"commentCount\":0,\"publisher\":{\"@id\":\"https:\\\/\\\/lavocedelpaese.info\\\/#organization\"},\"image\":{\"@id\":\"https:\\\/\\\/lavocedelpaese.info\\\/index.php\\\/2024\\\/10\\\/08\\\/la-carovana-della-prevenzione-della-komen-a-ottobre-10-tappe-in-8-comuni\\\/#primaryimage\"},\"thumbnailUrl\":\"https:\\\/\\\/lavocedelpaese.info\\\/wp-content\\\/uploads\\\/2023\\\/01\\\/logo-150-127.png\",\"articleSection\":[\"network\"],\"inLanguage\":\"it-IT\",\"potentialAction\":[{\"@type\":\"CommentAction\",\"name\":\"Comment\",\"target\":[\"https:\\\/\\\/lavocedelpaese.info\\\/index.php\\\/2024\\\/10\\\/08\\\/la-carovana-della-prevenzione-della-komen-a-ottobre-10-tappe-in-8-comuni\\\/#respond\"]}]},{\"@type\":\"WebPage\",\"@id\":\"https:\\\/\\\/lavocedelpaese.info\\\/index.php\\\/2024\\\/10\\\/08\\\/la-carovana-della-prevenzione-della-komen-a-ottobre-10-tappe-in-8-comuni\\\/\",\"url\":\"https:\\\/\\\/lavocedelpaese.info\\\/index.php\\\/2024\\\/10\\\/08\\\/la-carovana-della-prevenzione-della-komen-a-ottobre-10-tappe-in-8-comuni\\\/\",\"name\":\"La Carovana della prevenzione della Komen: a ottobre 10 tappe in 8 Comuni\u00a0\u200b - La Voce del Paese\",\"isPartOf\":{\"@id\":\"https:\\\/\\\/lavocedelpaese.info\\\/#website\"},\"primaryImageOfPage\":{\"@id\":\"https:\\\/\\\/lavocedelpaese.info\\\/index.php\\\/2024\\\/10\\\/08\\\/la-carovana-della-prevenzione-della-komen-a-ottobre-10-tappe-in-8-comuni\\\/#primaryimage\"},\"image\":{\"@id\":\"https:\\\/\\\/lavocedelpaese.info\\\/index.php\\\/2024\\\/10\\\/08\\\/la-carovana-della-prevenzione-della-komen-a-ottobre-10-tappe-in-8-comuni\\\/#primaryimage\"},\"thumbnailUrl\":\"https:\\\/\\\/lavocedelpaese.info\\\/wp-content\\\/uploads\\\/2023\\\/01\\\/logo-150-127.png\",\"datePublished\":\"2024-10-08T06:13:39+00:00\",\"breadcrumb\":{\"@id\":\"https:\\\/\\\/lavocedelpaese.info\\\/index.php\\\/2024\\\/10\\\/08\\\/la-carovana-della-prevenzione-della-komen-a-ottobre-10-tappe-in-8-comuni\\\/#breadcrumb\"},\"inLanguage\":\"it-IT\",\"potentialAction\":[{\"@type\":\"ReadAction\",\"target\":[\"https:\\\/\\\/lavocedelpaese.info\\\/index.php\\\/2024\\\/10\\\/08\\\/la-carovana-della-prevenzione-della-komen-a-ottobre-10-tappe-in-8-comuni\\\/\"]}]},{\"@type\":\"ImageObject\",\"inLanguage\":\"it-IT\",\"@id\":\"https:\\\/\\\/lavocedelpaese.info\\\/index.php\\\/2024\\\/10\\\/08\\\/la-carovana-della-prevenzione-della-komen-a-ottobre-10-tappe-in-8-comuni\\\/#primaryimage\",\"url\":\"https:\\\/\\\/lavocedelpaese.info\\\/wp-content\\\/uploads\\\/2023\\\/01\\\/logo-150-127.png\",\"contentUrl\":\"https:\\\/\\\/lavocedelpaese.info\\\/wp-content\\\/uploads\\\/2023\\\/01\\\/logo-150-127.png\",\"width\":150,\"height\":127},{\"@type\":\"BreadcrumbList\",\"@id\":\"https:\\\/\\\/lavocedelpaese.info\\\/index.php\\\/2024\\\/10\\\/08\\\/la-carovana-della-prevenzione-della-komen-a-ottobre-10-tappe-in-8-comuni\\\/#breadcrumb\",\"itemListElement\":[{\"@type\":\"ListItem\",\"position\":1,\"name\":\"Home\",\"item\":\"https:\\\/\\\/lavocedelpaese.info\\\/\"},{\"@type\":\"ListItem\",\"position\":2,\"name\":\"La Carovana della prevenzione della Komen: a ottobre 10 tappe in 8 Comuni\u00a0\u200b\"}]},{\"@type\":\"WebSite\",\"@id\":\"https:\\\/\\\/lavocedelpaese.info\\\/#website\",\"url\":\"https:\\\/\\\/lavocedelpaese.info\\\/\",\"name\":\"La Voce del Paese\",\"description\":\"Un network di idee\",\"publisher\":{\"@id\":\"https:\\\/\\\/lavocedelpaese.info\\\/#organization\"},\"potentialAction\":[{\"@type\":\"SearchAction\",\"target\":{\"@type\":\"EntryPoint\",\"urlTemplate\":\"https:\\\/\\\/lavocedelpaese.info\\\/?s={search_term_string}\"},\"query-input\":{\"@type\":\"PropertyValueSpecification\",\"valueRequired\":true,\"valueName\":\"search_term_string\"}}],\"inLanguage\":\"it-IT\"},{\"@type\":\"Organization\",\"@id\":\"https:\\\/\\\/lavocedelpaese.info\\\/#organization\",\"name\":\"La Voce del Paese\",\"url\":\"https:\\\/\\\/lavocedelpaese.info\\\/\",\"logo\":{\"@type\":\"ImageObject\",\"inLanguage\":\"it-IT\",\"@id\":\"https:\\\/\\\/lavocedelpaese.info\\\/#\\\/schema\\\/logo\\\/image\\\/\",\"url\":\"https:\\\/\\\/lavocedelpaese.info\\\/wp-content\\\/uploads\\\/2023\\\/01\\\/cropped-logo-150-127.png\",\"contentUrl\":\"https:\\\/\\\/lavocedelpaese.info\\\/wp-content\\\/uploads\\\/2023\\\/01\\\/cropped-logo-150-127.png\",\"width\":137,\"height\":119,\"caption\":\"La Voce del Paese\"},\"image\":{\"@id\":\"https:\\\/\\\/lavocedelpaese.info\\\/#\\\/schema\\\/logo\\\/image\\\/\"},\"sameAs\":[\"https:\\\/\\\/www.facebook.com\\\/lavocedelpaese.info\"]}]}<\/script>\n<!-- \/ Yoast SEO plugin. -->","yoast_head_json":{"title":"La Carovana della prevenzione della Komen: a ottobre 10 tappe in 8 Comuni\u00a0\u200b - La Voce del Paese","robots":{"index":"index","follow":"follow","max-snippet":"max-snippet:-1","max-image-preview":"max-image-preview:large","max-video-preview":"max-video-preview:-1"},"canonical":"https:\/\/lavocedelpaese.info\/index.php\/2024\/10\/08\/la-carovana-della-prevenzione-della-komen-a-ottobre-10-tappe-in-8-comuni\/","og_locale":"it_IT","og_type":"article","og_title":"La Carovana della prevenzione della Komen: a ottobre 10 tappe in 8 Comuni\u00a0\u200b - La Voce del Paese","og_description":"\u00a0 \u200b\u00a0 \u200b\u00a0 Torna la Carovana della Prevenzione, il programma nazionale itinerante di promozione della salute femminile della Komen con","og_url":"https:\/\/lavocedelpaese.info\/index.php\/2024\/10\/08\/la-carovana-della-prevenzione-della-komen-a-ottobre-10-tappe-in-8-comuni\/","og_site_name":"La Voce del Paese","article_publisher":"https:\/\/www.facebook.com\/lavocedelpaese.info","article_published_time":"2024-10-08T06:13:39+00:00","twitter_card":"summary_large_image","twitter_misc":{"Tempo di lettura stimato":"3 minuti"},"schema":{"@context":"https:\/\/schema.org","@graph":[{"@type":"Article","@id":"https:\/\/lavocedelpaese.info\/index.php\/2024\/10\/08\/la-carovana-della-prevenzione-della-komen-a-ottobre-10-tappe-in-8-comuni\/#article","isPartOf":{"@id":"https:\/\/lavocedelpaese.info\/index.php\/2024\/10\/08\/la-carovana-della-prevenzione-della-komen-a-ottobre-10-tappe-in-8-comuni\/"},"author":{"name":"","@id":""},"headline":"La Carovana della prevenzione della Komen: a ottobre 10 tappe in 8 Comuni\u00a0\u200b","datePublished":"2024-10-08T06:13:39+00:00","mainEntityOfPage":{"@id":"https:\/\/lavocedelpaese.info\/index.php\/2024\/10\/08\/la-carovana-della-prevenzione-della-komen-a-ottobre-10-tappe-in-8-comuni\/"},"wordCount":684,"commentCount":0,"publisher":{"@id":"https:\/\/lavocedelpaese.info\/#organization"},"image":{"@id":"https:\/\/lavocedelpaese.info\/index.php\/2024\/10\/08\/la-carovana-della-prevenzione-della-komen-a-ottobre-10-tappe-in-8-comuni\/#primaryimage"},"thumbnailUrl":"https:\/\/lavocedelpaese.info\/wp-content\/uploads\/2023\/01\/logo-150-127.png","articleSection":["network"],"inLanguage":"it-IT","potentialAction":[{"@type":"CommentAction","name":"Comment","target":["https:\/\/lavocedelpaese.info\/index.php\/2024\/10\/08\/la-carovana-della-prevenzione-della-komen-a-ottobre-10-tappe-in-8-comuni\/#respond"]}]},{"@type":"WebPage","@id":"https:\/\/lavocedelpaese.info\/index.php\/2024\/10\/08\/la-carovana-della-prevenzione-della-komen-a-ottobre-10-tappe-in-8-comuni\/","url":"https:\/\/lavocedelpaese.info\/index.php\/2024\/10\/08\/la-carovana-della-prevenzione-della-komen-a-ottobre-10-tappe-in-8-comuni\/","name":"La Carovana della prevenzione della Komen: a ottobre 10 tappe in 8 Comuni\u00a0\u200b - La Voce del Paese","isPartOf":{"@id":"https:\/\/lavocedelpaese.info\/#website"},"primaryImageOfPage":{"@id":"https:\/\/lavocedelpaese.info\/index.php\/2024\/10\/08\/la-carovana-della-prevenzione-della-komen-a-ottobre-10-tappe-in-8-comuni\/#primaryimage"},"image":{"@id":"https:\/\/lavocedelpaese.info\/index.php\/2024\/10\/08\/la-carovana-della-prevenzione-della-komen-a-ottobre-10-tappe-in-8-comuni\/#primaryimage"},"thumbnailUrl":"https:\/\/lavocedelpaese.info\/wp-content\/uploads\/2023\/01\/logo-150-127.png","datePublished":"2024-10-08T06:13:39+00:00","breadcrumb":{"@id":"https:\/\/lavocedelpaese.info\/index.php\/2024\/10\/08\/la-carovana-della-prevenzione-della-komen-a-ottobre-10-tappe-in-8-comuni\/#breadcrumb"},"inLanguage":"it-IT","potentialAction":[{"@type":"ReadAction","target":["https:\/\/lavocedelpaese.info\/index.php\/2024\/10\/08\/la-carovana-della-prevenzione-della-komen-a-ottobre-10-tappe-in-8-comuni\/"]}]},{"@type":"ImageObject","inLanguage":"it-IT","@id":"https:\/\/lavocedelpaese.info\/index.php\/2024\/10\/08\/la-carovana-della-prevenzione-della-komen-a-ottobre-10-tappe-in-8-comuni\/#primaryimage","url":"https:\/\/lavocedelpaese.info\/wp-content\/uploads\/2023\/01\/logo-150-127.png","contentUrl":"https:\/\/lavocedelpaese.info\/wp-content\/uploads\/2023\/01\/logo-150-127.png","width":150,"height":127},{"@type":"BreadcrumbList","@id":"https:\/\/lavocedelpaese.info\/index.php\/2024\/10\/08\/la-carovana-della-prevenzione-della-komen-a-ottobre-10-tappe-in-8-comuni\/#breadcrumb","itemListElement":[{"@type":"ListItem","position":1,"name":"Home","item":"https:\/\/lavocedelpaese.info\/"},{"@type":"ListItem","position":2,"name":"La Carovana della prevenzione della Komen: a ottobre 10 tappe in 8 Comuni\u00a0\u200b"}]},{"@type":"WebSite","@id":"https:\/\/lavocedelpaese.info\/#website","url":"https:\/\/lavocedelpaese.info\/","name":"La Voce del Paese","description":"Un network di idee","publisher":{"@id":"https:\/\/lavocedelpaese.info\/#organization"},"potentialAction":[{"@type":"SearchAction","target":{"@type":"EntryPoint","urlTemplate":"https:\/\/lavocedelpaese.info\/?s={search_term_string}"},"query-input":{"@type":"PropertyValueSpecification","valueRequired":true,"valueName":"search_term_string"}}],"inLanguage":"it-IT"},{"@type":"Organization","@id":"https:\/\/lavocedelpaese.info\/#organization","name":"La Voce del Paese","url":"https:\/\/lavocedelpaese.info\/","logo":{"@type":"ImageObject","inLanguage":"it-IT","@id":"https:\/\/lavocedelpaese.info\/#\/schema\/logo\/image\/","url":"https:\/\/lavocedelpaese.info\/wp-content\/uploads\/2023\/01\/cropped-logo-150-127.png","contentUrl":"https:\/\/lavocedelpaese.info\/wp-content\/uploads\/2023\/01\/cropped-logo-150-127.png","width":137,"height":119,"caption":"La Voce del Paese"},"image":{"@id":"https:\/\/lavocedelpaese.info\/#\/schema\/logo\/image\/"},"sameAs":["https:\/\/www.facebook.com\/lavocedelpaese.info"]}]}},"_links":{"self":[{"href":"https:\/\/lavocedelpaese.info\/index.php\/wp-json\/wp\/v2\/posts\/8081","targetHints":{"allow":["GET"]}}],"collection":[{"href":"https:\/\/lavocedelpaese.info\/index.php\/wp-json\/wp\/v2\/posts"}],"about":[{"href":"https:\/\/lavocedelpaese.info\/index.php\/wp-json\/wp\/v2\/types\/post"}],"replies":[{"embeddable":true,"href":"https:\/\/lavocedelpaese.info\/index.php\/wp-json\/wp\/v2\/comments?post=8081"}],"version-history":[{"count":0,"href":"https:\/\/lavocedelpaese.info\/index.php\/wp-json\/wp\/v2\/posts\/8081\/revisions"}],"wp:featuredmedia":[{"embeddable":true,"href":"https:\/\/lavocedelpaese.info\/index.php\/wp-json\/wp\/v2\/media\/730"}],"wp:attachment":[{"href":"https:\/\/lavocedelpaese.info\/index.php\/wp-json\/wp\/v2\/media?parent=8081"}],"wp:term":[{"taxonomy":"category","embeddable":true,"href":"https:\/\/lavocedelpaese.info\/index.php\/wp-json\/wp\/v2\/categories?post=8081"},{"taxonomy":"post_tag","embeddable":true,"href":"https:\/\/lavocedelpaese.info\/index.php\/wp-json\/wp\/v2\/tags?post=8081"}],"curies":[{"name":"wp","href":"https:\/\/api.w.org\/{rel}","templated":true}]}}