{"id":8077,"date":"2024-10-08T05:17:13","date_gmt":"2024-10-08T05:17:13","guid":{"rendered":"https:\/\/lavocedelpaese.info\/index.php\/2024\/10\/08\/acquaviva-palazzo-de-mari-protagonista-delle-giornate-dautunno-del-fai\/"},"modified":"2024-10-08T05:17:13","modified_gmt":"2024-10-08T05:17:13","slug":"acquaviva-palazzo-de-mari-protagonista-delle-giornate-dautunno-del-fai","status":"publish","type":"post","link":"https:\/\/lavocedelpaese.info\/index.php\/2024\/10\/08\/acquaviva-palazzo-de-mari-protagonista-delle-giornate-dautunno-del-fai\/","title":{"rendered":"Acquaviva, Palazzo De Mari protagonista delle Giornate d\u2019Autunno del Fai\u00a0\u200b"},"content":{"rendered":"<p>\u00a0<\/p>\n<p>\u200b\u00a0<\/p>\n<p>\u200b\u00a0<\/p>\n<p>Il prossimo fine settimana del 12 e 13 ottobre, la citt\u00e0 di Acquaviva delle Fonti sar\u00e0 protagonista delle Giornate d\u2019Autunno organizzate dal Fondo Ambienta Italiano (FAI), un evento che coinvolge tutta Italia e celebra il patrimonio culturale, storico e artistico del nostro Paese. La delegazione FAI dei Trulli e delle Grotte ha scelto, per questa edizione, un luogo di grande importanza storica e culturale per la citt\u00e0: Palazzo De Mari, oggi sede del Comune di Acquaviva delle Fonti.<\/p>\n<p>Durante queste giornate, il Palazzo De Mari aprir\u00e0 le sue porte al pubblico, offrendo visite guidate gratuite, condotte dai giovani studenti del territorio che, in qualit\u00e0 di \u201cApprendisti Ciceroni\u201d, accompagneranno i visitatori alla scoperta della storia e delle bellezze di questo antico edificio. Questa iniziativa rappresenta un\u2019occasione unica per conoscere pi\u00f9 da vicino uno dei simboli della citt\u00e0, che riveste un ruolo centrale nella vita politica e culturale di Acquaviva delle Fonti.<\/p>\n<p>Palazzo De Mari, oggi sede del Municipio di Acquaviva delle Fonti, \u00e8 un edificio che racchiude secoli di storia e di cultura. Divenuto propriet\u00e0 della famiglia De Mari, originaria di Genova ma che consegu\u00ec il titolo nobiliare di \u201cPrincipi di Acquaviva\u201d nel XVII secolo, il palazzo ha subito numerose trasformazioni e restauri nel corso del tempo, mantenendo per\u00f2 intatta la sua maestosit\u00e0 e il suo valore artistico. Gli interni del palazzo presentano affreschi, decorazioni e arredi che riflettono lo stile e la raffinatezza delle epoche passate, offrendo ai visitatori un viaggio affascinante attraverso il tempo.<\/p>\n<p>Il sindaco di Acquaviva delle Fonti, Marco Lenoci, ha dichiarato: \u201cSiamo onorati che il FAI abbia scelto Palazzo De Mari come uno dei luoghi protagonisti di questa edizione delle Giornate d\u2019Autunno. Questo evento rappresenta un\u2019importante occasione per valorizzare il nostro patrimonio storico e culturale, promuovendo una maggiore consapevolezza tra i cittadini, soprattutto tra i giovani, dell\u2019importanza della tutela dei beni artistici. Invitiamo tutti a partecipare e a vivere questa esperienza di scoperta e condivisione della nostra storia.\u201d<\/p>\n<p>L\u2019assessore alla Cultura, Mariagrazia Barbieri, ha sottolineato: \u201cPalazzo De Mari non \u00e8 solo la sede amministrativa del nostro Comune, ma \u00e8 anche un simbolo della nostra identit\u00e0 e delle nostre radici. Grazie al FAI e al prezioso contributo degli studenti locali, possiamo aprire le porte di questo luogo straordinario e condividere con il pubblico la sua storia e il suo valore culturale. Credo fermamente che eventi come le Giornate d\u2019Autunno siano fondamentali per far avvicinare le nuove generazioni alla bellezza e alla ricchezza del nostro patrimonio, trasmettendo loro il senso di responsabilit\u00e0 verso la sua protezione e valorizzazione.\u201d<\/p>\n\n\n<p><a class=\"a2a_button_facebook\" href=\"https:\/\/www.addtoany.com\/add_to\/facebook?linkurl=https%3A%2F%2Facquaviva.lavocedelpaese.info%2Findex.php%2F2024%2F10%2F07%2Facquaviva-palazzo-de-mari-protagonista-delle-giornate-dautunno-del-fai%2F&amp;linkname=Acquaviva%2C%20Palazzo%20De%20Mari%20protagonista%20delle%20Giornate%20d%E2%80%99Autunno%20del%20Fai\" title=\"Facebook\" target=\"_blank\" rel=\"noopener\"><\/a><a class=\"a2a_button_twitter\" href=\"https:\/\/www.addtoany.com\/add_to\/twitter?linkurl=https%3A%2F%2Facquaviva.lavocedelpaese.info%2Findex.php%2F2024%2F10%2F07%2Facquaviva-palazzo-de-mari-protagonista-delle-giornate-dautunno-del-fai%2F&amp;linkname=Acquaviva%2C%20Palazzo%20De%20Mari%20protagonista%20delle%20Giornate%20d%E2%80%99Autunno%20del%20Fai\" title=\"Twitter\" target=\"_blank\" rel=\"noopener\"><\/a><a class=\"a2a_button_whatsapp\" href=\"https:\/\/www.addtoany.com\/add_to\/whatsapp?linkurl=https%3A%2F%2Facquaviva.lavocedelpaese.info%2Findex.php%2F2024%2F10%2F07%2Facquaviva-palazzo-de-mari-protagonista-delle-giornate-dautunno-del-fai%2F&amp;linkname=Acquaviva%2C%20Palazzo%20De%20Mari%20protagonista%20delle%20Giornate%20d%E2%80%99Autunno%20del%20Fai\" title=\"WhatsApp\" target=\"_blank\" rel=\"noopener\"><\/a><a class=\"a2a_button_telegram\" href=\"https:\/\/www.addtoany.com\/add_to\/telegram?linkurl=https%3A%2F%2Facquaviva.lavocedelpaese.info%2Findex.php%2F2024%2F10%2F07%2Facquaviva-palazzo-de-mari-protagonista-delle-giornate-dautunno-del-fai%2F&amp;linkname=Acquaviva%2C%20Palazzo%20De%20Mari%20protagonista%20delle%20Giornate%20d%E2%80%99Autunno%20del%20Fai\" title=\"Telegram\" target=\"_blank\" rel=\"noopener\"><\/a><a class=\"a2a_button_email\" href=\"https:\/\/www.addtoany.com\/add_to\/email?linkurl=https%3A%2F%2Facquaviva.lavocedelpaese.info%2Findex.php%2F2024%2F10%2F07%2Facquaviva-palazzo-de-mari-protagonista-delle-giornate-dautunno-del-fai%2F&amp;linkname=Acquaviva%2C%20Palazzo%20De%20Mari%20protagonista%20delle%20Giornate%20d%E2%80%99Autunno%20del%20Fai\" title=\"Email\" target=\"_blank\" rel=\"noopener\"><\/a><\/p>\n<p>\u00a0<\/p>\n<p>\u00a0<\/p>\n<p>\u200b\u00a0\u00a0\u00a0<\/p>","protected":false},"excerpt":{"rendered":"<p>\u00a0 \u200b\u00a0 \u200b\u00a0 Il prossimo fine settimana del 12 e 13 ottobre, la citt\u00e0 di Acquaviva delle Fonti sar\u00e0 protagonista<\/p>\n","protected":false},"author":0,"featured_media":8078,"comment_status":"open","ping_status":"closed","sticky":false,"template":"","format":"standard","meta":{"colormag_page_container_layout":"default_layout","colormag_page_sidebar_layout":"default_layout","footnotes":""},"categories":[33],"tags":[],"class_list":["post-8077","post","type-post","status-publish","format-standard","has-post-thumbnail","hentry","category-network"],"yoast_head":"<!-- This site is optimized with the Yoast SEO plugin v27.5 - https:\/\/yoast.com\/product\/yoast-seo-wordpress\/ -->\n<title>Acquaviva, Palazzo De Mari protagonista delle Giornate d\u2019Autunno del Fai\u00a0\u200b - La Voce del Paese<\/title>\n<meta name=\"robots\" content=\"index, follow, max-snippet:-1, max-image-preview:large, max-video-preview:-1\" \/>\n<link rel=\"canonical\" href=\"https:\/\/lavocedelpaese.info\/index.php\/2024\/10\/08\/acquaviva-palazzo-de-mari-protagonista-delle-giornate-dautunno-del-fai\/\" \/>\n<meta property=\"og:locale\" content=\"it_IT\" \/>\n<meta property=\"og:type\" content=\"article\" \/>\n<meta property=\"og:title\" content=\"Acquaviva, Palazzo De Mari protagonista delle Giornate d\u2019Autunno del Fai\u00a0\u200b - La Voce del Paese\" \/>\n<meta property=\"og:description\" content=\"\u00a0 \u200b\u00a0 \u200b\u00a0 Il prossimo fine settimana del 12 e 13 ottobre, la citt\u00e0 di Acquaviva delle Fonti sar\u00e0 protagonista\" \/>\n<meta property=\"og:url\" content=\"https:\/\/lavocedelpaese.info\/index.php\/2024\/10\/08\/acquaviva-palazzo-de-mari-protagonista-delle-giornate-dautunno-del-fai\/\" \/>\n<meta property=\"og:site_name\" content=\"La Voce del Paese\" \/>\n<meta property=\"article:publisher\" content=\"https:\/\/www.facebook.com\/lavocedelpaese.info\" \/>\n<meta property=\"article:published_time\" content=\"2024-10-08T05:17:13+00:00\" \/>\n<meta name=\"twitter:card\" content=\"summary_large_image\" \/>\n<meta name=\"twitter:label1\" content=\"Tempo di lettura stimato\" \/>\n\t<meta name=\"twitter:data1\" content=\"2 minuti\" \/>\n<script type=\"application\/ld+json\" class=\"yoast-schema-graph\">{\"@context\":\"https:\\\/\\\/schema.org\",\"@graph\":[{\"@type\":\"Article\",\"@id\":\"https:\\\/\\\/lavocedelpaese.info\\\/index.php\\\/2024\\\/10\\\/08\\\/acquaviva-palazzo-de-mari-protagonista-delle-giornate-dautunno-del-fai\\\/#article\",\"isPartOf\":{\"@id\":\"https:\\\/\\\/lavocedelpaese.info\\\/index.php\\\/2024\\\/10\\\/08\\\/acquaviva-palazzo-de-mari-protagonista-delle-giornate-dautunno-del-fai\\\/\"},\"author\":{\"name\":\"\",\"@id\":\"\"},\"headline\":\"Acquaviva, Palazzo De Mari protagonista delle Giornate d\u2019Autunno del Fai\u00a0\u200b\",\"datePublished\":\"2024-10-08T05:17:13+00:00\",\"mainEntityOfPage\":{\"@id\":\"https:\\\/\\\/lavocedelpaese.info\\\/index.php\\\/2024\\\/10\\\/08\\\/acquaviva-palazzo-de-mari-protagonista-delle-giornate-dautunno-del-fai\\\/\"},\"wordCount\":433,\"commentCount\":0,\"publisher\":{\"@id\":\"https:\\\/\\\/lavocedelpaese.info\\\/#organization\"},\"image\":{\"@id\":\"https:\\\/\\\/lavocedelpaese.info\\\/index.php\\\/2024\\\/10\\\/08\\\/acquaviva-palazzo-de-mari-protagonista-delle-giornate-dautunno-del-fai\\\/#primaryimage\"},\"thumbnailUrl\":\"https:\\\/\\\/lavocedelpaese.info\\\/wp-content\\\/uploads\\\/2024\\\/10\\\/municipio-acquaviva-delle-fonti.2-UjZoyn.jpeg\",\"articleSection\":[\"network\"],\"inLanguage\":\"it-IT\",\"potentialAction\":[{\"@type\":\"CommentAction\",\"name\":\"Comment\",\"target\":[\"https:\\\/\\\/lavocedelpaese.info\\\/index.php\\\/2024\\\/10\\\/08\\\/acquaviva-palazzo-de-mari-protagonista-delle-giornate-dautunno-del-fai\\\/#respond\"]}]},{\"@type\":\"WebPage\",\"@id\":\"https:\\\/\\\/lavocedelpaese.info\\\/index.php\\\/2024\\\/10\\\/08\\\/acquaviva-palazzo-de-mari-protagonista-delle-giornate-dautunno-del-fai\\\/\",\"url\":\"https:\\\/\\\/lavocedelpaese.info\\\/index.php\\\/2024\\\/10\\\/08\\\/acquaviva-palazzo-de-mari-protagonista-delle-giornate-dautunno-del-fai\\\/\",\"name\":\"Acquaviva, Palazzo De Mari protagonista delle Giornate d\u2019Autunno del Fai\u00a0\u200b - La Voce del Paese\",\"isPartOf\":{\"@id\":\"https:\\\/\\\/lavocedelpaese.info\\\/#website\"},\"primaryImageOfPage\":{\"@id\":\"https:\\\/\\\/lavocedelpaese.info\\\/index.php\\\/2024\\\/10\\\/08\\\/acquaviva-palazzo-de-mari-protagonista-delle-giornate-dautunno-del-fai\\\/#primaryimage\"},\"image\":{\"@id\":\"https:\\\/\\\/lavocedelpaese.info\\\/index.php\\\/2024\\\/10\\\/08\\\/acquaviva-palazzo-de-mari-protagonista-delle-giornate-dautunno-del-fai\\\/#primaryimage\"},\"thumbnailUrl\":\"https:\\\/\\\/lavocedelpaese.info\\\/wp-content\\\/uploads\\\/2024\\\/10\\\/municipio-acquaviva-delle-fonti.2-UjZoyn.jpeg\",\"datePublished\":\"2024-10-08T05:17:13+00:00\",\"breadcrumb\":{\"@id\":\"https:\\\/\\\/lavocedelpaese.info\\\/index.php\\\/2024\\\/10\\\/08\\\/acquaviva-palazzo-de-mari-protagonista-delle-giornate-dautunno-del-fai\\\/#breadcrumb\"},\"inLanguage\":\"it-IT\",\"potentialAction\":[{\"@type\":\"ReadAction\",\"target\":[\"https:\\\/\\\/lavocedelpaese.info\\\/index.php\\\/2024\\\/10\\\/08\\\/acquaviva-palazzo-de-mari-protagonista-delle-giornate-dautunno-del-fai\\\/\"]}]},{\"@type\":\"ImageObject\",\"inLanguage\":\"it-IT\",\"@id\":\"https:\\\/\\\/lavocedelpaese.info\\\/index.php\\\/2024\\\/10\\\/08\\\/acquaviva-palazzo-de-mari-protagonista-delle-giornate-dautunno-del-fai\\\/#primaryimage\",\"url\":\"https:\\\/\\\/lavocedelpaese.info\\\/wp-content\\\/uploads\\\/2024\\\/10\\\/municipio-acquaviva-delle-fonti.2-UjZoyn.jpeg\",\"contentUrl\":\"https:\\\/\\\/lavocedelpaese.info\\\/wp-content\\\/uploads\\\/2024\\\/10\\\/municipio-acquaviva-delle-fonti.2-UjZoyn.jpeg\",\"width\":640,\"height\":360},{\"@type\":\"BreadcrumbList\",\"@id\":\"https:\\\/\\\/lavocedelpaese.info\\\/index.php\\\/2024\\\/10\\\/08\\\/acquaviva-palazzo-de-mari-protagonista-delle-giornate-dautunno-del-fai\\\/#breadcrumb\",\"itemListElement\":[{\"@type\":\"ListItem\",\"position\":1,\"name\":\"Home\",\"item\":\"https:\\\/\\\/lavocedelpaese.info\\\/\"},{\"@type\":\"ListItem\",\"position\":2,\"name\":\"Acquaviva, Palazzo De Mari protagonista delle Giornate d\u2019Autunno del Fai\u00a0\u200b\"}]},{\"@type\":\"WebSite\",\"@id\":\"https:\\\/\\\/lavocedelpaese.info\\\/#website\",\"url\":\"https:\\\/\\\/lavocedelpaese.info\\\/\",\"name\":\"La Voce del Paese\",\"description\":\"Un network di idee\",\"publisher\":{\"@id\":\"https:\\\/\\\/lavocedelpaese.info\\\/#organization\"},\"potentialAction\":[{\"@type\":\"SearchAction\",\"target\":{\"@type\":\"EntryPoint\",\"urlTemplate\":\"https:\\\/\\\/lavocedelpaese.info\\\/?s={search_term_string}\"},\"query-input\":{\"@type\":\"PropertyValueSpecification\",\"valueRequired\":true,\"valueName\":\"search_term_string\"}}],\"inLanguage\":\"it-IT\"},{\"@type\":\"Organization\",\"@id\":\"https:\\\/\\\/lavocedelpaese.info\\\/#organization\",\"name\":\"La Voce del Paese\",\"url\":\"https:\\\/\\\/lavocedelpaese.info\\\/\",\"logo\":{\"@type\":\"ImageObject\",\"inLanguage\":\"it-IT\",\"@id\":\"https:\\\/\\\/lavocedelpaese.info\\\/#\\\/schema\\\/logo\\\/image\\\/\",\"url\":\"https:\\\/\\\/lavocedelpaese.info\\\/wp-content\\\/uploads\\\/2023\\\/01\\\/cropped-logo-150-127.png\",\"contentUrl\":\"https:\\\/\\\/lavocedelpaese.info\\\/wp-content\\\/uploads\\\/2023\\\/01\\\/cropped-logo-150-127.png\",\"width\":137,\"height\":119,\"caption\":\"La Voce del Paese\"},\"image\":{\"@id\":\"https:\\\/\\\/lavocedelpaese.info\\\/#\\\/schema\\\/logo\\\/image\\\/\"},\"sameAs\":[\"https:\\\/\\\/www.facebook.com\\\/lavocedelpaese.info\"]}]}<\/script>\n<!-- \/ Yoast SEO plugin. -->","yoast_head_json":{"title":"Acquaviva, Palazzo De Mari protagonista delle Giornate d\u2019Autunno del Fai\u00a0\u200b - La Voce del Paese","robots":{"index":"index","follow":"follow","max-snippet":"max-snippet:-1","max-image-preview":"max-image-preview:large","max-video-preview":"max-video-preview:-1"},"canonical":"https:\/\/lavocedelpaese.info\/index.php\/2024\/10\/08\/acquaviva-palazzo-de-mari-protagonista-delle-giornate-dautunno-del-fai\/","og_locale":"it_IT","og_type":"article","og_title":"Acquaviva, Palazzo De Mari protagonista delle Giornate d\u2019Autunno del Fai\u00a0\u200b - La Voce del Paese","og_description":"\u00a0 \u200b\u00a0 \u200b\u00a0 Il prossimo fine settimana del 12 e 13 ottobre, la citt\u00e0 di Acquaviva delle Fonti sar\u00e0 protagonista","og_url":"https:\/\/lavocedelpaese.info\/index.php\/2024\/10\/08\/acquaviva-palazzo-de-mari-protagonista-delle-giornate-dautunno-del-fai\/","og_site_name":"La Voce del Paese","article_publisher":"https:\/\/www.facebook.com\/lavocedelpaese.info","article_published_time":"2024-10-08T05:17:13+00:00","twitter_card":"summary_large_image","twitter_misc":{"Tempo di lettura stimato":"2 minuti"},"schema":{"@context":"https:\/\/schema.org","@graph":[{"@type":"Article","@id":"https:\/\/lavocedelpaese.info\/index.php\/2024\/10\/08\/acquaviva-palazzo-de-mari-protagonista-delle-giornate-dautunno-del-fai\/#article","isPartOf":{"@id":"https:\/\/lavocedelpaese.info\/index.php\/2024\/10\/08\/acquaviva-palazzo-de-mari-protagonista-delle-giornate-dautunno-del-fai\/"},"author":{"name":"","@id":""},"headline":"Acquaviva, Palazzo De Mari protagonista delle Giornate d\u2019Autunno del Fai\u00a0\u200b","datePublished":"2024-10-08T05:17:13+00:00","mainEntityOfPage":{"@id":"https:\/\/lavocedelpaese.info\/index.php\/2024\/10\/08\/acquaviva-palazzo-de-mari-protagonista-delle-giornate-dautunno-del-fai\/"},"wordCount":433,"commentCount":0,"publisher":{"@id":"https:\/\/lavocedelpaese.info\/#organization"},"image":{"@id":"https:\/\/lavocedelpaese.info\/index.php\/2024\/10\/08\/acquaviva-palazzo-de-mari-protagonista-delle-giornate-dautunno-del-fai\/#primaryimage"},"thumbnailUrl":"https:\/\/lavocedelpaese.info\/wp-content\/uploads\/2024\/10\/municipio-acquaviva-delle-fonti.2-UjZoyn.jpeg","articleSection":["network"],"inLanguage":"it-IT","potentialAction":[{"@type":"CommentAction","name":"Comment","target":["https:\/\/lavocedelpaese.info\/index.php\/2024\/10\/08\/acquaviva-palazzo-de-mari-protagonista-delle-giornate-dautunno-del-fai\/#respond"]}]},{"@type":"WebPage","@id":"https:\/\/lavocedelpaese.info\/index.php\/2024\/10\/08\/acquaviva-palazzo-de-mari-protagonista-delle-giornate-dautunno-del-fai\/","url":"https:\/\/lavocedelpaese.info\/index.php\/2024\/10\/08\/acquaviva-palazzo-de-mari-protagonista-delle-giornate-dautunno-del-fai\/","name":"Acquaviva, Palazzo De Mari protagonista delle Giornate d\u2019Autunno del Fai\u00a0\u200b - La Voce del Paese","isPartOf":{"@id":"https:\/\/lavocedelpaese.info\/#website"},"primaryImageOfPage":{"@id":"https:\/\/lavocedelpaese.info\/index.php\/2024\/10\/08\/acquaviva-palazzo-de-mari-protagonista-delle-giornate-dautunno-del-fai\/#primaryimage"},"image":{"@id":"https:\/\/lavocedelpaese.info\/index.php\/2024\/10\/08\/acquaviva-palazzo-de-mari-protagonista-delle-giornate-dautunno-del-fai\/#primaryimage"},"thumbnailUrl":"https:\/\/lavocedelpaese.info\/wp-content\/uploads\/2024\/10\/municipio-acquaviva-delle-fonti.2-UjZoyn.jpeg","datePublished":"2024-10-08T05:17:13+00:00","breadcrumb":{"@id":"https:\/\/lavocedelpaese.info\/index.php\/2024\/10\/08\/acquaviva-palazzo-de-mari-protagonista-delle-giornate-dautunno-del-fai\/#breadcrumb"},"inLanguage":"it-IT","potentialAction":[{"@type":"ReadAction","target":["https:\/\/lavocedelpaese.info\/index.php\/2024\/10\/08\/acquaviva-palazzo-de-mari-protagonista-delle-giornate-dautunno-del-fai\/"]}]},{"@type":"ImageObject","inLanguage":"it-IT","@id":"https:\/\/lavocedelpaese.info\/index.php\/2024\/10\/08\/acquaviva-palazzo-de-mari-protagonista-delle-giornate-dautunno-del-fai\/#primaryimage","url":"https:\/\/lavocedelpaese.info\/wp-content\/uploads\/2024\/10\/municipio-acquaviva-delle-fonti.2-UjZoyn.jpeg","contentUrl":"https:\/\/lavocedelpaese.info\/wp-content\/uploads\/2024\/10\/municipio-acquaviva-delle-fonti.2-UjZoyn.jpeg","width":640,"height":360},{"@type":"BreadcrumbList","@id":"https:\/\/lavocedelpaese.info\/index.php\/2024\/10\/08\/acquaviva-palazzo-de-mari-protagonista-delle-giornate-dautunno-del-fai\/#breadcrumb","itemListElement":[{"@type":"ListItem","position":1,"name":"Home","item":"https:\/\/lavocedelpaese.info\/"},{"@type":"ListItem","position":2,"name":"Acquaviva, Palazzo De Mari protagonista delle Giornate d\u2019Autunno del Fai\u00a0\u200b"}]},{"@type":"WebSite","@id":"https:\/\/lavocedelpaese.info\/#website","url":"https:\/\/lavocedelpaese.info\/","name":"La Voce del Paese","description":"Un network di idee","publisher":{"@id":"https:\/\/lavocedelpaese.info\/#organization"},"potentialAction":[{"@type":"SearchAction","target":{"@type":"EntryPoint","urlTemplate":"https:\/\/lavocedelpaese.info\/?s={search_term_string}"},"query-input":{"@type":"PropertyValueSpecification","valueRequired":true,"valueName":"search_term_string"}}],"inLanguage":"it-IT"},{"@type":"Organization","@id":"https:\/\/lavocedelpaese.info\/#organization","name":"La Voce del Paese","url":"https:\/\/lavocedelpaese.info\/","logo":{"@type":"ImageObject","inLanguage":"it-IT","@id":"https:\/\/lavocedelpaese.info\/#\/schema\/logo\/image\/","url":"https:\/\/lavocedelpaese.info\/wp-content\/uploads\/2023\/01\/cropped-logo-150-127.png","contentUrl":"https:\/\/lavocedelpaese.info\/wp-content\/uploads\/2023\/01\/cropped-logo-150-127.png","width":137,"height":119,"caption":"La Voce del Paese"},"image":{"@id":"https:\/\/lavocedelpaese.info\/#\/schema\/logo\/image\/"},"sameAs":["https:\/\/www.facebook.com\/lavocedelpaese.info"]}]}},"_links":{"self":[{"href":"https:\/\/lavocedelpaese.info\/index.php\/wp-json\/wp\/v2\/posts\/8077","targetHints":{"allow":["GET"]}}],"collection":[{"href":"https:\/\/lavocedelpaese.info\/index.php\/wp-json\/wp\/v2\/posts"}],"about":[{"href":"https:\/\/lavocedelpaese.info\/index.php\/wp-json\/wp\/v2\/types\/post"}],"replies":[{"embeddable":true,"href":"https:\/\/lavocedelpaese.info\/index.php\/wp-json\/wp\/v2\/comments?post=8077"}],"version-history":[{"count":0,"href":"https:\/\/lavocedelpaese.info\/index.php\/wp-json\/wp\/v2\/posts\/8077\/revisions"}],"wp:featuredmedia":[{"embeddable":true,"href":"https:\/\/lavocedelpaese.info\/index.php\/wp-json\/wp\/v2\/media\/8078"}],"wp:attachment":[{"href":"https:\/\/lavocedelpaese.info\/index.php\/wp-json\/wp\/v2\/media?parent=8077"}],"wp:term":[{"taxonomy":"category","embeddable":true,"href":"https:\/\/lavocedelpaese.info\/index.php\/wp-json\/wp\/v2\/categories?post=8077"},{"taxonomy":"post_tag","embeddable":true,"href":"https:\/\/lavocedelpaese.info\/index.php\/wp-json\/wp\/v2\/tags?post=8077"}],"curies":[{"name":"wp","href":"https:\/\/api.w.org\/{rel}","templated":true}]}}