{"id":8066,"date":"2024-10-07T06:13:25","date_gmt":"2024-10-07T06:13:25","guid":{"rendered":"https:\/\/lavocedelpaese.info\/index.php\/2024\/10\/07\/raffaella-casamassima-eletta-al-consiglio-metropolitano\/"},"modified":"2024-10-07T06:13:25","modified_gmt":"2024-10-07T06:13:25","slug":"raffaella-casamassima-eletta-al-consiglio-metropolitano","status":"publish","type":"post","link":"https:\/\/lavocedelpaese.info\/index.php\/2024\/10\/07\/raffaella-casamassima-eletta-al-consiglio-metropolitano\/","title":{"rendered":"Raffaella Casamassima eletta al Consiglio Metropolitano\u00a0\u200b"},"content":{"rendered":"<p>\u00a0<\/p>\n<p>\u200b\u00a0<\/p>\n<p>\u200b\u00a0<\/p>\n<p>La Consigliera Comunale cassanese Raffaella Casamassima \u00e8 stata eletta nel Consiglio della Citt\u00e0 Metropolitana di Bari (l\u2019ex Provincia) risultando quarta nella lista del centro-destra, in quota Fratelli d\u2019Italia.<\/p>\n<p>\u201cRingrazio tutti i consiglieri della citt\u00e0 metropolitana che hanno espresso la loro preferenza per me ed i consiglieri comunali del mio gruppo: a lavoro per il mio comune e per tutti i i comuni della citt\u00e0 metropolitana.\u201d, ha dichiarato l\u2019avvocato che si occupa da sempre di problematiche legate alla parit\u00e0 di genere e contro la violenza sulle donne, con un ringraziamento anche al Senatore di FdI Ignazio Zullo al quale la Casamassima \u00e8 politicamente vicino.<\/p>\n<p>Da quando \u00e8 stato istituito il Consiglio Metropolitano \u00e8 la prima volta che una componente dello stesso \u00e8 di Cassano delle Murge.<\/p>\n<p>A tarda notte, lo spoglio delle schede votate era ancora in corso e per questo \u00e8 stato deciso di ufficializzare il risultato stamattina. Ma l\u2019andamento dello scrutinio ha confermato le previsioni della vigilia, col centrosinistra \u2013 che presentava due liste \u2013 nettamente avanti sul centrodestra.<\/p>\n<p>.Al momento la previsione \u00e8 che finisca 14-4 o 15-3 per il centrosinistra. Al voto ha partecipato il 95% degli aventi diritto, e cio\u00e8\u00a0 i rappresentanti dei 41\u00a0 comuni della ex Provincia di Bari, fatta eccezione per Triggiano, comune commissariato.<\/p>\n<p><a class=\"a2a_button_facebook\" href=\"https:\/\/www.addtoany.com\/add_to\/facebook?linkurl=https%3A%2F%2Fcassano.lavocedelpaese.info%2Fraffaella-casamassima-eletta-al-consiglio-metropolitano%2F&amp;linkname=Raffaella%20Casamassima%20eletta%20al%20Consiglio%20Metropolitano\" title=\"Facebook\" target=\"_blank\" rel=\"noopener\"><\/a><a class=\"a2a_button_twitter\" href=\"https:\/\/www.addtoany.com\/add_to\/twitter?linkurl=https%3A%2F%2Fcassano.lavocedelpaese.info%2Fraffaella-casamassima-eletta-al-consiglio-metropolitano%2F&amp;linkname=Raffaella%20Casamassima%20eletta%20al%20Consiglio%20Metropolitano\" title=\"Twitter\" target=\"_blank\" rel=\"noopener\"><\/a><a class=\"a2a_button_whatsapp\" href=\"https:\/\/www.addtoany.com\/add_to\/whatsapp?linkurl=https%3A%2F%2Fcassano.lavocedelpaese.info%2Fraffaella-casamassima-eletta-al-consiglio-metropolitano%2F&amp;linkname=Raffaella%20Casamassima%20eletta%20al%20Consiglio%20Metropolitano\" title=\"WhatsApp\" target=\"_blank\" rel=\"noopener\"><\/a><a class=\"a2a_button_telegram\" href=\"https:\/\/www.addtoany.com\/add_to\/telegram?linkurl=https%3A%2F%2Fcassano.lavocedelpaese.info%2Fraffaella-casamassima-eletta-al-consiglio-metropolitano%2F&amp;linkname=Raffaella%20Casamassima%20eletta%20al%20Consiglio%20Metropolitano\" title=\"Telegram\" target=\"_blank\" rel=\"noopener\"><\/a><a class=\"a2a_button_email\" href=\"https:\/\/www.addtoany.com\/add_to\/email?linkurl=https%3A%2F%2Fcassano.lavocedelpaese.info%2Fraffaella-casamassima-eletta-al-consiglio-metropolitano%2F&amp;linkname=Raffaella%20Casamassima%20eletta%20al%20Consiglio%20Metropolitano\" title=\"Email\" target=\"_blank\" rel=\"noopener\"><\/a><\/p>\n<p>\u00a0<\/p>\n<p>\u00a0<\/p>\n<p>\u200b\u00a0\u00a0\u00a0<\/p>","protected":false},"excerpt":{"rendered":"<p>\u00a0 \u200b\u00a0 \u200b\u00a0 La Consigliera Comunale cassanese Raffaella Casamassima \u00e8 stata eletta nel Consiglio della Citt\u00e0 Metropolitana di Bari (l\u2019ex<\/p>\n","protected":false},"author":0,"featured_media":730,"comment_status":"open","ping_status":"closed","sticky":false,"template":"","format":"standard","meta":{"colormag_page_container_layout":"default_layout","colormag_page_sidebar_layout":"default_layout","footnotes":""},"categories":[33],"tags":[],"class_list":["post-8066","post","type-post","status-publish","format-standard","has-post-thumbnail","hentry","category-network"],"yoast_head":"<!-- This site is optimized with the Yoast SEO plugin v27.5 - https:\/\/yoast.com\/product\/yoast-seo-wordpress\/ -->\n<title>Raffaella Casamassima eletta al Consiglio Metropolitano\u00a0\u200b - La Voce del Paese<\/title>\n<meta name=\"robots\" content=\"index, follow, max-snippet:-1, max-image-preview:large, max-video-preview:-1\" \/>\n<link rel=\"canonical\" href=\"https:\/\/lavocedelpaese.info\/index.php\/2024\/10\/07\/raffaella-casamassima-eletta-al-consiglio-metropolitano\/\" \/>\n<meta property=\"og:locale\" content=\"it_IT\" \/>\n<meta property=\"og:type\" content=\"article\" \/>\n<meta property=\"og:title\" content=\"Raffaella Casamassima eletta al Consiglio Metropolitano\u00a0\u200b - La Voce del Paese\" \/>\n<meta property=\"og:description\" content=\"\u00a0 \u200b\u00a0 \u200b\u00a0 La Consigliera Comunale cassanese Raffaella Casamassima \u00e8 stata eletta nel Consiglio della Citt\u00e0 Metropolitana di Bari (l\u2019ex\" \/>\n<meta property=\"og:url\" content=\"https:\/\/lavocedelpaese.info\/index.php\/2024\/10\/07\/raffaella-casamassima-eletta-al-consiglio-metropolitano\/\" \/>\n<meta property=\"og:site_name\" content=\"La Voce del Paese\" \/>\n<meta property=\"article:publisher\" content=\"https:\/\/www.facebook.com\/lavocedelpaese.info\" \/>\n<meta property=\"article:published_time\" content=\"2024-10-07T06:13:25+00:00\" \/>\n<meta name=\"twitter:card\" content=\"summary_large_image\" \/>\n<meta name=\"twitter:label1\" content=\"Tempo di lettura stimato\" \/>\n\t<meta name=\"twitter:data1\" content=\"1 minuto\" \/>\n<script type=\"application\/ld+json\" class=\"yoast-schema-graph\">{\"@context\":\"https:\\\/\\\/schema.org\",\"@graph\":[{\"@type\":\"Article\",\"@id\":\"https:\\\/\\\/lavocedelpaese.info\\\/index.php\\\/2024\\\/10\\\/07\\\/raffaella-casamassima-eletta-al-consiglio-metropolitano\\\/#article\",\"isPartOf\":{\"@id\":\"https:\\\/\\\/lavocedelpaese.info\\\/index.php\\\/2024\\\/10\\\/07\\\/raffaella-casamassima-eletta-al-consiglio-metropolitano\\\/\"},\"author\":{\"name\":\"\",\"@id\":\"\"},\"headline\":\"Raffaella Casamassima eletta al Consiglio Metropolitano\u00a0\u200b\",\"datePublished\":\"2024-10-07T06:13:25+00:00\",\"mainEntityOfPage\":{\"@id\":\"https:\\\/\\\/lavocedelpaese.info\\\/index.php\\\/2024\\\/10\\\/07\\\/raffaella-casamassima-eletta-al-consiglio-metropolitano\\\/\"},\"wordCount\":209,\"commentCount\":0,\"publisher\":{\"@id\":\"https:\\\/\\\/lavocedelpaese.info\\\/#organization\"},\"image\":{\"@id\":\"https:\\\/\\\/lavocedelpaese.info\\\/index.php\\\/2024\\\/10\\\/07\\\/raffaella-casamassima-eletta-al-consiglio-metropolitano\\\/#primaryimage\"},\"thumbnailUrl\":\"https:\\\/\\\/lavocedelpaese.info\\\/wp-content\\\/uploads\\\/2023\\\/01\\\/logo-150-127.png\",\"articleSection\":[\"network\"],\"inLanguage\":\"it-IT\",\"potentialAction\":[{\"@type\":\"CommentAction\",\"name\":\"Comment\",\"target\":[\"https:\\\/\\\/lavocedelpaese.info\\\/index.php\\\/2024\\\/10\\\/07\\\/raffaella-casamassima-eletta-al-consiglio-metropolitano\\\/#respond\"]}]},{\"@type\":\"WebPage\",\"@id\":\"https:\\\/\\\/lavocedelpaese.info\\\/index.php\\\/2024\\\/10\\\/07\\\/raffaella-casamassima-eletta-al-consiglio-metropolitano\\\/\",\"url\":\"https:\\\/\\\/lavocedelpaese.info\\\/index.php\\\/2024\\\/10\\\/07\\\/raffaella-casamassima-eletta-al-consiglio-metropolitano\\\/\",\"name\":\"Raffaella Casamassima eletta al Consiglio Metropolitano\u00a0\u200b - La Voce del Paese\",\"isPartOf\":{\"@id\":\"https:\\\/\\\/lavocedelpaese.info\\\/#website\"},\"primaryImageOfPage\":{\"@id\":\"https:\\\/\\\/lavocedelpaese.info\\\/index.php\\\/2024\\\/10\\\/07\\\/raffaella-casamassima-eletta-al-consiglio-metropolitano\\\/#primaryimage\"},\"image\":{\"@id\":\"https:\\\/\\\/lavocedelpaese.info\\\/index.php\\\/2024\\\/10\\\/07\\\/raffaella-casamassima-eletta-al-consiglio-metropolitano\\\/#primaryimage\"},\"thumbnailUrl\":\"https:\\\/\\\/lavocedelpaese.info\\\/wp-content\\\/uploads\\\/2023\\\/01\\\/logo-150-127.png\",\"datePublished\":\"2024-10-07T06:13:25+00:00\",\"breadcrumb\":{\"@id\":\"https:\\\/\\\/lavocedelpaese.info\\\/index.php\\\/2024\\\/10\\\/07\\\/raffaella-casamassima-eletta-al-consiglio-metropolitano\\\/#breadcrumb\"},\"inLanguage\":\"it-IT\",\"potentialAction\":[{\"@type\":\"ReadAction\",\"target\":[\"https:\\\/\\\/lavocedelpaese.info\\\/index.php\\\/2024\\\/10\\\/07\\\/raffaella-casamassima-eletta-al-consiglio-metropolitano\\\/\"]}]},{\"@type\":\"ImageObject\",\"inLanguage\":\"it-IT\",\"@id\":\"https:\\\/\\\/lavocedelpaese.info\\\/index.php\\\/2024\\\/10\\\/07\\\/raffaella-casamassima-eletta-al-consiglio-metropolitano\\\/#primaryimage\",\"url\":\"https:\\\/\\\/lavocedelpaese.info\\\/wp-content\\\/uploads\\\/2023\\\/01\\\/logo-150-127.png\",\"contentUrl\":\"https:\\\/\\\/lavocedelpaese.info\\\/wp-content\\\/uploads\\\/2023\\\/01\\\/logo-150-127.png\",\"width\":150,\"height\":127},{\"@type\":\"BreadcrumbList\",\"@id\":\"https:\\\/\\\/lavocedelpaese.info\\\/index.php\\\/2024\\\/10\\\/07\\\/raffaella-casamassima-eletta-al-consiglio-metropolitano\\\/#breadcrumb\",\"itemListElement\":[{\"@type\":\"ListItem\",\"position\":1,\"name\":\"Home\",\"item\":\"https:\\\/\\\/lavocedelpaese.info\\\/\"},{\"@type\":\"ListItem\",\"position\":2,\"name\":\"Raffaella Casamassima eletta al Consiglio Metropolitano\u00a0\u200b\"}]},{\"@type\":\"WebSite\",\"@id\":\"https:\\\/\\\/lavocedelpaese.info\\\/#website\",\"url\":\"https:\\\/\\\/lavocedelpaese.info\\\/\",\"name\":\"La Voce del Paese\",\"description\":\"Un network di idee\",\"publisher\":{\"@id\":\"https:\\\/\\\/lavocedelpaese.info\\\/#organization\"},\"potentialAction\":[{\"@type\":\"SearchAction\",\"target\":{\"@type\":\"EntryPoint\",\"urlTemplate\":\"https:\\\/\\\/lavocedelpaese.info\\\/?s={search_term_string}\"},\"query-input\":{\"@type\":\"PropertyValueSpecification\",\"valueRequired\":true,\"valueName\":\"search_term_string\"}}],\"inLanguage\":\"it-IT\"},{\"@type\":\"Organization\",\"@id\":\"https:\\\/\\\/lavocedelpaese.info\\\/#organization\",\"name\":\"La Voce del Paese\",\"url\":\"https:\\\/\\\/lavocedelpaese.info\\\/\",\"logo\":{\"@type\":\"ImageObject\",\"inLanguage\":\"it-IT\",\"@id\":\"https:\\\/\\\/lavocedelpaese.info\\\/#\\\/schema\\\/logo\\\/image\\\/\",\"url\":\"https:\\\/\\\/lavocedelpaese.info\\\/wp-content\\\/uploads\\\/2023\\\/01\\\/cropped-logo-150-127.png\",\"contentUrl\":\"https:\\\/\\\/lavocedelpaese.info\\\/wp-content\\\/uploads\\\/2023\\\/01\\\/cropped-logo-150-127.png\",\"width\":137,\"height\":119,\"caption\":\"La Voce del Paese\"},\"image\":{\"@id\":\"https:\\\/\\\/lavocedelpaese.info\\\/#\\\/schema\\\/logo\\\/image\\\/\"},\"sameAs\":[\"https:\\\/\\\/www.facebook.com\\\/lavocedelpaese.info\"]}]}<\/script>\n<!-- \/ Yoast SEO plugin. -->","yoast_head_json":{"title":"Raffaella Casamassima eletta al Consiglio Metropolitano\u00a0\u200b - La Voce del Paese","robots":{"index":"index","follow":"follow","max-snippet":"max-snippet:-1","max-image-preview":"max-image-preview:large","max-video-preview":"max-video-preview:-1"},"canonical":"https:\/\/lavocedelpaese.info\/index.php\/2024\/10\/07\/raffaella-casamassima-eletta-al-consiglio-metropolitano\/","og_locale":"it_IT","og_type":"article","og_title":"Raffaella Casamassima eletta al Consiglio Metropolitano\u00a0\u200b - La Voce del Paese","og_description":"\u00a0 \u200b\u00a0 \u200b\u00a0 La Consigliera Comunale cassanese Raffaella Casamassima \u00e8 stata eletta nel Consiglio della Citt\u00e0 Metropolitana di Bari (l\u2019ex","og_url":"https:\/\/lavocedelpaese.info\/index.php\/2024\/10\/07\/raffaella-casamassima-eletta-al-consiglio-metropolitano\/","og_site_name":"La Voce del Paese","article_publisher":"https:\/\/www.facebook.com\/lavocedelpaese.info","article_published_time":"2024-10-07T06:13:25+00:00","twitter_card":"summary_large_image","twitter_misc":{"Tempo di lettura stimato":"1 minuto"},"schema":{"@context":"https:\/\/schema.org","@graph":[{"@type":"Article","@id":"https:\/\/lavocedelpaese.info\/index.php\/2024\/10\/07\/raffaella-casamassima-eletta-al-consiglio-metropolitano\/#article","isPartOf":{"@id":"https:\/\/lavocedelpaese.info\/index.php\/2024\/10\/07\/raffaella-casamassima-eletta-al-consiglio-metropolitano\/"},"author":{"name":"","@id":""},"headline":"Raffaella Casamassima eletta al Consiglio Metropolitano\u00a0\u200b","datePublished":"2024-10-07T06:13:25+00:00","mainEntityOfPage":{"@id":"https:\/\/lavocedelpaese.info\/index.php\/2024\/10\/07\/raffaella-casamassima-eletta-al-consiglio-metropolitano\/"},"wordCount":209,"commentCount":0,"publisher":{"@id":"https:\/\/lavocedelpaese.info\/#organization"},"image":{"@id":"https:\/\/lavocedelpaese.info\/index.php\/2024\/10\/07\/raffaella-casamassima-eletta-al-consiglio-metropolitano\/#primaryimage"},"thumbnailUrl":"https:\/\/lavocedelpaese.info\/wp-content\/uploads\/2023\/01\/logo-150-127.png","articleSection":["network"],"inLanguage":"it-IT","potentialAction":[{"@type":"CommentAction","name":"Comment","target":["https:\/\/lavocedelpaese.info\/index.php\/2024\/10\/07\/raffaella-casamassima-eletta-al-consiglio-metropolitano\/#respond"]}]},{"@type":"WebPage","@id":"https:\/\/lavocedelpaese.info\/index.php\/2024\/10\/07\/raffaella-casamassima-eletta-al-consiglio-metropolitano\/","url":"https:\/\/lavocedelpaese.info\/index.php\/2024\/10\/07\/raffaella-casamassima-eletta-al-consiglio-metropolitano\/","name":"Raffaella Casamassima eletta al Consiglio Metropolitano\u00a0\u200b - La Voce del Paese","isPartOf":{"@id":"https:\/\/lavocedelpaese.info\/#website"},"primaryImageOfPage":{"@id":"https:\/\/lavocedelpaese.info\/index.php\/2024\/10\/07\/raffaella-casamassima-eletta-al-consiglio-metropolitano\/#primaryimage"},"image":{"@id":"https:\/\/lavocedelpaese.info\/index.php\/2024\/10\/07\/raffaella-casamassima-eletta-al-consiglio-metropolitano\/#primaryimage"},"thumbnailUrl":"https:\/\/lavocedelpaese.info\/wp-content\/uploads\/2023\/01\/logo-150-127.png","datePublished":"2024-10-07T06:13:25+00:00","breadcrumb":{"@id":"https:\/\/lavocedelpaese.info\/index.php\/2024\/10\/07\/raffaella-casamassima-eletta-al-consiglio-metropolitano\/#breadcrumb"},"inLanguage":"it-IT","potentialAction":[{"@type":"ReadAction","target":["https:\/\/lavocedelpaese.info\/index.php\/2024\/10\/07\/raffaella-casamassima-eletta-al-consiglio-metropolitano\/"]}]},{"@type":"ImageObject","inLanguage":"it-IT","@id":"https:\/\/lavocedelpaese.info\/index.php\/2024\/10\/07\/raffaella-casamassima-eletta-al-consiglio-metropolitano\/#primaryimage","url":"https:\/\/lavocedelpaese.info\/wp-content\/uploads\/2023\/01\/logo-150-127.png","contentUrl":"https:\/\/lavocedelpaese.info\/wp-content\/uploads\/2023\/01\/logo-150-127.png","width":150,"height":127},{"@type":"BreadcrumbList","@id":"https:\/\/lavocedelpaese.info\/index.php\/2024\/10\/07\/raffaella-casamassima-eletta-al-consiglio-metropolitano\/#breadcrumb","itemListElement":[{"@type":"ListItem","position":1,"name":"Home","item":"https:\/\/lavocedelpaese.info\/"},{"@type":"ListItem","position":2,"name":"Raffaella Casamassima eletta al Consiglio Metropolitano\u00a0\u200b"}]},{"@type":"WebSite","@id":"https:\/\/lavocedelpaese.info\/#website","url":"https:\/\/lavocedelpaese.info\/","name":"La Voce del Paese","description":"Un network di idee","publisher":{"@id":"https:\/\/lavocedelpaese.info\/#organization"},"potentialAction":[{"@type":"SearchAction","target":{"@type":"EntryPoint","urlTemplate":"https:\/\/lavocedelpaese.info\/?s={search_term_string}"},"query-input":{"@type":"PropertyValueSpecification","valueRequired":true,"valueName":"search_term_string"}}],"inLanguage":"it-IT"},{"@type":"Organization","@id":"https:\/\/lavocedelpaese.info\/#organization","name":"La Voce del Paese","url":"https:\/\/lavocedelpaese.info\/","logo":{"@type":"ImageObject","inLanguage":"it-IT","@id":"https:\/\/lavocedelpaese.info\/#\/schema\/logo\/image\/","url":"https:\/\/lavocedelpaese.info\/wp-content\/uploads\/2023\/01\/cropped-logo-150-127.png","contentUrl":"https:\/\/lavocedelpaese.info\/wp-content\/uploads\/2023\/01\/cropped-logo-150-127.png","width":137,"height":119,"caption":"La Voce del Paese"},"image":{"@id":"https:\/\/lavocedelpaese.info\/#\/schema\/logo\/image\/"},"sameAs":["https:\/\/www.facebook.com\/lavocedelpaese.info"]}]}},"_links":{"self":[{"href":"https:\/\/lavocedelpaese.info\/index.php\/wp-json\/wp\/v2\/posts\/8066","targetHints":{"allow":["GET"]}}],"collection":[{"href":"https:\/\/lavocedelpaese.info\/index.php\/wp-json\/wp\/v2\/posts"}],"about":[{"href":"https:\/\/lavocedelpaese.info\/index.php\/wp-json\/wp\/v2\/types\/post"}],"replies":[{"embeddable":true,"href":"https:\/\/lavocedelpaese.info\/index.php\/wp-json\/wp\/v2\/comments?post=8066"}],"version-history":[{"count":0,"href":"https:\/\/lavocedelpaese.info\/index.php\/wp-json\/wp\/v2\/posts\/8066\/revisions"}],"wp:featuredmedia":[{"embeddable":true,"href":"https:\/\/lavocedelpaese.info\/index.php\/wp-json\/wp\/v2\/media\/730"}],"wp:attachment":[{"href":"https:\/\/lavocedelpaese.info\/index.php\/wp-json\/wp\/v2\/media?parent=8066"}],"wp:term":[{"taxonomy":"category","embeddable":true,"href":"https:\/\/lavocedelpaese.info\/index.php\/wp-json\/wp\/v2\/categories?post=8066"},{"taxonomy":"post_tag","embeddable":true,"href":"https:\/\/lavocedelpaese.info\/index.php\/wp-json\/wp\/v2\/tags?post=8066"}],"curies":[{"name":"wp","href":"https:\/\/api.w.org\/{rel}","templated":true}]}}