{"id":8038,"date":"2024-10-04T05:14:25","date_gmt":"2024-10-04T05:14:25","guid":{"rendered":"https:\/\/lavocedelpaese.info\/index.php\/2024\/10\/04\/tassa-rifiuti-approvate-le-tariffe-corrette\/"},"modified":"2024-10-04T05:14:25","modified_gmt":"2024-10-04T05:14:25","slug":"tassa-rifiuti-approvate-le-tariffe-corrette","status":"publish","type":"post","link":"https:\/\/lavocedelpaese.info\/index.php\/2024\/10\/04\/tassa-rifiuti-approvate-le-tariffe-corrette\/","title":{"rendered":"Tassa Rifiuti, approvate le tariffe corrette\u00a0\u200b"},"content":{"rendered":"<p>\u00a0<\/p>\n<p>\u200b\u00a0<\/p>\n<p>\u200b\u00a0<\/p>\n<div><\/div>\n<h4 class=\"wp-block-heading\"><strong>Sindaco De Tomaso : \u201cMi prendo la mia parte di responsabilit\u00e0\u201d. Leogrande: \u201cQuesta delibera \u00e8 un pasticcio\u201d. <\/strong><\/h4>\n<p>Il Consiglio comunale, riunitosi lo scorso 30 settembre, ha approvato con i voti della maggioranza la rettifica dell\u2019allegato 3 della delibera del 19 luglio, rideterminando in misura corretta le somme che i contribuenti turesi dovranno pagare per la tassa rifiuti 2024.<\/p>\n<p>L\u2019argomento \u00e8 stato introdotto dall\u2019assessore al Bilancio, <strong>Nicola De Grisantis<\/strong>: \u00abPer mero errore materiale l\u2019allegato 3 non \u00e8 conforme al dettato deliberato il 19 luglio scorso. Questo errore materiale ha portato a consegnare delle cartelle di pagamento non corrette, generando disorientamento tra i contribuenti. Disorientamento per il quale mi scuso, anche se non vi \u00e8 una responsabilit\u00e0 diretta\u00bb.<\/p>\n<h4 class=\"wp-block-heading\"><strong>\u201cPenalizzate le famiglie\u201d<\/strong><\/h4>\n<p>Il dibattito si apre con l\u2019intervento del capogruppo di minoranza, la consigliera <strong>Tina Resta<\/strong>, la quale sottolinea che nella nuova delibera \u00absi riscontra un aumento della somma che sar\u00e0 pagata dalle utenze domestiche e un abbassamento, seppur non rilevante, della quota imputata alle utenze non domestiche\u00bb. \u00abUna variazione di cui non c\u2019\u00e8 traccia nella delibera che stiamo per approvare e che viene meno al presupposto, pi\u00f9 volte ribadito, di voler \u201calleggerire\u201d le famiglie, che avrebbero pagato pochi euro in pi\u00f9, e spalmare il rincaro sulle attivit\u00e0 commerciali\u00bb.<\/p>\n<h4 class=\"wp-block-heading\"><strong>\u201cQuesto provvedimento \u00e8 un pasticcio\u201d<\/strong><\/h4>\n<p>\u00abCon questa nuova determinazione \u2013 incalza pi\u00f9 tardi il consigliere <strong>Mimmo Leogrande<\/strong> \u2013 le utenze domestiche sopporteranno non soltanto l\u2019aumento di 192.000 euro stabilito da Ager, ma, per tutta questa confusione che si \u00e8 creata, si troveranno a pagare ulteriori 11.000 euro presi dalle utenze non domestiche\u00bb.<\/p>\n<p>\u00abQuesto provvedimento \u2013 affonda \u2013 \u00e8 un pasticcio, perch\u00e9 contraddice l\u2019intenzione politica dell\u2019Amministrazione di far ricadere gran parte dell\u2019aumento della Tari sulle utenze non domestiche\u00bb.<\/p>\n<p>Il dott.<strong> Francesco Filippetti<\/strong>, responsabile del Settore Economico Finanziario, spiega che \u00abla suddivisione tra utenze domestiche e non domestiche rimane invariata. Tuttavia, in seguito all\u2019inversione tra quota fissa e variabile, applicando la formula e i parametri gi\u00e0 deliberati, si creano delle variazioni negli importi da corrispondere\u00bb.<\/p>\n<h4 class=\"wp-block-heading\"><strong>Di chi \u00e8 la responsabilit\u00e0?<\/strong><\/h4>\n<p>La seconda criticit\u00e0 sollevata dalla minoranza \u00e8 l\u2019assenza di un atto formale in cui la ditta che ha elaborato le cartelle esattoriali si assuma la responsabilit\u00e0 dell\u2019errore.<\/p>\n<p>Sul punto, il sindaco <strong>Giuseppe De Tomaso<\/strong> replica che \u00abc\u2019\u00e8 stata un\u2019interlocuzione verbale e poi c\u2019\u00e8 stato un passaggio scritturale da parte della ditta, in cui si annunciava che si sarebbe sobbarcata l\u2019onere dei costi supplettivi che ne sarebbero derivati\u00bb<\/p>\n<p>In merito al termine \u201cresponsabilit\u00e0\u201d, il primo cittadino ritiene che sia \u00abeccessivo in un consesso politico\u00bb e inquadra la vicenda \u00abnell\u2019ambito del concetto giuridico dell\u2019autotutela, previsto quando un\u2019Amministrazione si trova nella condizione di dover rettificare un errore che non \u00e8 riconducibile ad una propria decisione, ma \u00e8 dipeso da un collaboratore esterno\u00bb.<\/p>\n<h4 class=\"wp-block-heading\"><strong>\u201cResponsabilit\u00e0 implicita\u201d<\/strong><\/h4>\n<p>La risposta del sindaco non convince il consigliere Leogrande, che interpella il Segretario Comunale:<\/p>\n<p>\u00abPu\u00f2 una ditta accollarsi i costi di un errore di cui, di fatto, non ha mai formalmente riconosciuto la responsabilit\u00e0? Pu\u00f2 un\u2019attivit\u00e0 esterna al Comune intervenire sul procedimento di rinvio delle cartelle senza che ci sia una convenzione o un atto formale?\u00bb.<\/p>\n<p>A parere del Segretario comunale, la ditta \u00abaccollandosi le spese, implicitamente si assume una responsabilit\u00e0\u00bb. Inoltre, l\u2019azione \u201criparatoria\u201d \u00e8 legittima poich\u00e9 ricade \u00aball\u2019interno del rapporto tra il soggetto appaltante e l\u2019appaltatore\u00bb.<\/p>\n<h4 class=\"wp-block-heading\"><strong>Dell\u2019Aera: \u201cCi saremmo aspettati pi\u00f9 prudenza\u201d<\/strong><\/h4>\n<p>Prende la parola il consigliere <strong>Stefano Dell\u2019Aera<\/strong> che riconosce al sindaco l\u2019onest\u00e0 intellettuale di aver ammesso l\u2019errore gi\u00e0 nel Consiglio del 19 luglio. A differenza dell\u2019assessore De Grisantis che \u00abha detto esattamente il contrario. Ha ribadito, non so quante volte, \u201cnon c\u2019\u00e8 nessun errore\u201d e l\u2019ha dichiarato alla stampa il giorno dopo\u00bb. Questa \u201cdoppia\u201d versione ha \u00abgenerato grosse difficolt\u00e0 tra i cittadini, che si sono visti spaesati\u00bb.<\/p>\n<p>\u00abCi saremmo aspettati un atteggiamento prudente. Sarebbe bastato dire \u201cstiamo approfondendo\u201d, mentre il suo assessore \u2013 chiosa Dell\u2019Aera \u2013 \u00e8 venuto carte alla mano, con teorie che non so da dove abbia preso, facendo riferimento agli anni passati, invitandoci a studiare e insinuando che eravamo ignoranti rispetto a questa problematica\u00bb.<\/p>\n<p>Il sindaco giustifica i toni assertivi dell\u2019assessore De Grisantis, affermando che \u00abha svolto quell\u2019intervento tenendo presenti le informazioni risultati fino a quel momento. Successivamente, gi\u00e0 dal giorno dopo, l\u2019assessore ha ammesso a me, che rappresento non solo la maggioranza ma l\u2019intero Consiglio comunale, che c\u2019era stato un errore e si \u00e8 anche scusato\u00bb.<\/p>\n<h4 class=\"wp-block-heading\"><strong>Le \u201csviste\u201d del Revisore dei Conti<\/strong><\/h4>\n<p>L\u2019intervento del consigliere Leogrande si concentra anche sul ruolo del Revisore dei Conti, \u00absempre assente\u00bb, il quale nel suo parere sulla delibera del 19 luglio si \u00e8 limitato a fare un copia\/incolla della proposta deliberativa, non accorgendosi dell\u2019inversione tra costi fissi e variabili. Nel parere sulla nuova delibera, invece, tanto nel titolo quanto nella formula conclusiva, il Revisore parla di \u201cratifica\u201d e non di \u201crettifica\u201d.<\/p>\n<p>\u00abSi tratta di un errore di battitura\u00bb \u2013 rassicura il Segretario Comunale, facendo notare che \u00abnel corpo della relazione si richiama la proposta di delibera che recita \u201crettifica dell\u2019allegato 3\u201d. Prima della pubblicazione dell\u2019atto, il Revisore stesso, sollecitato dal caposettore, dovr\u00e0 correggere il refuso\u00bb.<\/p>\n<h4 class=\"wp-block-heading\"><strong>Zaccheo: \u201cNon stiamo giocando a chi \u00e8 pi\u00f9 bravo\u201d<\/strong><\/h4>\n<p>\u00abPer quest\u2019ultimo intervento del consigliere Leogrande sono molto amareggiata\u00bb \u2013 stigmatizza il capogruppo di maggioranza Giannalisa Zaccheo. \u00abIn Commissione \u2013 prosegue \u2013 il consigliere ha esordito dicendo che questa proposta di delibera aveva una grossa criticit\u00e0 e ha detto che ne avrebbe parlato in Consiglio. Ora le voglio far notare che non stiamo giocando a chi \u00e8 pi\u00f9 bravo, ma stiamo lavorando nelle istituzioni. Lei, da consigliere responsabile, avrebbe dovuto in Commissione evidenziare questo errore materiale, consentendo di interpellare per tempo il Revisore dei Conti\u00bb.<\/p>\n<h4 class=\"wp-block-heading\"><strong>Sindaco: \u201cMi prendo la mia parte di responsabilit\u00e0\u201d<\/strong><\/h4>\n<p>La conclusione del dibattito consiliare si pu\u00f2 rintracciare nelle parole del primo cittadino: \u00abMi prendo la mia parte di responsabilit\u00e0 e mi sono gi\u00e0 scusato in maniera esplicita. Non c\u2019\u00e8 stata nessuna negazione della gravit\u00e0 del fatto e nessuna richiesta di alibi\u00bb.<\/p>\n<p>\u00abDobbiamo utilizzare questo elemento di criticit\u00e0, riscontrato a proposito della Tari, per evitare che si ripetano queste situazioni e fare qualcosa di pi\u00f9 ambizioso: rafforzare la tecnostruttura interna, in modo da non affidare ad un attore esterno la regia del processo decisionale dell\u2019Amministrazione\u00bb \u2013 termina il sindaco, spostando l\u2019asse della riflessione sull\u2019ormai atavica carenza di dipendenti e sul basso livello di digitalizzazione di procedure e servizi.<\/p>\n<p><a class=\"a2a_button_facebook\" href=\"https:\/\/www.addtoany.com\/add_to\/facebook?linkurl=https%3A%2F%2Fturi.lavocedelpaese.info%2Ftassa-rifiuti-approvate-le-tariffe-corrette%2F&amp;linkname=Tassa%20Rifiuti%2C%20approvate%20le%20tariffe%20corrette\" title=\"Facebook\" target=\"_blank\" rel=\"noopener\"><\/a><a class=\"a2a_button_twitter\" href=\"https:\/\/www.addtoany.com\/add_to\/twitter?linkurl=https%3A%2F%2Fturi.lavocedelpaese.info%2Ftassa-rifiuti-approvate-le-tariffe-corrette%2F&amp;linkname=Tassa%20Rifiuti%2C%20approvate%20le%20tariffe%20corrette\" title=\"Twitter\" target=\"_blank\" rel=\"noopener\"><\/a><a class=\"a2a_button_whatsapp\" href=\"https:\/\/www.addtoany.com\/add_to\/whatsapp?linkurl=https%3A%2F%2Fturi.lavocedelpaese.info%2Ftassa-rifiuti-approvate-le-tariffe-corrette%2F&amp;linkname=Tassa%20Rifiuti%2C%20approvate%20le%20tariffe%20corrette\" title=\"WhatsApp\" target=\"_blank\" rel=\"noopener\"><\/a><a class=\"a2a_button_telegram\" href=\"https:\/\/www.addtoany.com\/add_to\/telegram?linkurl=https%3A%2F%2Fturi.lavocedelpaese.info%2Ftassa-rifiuti-approvate-le-tariffe-corrette%2F&amp;linkname=Tassa%20Rifiuti%2C%20approvate%20le%20tariffe%20corrette\" title=\"Telegram\" target=\"_blank\" rel=\"noopener\"><\/a><a class=\"a2a_button_email\" href=\"https:\/\/www.addtoany.com\/add_to\/email?linkurl=https%3A%2F%2Fturi.lavocedelpaese.info%2Ftassa-rifiuti-approvate-le-tariffe-corrette%2F&amp;linkname=Tassa%20Rifiuti%2C%20approvate%20le%20tariffe%20corrette\" title=\"Email\" target=\"_blank\" rel=\"noopener\"><\/a><\/p>\n<p>L&#8217;articolo <a href=\"https:\/\/turi.lavocedelpaese.info\/tassa-rifiuti-approvate-le-tariffe-corrette\/\">Tassa Rifiuti, approvate le tariffe corrette<\/a> proviene da <a href=\"https:\/\/turi.lavocedelpaese.info\/\">Turi &#8211; La Voce del Paese<\/a>.<\/p>\n<p>\u00a0<\/p>\n<p>\u00a0<\/p>\n<p>\u200b\u00a0\u00a0\u00a0<\/p>","protected":false},"excerpt":{"rendered":"<p>\u00a0 \u200b\u00a0 \u200b\u00a0 Sindaco De Tomaso : \u201cMi prendo la mia parte di responsabilit\u00e0\u201d. Leogrande: \u201cQuesta delibera \u00e8 un pasticcio\u201d.<\/p>\n","protected":false},"author":0,"featured_media":730,"comment_status":"open","ping_status":"closed","sticky":false,"template":"","format":"standard","meta":{"colormag_page_container_layout":"default_layout","colormag_page_sidebar_layout":"default_layout","footnotes":""},"categories":[33],"tags":[],"class_list":["post-8038","post","type-post","status-publish","format-standard","has-post-thumbnail","hentry","category-network"],"yoast_head":"<!-- This site is optimized with the Yoast SEO plugin v27.5 - https:\/\/yoast.com\/product\/yoast-seo-wordpress\/ -->\n<title>Tassa Rifiuti, approvate le tariffe corrette\u00a0\u200b - La Voce del Paese<\/title>\n<meta name=\"robots\" content=\"index, follow, max-snippet:-1, max-image-preview:large, max-video-preview:-1\" \/>\n<link rel=\"canonical\" href=\"https:\/\/lavocedelpaese.info\/index.php\/2024\/10\/04\/tassa-rifiuti-approvate-le-tariffe-corrette\/\" \/>\n<meta property=\"og:locale\" content=\"it_IT\" \/>\n<meta property=\"og:type\" content=\"article\" \/>\n<meta property=\"og:title\" content=\"Tassa Rifiuti, approvate le tariffe corrette\u00a0\u200b - La Voce del Paese\" \/>\n<meta property=\"og:description\" content=\"\u00a0 \u200b\u00a0 \u200b\u00a0 Sindaco De Tomaso : \u201cMi prendo la mia parte di responsabilit\u00e0\u201d. Leogrande: \u201cQuesta delibera \u00e8 un pasticcio\u201d.\" \/>\n<meta property=\"og:url\" content=\"https:\/\/lavocedelpaese.info\/index.php\/2024\/10\/04\/tassa-rifiuti-approvate-le-tariffe-corrette\/\" \/>\n<meta property=\"og:site_name\" content=\"La Voce del Paese\" \/>\n<meta property=\"article:publisher\" content=\"https:\/\/www.facebook.com\/lavocedelpaese.info\" \/>\n<meta property=\"article:published_time\" content=\"2024-10-04T05:14:25+00:00\" \/>\n<meta name=\"twitter:card\" content=\"summary_large_image\" \/>\n<meta name=\"twitter:label1\" content=\"Tempo di lettura stimato\" \/>\n\t<meta name=\"twitter:data1\" content=\"5 minuti\" \/>\n<script type=\"application\/ld+json\" class=\"yoast-schema-graph\">{\"@context\":\"https:\\\/\\\/schema.org\",\"@graph\":[{\"@type\":\"Article\",\"@id\":\"https:\\\/\\\/lavocedelpaese.info\\\/index.php\\\/2024\\\/10\\\/04\\\/tassa-rifiuti-approvate-le-tariffe-corrette\\\/#article\",\"isPartOf\":{\"@id\":\"https:\\\/\\\/lavocedelpaese.info\\\/index.php\\\/2024\\\/10\\\/04\\\/tassa-rifiuti-approvate-le-tariffe-corrette\\\/\"},\"author\":{\"name\":\"\",\"@id\":\"\"},\"headline\":\"Tassa Rifiuti, approvate le tariffe corrette\u00a0\u200b\",\"datePublished\":\"2024-10-04T05:14:25+00:00\",\"mainEntityOfPage\":{\"@id\":\"https:\\\/\\\/lavocedelpaese.info\\\/index.php\\\/2024\\\/10\\\/04\\\/tassa-rifiuti-approvate-le-tariffe-corrette\\\/\"},\"wordCount\":1067,\"commentCount\":0,\"publisher\":{\"@id\":\"https:\\\/\\\/lavocedelpaese.info\\\/#organization\"},\"image\":{\"@id\":\"https:\\\/\\\/lavocedelpaese.info\\\/index.php\\\/2024\\\/10\\\/04\\\/tassa-rifiuti-approvate-le-tariffe-corrette\\\/#primaryimage\"},\"thumbnailUrl\":\"https:\\\/\\\/lavocedelpaese.info\\\/wp-content\\\/uploads\\\/2023\\\/01\\\/logo-150-127.png\",\"articleSection\":[\"network\"],\"inLanguage\":\"it-IT\",\"potentialAction\":[{\"@type\":\"CommentAction\",\"name\":\"Comment\",\"target\":[\"https:\\\/\\\/lavocedelpaese.info\\\/index.php\\\/2024\\\/10\\\/04\\\/tassa-rifiuti-approvate-le-tariffe-corrette\\\/#respond\"]}]},{\"@type\":\"WebPage\",\"@id\":\"https:\\\/\\\/lavocedelpaese.info\\\/index.php\\\/2024\\\/10\\\/04\\\/tassa-rifiuti-approvate-le-tariffe-corrette\\\/\",\"url\":\"https:\\\/\\\/lavocedelpaese.info\\\/index.php\\\/2024\\\/10\\\/04\\\/tassa-rifiuti-approvate-le-tariffe-corrette\\\/\",\"name\":\"Tassa Rifiuti, approvate le tariffe corrette\u00a0\u200b - La Voce del Paese\",\"isPartOf\":{\"@id\":\"https:\\\/\\\/lavocedelpaese.info\\\/#website\"},\"primaryImageOfPage\":{\"@id\":\"https:\\\/\\\/lavocedelpaese.info\\\/index.php\\\/2024\\\/10\\\/04\\\/tassa-rifiuti-approvate-le-tariffe-corrette\\\/#primaryimage\"},\"image\":{\"@id\":\"https:\\\/\\\/lavocedelpaese.info\\\/index.php\\\/2024\\\/10\\\/04\\\/tassa-rifiuti-approvate-le-tariffe-corrette\\\/#primaryimage\"},\"thumbnailUrl\":\"https:\\\/\\\/lavocedelpaese.info\\\/wp-content\\\/uploads\\\/2023\\\/01\\\/logo-150-127.png\",\"datePublished\":\"2024-10-04T05:14:25+00:00\",\"breadcrumb\":{\"@id\":\"https:\\\/\\\/lavocedelpaese.info\\\/index.php\\\/2024\\\/10\\\/04\\\/tassa-rifiuti-approvate-le-tariffe-corrette\\\/#breadcrumb\"},\"inLanguage\":\"it-IT\",\"potentialAction\":[{\"@type\":\"ReadAction\",\"target\":[\"https:\\\/\\\/lavocedelpaese.info\\\/index.php\\\/2024\\\/10\\\/04\\\/tassa-rifiuti-approvate-le-tariffe-corrette\\\/\"]}]},{\"@type\":\"ImageObject\",\"inLanguage\":\"it-IT\",\"@id\":\"https:\\\/\\\/lavocedelpaese.info\\\/index.php\\\/2024\\\/10\\\/04\\\/tassa-rifiuti-approvate-le-tariffe-corrette\\\/#primaryimage\",\"url\":\"https:\\\/\\\/lavocedelpaese.info\\\/wp-content\\\/uploads\\\/2023\\\/01\\\/logo-150-127.png\",\"contentUrl\":\"https:\\\/\\\/lavocedelpaese.info\\\/wp-content\\\/uploads\\\/2023\\\/01\\\/logo-150-127.png\",\"width\":150,\"height\":127},{\"@type\":\"BreadcrumbList\",\"@id\":\"https:\\\/\\\/lavocedelpaese.info\\\/index.php\\\/2024\\\/10\\\/04\\\/tassa-rifiuti-approvate-le-tariffe-corrette\\\/#breadcrumb\",\"itemListElement\":[{\"@type\":\"ListItem\",\"position\":1,\"name\":\"Home\",\"item\":\"https:\\\/\\\/lavocedelpaese.info\\\/\"},{\"@type\":\"ListItem\",\"position\":2,\"name\":\"Tassa Rifiuti, approvate le tariffe corrette\u00a0\u200b\"}]},{\"@type\":\"WebSite\",\"@id\":\"https:\\\/\\\/lavocedelpaese.info\\\/#website\",\"url\":\"https:\\\/\\\/lavocedelpaese.info\\\/\",\"name\":\"La Voce del Paese\",\"description\":\"Un network di idee\",\"publisher\":{\"@id\":\"https:\\\/\\\/lavocedelpaese.info\\\/#organization\"},\"potentialAction\":[{\"@type\":\"SearchAction\",\"target\":{\"@type\":\"EntryPoint\",\"urlTemplate\":\"https:\\\/\\\/lavocedelpaese.info\\\/?s={search_term_string}\"},\"query-input\":{\"@type\":\"PropertyValueSpecification\",\"valueRequired\":true,\"valueName\":\"search_term_string\"}}],\"inLanguage\":\"it-IT\"},{\"@type\":\"Organization\",\"@id\":\"https:\\\/\\\/lavocedelpaese.info\\\/#organization\",\"name\":\"La Voce del Paese\",\"url\":\"https:\\\/\\\/lavocedelpaese.info\\\/\",\"logo\":{\"@type\":\"ImageObject\",\"inLanguage\":\"it-IT\",\"@id\":\"https:\\\/\\\/lavocedelpaese.info\\\/#\\\/schema\\\/logo\\\/image\\\/\",\"url\":\"https:\\\/\\\/lavocedelpaese.info\\\/wp-content\\\/uploads\\\/2023\\\/01\\\/cropped-logo-150-127.png\",\"contentUrl\":\"https:\\\/\\\/lavocedelpaese.info\\\/wp-content\\\/uploads\\\/2023\\\/01\\\/cropped-logo-150-127.png\",\"width\":137,\"height\":119,\"caption\":\"La Voce del Paese\"},\"image\":{\"@id\":\"https:\\\/\\\/lavocedelpaese.info\\\/#\\\/schema\\\/logo\\\/image\\\/\"},\"sameAs\":[\"https:\\\/\\\/www.facebook.com\\\/lavocedelpaese.info\"]}]}<\/script>\n<!-- \/ Yoast SEO plugin. -->","yoast_head_json":{"title":"Tassa Rifiuti, approvate le tariffe corrette\u00a0\u200b - La Voce del Paese","robots":{"index":"index","follow":"follow","max-snippet":"max-snippet:-1","max-image-preview":"max-image-preview:large","max-video-preview":"max-video-preview:-1"},"canonical":"https:\/\/lavocedelpaese.info\/index.php\/2024\/10\/04\/tassa-rifiuti-approvate-le-tariffe-corrette\/","og_locale":"it_IT","og_type":"article","og_title":"Tassa Rifiuti, approvate le tariffe corrette\u00a0\u200b - La Voce del Paese","og_description":"\u00a0 \u200b\u00a0 \u200b\u00a0 Sindaco De Tomaso : \u201cMi prendo la mia parte di responsabilit\u00e0\u201d. Leogrande: \u201cQuesta delibera \u00e8 un pasticcio\u201d.","og_url":"https:\/\/lavocedelpaese.info\/index.php\/2024\/10\/04\/tassa-rifiuti-approvate-le-tariffe-corrette\/","og_site_name":"La Voce del Paese","article_publisher":"https:\/\/www.facebook.com\/lavocedelpaese.info","article_published_time":"2024-10-04T05:14:25+00:00","twitter_card":"summary_large_image","twitter_misc":{"Tempo di lettura stimato":"5 minuti"},"schema":{"@context":"https:\/\/schema.org","@graph":[{"@type":"Article","@id":"https:\/\/lavocedelpaese.info\/index.php\/2024\/10\/04\/tassa-rifiuti-approvate-le-tariffe-corrette\/#article","isPartOf":{"@id":"https:\/\/lavocedelpaese.info\/index.php\/2024\/10\/04\/tassa-rifiuti-approvate-le-tariffe-corrette\/"},"author":{"name":"","@id":""},"headline":"Tassa Rifiuti, approvate le tariffe corrette\u00a0\u200b","datePublished":"2024-10-04T05:14:25+00:00","mainEntityOfPage":{"@id":"https:\/\/lavocedelpaese.info\/index.php\/2024\/10\/04\/tassa-rifiuti-approvate-le-tariffe-corrette\/"},"wordCount":1067,"commentCount":0,"publisher":{"@id":"https:\/\/lavocedelpaese.info\/#organization"},"image":{"@id":"https:\/\/lavocedelpaese.info\/index.php\/2024\/10\/04\/tassa-rifiuti-approvate-le-tariffe-corrette\/#primaryimage"},"thumbnailUrl":"https:\/\/lavocedelpaese.info\/wp-content\/uploads\/2023\/01\/logo-150-127.png","articleSection":["network"],"inLanguage":"it-IT","potentialAction":[{"@type":"CommentAction","name":"Comment","target":["https:\/\/lavocedelpaese.info\/index.php\/2024\/10\/04\/tassa-rifiuti-approvate-le-tariffe-corrette\/#respond"]}]},{"@type":"WebPage","@id":"https:\/\/lavocedelpaese.info\/index.php\/2024\/10\/04\/tassa-rifiuti-approvate-le-tariffe-corrette\/","url":"https:\/\/lavocedelpaese.info\/index.php\/2024\/10\/04\/tassa-rifiuti-approvate-le-tariffe-corrette\/","name":"Tassa Rifiuti, approvate le tariffe corrette\u00a0\u200b - La Voce del Paese","isPartOf":{"@id":"https:\/\/lavocedelpaese.info\/#website"},"primaryImageOfPage":{"@id":"https:\/\/lavocedelpaese.info\/index.php\/2024\/10\/04\/tassa-rifiuti-approvate-le-tariffe-corrette\/#primaryimage"},"image":{"@id":"https:\/\/lavocedelpaese.info\/index.php\/2024\/10\/04\/tassa-rifiuti-approvate-le-tariffe-corrette\/#primaryimage"},"thumbnailUrl":"https:\/\/lavocedelpaese.info\/wp-content\/uploads\/2023\/01\/logo-150-127.png","datePublished":"2024-10-04T05:14:25+00:00","breadcrumb":{"@id":"https:\/\/lavocedelpaese.info\/index.php\/2024\/10\/04\/tassa-rifiuti-approvate-le-tariffe-corrette\/#breadcrumb"},"inLanguage":"it-IT","potentialAction":[{"@type":"ReadAction","target":["https:\/\/lavocedelpaese.info\/index.php\/2024\/10\/04\/tassa-rifiuti-approvate-le-tariffe-corrette\/"]}]},{"@type":"ImageObject","inLanguage":"it-IT","@id":"https:\/\/lavocedelpaese.info\/index.php\/2024\/10\/04\/tassa-rifiuti-approvate-le-tariffe-corrette\/#primaryimage","url":"https:\/\/lavocedelpaese.info\/wp-content\/uploads\/2023\/01\/logo-150-127.png","contentUrl":"https:\/\/lavocedelpaese.info\/wp-content\/uploads\/2023\/01\/logo-150-127.png","width":150,"height":127},{"@type":"BreadcrumbList","@id":"https:\/\/lavocedelpaese.info\/index.php\/2024\/10\/04\/tassa-rifiuti-approvate-le-tariffe-corrette\/#breadcrumb","itemListElement":[{"@type":"ListItem","position":1,"name":"Home","item":"https:\/\/lavocedelpaese.info\/"},{"@type":"ListItem","position":2,"name":"Tassa Rifiuti, approvate le tariffe corrette\u00a0\u200b"}]},{"@type":"WebSite","@id":"https:\/\/lavocedelpaese.info\/#website","url":"https:\/\/lavocedelpaese.info\/","name":"La Voce del Paese","description":"Un network di idee","publisher":{"@id":"https:\/\/lavocedelpaese.info\/#organization"},"potentialAction":[{"@type":"SearchAction","target":{"@type":"EntryPoint","urlTemplate":"https:\/\/lavocedelpaese.info\/?s={search_term_string}"},"query-input":{"@type":"PropertyValueSpecification","valueRequired":true,"valueName":"search_term_string"}}],"inLanguage":"it-IT"},{"@type":"Organization","@id":"https:\/\/lavocedelpaese.info\/#organization","name":"La Voce del Paese","url":"https:\/\/lavocedelpaese.info\/","logo":{"@type":"ImageObject","inLanguage":"it-IT","@id":"https:\/\/lavocedelpaese.info\/#\/schema\/logo\/image\/","url":"https:\/\/lavocedelpaese.info\/wp-content\/uploads\/2023\/01\/cropped-logo-150-127.png","contentUrl":"https:\/\/lavocedelpaese.info\/wp-content\/uploads\/2023\/01\/cropped-logo-150-127.png","width":137,"height":119,"caption":"La Voce del Paese"},"image":{"@id":"https:\/\/lavocedelpaese.info\/#\/schema\/logo\/image\/"},"sameAs":["https:\/\/www.facebook.com\/lavocedelpaese.info"]}]}},"_links":{"self":[{"href":"https:\/\/lavocedelpaese.info\/index.php\/wp-json\/wp\/v2\/posts\/8038","targetHints":{"allow":["GET"]}}],"collection":[{"href":"https:\/\/lavocedelpaese.info\/index.php\/wp-json\/wp\/v2\/posts"}],"about":[{"href":"https:\/\/lavocedelpaese.info\/index.php\/wp-json\/wp\/v2\/types\/post"}],"replies":[{"embeddable":true,"href":"https:\/\/lavocedelpaese.info\/index.php\/wp-json\/wp\/v2\/comments?post=8038"}],"version-history":[{"count":0,"href":"https:\/\/lavocedelpaese.info\/index.php\/wp-json\/wp\/v2\/posts\/8038\/revisions"}],"wp:featuredmedia":[{"embeddable":true,"href":"https:\/\/lavocedelpaese.info\/index.php\/wp-json\/wp\/v2\/media\/730"}],"wp:attachment":[{"href":"https:\/\/lavocedelpaese.info\/index.php\/wp-json\/wp\/v2\/media?parent=8038"}],"wp:term":[{"taxonomy":"category","embeddable":true,"href":"https:\/\/lavocedelpaese.info\/index.php\/wp-json\/wp\/v2\/categories?post=8038"},{"taxonomy":"post_tag","embeddable":true,"href":"https:\/\/lavocedelpaese.info\/index.php\/wp-json\/wp\/v2\/tags?post=8038"}],"curies":[{"name":"wp","href":"https:\/\/api.w.org\/{rel}","templated":true}]}}