{"id":8027,"date":"2024-10-03T05:13:37","date_gmt":"2024-10-03T05:13:37","guid":{"rendered":"https:\/\/lavocedelpaese.info\/index.php\/2024\/10\/03\/i-edizione-del-premio-letterario-tonino-coppi\/"},"modified":"2024-10-03T05:13:37","modified_gmt":"2024-10-03T05:13:37","slug":"i-edizione-del-premio-letterario-tonino-coppi","status":"publish","type":"post","link":"https:\/\/lavocedelpaese.info\/index.php\/2024\/10\/03\/i-edizione-del-premio-letterario-tonino-coppi\/","title":{"rendered":"I Edizione del Premio letterario \u201cTonino Coppi\u201d\u00a0\u200b"},"content":{"rendered":"<p>\u00a0<\/p>\n<p>\u200b\u00a0<\/p>\n<p>\u200b\u00a0<\/p>\n<div><\/div>\n<h5 class=\"wp-block-heading\"><strong>L\u2019iniziativa, promossa dall\u2019Associazione Culturale Arti Libere e patrocinata dal Comune di Turi, nasce per celebrare la memoria ed il valore del compianto Senatore<\/strong><\/h5>\n<p>L\u2019 <a href=\"https:\/\/artilibere.info\/\" target=\"_blank\" rel=\"noopener\">Associazione Culturale <em>Arti Libere APS<\/em><\/a>, con sede in <strong>Bari<\/strong>, in collaborazione con il <em>Centro Studi Mousik\u00e9 Arti dello Spettacolo nel Mediterraneo<\/em>, d\u2019intesa con la famiglia del Senatore <strong>Antonio Michele Coppi<\/strong> e con il patrocinio del <strong>Comune di Turi<\/strong> (Ba), ind\u00ecce la <strong>I Edizione del Premio letterario \u201cTonino Coppi\u201d.<\/strong><\/p>\n<p>Il <strong>\u201cPremio Tonino Coppi\u201d<\/strong>, concorso letterario dedicato alla Poesia, nasce per celebrare la memoria ed il valore di un uomo che ha dedicato tutta la sua vita, sin da ragazzo, all\u2019attivit\u00e0 di viticoltore unendo, con indomita passione e tenacia, tradizione e cultura della propria terra.<\/p>\n<p>Continuando una tradizione secolare, radicata nel territorio pugliese, le Tenute Coppi del Sen. <strong>Antonio Michele Coppi<\/strong> coltivano variet\u00e0 di vitigni che caratterizzano l\u2019alta qualit\u00e0 di vini noti in tutto il mondo.<\/p>\n<p>Il Senatore, oltre alla sua attivit\u00e0 di imprenditore, in cui si \u00e8 sempre distinto per la sua straordinaria creativit\u00e0 innovativa, ha dimostrato, nel corso della sua esistenza, anche una grande sensibilit\u00e0 e amore per la Cultura e le Arti della sua amata Puglia.<\/p>\n<p>Il <strong>\u201cPremio Tonino Coppi\u201d<\/strong>, come affettuosamente lo chiamavano gli amici e i colleghi, rappresenta un giusto riconoscimento alla sua persona, che dimostra quanto possa essere oggi, per le nuove generazioni, un valido esempio di uomo dai sani princ\u00ecpi morali ed attivo impegno sociale al servizio della Comunit\u00e0.<\/p>\n<p><strong><a href=\"https:\/\/artilibere.info\/wp-content\/uploads\/2024\/09\/Bando.pdf\" target=\"_blank\" rel=\"noopener\">CLICCA QUI PER LEGGERE IL REGOLAMENTO E IL BANDO DEL PREMIO<\/a><\/strong><\/p>\n<p><strong>Info. 338 84 31 292<\/strong><\/p>\n<p><a class=\"a2a_button_facebook\" href=\"https:\/\/www.addtoany.com\/add_to\/facebook?linkurl=https%3A%2F%2Fturi.lavocedelpaese.info%2Fi-edizione-del-premio-letterario-tonino-coppi%2F&amp;linkname=I%20Edizione%20del%20Premio%20letterario%20%E2%80%9CTonino%20Coppi%E2%80%9D\" title=\"Facebook\" target=\"_blank\" rel=\"noopener\"><\/a><a class=\"a2a_button_twitter\" href=\"https:\/\/www.addtoany.com\/add_to\/twitter?linkurl=https%3A%2F%2Fturi.lavocedelpaese.info%2Fi-edizione-del-premio-letterario-tonino-coppi%2F&amp;linkname=I%20Edizione%20del%20Premio%20letterario%20%E2%80%9CTonino%20Coppi%E2%80%9D\" title=\"Twitter\" target=\"_blank\" rel=\"noopener\"><\/a><a class=\"a2a_button_whatsapp\" href=\"https:\/\/www.addtoany.com\/add_to\/whatsapp?linkurl=https%3A%2F%2Fturi.lavocedelpaese.info%2Fi-edizione-del-premio-letterario-tonino-coppi%2F&amp;linkname=I%20Edizione%20del%20Premio%20letterario%20%E2%80%9CTonino%20Coppi%E2%80%9D\" title=\"WhatsApp\" target=\"_blank\" rel=\"noopener\"><\/a><a class=\"a2a_button_telegram\" href=\"https:\/\/www.addtoany.com\/add_to\/telegram?linkurl=https%3A%2F%2Fturi.lavocedelpaese.info%2Fi-edizione-del-premio-letterario-tonino-coppi%2F&amp;linkname=I%20Edizione%20del%20Premio%20letterario%20%E2%80%9CTonino%20Coppi%E2%80%9D\" title=\"Telegram\" target=\"_blank\" rel=\"noopener\"><\/a><a class=\"a2a_button_email\" href=\"https:\/\/www.addtoany.com\/add_to\/email?linkurl=https%3A%2F%2Fturi.lavocedelpaese.info%2Fi-edizione-del-premio-letterario-tonino-coppi%2F&amp;linkname=I%20Edizione%20del%20Premio%20letterario%20%E2%80%9CTonino%20Coppi%E2%80%9D\" title=\"Email\" target=\"_blank\" rel=\"noopener\"><\/a><\/p>\n<p>L&#8217;articolo <a href=\"https:\/\/turi.lavocedelpaese.info\/i-edizione-del-premio-letterario-tonino-coppi\/\">I Edizione del Premio letterario \u201cTonino Coppi\u201d<\/a> proviene da <a href=\"https:\/\/turi.lavocedelpaese.info\/\">Turi &#8211; La Voce del Paese<\/a>.<\/p>\n<p>\u00a0<\/p>\n<p>\u00a0<\/p>\n<p>\u200b\u00a0\u00a0\u00a0<\/p>","protected":false},"excerpt":{"rendered":"<p>\u00a0 \u200b\u00a0 \u200b\u00a0 L\u2019iniziativa, promossa dall\u2019Associazione Culturale Arti Libere e patrocinata dal Comune di Turi, nasce per celebrare la memoria<\/p>\n","protected":false},"author":0,"featured_media":8028,"comment_status":"open","ping_status":"closed","sticky":false,"template":"","format":"standard","meta":{"colormag_page_container_layout":"default_layout","colormag_page_sidebar_layout":"default_layout","footnotes":""},"categories":[33],"tags":[],"class_list":["post-8027","post","type-post","status-publish","format-standard","has-post-thumbnail","hentry","category-network"],"yoast_head":"<!-- This site is optimized with the Yoast SEO plugin v27.5 - https:\/\/yoast.com\/product\/yoast-seo-wordpress\/ -->\n<title>I Edizione del Premio letterario \u201cTonino Coppi\u201d\u00a0\u200b - La Voce del Paese<\/title>\n<meta name=\"robots\" content=\"index, follow, max-snippet:-1, max-image-preview:large, max-video-preview:-1\" \/>\n<link rel=\"canonical\" href=\"https:\/\/lavocedelpaese.info\/index.php\/2024\/10\/03\/i-edizione-del-premio-letterario-tonino-coppi\/\" \/>\n<meta property=\"og:locale\" content=\"it_IT\" \/>\n<meta property=\"og:type\" content=\"article\" \/>\n<meta property=\"og:title\" content=\"I Edizione del Premio letterario \u201cTonino Coppi\u201d\u00a0\u200b - La Voce del Paese\" \/>\n<meta property=\"og:description\" content=\"\u00a0 \u200b\u00a0 \u200b\u00a0 L\u2019iniziativa, promossa dall\u2019Associazione Culturale Arti Libere e patrocinata dal Comune di Turi, nasce per celebrare la memoria\" \/>\n<meta property=\"og:url\" content=\"https:\/\/lavocedelpaese.info\/index.php\/2024\/10\/03\/i-edizione-del-premio-letterario-tonino-coppi\/\" \/>\n<meta property=\"og:site_name\" content=\"La Voce del Paese\" \/>\n<meta property=\"article:publisher\" content=\"https:\/\/www.facebook.com\/lavocedelpaese.info\" \/>\n<meta property=\"article:published_time\" content=\"2024-10-03T05:13:37+00:00\" \/>\n<meta name=\"twitter:card\" content=\"summary_large_image\" \/>\n<meta name=\"twitter:label1\" content=\"Tempo di lettura stimato\" \/>\n\t<meta name=\"twitter:data1\" content=\"1 minuto\" \/>\n<script type=\"application\/ld+json\" class=\"yoast-schema-graph\">{\"@context\":\"https:\\\/\\\/schema.org\",\"@graph\":[{\"@type\":\"Article\",\"@id\":\"https:\\\/\\\/lavocedelpaese.info\\\/index.php\\\/2024\\\/10\\\/03\\\/i-edizione-del-premio-letterario-tonino-coppi\\\/#article\",\"isPartOf\":{\"@id\":\"https:\\\/\\\/lavocedelpaese.info\\\/index.php\\\/2024\\\/10\\\/03\\\/i-edizione-del-premio-letterario-tonino-coppi\\\/\"},\"author\":{\"name\":\"\",\"@id\":\"\"},\"headline\":\"I Edizione del Premio letterario \u201cTonino Coppi\u201d\u00a0\u200b\",\"datePublished\":\"2024-10-03T05:13:37+00:00\",\"mainEntityOfPage\":{\"@id\":\"https:\\\/\\\/lavocedelpaese.info\\\/index.php\\\/2024\\\/10\\\/03\\\/i-edizione-del-premio-letterario-tonino-coppi\\\/\"},\"wordCount\":280,\"commentCount\":0,\"publisher\":{\"@id\":\"https:\\\/\\\/lavocedelpaese.info\\\/#organization\"},\"image\":{\"@id\":\"https:\\\/\\\/lavocedelpaese.info\\\/index.php\\\/2024\\\/10\\\/03\\\/i-edizione-del-premio-letterario-tonino-coppi\\\/#primaryimage\"},\"thumbnailUrl\":\"https:\\\/\\\/lavocedelpaese.info\\\/wp-content\\\/uploads\\\/2024\\\/10\\\/premio-coppi-1024x973-UNs4wY.jpeg\",\"articleSection\":[\"network\"],\"inLanguage\":\"it-IT\",\"potentialAction\":[{\"@type\":\"CommentAction\",\"name\":\"Comment\",\"target\":[\"https:\\\/\\\/lavocedelpaese.info\\\/index.php\\\/2024\\\/10\\\/03\\\/i-edizione-del-premio-letterario-tonino-coppi\\\/#respond\"]}]},{\"@type\":\"WebPage\",\"@id\":\"https:\\\/\\\/lavocedelpaese.info\\\/index.php\\\/2024\\\/10\\\/03\\\/i-edizione-del-premio-letterario-tonino-coppi\\\/\",\"url\":\"https:\\\/\\\/lavocedelpaese.info\\\/index.php\\\/2024\\\/10\\\/03\\\/i-edizione-del-premio-letterario-tonino-coppi\\\/\",\"name\":\"I Edizione del Premio letterario \u201cTonino Coppi\u201d\u00a0\u200b - La Voce del Paese\",\"isPartOf\":{\"@id\":\"https:\\\/\\\/lavocedelpaese.info\\\/#website\"},\"primaryImageOfPage\":{\"@id\":\"https:\\\/\\\/lavocedelpaese.info\\\/index.php\\\/2024\\\/10\\\/03\\\/i-edizione-del-premio-letterario-tonino-coppi\\\/#primaryimage\"},\"image\":{\"@id\":\"https:\\\/\\\/lavocedelpaese.info\\\/index.php\\\/2024\\\/10\\\/03\\\/i-edizione-del-premio-letterario-tonino-coppi\\\/#primaryimage\"},\"thumbnailUrl\":\"https:\\\/\\\/lavocedelpaese.info\\\/wp-content\\\/uploads\\\/2024\\\/10\\\/premio-coppi-1024x973-UNs4wY.jpeg\",\"datePublished\":\"2024-10-03T05:13:37+00:00\",\"breadcrumb\":{\"@id\":\"https:\\\/\\\/lavocedelpaese.info\\\/index.php\\\/2024\\\/10\\\/03\\\/i-edizione-del-premio-letterario-tonino-coppi\\\/#breadcrumb\"},\"inLanguage\":\"it-IT\",\"potentialAction\":[{\"@type\":\"ReadAction\",\"target\":[\"https:\\\/\\\/lavocedelpaese.info\\\/index.php\\\/2024\\\/10\\\/03\\\/i-edizione-del-premio-letterario-tonino-coppi\\\/\"]}]},{\"@type\":\"ImageObject\",\"inLanguage\":\"it-IT\",\"@id\":\"https:\\\/\\\/lavocedelpaese.info\\\/index.php\\\/2024\\\/10\\\/03\\\/i-edizione-del-premio-letterario-tonino-coppi\\\/#primaryimage\",\"url\":\"https:\\\/\\\/lavocedelpaese.info\\\/wp-content\\\/uploads\\\/2024\\\/10\\\/premio-coppi-1024x973-UNs4wY.jpeg\",\"contentUrl\":\"https:\\\/\\\/lavocedelpaese.info\\\/wp-content\\\/uploads\\\/2024\\\/10\\\/premio-coppi-1024x973-UNs4wY.jpeg\",\"width\":842,\"height\":800},{\"@type\":\"BreadcrumbList\",\"@id\":\"https:\\\/\\\/lavocedelpaese.info\\\/index.php\\\/2024\\\/10\\\/03\\\/i-edizione-del-premio-letterario-tonino-coppi\\\/#breadcrumb\",\"itemListElement\":[{\"@type\":\"ListItem\",\"position\":1,\"name\":\"Home\",\"item\":\"https:\\\/\\\/lavocedelpaese.info\\\/\"},{\"@type\":\"ListItem\",\"position\":2,\"name\":\"I Edizione del Premio letterario \u201cTonino Coppi\u201d\u00a0\u200b\"}]},{\"@type\":\"WebSite\",\"@id\":\"https:\\\/\\\/lavocedelpaese.info\\\/#website\",\"url\":\"https:\\\/\\\/lavocedelpaese.info\\\/\",\"name\":\"La Voce del Paese\",\"description\":\"Un network di idee\",\"publisher\":{\"@id\":\"https:\\\/\\\/lavocedelpaese.info\\\/#organization\"},\"potentialAction\":[{\"@type\":\"SearchAction\",\"target\":{\"@type\":\"EntryPoint\",\"urlTemplate\":\"https:\\\/\\\/lavocedelpaese.info\\\/?s={search_term_string}\"},\"query-input\":{\"@type\":\"PropertyValueSpecification\",\"valueRequired\":true,\"valueName\":\"search_term_string\"}}],\"inLanguage\":\"it-IT\"},{\"@type\":\"Organization\",\"@id\":\"https:\\\/\\\/lavocedelpaese.info\\\/#organization\",\"name\":\"La Voce del Paese\",\"url\":\"https:\\\/\\\/lavocedelpaese.info\\\/\",\"logo\":{\"@type\":\"ImageObject\",\"inLanguage\":\"it-IT\",\"@id\":\"https:\\\/\\\/lavocedelpaese.info\\\/#\\\/schema\\\/logo\\\/image\\\/\",\"url\":\"https:\\\/\\\/lavocedelpaese.info\\\/wp-content\\\/uploads\\\/2023\\\/01\\\/cropped-logo-150-127.png\",\"contentUrl\":\"https:\\\/\\\/lavocedelpaese.info\\\/wp-content\\\/uploads\\\/2023\\\/01\\\/cropped-logo-150-127.png\",\"width\":137,\"height\":119,\"caption\":\"La Voce del Paese\"},\"image\":{\"@id\":\"https:\\\/\\\/lavocedelpaese.info\\\/#\\\/schema\\\/logo\\\/image\\\/\"},\"sameAs\":[\"https:\\\/\\\/www.facebook.com\\\/lavocedelpaese.info\"]}]}<\/script>\n<!-- \/ Yoast SEO plugin. -->","yoast_head_json":{"title":"I Edizione del Premio letterario \u201cTonino Coppi\u201d\u00a0\u200b - La Voce del Paese","robots":{"index":"index","follow":"follow","max-snippet":"max-snippet:-1","max-image-preview":"max-image-preview:large","max-video-preview":"max-video-preview:-1"},"canonical":"https:\/\/lavocedelpaese.info\/index.php\/2024\/10\/03\/i-edizione-del-premio-letterario-tonino-coppi\/","og_locale":"it_IT","og_type":"article","og_title":"I Edizione del Premio letterario \u201cTonino Coppi\u201d\u00a0\u200b - La Voce del Paese","og_description":"\u00a0 \u200b\u00a0 \u200b\u00a0 L\u2019iniziativa, promossa dall\u2019Associazione Culturale Arti Libere e patrocinata dal Comune di Turi, nasce per celebrare la memoria","og_url":"https:\/\/lavocedelpaese.info\/index.php\/2024\/10\/03\/i-edizione-del-premio-letterario-tonino-coppi\/","og_site_name":"La Voce del Paese","article_publisher":"https:\/\/www.facebook.com\/lavocedelpaese.info","article_published_time":"2024-10-03T05:13:37+00:00","twitter_card":"summary_large_image","twitter_misc":{"Tempo di lettura stimato":"1 minuto"},"schema":{"@context":"https:\/\/schema.org","@graph":[{"@type":"Article","@id":"https:\/\/lavocedelpaese.info\/index.php\/2024\/10\/03\/i-edizione-del-premio-letterario-tonino-coppi\/#article","isPartOf":{"@id":"https:\/\/lavocedelpaese.info\/index.php\/2024\/10\/03\/i-edizione-del-premio-letterario-tonino-coppi\/"},"author":{"name":"","@id":""},"headline":"I Edizione del Premio letterario \u201cTonino Coppi\u201d\u00a0\u200b","datePublished":"2024-10-03T05:13:37+00:00","mainEntityOfPage":{"@id":"https:\/\/lavocedelpaese.info\/index.php\/2024\/10\/03\/i-edizione-del-premio-letterario-tonino-coppi\/"},"wordCount":280,"commentCount":0,"publisher":{"@id":"https:\/\/lavocedelpaese.info\/#organization"},"image":{"@id":"https:\/\/lavocedelpaese.info\/index.php\/2024\/10\/03\/i-edizione-del-premio-letterario-tonino-coppi\/#primaryimage"},"thumbnailUrl":"https:\/\/lavocedelpaese.info\/wp-content\/uploads\/2024\/10\/premio-coppi-1024x973-UNs4wY.jpeg","articleSection":["network"],"inLanguage":"it-IT","potentialAction":[{"@type":"CommentAction","name":"Comment","target":["https:\/\/lavocedelpaese.info\/index.php\/2024\/10\/03\/i-edizione-del-premio-letterario-tonino-coppi\/#respond"]}]},{"@type":"WebPage","@id":"https:\/\/lavocedelpaese.info\/index.php\/2024\/10\/03\/i-edizione-del-premio-letterario-tonino-coppi\/","url":"https:\/\/lavocedelpaese.info\/index.php\/2024\/10\/03\/i-edizione-del-premio-letterario-tonino-coppi\/","name":"I Edizione del Premio letterario \u201cTonino Coppi\u201d\u00a0\u200b - La Voce del Paese","isPartOf":{"@id":"https:\/\/lavocedelpaese.info\/#website"},"primaryImageOfPage":{"@id":"https:\/\/lavocedelpaese.info\/index.php\/2024\/10\/03\/i-edizione-del-premio-letterario-tonino-coppi\/#primaryimage"},"image":{"@id":"https:\/\/lavocedelpaese.info\/index.php\/2024\/10\/03\/i-edizione-del-premio-letterario-tonino-coppi\/#primaryimage"},"thumbnailUrl":"https:\/\/lavocedelpaese.info\/wp-content\/uploads\/2024\/10\/premio-coppi-1024x973-UNs4wY.jpeg","datePublished":"2024-10-03T05:13:37+00:00","breadcrumb":{"@id":"https:\/\/lavocedelpaese.info\/index.php\/2024\/10\/03\/i-edizione-del-premio-letterario-tonino-coppi\/#breadcrumb"},"inLanguage":"it-IT","potentialAction":[{"@type":"ReadAction","target":["https:\/\/lavocedelpaese.info\/index.php\/2024\/10\/03\/i-edizione-del-premio-letterario-tonino-coppi\/"]}]},{"@type":"ImageObject","inLanguage":"it-IT","@id":"https:\/\/lavocedelpaese.info\/index.php\/2024\/10\/03\/i-edizione-del-premio-letterario-tonino-coppi\/#primaryimage","url":"https:\/\/lavocedelpaese.info\/wp-content\/uploads\/2024\/10\/premio-coppi-1024x973-UNs4wY.jpeg","contentUrl":"https:\/\/lavocedelpaese.info\/wp-content\/uploads\/2024\/10\/premio-coppi-1024x973-UNs4wY.jpeg","width":842,"height":800},{"@type":"BreadcrumbList","@id":"https:\/\/lavocedelpaese.info\/index.php\/2024\/10\/03\/i-edizione-del-premio-letterario-tonino-coppi\/#breadcrumb","itemListElement":[{"@type":"ListItem","position":1,"name":"Home","item":"https:\/\/lavocedelpaese.info\/"},{"@type":"ListItem","position":2,"name":"I Edizione del Premio letterario \u201cTonino Coppi\u201d\u00a0\u200b"}]},{"@type":"WebSite","@id":"https:\/\/lavocedelpaese.info\/#website","url":"https:\/\/lavocedelpaese.info\/","name":"La Voce del Paese","description":"Un network di idee","publisher":{"@id":"https:\/\/lavocedelpaese.info\/#organization"},"potentialAction":[{"@type":"SearchAction","target":{"@type":"EntryPoint","urlTemplate":"https:\/\/lavocedelpaese.info\/?s={search_term_string}"},"query-input":{"@type":"PropertyValueSpecification","valueRequired":true,"valueName":"search_term_string"}}],"inLanguage":"it-IT"},{"@type":"Organization","@id":"https:\/\/lavocedelpaese.info\/#organization","name":"La Voce del Paese","url":"https:\/\/lavocedelpaese.info\/","logo":{"@type":"ImageObject","inLanguage":"it-IT","@id":"https:\/\/lavocedelpaese.info\/#\/schema\/logo\/image\/","url":"https:\/\/lavocedelpaese.info\/wp-content\/uploads\/2023\/01\/cropped-logo-150-127.png","contentUrl":"https:\/\/lavocedelpaese.info\/wp-content\/uploads\/2023\/01\/cropped-logo-150-127.png","width":137,"height":119,"caption":"La Voce del Paese"},"image":{"@id":"https:\/\/lavocedelpaese.info\/#\/schema\/logo\/image\/"},"sameAs":["https:\/\/www.facebook.com\/lavocedelpaese.info"]}]}},"_links":{"self":[{"href":"https:\/\/lavocedelpaese.info\/index.php\/wp-json\/wp\/v2\/posts\/8027","targetHints":{"allow":["GET"]}}],"collection":[{"href":"https:\/\/lavocedelpaese.info\/index.php\/wp-json\/wp\/v2\/posts"}],"about":[{"href":"https:\/\/lavocedelpaese.info\/index.php\/wp-json\/wp\/v2\/types\/post"}],"replies":[{"embeddable":true,"href":"https:\/\/lavocedelpaese.info\/index.php\/wp-json\/wp\/v2\/comments?post=8027"}],"version-history":[{"count":0,"href":"https:\/\/lavocedelpaese.info\/index.php\/wp-json\/wp\/v2\/posts\/8027\/revisions"}],"wp:featuredmedia":[{"embeddable":true,"href":"https:\/\/lavocedelpaese.info\/index.php\/wp-json\/wp\/v2\/media\/8028"}],"wp:attachment":[{"href":"https:\/\/lavocedelpaese.info\/index.php\/wp-json\/wp\/v2\/media?parent=8027"}],"wp:term":[{"taxonomy":"category","embeddable":true,"href":"https:\/\/lavocedelpaese.info\/index.php\/wp-json\/wp\/v2\/categories?post=8027"},{"taxonomy":"post_tag","embeddable":true,"href":"https:\/\/lavocedelpaese.info\/index.php\/wp-json\/wp\/v2\/tags?post=8027"}],"curies":[{"name":"wp","href":"https:\/\/api.w.org\/{rel}","templated":true}]}}