{"id":8015,"date":"2024-10-01T06:14:57","date_gmt":"2024-10-01T06:14:57","guid":{"rendered":"https:\/\/lavocedelpaese.info\/index.php\/2024\/10\/01\/palazzo-miani-perotti-assegnato-lappalto-per-pulizia-e-guardiania\/"},"modified":"2024-10-01T06:14:57","modified_gmt":"2024-10-01T06:14:57","slug":"palazzo-miani-perotti-assegnato-lappalto-per-pulizia-e-guardiania","status":"publish","type":"post","link":"https:\/\/lavocedelpaese.info\/index.php\/2024\/10\/01\/palazzo-miani-perotti-assegnato-lappalto-per-pulizia-e-guardiania\/","title":{"rendered":"Palazzo \u201cMiani-Perotti\u201d: assegnato l\u2019appalto per pulizia e guardiania\u00a0\u200b"},"content":{"rendered":"<p>\u00a0<\/p>\n<p>\u200b\u00a0<\/p>\n<p>\u200b\u00a0<\/p>\n<p>Cambia la ditta che gestisce i sevizi di pulizie a guardiania presso il Palazzo \u201cMiani-Perotti\u201d ed altri immobili comunali.<\/p>\n<p>La \u201cAccadueo srl\u201d lascia il posto alla \u201cDinamica Servizi srl\u201d che gestir\u00e0 l\u2019appalto fino alla fine del prossimo agosto per un valore complessivo di 173.576 euro, poco pi\u00f9 di 15mila euro al mese, oneri e tasse comprese.<\/p>\n<p>Sede legale a Bari ed operativa a Monopoli, \u201cDinamica Servizi\u201d \u00e8 operativa da 15 anni ed ha un fatturato consolidato di oltre 2 milioni e 300 mila euro e conta su 78 lavoratori; si occupa di logistica e movimentazione merci ma anche di pulizie industriali e servizi alle imprese ed agli enti pubblici.<\/p>\n<p>Gi\u00e0 da oggi la societ\u00e0 che fa capo a Giuseppe Bosco, amministratore unico, prender\u00e0 in carico le otto lavoratrici che don diverse tipologie contrattuali (dalle 15 alle 24 ore settimanali) lavorano per la ditta uscente, garantendo la continuit\u00e0 del servizio.<\/p>\n<p>La gara d\u2019appalto, coordinata dalla Dirigente Comunale dott.sa Principia Tummolo \u00e8 stata bandita dopo diverse proroghe dovute alla aggiunta dei luoghi da presidiare: al Palazzo Miani-Perotti, dunque a Biblioteca, Pinacoteca ed emeroteca, si \u00e8 aggiunto anche il Mutec, Museo dell\u2019Alta Murgia e della Civilt\u00e0 Contadina che si trova in via Sanges, non ancora aperto al pubblico ma pressoch\u00e9 completo nell\u2019allestimento.<\/p>\n<p>Il personale dovr\u00e0 garantire la pulizia e l\u2019apertura del Museo per almeno 2 giorni a settimana e per 3 ore al giorno in attesa che l\u2019Amministrazione Del Re decida quale forma di gestione dovr\u00e0 avere.<\/p>\n<p>L\u2019appalto, poi, prevede anche la pulizia degli altri stabili comunali: dalle due sedi del Municipio ai bagni pubblici ed alla sede della Polizia Locale tanto da prevedere un incremento del monte ore lavorato e del personale rispetto al vecchio appalto che si concluder\u00e0 a fine agosto 2025 e potr\u00e0 essere prorogato.<\/p>\n<p>Oltre alla srl barese, alla gara partecipavano altre due ditte: quella uscente, la \u201cAccadueo srl\u201d ed una cooperativa di Triggiano, \u201cIl Cammino\u201d ma in rapporto alla qualit\u00e0\/presso dell\u2019offerta proposta dal Comune di Cassano, la \u201dDinamica Servizi\u201d \u00a0\u00a0si \u00e8 aggiudicata il servizio.<\/p>\n<p><a class=\"a2a_button_facebook\" href=\"https:\/\/www.addtoany.com\/add_to\/facebook?linkurl=https%3A%2F%2Fcassano.lavocedelpaese.info%2Fpalazzo-miani-perotti-assegnato-lappalto-per-pulizia-e-guardiania%2F&amp;linkname=Palazzo%20%E2%80%9CMiani-Perotti%E2%80%9D%3A%20assegnato%20l%E2%80%99appalto%20per%20pulizia%20e%20guardiania\" title=\"Facebook\" target=\"_blank\" rel=\"noopener\"><\/a><a class=\"a2a_button_twitter\" href=\"https:\/\/www.addtoany.com\/add_to\/twitter?linkurl=https%3A%2F%2Fcassano.lavocedelpaese.info%2Fpalazzo-miani-perotti-assegnato-lappalto-per-pulizia-e-guardiania%2F&amp;linkname=Palazzo%20%E2%80%9CMiani-Perotti%E2%80%9D%3A%20assegnato%20l%E2%80%99appalto%20per%20pulizia%20e%20guardiania\" title=\"Twitter\" target=\"_blank\" rel=\"noopener\"><\/a><a class=\"a2a_button_whatsapp\" href=\"https:\/\/www.addtoany.com\/add_to\/whatsapp?linkurl=https%3A%2F%2Fcassano.lavocedelpaese.info%2Fpalazzo-miani-perotti-assegnato-lappalto-per-pulizia-e-guardiania%2F&amp;linkname=Palazzo%20%E2%80%9CMiani-Perotti%E2%80%9D%3A%20assegnato%20l%E2%80%99appalto%20per%20pulizia%20e%20guardiania\" title=\"WhatsApp\" target=\"_blank\" rel=\"noopener\"><\/a><a class=\"a2a_button_telegram\" href=\"https:\/\/www.addtoany.com\/add_to\/telegram?linkurl=https%3A%2F%2Fcassano.lavocedelpaese.info%2Fpalazzo-miani-perotti-assegnato-lappalto-per-pulizia-e-guardiania%2F&amp;linkname=Palazzo%20%E2%80%9CMiani-Perotti%E2%80%9D%3A%20assegnato%20l%E2%80%99appalto%20per%20pulizia%20e%20guardiania\" title=\"Telegram\" target=\"_blank\" rel=\"noopener\"><\/a><a class=\"a2a_button_email\" href=\"https:\/\/www.addtoany.com\/add_to\/email?linkurl=https%3A%2F%2Fcassano.lavocedelpaese.info%2Fpalazzo-miani-perotti-assegnato-lappalto-per-pulizia-e-guardiania%2F&amp;linkname=Palazzo%20%E2%80%9CMiani-Perotti%E2%80%9D%3A%20assegnato%20l%E2%80%99appalto%20per%20pulizia%20e%20guardiania\" title=\"Email\" target=\"_blank\" rel=\"noopener\"><\/a><\/p>\n<p>\u00a0<\/p>\n<p>\u00a0<\/p>\n<p>\u200b\u00a0\u00a0\u00a0<\/p>","protected":false},"excerpt":{"rendered":"<p>\u00a0 \u200b\u00a0 \u200b\u00a0 Cambia la ditta che gestisce i sevizi di pulizie a guardiania presso il Palazzo \u201cMiani-Perotti\u201d ed altri<\/p>\n","protected":false},"author":0,"featured_media":730,"comment_status":"open","ping_status":"closed","sticky":false,"template":"","format":"standard","meta":{"colormag_page_container_layout":"default_layout","colormag_page_sidebar_layout":"default_layout","footnotes":""},"categories":[33],"tags":[],"class_list":["post-8015","post","type-post","status-publish","format-standard","has-post-thumbnail","hentry","category-network"],"yoast_head":"<!-- This site is optimized with the Yoast SEO plugin v27.5 - https:\/\/yoast.com\/product\/yoast-seo-wordpress\/ -->\n<title>Palazzo \u201cMiani-Perotti\u201d: assegnato l\u2019appalto per pulizia e guardiania\u00a0\u200b - La Voce del Paese<\/title>\n<meta name=\"robots\" content=\"index, follow, max-snippet:-1, max-image-preview:large, max-video-preview:-1\" \/>\n<link rel=\"canonical\" href=\"https:\/\/lavocedelpaese.info\/index.php\/2024\/10\/01\/palazzo-miani-perotti-assegnato-lappalto-per-pulizia-e-guardiania\/\" \/>\n<meta property=\"og:locale\" content=\"it_IT\" \/>\n<meta property=\"og:type\" content=\"article\" \/>\n<meta property=\"og:title\" content=\"Palazzo \u201cMiani-Perotti\u201d: assegnato l\u2019appalto per pulizia e guardiania\u00a0\u200b - La Voce del Paese\" \/>\n<meta property=\"og:description\" content=\"\u00a0 \u200b\u00a0 \u200b\u00a0 Cambia la ditta che gestisce i sevizi di pulizie a guardiania presso il Palazzo \u201cMiani-Perotti\u201d ed altri\" \/>\n<meta property=\"og:url\" content=\"https:\/\/lavocedelpaese.info\/index.php\/2024\/10\/01\/palazzo-miani-perotti-assegnato-lappalto-per-pulizia-e-guardiania\/\" \/>\n<meta property=\"og:site_name\" content=\"La Voce del Paese\" \/>\n<meta property=\"article:publisher\" content=\"https:\/\/www.facebook.com\/lavocedelpaese.info\" \/>\n<meta property=\"article:published_time\" content=\"2024-10-01T06:14:57+00:00\" \/>\n<meta name=\"twitter:card\" content=\"summary_large_image\" \/>\n<meta name=\"twitter:label1\" content=\"Tempo di lettura stimato\" \/>\n\t<meta name=\"twitter:data1\" content=\"2 minuti\" \/>\n<script type=\"application\/ld+json\" class=\"yoast-schema-graph\">{\"@context\":\"https:\\\/\\\/schema.org\",\"@graph\":[{\"@type\":\"Article\",\"@id\":\"https:\\\/\\\/lavocedelpaese.info\\\/index.php\\\/2024\\\/10\\\/01\\\/palazzo-miani-perotti-assegnato-lappalto-per-pulizia-e-guardiania\\\/#article\",\"isPartOf\":{\"@id\":\"https:\\\/\\\/lavocedelpaese.info\\\/index.php\\\/2024\\\/10\\\/01\\\/palazzo-miani-perotti-assegnato-lappalto-per-pulizia-e-guardiania\\\/\"},\"author\":{\"name\":\"\",\"@id\":\"\"},\"headline\":\"Palazzo \u201cMiani-Perotti\u201d: assegnato l\u2019appalto per pulizia e guardiania\u00a0\u200b\",\"datePublished\":\"2024-10-01T06:14:57+00:00\",\"mainEntityOfPage\":{\"@id\":\"https:\\\/\\\/lavocedelpaese.info\\\/index.php\\\/2024\\\/10\\\/01\\\/palazzo-miani-perotti-assegnato-lappalto-per-pulizia-e-guardiania\\\/\"},\"wordCount\":341,\"commentCount\":0,\"publisher\":{\"@id\":\"https:\\\/\\\/lavocedelpaese.info\\\/#organization\"},\"image\":{\"@id\":\"https:\\\/\\\/lavocedelpaese.info\\\/index.php\\\/2024\\\/10\\\/01\\\/palazzo-miani-perotti-assegnato-lappalto-per-pulizia-e-guardiania\\\/#primaryimage\"},\"thumbnailUrl\":\"https:\\\/\\\/lavocedelpaese.info\\\/wp-content\\\/uploads\\\/2023\\\/01\\\/logo-150-127.png\",\"articleSection\":[\"network\"],\"inLanguage\":\"it-IT\",\"potentialAction\":[{\"@type\":\"CommentAction\",\"name\":\"Comment\",\"target\":[\"https:\\\/\\\/lavocedelpaese.info\\\/index.php\\\/2024\\\/10\\\/01\\\/palazzo-miani-perotti-assegnato-lappalto-per-pulizia-e-guardiania\\\/#respond\"]}]},{\"@type\":\"WebPage\",\"@id\":\"https:\\\/\\\/lavocedelpaese.info\\\/index.php\\\/2024\\\/10\\\/01\\\/palazzo-miani-perotti-assegnato-lappalto-per-pulizia-e-guardiania\\\/\",\"url\":\"https:\\\/\\\/lavocedelpaese.info\\\/index.php\\\/2024\\\/10\\\/01\\\/palazzo-miani-perotti-assegnato-lappalto-per-pulizia-e-guardiania\\\/\",\"name\":\"Palazzo \u201cMiani-Perotti\u201d: assegnato l\u2019appalto per pulizia e guardiania\u00a0\u200b - La Voce del Paese\",\"isPartOf\":{\"@id\":\"https:\\\/\\\/lavocedelpaese.info\\\/#website\"},\"primaryImageOfPage\":{\"@id\":\"https:\\\/\\\/lavocedelpaese.info\\\/index.php\\\/2024\\\/10\\\/01\\\/palazzo-miani-perotti-assegnato-lappalto-per-pulizia-e-guardiania\\\/#primaryimage\"},\"image\":{\"@id\":\"https:\\\/\\\/lavocedelpaese.info\\\/index.php\\\/2024\\\/10\\\/01\\\/palazzo-miani-perotti-assegnato-lappalto-per-pulizia-e-guardiania\\\/#primaryimage\"},\"thumbnailUrl\":\"https:\\\/\\\/lavocedelpaese.info\\\/wp-content\\\/uploads\\\/2023\\\/01\\\/logo-150-127.png\",\"datePublished\":\"2024-10-01T06:14:57+00:00\",\"breadcrumb\":{\"@id\":\"https:\\\/\\\/lavocedelpaese.info\\\/index.php\\\/2024\\\/10\\\/01\\\/palazzo-miani-perotti-assegnato-lappalto-per-pulizia-e-guardiania\\\/#breadcrumb\"},\"inLanguage\":\"it-IT\",\"potentialAction\":[{\"@type\":\"ReadAction\",\"target\":[\"https:\\\/\\\/lavocedelpaese.info\\\/index.php\\\/2024\\\/10\\\/01\\\/palazzo-miani-perotti-assegnato-lappalto-per-pulizia-e-guardiania\\\/\"]}]},{\"@type\":\"ImageObject\",\"inLanguage\":\"it-IT\",\"@id\":\"https:\\\/\\\/lavocedelpaese.info\\\/index.php\\\/2024\\\/10\\\/01\\\/palazzo-miani-perotti-assegnato-lappalto-per-pulizia-e-guardiania\\\/#primaryimage\",\"url\":\"https:\\\/\\\/lavocedelpaese.info\\\/wp-content\\\/uploads\\\/2023\\\/01\\\/logo-150-127.png\",\"contentUrl\":\"https:\\\/\\\/lavocedelpaese.info\\\/wp-content\\\/uploads\\\/2023\\\/01\\\/logo-150-127.png\",\"width\":150,\"height\":127},{\"@type\":\"BreadcrumbList\",\"@id\":\"https:\\\/\\\/lavocedelpaese.info\\\/index.php\\\/2024\\\/10\\\/01\\\/palazzo-miani-perotti-assegnato-lappalto-per-pulizia-e-guardiania\\\/#breadcrumb\",\"itemListElement\":[{\"@type\":\"ListItem\",\"position\":1,\"name\":\"Home\",\"item\":\"https:\\\/\\\/lavocedelpaese.info\\\/\"},{\"@type\":\"ListItem\",\"position\":2,\"name\":\"Palazzo \u201cMiani-Perotti\u201d: assegnato l\u2019appalto per pulizia e guardiania\u00a0\u200b\"}]},{\"@type\":\"WebSite\",\"@id\":\"https:\\\/\\\/lavocedelpaese.info\\\/#website\",\"url\":\"https:\\\/\\\/lavocedelpaese.info\\\/\",\"name\":\"La Voce del Paese\",\"description\":\"Un network di idee\",\"publisher\":{\"@id\":\"https:\\\/\\\/lavocedelpaese.info\\\/#organization\"},\"potentialAction\":[{\"@type\":\"SearchAction\",\"target\":{\"@type\":\"EntryPoint\",\"urlTemplate\":\"https:\\\/\\\/lavocedelpaese.info\\\/?s={search_term_string}\"},\"query-input\":{\"@type\":\"PropertyValueSpecification\",\"valueRequired\":true,\"valueName\":\"search_term_string\"}}],\"inLanguage\":\"it-IT\"},{\"@type\":\"Organization\",\"@id\":\"https:\\\/\\\/lavocedelpaese.info\\\/#organization\",\"name\":\"La Voce del Paese\",\"url\":\"https:\\\/\\\/lavocedelpaese.info\\\/\",\"logo\":{\"@type\":\"ImageObject\",\"inLanguage\":\"it-IT\",\"@id\":\"https:\\\/\\\/lavocedelpaese.info\\\/#\\\/schema\\\/logo\\\/image\\\/\",\"url\":\"https:\\\/\\\/lavocedelpaese.info\\\/wp-content\\\/uploads\\\/2023\\\/01\\\/cropped-logo-150-127.png\",\"contentUrl\":\"https:\\\/\\\/lavocedelpaese.info\\\/wp-content\\\/uploads\\\/2023\\\/01\\\/cropped-logo-150-127.png\",\"width\":137,\"height\":119,\"caption\":\"La Voce del Paese\"},\"image\":{\"@id\":\"https:\\\/\\\/lavocedelpaese.info\\\/#\\\/schema\\\/logo\\\/image\\\/\"},\"sameAs\":[\"https:\\\/\\\/www.facebook.com\\\/lavocedelpaese.info\"]}]}<\/script>\n<!-- \/ Yoast SEO plugin. -->","yoast_head_json":{"title":"Palazzo \u201cMiani-Perotti\u201d: assegnato l\u2019appalto per pulizia e guardiania\u00a0\u200b - La Voce del Paese","robots":{"index":"index","follow":"follow","max-snippet":"max-snippet:-1","max-image-preview":"max-image-preview:large","max-video-preview":"max-video-preview:-1"},"canonical":"https:\/\/lavocedelpaese.info\/index.php\/2024\/10\/01\/palazzo-miani-perotti-assegnato-lappalto-per-pulizia-e-guardiania\/","og_locale":"it_IT","og_type":"article","og_title":"Palazzo \u201cMiani-Perotti\u201d: assegnato l\u2019appalto per pulizia e guardiania\u00a0\u200b - La Voce del Paese","og_description":"\u00a0 \u200b\u00a0 \u200b\u00a0 Cambia la ditta che gestisce i sevizi di pulizie a guardiania presso il Palazzo \u201cMiani-Perotti\u201d ed altri","og_url":"https:\/\/lavocedelpaese.info\/index.php\/2024\/10\/01\/palazzo-miani-perotti-assegnato-lappalto-per-pulizia-e-guardiania\/","og_site_name":"La Voce del Paese","article_publisher":"https:\/\/www.facebook.com\/lavocedelpaese.info","article_published_time":"2024-10-01T06:14:57+00:00","twitter_card":"summary_large_image","twitter_misc":{"Tempo di lettura stimato":"2 minuti"},"schema":{"@context":"https:\/\/schema.org","@graph":[{"@type":"Article","@id":"https:\/\/lavocedelpaese.info\/index.php\/2024\/10\/01\/palazzo-miani-perotti-assegnato-lappalto-per-pulizia-e-guardiania\/#article","isPartOf":{"@id":"https:\/\/lavocedelpaese.info\/index.php\/2024\/10\/01\/palazzo-miani-perotti-assegnato-lappalto-per-pulizia-e-guardiania\/"},"author":{"name":"","@id":""},"headline":"Palazzo \u201cMiani-Perotti\u201d: assegnato l\u2019appalto per pulizia e guardiania\u00a0\u200b","datePublished":"2024-10-01T06:14:57+00:00","mainEntityOfPage":{"@id":"https:\/\/lavocedelpaese.info\/index.php\/2024\/10\/01\/palazzo-miani-perotti-assegnato-lappalto-per-pulizia-e-guardiania\/"},"wordCount":341,"commentCount":0,"publisher":{"@id":"https:\/\/lavocedelpaese.info\/#organization"},"image":{"@id":"https:\/\/lavocedelpaese.info\/index.php\/2024\/10\/01\/palazzo-miani-perotti-assegnato-lappalto-per-pulizia-e-guardiania\/#primaryimage"},"thumbnailUrl":"https:\/\/lavocedelpaese.info\/wp-content\/uploads\/2023\/01\/logo-150-127.png","articleSection":["network"],"inLanguage":"it-IT","potentialAction":[{"@type":"CommentAction","name":"Comment","target":["https:\/\/lavocedelpaese.info\/index.php\/2024\/10\/01\/palazzo-miani-perotti-assegnato-lappalto-per-pulizia-e-guardiania\/#respond"]}]},{"@type":"WebPage","@id":"https:\/\/lavocedelpaese.info\/index.php\/2024\/10\/01\/palazzo-miani-perotti-assegnato-lappalto-per-pulizia-e-guardiania\/","url":"https:\/\/lavocedelpaese.info\/index.php\/2024\/10\/01\/palazzo-miani-perotti-assegnato-lappalto-per-pulizia-e-guardiania\/","name":"Palazzo \u201cMiani-Perotti\u201d: assegnato l\u2019appalto per pulizia e guardiania\u00a0\u200b - La Voce del Paese","isPartOf":{"@id":"https:\/\/lavocedelpaese.info\/#website"},"primaryImageOfPage":{"@id":"https:\/\/lavocedelpaese.info\/index.php\/2024\/10\/01\/palazzo-miani-perotti-assegnato-lappalto-per-pulizia-e-guardiania\/#primaryimage"},"image":{"@id":"https:\/\/lavocedelpaese.info\/index.php\/2024\/10\/01\/palazzo-miani-perotti-assegnato-lappalto-per-pulizia-e-guardiania\/#primaryimage"},"thumbnailUrl":"https:\/\/lavocedelpaese.info\/wp-content\/uploads\/2023\/01\/logo-150-127.png","datePublished":"2024-10-01T06:14:57+00:00","breadcrumb":{"@id":"https:\/\/lavocedelpaese.info\/index.php\/2024\/10\/01\/palazzo-miani-perotti-assegnato-lappalto-per-pulizia-e-guardiania\/#breadcrumb"},"inLanguage":"it-IT","potentialAction":[{"@type":"ReadAction","target":["https:\/\/lavocedelpaese.info\/index.php\/2024\/10\/01\/palazzo-miani-perotti-assegnato-lappalto-per-pulizia-e-guardiania\/"]}]},{"@type":"ImageObject","inLanguage":"it-IT","@id":"https:\/\/lavocedelpaese.info\/index.php\/2024\/10\/01\/palazzo-miani-perotti-assegnato-lappalto-per-pulizia-e-guardiania\/#primaryimage","url":"https:\/\/lavocedelpaese.info\/wp-content\/uploads\/2023\/01\/logo-150-127.png","contentUrl":"https:\/\/lavocedelpaese.info\/wp-content\/uploads\/2023\/01\/logo-150-127.png","width":150,"height":127},{"@type":"BreadcrumbList","@id":"https:\/\/lavocedelpaese.info\/index.php\/2024\/10\/01\/palazzo-miani-perotti-assegnato-lappalto-per-pulizia-e-guardiania\/#breadcrumb","itemListElement":[{"@type":"ListItem","position":1,"name":"Home","item":"https:\/\/lavocedelpaese.info\/"},{"@type":"ListItem","position":2,"name":"Palazzo \u201cMiani-Perotti\u201d: assegnato l\u2019appalto per pulizia e guardiania\u00a0\u200b"}]},{"@type":"WebSite","@id":"https:\/\/lavocedelpaese.info\/#website","url":"https:\/\/lavocedelpaese.info\/","name":"La Voce del Paese","description":"Un network di idee","publisher":{"@id":"https:\/\/lavocedelpaese.info\/#organization"},"potentialAction":[{"@type":"SearchAction","target":{"@type":"EntryPoint","urlTemplate":"https:\/\/lavocedelpaese.info\/?s={search_term_string}"},"query-input":{"@type":"PropertyValueSpecification","valueRequired":true,"valueName":"search_term_string"}}],"inLanguage":"it-IT"},{"@type":"Organization","@id":"https:\/\/lavocedelpaese.info\/#organization","name":"La Voce del Paese","url":"https:\/\/lavocedelpaese.info\/","logo":{"@type":"ImageObject","inLanguage":"it-IT","@id":"https:\/\/lavocedelpaese.info\/#\/schema\/logo\/image\/","url":"https:\/\/lavocedelpaese.info\/wp-content\/uploads\/2023\/01\/cropped-logo-150-127.png","contentUrl":"https:\/\/lavocedelpaese.info\/wp-content\/uploads\/2023\/01\/cropped-logo-150-127.png","width":137,"height":119,"caption":"La Voce del Paese"},"image":{"@id":"https:\/\/lavocedelpaese.info\/#\/schema\/logo\/image\/"},"sameAs":["https:\/\/www.facebook.com\/lavocedelpaese.info"]}]}},"_links":{"self":[{"href":"https:\/\/lavocedelpaese.info\/index.php\/wp-json\/wp\/v2\/posts\/8015","targetHints":{"allow":["GET"]}}],"collection":[{"href":"https:\/\/lavocedelpaese.info\/index.php\/wp-json\/wp\/v2\/posts"}],"about":[{"href":"https:\/\/lavocedelpaese.info\/index.php\/wp-json\/wp\/v2\/types\/post"}],"replies":[{"embeddable":true,"href":"https:\/\/lavocedelpaese.info\/index.php\/wp-json\/wp\/v2\/comments?post=8015"}],"version-history":[{"count":0,"href":"https:\/\/lavocedelpaese.info\/index.php\/wp-json\/wp\/v2\/posts\/8015\/revisions"}],"wp:featuredmedia":[{"embeddable":true,"href":"https:\/\/lavocedelpaese.info\/index.php\/wp-json\/wp\/v2\/media\/730"}],"wp:attachment":[{"href":"https:\/\/lavocedelpaese.info\/index.php\/wp-json\/wp\/v2\/media?parent=8015"}],"wp:term":[{"taxonomy":"category","embeddable":true,"href":"https:\/\/lavocedelpaese.info\/index.php\/wp-json\/wp\/v2\/categories?post=8015"},{"taxonomy":"post_tag","embeddable":true,"href":"https:\/\/lavocedelpaese.info\/index.php\/wp-json\/wp\/v2\/tags?post=8015"}],"curies":[{"name":"wp","href":"https:\/\/api.w.org\/{rel}","templated":true}]}}