{"id":8003,"date":"2024-09-28T17:15:24","date_gmt":"2024-09-28T17:15:24","guid":{"rendered":"https:\/\/lavocedelpaese.info\/index.php\/2024\/09\/28\/cassano-saluta-don-callisto-qui-da-voi-mi-sento-a-casa\/"},"modified":"2024-09-28T17:15:24","modified_gmt":"2024-09-28T17:15:24","slug":"cassano-saluta-don-callisto-qui-da-voi-mi-sento-a-casa","status":"publish","type":"post","link":"https:\/\/lavocedelpaese.info\/index.php\/2024\/09\/28\/cassano-saluta-don-callisto-qui-da-voi-mi-sento-a-casa\/","title":{"rendered":"Cassano saluta don Callisto: \u201cqui da voi mi sento a casa\u201d\u00a0\u200b"},"content":{"rendered":"<p>\u00a0<\/p>\n<p>\u200b\u00a0<\/p>\n<p>\u200b\u00a0<\/p>\n<p>Di grande valore spirituale e umano \u00e8 il vicario della parrocchia Santa Maria Assunta, Don Callisto il quale, il prossimo 30 settembre lascer\u00e0 la comunit\u00e0 di Cassano e la casa parrocchiale, per tornare nel suo Paese d\u2019origine, il Togo dove continuer\u00e0 il suo cammino nella fede ed al servizio dei pi\u00f9 bisognosi.<\/p>\n<p>In procinto della conclusione dell\u2019opera di fede, studio e formazione in Italia, abbiamo intervisto il sacerdote, originario della Repubblica togolese, che ringraziamo per la sua gentile disponibilit\u00e0.<\/p>\n<p><strong>Padre Callisto, si racconti. Come ha avuto origine la sua vocazione?<\/strong><\/p>\n<p><em>Innanzitutto voglio ringraziare la redazione de La Voce del Paese per questa intervista che raggiunge il mio cuore.<\/em> <em>Mi chiamo Don Ogbone Ay\u00e9na Calliste e sono nato in Togo il 14 ottobre 1971;<\/em> <em>sono stato ordinato prete il 29 settembre del 2012 a seguito di un lungo percorso; appartengo alla diocesi di Atakpame.<\/em><\/p>\n<p><em>Ho ricevuto una vocazione, non tardiva, e sono entrato in seminario dopo la scuola elementare, dopo aver conseguito il certificato CPD. E\u2019 stato proprio in quel periodo, quando facevo il chirichetto, che ho avuto la vocazione: servivo messa ed accompagnavo il parroco nei villaggi ove si recava per celebrare messa; tutto ci\u00f2 mi piaceva molto e, come si dice \u201ctale padre, tale figlio\u201d: a colpirmi \u00e8 stata la sua capacit\u00e0, in qualit\u00e0 di parroco, \u00e8 stata quella di saper radunare attorno a s\u00e9 i fedeli e di riuscire a coinvolgermi. Piano piano in me \u00e8 maturato questo desiderio di percorrere la strada del sacerdozio. Comunicai questa decisione al parroco che mi seguiva il quale, un giorno \u2013 dopo la messa del mattino \u2013 chiam\u00f2 mio padre e gli comunic\u00f2 le mie intenzioni chiedendogli un parere; mio padre rispose alla domanda del parroco dicendo: \u201cha deciso lui, liberamente, ed io non posso impedirglielo\u201d. Anche mio padre, da fanciullo, desiderava entrare in seminario ma non \u00e8 stato fortunato come me in quanto suo padre \u2013 mio nonno \u2013 glielo ha impedito poich\u00e9 sognava per suo figlio uno futuro diverso e voleva che intraprendesse gli studi, fiducioso nelle sue capacit\u00e0. Mio padre, nel mio caso, non ha voluto che si ripetesse la sua storia e, quindi, mi ha lasciato libero di intraprendere la mia strada.<\/em><\/p>\n<p><em>Sono, cos\u00ec, entrato in seminario e vi sono rimasto sino al liceo; il seminario, in quel periodo, \u00e8 stato chiuso a causa della crisi dovuta all\u2019avvento del multipartismo: a quel tempo, molti erano gli scioperi che venivano fatti e che hanno costretto noi studenti a rimanere a casa per ben sei mesi e, di conseguenza, l\u2019anno scolastico fu dichiarato \u201cbianco\u201d.<\/em> <em>Dopo la chiusura del seminario, sono entrato in collegio, nella scuola dei frati canadesi dove ho studiato fino al 2001. Durante quest\u2019anno mi sono trasferito ed ho proseguito gli studi dai frati del Sacro Cuore \u2013 sempre affianco ai religiosi \u2013 per poi, ritrasferirmi ed iniziare gli studi in seminario: nel 2002 ho frequentato l\u2019anno propedeutico, molto intensivo, di preparazione: si tratta di un anno necessario, utile a mettere alla prova la vocazione e la spiritualit\u00e0.<\/em><\/p>\n<p><em>Terminato questo percorso ho fatto il mio ingresso nel Seminario Maggiore dove ho studiato, per la durata di tre anni, filosofia ed ho conseguito il certificato C.1.<\/em> <em>Dopo il conseguimento di questo titolo ho intrapreso il tirocinio canonico, di durata annuale, in una parrocchia: anche questa esperienza formativa si configura come una messa alla prova della propria vocazione; durante il tirocinio in parrocchia ho predicato nei villaggi, ho fatto la catechesi e, dopo questa esperienza, ho ripresentato la domanda per rientrare in seminario ed intraprendere gli studi in teologia che hanno avuto la durata complessiva di quattro anni: in Togo, per intraprendere questo percorso dopo la maturit\u00e0, si impiegano ben nove anni, e sei mesi per diventare sacerdote.<\/em> <em>Gli anni sono tanti ma anche gli esami ufficiali sono difficili e si svolgono con cadenza annuale: se non si superano e, quindi, si viene bocciati si \u00e8 costretti a perdere un intero anno.<\/em><\/p>\n<p><strong>Quali sono le ragioni che l\u2019hanno portata a Cassano?<\/strong><\/p>\n<p><em>Le ragioni sono molteplici. Dopo essere stato ordinato sacerdote, ho trascorso due anni in parrocchia dove sono stato docente di francese nella nostra scuola secondaria e viceparroco; qui, il mio Vescovo del Togo mi ha chiamato a seguito della raccomandazione del Consiglio del seminario che \u2013 dopo aver osservato il mio operato durante l\u2019anno propedeutico, quando ho esercitato la professione di infermiere \u2013 ha deciso di mandarmi a studiare infermieristica in Italia. La mia formazione, durante gli anni di seminario, la devo ad una persona che mi coinvolgeva e che mi ha insegnato tantissime cose, tra le quali, ad esempio, fare flebo, medicazioni, affiancare gli ammalati e tanto altro ancora. Per questa ragione, in seminario, mi hanno scelto come infermiere per dirigere, dapprima la farmacia e, successivamente, l\u2019ambulatorio sino a diventare capo infermiere; durante il tempo trascorso in questa struttura ho cercato di migliorare la salute dei confratelli, anche attraverso le vaccinazioni: dapprima, ci recavamo a fare i vaccini nelle strutture ma, di l\u00ec a poco, ci siamo accorti che i vaccini erano scaduti o venivano conservati a temperature e con modalit\u00e0 sbagliate e, per questa ragione, abbiamo \u2013 di comune accordo con gli altri docenti \u2013 deciso di non recarci pi\u00f9 in questa tipologia di strutture ma di andare \u2013 assieme ai confratelli che erano circa centosessanta persone \u2013 all\u2019Istituto Pastore dove ordinavamo i vaccini e, poi, li somministravamo: abbiamo creato, nella casa, una commissione di igiene \u2013 formata da una equipe di sedici seminaristi \u2013 ed applicavamo, in modo rigoroso, i protocolli igenico-sanitari previsti per questo lavoro. Dopo aver richiesto un locale, che mi \u00e8 stato concesso, sono riuscito a realizzare una sala adibita al ricovero: qui mi sono occupato anche della cura dei docenti, venivo coperto anche dai colleghi medici e, con loro, facevamo consultazione e prescrivevamo medicine. Ci siamo occupati, in equipe, anche della formazione permanente: essa consisteva nel fare ricerche su determinate patologie.<\/em><\/p>\n<p><em>Durante i turni, ciascuno dei quali era coperto da quattro professionisti, io mi impegnavo anche nello studio che continuava sino all\u2019orario successivo la cena; tutte le volte che passava il rettore mi osservava e, in una sua relazione al Consiglio, ha dichiarato che aveva notato la mia bravura nel prendermi cura di tutti, anche dei docenti \u2013 che si fidavano di me \u2013 e, per questo, hanno chiesto al mio Vescovo di mandarmi qui in Italia per studiare scienze infermieristiche, cos\u00ec come egli stesso mi ha confidato a seguito dei due anni trascorsi in parrocchia.<\/em><\/p>\n<p><strong>Lei svolge la professione di infermiere presso l\u2019Ospedale ecclesiastico Miulli.<\/strong> <strong>Questa scelta professionale \u00e8 legata al suo cammino nella fede?<\/strong><\/p>\n<p><em>Il mio Vescovo riteneva che, come infermiere, sarei stato una risorsa per il prossimo e, il 16 ottobre 2014 mi ha mandato qui in Italia per studiare infermieristica. Poich\u00e9 i concorsi si fanno a settembre e quando sono arrivato non avevo un buon bagaglio di lingua italiana, ho dedicato un anno allo studio della lingua; in questo periodo sono stato accolto dai Silenziosi Operai della Croce, presenti a Roma in via Monte del Gallo e in un\u2019altra casa situata a via dei Bresciani.<\/em><\/p>\n<p><em>Tuttavia, non sono rimasto a Roma sin da subito: inizialmente ero a Moncrivello, arcidiocesi di Vercelli, dove vi \u00e8 il seminario Trompone e dove vi \u00e8 una Universit\u00e0 di fisioterapia dove mi recavo come auditore libero; da autodidatta ho imparato l\u2019italiano e, andando a Torino, ho acquistato il mio primo dizionario della lingua italiana, molto piccolo, ed imparavo a memoria le parole in quanto questa lingua mi piaceva. Dopo un mese ho iniziato a celebrare le messe e ad ascoltare le confessioni. Dopo questo anno, nel 2015, mi sono iscritto alla facolt\u00e0 di teologia della pastorale sanitaria a Roma, dai camilliani, della Pontificia Universit\u00e0 Lateranense.<\/em><\/p>\n<p><em>Durante il mio primo anno a Roma, un gioved\u00ec sera, avevo pregato con fede il Signore Ges\u00f9 chiedendo: \u201cSignore, dammi una parrocchia dove posso andare per celebrare la Pasqua\u201d e, proprio il giorno dopo, ho ricevuto la risposta alla mia preghiera, con l\u2019arrivo, durante la mattinata del venerd\u00ec, di un sacerdote di Acquaviva delle Fonti giunto nella Capitale per studiare la pastorale sanitaria al fine di conseguire alcuni crediti. Quella mattina incontrai questo sacerdote che desiderava iscriversi all\u2019Universit\u00e0 e gli ho subito comunicato che ero il capoclasse del primo anno accademico e mi sono messo a sua disposizione fornendogli degli appunti e tutto l\u2019aiuto di cui necessitava. Quando ho saputo che era della provincia di Bari gli ho parlato di mio cugino \u2013 che \u00e8 in diocesi a Molfetta ed \u00e8 stato viceparroco della Cattedrale San Sabino di Bari ed ho subito scoperto che entrambi sono legati da un rapporto di amicizia nato durante il percorso di studi che ha accomunato entrambi. Quella mattina, ricevetti la risposta alla richiesta fatta al Signore il giorno prima: il sacerdote mi ha invitato ad Acquaviva delle Fonti per la celebrazione Pasquale. Durante le vacanze di Pasqua ho fatto il biglietto e sono partito.<\/em><\/p>\n<p><em>In quei giorni Don Francesco Gramegna era assente e, per questa ragione, il sacerdote di Acquaviva mi aveva mandato qui, a Cassano, a sostituirlo: questa \u00e8 stata la risposta alla mia preghiera. Quando sono arrivato, la comunit\u00e0 era contenta delle mie prediche e, una sera, Don Francesco ci ha invitati a prendere una pizza e, durante la cena, il sacerdote ha riferito le intenzioni e le volont\u00e0 del Vescovo che mi aveva mandato qui per studiare infermieristica; don Francesco mi ha da subito accolto, permettendomi di stare presso di lui per realizzare i miei progetti ed i miei sogni.<\/em><\/p>\n<p><em>Dopo la discussione della Tesi avvenuta il 26 ottobre 2017, sono tornato a Cassano e, dopo aver fatto il concorso per l\u2019ammissione ad infermieristica, sono stato trasferito come studente a Tricase, nella comunit\u00e0 delle suore Marcelline.<\/em> <em>Il Vescovo della Diocesi di Bari, Mons. Cacucci, mi aveva affidato a Mons. Vito Angiuli, Vescovo della Diocesi di Ugento, e sono stato accolto da Don Flavio Ferraro nella Parrocchia della Nativit\u00e0 della Beata Vergine Maria (Tricase).<\/em><\/p>\n<p><em>Il 25 novembre 2021 ho conseguito la mia laurea e, siccome la convenzione con la Diocesi di Bari non era ancora scaduta, sono tornato a Cassano delle Murge dove ho la mia residenza ed ho continuato a mettere a frutto quello che ho studiato e, quindi, ho chiesto all\u2019Arcivescovo di Bari \u2013 Mons. Giuseppe Satriano \u2013 di fare questo, affidandomi a Mons. Ricchiuti di Acquaviva delle Fonti ed ha parlato anche con il direttore dell\u2019Ospedale Miulli, Don Mimmo Laddaga, che mi ha accolto dandomi la possibilit\u00e0 di fare questa esperienza presso il pronto soccorso del centro ospedaliero nel quale esercito dal 2022 e nel quale vi rimarr\u00f2 sino al prossimo 30 settembre.<\/em><\/p>\n<p><em>Essendo viceparroco, Don Francesco mi ha affidato anche la pastorale degli ammalati e degli anziani: ogni gioved\u00ec, infatti, mi reco presso il centro San Martino dove celebro messa; il venerd\u00ec, invece, mi sposto a Santa Maria Assunta, a Borgo Fra Diavolo.<\/em><\/p>\n<p><em>Durante il mio percorso ho accompagnato anche i gruppi, tra i quali vi \u00e8 la famiglia del Sacro Cuore ed il gruppo del Centro Volontario della Sofferenza (quest\u2019ultimo ha avuto origine dalla comunit\u00e0 dei Silenziosi Operai della Croce il cui fondatore \u00e8 il Beato Luigi Novarese).<\/em> <em>In Parrocchia, ogni domenica accompagnavo \u2013 attraverso la celebrazione della Parola \u2013 i ragazzi della terza elementare che dovevano iniziare la catechesi; ci\u00f2 era utile a prepararli, assieme ai loro genitori, al percorso che avrebbero intrapreso di l\u00ec a qualche settimana dopo.<\/em> <em>Qui in Parrocchia mi sono dedicato tantissimo all\u2019ascolto delle persone in difficolt\u00e0, cercando \u2013 nel mio piccolo \u2013 di dar loro una mano.<\/em><\/p>\n<p><strong><em>Per quale ragione ha scelto il Pronto Soccorso?<\/em><\/strong><\/p>\n<p><em>Il pronto soccorso risponde alle mie aspirazioni poich\u00e9, qui, si incontrano pazienti di ogni genere. Il pronto soccorso \u00e8 il cuore di tutto: \u00e8 esattamente da l\u00ec che parte la cura per il paziente, ancor prima del ricovero. Esso \u00e8 un vero e proprio compendium dell\u2019ospedale.<\/em><\/p>\n<p><strong>Come proseguir\u00e0 la sua vita quando lascer\u00e0 Cassano delle Murge?<\/strong><\/p>\n<p><em>Io son venuto qui per studiare infermieristica cos\u00ec da poter tornare nella mia Diocesi, in Togo, a servire. Il mio Vescovo, deceduto da poco, mi aveva mandato proprio perch\u00e9 abbiamo un centro per gli ammalati, i bambini, gli ammalati mentali, le donne in gravidanza e per tutti coloro che ne necessitano.<\/em> <em>Nel villaggio di Yoro-Kpdji abbiamo in progetto di costruire un ospedale capace di accogliere tutte le persone in difficolt\u00e0: tra i progetti del Vescovo\u00a0 c\u2019\u00e8 quello che io vada a dirigere questo poliambulatorio che nascer\u00e0 su questo terreno, grazie anche al contributo della Caritas diocesana.<\/em> <em>Questo territorio necessita di questa struttura sanitaria perch\u00e9 alcuni, tra coloro che abitano in questo villaggio, hanno la propensione alla violenza e, per questo motivo, il loro trasporto in un ospedale distante risulta essere difficoltoso. Una struttura permetter\u00e0 di poter curare con pi\u00f9 facilit\u00e0 coloro che ne avranno necessit\u00e0. Molte sono \u2013 ad esempio \u2013 le donne in gravidanza che, per poter partorire in sicurezza, devono fare molti chilometri in moto per raggiungere la struttura sanitaria pi\u00f9 vicina.<\/em><\/p>\n<p><strong>Come si \u00e8 sentito accolto dalla comunit\u00e0 di Cassano delle Murge?<\/strong><\/p>\n<p><em>Cassano \u00e8 la mia seconda casa.<\/em> <em>La comunit\u00e0 di Cassano \u00e8 una comunit\u00e0 accogliente: molti sono gli immigrati di diversa provenienza, come nigeriani e senegalesi, presenti a Cassano delle Murge e la comunit\u00e0 si dimostra compatta ed accogliente.<\/em> <em>Vorrei che i cassanesi siano orgogliosi della loro citt\u00e0 e i loro figli siano, mediante l\u2019educazione ricevuta, rispettosi di questa citt\u00e0: dove vi \u00e8 una buona educazione, vi \u00e8 la pace e le cose vanno bene; la delinquenza, invece, distrugge il bene.<\/em> <em>Io mi sento di ringraziare molto questa comunit\u00e0 e le dir\u00f2 sempre che la mia casa \u00e8 aperta per chiunque voglia conoscere la nostra comunit\u00e0 di Togo; per Cassano sono diventato una persona di riferimento e se qualcuno avrebbe il desiderio di venire da me, basta che parli con il parroco.<\/em> <em>E\u2019 necessario, di questi tempi, l\u2019integrazione e l\u2019incontro di culture.<\/em> <em>A Cassano verr\u00f2 ogni anno.<\/em><\/p>\n<p><em>Il mio ringraziamento va al Vescovo della Diocesi di Bari, Mons. Francesco Cacucci, che mi ha accolto, all\u2019arcivescovo Giuseppe Satriano e alla diocesi; vorrei fare il mio ringraziamento a Don Francesco Gramegna che mi ha accolto come un fratello ed ai preti del vicariato.<\/em> <em>Vorrei ringraziare tutta la comunit\u00e0 che \u00e8 stata accogliente e mi ha donato un sorriso;<\/em> <em>vorrei anche ringraziare le autorit\u00e0, partendo dal Sindaco Davide Del Re, la Polizia Locale, il suo Comandante e tutte le strutture di Cassano.<\/em> <em>Attraverso  voi de La Voce del Paese, saluto tutti ed auguro a ciascuno un buon cammino, ricordando che \u00e8 importante camminare insieme, in unione, per poter realizzare delle cose buone.<\/em>  <em>Un ringraziamento va alla comunit\u00e0 parrocchiale di Cassano, dal parroco Don Francesco a tutti coloro che collaborano in quest\u2019ambito.<\/em> <em>Ringrazio la redazione del giornale La Voce del Paese per questa intervista e benedico tutto il paese di Cassano delle Murge per il quale pregher\u00f2.<\/em><\/p>\n<p><strong><em>Domenica 29 settembre don Callisto celebrer\u00e0 la Messa delle 19.30 in Chiesa Madre e sar\u00e0 l\u2019occasione per tutti di salutarlo e accompagnarlo nella preghiera.<\/em><\/strong><\/p>\n<p><a class=\"a2a_button_facebook\" href=\"https:\/\/www.addtoany.com\/add_to\/facebook?linkurl=https%3A%2F%2Fcassano.lavocedelpaese.info%2Fcassano-saluta-don-callisto-qui-da-voi-mi-sento-a-casa%2F&amp;linkname=Cassano%20saluta%20don%20Callisto%3A%20%E2%80%9Cqui%20da%20voi%20mi%20sento%20a%20casa%E2%80%9D\" title=\"Facebook\" target=\"_blank\" rel=\"noopener\"><\/a><a class=\"a2a_button_twitter\" href=\"https:\/\/www.addtoany.com\/add_to\/twitter?linkurl=https%3A%2F%2Fcassano.lavocedelpaese.info%2Fcassano-saluta-don-callisto-qui-da-voi-mi-sento-a-casa%2F&amp;linkname=Cassano%20saluta%20don%20Callisto%3A%20%E2%80%9Cqui%20da%20voi%20mi%20sento%20a%20casa%E2%80%9D\" title=\"Twitter\" target=\"_blank\" rel=\"noopener\"><\/a><a class=\"a2a_button_whatsapp\" href=\"https:\/\/www.addtoany.com\/add_to\/whatsapp?linkurl=https%3A%2F%2Fcassano.lavocedelpaese.info%2Fcassano-saluta-don-callisto-qui-da-voi-mi-sento-a-casa%2F&amp;linkname=Cassano%20saluta%20don%20Callisto%3A%20%E2%80%9Cqui%20da%20voi%20mi%20sento%20a%20casa%E2%80%9D\" title=\"WhatsApp\" target=\"_blank\" rel=\"noopener\"><\/a><a class=\"a2a_button_telegram\" href=\"https:\/\/www.addtoany.com\/add_to\/telegram?linkurl=https%3A%2F%2Fcassano.lavocedelpaese.info%2Fcassano-saluta-don-callisto-qui-da-voi-mi-sento-a-casa%2F&amp;linkname=Cassano%20saluta%20don%20Callisto%3A%20%E2%80%9Cqui%20da%20voi%20mi%20sento%20a%20casa%E2%80%9D\" title=\"Telegram\" target=\"_blank\" rel=\"noopener\"><\/a><a class=\"a2a_button_email\" href=\"https:\/\/www.addtoany.com\/add_to\/email?linkurl=https%3A%2F%2Fcassano.lavocedelpaese.info%2Fcassano-saluta-don-callisto-qui-da-voi-mi-sento-a-casa%2F&amp;linkname=Cassano%20saluta%20don%20Callisto%3A%20%E2%80%9Cqui%20da%20voi%20mi%20sento%20a%20casa%E2%80%9D\" title=\"Email\" target=\"_blank\" rel=\"noopener\"><\/a><\/p>\n<p>\u00a0<\/p>\n<p>\u00a0<\/p>\n<p>\u200b\u00a0\u00a0\u00a0<\/p>","protected":false},"excerpt":{"rendered":"<p>\u00a0 \u200b\u00a0 \u200b\u00a0 Di grande valore spirituale e umano \u00e8 il vicario della parrocchia Santa Maria Assunta, Don Callisto il<\/p>\n","protected":false},"author":0,"featured_media":8004,"comment_status":"open","ping_status":"closed","sticky":false,"template":"","format":"standard","meta":{"colormag_page_container_layout":"default_layout","colormag_page_sidebar_layout":"default_layout","footnotes":""},"categories":[33],"tags":[],"class_list":["post-8003","post","type-post","status-publish","format-standard","has-post-thumbnail","hentry","category-network"],"yoast_head":"<!-- This site is optimized with the Yoast SEO plugin v27.5 - https:\/\/yoast.com\/product\/yoast-seo-wordpress\/ -->\n<title>Cassano saluta don Callisto: \u201cqui da voi mi sento a casa\u201d\u00a0\u200b - La Voce del Paese<\/title>\n<meta name=\"robots\" content=\"index, follow, max-snippet:-1, max-image-preview:large, max-video-preview:-1\" \/>\n<link rel=\"canonical\" href=\"https:\/\/lavocedelpaese.info\/index.php\/2024\/09\/28\/cassano-saluta-don-callisto-qui-da-voi-mi-sento-a-casa\/\" \/>\n<meta property=\"og:locale\" content=\"it_IT\" \/>\n<meta property=\"og:type\" content=\"article\" \/>\n<meta property=\"og:title\" content=\"Cassano saluta don Callisto: \u201cqui da voi mi sento a casa\u201d\u00a0\u200b - La Voce del Paese\" \/>\n<meta property=\"og:description\" content=\"\u00a0 \u200b\u00a0 \u200b\u00a0 Di grande valore spirituale e umano \u00e8 il vicario della parrocchia Santa Maria Assunta, Don Callisto il\" \/>\n<meta property=\"og:url\" content=\"https:\/\/lavocedelpaese.info\/index.php\/2024\/09\/28\/cassano-saluta-don-callisto-qui-da-voi-mi-sento-a-casa\/\" \/>\n<meta property=\"og:site_name\" content=\"La Voce del Paese\" \/>\n<meta property=\"article:publisher\" content=\"https:\/\/www.facebook.com\/lavocedelpaese.info\" \/>\n<meta property=\"article:published_time\" content=\"2024-09-28T17:15:24+00:00\" \/>\n<meta name=\"twitter:card\" content=\"summary_large_image\" \/>\n<meta name=\"twitter:label1\" content=\"Tempo di lettura stimato\" \/>\n\t<meta name=\"twitter:data1\" content=\"12 minuti\" \/>\n<script type=\"application\/ld+json\" class=\"yoast-schema-graph\">{\"@context\":\"https:\\\/\\\/schema.org\",\"@graph\":[{\"@type\":\"Article\",\"@id\":\"https:\\\/\\\/lavocedelpaese.info\\\/index.php\\\/2024\\\/09\\\/28\\\/cassano-saluta-don-callisto-qui-da-voi-mi-sento-a-casa\\\/#article\",\"isPartOf\":{\"@id\":\"https:\\\/\\\/lavocedelpaese.info\\\/index.php\\\/2024\\\/09\\\/28\\\/cassano-saluta-don-callisto-qui-da-voi-mi-sento-a-casa\\\/\"},\"author\":{\"name\":\"\",\"@id\":\"\"},\"headline\":\"Cassano saluta don Callisto: \u201cqui da voi mi sento a casa\u201d\u00a0\u200b\",\"datePublished\":\"2024-09-28T17:15:24+00:00\",\"mainEntityOfPage\":{\"@id\":\"https:\\\/\\\/lavocedelpaese.info\\\/index.php\\\/2024\\\/09\\\/28\\\/cassano-saluta-don-callisto-qui-da-voi-mi-sento-a-casa\\\/\"},\"wordCount\":2465,\"commentCount\":0,\"publisher\":{\"@id\":\"https:\\\/\\\/lavocedelpaese.info\\\/#organization\"},\"image\":{\"@id\":\"https:\\\/\\\/lavocedelpaese.info\\\/index.php\\\/2024\\\/09\\\/28\\\/cassano-saluta-don-callisto-qui-da-voi-mi-sento-a-casa\\\/#primaryimage\"},\"thumbnailUrl\":\"https:\\\/\\\/lavocedelpaese.info\\\/wp-content\\\/uploads\\\/2024\\\/09\\\/WhatsApp-Image-2024-09-12-at-13.15.33-461x1024-ujw8BU.jpeg\",\"articleSection\":[\"network\"],\"inLanguage\":\"it-IT\",\"potentialAction\":[{\"@type\":\"CommentAction\",\"name\":\"Comment\",\"target\":[\"https:\\\/\\\/lavocedelpaese.info\\\/index.php\\\/2024\\\/09\\\/28\\\/cassano-saluta-don-callisto-qui-da-voi-mi-sento-a-casa\\\/#respond\"]}]},{\"@type\":\"WebPage\",\"@id\":\"https:\\\/\\\/lavocedelpaese.info\\\/index.php\\\/2024\\\/09\\\/28\\\/cassano-saluta-don-callisto-qui-da-voi-mi-sento-a-casa\\\/\",\"url\":\"https:\\\/\\\/lavocedelpaese.info\\\/index.php\\\/2024\\\/09\\\/28\\\/cassano-saluta-don-callisto-qui-da-voi-mi-sento-a-casa\\\/\",\"name\":\"Cassano saluta don Callisto: \u201cqui da voi mi sento a casa\u201d\u00a0\u200b - La Voce del Paese\",\"isPartOf\":{\"@id\":\"https:\\\/\\\/lavocedelpaese.info\\\/#website\"},\"primaryImageOfPage\":{\"@id\":\"https:\\\/\\\/lavocedelpaese.info\\\/index.php\\\/2024\\\/09\\\/28\\\/cassano-saluta-don-callisto-qui-da-voi-mi-sento-a-casa\\\/#primaryimage\"},\"image\":{\"@id\":\"https:\\\/\\\/lavocedelpaese.info\\\/index.php\\\/2024\\\/09\\\/28\\\/cassano-saluta-don-callisto-qui-da-voi-mi-sento-a-casa\\\/#primaryimage\"},\"thumbnailUrl\":\"https:\\\/\\\/lavocedelpaese.info\\\/wp-content\\\/uploads\\\/2024\\\/09\\\/WhatsApp-Image-2024-09-12-at-13.15.33-461x1024-ujw8BU.jpeg\",\"datePublished\":\"2024-09-28T17:15:24+00:00\",\"breadcrumb\":{\"@id\":\"https:\\\/\\\/lavocedelpaese.info\\\/index.php\\\/2024\\\/09\\\/28\\\/cassano-saluta-don-callisto-qui-da-voi-mi-sento-a-casa\\\/#breadcrumb\"},\"inLanguage\":\"it-IT\",\"potentialAction\":[{\"@type\":\"ReadAction\",\"target\":[\"https:\\\/\\\/lavocedelpaese.info\\\/index.php\\\/2024\\\/09\\\/28\\\/cassano-saluta-don-callisto-qui-da-voi-mi-sento-a-casa\\\/\"]}]},{\"@type\":\"ImageObject\",\"inLanguage\":\"it-IT\",\"@id\":\"https:\\\/\\\/lavocedelpaese.info\\\/index.php\\\/2024\\\/09\\\/28\\\/cassano-saluta-don-callisto-qui-da-voi-mi-sento-a-casa\\\/#primaryimage\",\"url\":\"https:\\\/\\\/lavocedelpaese.info\\\/wp-content\\\/uploads\\\/2024\\\/09\\\/WhatsApp-Image-2024-09-12-at-13.15.33-461x1024-ujw8BU.jpeg\",\"contentUrl\":\"https:\\\/\\\/lavocedelpaese.info\\\/wp-content\\\/uploads\\\/2024\\\/09\\\/WhatsApp-Image-2024-09-12-at-13.15.33-461x1024-ujw8BU.jpeg\",\"width\":360,\"height\":800},{\"@type\":\"BreadcrumbList\",\"@id\":\"https:\\\/\\\/lavocedelpaese.info\\\/index.php\\\/2024\\\/09\\\/28\\\/cassano-saluta-don-callisto-qui-da-voi-mi-sento-a-casa\\\/#breadcrumb\",\"itemListElement\":[{\"@type\":\"ListItem\",\"position\":1,\"name\":\"Home\",\"item\":\"https:\\\/\\\/lavocedelpaese.info\\\/\"},{\"@type\":\"ListItem\",\"position\":2,\"name\":\"Cassano saluta don Callisto: \u201cqui da voi mi sento a casa\u201d\u00a0\u200b\"}]},{\"@type\":\"WebSite\",\"@id\":\"https:\\\/\\\/lavocedelpaese.info\\\/#website\",\"url\":\"https:\\\/\\\/lavocedelpaese.info\\\/\",\"name\":\"La Voce del Paese\",\"description\":\"Un network di idee\",\"publisher\":{\"@id\":\"https:\\\/\\\/lavocedelpaese.info\\\/#organization\"},\"potentialAction\":[{\"@type\":\"SearchAction\",\"target\":{\"@type\":\"EntryPoint\",\"urlTemplate\":\"https:\\\/\\\/lavocedelpaese.info\\\/?s={search_term_string}\"},\"query-input\":{\"@type\":\"PropertyValueSpecification\",\"valueRequired\":true,\"valueName\":\"search_term_string\"}}],\"inLanguage\":\"it-IT\"},{\"@type\":\"Organization\",\"@id\":\"https:\\\/\\\/lavocedelpaese.info\\\/#organization\",\"name\":\"La Voce del Paese\",\"url\":\"https:\\\/\\\/lavocedelpaese.info\\\/\",\"logo\":{\"@type\":\"ImageObject\",\"inLanguage\":\"it-IT\",\"@id\":\"https:\\\/\\\/lavocedelpaese.info\\\/#\\\/schema\\\/logo\\\/image\\\/\",\"url\":\"https:\\\/\\\/lavocedelpaese.info\\\/wp-content\\\/uploads\\\/2023\\\/01\\\/cropped-logo-150-127.png\",\"contentUrl\":\"https:\\\/\\\/lavocedelpaese.info\\\/wp-content\\\/uploads\\\/2023\\\/01\\\/cropped-logo-150-127.png\",\"width\":137,\"height\":119,\"caption\":\"La Voce del Paese\"},\"image\":{\"@id\":\"https:\\\/\\\/lavocedelpaese.info\\\/#\\\/schema\\\/logo\\\/image\\\/\"},\"sameAs\":[\"https:\\\/\\\/www.facebook.com\\\/lavocedelpaese.info\"]}]}<\/script>\n<!-- \/ Yoast SEO plugin. -->","yoast_head_json":{"title":"Cassano saluta don Callisto: \u201cqui da voi mi sento a casa\u201d\u00a0\u200b - La Voce del Paese","robots":{"index":"index","follow":"follow","max-snippet":"max-snippet:-1","max-image-preview":"max-image-preview:large","max-video-preview":"max-video-preview:-1"},"canonical":"https:\/\/lavocedelpaese.info\/index.php\/2024\/09\/28\/cassano-saluta-don-callisto-qui-da-voi-mi-sento-a-casa\/","og_locale":"it_IT","og_type":"article","og_title":"Cassano saluta don Callisto: \u201cqui da voi mi sento a casa\u201d\u00a0\u200b - La Voce del Paese","og_description":"\u00a0 \u200b\u00a0 \u200b\u00a0 Di grande valore spirituale e umano \u00e8 il vicario della parrocchia Santa Maria Assunta, Don Callisto il","og_url":"https:\/\/lavocedelpaese.info\/index.php\/2024\/09\/28\/cassano-saluta-don-callisto-qui-da-voi-mi-sento-a-casa\/","og_site_name":"La Voce del Paese","article_publisher":"https:\/\/www.facebook.com\/lavocedelpaese.info","article_published_time":"2024-09-28T17:15:24+00:00","twitter_card":"summary_large_image","twitter_misc":{"Tempo di lettura stimato":"12 minuti"},"schema":{"@context":"https:\/\/schema.org","@graph":[{"@type":"Article","@id":"https:\/\/lavocedelpaese.info\/index.php\/2024\/09\/28\/cassano-saluta-don-callisto-qui-da-voi-mi-sento-a-casa\/#article","isPartOf":{"@id":"https:\/\/lavocedelpaese.info\/index.php\/2024\/09\/28\/cassano-saluta-don-callisto-qui-da-voi-mi-sento-a-casa\/"},"author":{"name":"","@id":""},"headline":"Cassano saluta don Callisto: \u201cqui da voi mi sento a casa\u201d\u00a0\u200b","datePublished":"2024-09-28T17:15:24+00:00","mainEntityOfPage":{"@id":"https:\/\/lavocedelpaese.info\/index.php\/2024\/09\/28\/cassano-saluta-don-callisto-qui-da-voi-mi-sento-a-casa\/"},"wordCount":2465,"commentCount":0,"publisher":{"@id":"https:\/\/lavocedelpaese.info\/#organization"},"image":{"@id":"https:\/\/lavocedelpaese.info\/index.php\/2024\/09\/28\/cassano-saluta-don-callisto-qui-da-voi-mi-sento-a-casa\/#primaryimage"},"thumbnailUrl":"https:\/\/lavocedelpaese.info\/wp-content\/uploads\/2024\/09\/WhatsApp-Image-2024-09-12-at-13.15.33-461x1024-ujw8BU.jpeg","articleSection":["network"],"inLanguage":"it-IT","potentialAction":[{"@type":"CommentAction","name":"Comment","target":["https:\/\/lavocedelpaese.info\/index.php\/2024\/09\/28\/cassano-saluta-don-callisto-qui-da-voi-mi-sento-a-casa\/#respond"]}]},{"@type":"WebPage","@id":"https:\/\/lavocedelpaese.info\/index.php\/2024\/09\/28\/cassano-saluta-don-callisto-qui-da-voi-mi-sento-a-casa\/","url":"https:\/\/lavocedelpaese.info\/index.php\/2024\/09\/28\/cassano-saluta-don-callisto-qui-da-voi-mi-sento-a-casa\/","name":"Cassano saluta don Callisto: \u201cqui da voi mi sento a casa\u201d\u00a0\u200b - La Voce del Paese","isPartOf":{"@id":"https:\/\/lavocedelpaese.info\/#website"},"primaryImageOfPage":{"@id":"https:\/\/lavocedelpaese.info\/index.php\/2024\/09\/28\/cassano-saluta-don-callisto-qui-da-voi-mi-sento-a-casa\/#primaryimage"},"image":{"@id":"https:\/\/lavocedelpaese.info\/index.php\/2024\/09\/28\/cassano-saluta-don-callisto-qui-da-voi-mi-sento-a-casa\/#primaryimage"},"thumbnailUrl":"https:\/\/lavocedelpaese.info\/wp-content\/uploads\/2024\/09\/WhatsApp-Image-2024-09-12-at-13.15.33-461x1024-ujw8BU.jpeg","datePublished":"2024-09-28T17:15:24+00:00","breadcrumb":{"@id":"https:\/\/lavocedelpaese.info\/index.php\/2024\/09\/28\/cassano-saluta-don-callisto-qui-da-voi-mi-sento-a-casa\/#breadcrumb"},"inLanguage":"it-IT","potentialAction":[{"@type":"ReadAction","target":["https:\/\/lavocedelpaese.info\/index.php\/2024\/09\/28\/cassano-saluta-don-callisto-qui-da-voi-mi-sento-a-casa\/"]}]},{"@type":"ImageObject","inLanguage":"it-IT","@id":"https:\/\/lavocedelpaese.info\/index.php\/2024\/09\/28\/cassano-saluta-don-callisto-qui-da-voi-mi-sento-a-casa\/#primaryimage","url":"https:\/\/lavocedelpaese.info\/wp-content\/uploads\/2024\/09\/WhatsApp-Image-2024-09-12-at-13.15.33-461x1024-ujw8BU.jpeg","contentUrl":"https:\/\/lavocedelpaese.info\/wp-content\/uploads\/2024\/09\/WhatsApp-Image-2024-09-12-at-13.15.33-461x1024-ujw8BU.jpeg","width":360,"height":800},{"@type":"BreadcrumbList","@id":"https:\/\/lavocedelpaese.info\/index.php\/2024\/09\/28\/cassano-saluta-don-callisto-qui-da-voi-mi-sento-a-casa\/#breadcrumb","itemListElement":[{"@type":"ListItem","position":1,"name":"Home","item":"https:\/\/lavocedelpaese.info\/"},{"@type":"ListItem","position":2,"name":"Cassano saluta don Callisto: \u201cqui da voi mi sento a casa\u201d\u00a0\u200b"}]},{"@type":"WebSite","@id":"https:\/\/lavocedelpaese.info\/#website","url":"https:\/\/lavocedelpaese.info\/","name":"La Voce del Paese","description":"Un network di idee","publisher":{"@id":"https:\/\/lavocedelpaese.info\/#organization"},"potentialAction":[{"@type":"SearchAction","target":{"@type":"EntryPoint","urlTemplate":"https:\/\/lavocedelpaese.info\/?s={search_term_string}"},"query-input":{"@type":"PropertyValueSpecification","valueRequired":true,"valueName":"search_term_string"}}],"inLanguage":"it-IT"},{"@type":"Organization","@id":"https:\/\/lavocedelpaese.info\/#organization","name":"La Voce del Paese","url":"https:\/\/lavocedelpaese.info\/","logo":{"@type":"ImageObject","inLanguage":"it-IT","@id":"https:\/\/lavocedelpaese.info\/#\/schema\/logo\/image\/","url":"https:\/\/lavocedelpaese.info\/wp-content\/uploads\/2023\/01\/cropped-logo-150-127.png","contentUrl":"https:\/\/lavocedelpaese.info\/wp-content\/uploads\/2023\/01\/cropped-logo-150-127.png","width":137,"height":119,"caption":"La Voce del Paese"},"image":{"@id":"https:\/\/lavocedelpaese.info\/#\/schema\/logo\/image\/"},"sameAs":["https:\/\/www.facebook.com\/lavocedelpaese.info"]}]}},"_links":{"self":[{"href":"https:\/\/lavocedelpaese.info\/index.php\/wp-json\/wp\/v2\/posts\/8003","targetHints":{"allow":["GET"]}}],"collection":[{"href":"https:\/\/lavocedelpaese.info\/index.php\/wp-json\/wp\/v2\/posts"}],"about":[{"href":"https:\/\/lavocedelpaese.info\/index.php\/wp-json\/wp\/v2\/types\/post"}],"replies":[{"embeddable":true,"href":"https:\/\/lavocedelpaese.info\/index.php\/wp-json\/wp\/v2\/comments?post=8003"}],"version-history":[{"count":0,"href":"https:\/\/lavocedelpaese.info\/index.php\/wp-json\/wp\/v2\/posts\/8003\/revisions"}],"wp:featuredmedia":[{"embeddable":true,"href":"https:\/\/lavocedelpaese.info\/index.php\/wp-json\/wp\/v2\/media\/8004"}],"wp:attachment":[{"href":"https:\/\/lavocedelpaese.info\/index.php\/wp-json\/wp\/v2\/media?parent=8003"}],"wp:term":[{"taxonomy":"category","embeddable":true,"href":"https:\/\/lavocedelpaese.info\/index.php\/wp-json\/wp\/v2\/categories?post=8003"},{"taxonomy":"post_tag","embeddable":true,"href":"https:\/\/lavocedelpaese.info\/index.php\/wp-json\/wp\/v2\/tags?post=8003"}],"curies":[{"name":"wp","href":"https:\/\/api.w.org\/{rel}","templated":true}]}}