{"id":7963,"date":"2024-09-23T10:54:51","date_gmt":"2024-09-23T10:54:51","guid":{"rendered":"https:\/\/lavocedelpaese.info\/?p=7963"},"modified":"2024-09-23T10:54:52","modified_gmt":"2024-09-23T10:54:52","slug":"3-proposte-da-filda-per-la-tutela-dei-lavoratori-salario-minimo-settimana-corta-e-maggiore-sicurezza","status":"publish","type":"post","link":"https:\/\/lavocedelpaese.info\/index.php\/2024\/09\/23\/3-proposte-da-filda-per-la-tutela-dei-lavoratori-salario-minimo-settimana-corta-e-maggiore-sicurezza\/","title":{"rendered":"3 proposte da FILDA per la tutela dei lavoratori salario minimo, settimana corta e maggiore sicurezza"},"content":{"rendered":"\n<p>Roma, 23\/09\/2024<\/p>\n\n\n\n<p>La Consulta Nazionale della FILDA (Federazione Italiana Lavoratori Dipendenti Autonomi) ha discusso alcune importanti proposte orientate a migliorare il benessere dei lavoratori. Tra queste, spiccano la <strong>riduzione della settimana lavorativa<\/strong>, l\u2019introduzione o l\u2019<strong>adeguamento del salario minimo <\/strong>e il <strong>rafforzamento delle misure di sicurezza sul lavoro<\/strong>. Questi interventi mirano a garantire condizioni di lavoro pi\u00f9 sostenibili e sicure, con un focus specifico sull\u2019equilibrio tra vita privata e lavorativa dei lavoratori e sulla loro tutela economica e fisica.<\/p>\n\n\n\n<p><strong>Carmine Piccolo<\/strong>, segretario nazionale di FILDA, ha sottolineato come il raggiungimento di questi traguardi importanti e vantaggiosi per tutti sia possibile solo attraverso una collaborazione seria e costruttiva tra lavoratori, aziende, sindacati e istituzioni,&nbsp;<em>per far si che nei luoghi di lavoro ci siano persone felici che con impegno e passione contribuiscano alle attivit\u00e0 ed alla crescita delle aziende. Perci\u00f2 \u00e8 necessario il salario minimo garantito per legge, la settimana corta di 4 giorni lavorativi&nbsp; e&nbsp; massima attenzione alla sicurezza sul lavoro&#8221;&nbsp;&nbsp;<\/em><\/p>\n\n\n\n<h2 class=\"wp-block-heading\">Il salario minimo<\/h2>\n\n\n\n<p>Uno degli obiettivi centrali di FILDA, che rappresenta i lavoratori privati, pubblici e pensionati, \u00e8 l\u2019introduzione di un <strong>salario minimo legale di 9 euro all\u2019ora per tutti i lavoratori<\/strong>. L\u2019istituzione di un salario minimo, infatti, \u00e8 fondamentale per <strong>ridurre le disparit\u00e0 salariali<\/strong> e contrastare le retribuzioni ingiustamente basse, ancora presenti in molti settori. Garantire un salario minimo equo non solo tutela la dignit\u00e0 del lavoratore, ma rappresenta anche un potente strumento di contrasto alle disuguaglianze economiche e sociali tra i lavoratori.<\/p>\n\n\n\n<h2 class=\"wp-block-heading\">La settimana corta<\/h2>\n\n\n\n<p>Un\u2019altra proposta della FILDA \u00e8 quella della <strong>settimana lavorativa di 40 ore suddivise su 4 giorni<\/strong>. Questo modello mira a migliorare l&#8217;equilibrio tra lavoro e vita privata, consentendo ai dipendenti di avere pi\u00f9 tempo libero a disposizione senza ridurre le ore complessive di lavoro. L\u2019idea \u00e8 quella di offrire una maggiore flessibilit\u00e0 e garantire alle persone il giusto spazio per dedicarsi alla famiglia, agli interessi personali e al proprio benessere psicofisico. Se organizzata in modo efficace, la <strong>settimana corta<\/strong> potrebbe trasformare l\u2019ambiente di lavoro, rendendolo pi\u00f9 sereno, collaborativo e sostenibile. Inoltre, i dipendenti con pi\u00f9 tempo libero sono meno stressati e meno inclini a problematiche come il burnout.<\/p>\n\n\n\n<h2 class=\"wp-block-heading\">La sicurezza dei lavoratori<\/h2>\n\n\n\n<p>Un altro obiettivo prioritario di FILDA \u00e8 <strong>la sicurezza dei lavoratori<\/strong>. La proposta della Federazione prevede l\u2019adozione di un programma dettagliato che le aziende devono rispettare, garantendo la conformit\u00e0 alle normative sulla sicurezza. Un elemento chiave \u00e8 la <strong>collaborazione attiva tra le imprese e l\u2019ispettorato del lavoro<\/strong>, al fine di monitorare costantemente le condizioni lavorative e prevenire incidenti o violazioni delle norme perci\u00f2 \u00e8 opportuno l&#8217;Ispezione Preventiva concordata tra aziende e ispettorato per la verifica a monte di tutte le opzioni adottate per la sicurezza.&nbsp;<\/p>\n\n\n\n<p>&nbsp;Per quanto riguarda la <strong>sicurezza dei Grandi cantieri e grandi Aziende<\/strong>, FILDA propone l\u2019introduzione di tecnologie innovative, come l\u2019uso di telecamere e droni, per eseguire Ispezioni Virtuali. Questa soluzione permetterebbe un controllo pi\u00f9 efficiente e capillare dei luoghi di lavoro, riducendo la necessit\u00e0 di ispezioni fisiche e migliorando la tempestivit\u00e0 degli interventi.<\/p>\n\n\n\n<p>Per maggiori informazioni \u00e8 possibile consultare il sito <a href=\"http:\/\/www.filda.it\/\" target=\"_blank\" rel=\"noreferrer noopener\">www.filda.it<\/a><\/p>\n","protected":false},"excerpt":{"rendered":"<p>Roma, 23\/09\/2024 La Consulta Nazionale della FILDA (Federazione Italiana Lavoratori Dipendenti Autonomi) ha discusso alcune importanti proposte orientate a migliorare<\/p>\n","protected":false},"author":6,"featured_media":7964,"comment_status":"open","ping_status":"closed","sticky":false,"template":"","format":"standard","meta":{"colormag_page_container_layout":"default_layout","colormag_page_sidebar_layout":"default_layout","footnotes":""},"categories":[2,1],"tags":[],"class_list":["post-7963","post","type-post","status-publish","format-standard","has-post-thumbnail","hentry","category-attualita","category-uncategorized"],"yoast_head":"<!-- This site is optimized with the Yoast SEO plugin v27.5 - https:\/\/yoast.com\/product\/yoast-seo-wordpress\/ -->\n<title>3 proposte da FILDA per la tutela dei lavoratori salario minimo, settimana corta e maggiore sicurezza - La Voce del Paese<\/title>\n<meta name=\"robots\" content=\"index, follow, max-snippet:-1, max-image-preview:large, max-video-preview:-1\" \/>\n<link rel=\"canonical\" href=\"https:\/\/lavocedelpaese.info\/index.php\/2024\/09\/23\/3-proposte-da-filda-per-la-tutela-dei-lavoratori-salario-minimo-settimana-corta-e-maggiore-sicurezza\/\" \/>\n<meta property=\"og:locale\" content=\"it_IT\" \/>\n<meta property=\"og:type\" content=\"article\" \/>\n<meta property=\"og:title\" content=\"3 proposte da FILDA per la tutela dei lavoratori salario minimo, settimana corta e maggiore sicurezza - La Voce del Paese\" \/>\n<meta property=\"og:description\" content=\"Roma, 23\/09\/2024 La Consulta Nazionale della FILDA (Federazione Italiana Lavoratori Dipendenti Autonomi) ha discusso alcune importanti proposte orientate a migliorare\" \/>\n<meta property=\"og:url\" content=\"https:\/\/lavocedelpaese.info\/index.php\/2024\/09\/23\/3-proposte-da-filda-per-la-tutela-dei-lavoratori-salario-minimo-settimana-corta-e-maggiore-sicurezza\/\" \/>\n<meta property=\"og:site_name\" content=\"La Voce del Paese\" \/>\n<meta property=\"article:publisher\" content=\"https:\/\/www.facebook.com\/lavocedelpaese.info\" \/>\n<meta property=\"article:published_time\" content=\"2024-09-23T10:54:51+00:00\" \/>\n<meta property=\"article:modified_time\" content=\"2024-09-23T10:54:52+00:00\" \/>\n<meta property=\"og:image\" content=\"https:\/\/lavocedelpaese.info\/wp-content\/uploads\/2024\/09\/filda-logo.jpg\" \/>\n\t<meta property=\"og:image:width\" content=\"748\" \/>\n\t<meta property=\"og:image:height\" content=\"333\" \/>\n\t<meta property=\"og:image:type\" content=\"image\/jpeg\" \/>\n<meta name=\"author\" content=\"admin\" \/>\n<meta name=\"twitter:card\" content=\"summary_large_image\" \/>\n<meta name=\"twitter:label1\" content=\"Scritto da\" \/>\n\t<meta name=\"twitter:data1\" content=\"admin\" \/>\n\t<meta name=\"twitter:label2\" content=\"Tempo di lettura stimato\" \/>\n\t<meta name=\"twitter:data2\" content=\"3 minuti\" \/>\n<script type=\"application\/ld+json\" class=\"yoast-schema-graph\">{\"@context\":\"https:\\\/\\\/schema.org\",\"@graph\":[{\"@type\":\"Article\",\"@id\":\"https:\\\/\\\/lavocedelpaese.info\\\/index.php\\\/2024\\\/09\\\/23\\\/3-proposte-da-filda-per-la-tutela-dei-lavoratori-salario-minimo-settimana-corta-e-maggiore-sicurezza\\\/#article\",\"isPartOf\":{\"@id\":\"https:\\\/\\\/lavocedelpaese.info\\\/index.php\\\/2024\\\/09\\\/23\\\/3-proposte-da-filda-per-la-tutela-dei-lavoratori-salario-minimo-settimana-corta-e-maggiore-sicurezza\\\/\"},\"author\":{\"name\":\"admin\",\"@id\":\"https:\\\/\\\/lavocedelpaese.info\\\/#\\\/schema\\\/person\\\/ec151d321306bd7591f7a061abf72d88\"},\"headline\":\"3 proposte da FILDA per la tutela dei lavoratori salario minimo, settimana corta e maggiore sicurezza\",\"datePublished\":\"2024-09-23T10:54:51+00:00\",\"dateModified\":\"2024-09-23T10:54:52+00:00\",\"mainEntityOfPage\":{\"@id\":\"https:\\\/\\\/lavocedelpaese.info\\\/index.php\\\/2024\\\/09\\\/23\\\/3-proposte-da-filda-per-la-tutela-dei-lavoratori-salario-minimo-settimana-corta-e-maggiore-sicurezza\\\/\"},\"wordCount\":530,\"commentCount\":0,\"publisher\":{\"@id\":\"https:\\\/\\\/lavocedelpaese.info\\\/#organization\"},\"image\":{\"@id\":\"https:\\\/\\\/lavocedelpaese.info\\\/index.php\\\/2024\\\/09\\\/23\\\/3-proposte-da-filda-per-la-tutela-dei-lavoratori-salario-minimo-settimana-corta-e-maggiore-sicurezza\\\/#primaryimage\"},\"thumbnailUrl\":\"https:\\\/\\\/lavocedelpaese.info\\\/wp-content\\\/uploads\\\/2024\\\/09\\\/filda-logo.jpg\",\"articleSection\":[\"Attualit\u00e0\",\"Uncategorized\"],\"inLanguage\":\"it-IT\",\"potentialAction\":[{\"@type\":\"CommentAction\",\"name\":\"Comment\",\"target\":[\"https:\\\/\\\/lavocedelpaese.info\\\/index.php\\\/2024\\\/09\\\/23\\\/3-proposte-da-filda-per-la-tutela-dei-lavoratori-salario-minimo-settimana-corta-e-maggiore-sicurezza\\\/#respond\"]}]},{\"@type\":\"WebPage\",\"@id\":\"https:\\\/\\\/lavocedelpaese.info\\\/index.php\\\/2024\\\/09\\\/23\\\/3-proposte-da-filda-per-la-tutela-dei-lavoratori-salario-minimo-settimana-corta-e-maggiore-sicurezza\\\/\",\"url\":\"https:\\\/\\\/lavocedelpaese.info\\\/index.php\\\/2024\\\/09\\\/23\\\/3-proposte-da-filda-per-la-tutela-dei-lavoratori-salario-minimo-settimana-corta-e-maggiore-sicurezza\\\/\",\"name\":\"3 proposte da FILDA per la tutela dei lavoratori salario minimo, settimana corta e maggiore sicurezza - La Voce del Paese\",\"isPartOf\":{\"@id\":\"https:\\\/\\\/lavocedelpaese.info\\\/#website\"},\"primaryImageOfPage\":{\"@id\":\"https:\\\/\\\/lavocedelpaese.info\\\/index.php\\\/2024\\\/09\\\/23\\\/3-proposte-da-filda-per-la-tutela-dei-lavoratori-salario-minimo-settimana-corta-e-maggiore-sicurezza\\\/#primaryimage\"},\"image\":{\"@id\":\"https:\\\/\\\/lavocedelpaese.info\\\/index.php\\\/2024\\\/09\\\/23\\\/3-proposte-da-filda-per-la-tutela-dei-lavoratori-salario-minimo-settimana-corta-e-maggiore-sicurezza\\\/#primaryimage\"},\"thumbnailUrl\":\"https:\\\/\\\/lavocedelpaese.info\\\/wp-content\\\/uploads\\\/2024\\\/09\\\/filda-logo.jpg\",\"datePublished\":\"2024-09-23T10:54:51+00:00\",\"dateModified\":\"2024-09-23T10:54:52+00:00\",\"breadcrumb\":{\"@id\":\"https:\\\/\\\/lavocedelpaese.info\\\/index.php\\\/2024\\\/09\\\/23\\\/3-proposte-da-filda-per-la-tutela-dei-lavoratori-salario-minimo-settimana-corta-e-maggiore-sicurezza\\\/#breadcrumb\"},\"inLanguage\":\"it-IT\",\"potentialAction\":[{\"@type\":\"ReadAction\",\"target\":[\"https:\\\/\\\/lavocedelpaese.info\\\/index.php\\\/2024\\\/09\\\/23\\\/3-proposte-da-filda-per-la-tutela-dei-lavoratori-salario-minimo-settimana-corta-e-maggiore-sicurezza\\\/\"]}]},{\"@type\":\"ImageObject\",\"inLanguage\":\"it-IT\",\"@id\":\"https:\\\/\\\/lavocedelpaese.info\\\/index.php\\\/2024\\\/09\\\/23\\\/3-proposte-da-filda-per-la-tutela-dei-lavoratori-salario-minimo-settimana-corta-e-maggiore-sicurezza\\\/#primaryimage\",\"url\":\"https:\\\/\\\/lavocedelpaese.info\\\/wp-content\\\/uploads\\\/2024\\\/09\\\/filda-logo.jpg\",\"contentUrl\":\"https:\\\/\\\/lavocedelpaese.info\\\/wp-content\\\/uploads\\\/2024\\\/09\\\/filda-logo.jpg\",\"width\":748,\"height\":333},{\"@type\":\"BreadcrumbList\",\"@id\":\"https:\\\/\\\/lavocedelpaese.info\\\/index.php\\\/2024\\\/09\\\/23\\\/3-proposte-da-filda-per-la-tutela-dei-lavoratori-salario-minimo-settimana-corta-e-maggiore-sicurezza\\\/#breadcrumb\",\"itemListElement\":[{\"@type\":\"ListItem\",\"position\":1,\"name\":\"Home\",\"item\":\"https:\\\/\\\/lavocedelpaese.info\\\/\"},{\"@type\":\"ListItem\",\"position\":2,\"name\":\"3 proposte da FILDA per la tutela dei lavoratori salario minimo, settimana corta e maggiore sicurezza\"}]},{\"@type\":\"WebSite\",\"@id\":\"https:\\\/\\\/lavocedelpaese.info\\\/#website\",\"url\":\"https:\\\/\\\/lavocedelpaese.info\\\/\",\"name\":\"La Voce del Paese\",\"description\":\"Un network di idee\",\"publisher\":{\"@id\":\"https:\\\/\\\/lavocedelpaese.info\\\/#organization\"},\"potentialAction\":[{\"@type\":\"SearchAction\",\"target\":{\"@type\":\"EntryPoint\",\"urlTemplate\":\"https:\\\/\\\/lavocedelpaese.info\\\/?s={search_term_string}\"},\"query-input\":{\"@type\":\"PropertyValueSpecification\",\"valueRequired\":true,\"valueName\":\"search_term_string\"}}],\"inLanguage\":\"it-IT\"},{\"@type\":\"Organization\",\"@id\":\"https:\\\/\\\/lavocedelpaese.info\\\/#organization\",\"name\":\"La Voce del Paese\",\"url\":\"https:\\\/\\\/lavocedelpaese.info\\\/\",\"logo\":{\"@type\":\"ImageObject\",\"inLanguage\":\"it-IT\",\"@id\":\"https:\\\/\\\/lavocedelpaese.info\\\/#\\\/schema\\\/logo\\\/image\\\/\",\"url\":\"https:\\\/\\\/lavocedelpaese.info\\\/wp-content\\\/uploads\\\/2023\\\/01\\\/cropped-logo-150-127.png\",\"contentUrl\":\"https:\\\/\\\/lavocedelpaese.info\\\/wp-content\\\/uploads\\\/2023\\\/01\\\/cropped-logo-150-127.png\",\"width\":137,\"height\":119,\"caption\":\"La Voce del Paese\"},\"image\":{\"@id\":\"https:\\\/\\\/lavocedelpaese.info\\\/#\\\/schema\\\/logo\\\/image\\\/\"},\"sameAs\":[\"https:\\\/\\\/www.facebook.com\\\/lavocedelpaese.info\"]},{\"@type\":\"Person\",\"@id\":\"https:\\\/\\\/lavocedelpaese.info\\\/#\\\/schema\\\/person\\\/ec151d321306bd7591f7a061abf72d88\",\"name\":\"admin\",\"image\":{\"@type\":\"ImageObject\",\"inLanguage\":\"it-IT\",\"@id\":\"https:\\\/\\\/secure.gravatar.com\\\/avatar\\\/af8f2caf0663124588de48a9380e07cbc95a74ef15b8062d0d39106c32fe3023?s=96&d=mm&r=g\",\"url\":\"https:\\\/\\\/secure.gravatar.com\\\/avatar\\\/af8f2caf0663124588de48a9380e07cbc95a74ef15b8062d0d39106c32fe3023?s=96&d=mm&r=g\",\"contentUrl\":\"https:\\\/\\\/secure.gravatar.com\\\/avatar\\\/af8f2caf0663124588de48a9380e07cbc95a74ef15b8062d0d39106c32fe3023?s=96&d=mm&r=g\",\"caption\":\"admin\"},\"sameAs\":[\"https:\\\/\\\/lavocedelpaese.info\"],\"url\":\"https:\\\/\\\/lavocedelpaese.info\\\/index.php\\\/author\\\/admin\\\/\"}]}<\/script>\n<!-- \/ Yoast SEO plugin. -->","yoast_head_json":{"title":"3 proposte da FILDA per la tutela dei lavoratori salario minimo, settimana corta e maggiore sicurezza - La Voce del Paese","robots":{"index":"index","follow":"follow","max-snippet":"max-snippet:-1","max-image-preview":"max-image-preview:large","max-video-preview":"max-video-preview:-1"},"canonical":"https:\/\/lavocedelpaese.info\/index.php\/2024\/09\/23\/3-proposte-da-filda-per-la-tutela-dei-lavoratori-salario-minimo-settimana-corta-e-maggiore-sicurezza\/","og_locale":"it_IT","og_type":"article","og_title":"3 proposte da FILDA per la tutela dei lavoratori salario minimo, settimana corta e maggiore sicurezza - La Voce del Paese","og_description":"Roma, 23\/09\/2024 La Consulta Nazionale della FILDA (Federazione Italiana Lavoratori Dipendenti Autonomi) ha discusso alcune importanti proposte orientate a migliorare","og_url":"https:\/\/lavocedelpaese.info\/index.php\/2024\/09\/23\/3-proposte-da-filda-per-la-tutela-dei-lavoratori-salario-minimo-settimana-corta-e-maggiore-sicurezza\/","og_site_name":"La Voce del Paese","article_publisher":"https:\/\/www.facebook.com\/lavocedelpaese.info","article_published_time":"2024-09-23T10:54:51+00:00","article_modified_time":"2024-09-23T10:54:52+00:00","og_image":[{"width":748,"height":333,"url":"https:\/\/lavocedelpaese.info\/wp-content\/uploads\/2024\/09\/filda-logo.jpg","type":"image\/jpeg"}],"author":"admin","twitter_card":"summary_large_image","twitter_misc":{"Scritto da":"admin","Tempo di lettura stimato":"3 minuti"},"schema":{"@context":"https:\/\/schema.org","@graph":[{"@type":"Article","@id":"https:\/\/lavocedelpaese.info\/index.php\/2024\/09\/23\/3-proposte-da-filda-per-la-tutela-dei-lavoratori-salario-minimo-settimana-corta-e-maggiore-sicurezza\/#article","isPartOf":{"@id":"https:\/\/lavocedelpaese.info\/index.php\/2024\/09\/23\/3-proposte-da-filda-per-la-tutela-dei-lavoratori-salario-minimo-settimana-corta-e-maggiore-sicurezza\/"},"author":{"name":"admin","@id":"https:\/\/lavocedelpaese.info\/#\/schema\/person\/ec151d321306bd7591f7a061abf72d88"},"headline":"3 proposte da FILDA per la tutela dei lavoratori salario minimo, settimana corta e maggiore sicurezza","datePublished":"2024-09-23T10:54:51+00:00","dateModified":"2024-09-23T10:54:52+00:00","mainEntityOfPage":{"@id":"https:\/\/lavocedelpaese.info\/index.php\/2024\/09\/23\/3-proposte-da-filda-per-la-tutela-dei-lavoratori-salario-minimo-settimana-corta-e-maggiore-sicurezza\/"},"wordCount":530,"commentCount":0,"publisher":{"@id":"https:\/\/lavocedelpaese.info\/#organization"},"image":{"@id":"https:\/\/lavocedelpaese.info\/index.php\/2024\/09\/23\/3-proposte-da-filda-per-la-tutela-dei-lavoratori-salario-minimo-settimana-corta-e-maggiore-sicurezza\/#primaryimage"},"thumbnailUrl":"https:\/\/lavocedelpaese.info\/wp-content\/uploads\/2024\/09\/filda-logo.jpg","articleSection":["Attualit\u00e0","Uncategorized"],"inLanguage":"it-IT","potentialAction":[{"@type":"CommentAction","name":"Comment","target":["https:\/\/lavocedelpaese.info\/index.php\/2024\/09\/23\/3-proposte-da-filda-per-la-tutela-dei-lavoratori-salario-minimo-settimana-corta-e-maggiore-sicurezza\/#respond"]}]},{"@type":"WebPage","@id":"https:\/\/lavocedelpaese.info\/index.php\/2024\/09\/23\/3-proposte-da-filda-per-la-tutela-dei-lavoratori-salario-minimo-settimana-corta-e-maggiore-sicurezza\/","url":"https:\/\/lavocedelpaese.info\/index.php\/2024\/09\/23\/3-proposte-da-filda-per-la-tutela-dei-lavoratori-salario-minimo-settimana-corta-e-maggiore-sicurezza\/","name":"3 proposte da FILDA per la tutela dei lavoratori salario minimo, settimana corta e maggiore sicurezza - La Voce del Paese","isPartOf":{"@id":"https:\/\/lavocedelpaese.info\/#website"},"primaryImageOfPage":{"@id":"https:\/\/lavocedelpaese.info\/index.php\/2024\/09\/23\/3-proposte-da-filda-per-la-tutela-dei-lavoratori-salario-minimo-settimana-corta-e-maggiore-sicurezza\/#primaryimage"},"image":{"@id":"https:\/\/lavocedelpaese.info\/index.php\/2024\/09\/23\/3-proposte-da-filda-per-la-tutela-dei-lavoratori-salario-minimo-settimana-corta-e-maggiore-sicurezza\/#primaryimage"},"thumbnailUrl":"https:\/\/lavocedelpaese.info\/wp-content\/uploads\/2024\/09\/filda-logo.jpg","datePublished":"2024-09-23T10:54:51+00:00","dateModified":"2024-09-23T10:54:52+00:00","breadcrumb":{"@id":"https:\/\/lavocedelpaese.info\/index.php\/2024\/09\/23\/3-proposte-da-filda-per-la-tutela-dei-lavoratori-salario-minimo-settimana-corta-e-maggiore-sicurezza\/#breadcrumb"},"inLanguage":"it-IT","potentialAction":[{"@type":"ReadAction","target":["https:\/\/lavocedelpaese.info\/index.php\/2024\/09\/23\/3-proposte-da-filda-per-la-tutela-dei-lavoratori-salario-minimo-settimana-corta-e-maggiore-sicurezza\/"]}]},{"@type":"ImageObject","inLanguage":"it-IT","@id":"https:\/\/lavocedelpaese.info\/index.php\/2024\/09\/23\/3-proposte-da-filda-per-la-tutela-dei-lavoratori-salario-minimo-settimana-corta-e-maggiore-sicurezza\/#primaryimage","url":"https:\/\/lavocedelpaese.info\/wp-content\/uploads\/2024\/09\/filda-logo.jpg","contentUrl":"https:\/\/lavocedelpaese.info\/wp-content\/uploads\/2024\/09\/filda-logo.jpg","width":748,"height":333},{"@type":"BreadcrumbList","@id":"https:\/\/lavocedelpaese.info\/index.php\/2024\/09\/23\/3-proposte-da-filda-per-la-tutela-dei-lavoratori-salario-minimo-settimana-corta-e-maggiore-sicurezza\/#breadcrumb","itemListElement":[{"@type":"ListItem","position":1,"name":"Home","item":"https:\/\/lavocedelpaese.info\/"},{"@type":"ListItem","position":2,"name":"3 proposte da FILDA per la tutela dei lavoratori salario minimo, settimana corta e maggiore sicurezza"}]},{"@type":"WebSite","@id":"https:\/\/lavocedelpaese.info\/#website","url":"https:\/\/lavocedelpaese.info\/","name":"La Voce del Paese","description":"Un network di idee","publisher":{"@id":"https:\/\/lavocedelpaese.info\/#organization"},"potentialAction":[{"@type":"SearchAction","target":{"@type":"EntryPoint","urlTemplate":"https:\/\/lavocedelpaese.info\/?s={search_term_string}"},"query-input":{"@type":"PropertyValueSpecification","valueRequired":true,"valueName":"search_term_string"}}],"inLanguage":"it-IT"},{"@type":"Organization","@id":"https:\/\/lavocedelpaese.info\/#organization","name":"La Voce del Paese","url":"https:\/\/lavocedelpaese.info\/","logo":{"@type":"ImageObject","inLanguage":"it-IT","@id":"https:\/\/lavocedelpaese.info\/#\/schema\/logo\/image\/","url":"https:\/\/lavocedelpaese.info\/wp-content\/uploads\/2023\/01\/cropped-logo-150-127.png","contentUrl":"https:\/\/lavocedelpaese.info\/wp-content\/uploads\/2023\/01\/cropped-logo-150-127.png","width":137,"height":119,"caption":"La Voce del Paese"},"image":{"@id":"https:\/\/lavocedelpaese.info\/#\/schema\/logo\/image\/"},"sameAs":["https:\/\/www.facebook.com\/lavocedelpaese.info"]},{"@type":"Person","@id":"https:\/\/lavocedelpaese.info\/#\/schema\/person\/ec151d321306bd7591f7a061abf72d88","name":"admin","image":{"@type":"ImageObject","inLanguage":"it-IT","@id":"https:\/\/secure.gravatar.com\/avatar\/af8f2caf0663124588de48a9380e07cbc95a74ef15b8062d0d39106c32fe3023?s=96&d=mm&r=g","url":"https:\/\/secure.gravatar.com\/avatar\/af8f2caf0663124588de48a9380e07cbc95a74ef15b8062d0d39106c32fe3023?s=96&d=mm&r=g","contentUrl":"https:\/\/secure.gravatar.com\/avatar\/af8f2caf0663124588de48a9380e07cbc95a74ef15b8062d0d39106c32fe3023?s=96&d=mm&r=g","caption":"admin"},"sameAs":["https:\/\/lavocedelpaese.info"],"url":"https:\/\/lavocedelpaese.info\/index.php\/author\/admin\/"}]}},"_links":{"self":[{"href":"https:\/\/lavocedelpaese.info\/index.php\/wp-json\/wp\/v2\/posts\/7963","targetHints":{"allow":["GET"]}}],"collection":[{"href":"https:\/\/lavocedelpaese.info\/index.php\/wp-json\/wp\/v2\/posts"}],"about":[{"href":"https:\/\/lavocedelpaese.info\/index.php\/wp-json\/wp\/v2\/types\/post"}],"author":[{"embeddable":true,"href":"https:\/\/lavocedelpaese.info\/index.php\/wp-json\/wp\/v2\/users\/6"}],"replies":[{"embeddable":true,"href":"https:\/\/lavocedelpaese.info\/index.php\/wp-json\/wp\/v2\/comments?post=7963"}],"version-history":[{"count":1,"href":"https:\/\/lavocedelpaese.info\/index.php\/wp-json\/wp\/v2\/posts\/7963\/revisions"}],"predecessor-version":[{"id":7965,"href":"https:\/\/lavocedelpaese.info\/index.php\/wp-json\/wp\/v2\/posts\/7963\/revisions\/7965"}],"wp:featuredmedia":[{"embeddable":true,"href":"https:\/\/lavocedelpaese.info\/index.php\/wp-json\/wp\/v2\/media\/7964"}],"wp:attachment":[{"href":"https:\/\/lavocedelpaese.info\/index.php\/wp-json\/wp\/v2\/media?parent=7963"}],"wp:term":[{"taxonomy":"category","embeddable":true,"href":"https:\/\/lavocedelpaese.info\/index.php\/wp-json\/wp\/v2\/categories?post=7963"},{"taxonomy":"post_tag","embeddable":true,"href":"https:\/\/lavocedelpaese.info\/index.php\/wp-json\/wp\/v2\/tags?post=7963"}],"curies":[{"name":"wp","href":"https:\/\/api.w.org\/{rel}","templated":true}]}}