{"id":741,"date":"2023-01-16T00:43:00","date_gmt":"2023-01-16T00:43:00","guid":{"rendered":"https:\/\/lavocedelpaese.info\/?p=741"},"modified":"2023-01-16T01:46:14","modified_gmt":"2023-01-16T01:46:14","slug":"primarie-pd-parchitelli-aderisce-al-progetto-schlein","status":"publish","type":"post","link":"https:\/\/lavocedelpaese.info\/index.php\/2023\/01\/16\/primarie-pd-parchitelli-aderisce-al-progetto-schlein\/","title":{"rendered":"Primarie Pd, Parchitelli aderisce al progetto Schlein"},"content":{"rendered":"\n<p>\u00abNelle ultime settimane \u2013 dichiara la consigliere regionale Lucia Parchitelli \u2013 ho ascoltato e letto tanto sulla mia adesione alla candidatura a prossimo Segretario nazionale del Partito Democratico dell\u2019uno o dell\u2019altro candidato. \u00c8 arrivato il momento di fare chiarezza e ufficializzare, dopo aver attentamente valutato le proposte di tutti i candidati alla Segreteria, la mia adesione al progetto di rinnovamento del PD proposto da Elly Schlein. Un percorso fatto di confronto e con una visione di futuro da costruire su valori e idee, con obiettivi chiari da raggiungere con il contributo di ognuno.<\/p>\n\n\n\n<p>\u00abIl nostro Partito \u2013 continua \u2013 ha bisogno di ritrovare in primis s\u00e9 stesso, se vuole riconquistare la fiducia di tante persone che oggi non ci seguono pi\u00f9, e anche per questo credo nel Programma proposto da Elly che parte da principi quali la giustizia sociale, il clima e il lavoro (dal salario minimo alla lotta al precariato). Ma \u00e8 anche diritto alla salute, contrasto alla povert\u00e0 educativa e pi\u00f9 opportunit\u00e0 per i giovani, welfare, integrazione, diritti civili e lotta alle discriminazioni, per citare solo alcuni dei temi che ci vedranno impegnati nei prossimi mesi. Non ultimo, la condivisione di questo percorso tiene conto delle realt\u00e0 associative locali, che tanto si sono spese sul territorio in questi anni e che fungono da cerniera preziosa tra la politica e la comunit\u00e0\u00bb.<\/p>\n\n\n\n<p>\u00abLa Puglia \u2013 chiosa \u2013 far\u00e0 la sua parte, perch\u00e9 la nostra \u00e8 una Regione che Elly ha gi\u00e0 dimostrato di amare anche con il suo no all\u2019Autonomia differenziata. \u00c8 il momento di lavorare insieme a chi ha deciso di aderire a questo progetto, con tutti coloro che sceglieranno di accompagnarci in questa sfida: il futuro \u2018parte da noi\u2019, ma sono sicura che sia la strada giusta da percorrere per rinascere e tornare a dare al Partito Democratico quell\u2019identit\u00e0 che fa parte della nostra storia\u00bb.<\/p>\n","protected":false},"excerpt":{"rendered":"<p>\u00abNelle ultime settimane \u2013 dichiara la consigliere regionale Lucia Parchitelli \u2013 ho ascoltato e letto tanto sulla mia adesione alla<\/p>\n","protected":false},"author":6,"featured_media":742,"comment_status":"open","ping_status":"closed","sticky":false,"template":"","format":"standard","meta":{"colormag_page_container_layout":"default_layout","colormag_page_sidebar_layout":"default_layout","footnotes":""},"categories":[7],"tags":[],"class_list":["post-741","post","type-post","status-publish","format-standard","has-post-thumbnail","hentry","category-regione"],"yoast_head":"<!-- This site is optimized with the Yoast SEO plugin v27.5 - https:\/\/yoast.com\/product\/yoast-seo-wordpress\/ -->\n<title>Primarie Pd, Parchitelli aderisce al progetto Schlein - La Voce del Paese<\/title>\n<meta name=\"robots\" content=\"index, follow, max-snippet:-1, max-image-preview:large, max-video-preview:-1\" \/>\n<link rel=\"canonical\" href=\"https:\/\/lavocedelpaese.info\/index.php\/2023\/01\/16\/primarie-pd-parchitelli-aderisce-al-progetto-schlein\/\" \/>\n<meta property=\"og:locale\" content=\"it_IT\" \/>\n<meta property=\"og:type\" content=\"article\" \/>\n<meta property=\"og:title\" content=\"Primarie Pd, Parchitelli aderisce al progetto Schlein - La Voce del Paese\" \/>\n<meta property=\"og:description\" content=\"\u00abNelle ultime settimane \u2013 dichiara la consigliere regionale Lucia Parchitelli \u2013 ho ascoltato e letto tanto sulla mia adesione alla\" \/>\n<meta property=\"og:url\" content=\"https:\/\/lavocedelpaese.info\/index.php\/2023\/01\/16\/primarie-pd-parchitelli-aderisce-al-progetto-schlein\/\" \/>\n<meta property=\"og:site_name\" content=\"La Voce del Paese\" \/>\n<meta property=\"article:publisher\" content=\"https:\/\/www.facebook.com\/lavocedelpaese.info\" \/>\n<meta property=\"article:published_time\" content=\"2023-01-16T00:43:00+00:00\" \/>\n<meta property=\"article:modified_time\" content=\"2023-01-16T01:46:14+00:00\" \/>\n<meta property=\"og:image\" content=\"https:\/\/lavocedelpaese.info\/wp-content\/uploads\/2023\/01\/primarie-pd.jpg\" \/>\n\t<meta property=\"og:image:width\" content=\"800\" \/>\n\t<meta property=\"og:image:height\" content=\"450\" \/>\n\t<meta property=\"og:image:type\" content=\"image\/jpeg\" \/>\n<meta name=\"author\" content=\"admin\" \/>\n<meta name=\"twitter:card\" content=\"summary_large_image\" \/>\n<meta name=\"twitter:label1\" content=\"Scritto da\" \/>\n\t<meta name=\"twitter:data1\" content=\"admin\" \/>\n\t<meta name=\"twitter:label2\" content=\"Tempo di lettura stimato\" \/>\n\t<meta name=\"twitter:data2\" content=\"2 minuti\" \/>\n<script type=\"application\/ld+json\" class=\"yoast-schema-graph\">{\"@context\":\"https:\\\/\\\/schema.org\",\"@graph\":[{\"@type\":\"Article\",\"@id\":\"https:\\\/\\\/lavocedelpaese.info\\\/index.php\\\/2023\\\/01\\\/16\\\/primarie-pd-parchitelli-aderisce-al-progetto-schlein\\\/#article\",\"isPartOf\":{\"@id\":\"https:\\\/\\\/lavocedelpaese.info\\\/index.php\\\/2023\\\/01\\\/16\\\/primarie-pd-parchitelli-aderisce-al-progetto-schlein\\\/\"},\"author\":{\"name\":\"admin\",\"@id\":\"https:\\\/\\\/lavocedelpaese.info\\\/#\\\/schema\\\/person\\\/ec151d321306bd7591f7a061abf72d88\"},\"headline\":\"Primarie Pd, Parchitelli aderisce al progetto Schlein\",\"datePublished\":\"2023-01-16T00:43:00+00:00\",\"dateModified\":\"2023-01-16T01:46:14+00:00\",\"mainEntityOfPage\":{\"@id\":\"https:\\\/\\\/lavocedelpaese.info\\\/index.php\\\/2023\\\/01\\\/16\\\/primarie-pd-parchitelli-aderisce-al-progetto-schlein\\\/\"},\"wordCount\":309,\"commentCount\":0,\"publisher\":{\"@id\":\"https:\\\/\\\/lavocedelpaese.info\\\/#organization\"},\"image\":{\"@id\":\"https:\\\/\\\/lavocedelpaese.info\\\/index.php\\\/2023\\\/01\\\/16\\\/primarie-pd-parchitelli-aderisce-al-progetto-schlein\\\/#primaryimage\"},\"thumbnailUrl\":\"https:\\\/\\\/lavocedelpaese.info\\\/wp-content\\\/uploads\\\/2023\\\/01\\\/primarie-pd.jpg\",\"articleSection\":[\"Regione\"],\"inLanguage\":\"it-IT\",\"potentialAction\":[{\"@type\":\"CommentAction\",\"name\":\"Comment\",\"target\":[\"https:\\\/\\\/lavocedelpaese.info\\\/index.php\\\/2023\\\/01\\\/16\\\/primarie-pd-parchitelli-aderisce-al-progetto-schlein\\\/#respond\"]}]},{\"@type\":\"WebPage\",\"@id\":\"https:\\\/\\\/lavocedelpaese.info\\\/index.php\\\/2023\\\/01\\\/16\\\/primarie-pd-parchitelli-aderisce-al-progetto-schlein\\\/\",\"url\":\"https:\\\/\\\/lavocedelpaese.info\\\/index.php\\\/2023\\\/01\\\/16\\\/primarie-pd-parchitelli-aderisce-al-progetto-schlein\\\/\",\"name\":\"Primarie Pd, Parchitelli aderisce al progetto Schlein - La Voce del Paese\",\"isPartOf\":{\"@id\":\"https:\\\/\\\/lavocedelpaese.info\\\/#website\"},\"primaryImageOfPage\":{\"@id\":\"https:\\\/\\\/lavocedelpaese.info\\\/index.php\\\/2023\\\/01\\\/16\\\/primarie-pd-parchitelli-aderisce-al-progetto-schlein\\\/#primaryimage\"},\"image\":{\"@id\":\"https:\\\/\\\/lavocedelpaese.info\\\/index.php\\\/2023\\\/01\\\/16\\\/primarie-pd-parchitelli-aderisce-al-progetto-schlein\\\/#primaryimage\"},\"thumbnailUrl\":\"https:\\\/\\\/lavocedelpaese.info\\\/wp-content\\\/uploads\\\/2023\\\/01\\\/primarie-pd.jpg\",\"datePublished\":\"2023-01-16T00:43:00+00:00\",\"dateModified\":\"2023-01-16T01:46:14+00:00\",\"breadcrumb\":{\"@id\":\"https:\\\/\\\/lavocedelpaese.info\\\/index.php\\\/2023\\\/01\\\/16\\\/primarie-pd-parchitelli-aderisce-al-progetto-schlein\\\/#breadcrumb\"},\"inLanguage\":\"it-IT\",\"potentialAction\":[{\"@type\":\"ReadAction\",\"target\":[\"https:\\\/\\\/lavocedelpaese.info\\\/index.php\\\/2023\\\/01\\\/16\\\/primarie-pd-parchitelli-aderisce-al-progetto-schlein\\\/\"]}]},{\"@type\":\"ImageObject\",\"inLanguage\":\"it-IT\",\"@id\":\"https:\\\/\\\/lavocedelpaese.info\\\/index.php\\\/2023\\\/01\\\/16\\\/primarie-pd-parchitelli-aderisce-al-progetto-schlein\\\/#primaryimage\",\"url\":\"https:\\\/\\\/lavocedelpaese.info\\\/wp-content\\\/uploads\\\/2023\\\/01\\\/primarie-pd.jpg\",\"contentUrl\":\"https:\\\/\\\/lavocedelpaese.info\\\/wp-content\\\/uploads\\\/2023\\\/01\\\/primarie-pd.jpg\",\"width\":800,\"height\":450},{\"@type\":\"BreadcrumbList\",\"@id\":\"https:\\\/\\\/lavocedelpaese.info\\\/index.php\\\/2023\\\/01\\\/16\\\/primarie-pd-parchitelli-aderisce-al-progetto-schlein\\\/#breadcrumb\",\"itemListElement\":[{\"@type\":\"ListItem\",\"position\":1,\"name\":\"Home\",\"item\":\"https:\\\/\\\/lavocedelpaese.info\\\/\"},{\"@type\":\"ListItem\",\"position\":2,\"name\":\"Primarie Pd, Parchitelli aderisce al progetto Schlein\"}]},{\"@type\":\"WebSite\",\"@id\":\"https:\\\/\\\/lavocedelpaese.info\\\/#website\",\"url\":\"https:\\\/\\\/lavocedelpaese.info\\\/\",\"name\":\"La Voce del Paese\",\"description\":\"Un network di idee\",\"publisher\":{\"@id\":\"https:\\\/\\\/lavocedelpaese.info\\\/#organization\"},\"potentialAction\":[{\"@type\":\"SearchAction\",\"target\":{\"@type\":\"EntryPoint\",\"urlTemplate\":\"https:\\\/\\\/lavocedelpaese.info\\\/?s={search_term_string}\"},\"query-input\":{\"@type\":\"PropertyValueSpecification\",\"valueRequired\":true,\"valueName\":\"search_term_string\"}}],\"inLanguage\":\"it-IT\"},{\"@type\":\"Organization\",\"@id\":\"https:\\\/\\\/lavocedelpaese.info\\\/#organization\",\"name\":\"La Voce del Paese\",\"url\":\"https:\\\/\\\/lavocedelpaese.info\\\/\",\"logo\":{\"@type\":\"ImageObject\",\"inLanguage\":\"it-IT\",\"@id\":\"https:\\\/\\\/lavocedelpaese.info\\\/#\\\/schema\\\/logo\\\/image\\\/\",\"url\":\"https:\\\/\\\/lavocedelpaese.info\\\/wp-content\\\/uploads\\\/2023\\\/01\\\/cropped-logo-150-127.png\",\"contentUrl\":\"https:\\\/\\\/lavocedelpaese.info\\\/wp-content\\\/uploads\\\/2023\\\/01\\\/cropped-logo-150-127.png\",\"width\":137,\"height\":119,\"caption\":\"La Voce del Paese\"},\"image\":{\"@id\":\"https:\\\/\\\/lavocedelpaese.info\\\/#\\\/schema\\\/logo\\\/image\\\/\"},\"sameAs\":[\"https:\\\/\\\/www.facebook.com\\\/lavocedelpaese.info\"]},{\"@type\":\"Person\",\"@id\":\"https:\\\/\\\/lavocedelpaese.info\\\/#\\\/schema\\\/person\\\/ec151d321306bd7591f7a061abf72d88\",\"name\":\"admin\",\"image\":{\"@type\":\"ImageObject\",\"inLanguage\":\"it-IT\",\"@id\":\"https:\\\/\\\/secure.gravatar.com\\\/avatar\\\/af8f2caf0663124588de48a9380e07cbc95a74ef15b8062d0d39106c32fe3023?s=96&d=mm&r=g\",\"url\":\"https:\\\/\\\/secure.gravatar.com\\\/avatar\\\/af8f2caf0663124588de48a9380e07cbc95a74ef15b8062d0d39106c32fe3023?s=96&d=mm&r=g\",\"contentUrl\":\"https:\\\/\\\/secure.gravatar.com\\\/avatar\\\/af8f2caf0663124588de48a9380e07cbc95a74ef15b8062d0d39106c32fe3023?s=96&d=mm&r=g\",\"caption\":\"admin\"},\"sameAs\":[\"https:\\\/\\\/lavocedelpaese.info\"],\"url\":\"https:\\\/\\\/lavocedelpaese.info\\\/index.php\\\/author\\\/admin\\\/\"}]}<\/script>\n<!-- \/ Yoast SEO plugin. -->","yoast_head_json":{"title":"Primarie Pd, Parchitelli aderisce al progetto Schlein - La Voce del Paese","robots":{"index":"index","follow":"follow","max-snippet":"max-snippet:-1","max-image-preview":"max-image-preview:large","max-video-preview":"max-video-preview:-1"},"canonical":"https:\/\/lavocedelpaese.info\/index.php\/2023\/01\/16\/primarie-pd-parchitelli-aderisce-al-progetto-schlein\/","og_locale":"it_IT","og_type":"article","og_title":"Primarie Pd, Parchitelli aderisce al progetto Schlein - La Voce del Paese","og_description":"\u00abNelle ultime settimane \u2013 dichiara la consigliere regionale Lucia Parchitelli \u2013 ho ascoltato e letto tanto sulla mia adesione alla","og_url":"https:\/\/lavocedelpaese.info\/index.php\/2023\/01\/16\/primarie-pd-parchitelli-aderisce-al-progetto-schlein\/","og_site_name":"La Voce del Paese","article_publisher":"https:\/\/www.facebook.com\/lavocedelpaese.info","article_published_time":"2023-01-16T00:43:00+00:00","article_modified_time":"2023-01-16T01:46:14+00:00","og_image":[{"width":800,"height":450,"url":"https:\/\/lavocedelpaese.info\/wp-content\/uploads\/2023\/01\/primarie-pd.jpg","type":"image\/jpeg"}],"author":"admin","twitter_card":"summary_large_image","twitter_misc":{"Scritto da":"admin","Tempo di lettura stimato":"2 minuti"},"schema":{"@context":"https:\/\/schema.org","@graph":[{"@type":"Article","@id":"https:\/\/lavocedelpaese.info\/index.php\/2023\/01\/16\/primarie-pd-parchitelli-aderisce-al-progetto-schlein\/#article","isPartOf":{"@id":"https:\/\/lavocedelpaese.info\/index.php\/2023\/01\/16\/primarie-pd-parchitelli-aderisce-al-progetto-schlein\/"},"author":{"name":"admin","@id":"https:\/\/lavocedelpaese.info\/#\/schema\/person\/ec151d321306bd7591f7a061abf72d88"},"headline":"Primarie Pd, Parchitelli aderisce al progetto Schlein","datePublished":"2023-01-16T00:43:00+00:00","dateModified":"2023-01-16T01:46:14+00:00","mainEntityOfPage":{"@id":"https:\/\/lavocedelpaese.info\/index.php\/2023\/01\/16\/primarie-pd-parchitelli-aderisce-al-progetto-schlein\/"},"wordCount":309,"commentCount":0,"publisher":{"@id":"https:\/\/lavocedelpaese.info\/#organization"},"image":{"@id":"https:\/\/lavocedelpaese.info\/index.php\/2023\/01\/16\/primarie-pd-parchitelli-aderisce-al-progetto-schlein\/#primaryimage"},"thumbnailUrl":"https:\/\/lavocedelpaese.info\/wp-content\/uploads\/2023\/01\/primarie-pd.jpg","articleSection":["Regione"],"inLanguage":"it-IT","potentialAction":[{"@type":"CommentAction","name":"Comment","target":["https:\/\/lavocedelpaese.info\/index.php\/2023\/01\/16\/primarie-pd-parchitelli-aderisce-al-progetto-schlein\/#respond"]}]},{"@type":"WebPage","@id":"https:\/\/lavocedelpaese.info\/index.php\/2023\/01\/16\/primarie-pd-parchitelli-aderisce-al-progetto-schlein\/","url":"https:\/\/lavocedelpaese.info\/index.php\/2023\/01\/16\/primarie-pd-parchitelli-aderisce-al-progetto-schlein\/","name":"Primarie Pd, Parchitelli aderisce al progetto Schlein - La Voce del Paese","isPartOf":{"@id":"https:\/\/lavocedelpaese.info\/#website"},"primaryImageOfPage":{"@id":"https:\/\/lavocedelpaese.info\/index.php\/2023\/01\/16\/primarie-pd-parchitelli-aderisce-al-progetto-schlein\/#primaryimage"},"image":{"@id":"https:\/\/lavocedelpaese.info\/index.php\/2023\/01\/16\/primarie-pd-parchitelli-aderisce-al-progetto-schlein\/#primaryimage"},"thumbnailUrl":"https:\/\/lavocedelpaese.info\/wp-content\/uploads\/2023\/01\/primarie-pd.jpg","datePublished":"2023-01-16T00:43:00+00:00","dateModified":"2023-01-16T01:46:14+00:00","breadcrumb":{"@id":"https:\/\/lavocedelpaese.info\/index.php\/2023\/01\/16\/primarie-pd-parchitelli-aderisce-al-progetto-schlein\/#breadcrumb"},"inLanguage":"it-IT","potentialAction":[{"@type":"ReadAction","target":["https:\/\/lavocedelpaese.info\/index.php\/2023\/01\/16\/primarie-pd-parchitelli-aderisce-al-progetto-schlein\/"]}]},{"@type":"ImageObject","inLanguage":"it-IT","@id":"https:\/\/lavocedelpaese.info\/index.php\/2023\/01\/16\/primarie-pd-parchitelli-aderisce-al-progetto-schlein\/#primaryimage","url":"https:\/\/lavocedelpaese.info\/wp-content\/uploads\/2023\/01\/primarie-pd.jpg","contentUrl":"https:\/\/lavocedelpaese.info\/wp-content\/uploads\/2023\/01\/primarie-pd.jpg","width":800,"height":450},{"@type":"BreadcrumbList","@id":"https:\/\/lavocedelpaese.info\/index.php\/2023\/01\/16\/primarie-pd-parchitelli-aderisce-al-progetto-schlein\/#breadcrumb","itemListElement":[{"@type":"ListItem","position":1,"name":"Home","item":"https:\/\/lavocedelpaese.info\/"},{"@type":"ListItem","position":2,"name":"Primarie Pd, Parchitelli aderisce al progetto Schlein"}]},{"@type":"WebSite","@id":"https:\/\/lavocedelpaese.info\/#website","url":"https:\/\/lavocedelpaese.info\/","name":"La Voce del Paese","description":"Un network di idee","publisher":{"@id":"https:\/\/lavocedelpaese.info\/#organization"},"potentialAction":[{"@type":"SearchAction","target":{"@type":"EntryPoint","urlTemplate":"https:\/\/lavocedelpaese.info\/?s={search_term_string}"},"query-input":{"@type":"PropertyValueSpecification","valueRequired":true,"valueName":"search_term_string"}}],"inLanguage":"it-IT"},{"@type":"Organization","@id":"https:\/\/lavocedelpaese.info\/#organization","name":"La Voce del Paese","url":"https:\/\/lavocedelpaese.info\/","logo":{"@type":"ImageObject","inLanguage":"it-IT","@id":"https:\/\/lavocedelpaese.info\/#\/schema\/logo\/image\/","url":"https:\/\/lavocedelpaese.info\/wp-content\/uploads\/2023\/01\/cropped-logo-150-127.png","contentUrl":"https:\/\/lavocedelpaese.info\/wp-content\/uploads\/2023\/01\/cropped-logo-150-127.png","width":137,"height":119,"caption":"La Voce del Paese"},"image":{"@id":"https:\/\/lavocedelpaese.info\/#\/schema\/logo\/image\/"},"sameAs":["https:\/\/www.facebook.com\/lavocedelpaese.info"]},{"@type":"Person","@id":"https:\/\/lavocedelpaese.info\/#\/schema\/person\/ec151d321306bd7591f7a061abf72d88","name":"admin","image":{"@type":"ImageObject","inLanguage":"it-IT","@id":"https:\/\/secure.gravatar.com\/avatar\/af8f2caf0663124588de48a9380e07cbc95a74ef15b8062d0d39106c32fe3023?s=96&d=mm&r=g","url":"https:\/\/secure.gravatar.com\/avatar\/af8f2caf0663124588de48a9380e07cbc95a74ef15b8062d0d39106c32fe3023?s=96&d=mm&r=g","contentUrl":"https:\/\/secure.gravatar.com\/avatar\/af8f2caf0663124588de48a9380e07cbc95a74ef15b8062d0d39106c32fe3023?s=96&d=mm&r=g","caption":"admin"},"sameAs":["https:\/\/lavocedelpaese.info"],"url":"https:\/\/lavocedelpaese.info\/index.php\/author\/admin\/"}]}},"_links":{"self":[{"href":"https:\/\/lavocedelpaese.info\/index.php\/wp-json\/wp\/v2\/posts\/741","targetHints":{"allow":["GET"]}}],"collection":[{"href":"https:\/\/lavocedelpaese.info\/index.php\/wp-json\/wp\/v2\/posts"}],"about":[{"href":"https:\/\/lavocedelpaese.info\/index.php\/wp-json\/wp\/v2\/types\/post"}],"author":[{"embeddable":true,"href":"https:\/\/lavocedelpaese.info\/index.php\/wp-json\/wp\/v2\/users\/6"}],"replies":[{"embeddable":true,"href":"https:\/\/lavocedelpaese.info\/index.php\/wp-json\/wp\/v2\/comments?post=741"}],"version-history":[{"count":1,"href":"https:\/\/lavocedelpaese.info\/index.php\/wp-json\/wp\/v2\/posts\/741\/revisions"}],"predecessor-version":[{"id":743,"href":"https:\/\/lavocedelpaese.info\/index.php\/wp-json\/wp\/v2\/posts\/741\/revisions\/743"}],"wp:featuredmedia":[{"embeddable":true,"href":"https:\/\/lavocedelpaese.info\/index.php\/wp-json\/wp\/v2\/media\/742"}],"wp:attachment":[{"href":"https:\/\/lavocedelpaese.info\/index.php\/wp-json\/wp\/v2\/media?parent=741"}],"wp:term":[{"taxonomy":"category","embeddable":true,"href":"https:\/\/lavocedelpaese.info\/index.php\/wp-json\/wp\/v2\/categories?post=741"},{"taxonomy":"post_tag","embeddable":true,"href":"https:\/\/lavocedelpaese.info\/index.php\/wp-json\/wp\/v2\/tags?post=741"}],"curies":[{"name":"wp","href":"https:\/\/api.w.org\/{rel}","templated":true}]}}