{"id":738,"date":"2023-01-16T01:37:48","date_gmt":"2023-01-16T01:37:48","guid":{"rendered":"https:\/\/lavocedelpaese.info\/?p=738"},"modified":"2023-01-16T01:37:49","modified_gmt":"2023-01-16T01:37:49","slug":"enoturismo-stefano-contrario-alla-politica-delle-etichette","status":"publish","type":"post","link":"https:\/\/lavocedelpaese.info\/index.php\/2023\/01\/16\/enoturismo-stefano-contrario-alla-politica-delle-etichette\/","title":{"rendered":"Enoturismo, Stef\u00e0no contrario alla politica delle etichette"},"content":{"rendered":"\n<p>\u00abLa possibilit\u00e0 di ricorrere alle etichette allarmistiche sul vino \u00e8 un immane orrore ed errore\u00bb \u2013 \u00e8 quanto dichiara Dario Stefano, senatore nelle scorse due legislature e padre della norma sull\u2019enoturismo.<\/p>\n\n\n\n<p>\u00abIl via libera dell&#8217;Unione Europea alla possibilit\u00e0 che l\u2019Irlanda faccia ricorso a questa forma di dissuasione non \u00e8 solamente un attacco all&#8217;Italia, che \u00e8 il principale produttore ed esportatore mondiale di vino, ma rappresenta la sconfitta di quella che \u00e8 la \u201ccivilt\u00e0 del bere\u201d. C\u2019\u00e8 una differenza siderale \u2013 sottolinea l\u2019onorevole Stef\u00e0no \u2013 tra l\u2019abuso dei superalcolici e il consumo del vino. Assimilarli significa di fatto ignorare e oltraggiare la storia e la tradizione di territori che sono e hanno costruito l\u2019Europa\u00bb.<\/p>\n\n\n\n<p>\u00abVestire una bottiglia di vino con un&#8217;etichetta con avvertenze &#8216;terroristiche&#8217; non solo getta una grave ipoteca su una filiera che nel nostro Paese rappresenta la principale voce dell&#8217;export agroalimentare ma contraddice anche quanto deliberato in materia dal Parlamento europeo solo qualche settimana fa. Mi auguro \u2013 conclude Stefano \u2013 che il governo e il ministro competente per materia si attivino con qualsiasi iniziativa ed immediatamente per ribadire la contrariet\u00e0 del nostro Paese a questa vera e propria follia. Auspicando ben altro piglio rispetto a quanto sta accadendo con le accise dei carburanti\u00bb.<\/p>\n","protected":false},"excerpt":{"rendered":"<p>\u00abLa possibilit\u00e0 di ricorrere alle etichette allarmistiche sul vino \u00e8 un immane orrore ed errore\u00bb \u2013 \u00e8 quanto dichiara Dario<\/p>\n","protected":false},"author":6,"featured_media":739,"comment_status":"open","ping_status":"closed","sticky":false,"template":"","format":"standard","meta":{"colormag_page_container_layout":"default_layout","colormag_page_sidebar_layout":"default_layout","footnotes":""},"categories":[7],"tags":[],"class_list":["post-738","post","type-post","status-publish","format-standard","has-post-thumbnail","hentry","category-regione"],"yoast_head":"<!-- This site is optimized with the Yoast SEO plugin v27.5 - https:\/\/yoast.com\/product\/yoast-seo-wordpress\/ -->\n<title>Enoturismo, Stef\u00e0no contrario alla politica delle etichette - La Voce del Paese<\/title>\n<meta name=\"robots\" content=\"index, follow, max-snippet:-1, max-image-preview:large, max-video-preview:-1\" \/>\n<link rel=\"canonical\" href=\"https:\/\/lavocedelpaese.info\/index.php\/2023\/01\/16\/enoturismo-stefano-contrario-alla-politica-delle-etichette\/\" \/>\n<meta property=\"og:locale\" content=\"it_IT\" \/>\n<meta property=\"og:type\" content=\"article\" \/>\n<meta property=\"og:title\" content=\"Enoturismo, Stef\u00e0no contrario alla politica delle etichette - La Voce del Paese\" \/>\n<meta property=\"og:description\" content=\"\u00abLa possibilit\u00e0 di ricorrere alle etichette allarmistiche sul vino \u00e8 un immane orrore ed errore\u00bb \u2013 \u00e8 quanto dichiara Dario\" \/>\n<meta property=\"og:url\" content=\"https:\/\/lavocedelpaese.info\/index.php\/2023\/01\/16\/enoturismo-stefano-contrario-alla-politica-delle-etichette\/\" \/>\n<meta property=\"og:site_name\" content=\"La Voce del Paese\" \/>\n<meta property=\"article:publisher\" content=\"https:\/\/www.facebook.com\/lavocedelpaese.info\" \/>\n<meta property=\"article:published_time\" content=\"2023-01-16T01:37:48+00:00\" \/>\n<meta property=\"article:modified_time\" content=\"2023-01-16T01:37:49+00:00\" \/>\n<meta property=\"og:image\" content=\"https:\/\/lavocedelpaese.info\/wp-content\/uploads\/2023\/01\/Vino-bicchieri.jpg\" \/>\n\t<meta property=\"og:image:width\" content=\"1000\" \/>\n\t<meta property=\"og:image:height\" content=\"555\" \/>\n\t<meta property=\"og:image:type\" content=\"image\/jpeg\" \/>\n<meta name=\"author\" content=\"admin\" \/>\n<meta name=\"twitter:card\" content=\"summary_large_image\" \/>\n<meta name=\"twitter:label1\" content=\"Scritto da\" \/>\n\t<meta name=\"twitter:data1\" content=\"admin\" \/>\n\t<meta name=\"twitter:label2\" content=\"Tempo di lettura stimato\" \/>\n\t<meta name=\"twitter:data2\" content=\"1 minuto\" \/>\n<script type=\"application\/ld+json\" class=\"yoast-schema-graph\">{\"@context\":\"https:\\\/\\\/schema.org\",\"@graph\":[{\"@type\":\"Article\",\"@id\":\"https:\\\/\\\/lavocedelpaese.info\\\/index.php\\\/2023\\\/01\\\/16\\\/enoturismo-stefano-contrario-alla-politica-delle-etichette\\\/#article\",\"isPartOf\":{\"@id\":\"https:\\\/\\\/lavocedelpaese.info\\\/index.php\\\/2023\\\/01\\\/16\\\/enoturismo-stefano-contrario-alla-politica-delle-etichette\\\/\"},\"author\":{\"name\":\"admin\",\"@id\":\"https:\\\/\\\/lavocedelpaese.info\\\/#\\\/schema\\\/person\\\/ec151d321306bd7591f7a061abf72d88\"},\"headline\":\"Enoturismo, Stef\u00e0no contrario alla politica delle etichette\",\"datePublished\":\"2023-01-16T01:37:48+00:00\",\"dateModified\":\"2023-01-16T01:37:49+00:00\",\"mainEntityOfPage\":{\"@id\":\"https:\\\/\\\/lavocedelpaese.info\\\/index.php\\\/2023\\\/01\\\/16\\\/enoturismo-stefano-contrario-alla-politica-delle-etichette\\\/\"},\"wordCount\":213,\"commentCount\":0,\"publisher\":{\"@id\":\"https:\\\/\\\/lavocedelpaese.info\\\/#organization\"},\"image\":{\"@id\":\"https:\\\/\\\/lavocedelpaese.info\\\/index.php\\\/2023\\\/01\\\/16\\\/enoturismo-stefano-contrario-alla-politica-delle-etichette\\\/#primaryimage\"},\"thumbnailUrl\":\"https:\\\/\\\/lavocedelpaese.info\\\/wp-content\\\/uploads\\\/2023\\\/01\\\/Vino-bicchieri.jpg\",\"articleSection\":[\"Regione\"],\"inLanguage\":\"it-IT\",\"potentialAction\":[{\"@type\":\"CommentAction\",\"name\":\"Comment\",\"target\":[\"https:\\\/\\\/lavocedelpaese.info\\\/index.php\\\/2023\\\/01\\\/16\\\/enoturismo-stefano-contrario-alla-politica-delle-etichette\\\/#respond\"]}]},{\"@type\":\"WebPage\",\"@id\":\"https:\\\/\\\/lavocedelpaese.info\\\/index.php\\\/2023\\\/01\\\/16\\\/enoturismo-stefano-contrario-alla-politica-delle-etichette\\\/\",\"url\":\"https:\\\/\\\/lavocedelpaese.info\\\/index.php\\\/2023\\\/01\\\/16\\\/enoturismo-stefano-contrario-alla-politica-delle-etichette\\\/\",\"name\":\"Enoturismo, Stef\u00e0no contrario alla politica delle etichette - La Voce del Paese\",\"isPartOf\":{\"@id\":\"https:\\\/\\\/lavocedelpaese.info\\\/#website\"},\"primaryImageOfPage\":{\"@id\":\"https:\\\/\\\/lavocedelpaese.info\\\/index.php\\\/2023\\\/01\\\/16\\\/enoturismo-stefano-contrario-alla-politica-delle-etichette\\\/#primaryimage\"},\"image\":{\"@id\":\"https:\\\/\\\/lavocedelpaese.info\\\/index.php\\\/2023\\\/01\\\/16\\\/enoturismo-stefano-contrario-alla-politica-delle-etichette\\\/#primaryimage\"},\"thumbnailUrl\":\"https:\\\/\\\/lavocedelpaese.info\\\/wp-content\\\/uploads\\\/2023\\\/01\\\/Vino-bicchieri.jpg\",\"datePublished\":\"2023-01-16T01:37:48+00:00\",\"dateModified\":\"2023-01-16T01:37:49+00:00\",\"breadcrumb\":{\"@id\":\"https:\\\/\\\/lavocedelpaese.info\\\/index.php\\\/2023\\\/01\\\/16\\\/enoturismo-stefano-contrario-alla-politica-delle-etichette\\\/#breadcrumb\"},\"inLanguage\":\"it-IT\",\"potentialAction\":[{\"@type\":\"ReadAction\",\"target\":[\"https:\\\/\\\/lavocedelpaese.info\\\/index.php\\\/2023\\\/01\\\/16\\\/enoturismo-stefano-contrario-alla-politica-delle-etichette\\\/\"]}]},{\"@type\":\"ImageObject\",\"inLanguage\":\"it-IT\",\"@id\":\"https:\\\/\\\/lavocedelpaese.info\\\/index.php\\\/2023\\\/01\\\/16\\\/enoturismo-stefano-contrario-alla-politica-delle-etichette\\\/#primaryimage\",\"url\":\"https:\\\/\\\/lavocedelpaese.info\\\/wp-content\\\/uploads\\\/2023\\\/01\\\/Vino-bicchieri.jpg\",\"contentUrl\":\"https:\\\/\\\/lavocedelpaese.info\\\/wp-content\\\/uploads\\\/2023\\\/01\\\/Vino-bicchieri.jpg\",\"width\":1000,\"height\":555},{\"@type\":\"BreadcrumbList\",\"@id\":\"https:\\\/\\\/lavocedelpaese.info\\\/index.php\\\/2023\\\/01\\\/16\\\/enoturismo-stefano-contrario-alla-politica-delle-etichette\\\/#breadcrumb\",\"itemListElement\":[{\"@type\":\"ListItem\",\"position\":1,\"name\":\"Home\",\"item\":\"https:\\\/\\\/lavocedelpaese.info\\\/\"},{\"@type\":\"ListItem\",\"position\":2,\"name\":\"Enoturismo, Stef\u00e0no contrario alla politica delle etichette\"}]},{\"@type\":\"WebSite\",\"@id\":\"https:\\\/\\\/lavocedelpaese.info\\\/#website\",\"url\":\"https:\\\/\\\/lavocedelpaese.info\\\/\",\"name\":\"La Voce del Paese\",\"description\":\"Un network di idee\",\"publisher\":{\"@id\":\"https:\\\/\\\/lavocedelpaese.info\\\/#organization\"},\"potentialAction\":[{\"@type\":\"SearchAction\",\"target\":{\"@type\":\"EntryPoint\",\"urlTemplate\":\"https:\\\/\\\/lavocedelpaese.info\\\/?s={search_term_string}\"},\"query-input\":{\"@type\":\"PropertyValueSpecification\",\"valueRequired\":true,\"valueName\":\"search_term_string\"}}],\"inLanguage\":\"it-IT\"},{\"@type\":\"Organization\",\"@id\":\"https:\\\/\\\/lavocedelpaese.info\\\/#organization\",\"name\":\"La Voce del Paese\",\"url\":\"https:\\\/\\\/lavocedelpaese.info\\\/\",\"logo\":{\"@type\":\"ImageObject\",\"inLanguage\":\"it-IT\",\"@id\":\"https:\\\/\\\/lavocedelpaese.info\\\/#\\\/schema\\\/logo\\\/image\\\/\",\"url\":\"https:\\\/\\\/lavocedelpaese.info\\\/wp-content\\\/uploads\\\/2023\\\/01\\\/cropped-logo-150-127.png\",\"contentUrl\":\"https:\\\/\\\/lavocedelpaese.info\\\/wp-content\\\/uploads\\\/2023\\\/01\\\/cropped-logo-150-127.png\",\"width\":137,\"height\":119,\"caption\":\"La Voce del Paese\"},\"image\":{\"@id\":\"https:\\\/\\\/lavocedelpaese.info\\\/#\\\/schema\\\/logo\\\/image\\\/\"},\"sameAs\":[\"https:\\\/\\\/www.facebook.com\\\/lavocedelpaese.info\"]},{\"@type\":\"Person\",\"@id\":\"https:\\\/\\\/lavocedelpaese.info\\\/#\\\/schema\\\/person\\\/ec151d321306bd7591f7a061abf72d88\",\"name\":\"admin\",\"image\":{\"@type\":\"ImageObject\",\"inLanguage\":\"it-IT\",\"@id\":\"https:\\\/\\\/secure.gravatar.com\\\/avatar\\\/af8f2caf0663124588de48a9380e07cbc95a74ef15b8062d0d39106c32fe3023?s=96&d=mm&r=g\",\"url\":\"https:\\\/\\\/secure.gravatar.com\\\/avatar\\\/af8f2caf0663124588de48a9380e07cbc95a74ef15b8062d0d39106c32fe3023?s=96&d=mm&r=g\",\"contentUrl\":\"https:\\\/\\\/secure.gravatar.com\\\/avatar\\\/af8f2caf0663124588de48a9380e07cbc95a74ef15b8062d0d39106c32fe3023?s=96&d=mm&r=g\",\"caption\":\"admin\"},\"sameAs\":[\"https:\\\/\\\/lavocedelpaese.info\"],\"url\":\"https:\\\/\\\/lavocedelpaese.info\\\/index.php\\\/author\\\/admin\\\/\"}]}<\/script>\n<!-- \/ Yoast SEO plugin. -->","yoast_head_json":{"title":"Enoturismo, Stef\u00e0no contrario alla politica delle etichette - La Voce del Paese","robots":{"index":"index","follow":"follow","max-snippet":"max-snippet:-1","max-image-preview":"max-image-preview:large","max-video-preview":"max-video-preview:-1"},"canonical":"https:\/\/lavocedelpaese.info\/index.php\/2023\/01\/16\/enoturismo-stefano-contrario-alla-politica-delle-etichette\/","og_locale":"it_IT","og_type":"article","og_title":"Enoturismo, Stef\u00e0no contrario alla politica delle etichette - La Voce del Paese","og_description":"\u00abLa possibilit\u00e0 di ricorrere alle etichette allarmistiche sul vino \u00e8 un immane orrore ed errore\u00bb \u2013 \u00e8 quanto dichiara Dario","og_url":"https:\/\/lavocedelpaese.info\/index.php\/2023\/01\/16\/enoturismo-stefano-contrario-alla-politica-delle-etichette\/","og_site_name":"La Voce del Paese","article_publisher":"https:\/\/www.facebook.com\/lavocedelpaese.info","article_published_time":"2023-01-16T01:37:48+00:00","article_modified_time":"2023-01-16T01:37:49+00:00","og_image":[{"width":1000,"height":555,"url":"https:\/\/lavocedelpaese.info\/wp-content\/uploads\/2023\/01\/Vino-bicchieri.jpg","type":"image\/jpeg"}],"author":"admin","twitter_card":"summary_large_image","twitter_misc":{"Scritto da":"admin","Tempo di lettura stimato":"1 minuto"},"schema":{"@context":"https:\/\/schema.org","@graph":[{"@type":"Article","@id":"https:\/\/lavocedelpaese.info\/index.php\/2023\/01\/16\/enoturismo-stefano-contrario-alla-politica-delle-etichette\/#article","isPartOf":{"@id":"https:\/\/lavocedelpaese.info\/index.php\/2023\/01\/16\/enoturismo-stefano-contrario-alla-politica-delle-etichette\/"},"author":{"name":"admin","@id":"https:\/\/lavocedelpaese.info\/#\/schema\/person\/ec151d321306bd7591f7a061abf72d88"},"headline":"Enoturismo, Stef\u00e0no contrario alla politica delle etichette","datePublished":"2023-01-16T01:37:48+00:00","dateModified":"2023-01-16T01:37:49+00:00","mainEntityOfPage":{"@id":"https:\/\/lavocedelpaese.info\/index.php\/2023\/01\/16\/enoturismo-stefano-contrario-alla-politica-delle-etichette\/"},"wordCount":213,"commentCount":0,"publisher":{"@id":"https:\/\/lavocedelpaese.info\/#organization"},"image":{"@id":"https:\/\/lavocedelpaese.info\/index.php\/2023\/01\/16\/enoturismo-stefano-contrario-alla-politica-delle-etichette\/#primaryimage"},"thumbnailUrl":"https:\/\/lavocedelpaese.info\/wp-content\/uploads\/2023\/01\/Vino-bicchieri.jpg","articleSection":["Regione"],"inLanguage":"it-IT","potentialAction":[{"@type":"CommentAction","name":"Comment","target":["https:\/\/lavocedelpaese.info\/index.php\/2023\/01\/16\/enoturismo-stefano-contrario-alla-politica-delle-etichette\/#respond"]}]},{"@type":"WebPage","@id":"https:\/\/lavocedelpaese.info\/index.php\/2023\/01\/16\/enoturismo-stefano-contrario-alla-politica-delle-etichette\/","url":"https:\/\/lavocedelpaese.info\/index.php\/2023\/01\/16\/enoturismo-stefano-contrario-alla-politica-delle-etichette\/","name":"Enoturismo, Stef\u00e0no contrario alla politica delle etichette - La Voce del Paese","isPartOf":{"@id":"https:\/\/lavocedelpaese.info\/#website"},"primaryImageOfPage":{"@id":"https:\/\/lavocedelpaese.info\/index.php\/2023\/01\/16\/enoturismo-stefano-contrario-alla-politica-delle-etichette\/#primaryimage"},"image":{"@id":"https:\/\/lavocedelpaese.info\/index.php\/2023\/01\/16\/enoturismo-stefano-contrario-alla-politica-delle-etichette\/#primaryimage"},"thumbnailUrl":"https:\/\/lavocedelpaese.info\/wp-content\/uploads\/2023\/01\/Vino-bicchieri.jpg","datePublished":"2023-01-16T01:37:48+00:00","dateModified":"2023-01-16T01:37:49+00:00","breadcrumb":{"@id":"https:\/\/lavocedelpaese.info\/index.php\/2023\/01\/16\/enoturismo-stefano-contrario-alla-politica-delle-etichette\/#breadcrumb"},"inLanguage":"it-IT","potentialAction":[{"@type":"ReadAction","target":["https:\/\/lavocedelpaese.info\/index.php\/2023\/01\/16\/enoturismo-stefano-contrario-alla-politica-delle-etichette\/"]}]},{"@type":"ImageObject","inLanguage":"it-IT","@id":"https:\/\/lavocedelpaese.info\/index.php\/2023\/01\/16\/enoturismo-stefano-contrario-alla-politica-delle-etichette\/#primaryimage","url":"https:\/\/lavocedelpaese.info\/wp-content\/uploads\/2023\/01\/Vino-bicchieri.jpg","contentUrl":"https:\/\/lavocedelpaese.info\/wp-content\/uploads\/2023\/01\/Vino-bicchieri.jpg","width":1000,"height":555},{"@type":"BreadcrumbList","@id":"https:\/\/lavocedelpaese.info\/index.php\/2023\/01\/16\/enoturismo-stefano-contrario-alla-politica-delle-etichette\/#breadcrumb","itemListElement":[{"@type":"ListItem","position":1,"name":"Home","item":"https:\/\/lavocedelpaese.info\/"},{"@type":"ListItem","position":2,"name":"Enoturismo, Stef\u00e0no contrario alla politica delle etichette"}]},{"@type":"WebSite","@id":"https:\/\/lavocedelpaese.info\/#website","url":"https:\/\/lavocedelpaese.info\/","name":"La Voce del Paese","description":"Un network di idee","publisher":{"@id":"https:\/\/lavocedelpaese.info\/#organization"},"potentialAction":[{"@type":"SearchAction","target":{"@type":"EntryPoint","urlTemplate":"https:\/\/lavocedelpaese.info\/?s={search_term_string}"},"query-input":{"@type":"PropertyValueSpecification","valueRequired":true,"valueName":"search_term_string"}}],"inLanguage":"it-IT"},{"@type":"Organization","@id":"https:\/\/lavocedelpaese.info\/#organization","name":"La Voce del Paese","url":"https:\/\/lavocedelpaese.info\/","logo":{"@type":"ImageObject","inLanguage":"it-IT","@id":"https:\/\/lavocedelpaese.info\/#\/schema\/logo\/image\/","url":"https:\/\/lavocedelpaese.info\/wp-content\/uploads\/2023\/01\/cropped-logo-150-127.png","contentUrl":"https:\/\/lavocedelpaese.info\/wp-content\/uploads\/2023\/01\/cropped-logo-150-127.png","width":137,"height":119,"caption":"La Voce del Paese"},"image":{"@id":"https:\/\/lavocedelpaese.info\/#\/schema\/logo\/image\/"},"sameAs":["https:\/\/www.facebook.com\/lavocedelpaese.info"]},{"@type":"Person","@id":"https:\/\/lavocedelpaese.info\/#\/schema\/person\/ec151d321306bd7591f7a061abf72d88","name":"admin","image":{"@type":"ImageObject","inLanguage":"it-IT","@id":"https:\/\/secure.gravatar.com\/avatar\/af8f2caf0663124588de48a9380e07cbc95a74ef15b8062d0d39106c32fe3023?s=96&d=mm&r=g","url":"https:\/\/secure.gravatar.com\/avatar\/af8f2caf0663124588de48a9380e07cbc95a74ef15b8062d0d39106c32fe3023?s=96&d=mm&r=g","contentUrl":"https:\/\/secure.gravatar.com\/avatar\/af8f2caf0663124588de48a9380e07cbc95a74ef15b8062d0d39106c32fe3023?s=96&d=mm&r=g","caption":"admin"},"sameAs":["https:\/\/lavocedelpaese.info"],"url":"https:\/\/lavocedelpaese.info\/index.php\/author\/admin\/"}]}},"_links":{"self":[{"href":"https:\/\/lavocedelpaese.info\/index.php\/wp-json\/wp\/v2\/posts\/738","targetHints":{"allow":["GET"]}}],"collection":[{"href":"https:\/\/lavocedelpaese.info\/index.php\/wp-json\/wp\/v2\/posts"}],"about":[{"href":"https:\/\/lavocedelpaese.info\/index.php\/wp-json\/wp\/v2\/types\/post"}],"author":[{"embeddable":true,"href":"https:\/\/lavocedelpaese.info\/index.php\/wp-json\/wp\/v2\/users\/6"}],"replies":[{"embeddable":true,"href":"https:\/\/lavocedelpaese.info\/index.php\/wp-json\/wp\/v2\/comments?post=738"}],"version-history":[{"count":1,"href":"https:\/\/lavocedelpaese.info\/index.php\/wp-json\/wp\/v2\/posts\/738\/revisions"}],"predecessor-version":[{"id":740,"href":"https:\/\/lavocedelpaese.info\/index.php\/wp-json\/wp\/v2\/posts\/738\/revisions\/740"}],"wp:featuredmedia":[{"embeddable":true,"href":"https:\/\/lavocedelpaese.info\/index.php\/wp-json\/wp\/v2\/media\/739"}],"wp:attachment":[{"href":"https:\/\/lavocedelpaese.info\/index.php\/wp-json\/wp\/v2\/media?parent=738"}],"wp:term":[{"taxonomy":"category","embeddable":true,"href":"https:\/\/lavocedelpaese.info\/index.php\/wp-json\/wp\/v2\/categories?post=738"},{"taxonomy":"post_tag","embeddable":true,"href":"https:\/\/lavocedelpaese.info\/index.php\/wp-json\/wp\/v2\/tags?post=738"}],"curies":[{"name":"wp","href":"https:\/\/api.w.org\/{rel}","templated":true}]}}