{"id":2519,"date":"2024-06-21T23:20:13","date_gmt":"2024-06-21T23:20:13","guid":{"rendered":"https:\/\/lavocedelpaese.info\/?p=2519"},"modified":"2024-06-21T23:20:15","modified_gmt":"2024-06-21T23:20:15","slug":"rimosso-il-busto-di-jacobini-dalla-sede-della-ex-banca-popolare-di-bari","status":"publish","type":"post","link":"https:\/\/lavocedelpaese.info\/index.php\/2024\/06\/21\/rimosso-il-busto-di-jacobini-dalla-sede-della-ex-banca-popolare-di-bari\/","title":{"rendered":"Rimosso il busto di Jacobini dalla sede della ex Banca Popolare di Bari"},"content":{"rendered":"\n<p>Il 18 giugno 2024, il busto di Luigi Jacobini, fondatore della Banca Popolare di Bari (BPB), \u00e8 stato rimosso dalla sede centrale della banca, ora rinominata Bdm Banca dopo il cambio di propriet\u00e0 e la ristrutturazione finanziaria ad opera del Mediocredito Centrale. Questo atto segna la fine di un\u2019era per la BPB, che ha vissuto una lunga storia di attivit\u00e0 economica e bancaria strettamente legata alla citt\u00e0 di Bari.<\/p>\n\n\n\n<p>La rimozione del busto e la copertura della targa commemorativa con un foglio di carta simboleggiano un chiaro intento di voltare pagina e distanziarsi dal passato, soprattutto dopo le difficolt\u00e0 finanziarie e gli scandali che hanno colpito l\u2019istituto.<\/p>\n\n\n\n<p>Dal punto di vista economico e finanziario, il passaggio da BPB a Bdm Banca rappresenta una trasformazione significativa. Mediocredito Centrale, intervenuto per salvare la banca, sta cercando di stabilire un nuovo corso, che passa anche attraverso il rebranding e la riorganizzazione strutturale. Questo cambiamento \u00e8 destinato a rassicurare i clienti e gli investitori, segnalando una discontinuit\u00e0 rispetto al passato e promuovendo un&#8217;immagine di stabilit\u00e0 e affidabilit\u00e0.<\/p>\n","protected":false},"excerpt":{"rendered":"<p>Il 18 giugno 2024, il busto di Luigi Jacobini, fondatore della Banca Popolare di Bari (BPB), \u00e8 stato rimosso dalla<\/p>\n","protected":false},"author":6,"featured_media":2520,"comment_status":"open","ping_status":"closed","sticky":false,"template":"","format":"standard","meta":{"colormag_page_container_layout":"default_layout","colormag_page_sidebar_layout":"default_layout","footnotes":""},"categories":[2,7],"tags":[],"class_list":["post-2519","post","type-post","status-publish","format-standard","has-post-thumbnail","hentry","category-attualita","category-regione"],"yoast_head":"<!-- This site is optimized with the Yoast SEO plugin v27.5 - https:\/\/yoast.com\/product\/yoast-seo-wordpress\/ -->\n<title>Rimosso il busto di Jacobini dalla sede della ex Banca Popolare di Bari - La Voce del Paese<\/title>\n<meta name=\"robots\" content=\"index, follow, max-snippet:-1, max-image-preview:large, max-video-preview:-1\" \/>\n<link rel=\"canonical\" href=\"https:\/\/lavocedelpaese.info\/index.php\/2024\/06\/21\/rimosso-il-busto-di-jacobini-dalla-sede-della-ex-banca-popolare-di-bari\/\" \/>\n<meta property=\"og:locale\" content=\"it_IT\" \/>\n<meta property=\"og:type\" content=\"article\" \/>\n<meta property=\"og:title\" content=\"Rimosso il busto di Jacobini dalla sede della ex Banca Popolare di Bari - La Voce del Paese\" \/>\n<meta property=\"og:description\" content=\"Il 18 giugno 2024, il busto di Luigi Jacobini, fondatore della Banca Popolare di Bari (BPB), \u00e8 stato rimosso dalla\" \/>\n<meta property=\"og:url\" content=\"https:\/\/lavocedelpaese.info\/index.php\/2024\/06\/21\/rimosso-il-busto-di-jacobini-dalla-sede-della-ex-banca-popolare-di-bari\/\" \/>\n<meta property=\"og:site_name\" content=\"La Voce del Paese\" \/>\n<meta property=\"article:publisher\" content=\"https:\/\/www.facebook.com\/lavocedelpaese.info\" \/>\n<meta property=\"article:published_time\" content=\"2024-06-21T23:20:13+00:00\" \/>\n<meta property=\"article:modified_time\" content=\"2024-06-21T23:20:15+00:00\" \/>\n<meta property=\"og:image\" content=\"https:\/\/lavocedelpaese.info\/wp-content\/uploads\/2024\/06\/banca-popolare-di-bari.jpg\" \/>\n\t<meta property=\"og:image:width\" content=\"1000\" \/>\n\t<meta property=\"og:image:height\" content=\"626\" \/>\n\t<meta property=\"og:image:type\" content=\"image\/jpeg\" \/>\n<meta name=\"author\" content=\"admin\" \/>\n<meta name=\"twitter:card\" content=\"summary_large_image\" \/>\n<meta name=\"twitter:label1\" content=\"Scritto da\" \/>\n\t<meta name=\"twitter:data1\" content=\"admin\" \/>\n\t<meta name=\"twitter:label2\" content=\"Tempo di lettura stimato\" \/>\n\t<meta name=\"twitter:data2\" content=\"2 minuti\" \/>\n<script type=\"application\/ld+json\" class=\"yoast-schema-graph\">{\"@context\":\"https:\\\/\\\/schema.org\",\"@graph\":[{\"@type\":\"Article\",\"@id\":\"https:\\\/\\\/lavocedelpaese.info\\\/index.php\\\/2024\\\/06\\\/21\\\/rimosso-il-busto-di-jacobini-dalla-sede-della-ex-banca-popolare-di-bari\\\/#article\",\"isPartOf\":{\"@id\":\"https:\\\/\\\/lavocedelpaese.info\\\/index.php\\\/2024\\\/06\\\/21\\\/rimosso-il-busto-di-jacobini-dalla-sede-della-ex-banca-popolare-di-bari\\\/\"},\"author\":{\"name\":\"admin\",\"@id\":\"https:\\\/\\\/lavocedelpaese.info\\\/#\\\/schema\\\/person\\\/ec151d321306bd7591f7a061abf72d88\"},\"headline\":\"Rimosso il busto di Jacobini dalla sede della ex Banca Popolare di Bari\",\"datePublished\":\"2024-06-21T23:20:13+00:00\",\"dateModified\":\"2024-06-21T23:20:15+00:00\",\"mainEntityOfPage\":{\"@id\":\"https:\\\/\\\/lavocedelpaese.info\\\/index.php\\\/2024\\\/06\\\/21\\\/rimosso-il-busto-di-jacobini-dalla-sede-della-ex-banca-popolare-di-bari\\\/\"},\"wordCount\":185,\"commentCount\":0,\"publisher\":{\"@id\":\"https:\\\/\\\/lavocedelpaese.info\\\/#organization\"},\"image\":{\"@id\":\"https:\\\/\\\/lavocedelpaese.info\\\/index.php\\\/2024\\\/06\\\/21\\\/rimosso-il-busto-di-jacobini-dalla-sede-della-ex-banca-popolare-di-bari\\\/#primaryimage\"},\"thumbnailUrl\":\"https:\\\/\\\/lavocedelpaese.info\\\/wp-content\\\/uploads\\\/2024\\\/06\\\/banca-popolare-di-bari.jpg\",\"articleSection\":[\"Attualit\u00e0\",\"Regione\"],\"inLanguage\":\"it-IT\",\"potentialAction\":[{\"@type\":\"CommentAction\",\"name\":\"Comment\",\"target\":[\"https:\\\/\\\/lavocedelpaese.info\\\/index.php\\\/2024\\\/06\\\/21\\\/rimosso-il-busto-di-jacobini-dalla-sede-della-ex-banca-popolare-di-bari\\\/#respond\"]}]},{\"@type\":\"WebPage\",\"@id\":\"https:\\\/\\\/lavocedelpaese.info\\\/index.php\\\/2024\\\/06\\\/21\\\/rimosso-il-busto-di-jacobini-dalla-sede-della-ex-banca-popolare-di-bari\\\/\",\"url\":\"https:\\\/\\\/lavocedelpaese.info\\\/index.php\\\/2024\\\/06\\\/21\\\/rimosso-il-busto-di-jacobini-dalla-sede-della-ex-banca-popolare-di-bari\\\/\",\"name\":\"Rimosso il busto di Jacobini dalla sede della ex Banca Popolare di Bari - La Voce del Paese\",\"isPartOf\":{\"@id\":\"https:\\\/\\\/lavocedelpaese.info\\\/#website\"},\"primaryImageOfPage\":{\"@id\":\"https:\\\/\\\/lavocedelpaese.info\\\/index.php\\\/2024\\\/06\\\/21\\\/rimosso-il-busto-di-jacobini-dalla-sede-della-ex-banca-popolare-di-bari\\\/#primaryimage\"},\"image\":{\"@id\":\"https:\\\/\\\/lavocedelpaese.info\\\/index.php\\\/2024\\\/06\\\/21\\\/rimosso-il-busto-di-jacobini-dalla-sede-della-ex-banca-popolare-di-bari\\\/#primaryimage\"},\"thumbnailUrl\":\"https:\\\/\\\/lavocedelpaese.info\\\/wp-content\\\/uploads\\\/2024\\\/06\\\/banca-popolare-di-bari.jpg\",\"datePublished\":\"2024-06-21T23:20:13+00:00\",\"dateModified\":\"2024-06-21T23:20:15+00:00\",\"breadcrumb\":{\"@id\":\"https:\\\/\\\/lavocedelpaese.info\\\/index.php\\\/2024\\\/06\\\/21\\\/rimosso-il-busto-di-jacobini-dalla-sede-della-ex-banca-popolare-di-bari\\\/#breadcrumb\"},\"inLanguage\":\"it-IT\",\"potentialAction\":[{\"@type\":\"ReadAction\",\"target\":[\"https:\\\/\\\/lavocedelpaese.info\\\/index.php\\\/2024\\\/06\\\/21\\\/rimosso-il-busto-di-jacobini-dalla-sede-della-ex-banca-popolare-di-bari\\\/\"]}]},{\"@type\":\"ImageObject\",\"inLanguage\":\"it-IT\",\"@id\":\"https:\\\/\\\/lavocedelpaese.info\\\/index.php\\\/2024\\\/06\\\/21\\\/rimosso-il-busto-di-jacobini-dalla-sede-della-ex-banca-popolare-di-bari\\\/#primaryimage\",\"url\":\"https:\\\/\\\/lavocedelpaese.info\\\/wp-content\\\/uploads\\\/2024\\\/06\\\/banca-popolare-di-bari.jpg\",\"contentUrl\":\"https:\\\/\\\/lavocedelpaese.info\\\/wp-content\\\/uploads\\\/2024\\\/06\\\/banca-popolare-di-bari.jpg\",\"width\":1000,\"height\":626},{\"@type\":\"BreadcrumbList\",\"@id\":\"https:\\\/\\\/lavocedelpaese.info\\\/index.php\\\/2024\\\/06\\\/21\\\/rimosso-il-busto-di-jacobini-dalla-sede-della-ex-banca-popolare-di-bari\\\/#breadcrumb\",\"itemListElement\":[{\"@type\":\"ListItem\",\"position\":1,\"name\":\"Home\",\"item\":\"https:\\\/\\\/lavocedelpaese.info\\\/\"},{\"@type\":\"ListItem\",\"position\":2,\"name\":\"Rimosso il busto di Jacobini dalla sede della ex Banca Popolare di Bari\"}]},{\"@type\":\"WebSite\",\"@id\":\"https:\\\/\\\/lavocedelpaese.info\\\/#website\",\"url\":\"https:\\\/\\\/lavocedelpaese.info\\\/\",\"name\":\"La Voce del Paese\",\"description\":\"Un network di idee\",\"publisher\":{\"@id\":\"https:\\\/\\\/lavocedelpaese.info\\\/#organization\"},\"potentialAction\":[{\"@type\":\"SearchAction\",\"target\":{\"@type\":\"EntryPoint\",\"urlTemplate\":\"https:\\\/\\\/lavocedelpaese.info\\\/?s={search_term_string}\"},\"query-input\":{\"@type\":\"PropertyValueSpecification\",\"valueRequired\":true,\"valueName\":\"search_term_string\"}}],\"inLanguage\":\"it-IT\"},{\"@type\":\"Organization\",\"@id\":\"https:\\\/\\\/lavocedelpaese.info\\\/#organization\",\"name\":\"La Voce del Paese\",\"url\":\"https:\\\/\\\/lavocedelpaese.info\\\/\",\"logo\":{\"@type\":\"ImageObject\",\"inLanguage\":\"it-IT\",\"@id\":\"https:\\\/\\\/lavocedelpaese.info\\\/#\\\/schema\\\/logo\\\/image\\\/\",\"url\":\"https:\\\/\\\/lavocedelpaese.info\\\/wp-content\\\/uploads\\\/2023\\\/01\\\/cropped-logo-150-127.png\",\"contentUrl\":\"https:\\\/\\\/lavocedelpaese.info\\\/wp-content\\\/uploads\\\/2023\\\/01\\\/cropped-logo-150-127.png\",\"width\":137,\"height\":119,\"caption\":\"La Voce del Paese\"},\"image\":{\"@id\":\"https:\\\/\\\/lavocedelpaese.info\\\/#\\\/schema\\\/logo\\\/image\\\/\"},\"sameAs\":[\"https:\\\/\\\/www.facebook.com\\\/lavocedelpaese.info\"]},{\"@type\":\"Person\",\"@id\":\"https:\\\/\\\/lavocedelpaese.info\\\/#\\\/schema\\\/person\\\/ec151d321306bd7591f7a061abf72d88\",\"name\":\"admin\",\"image\":{\"@type\":\"ImageObject\",\"inLanguage\":\"it-IT\",\"@id\":\"https:\\\/\\\/secure.gravatar.com\\\/avatar\\\/af8f2caf0663124588de48a9380e07cbc95a74ef15b8062d0d39106c32fe3023?s=96&d=mm&r=g\",\"url\":\"https:\\\/\\\/secure.gravatar.com\\\/avatar\\\/af8f2caf0663124588de48a9380e07cbc95a74ef15b8062d0d39106c32fe3023?s=96&d=mm&r=g\",\"contentUrl\":\"https:\\\/\\\/secure.gravatar.com\\\/avatar\\\/af8f2caf0663124588de48a9380e07cbc95a74ef15b8062d0d39106c32fe3023?s=96&d=mm&r=g\",\"caption\":\"admin\"},\"sameAs\":[\"https:\\\/\\\/lavocedelpaese.info\"],\"url\":\"https:\\\/\\\/lavocedelpaese.info\\\/index.php\\\/author\\\/admin\\\/\"}]}<\/script>\n<!-- \/ Yoast SEO plugin. -->","yoast_head_json":{"title":"Rimosso il busto di Jacobini dalla sede della ex Banca Popolare di Bari - La Voce del Paese","robots":{"index":"index","follow":"follow","max-snippet":"max-snippet:-1","max-image-preview":"max-image-preview:large","max-video-preview":"max-video-preview:-1"},"canonical":"https:\/\/lavocedelpaese.info\/index.php\/2024\/06\/21\/rimosso-il-busto-di-jacobini-dalla-sede-della-ex-banca-popolare-di-bari\/","og_locale":"it_IT","og_type":"article","og_title":"Rimosso il busto di Jacobini dalla sede della ex Banca Popolare di Bari - La Voce del Paese","og_description":"Il 18 giugno 2024, il busto di Luigi Jacobini, fondatore della Banca Popolare di Bari (BPB), \u00e8 stato rimosso dalla","og_url":"https:\/\/lavocedelpaese.info\/index.php\/2024\/06\/21\/rimosso-il-busto-di-jacobini-dalla-sede-della-ex-banca-popolare-di-bari\/","og_site_name":"La Voce del Paese","article_publisher":"https:\/\/www.facebook.com\/lavocedelpaese.info","article_published_time":"2024-06-21T23:20:13+00:00","article_modified_time":"2024-06-21T23:20:15+00:00","og_image":[{"width":1000,"height":626,"url":"https:\/\/lavocedelpaese.info\/wp-content\/uploads\/2024\/06\/banca-popolare-di-bari.jpg","type":"image\/jpeg"}],"author":"admin","twitter_card":"summary_large_image","twitter_misc":{"Scritto da":"admin","Tempo di lettura stimato":"2 minuti"},"schema":{"@context":"https:\/\/schema.org","@graph":[{"@type":"Article","@id":"https:\/\/lavocedelpaese.info\/index.php\/2024\/06\/21\/rimosso-il-busto-di-jacobini-dalla-sede-della-ex-banca-popolare-di-bari\/#article","isPartOf":{"@id":"https:\/\/lavocedelpaese.info\/index.php\/2024\/06\/21\/rimosso-il-busto-di-jacobini-dalla-sede-della-ex-banca-popolare-di-bari\/"},"author":{"name":"admin","@id":"https:\/\/lavocedelpaese.info\/#\/schema\/person\/ec151d321306bd7591f7a061abf72d88"},"headline":"Rimosso il busto di Jacobini dalla sede della ex Banca Popolare di Bari","datePublished":"2024-06-21T23:20:13+00:00","dateModified":"2024-06-21T23:20:15+00:00","mainEntityOfPage":{"@id":"https:\/\/lavocedelpaese.info\/index.php\/2024\/06\/21\/rimosso-il-busto-di-jacobini-dalla-sede-della-ex-banca-popolare-di-bari\/"},"wordCount":185,"commentCount":0,"publisher":{"@id":"https:\/\/lavocedelpaese.info\/#organization"},"image":{"@id":"https:\/\/lavocedelpaese.info\/index.php\/2024\/06\/21\/rimosso-il-busto-di-jacobini-dalla-sede-della-ex-banca-popolare-di-bari\/#primaryimage"},"thumbnailUrl":"https:\/\/lavocedelpaese.info\/wp-content\/uploads\/2024\/06\/banca-popolare-di-bari.jpg","articleSection":["Attualit\u00e0","Regione"],"inLanguage":"it-IT","potentialAction":[{"@type":"CommentAction","name":"Comment","target":["https:\/\/lavocedelpaese.info\/index.php\/2024\/06\/21\/rimosso-il-busto-di-jacobini-dalla-sede-della-ex-banca-popolare-di-bari\/#respond"]}]},{"@type":"WebPage","@id":"https:\/\/lavocedelpaese.info\/index.php\/2024\/06\/21\/rimosso-il-busto-di-jacobini-dalla-sede-della-ex-banca-popolare-di-bari\/","url":"https:\/\/lavocedelpaese.info\/index.php\/2024\/06\/21\/rimosso-il-busto-di-jacobini-dalla-sede-della-ex-banca-popolare-di-bari\/","name":"Rimosso il busto di Jacobini dalla sede della ex Banca Popolare di Bari - La Voce del Paese","isPartOf":{"@id":"https:\/\/lavocedelpaese.info\/#website"},"primaryImageOfPage":{"@id":"https:\/\/lavocedelpaese.info\/index.php\/2024\/06\/21\/rimosso-il-busto-di-jacobini-dalla-sede-della-ex-banca-popolare-di-bari\/#primaryimage"},"image":{"@id":"https:\/\/lavocedelpaese.info\/index.php\/2024\/06\/21\/rimosso-il-busto-di-jacobini-dalla-sede-della-ex-banca-popolare-di-bari\/#primaryimage"},"thumbnailUrl":"https:\/\/lavocedelpaese.info\/wp-content\/uploads\/2024\/06\/banca-popolare-di-bari.jpg","datePublished":"2024-06-21T23:20:13+00:00","dateModified":"2024-06-21T23:20:15+00:00","breadcrumb":{"@id":"https:\/\/lavocedelpaese.info\/index.php\/2024\/06\/21\/rimosso-il-busto-di-jacobini-dalla-sede-della-ex-banca-popolare-di-bari\/#breadcrumb"},"inLanguage":"it-IT","potentialAction":[{"@type":"ReadAction","target":["https:\/\/lavocedelpaese.info\/index.php\/2024\/06\/21\/rimosso-il-busto-di-jacobini-dalla-sede-della-ex-banca-popolare-di-bari\/"]}]},{"@type":"ImageObject","inLanguage":"it-IT","@id":"https:\/\/lavocedelpaese.info\/index.php\/2024\/06\/21\/rimosso-il-busto-di-jacobini-dalla-sede-della-ex-banca-popolare-di-bari\/#primaryimage","url":"https:\/\/lavocedelpaese.info\/wp-content\/uploads\/2024\/06\/banca-popolare-di-bari.jpg","contentUrl":"https:\/\/lavocedelpaese.info\/wp-content\/uploads\/2024\/06\/banca-popolare-di-bari.jpg","width":1000,"height":626},{"@type":"BreadcrumbList","@id":"https:\/\/lavocedelpaese.info\/index.php\/2024\/06\/21\/rimosso-il-busto-di-jacobini-dalla-sede-della-ex-banca-popolare-di-bari\/#breadcrumb","itemListElement":[{"@type":"ListItem","position":1,"name":"Home","item":"https:\/\/lavocedelpaese.info\/"},{"@type":"ListItem","position":2,"name":"Rimosso il busto di Jacobini dalla sede della ex Banca Popolare di Bari"}]},{"@type":"WebSite","@id":"https:\/\/lavocedelpaese.info\/#website","url":"https:\/\/lavocedelpaese.info\/","name":"La Voce del Paese","description":"Un network di idee","publisher":{"@id":"https:\/\/lavocedelpaese.info\/#organization"},"potentialAction":[{"@type":"SearchAction","target":{"@type":"EntryPoint","urlTemplate":"https:\/\/lavocedelpaese.info\/?s={search_term_string}"},"query-input":{"@type":"PropertyValueSpecification","valueRequired":true,"valueName":"search_term_string"}}],"inLanguage":"it-IT"},{"@type":"Organization","@id":"https:\/\/lavocedelpaese.info\/#organization","name":"La Voce del Paese","url":"https:\/\/lavocedelpaese.info\/","logo":{"@type":"ImageObject","inLanguage":"it-IT","@id":"https:\/\/lavocedelpaese.info\/#\/schema\/logo\/image\/","url":"https:\/\/lavocedelpaese.info\/wp-content\/uploads\/2023\/01\/cropped-logo-150-127.png","contentUrl":"https:\/\/lavocedelpaese.info\/wp-content\/uploads\/2023\/01\/cropped-logo-150-127.png","width":137,"height":119,"caption":"La Voce del Paese"},"image":{"@id":"https:\/\/lavocedelpaese.info\/#\/schema\/logo\/image\/"},"sameAs":["https:\/\/www.facebook.com\/lavocedelpaese.info"]},{"@type":"Person","@id":"https:\/\/lavocedelpaese.info\/#\/schema\/person\/ec151d321306bd7591f7a061abf72d88","name":"admin","image":{"@type":"ImageObject","inLanguage":"it-IT","@id":"https:\/\/secure.gravatar.com\/avatar\/af8f2caf0663124588de48a9380e07cbc95a74ef15b8062d0d39106c32fe3023?s=96&d=mm&r=g","url":"https:\/\/secure.gravatar.com\/avatar\/af8f2caf0663124588de48a9380e07cbc95a74ef15b8062d0d39106c32fe3023?s=96&d=mm&r=g","contentUrl":"https:\/\/secure.gravatar.com\/avatar\/af8f2caf0663124588de48a9380e07cbc95a74ef15b8062d0d39106c32fe3023?s=96&d=mm&r=g","caption":"admin"},"sameAs":["https:\/\/lavocedelpaese.info"],"url":"https:\/\/lavocedelpaese.info\/index.php\/author\/admin\/"}]}},"_links":{"self":[{"href":"https:\/\/lavocedelpaese.info\/index.php\/wp-json\/wp\/v2\/posts\/2519","targetHints":{"allow":["GET"]}}],"collection":[{"href":"https:\/\/lavocedelpaese.info\/index.php\/wp-json\/wp\/v2\/posts"}],"about":[{"href":"https:\/\/lavocedelpaese.info\/index.php\/wp-json\/wp\/v2\/types\/post"}],"author":[{"embeddable":true,"href":"https:\/\/lavocedelpaese.info\/index.php\/wp-json\/wp\/v2\/users\/6"}],"replies":[{"embeddable":true,"href":"https:\/\/lavocedelpaese.info\/index.php\/wp-json\/wp\/v2\/comments?post=2519"}],"version-history":[{"count":1,"href":"https:\/\/lavocedelpaese.info\/index.php\/wp-json\/wp\/v2\/posts\/2519\/revisions"}],"predecessor-version":[{"id":2521,"href":"https:\/\/lavocedelpaese.info\/index.php\/wp-json\/wp\/v2\/posts\/2519\/revisions\/2521"}],"wp:featuredmedia":[{"embeddable":true,"href":"https:\/\/lavocedelpaese.info\/index.php\/wp-json\/wp\/v2\/media\/2520"}],"wp:attachment":[{"href":"https:\/\/lavocedelpaese.info\/index.php\/wp-json\/wp\/v2\/media?parent=2519"}],"wp:term":[{"taxonomy":"category","embeddable":true,"href":"https:\/\/lavocedelpaese.info\/index.php\/wp-json\/wp\/v2\/categories?post=2519"},{"taxonomy":"post_tag","embeddable":true,"href":"https:\/\/lavocedelpaese.info\/index.php\/wp-json\/wp\/v2\/tags?post=2519"}],"curies":[{"name":"wp","href":"https:\/\/api.w.org\/{rel}","templated":true}]}}