{"id":2503,"date":"2024-06-21T23:23:59","date_gmt":"2024-06-21T23:23:59","guid":{"rendered":"https:\/\/lavocedelpaese.info\/?p=2503"},"modified":"2024-06-21T23:24:00","modified_gmt":"2024-06-21T23:24:00","slug":"estate-con-noi-2024-al-via-la-campagna-estiva-della-polizia-di-stato","status":"publish","type":"post","link":"https:\/\/lavocedelpaese.info\/index.php\/2024\/06\/21\/estate-con-noi-2024-al-via-la-campagna-estiva-della-polizia-di-stato\/","title":{"rendered":"\u201cE\u2026state con noi 2024\u201d al via la campagna estiva della Polizia di Stato"},"content":{"rendered":"\n<p>Parte&nbsp;oggi&nbsp;da San Teodoro in Sardegna e da Reggio Calabria, l\u2019edizione 2024 della campagna di sicurezza stradale \u201cE\u2026state con noi\u201d in cui la Polizia di Stato accompagner\u00e0 il viaggio di quanti approfitteranno della bella stagione per visitare le principali localit\u00e0 turistiche italiane.<\/p>\n\n\n\n<p>Nei fine settimana estivi in cui il flusso dei vacanzieri sar\u00e0 particolarmente intenso, gli agenti della Polizia Stradale, con il coordinamento dei Centri operativi dislocati su tutto il territorio nazionale, saranno presenti sulla viabilit\u00e0 della movida, con numerosi dispositivi di controllo per contrastare le condotte di guida rischiose. Saranno messe in campo tutte le tecnologie in uso alla Specialit\u00e0 come etilometri e strumenti per il controllo della viabilit\u00e0 e della sicurezza stradale come street control e police controller.&nbsp; Inoltre, grazie alla collaborazione di Fondazione ania e di Autostrade per l\u2019Italia, sar\u00e0 impiegato anche il laboratorio mobile per accertare su strada lo stato di alterazione psicofisica dovuto all\u2019assunzione di stupefacenti attraverso analisi di secondo livello.<\/p>\n\n\n\n<p>Per rafforzare l\u2019azione di contrasto alle condotte di guida rischiose, sar\u00e0 dedicata particolare attenzione anche alle attivit\u00e0 dedicate a&nbsp;promuovere la cultura della legalit\u00e0 sensibilizzando l\u2019utenza sui comportamenti responsabili e prudenti da adottare sulla strada per arginare il fenomeno dell\u2019incidentalit\u00e0 stradale che continua a mietere vittime soprattutto tra i giovani fino a 24 anni.<\/p>\n\n\n\n<p>Fino al 15\u00a0settembre\u00a0le donne e gli uomini della Polizia Stradale, a bordo di mezzi particolarmente rappresentativi come Lamborghini, Tesla, Pullman Azzurro o Camper Azzurro attraverseranno tutto lo Stivale raggiungendo le principali localit\u00e0 turistiche montane e balneari.<\/p>\n\n\n\n<figure class=\"wp-block-embed is-type-video is-provider-youtube wp-block-embed-youtube wp-embed-aspect-16-9 wp-has-aspect-ratio\"><div class=\"wp-block-embed__wrapper\">\n<iframe loading=\"lazy\" title=\"\u201cE\u2026state con noi 2024\u201d \u2013 al via la campagna estiva della Polizia di Stato\" width=\"800\" height=\"450\" src=\"https:\/\/www.youtube.com\/embed\/L00v1AWLeBw?start=1&#038;feature=oembed\" frameborder=\"0\" allow=\"accelerometer; autoplay; clipboard-write; encrypted-media; gyroscope; picture-in-picture; web-share\" referrerpolicy=\"strict-origin-when-cross-origin\" allowfullscreen><\/iframe>\n<\/div><\/figure>\n","protected":false},"excerpt":{"rendered":"<p>Parte&nbsp;oggi&nbsp;da San Teodoro in Sardegna e da Reggio Calabria, l\u2019edizione 2024 della campagna di sicurezza stradale \u201cE\u2026state con noi\u201d in<\/p>\n","protected":false},"author":6,"featured_media":2506,"comment_status":"open","ping_status":"closed","sticky":false,"template":"","format":"standard","meta":{"colormag_page_container_layout":"default_layout","colormag_page_sidebar_layout":"default_layout","footnotes":""},"categories":[2,34],"tags":[],"class_list":["post-2503","post","type-post","status-publish","format-standard","has-post-thumbnail","hentry","category-attualita","category-box-laterali-blocco-1"],"yoast_head":"<!-- This site is optimized with the Yoast SEO plugin v27.5 - https:\/\/yoast.com\/product\/yoast-seo-wordpress\/ -->\n<title>\u201cE\u2026state con noi 2024\u201d al via la campagna estiva della Polizia di Stato - La Voce del Paese<\/title>\n<meta name=\"robots\" content=\"index, follow, max-snippet:-1, max-image-preview:large, max-video-preview:-1\" \/>\n<link rel=\"canonical\" href=\"https:\/\/lavocedelpaese.info\/index.php\/2024\/06\/21\/estate-con-noi-2024-al-via-la-campagna-estiva-della-polizia-di-stato\/\" \/>\n<meta property=\"og:locale\" content=\"it_IT\" \/>\n<meta property=\"og:type\" content=\"article\" \/>\n<meta property=\"og:title\" content=\"\u201cE\u2026state con noi 2024\u201d al via la campagna estiva della Polizia di Stato - La Voce del Paese\" \/>\n<meta property=\"og:description\" content=\"Parte&nbsp;oggi&nbsp;da San Teodoro in Sardegna e da Reggio Calabria, l\u2019edizione 2024 della campagna di sicurezza stradale \u201cE\u2026state con noi\u201d in\" \/>\n<meta property=\"og:url\" content=\"https:\/\/lavocedelpaese.info\/index.php\/2024\/06\/21\/estate-con-noi-2024-al-via-la-campagna-estiva-della-polizia-di-stato\/\" \/>\n<meta property=\"og:site_name\" content=\"La Voce del Paese\" \/>\n<meta property=\"article:publisher\" content=\"https:\/\/www.facebook.com\/lavocedelpaese.info\" \/>\n<meta property=\"article:published_time\" content=\"2024-06-21T23:23:59+00:00\" \/>\n<meta property=\"article:modified_time\" content=\"2024-06-21T23:24:00+00:00\" \/>\n<meta property=\"og:image\" content=\"https:\/\/lavocedelpaese.info\/wp-content\/uploads\/2024\/06\/estate-con-noi-polizia-di-stato.jpg\" \/>\n\t<meta property=\"og:image:width\" content=\"750\" \/>\n\t<meta property=\"og:image:height\" content=\"375\" \/>\n\t<meta property=\"og:image:type\" content=\"image\/jpeg\" \/>\n<meta name=\"author\" content=\"admin\" \/>\n<meta name=\"twitter:card\" content=\"summary_large_image\" \/>\n<meta name=\"twitter:label1\" content=\"Scritto da\" \/>\n\t<meta name=\"twitter:data1\" content=\"admin\" \/>\n\t<meta name=\"twitter:label2\" content=\"Tempo di lettura stimato\" \/>\n\t<meta name=\"twitter:data2\" content=\"2 minuti\" \/>\n<script type=\"application\/ld+json\" class=\"yoast-schema-graph\">{\"@context\":\"https:\\\/\\\/schema.org\",\"@graph\":[{\"@type\":\"Article\",\"@id\":\"https:\\\/\\\/lavocedelpaese.info\\\/index.php\\\/2024\\\/06\\\/21\\\/estate-con-noi-2024-al-via-la-campagna-estiva-della-polizia-di-stato\\\/#article\",\"isPartOf\":{\"@id\":\"https:\\\/\\\/lavocedelpaese.info\\\/index.php\\\/2024\\\/06\\\/21\\\/estate-con-noi-2024-al-via-la-campagna-estiva-della-polizia-di-stato\\\/\"},\"author\":{\"name\":\"admin\",\"@id\":\"https:\\\/\\\/lavocedelpaese.info\\\/#\\\/schema\\\/person\\\/ec151d321306bd7591f7a061abf72d88\"},\"headline\":\"\u201cE\u2026state con noi 2024\u201d al via la campagna estiva della Polizia di Stato\",\"datePublished\":\"2024-06-21T23:23:59+00:00\",\"dateModified\":\"2024-06-21T23:24:00+00:00\",\"mainEntityOfPage\":{\"@id\":\"https:\\\/\\\/lavocedelpaese.info\\\/index.php\\\/2024\\\/06\\\/21\\\/estate-con-noi-2024-al-via-la-campagna-estiva-della-polizia-di-stato\\\/\"},\"wordCount\":282,\"commentCount\":0,\"publisher\":{\"@id\":\"https:\\\/\\\/lavocedelpaese.info\\\/#organization\"},\"image\":{\"@id\":\"https:\\\/\\\/lavocedelpaese.info\\\/index.php\\\/2024\\\/06\\\/21\\\/estate-con-noi-2024-al-via-la-campagna-estiva-della-polizia-di-stato\\\/#primaryimage\"},\"thumbnailUrl\":\"https:\\\/\\\/lavocedelpaese.info\\\/wp-content\\\/uploads\\\/2024\\\/06\\\/estate-con-noi-polizia-di-stato.jpg\",\"articleSection\":[\"Attualit\u00e0\",\"primo piano\"],\"inLanguage\":\"it-IT\",\"potentialAction\":[{\"@type\":\"CommentAction\",\"name\":\"Comment\",\"target\":[\"https:\\\/\\\/lavocedelpaese.info\\\/index.php\\\/2024\\\/06\\\/21\\\/estate-con-noi-2024-al-via-la-campagna-estiva-della-polizia-di-stato\\\/#respond\"]}]},{\"@type\":\"WebPage\",\"@id\":\"https:\\\/\\\/lavocedelpaese.info\\\/index.php\\\/2024\\\/06\\\/21\\\/estate-con-noi-2024-al-via-la-campagna-estiva-della-polizia-di-stato\\\/\",\"url\":\"https:\\\/\\\/lavocedelpaese.info\\\/index.php\\\/2024\\\/06\\\/21\\\/estate-con-noi-2024-al-via-la-campagna-estiva-della-polizia-di-stato\\\/\",\"name\":\"\u201cE\u2026state con noi 2024\u201d al via la campagna estiva della Polizia di Stato - La Voce del Paese\",\"isPartOf\":{\"@id\":\"https:\\\/\\\/lavocedelpaese.info\\\/#website\"},\"primaryImageOfPage\":{\"@id\":\"https:\\\/\\\/lavocedelpaese.info\\\/index.php\\\/2024\\\/06\\\/21\\\/estate-con-noi-2024-al-via-la-campagna-estiva-della-polizia-di-stato\\\/#primaryimage\"},\"image\":{\"@id\":\"https:\\\/\\\/lavocedelpaese.info\\\/index.php\\\/2024\\\/06\\\/21\\\/estate-con-noi-2024-al-via-la-campagna-estiva-della-polizia-di-stato\\\/#primaryimage\"},\"thumbnailUrl\":\"https:\\\/\\\/lavocedelpaese.info\\\/wp-content\\\/uploads\\\/2024\\\/06\\\/estate-con-noi-polizia-di-stato.jpg\",\"datePublished\":\"2024-06-21T23:23:59+00:00\",\"dateModified\":\"2024-06-21T23:24:00+00:00\",\"breadcrumb\":{\"@id\":\"https:\\\/\\\/lavocedelpaese.info\\\/index.php\\\/2024\\\/06\\\/21\\\/estate-con-noi-2024-al-via-la-campagna-estiva-della-polizia-di-stato\\\/#breadcrumb\"},\"inLanguage\":\"it-IT\",\"potentialAction\":[{\"@type\":\"ReadAction\",\"target\":[\"https:\\\/\\\/lavocedelpaese.info\\\/index.php\\\/2024\\\/06\\\/21\\\/estate-con-noi-2024-al-via-la-campagna-estiva-della-polizia-di-stato\\\/\"]}]},{\"@type\":\"ImageObject\",\"inLanguage\":\"it-IT\",\"@id\":\"https:\\\/\\\/lavocedelpaese.info\\\/index.php\\\/2024\\\/06\\\/21\\\/estate-con-noi-2024-al-via-la-campagna-estiva-della-polizia-di-stato\\\/#primaryimage\",\"url\":\"https:\\\/\\\/lavocedelpaese.info\\\/wp-content\\\/uploads\\\/2024\\\/06\\\/estate-con-noi-polizia-di-stato.jpg\",\"contentUrl\":\"https:\\\/\\\/lavocedelpaese.info\\\/wp-content\\\/uploads\\\/2024\\\/06\\\/estate-con-noi-polizia-di-stato.jpg\",\"width\":750,\"height\":375},{\"@type\":\"BreadcrumbList\",\"@id\":\"https:\\\/\\\/lavocedelpaese.info\\\/index.php\\\/2024\\\/06\\\/21\\\/estate-con-noi-2024-al-via-la-campagna-estiva-della-polizia-di-stato\\\/#breadcrumb\",\"itemListElement\":[{\"@type\":\"ListItem\",\"position\":1,\"name\":\"Home\",\"item\":\"https:\\\/\\\/lavocedelpaese.info\\\/\"},{\"@type\":\"ListItem\",\"position\":2,\"name\":\"\u201cE\u2026state con noi 2024\u201d al via la campagna estiva della Polizia di Stato\"}]},{\"@type\":\"WebSite\",\"@id\":\"https:\\\/\\\/lavocedelpaese.info\\\/#website\",\"url\":\"https:\\\/\\\/lavocedelpaese.info\\\/\",\"name\":\"La Voce del Paese\",\"description\":\"Un network di idee\",\"publisher\":{\"@id\":\"https:\\\/\\\/lavocedelpaese.info\\\/#organization\"},\"potentialAction\":[{\"@type\":\"SearchAction\",\"target\":{\"@type\":\"EntryPoint\",\"urlTemplate\":\"https:\\\/\\\/lavocedelpaese.info\\\/?s={search_term_string}\"},\"query-input\":{\"@type\":\"PropertyValueSpecification\",\"valueRequired\":true,\"valueName\":\"search_term_string\"}}],\"inLanguage\":\"it-IT\"},{\"@type\":\"Organization\",\"@id\":\"https:\\\/\\\/lavocedelpaese.info\\\/#organization\",\"name\":\"La Voce del Paese\",\"url\":\"https:\\\/\\\/lavocedelpaese.info\\\/\",\"logo\":{\"@type\":\"ImageObject\",\"inLanguage\":\"it-IT\",\"@id\":\"https:\\\/\\\/lavocedelpaese.info\\\/#\\\/schema\\\/logo\\\/image\\\/\",\"url\":\"https:\\\/\\\/lavocedelpaese.info\\\/wp-content\\\/uploads\\\/2023\\\/01\\\/cropped-logo-150-127.png\",\"contentUrl\":\"https:\\\/\\\/lavocedelpaese.info\\\/wp-content\\\/uploads\\\/2023\\\/01\\\/cropped-logo-150-127.png\",\"width\":137,\"height\":119,\"caption\":\"La Voce del Paese\"},\"image\":{\"@id\":\"https:\\\/\\\/lavocedelpaese.info\\\/#\\\/schema\\\/logo\\\/image\\\/\"},\"sameAs\":[\"https:\\\/\\\/www.facebook.com\\\/lavocedelpaese.info\"]},{\"@type\":\"Person\",\"@id\":\"https:\\\/\\\/lavocedelpaese.info\\\/#\\\/schema\\\/person\\\/ec151d321306bd7591f7a061abf72d88\",\"name\":\"admin\",\"image\":{\"@type\":\"ImageObject\",\"inLanguage\":\"it-IT\",\"@id\":\"https:\\\/\\\/secure.gravatar.com\\\/avatar\\\/af8f2caf0663124588de48a9380e07cbc95a74ef15b8062d0d39106c32fe3023?s=96&d=mm&r=g\",\"url\":\"https:\\\/\\\/secure.gravatar.com\\\/avatar\\\/af8f2caf0663124588de48a9380e07cbc95a74ef15b8062d0d39106c32fe3023?s=96&d=mm&r=g\",\"contentUrl\":\"https:\\\/\\\/secure.gravatar.com\\\/avatar\\\/af8f2caf0663124588de48a9380e07cbc95a74ef15b8062d0d39106c32fe3023?s=96&d=mm&r=g\",\"caption\":\"admin\"},\"sameAs\":[\"https:\\\/\\\/lavocedelpaese.info\"],\"url\":\"https:\\\/\\\/lavocedelpaese.info\\\/index.php\\\/author\\\/admin\\\/\"}]}<\/script>\n<!-- \/ Yoast SEO plugin. -->","yoast_head_json":{"title":"\u201cE\u2026state con noi 2024\u201d al via la campagna estiva della Polizia di Stato - La Voce del Paese","robots":{"index":"index","follow":"follow","max-snippet":"max-snippet:-1","max-image-preview":"max-image-preview:large","max-video-preview":"max-video-preview:-1"},"canonical":"https:\/\/lavocedelpaese.info\/index.php\/2024\/06\/21\/estate-con-noi-2024-al-via-la-campagna-estiva-della-polizia-di-stato\/","og_locale":"it_IT","og_type":"article","og_title":"\u201cE\u2026state con noi 2024\u201d al via la campagna estiva della Polizia di Stato - La Voce del Paese","og_description":"Parte&nbsp;oggi&nbsp;da San Teodoro in Sardegna e da Reggio Calabria, l\u2019edizione 2024 della campagna di sicurezza stradale \u201cE\u2026state con noi\u201d in","og_url":"https:\/\/lavocedelpaese.info\/index.php\/2024\/06\/21\/estate-con-noi-2024-al-via-la-campagna-estiva-della-polizia-di-stato\/","og_site_name":"La Voce del Paese","article_publisher":"https:\/\/www.facebook.com\/lavocedelpaese.info","article_published_time":"2024-06-21T23:23:59+00:00","article_modified_time":"2024-06-21T23:24:00+00:00","og_image":[{"width":750,"height":375,"url":"https:\/\/lavocedelpaese.info\/wp-content\/uploads\/2024\/06\/estate-con-noi-polizia-di-stato.jpg","type":"image\/jpeg"}],"author":"admin","twitter_card":"summary_large_image","twitter_misc":{"Scritto da":"admin","Tempo di lettura stimato":"2 minuti"},"schema":{"@context":"https:\/\/schema.org","@graph":[{"@type":"Article","@id":"https:\/\/lavocedelpaese.info\/index.php\/2024\/06\/21\/estate-con-noi-2024-al-via-la-campagna-estiva-della-polizia-di-stato\/#article","isPartOf":{"@id":"https:\/\/lavocedelpaese.info\/index.php\/2024\/06\/21\/estate-con-noi-2024-al-via-la-campagna-estiva-della-polizia-di-stato\/"},"author":{"name":"admin","@id":"https:\/\/lavocedelpaese.info\/#\/schema\/person\/ec151d321306bd7591f7a061abf72d88"},"headline":"\u201cE\u2026state con noi 2024\u201d al via la campagna estiva della Polizia di Stato","datePublished":"2024-06-21T23:23:59+00:00","dateModified":"2024-06-21T23:24:00+00:00","mainEntityOfPage":{"@id":"https:\/\/lavocedelpaese.info\/index.php\/2024\/06\/21\/estate-con-noi-2024-al-via-la-campagna-estiva-della-polizia-di-stato\/"},"wordCount":282,"commentCount":0,"publisher":{"@id":"https:\/\/lavocedelpaese.info\/#organization"},"image":{"@id":"https:\/\/lavocedelpaese.info\/index.php\/2024\/06\/21\/estate-con-noi-2024-al-via-la-campagna-estiva-della-polizia-di-stato\/#primaryimage"},"thumbnailUrl":"https:\/\/lavocedelpaese.info\/wp-content\/uploads\/2024\/06\/estate-con-noi-polizia-di-stato.jpg","articleSection":["Attualit\u00e0","primo piano"],"inLanguage":"it-IT","potentialAction":[{"@type":"CommentAction","name":"Comment","target":["https:\/\/lavocedelpaese.info\/index.php\/2024\/06\/21\/estate-con-noi-2024-al-via-la-campagna-estiva-della-polizia-di-stato\/#respond"]}]},{"@type":"WebPage","@id":"https:\/\/lavocedelpaese.info\/index.php\/2024\/06\/21\/estate-con-noi-2024-al-via-la-campagna-estiva-della-polizia-di-stato\/","url":"https:\/\/lavocedelpaese.info\/index.php\/2024\/06\/21\/estate-con-noi-2024-al-via-la-campagna-estiva-della-polizia-di-stato\/","name":"\u201cE\u2026state con noi 2024\u201d al via la campagna estiva della Polizia di Stato - La Voce del Paese","isPartOf":{"@id":"https:\/\/lavocedelpaese.info\/#website"},"primaryImageOfPage":{"@id":"https:\/\/lavocedelpaese.info\/index.php\/2024\/06\/21\/estate-con-noi-2024-al-via-la-campagna-estiva-della-polizia-di-stato\/#primaryimage"},"image":{"@id":"https:\/\/lavocedelpaese.info\/index.php\/2024\/06\/21\/estate-con-noi-2024-al-via-la-campagna-estiva-della-polizia-di-stato\/#primaryimage"},"thumbnailUrl":"https:\/\/lavocedelpaese.info\/wp-content\/uploads\/2024\/06\/estate-con-noi-polizia-di-stato.jpg","datePublished":"2024-06-21T23:23:59+00:00","dateModified":"2024-06-21T23:24:00+00:00","breadcrumb":{"@id":"https:\/\/lavocedelpaese.info\/index.php\/2024\/06\/21\/estate-con-noi-2024-al-via-la-campagna-estiva-della-polizia-di-stato\/#breadcrumb"},"inLanguage":"it-IT","potentialAction":[{"@type":"ReadAction","target":["https:\/\/lavocedelpaese.info\/index.php\/2024\/06\/21\/estate-con-noi-2024-al-via-la-campagna-estiva-della-polizia-di-stato\/"]}]},{"@type":"ImageObject","inLanguage":"it-IT","@id":"https:\/\/lavocedelpaese.info\/index.php\/2024\/06\/21\/estate-con-noi-2024-al-via-la-campagna-estiva-della-polizia-di-stato\/#primaryimage","url":"https:\/\/lavocedelpaese.info\/wp-content\/uploads\/2024\/06\/estate-con-noi-polizia-di-stato.jpg","contentUrl":"https:\/\/lavocedelpaese.info\/wp-content\/uploads\/2024\/06\/estate-con-noi-polizia-di-stato.jpg","width":750,"height":375},{"@type":"BreadcrumbList","@id":"https:\/\/lavocedelpaese.info\/index.php\/2024\/06\/21\/estate-con-noi-2024-al-via-la-campagna-estiva-della-polizia-di-stato\/#breadcrumb","itemListElement":[{"@type":"ListItem","position":1,"name":"Home","item":"https:\/\/lavocedelpaese.info\/"},{"@type":"ListItem","position":2,"name":"\u201cE\u2026state con noi 2024\u201d al via la campagna estiva della Polizia di Stato"}]},{"@type":"WebSite","@id":"https:\/\/lavocedelpaese.info\/#website","url":"https:\/\/lavocedelpaese.info\/","name":"La Voce del Paese","description":"Un network di idee","publisher":{"@id":"https:\/\/lavocedelpaese.info\/#organization"},"potentialAction":[{"@type":"SearchAction","target":{"@type":"EntryPoint","urlTemplate":"https:\/\/lavocedelpaese.info\/?s={search_term_string}"},"query-input":{"@type":"PropertyValueSpecification","valueRequired":true,"valueName":"search_term_string"}}],"inLanguage":"it-IT"},{"@type":"Organization","@id":"https:\/\/lavocedelpaese.info\/#organization","name":"La Voce del Paese","url":"https:\/\/lavocedelpaese.info\/","logo":{"@type":"ImageObject","inLanguage":"it-IT","@id":"https:\/\/lavocedelpaese.info\/#\/schema\/logo\/image\/","url":"https:\/\/lavocedelpaese.info\/wp-content\/uploads\/2023\/01\/cropped-logo-150-127.png","contentUrl":"https:\/\/lavocedelpaese.info\/wp-content\/uploads\/2023\/01\/cropped-logo-150-127.png","width":137,"height":119,"caption":"La Voce del Paese"},"image":{"@id":"https:\/\/lavocedelpaese.info\/#\/schema\/logo\/image\/"},"sameAs":["https:\/\/www.facebook.com\/lavocedelpaese.info"]},{"@type":"Person","@id":"https:\/\/lavocedelpaese.info\/#\/schema\/person\/ec151d321306bd7591f7a061abf72d88","name":"admin","image":{"@type":"ImageObject","inLanguage":"it-IT","@id":"https:\/\/secure.gravatar.com\/avatar\/af8f2caf0663124588de48a9380e07cbc95a74ef15b8062d0d39106c32fe3023?s=96&d=mm&r=g","url":"https:\/\/secure.gravatar.com\/avatar\/af8f2caf0663124588de48a9380e07cbc95a74ef15b8062d0d39106c32fe3023?s=96&d=mm&r=g","contentUrl":"https:\/\/secure.gravatar.com\/avatar\/af8f2caf0663124588de48a9380e07cbc95a74ef15b8062d0d39106c32fe3023?s=96&d=mm&r=g","caption":"admin"},"sameAs":["https:\/\/lavocedelpaese.info"],"url":"https:\/\/lavocedelpaese.info\/index.php\/author\/admin\/"}]}},"_links":{"self":[{"href":"https:\/\/lavocedelpaese.info\/index.php\/wp-json\/wp\/v2\/posts\/2503","targetHints":{"allow":["GET"]}}],"collection":[{"href":"https:\/\/lavocedelpaese.info\/index.php\/wp-json\/wp\/v2\/posts"}],"about":[{"href":"https:\/\/lavocedelpaese.info\/index.php\/wp-json\/wp\/v2\/types\/post"}],"author":[{"embeddable":true,"href":"https:\/\/lavocedelpaese.info\/index.php\/wp-json\/wp\/v2\/users\/6"}],"replies":[{"embeddable":true,"href":"https:\/\/lavocedelpaese.info\/index.php\/wp-json\/wp\/v2\/comments?post=2503"}],"version-history":[{"count":1,"href":"https:\/\/lavocedelpaese.info\/index.php\/wp-json\/wp\/v2\/posts\/2503\/revisions"}],"predecessor-version":[{"id":2505,"href":"https:\/\/lavocedelpaese.info\/index.php\/wp-json\/wp\/v2\/posts\/2503\/revisions\/2505"}],"wp:featuredmedia":[{"embeddable":true,"href":"https:\/\/lavocedelpaese.info\/index.php\/wp-json\/wp\/v2\/media\/2506"}],"wp:attachment":[{"href":"https:\/\/lavocedelpaese.info\/index.php\/wp-json\/wp\/v2\/media?parent=2503"}],"wp:term":[{"taxonomy":"category","embeddable":true,"href":"https:\/\/lavocedelpaese.info\/index.php\/wp-json\/wp\/v2\/categories?post=2503"},{"taxonomy":"post_tag","embeddable":true,"href":"https:\/\/lavocedelpaese.info\/index.php\/wp-json\/wp\/v2\/tags?post=2503"}],"curies":[{"name":"wp","href":"https:\/\/api.w.org\/{rel}","templated":true}]}}