{"id":2485,"date":"2024-06-21T18:19:38","date_gmt":"2024-06-21T18:19:38","guid":{"rendered":"https:\/\/lavocedelpaese.info\/?p=2485"},"modified":"2024-06-21T18:19:39","modified_gmt":"2024-06-21T18:19:39","slug":"teatini-in-musica-tre-concerti-estivi-a-lecce-celebrano-musica-cultura-e-inclusivita","status":"publish","type":"post","link":"https:\/\/lavocedelpaese.info\/index.php\/2024\/06\/21\/teatini-in-musica-tre-concerti-estivi-a-lecce-celebrano-musica-cultura-e-inclusivita\/","title":{"rendered":"&#8220;Teatini in Musica&#8221;: tre concerti estivi a Lecce celebrano musica, cultura e inclusivit\u00e0"},"content":{"rendered":"\n<p>La rassegna estiva &#8220;Teatini in Musica&#8221; \u00e8 un evento di grande rilievo culturale organizzato dalla Camerata Musicale Salentina, che si terr\u00e0 nel suggestivo Chiostro dei Teatini di Lecce. Questa serie di concerti, che si svolger\u00e0 nel mese di luglio, rappresenta un appuntamento ormai tradizionale nel panorama musicale leccese, realizzato in collaborazione con il Comune di Lecce nell&#8217;ambito di &#8220;Lecce in Scena&#8221; e con il contributo del Ministero della Cultura e della Regione Puglia. Sponsor dell&#8217;iniziativa \u00e8 la Banca Popolare Pugliese, che dimostra come la sinergia tra pubblico e privato sia fondamentale per la realizzazione di eventi culturali di alto livello.<\/p>\n\n\n\n<p>Il primo concerto della rassegna, previsto per l&#8217;8 luglio, \u00e8 dedicato al celebre compositore russo Sergei Rachmaninov. In questa occasione, la pianista Stefania Argentieri eseguir\u00e0 il Concerto n. 2 per pianoforte e orchestra in Do minore op. 18, uno dei capolavori del repertorio pianistico. Questo concerto, presentato per la prima volta a Mosca nel 1901 con lo stesso Rachmaninov al pianoforte e diretto da Alexandr Ziloti, \u00e8 considerato una delle prime opere mature del compositore, caratterizzata da un pathos post-romantico e da una scrittura pianistica di grande impatto emotivo. Ad accompagnare Stefania Argentieri sar\u00e0 l&#8217;Orchestra Filarmonica Pugliese diretta da Giulio Marazia. La serata proseguir\u00e0 con l&#8217;esecuzione della Sinfonia n. 9 &#8220;Dal Nuovo Mondo&#8221; di Anton\u00edn Dvor\u00e1k, un&#8217;opera che rappresenta un ponte tra le tradizioni musicali europee e quelle americane, riflettendo l&#8217;esperienza del compositore durante il suo soggiorno negli Stati Uniti.<\/p>\n\n\n\n<p>Il secondo appuntamento, fissato per il 12 luglio, vedr\u00e0 protagonista Matthew Lee con il suo &#8220;Back to Rock &amp; Love Tour&#8221;. Matthew Lee, definito dalla stampa inglese &#8220;The Genius of Rock\u2019n\u2019Roll&#8221;, \u00e8 noto per i suoi spettacoli energici e coinvolgenti. Il concerto promette di essere un viaggio attraverso i grandi classici del rock &#8216;n&#8217; roll, con brani di Elvis Presley, Little Richard, Ray Charles e Jerry Lee Lewis, arricchiti da omaggi a celebri artisti della musica italiana. La performance di Matthew Lee e della sua band sar\u00e0 caratterizzata da un mix di rock \u2018n\u2019 roll, blues, country e molto altro, offrendo al pubblico una serata di puro divertimento e grande musica.<\/p>\n\n\n\n<p>Il terzo e ultimo concerto della rassegna, in programma per il 30 luglio, sar\u00e0 nuovamente dedicato a Rachmaninov. Questa volta il pianista Gabriele De Carlo eseguir\u00e0 il Terzo Concerto per pianoforte e orchestra in Re minore op. 30, noto come &#8220;Rach 3&#8221;, un&#8217;opera famosa per la sua estrema difficolt\u00e0 esecutiva che richiede una tecnica virtuosistica e una grande resistenza fisica. Composto nel 1909, il Terzo Concerto \u00e8 uno dei lavori pi\u00f9 impegnativi del repertorio pianistico, amato sia dai pianisti che dal pubblico per la sua intensit\u00e0 emotiva e la sua complessit\u00e0 tecnica. Gabriele De Carlo sar\u00e0 accompagnato dall&#8217;Orchestra Filarmonica Pugliese diretta da Giovanni Pellegrini. La serata includer\u00e0 anche la Sinfonia in Re maggiore op. 25 &#8220;Sinfonia Classica&#8221; di Sergei Prokofiev, un&#8217;opera che rappresenta una sintesi perfetta tra lo stile classico e le innovazioni del XX secolo.<\/p>\n\n\n\n<p>&#8220;Teatini in Musica&#8221; non \u00e8 solo un evento musicale, ma anche un&#8217;iniziativa che promuove l&#8217;accessibilit\u00e0 culturale. La Camerata Musicale Salentina ha introdotto l&#8217;idea del &#8220;biglietto sospeso&#8221;, che permette a chiunque di donare un biglietto per coloro che non possono permettersi di partecipare ai concerti. Per ogni biglietto sospeso acquistato a soli 2 euro, la Camerata ne offrir\u00e0 un altro, dimostrando un forte impegno sociale nel rendere la cultura accessibile a tutti. Questa iniziativa \u00e8 in linea con l&#8217;obiettivo di creare un ambiente inclusivo e di promuovere la partecipazione a eventi culturali indipendentemente dalle condizioni economiche dei cittadini.<\/p>\n\n\n\n<p>Dal punto di vista educativo, la rassegna offre opportunit\u00e0 preziose per studenti e giovani musicisti di assistere a esibizioni di alto livello e di interagire con artisti affermati. Le esibizioni dal vivo sono complementi essenziali alla formazione accademica, fornendo esperienze dirette che arricchiscono la comprensione della musica e della sua esecuzione. Inoltre, gli sconti e le promozioni speciali per studenti, docenti e giovani sotto i 35 anni dimostrano un impegno concreto nel rendere la musica accessibile alle nuove generazioni. Infine, &#8220;Teatini in Musica&#8221; contribuisce a mantenere viva la tradizione musicale nella regione, promuovendo repertori che spaziano dal classico al contemporaneo e coinvolgendo artisti locali e internazionali. La scelta di includere opere di compositori come Rachmaninov, Dvor\u00e1k e Prokofiev garantisce un programma variegato e di grande qualit\u00e0, capace di soddisfare i gusti di un pubblico esigente e appassionato.<\/p>\n","protected":false},"excerpt":{"rendered":"<p>La rassegna estiva &#8220;Teatini in Musica&#8221; \u00e8 un evento di grande rilievo culturale organizzato dalla Camerata Musicale Salentina, che si<\/p>\n","protected":false},"author":6,"featured_media":2486,"comment_status":"open","ping_status":"closed","sticky":false,"template":"","format":"standard","meta":{"colormag_page_container_layout":"default_layout","colormag_page_sidebar_layout":"default_layout","footnotes":""},"categories":[5,34],"tags":[],"class_list":["post-2485","post","type-post","status-publish","format-standard","has-post-thumbnail","hentry","category-cultura","category-box-laterali-blocco-1"],"yoast_head":"<!-- This site is optimized with the Yoast SEO plugin v27.5 - https:\/\/yoast.com\/product\/yoast-seo-wordpress\/ -->\n<title>&quot;Teatini in Musica&quot;: tre concerti estivi a Lecce celebrano musica, cultura e inclusivit\u00e0 - La Voce del Paese<\/title>\n<meta name=\"robots\" content=\"index, follow, max-snippet:-1, max-image-preview:large, max-video-preview:-1\" \/>\n<link rel=\"canonical\" href=\"https:\/\/lavocedelpaese.info\/index.php\/2024\/06\/21\/teatini-in-musica-tre-concerti-estivi-a-lecce-celebrano-musica-cultura-e-inclusivita\/\" \/>\n<meta property=\"og:locale\" content=\"it_IT\" \/>\n<meta property=\"og:type\" content=\"article\" \/>\n<meta property=\"og:title\" content=\"&quot;Teatini in Musica&quot;: tre concerti estivi a Lecce celebrano musica, cultura e inclusivit\u00e0 - La Voce del Paese\" \/>\n<meta property=\"og:description\" content=\"La rassegna estiva &#8220;Teatini in Musica&#8221; \u00e8 un evento di grande rilievo culturale organizzato dalla Camerata Musicale Salentina, che si\" \/>\n<meta property=\"og:url\" content=\"https:\/\/lavocedelpaese.info\/index.php\/2024\/06\/21\/teatini-in-musica-tre-concerti-estivi-a-lecce-celebrano-musica-cultura-e-inclusivita\/\" \/>\n<meta property=\"og:site_name\" content=\"La Voce del Paese\" \/>\n<meta property=\"article:publisher\" content=\"https:\/\/www.facebook.com\/lavocedelpaese.info\" \/>\n<meta property=\"article:published_time\" content=\"2024-06-21T18:19:38+00:00\" \/>\n<meta property=\"article:modified_time\" content=\"2024-06-21T18:19:39+00:00\" \/>\n<meta property=\"og:image\" content=\"https:\/\/lavocedelpaese.info\/wp-content\/uploads\/2024\/06\/teatini-in-musica-1.png\" \/>\n\t<meta property=\"og:image:width\" content=\"1656\" \/>\n\t<meta property=\"og:image:height\" content=\"630\" \/>\n\t<meta property=\"og:image:type\" content=\"image\/png\" \/>\n<meta name=\"author\" content=\"admin\" \/>\n<meta name=\"twitter:card\" content=\"summary_large_image\" \/>\n<meta name=\"twitter:label1\" content=\"Scritto da\" \/>\n\t<meta name=\"twitter:data1\" content=\"admin\" \/>\n\t<meta name=\"twitter:label2\" content=\"Tempo di lettura stimato\" \/>\n\t<meta name=\"twitter:data2\" content=\"5 minuti\" \/>\n<script type=\"application\/ld+json\" class=\"yoast-schema-graph\">{\"@context\":\"https:\\\/\\\/schema.org\",\"@graph\":[{\"@type\":\"Article\",\"@id\":\"https:\\\/\\\/lavocedelpaese.info\\\/index.php\\\/2024\\\/06\\\/21\\\/teatini-in-musica-tre-concerti-estivi-a-lecce-celebrano-musica-cultura-e-inclusivita\\\/#article\",\"isPartOf\":{\"@id\":\"https:\\\/\\\/lavocedelpaese.info\\\/index.php\\\/2024\\\/06\\\/21\\\/teatini-in-musica-tre-concerti-estivi-a-lecce-celebrano-musica-cultura-e-inclusivita\\\/\"},\"author\":{\"name\":\"admin\",\"@id\":\"https:\\\/\\\/lavocedelpaese.info\\\/#\\\/schema\\\/person\\\/ec151d321306bd7591f7a061abf72d88\"},\"headline\":\"&#8220;Teatini in Musica&#8221;: tre concerti estivi a Lecce celebrano musica, cultura e inclusivit\u00e0\",\"datePublished\":\"2024-06-21T18:19:38+00:00\",\"dateModified\":\"2024-06-21T18:19:39+00:00\",\"mainEntityOfPage\":{\"@id\":\"https:\\\/\\\/lavocedelpaese.info\\\/index.php\\\/2024\\\/06\\\/21\\\/teatini-in-musica-tre-concerti-estivi-a-lecce-celebrano-musica-cultura-e-inclusivita\\\/\"},\"wordCount\":732,\"commentCount\":0,\"publisher\":{\"@id\":\"https:\\\/\\\/lavocedelpaese.info\\\/#organization\"},\"image\":{\"@id\":\"https:\\\/\\\/lavocedelpaese.info\\\/index.php\\\/2024\\\/06\\\/21\\\/teatini-in-musica-tre-concerti-estivi-a-lecce-celebrano-musica-cultura-e-inclusivita\\\/#primaryimage\"},\"thumbnailUrl\":\"https:\\\/\\\/lavocedelpaese.info\\\/wp-content\\\/uploads\\\/2024\\\/06\\\/teatini-in-musica-1.png\",\"articleSection\":[\"Cultura\",\"primo piano\"],\"inLanguage\":\"it-IT\",\"potentialAction\":[{\"@type\":\"CommentAction\",\"name\":\"Comment\",\"target\":[\"https:\\\/\\\/lavocedelpaese.info\\\/index.php\\\/2024\\\/06\\\/21\\\/teatini-in-musica-tre-concerti-estivi-a-lecce-celebrano-musica-cultura-e-inclusivita\\\/#respond\"]}]},{\"@type\":\"WebPage\",\"@id\":\"https:\\\/\\\/lavocedelpaese.info\\\/index.php\\\/2024\\\/06\\\/21\\\/teatini-in-musica-tre-concerti-estivi-a-lecce-celebrano-musica-cultura-e-inclusivita\\\/\",\"url\":\"https:\\\/\\\/lavocedelpaese.info\\\/index.php\\\/2024\\\/06\\\/21\\\/teatini-in-musica-tre-concerti-estivi-a-lecce-celebrano-musica-cultura-e-inclusivita\\\/\",\"name\":\"\\\"Teatini in Musica\\\": tre concerti estivi a Lecce celebrano musica, cultura e inclusivit\u00e0 - La Voce del Paese\",\"isPartOf\":{\"@id\":\"https:\\\/\\\/lavocedelpaese.info\\\/#website\"},\"primaryImageOfPage\":{\"@id\":\"https:\\\/\\\/lavocedelpaese.info\\\/index.php\\\/2024\\\/06\\\/21\\\/teatini-in-musica-tre-concerti-estivi-a-lecce-celebrano-musica-cultura-e-inclusivita\\\/#primaryimage\"},\"image\":{\"@id\":\"https:\\\/\\\/lavocedelpaese.info\\\/index.php\\\/2024\\\/06\\\/21\\\/teatini-in-musica-tre-concerti-estivi-a-lecce-celebrano-musica-cultura-e-inclusivita\\\/#primaryimage\"},\"thumbnailUrl\":\"https:\\\/\\\/lavocedelpaese.info\\\/wp-content\\\/uploads\\\/2024\\\/06\\\/teatini-in-musica-1.png\",\"datePublished\":\"2024-06-21T18:19:38+00:00\",\"dateModified\":\"2024-06-21T18:19:39+00:00\",\"breadcrumb\":{\"@id\":\"https:\\\/\\\/lavocedelpaese.info\\\/index.php\\\/2024\\\/06\\\/21\\\/teatini-in-musica-tre-concerti-estivi-a-lecce-celebrano-musica-cultura-e-inclusivita\\\/#breadcrumb\"},\"inLanguage\":\"it-IT\",\"potentialAction\":[{\"@type\":\"ReadAction\",\"target\":[\"https:\\\/\\\/lavocedelpaese.info\\\/index.php\\\/2024\\\/06\\\/21\\\/teatini-in-musica-tre-concerti-estivi-a-lecce-celebrano-musica-cultura-e-inclusivita\\\/\"]}]},{\"@type\":\"ImageObject\",\"inLanguage\":\"it-IT\",\"@id\":\"https:\\\/\\\/lavocedelpaese.info\\\/index.php\\\/2024\\\/06\\\/21\\\/teatini-in-musica-tre-concerti-estivi-a-lecce-celebrano-musica-cultura-e-inclusivita\\\/#primaryimage\",\"url\":\"https:\\\/\\\/lavocedelpaese.info\\\/wp-content\\\/uploads\\\/2024\\\/06\\\/teatini-in-musica-1.png\",\"contentUrl\":\"https:\\\/\\\/lavocedelpaese.info\\\/wp-content\\\/uploads\\\/2024\\\/06\\\/teatini-in-musica-1.png\",\"width\":1656,\"height\":630},{\"@type\":\"BreadcrumbList\",\"@id\":\"https:\\\/\\\/lavocedelpaese.info\\\/index.php\\\/2024\\\/06\\\/21\\\/teatini-in-musica-tre-concerti-estivi-a-lecce-celebrano-musica-cultura-e-inclusivita\\\/#breadcrumb\",\"itemListElement\":[{\"@type\":\"ListItem\",\"position\":1,\"name\":\"Home\",\"item\":\"https:\\\/\\\/lavocedelpaese.info\\\/\"},{\"@type\":\"ListItem\",\"position\":2,\"name\":\"&#8220;Teatini in Musica&#8221;: tre concerti estivi a Lecce celebrano musica, cultura e inclusivit\u00e0\"}]},{\"@type\":\"WebSite\",\"@id\":\"https:\\\/\\\/lavocedelpaese.info\\\/#website\",\"url\":\"https:\\\/\\\/lavocedelpaese.info\\\/\",\"name\":\"La Voce del Paese\",\"description\":\"Un network di idee\",\"publisher\":{\"@id\":\"https:\\\/\\\/lavocedelpaese.info\\\/#organization\"},\"potentialAction\":[{\"@type\":\"SearchAction\",\"target\":{\"@type\":\"EntryPoint\",\"urlTemplate\":\"https:\\\/\\\/lavocedelpaese.info\\\/?s={search_term_string}\"},\"query-input\":{\"@type\":\"PropertyValueSpecification\",\"valueRequired\":true,\"valueName\":\"search_term_string\"}}],\"inLanguage\":\"it-IT\"},{\"@type\":\"Organization\",\"@id\":\"https:\\\/\\\/lavocedelpaese.info\\\/#organization\",\"name\":\"La Voce del Paese\",\"url\":\"https:\\\/\\\/lavocedelpaese.info\\\/\",\"logo\":{\"@type\":\"ImageObject\",\"inLanguage\":\"it-IT\",\"@id\":\"https:\\\/\\\/lavocedelpaese.info\\\/#\\\/schema\\\/logo\\\/image\\\/\",\"url\":\"https:\\\/\\\/lavocedelpaese.info\\\/wp-content\\\/uploads\\\/2023\\\/01\\\/cropped-logo-150-127.png\",\"contentUrl\":\"https:\\\/\\\/lavocedelpaese.info\\\/wp-content\\\/uploads\\\/2023\\\/01\\\/cropped-logo-150-127.png\",\"width\":137,\"height\":119,\"caption\":\"La Voce del Paese\"},\"image\":{\"@id\":\"https:\\\/\\\/lavocedelpaese.info\\\/#\\\/schema\\\/logo\\\/image\\\/\"},\"sameAs\":[\"https:\\\/\\\/www.facebook.com\\\/lavocedelpaese.info\"]},{\"@type\":\"Person\",\"@id\":\"https:\\\/\\\/lavocedelpaese.info\\\/#\\\/schema\\\/person\\\/ec151d321306bd7591f7a061abf72d88\",\"name\":\"admin\",\"image\":{\"@type\":\"ImageObject\",\"inLanguage\":\"it-IT\",\"@id\":\"https:\\\/\\\/secure.gravatar.com\\\/avatar\\\/af8f2caf0663124588de48a9380e07cbc95a74ef15b8062d0d39106c32fe3023?s=96&d=mm&r=g\",\"url\":\"https:\\\/\\\/secure.gravatar.com\\\/avatar\\\/af8f2caf0663124588de48a9380e07cbc95a74ef15b8062d0d39106c32fe3023?s=96&d=mm&r=g\",\"contentUrl\":\"https:\\\/\\\/secure.gravatar.com\\\/avatar\\\/af8f2caf0663124588de48a9380e07cbc95a74ef15b8062d0d39106c32fe3023?s=96&d=mm&r=g\",\"caption\":\"admin\"},\"sameAs\":[\"https:\\\/\\\/lavocedelpaese.info\"],\"url\":\"https:\\\/\\\/lavocedelpaese.info\\\/index.php\\\/author\\\/admin\\\/\"}]}<\/script>\n<!-- \/ Yoast SEO plugin. -->","yoast_head_json":{"title":"\"Teatini in Musica\": tre concerti estivi a Lecce celebrano musica, cultura e inclusivit\u00e0 - La Voce del Paese","robots":{"index":"index","follow":"follow","max-snippet":"max-snippet:-1","max-image-preview":"max-image-preview:large","max-video-preview":"max-video-preview:-1"},"canonical":"https:\/\/lavocedelpaese.info\/index.php\/2024\/06\/21\/teatini-in-musica-tre-concerti-estivi-a-lecce-celebrano-musica-cultura-e-inclusivita\/","og_locale":"it_IT","og_type":"article","og_title":"\"Teatini in Musica\": tre concerti estivi a Lecce celebrano musica, cultura e inclusivit\u00e0 - La Voce del Paese","og_description":"La rassegna estiva &#8220;Teatini in Musica&#8221; \u00e8 un evento di grande rilievo culturale organizzato dalla Camerata Musicale Salentina, che si","og_url":"https:\/\/lavocedelpaese.info\/index.php\/2024\/06\/21\/teatini-in-musica-tre-concerti-estivi-a-lecce-celebrano-musica-cultura-e-inclusivita\/","og_site_name":"La Voce del Paese","article_publisher":"https:\/\/www.facebook.com\/lavocedelpaese.info","article_published_time":"2024-06-21T18:19:38+00:00","article_modified_time":"2024-06-21T18:19:39+00:00","og_image":[{"width":1656,"height":630,"url":"https:\/\/lavocedelpaese.info\/wp-content\/uploads\/2024\/06\/teatini-in-musica-1.png","type":"image\/png"}],"author":"admin","twitter_card":"summary_large_image","twitter_misc":{"Scritto da":"admin","Tempo di lettura stimato":"5 minuti"},"schema":{"@context":"https:\/\/schema.org","@graph":[{"@type":"Article","@id":"https:\/\/lavocedelpaese.info\/index.php\/2024\/06\/21\/teatini-in-musica-tre-concerti-estivi-a-lecce-celebrano-musica-cultura-e-inclusivita\/#article","isPartOf":{"@id":"https:\/\/lavocedelpaese.info\/index.php\/2024\/06\/21\/teatini-in-musica-tre-concerti-estivi-a-lecce-celebrano-musica-cultura-e-inclusivita\/"},"author":{"name":"admin","@id":"https:\/\/lavocedelpaese.info\/#\/schema\/person\/ec151d321306bd7591f7a061abf72d88"},"headline":"&#8220;Teatini in Musica&#8221;: tre concerti estivi a Lecce celebrano musica, cultura e inclusivit\u00e0","datePublished":"2024-06-21T18:19:38+00:00","dateModified":"2024-06-21T18:19:39+00:00","mainEntityOfPage":{"@id":"https:\/\/lavocedelpaese.info\/index.php\/2024\/06\/21\/teatini-in-musica-tre-concerti-estivi-a-lecce-celebrano-musica-cultura-e-inclusivita\/"},"wordCount":732,"commentCount":0,"publisher":{"@id":"https:\/\/lavocedelpaese.info\/#organization"},"image":{"@id":"https:\/\/lavocedelpaese.info\/index.php\/2024\/06\/21\/teatini-in-musica-tre-concerti-estivi-a-lecce-celebrano-musica-cultura-e-inclusivita\/#primaryimage"},"thumbnailUrl":"https:\/\/lavocedelpaese.info\/wp-content\/uploads\/2024\/06\/teatini-in-musica-1.png","articleSection":["Cultura","primo piano"],"inLanguage":"it-IT","potentialAction":[{"@type":"CommentAction","name":"Comment","target":["https:\/\/lavocedelpaese.info\/index.php\/2024\/06\/21\/teatini-in-musica-tre-concerti-estivi-a-lecce-celebrano-musica-cultura-e-inclusivita\/#respond"]}]},{"@type":"WebPage","@id":"https:\/\/lavocedelpaese.info\/index.php\/2024\/06\/21\/teatini-in-musica-tre-concerti-estivi-a-lecce-celebrano-musica-cultura-e-inclusivita\/","url":"https:\/\/lavocedelpaese.info\/index.php\/2024\/06\/21\/teatini-in-musica-tre-concerti-estivi-a-lecce-celebrano-musica-cultura-e-inclusivita\/","name":"\"Teatini in Musica\": tre concerti estivi a Lecce celebrano musica, cultura e inclusivit\u00e0 - La Voce del Paese","isPartOf":{"@id":"https:\/\/lavocedelpaese.info\/#website"},"primaryImageOfPage":{"@id":"https:\/\/lavocedelpaese.info\/index.php\/2024\/06\/21\/teatini-in-musica-tre-concerti-estivi-a-lecce-celebrano-musica-cultura-e-inclusivita\/#primaryimage"},"image":{"@id":"https:\/\/lavocedelpaese.info\/index.php\/2024\/06\/21\/teatini-in-musica-tre-concerti-estivi-a-lecce-celebrano-musica-cultura-e-inclusivita\/#primaryimage"},"thumbnailUrl":"https:\/\/lavocedelpaese.info\/wp-content\/uploads\/2024\/06\/teatini-in-musica-1.png","datePublished":"2024-06-21T18:19:38+00:00","dateModified":"2024-06-21T18:19:39+00:00","breadcrumb":{"@id":"https:\/\/lavocedelpaese.info\/index.php\/2024\/06\/21\/teatini-in-musica-tre-concerti-estivi-a-lecce-celebrano-musica-cultura-e-inclusivita\/#breadcrumb"},"inLanguage":"it-IT","potentialAction":[{"@type":"ReadAction","target":["https:\/\/lavocedelpaese.info\/index.php\/2024\/06\/21\/teatini-in-musica-tre-concerti-estivi-a-lecce-celebrano-musica-cultura-e-inclusivita\/"]}]},{"@type":"ImageObject","inLanguage":"it-IT","@id":"https:\/\/lavocedelpaese.info\/index.php\/2024\/06\/21\/teatini-in-musica-tre-concerti-estivi-a-lecce-celebrano-musica-cultura-e-inclusivita\/#primaryimage","url":"https:\/\/lavocedelpaese.info\/wp-content\/uploads\/2024\/06\/teatini-in-musica-1.png","contentUrl":"https:\/\/lavocedelpaese.info\/wp-content\/uploads\/2024\/06\/teatini-in-musica-1.png","width":1656,"height":630},{"@type":"BreadcrumbList","@id":"https:\/\/lavocedelpaese.info\/index.php\/2024\/06\/21\/teatini-in-musica-tre-concerti-estivi-a-lecce-celebrano-musica-cultura-e-inclusivita\/#breadcrumb","itemListElement":[{"@type":"ListItem","position":1,"name":"Home","item":"https:\/\/lavocedelpaese.info\/"},{"@type":"ListItem","position":2,"name":"&#8220;Teatini in Musica&#8221;: tre concerti estivi a Lecce celebrano musica, cultura e inclusivit\u00e0"}]},{"@type":"WebSite","@id":"https:\/\/lavocedelpaese.info\/#website","url":"https:\/\/lavocedelpaese.info\/","name":"La Voce del Paese","description":"Un network di idee","publisher":{"@id":"https:\/\/lavocedelpaese.info\/#organization"},"potentialAction":[{"@type":"SearchAction","target":{"@type":"EntryPoint","urlTemplate":"https:\/\/lavocedelpaese.info\/?s={search_term_string}"},"query-input":{"@type":"PropertyValueSpecification","valueRequired":true,"valueName":"search_term_string"}}],"inLanguage":"it-IT"},{"@type":"Organization","@id":"https:\/\/lavocedelpaese.info\/#organization","name":"La Voce del Paese","url":"https:\/\/lavocedelpaese.info\/","logo":{"@type":"ImageObject","inLanguage":"it-IT","@id":"https:\/\/lavocedelpaese.info\/#\/schema\/logo\/image\/","url":"https:\/\/lavocedelpaese.info\/wp-content\/uploads\/2023\/01\/cropped-logo-150-127.png","contentUrl":"https:\/\/lavocedelpaese.info\/wp-content\/uploads\/2023\/01\/cropped-logo-150-127.png","width":137,"height":119,"caption":"La Voce del Paese"},"image":{"@id":"https:\/\/lavocedelpaese.info\/#\/schema\/logo\/image\/"},"sameAs":["https:\/\/www.facebook.com\/lavocedelpaese.info"]},{"@type":"Person","@id":"https:\/\/lavocedelpaese.info\/#\/schema\/person\/ec151d321306bd7591f7a061abf72d88","name":"admin","image":{"@type":"ImageObject","inLanguage":"it-IT","@id":"https:\/\/secure.gravatar.com\/avatar\/af8f2caf0663124588de48a9380e07cbc95a74ef15b8062d0d39106c32fe3023?s=96&d=mm&r=g","url":"https:\/\/secure.gravatar.com\/avatar\/af8f2caf0663124588de48a9380e07cbc95a74ef15b8062d0d39106c32fe3023?s=96&d=mm&r=g","contentUrl":"https:\/\/secure.gravatar.com\/avatar\/af8f2caf0663124588de48a9380e07cbc95a74ef15b8062d0d39106c32fe3023?s=96&d=mm&r=g","caption":"admin"},"sameAs":["https:\/\/lavocedelpaese.info"],"url":"https:\/\/lavocedelpaese.info\/index.php\/author\/admin\/"}]}},"_links":{"self":[{"href":"https:\/\/lavocedelpaese.info\/index.php\/wp-json\/wp\/v2\/posts\/2485","targetHints":{"allow":["GET"]}}],"collection":[{"href":"https:\/\/lavocedelpaese.info\/index.php\/wp-json\/wp\/v2\/posts"}],"about":[{"href":"https:\/\/lavocedelpaese.info\/index.php\/wp-json\/wp\/v2\/types\/post"}],"author":[{"embeddable":true,"href":"https:\/\/lavocedelpaese.info\/index.php\/wp-json\/wp\/v2\/users\/6"}],"replies":[{"embeddable":true,"href":"https:\/\/lavocedelpaese.info\/index.php\/wp-json\/wp\/v2\/comments?post=2485"}],"version-history":[{"count":1,"href":"https:\/\/lavocedelpaese.info\/index.php\/wp-json\/wp\/v2\/posts\/2485\/revisions"}],"predecessor-version":[{"id":2487,"href":"https:\/\/lavocedelpaese.info\/index.php\/wp-json\/wp\/v2\/posts\/2485\/revisions\/2487"}],"wp:featuredmedia":[{"embeddable":true,"href":"https:\/\/lavocedelpaese.info\/index.php\/wp-json\/wp\/v2\/media\/2486"}],"wp:attachment":[{"href":"https:\/\/lavocedelpaese.info\/index.php\/wp-json\/wp\/v2\/media?parent=2485"}],"wp:term":[{"taxonomy":"category","embeddable":true,"href":"https:\/\/lavocedelpaese.info\/index.php\/wp-json\/wp\/v2\/categories?post=2485"},{"taxonomy":"post_tag","embeddable":true,"href":"https:\/\/lavocedelpaese.info\/index.php\/wp-json\/wp\/v2\/tags?post=2485"}],"curies":[{"name":"wp","href":"https:\/\/api.w.org\/{rel}","templated":true}]}}