{"id":2479,"date":"2024-06-21T18:08:20","date_gmt":"2024-06-21T18:08:20","guid":{"rendered":"https:\/\/lavocedelpaese.info\/?p=2479"},"modified":"2024-06-21T18:08:21","modified_gmt":"2024-06-21T18:08:21","slug":"al-via-loperazione-mare-e-laghi-sicuri-2024","status":"publish","type":"post","link":"https:\/\/lavocedelpaese.info\/index.php\/2024\/06\/21\/al-via-loperazione-mare-e-laghi-sicuri-2024\/","title":{"rendered":"Al via l\u2019operazione &#8216;Mare e Laghi Sicuri 2024&#8217;"},"content":{"rendered":"\n<h4 class=\"wp-block-heading\"><strong>La Guardia Costiera in Campo per la Sicurezza e la Tutela Ambientale<\/strong><\/h4>\n\n\n\n<p>L&#8217;operazione estiva della Guardia Costiera, denominata &#8220;Mare e laghi sicuri 2024&#8221;, iniziata il 15 giugno, proseguir\u00e0 fino al 15 settembre.<\/p>\n\n\n\n<p>L&#8217;iniziativa vede impegnati 3.000 donne e uomini del Corpo, oltre 400 mezzi navali e 16 mezzi aerei nel presidiare le coste e i laghi maggiori italiani, per garantire la sicurezza di bagnanti, diportisti e subacquei. Particolare attenzione sar\u00e0 dedicata alla tutela dell&#8217;ambiente e alla prevenzione dell&#8217;occupazione illecita delle aree demaniali.<\/p>\n\n\n\n<p>L&#8217;operazione si svolge anche in Puglia e Basilicata Ionica, dove lo scorso anno sono state salvate 172 persone e restituite alla collettivit\u00e0 oltre 36.000 metri quadrati di spiagge illecitamente occupate.<\/p>\n\n\n\n<p>Gli obiettivi di quest&#8217;anno includono il miglioramento della sicurezza delle attivit\u00e0 marittime e costiere e la promozione della cultura e della conoscenza del sistema costiero regionale, in linea con la legge regionale n. 15\/2024 e il protocollo d&#8217;intesa tra la Regione Puglia e il Comando generale delle Capitanerie di porto.<\/p>\n\n\n\n<p>L&#8217;operazione &#8220;Mare e laghi sicuri 2024&#8221; della Guardia Costiera \u00e8 un esempio di impegno istituzionale per garantire la sicurezza dei cittadini durante il periodo estivo, quando l&#8217;afflusso di bagnanti, diportisti e subacquei sulle coste e sui laghi italiani \u00e8 al massimo. La presenza di 3.000 membri del Corpo, supportati da oltre 400 mezzi navali e 16 mezzi aerei, rappresenta un dispiegamento significativo di risorse. Questo non solo assicura interventi rapidi in caso di emergenze, ma anche una sorveglianza costante che pu\u00f2 prevenire incidenti e situazioni pericolose.<\/p>\n\n\n\n<p>La giornata regionale della costa, istituita dalla legge regionale, e le varie iniziative collegate, come manifestazioni e incontri di approfondimento, promuovono la cultura del rispetto e della conoscenza del patrimonio costiero. Questo tipo di collaborazione dimostra come le politiche regionali possano integrarsi efficacemente con le operazioni nazionali per ottenere risultati tangibili e duraturi.<\/p>\n\n\n\n<p>Le operazioni di sicurezza e tutela ambientale hanno anche importanti implicazioni economiche. Le coste italiane sono una risorsa chiave per il turismo, che rappresenta una parte significativa dell&#8217;economia nazionale. Garantire la sicurezza dei turisti e la qualit\u00e0 ambientale delle spiagge pu\u00f2 attrarre pi\u00f9 visitatori e favorire lo sviluppo economico delle regioni costiere. Inoltre, la prevenzione delle occupazioni illecite e il mantenimento della fruibilit\u00e0 delle spiagge per la collettivit\u00e0 possono stimolare attivit\u00e0 economiche locali, come il commercio e la ristorazione, che beneficiano dell&#8217;afflusso di turisti.<\/p>\n\n\n\n<p>Un&#8217;altra implicazione rilevante riguarda l&#8217;educazione e la sensibilizzazione pubblica. Le iniziative legate alla giornata regionale della costa e le attivit\u00e0 di promozione della conoscenza del sistema costiero contribuiscono a creare una cultura di rispetto e protezione dell&#8217;ambiente marino. Educare le giovani generazioni e l&#8217;opinione pubblica sull&#8217;importanza della tutela costiera pu\u00f2 avere effetti positivi a lungo termine, promuovendo comportamenti sostenibili e responsabili.<\/p>\n\n\n\n<p>La protezione e la valorizzazione delle coste e dei laghi italiani hanno anche significative implicazioni sociali. Le spiagge e i laghi sono spazi pubblici che offrono opportunit\u00e0 di svago e ricreazione per tutte le fasce della popolazione. Garantire la sicurezza e la qualit\u00e0 di questi spazi contribuisce al benessere generale dei cittadini. Inoltre, le operazioni della Guardia Costiera possono rafforzare il senso di sicurezza e fiducia nella capacit\u00e0 delle istituzioni di proteggere e gestire efficacemente le risorse pubbliche.<\/p>\n\n\n\n<p>Nonostante gli evidenti benefici, l&#8217;operazione &#8220;Mare e laghi sicuri 2024&#8221; comporta anche alcune sfide. La vasta estensione del territorio da coprire (8.000 km di coste) richiede un coordinamento efficiente e l&#8217;ottimizzazione delle risorse. Inoltre, la prevenzione e il contrasto delle occupazioni illecite delle aree demaniali possono incontrare resistenze da parte di interessi privati consolidati. \u00c8 essenziale che le operazioni siano condotte con trasparenza e rispetto delle leggi per evitare conflitti e garantire l&#8217;efficacia delle misure adottate.<\/p>\n","protected":false},"excerpt":{"rendered":"<p>La Guardia Costiera in Campo per la Sicurezza e la Tutela Ambientale L&#8217;operazione estiva della Guardia Costiera, denominata &#8220;Mare e<\/p>\n","protected":false},"author":6,"featured_media":2480,"comment_status":"open","ping_status":"closed","sticky":false,"template":"","format":"standard","meta":{"colormag_page_container_layout":"default_layout","colormag_page_sidebar_layout":"default_layout","footnotes":""},"categories":[2,34],"tags":[],"class_list":["post-2479","post","type-post","status-publish","format-standard","has-post-thumbnail","hentry","category-attualita","category-box-laterali-blocco-1"],"yoast_head":"<!-- This site is optimized with the Yoast SEO plugin v27.5 - https:\/\/yoast.com\/product\/yoast-seo-wordpress\/ -->\n<title>Al via l\u2019operazione &#039;Mare e Laghi Sicuri 2024&#039; - La Voce del Paese<\/title>\n<meta name=\"robots\" content=\"index, follow, max-snippet:-1, max-image-preview:large, max-video-preview:-1\" \/>\n<link rel=\"canonical\" href=\"https:\/\/lavocedelpaese.info\/index.php\/2024\/06\/21\/al-via-loperazione-mare-e-laghi-sicuri-2024\/\" \/>\n<meta property=\"og:locale\" content=\"it_IT\" \/>\n<meta property=\"og:type\" content=\"article\" \/>\n<meta property=\"og:title\" content=\"Al via l\u2019operazione &#039;Mare e Laghi Sicuri 2024&#039; - La Voce del Paese\" \/>\n<meta property=\"og:description\" content=\"La Guardia Costiera in Campo per la Sicurezza e la Tutela Ambientale L&#8217;operazione estiva della Guardia Costiera, denominata &#8220;Mare e\" \/>\n<meta property=\"og:url\" content=\"https:\/\/lavocedelpaese.info\/index.php\/2024\/06\/21\/al-via-loperazione-mare-e-laghi-sicuri-2024\/\" \/>\n<meta property=\"og:site_name\" content=\"La Voce del Paese\" \/>\n<meta property=\"article:publisher\" content=\"https:\/\/www.facebook.com\/lavocedelpaese.info\" \/>\n<meta property=\"article:published_time\" content=\"2024-06-21T18:08:20+00:00\" \/>\n<meta property=\"article:modified_time\" content=\"2024-06-21T18:08:21+00:00\" \/>\n<meta property=\"og:image\" content=\"https:\/\/lavocedelpaese.info\/wp-content\/uploads\/2024\/06\/guardia-costiera.jpg\" \/>\n\t<meta property=\"og:image:width\" content=\"768\" \/>\n\t<meta property=\"og:image:height\" content=\"512\" \/>\n\t<meta property=\"og:image:type\" content=\"image\/jpeg\" \/>\n<meta name=\"author\" content=\"admin\" \/>\n<meta name=\"twitter:card\" content=\"summary_large_image\" \/>\n<meta name=\"twitter:label1\" content=\"Scritto da\" \/>\n\t<meta name=\"twitter:data1\" content=\"admin\" \/>\n\t<meta name=\"twitter:label2\" content=\"Tempo di lettura stimato\" \/>\n\t<meta name=\"twitter:data2\" content=\"4 minuti\" \/>\n<script type=\"application\/ld+json\" class=\"yoast-schema-graph\">{\"@context\":\"https:\\\/\\\/schema.org\",\"@graph\":[{\"@type\":\"Article\",\"@id\":\"https:\\\/\\\/lavocedelpaese.info\\\/index.php\\\/2024\\\/06\\\/21\\\/al-via-loperazione-mare-e-laghi-sicuri-2024\\\/#article\",\"isPartOf\":{\"@id\":\"https:\\\/\\\/lavocedelpaese.info\\\/index.php\\\/2024\\\/06\\\/21\\\/al-via-loperazione-mare-e-laghi-sicuri-2024\\\/\"},\"author\":{\"name\":\"admin\",\"@id\":\"https:\\\/\\\/lavocedelpaese.info\\\/#\\\/schema\\\/person\\\/ec151d321306bd7591f7a061abf72d88\"},\"headline\":\"Al via l\u2019operazione &#8216;Mare e Laghi Sicuri 2024&#8217;\",\"datePublished\":\"2024-06-21T18:08:20+00:00\",\"dateModified\":\"2024-06-21T18:08:21+00:00\",\"mainEntityOfPage\":{\"@id\":\"https:\\\/\\\/lavocedelpaese.info\\\/index.php\\\/2024\\\/06\\\/21\\\/al-via-loperazione-mare-e-laghi-sicuri-2024\\\/\"},\"wordCount\":609,\"commentCount\":0,\"publisher\":{\"@id\":\"https:\\\/\\\/lavocedelpaese.info\\\/#organization\"},\"image\":{\"@id\":\"https:\\\/\\\/lavocedelpaese.info\\\/index.php\\\/2024\\\/06\\\/21\\\/al-via-loperazione-mare-e-laghi-sicuri-2024\\\/#primaryimage\"},\"thumbnailUrl\":\"https:\\\/\\\/lavocedelpaese.info\\\/wp-content\\\/uploads\\\/2024\\\/06\\\/guardia-costiera.jpg\",\"articleSection\":[\"Attualit\u00e0\",\"primo piano\"],\"inLanguage\":\"it-IT\",\"potentialAction\":[{\"@type\":\"CommentAction\",\"name\":\"Comment\",\"target\":[\"https:\\\/\\\/lavocedelpaese.info\\\/index.php\\\/2024\\\/06\\\/21\\\/al-via-loperazione-mare-e-laghi-sicuri-2024\\\/#respond\"]}]},{\"@type\":\"WebPage\",\"@id\":\"https:\\\/\\\/lavocedelpaese.info\\\/index.php\\\/2024\\\/06\\\/21\\\/al-via-loperazione-mare-e-laghi-sicuri-2024\\\/\",\"url\":\"https:\\\/\\\/lavocedelpaese.info\\\/index.php\\\/2024\\\/06\\\/21\\\/al-via-loperazione-mare-e-laghi-sicuri-2024\\\/\",\"name\":\"Al via l\u2019operazione 'Mare e Laghi Sicuri 2024' - La Voce del Paese\",\"isPartOf\":{\"@id\":\"https:\\\/\\\/lavocedelpaese.info\\\/#website\"},\"primaryImageOfPage\":{\"@id\":\"https:\\\/\\\/lavocedelpaese.info\\\/index.php\\\/2024\\\/06\\\/21\\\/al-via-loperazione-mare-e-laghi-sicuri-2024\\\/#primaryimage\"},\"image\":{\"@id\":\"https:\\\/\\\/lavocedelpaese.info\\\/index.php\\\/2024\\\/06\\\/21\\\/al-via-loperazione-mare-e-laghi-sicuri-2024\\\/#primaryimage\"},\"thumbnailUrl\":\"https:\\\/\\\/lavocedelpaese.info\\\/wp-content\\\/uploads\\\/2024\\\/06\\\/guardia-costiera.jpg\",\"datePublished\":\"2024-06-21T18:08:20+00:00\",\"dateModified\":\"2024-06-21T18:08:21+00:00\",\"breadcrumb\":{\"@id\":\"https:\\\/\\\/lavocedelpaese.info\\\/index.php\\\/2024\\\/06\\\/21\\\/al-via-loperazione-mare-e-laghi-sicuri-2024\\\/#breadcrumb\"},\"inLanguage\":\"it-IT\",\"potentialAction\":[{\"@type\":\"ReadAction\",\"target\":[\"https:\\\/\\\/lavocedelpaese.info\\\/index.php\\\/2024\\\/06\\\/21\\\/al-via-loperazione-mare-e-laghi-sicuri-2024\\\/\"]}]},{\"@type\":\"ImageObject\",\"inLanguage\":\"it-IT\",\"@id\":\"https:\\\/\\\/lavocedelpaese.info\\\/index.php\\\/2024\\\/06\\\/21\\\/al-via-loperazione-mare-e-laghi-sicuri-2024\\\/#primaryimage\",\"url\":\"https:\\\/\\\/lavocedelpaese.info\\\/wp-content\\\/uploads\\\/2024\\\/06\\\/guardia-costiera.jpg\",\"contentUrl\":\"https:\\\/\\\/lavocedelpaese.info\\\/wp-content\\\/uploads\\\/2024\\\/06\\\/guardia-costiera.jpg\",\"width\":768,\"height\":512},{\"@type\":\"BreadcrumbList\",\"@id\":\"https:\\\/\\\/lavocedelpaese.info\\\/index.php\\\/2024\\\/06\\\/21\\\/al-via-loperazione-mare-e-laghi-sicuri-2024\\\/#breadcrumb\",\"itemListElement\":[{\"@type\":\"ListItem\",\"position\":1,\"name\":\"Home\",\"item\":\"https:\\\/\\\/lavocedelpaese.info\\\/\"},{\"@type\":\"ListItem\",\"position\":2,\"name\":\"Al via l\u2019operazione &#8216;Mare e Laghi Sicuri 2024&#8217;\"}]},{\"@type\":\"WebSite\",\"@id\":\"https:\\\/\\\/lavocedelpaese.info\\\/#website\",\"url\":\"https:\\\/\\\/lavocedelpaese.info\\\/\",\"name\":\"La Voce del Paese\",\"description\":\"Un network di idee\",\"publisher\":{\"@id\":\"https:\\\/\\\/lavocedelpaese.info\\\/#organization\"},\"potentialAction\":[{\"@type\":\"SearchAction\",\"target\":{\"@type\":\"EntryPoint\",\"urlTemplate\":\"https:\\\/\\\/lavocedelpaese.info\\\/?s={search_term_string}\"},\"query-input\":{\"@type\":\"PropertyValueSpecification\",\"valueRequired\":true,\"valueName\":\"search_term_string\"}}],\"inLanguage\":\"it-IT\"},{\"@type\":\"Organization\",\"@id\":\"https:\\\/\\\/lavocedelpaese.info\\\/#organization\",\"name\":\"La Voce del Paese\",\"url\":\"https:\\\/\\\/lavocedelpaese.info\\\/\",\"logo\":{\"@type\":\"ImageObject\",\"inLanguage\":\"it-IT\",\"@id\":\"https:\\\/\\\/lavocedelpaese.info\\\/#\\\/schema\\\/logo\\\/image\\\/\",\"url\":\"https:\\\/\\\/lavocedelpaese.info\\\/wp-content\\\/uploads\\\/2023\\\/01\\\/cropped-logo-150-127.png\",\"contentUrl\":\"https:\\\/\\\/lavocedelpaese.info\\\/wp-content\\\/uploads\\\/2023\\\/01\\\/cropped-logo-150-127.png\",\"width\":137,\"height\":119,\"caption\":\"La Voce del Paese\"},\"image\":{\"@id\":\"https:\\\/\\\/lavocedelpaese.info\\\/#\\\/schema\\\/logo\\\/image\\\/\"},\"sameAs\":[\"https:\\\/\\\/www.facebook.com\\\/lavocedelpaese.info\"]},{\"@type\":\"Person\",\"@id\":\"https:\\\/\\\/lavocedelpaese.info\\\/#\\\/schema\\\/person\\\/ec151d321306bd7591f7a061abf72d88\",\"name\":\"admin\",\"image\":{\"@type\":\"ImageObject\",\"inLanguage\":\"it-IT\",\"@id\":\"https:\\\/\\\/secure.gravatar.com\\\/avatar\\\/af8f2caf0663124588de48a9380e07cbc95a74ef15b8062d0d39106c32fe3023?s=96&d=mm&r=g\",\"url\":\"https:\\\/\\\/secure.gravatar.com\\\/avatar\\\/af8f2caf0663124588de48a9380e07cbc95a74ef15b8062d0d39106c32fe3023?s=96&d=mm&r=g\",\"contentUrl\":\"https:\\\/\\\/secure.gravatar.com\\\/avatar\\\/af8f2caf0663124588de48a9380e07cbc95a74ef15b8062d0d39106c32fe3023?s=96&d=mm&r=g\",\"caption\":\"admin\"},\"sameAs\":[\"https:\\\/\\\/lavocedelpaese.info\"],\"url\":\"https:\\\/\\\/lavocedelpaese.info\\\/index.php\\\/author\\\/admin\\\/\"}]}<\/script>\n<!-- \/ Yoast SEO plugin. -->","yoast_head_json":{"title":"Al via l\u2019operazione 'Mare e Laghi Sicuri 2024' - La Voce del Paese","robots":{"index":"index","follow":"follow","max-snippet":"max-snippet:-1","max-image-preview":"max-image-preview:large","max-video-preview":"max-video-preview:-1"},"canonical":"https:\/\/lavocedelpaese.info\/index.php\/2024\/06\/21\/al-via-loperazione-mare-e-laghi-sicuri-2024\/","og_locale":"it_IT","og_type":"article","og_title":"Al via l\u2019operazione 'Mare e Laghi Sicuri 2024' - La Voce del Paese","og_description":"La Guardia Costiera in Campo per la Sicurezza e la Tutela Ambientale L&#8217;operazione estiva della Guardia Costiera, denominata &#8220;Mare e","og_url":"https:\/\/lavocedelpaese.info\/index.php\/2024\/06\/21\/al-via-loperazione-mare-e-laghi-sicuri-2024\/","og_site_name":"La Voce del Paese","article_publisher":"https:\/\/www.facebook.com\/lavocedelpaese.info","article_published_time":"2024-06-21T18:08:20+00:00","article_modified_time":"2024-06-21T18:08:21+00:00","og_image":[{"width":768,"height":512,"url":"https:\/\/lavocedelpaese.info\/wp-content\/uploads\/2024\/06\/guardia-costiera.jpg","type":"image\/jpeg"}],"author":"admin","twitter_card":"summary_large_image","twitter_misc":{"Scritto da":"admin","Tempo di lettura stimato":"4 minuti"},"schema":{"@context":"https:\/\/schema.org","@graph":[{"@type":"Article","@id":"https:\/\/lavocedelpaese.info\/index.php\/2024\/06\/21\/al-via-loperazione-mare-e-laghi-sicuri-2024\/#article","isPartOf":{"@id":"https:\/\/lavocedelpaese.info\/index.php\/2024\/06\/21\/al-via-loperazione-mare-e-laghi-sicuri-2024\/"},"author":{"name":"admin","@id":"https:\/\/lavocedelpaese.info\/#\/schema\/person\/ec151d321306bd7591f7a061abf72d88"},"headline":"Al via l\u2019operazione &#8216;Mare e Laghi Sicuri 2024&#8217;","datePublished":"2024-06-21T18:08:20+00:00","dateModified":"2024-06-21T18:08:21+00:00","mainEntityOfPage":{"@id":"https:\/\/lavocedelpaese.info\/index.php\/2024\/06\/21\/al-via-loperazione-mare-e-laghi-sicuri-2024\/"},"wordCount":609,"commentCount":0,"publisher":{"@id":"https:\/\/lavocedelpaese.info\/#organization"},"image":{"@id":"https:\/\/lavocedelpaese.info\/index.php\/2024\/06\/21\/al-via-loperazione-mare-e-laghi-sicuri-2024\/#primaryimage"},"thumbnailUrl":"https:\/\/lavocedelpaese.info\/wp-content\/uploads\/2024\/06\/guardia-costiera.jpg","articleSection":["Attualit\u00e0","primo piano"],"inLanguage":"it-IT","potentialAction":[{"@type":"CommentAction","name":"Comment","target":["https:\/\/lavocedelpaese.info\/index.php\/2024\/06\/21\/al-via-loperazione-mare-e-laghi-sicuri-2024\/#respond"]}]},{"@type":"WebPage","@id":"https:\/\/lavocedelpaese.info\/index.php\/2024\/06\/21\/al-via-loperazione-mare-e-laghi-sicuri-2024\/","url":"https:\/\/lavocedelpaese.info\/index.php\/2024\/06\/21\/al-via-loperazione-mare-e-laghi-sicuri-2024\/","name":"Al via l\u2019operazione 'Mare e Laghi Sicuri 2024' - La Voce del Paese","isPartOf":{"@id":"https:\/\/lavocedelpaese.info\/#website"},"primaryImageOfPage":{"@id":"https:\/\/lavocedelpaese.info\/index.php\/2024\/06\/21\/al-via-loperazione-mare-e-laghi-sicuri-2024\/#primaryimage"},"image":{"@id":"https:\/\/lavocedelpaese.info\/index.php\/2024\/06\/21\/al-via-loperazione-mare-e-laghi-sicuri-2024\/#primaryimage"},"thumbnailUrl":"https:\/\/lavocedelpaese.info\/wp-content\/uploads\/2024\/06\/guardia-costiera.jpg","datePublished":"2024-06-21T18:08:20+00:00","dateModified":"2024-06-21T18:08:21+00:00","breadcrumb":{"@id":"https:\/\/lavocedelpaese.info\/index.php\/2024\/06\/21\/al-via-loperazione-mare-e-laghi-sicuri-2024\/#breadcrumb"},"inLanguage":"it-IT","potentialAction":[{"@type":"ReadAction","target":["https:\/\/lavocedelpaese.info\/index.php\/2024\/06\/21\/al-via-loperazione-mare-e-laghi-sicuri-2024\/"]}]},{"@type":"ImageObject","inLanguage":"it-IT","@id":"https:\/\/lavocedelpaese.info\/index.php\/2024\/06\/21\/al-via-loperazione-mare-e-laghi-sicuri-2024\/#primaryimage","url":"https:\/\/lavocedelpaese.info\/wp-content\/uploads\/2024\/06\/guardia-costiera.jpg","contentUrl":"https:\/\/lavocedelpaese.info\/wp-content\/uploads\/2024\/06\/guardia-costiera.jpg","width":768,"height":512},{"@type":"BreadcrumbList","@id":"https:\/\/lavocedelpaese.info\/index.php\/2024\/06\/21\/al-via-loperazione-mare-e-laghi-sicuri-2024\/#breadcrumb","itemListElement":[{"@type":"ListItem","position":1,"name":"Home","item":"https:\/\/lavocedelpaese.info\/"},{"@type":"ListItem","position":2,"name":"Al via l\u2019operazione &#8216;Mare e Laghi Sicuri 2024&#8217;"}]},{"@type":"WebSite","@id":"https:\/\/lavocedelpaese.info\/#website","url":"https:\/\/lavocedelpaese.info\/","name":"La Voce del Paese","description":"Un network di idee","publisher":{"@id":"https:\/\/lavocedelpaese.info\/#organization"},"potentialAction":[{"@type":"SearchAction","target":{"@type":"EntryPoint","urlTemplate":"https:\/\/lavocedelpaese.info\/?s={search_term_string}"},"query-input":{"@type":"PropertyValueSpecification","valueRequired":true,"valueName":"search_term_string"}}],"inLanguage":"it-IT"},{"@type":"Organization","@id":"https:\/\/lavocedelpaese.info\/#organization","name":"La Voce del Paese","url":"https:\/\/lavocedelpaese.info\/","logo":{"@type":"ImageObject","inLanguage":"it-IT","@id":"https:\/\/lavocedelpaese.info\/#\/schema\/logo\/image\/","url":"https:\/\/lavocedelpaese.info\/wp-content\/uploads\/2023\/01\/cropped-logo-150-127.png","contentUrl":"https:\/\/lavocedelpaese.info\/wp-content\/uploads\/2023\/01\/cropped-logo-150-127.png","width":137,"height":119,"caption":"La Voce del Paese"},"image":{"@id":"https:\/\/lavocedelpaese.info\/#\/schema\/logo\/image\/"},"sameAs":["https:\/\/www.facebook.com\/lavocedelpaese.info"]},{"@type":"Person","@id":"https:\/\/lavocedelpaese.info\/#\/schema\/person\/ec151d321306bd7591f7a061abf72d88","name":"admin","image":{"@type":"ImageObject","inLanguage":"it-IT","@id":"https:\/\/secure.gravatar.com\/avatar\/af8f2caf0663124588de48a9380e07cbc95a74ef15b8062d0d39106c32fe3023?s=96&d=mm&r=g","url":"https:\/\/secure.gravatar.com\/avatar\/af8f2caf0663124588de48a9380e07cbc95a74ef15b8062d0d39106c32fe3023?s=96&d=mm&r=g","contentUrl":"https:\/\/secure.gravatar.com\/avatar\/af8f2caf0663124588de48a9380e07cbc95a74ef15b8062d0d39106c32fe3023?s=96&d=mm&r=g","caption":"admin"},"sameAs":["https:\/\/lavocedelpaese.info"],"url":"https:\/\/lavocedelpaese.info\/index.php\/author\/admin\/"}]}},"_links":{"self":[{"href":"https:\/\/lavocedelpaese.info\/index.php\/wp-json\/wp\/v2\/posts\/2479","targetHints":{"allow":["GET"]}}],"collection":[{"href":"https:\/\/lavocedelpaese.info\/index.php\/wp-json\/wp\/v2\/posts"}],"about":[{"href":"https:\/\/lavocedelpaese.info\/index.php\/wp-json\/wp\/v2\/types\/post"}],"author":[{"embeddable":true,"href":"https:\/\/lavocedelpaese.info\/index.php\/wp-json\/wp\/v2\/users\/6"}],"replies":[{"embeddable":true,"href":"https:\/\/lavocedelpaese.info\/index.php\/wp-json\/wp\/v2\/comments?post=2479"}],"version-history":[{"count":1,"href":"https:\/\/lavocedelpaese.info\/index.php\/wp-json\/wp\/v2\/posts\/2479\/revisions"}],"predecessor-version":[{"id":2481,"href":"https:\/\/lavocedelpaese.info\/index.php\/wp-json\/wp\/v2\/posts\/2479\/revisions\/2481"}],"wp:featuredmedia":[{"embeddable":true,"href":"https:\/\/lavocedelpaese.info\/index.php\/wp-json\/wp\/v2\/media\/2480"}],"wp:attachment":[{"href":"https:\/\/lavocedelpaese.info\/index.php\/wp-json\/wp\/v2\/media?parent=2479"}],"wp:term":[{"taxonomy":"category","embeddable":true,"href":"https:\/\/lavocedelpaese.info\/index.php\/wp-json\/wp\/v2\/categories?post=2479"},{"taxonomy":"post_tag","embeddable":true,"href":"https:\/\/lavocedelpaese.info\/index.php\/wp-json\/wp\/v2\/tags?post=2479"}],"curies":[{"name":"wp","href":"https:\/\/api.w.org\/{rel}","templated":true}]}}